{"id":237765,"date":"2022-01-05T16:10:50","date_gmt":"2022-01-05T21:10:50","guid":{"rendered":"https:\/\/www.fiscalia.gov.co\/colombia\/?p=237765"},"modified":"2022-01-07T09:24:55","modified_gmt":"2022-01-07T14:24:55","slug":"a-la-carcel-pareja-que-habria-ofrecido-dinero-a-policiales-para-evitar-captura-por-porte-ilegal-de-armas-de-fuego","status":"publish","type":"post","link":"https:\/\/www.fiscalia.gov.co\/colombia\/noticias\/a-la-carcel-pareja-que-habria-ofrecido-dinero-a-policiales-para-evitar-captura-por-porte-ilegal-de-armas-de-fuego\/","title":{"rendered":"A la c\u00e1rcel pareja que habr\u00eda ofrecido dinero a policiales para evitar captura por porte ilegal de armas de fuego"},"content":{"rendered":"<p>Una pareja identificada como Eider Stiven Riascos Rodr\u00edguez y Mar\u00eda Patricia Ortiz Alois fueron enviados a la c\u00e1rcel como presuntos responsables de portar un arma de fuego tipo rev\u00f3lver y, supuestamente, ofrecer dinero a las autoridades para evitar ser capturados en el municipio de Barbacoas (Nari\u00f1o).<\/p>\n<figure id=\"attachment_237766\" aria-describedby=\"caption-attachment-237766\" style=\"width: 905px\" class=\"wp-caption alignnone\"><img loading=\"lazy\" decoding=\"async\" class=\"size-full wp-image-237766\" src=\"https:\/\/www.fiscalia.gov.co\/colombia\/wp-content\/uploads\/Eider-Stiven-Riascos-Rodr\u00edguez-y-Mar\u00eda-Patricia-Ortiz-Alois.-Porte-ilegal-de-armas-de-fuego-y-cohecho-por-dar-u-ofrecer.-Barbac\u00f3as-Nari\u00f1o..jpg\" alt=\"\" width=\"905\" height=\"720\" srcset=\"https:\/\/www.fiscalia.gov.co\/colombia\/wp-content\/uploads\/Eider-Stiven-Riascos-Rodr\u00edguez-y-Mar\u00eda-Patricia-Ortiz-Alois.-Porte-ilegal-de-armas-de-fuego-y-cohecho-por-dar-u-ofrecer.-Barbac\u00f3as-Nari\u00f1o..jpg 905w, https:\/\/www.fiscalia.gov.co\/colombia\/wp-content\/uploads\/Eider-Stiven-Riascos-Rodr\u00edguez-y-Mar\u00eda-Patricia-Ortiz-Alois.-Porte-ilegal-de-armas-de-fuego-y-cohecho-por-dar-u-ofrecer.-Barbac\u00f3as-Nari\u00f1o.-300x239.jpg 300w, https:\/\/www.fiscalia.gov.co\/colombia\/wp-content\/uploads\/Eider-Stiven-Riascos-Rodr\u00edguez-y-Mar\u00eda-Patricia-Ortiz-Alois.-Porte-ilegal-de-armas-de-fuego-y-cohecho-por-dar-u-ofrecer.-Barbac\u00f3as-Nari\u00f1o.-768x611.jpg 768w, https:\/\/www.fiscalia.gov.co\/colombia\/wp-content\/uploads\/Eider-Stiven-Riascos-Rodr\u00edguez-y-Mar\u00eda-Patricia-Ortiz-Alois.-Porte-ilegal-de-armas-de-fuego-y-cohecho-por-dar-u-ofrecer.-Barbac\u00f3as-Nari\u00f1o.-696x554.jpg 696w, https:\/\/www.fiscalia.gov.co\/colombia\/wp-content\/uploads\/Eider-Stiven-Riascos-Rodr\u00edguez-y-Mar\u00eda-Patricia-Ortiz-Alois.-Porte-ilegal-de-armas-de-fuego-y-cohecho-por-dar-u-ofrecer.-Barbac\u00f3as-Nari\u00f1o.-528x420.jpg 528w\" sizes=\"auto, (max-width: 905px) 100vw, 905px\" \/><figcaption id=\"caption-attachment-237766\" class=\"wp-caption-text\">Eider Stiven Riascos Rodr\u00edguez y Mar\u00eda Patricia Ortiz Alois enviados a la c\u00e1rcel como presuntos responsables de ofrecer dinero a las autoridades para no ser capturados por porte ilegal de armas de fuego, en Barbacoas (Nari\u00f1o).<\/figcaption><\/figure>\n<p>As\u00ed lo decidi\u00f3 un juez de control de garant\u00edas luego de acoger la solicitud de la Fiscal\u00eda General de la Naci\u00f3n, luego de la captura en flagrancia en un puesto de control de la Polic\u00eda y el Ej\u00e9rcito Nacional, en una v\u00eda p\u00fablica del municipio en menci\u00f3n.<\/p>\n<p>Seg\u00fan la Fiscal\u00eda, la pareja transitaba por una v\u00eda p\u00fablica de esa localidad, y ante la presencia de las autoridades Riascos Rodr\u00edguez habr\u00eda entregado un malet\u00edn a Ortiz Alois, de manera sospechosa. Cuando se procedi\u00f3 a constatar que hab\u00eda en el interior del mismo, encontraron un arma de fuego tipo rev\u00f3lver, calibre 38 con 2 cartuchos en el tambor, por lo que fueron capturados en flagrancia. Asimismo, al parecer, habr\u00eda ofrecido un mill\u00f3n de pesos a las autoridades para que no efectuaran la captura.<\/p>\n<p>La Fiscal\u00eda le imput\u00f3 cargos\u00a0 a Riascos Rodr\u00edguez los delitos de\u00a0fabricaci\u00f3n, tr\u00e1fico, porte o tenencia de armas de fuego, accesorios, partes o municiones; as\u00ed como\u00a0<a href=\"https:\/\/www.fiscalia.gov.co\/colombia\/noticias\/fiscalia-judicializo-a-dragoneante-activo-del-inpec-por-concusion-y-cohecho-en-pasto-narino\/\" data-saferedirecturl=\"https:\/\/www.google.com\/url?q=https:\/\/www.fiscalia.gov.co\/colombia\/noticias\/fiscalia-judicializo-a-dragoneante-activo-del-inpec-por-concusion-y-cohecho-en-pasto-narino\/&amp;source=gmail&amp;ust=1641503099233000&amp;usg=AOvVaw2w7zlTlPlMsakj8pswWRy9\">cohecho por dar u ofrecer<\/a>. S\u00f3lo acept\u00f3 los cargos por el\u00a0<a href=\"https:\/\/www.fiscalia.gov.co\/colombia\/noticias\/capturado-para-cumplir-sentencia-de-9-anos-prision-por-porte-ilegal-de-armas-de-fuego\/\" data-saferedirecturl=\"https:\/\/www.google.com\/url?q=https:\/\/www.fiscalia.gov.co\/colombia\/noticias\/capturado-para-cumplir-sentencia-de-9-anos-prision-por-porte-ilegal-de-armas-de-fuego\/&amp;source=gmail&amp;ust=1641503099233000&amp;usg=AOvVaw2G7ndjYZfPPOL4dErritnx\">porte ilegal de armas de fuego.<\/a><\/p>\n<p>Entre tanto, a Ortiz Alois la Fiscal\u00eda le imput\u00f3 el delito\u00a0de\u00a0fabricaci\u00f3n, tr\u00e1fico, porte o tenencia de armas de fuego, accesorios, partes o municiones, el cual no acept\u00f3.<\/p>\n<p>El juez determin\u00f3 que los presuntos implicados deben cumplir la medida de aseguramiento en centro carcelario.<\/p>\n<p><strong>La Fiscal\u00eda habla con resultados<\/strong><\/p>\n<p>MAP\/LV\/CFG<\/p>\n<p><em>La informaci\u00f3n contenida en este bolet\u00edn de prensa corresponde a la narraci\u00f3n de los hechos noticiosos objetivos, suministrados por los funcionarios encargados de adelantar las investigaciones penales al interior de la Fiscal\u00eda General de la Naci\u00f3n. Para el momento de la divulgaci\u00f3n de este comunicado, la situaci\u00f3n jur\u00eddica de la(s) persona(s) relacionada(s) se encuentra pendiente de resolver por la autoridad judicial competente, siempre bajo los preceptos de la presunci\u00f3n de inocencia, consagrados en el art\u00edculo 29 de la Constituci\u00f3n Pol\u00edtica y el art\u00edculo 7\u00ba de la Ley 906 de 2004.<\/em><\/p>\n<p>&nbsp;<\/p>\n<p>&nbsp;<\/p>\n<p>&nbsp;<\/p>\n\n<div class=\"twitter-share\"><a href=\"https:\/\/twitter.com\/intent\/tweet?via=fiscaliacol\" class=\"twitter-share-button\">Tweet<\/a><\/div>\n","protected":false},"excerpt":{"rendered":"<p>Una pareja identificada como Eider Stiven Riascos Rodr\u00edguez y Mar\u00eda Patricia Ortiz Alois fueron enviados a la c\u00e1rcel como presuntos responsables de portar un arma de fuego tipo rev\u00f3lver y, [&hellip;]<\/p>\n","protected":false},"author":176,"featured_media":0,"comment_status":"closed","ping_status":"open","sticky":false,"template":"","format":"standard","meta":{"tdm_status":"","tdm_grid_status":"","footnotes":""},"categories":[1,334,303],"tags":[25146,8010,14550,24551,4140,25230,24187,7169,1185,29969,14817,916],"class_list":["post-237765","post","type-post","status-publish","format-standard","category-noticias","category-seccional-pasto","category-seccionales","tag-accesorios","tag-capturados","tag-carcel","tag-centro-carcelario","tag-fabricacion","tag-fiscal-general-de-nacion","tag-fiscalia-colombia","tag-flagrancia","tag-medida-de-aseguramiento","tag-partes-o-municiones-asi-como-cohecho-por-dar-u-ofrecer","tag-porte-o-tenencia-de-armas-de-fuego","tag-trafico"],"yoast_head":"<!-- This site is optimized with the Yoast SEO plugin v24.3 - https:\/\/yoast.com\/wordpress\/plugins\/seo\/ -->\n<title>Fiscal\u00eda General de la Naci\u00f3n<\/title>\n<meta name=\"description\" content=\"P\u00e1gina oficial de la Fiscal\u00eda General de la Naci\u00f3n \u2013 Colombia. Garantizamos el acceso efectivo a la justicia, la verdad y la reparaci\u00f3n de las v\u00edctimas de los delitos.\" \/>\n<meta name=\"robots\" content=\"noindex, follow\" \/>\n<meta property=\"og:locale\" content=\"es_ES\" \/>\n<meta property=\"og:type\" content=\"article\" \/>\n<meta property=\"og:title\" content=\"Fiscal\u00eda General de la Naci\u00f3n\" \/>\n<meta property=\"og:description\" content=\"P\u00e1gina oficial de la Fiscal\u00eda General de la Naci\u00f3n \u2013 Colombia. Garantizamos el acceso efectivo a la justicia, la verdad y la reparaci\u00f3n de las v\u00edctimas de los delitos.\" \/>\n<meta property=\"og:url\" content=\"https:\/\/www.fiscalia.gov.co\/colombia\/noticias\/a-la-carcel-pareja-que-habria-ofrecido-dinero-a-policiales-para-evitar-captura-por-porte-ilegal-de-armas-de-fuego\/\" \/>\n<meta property=\"og:site_name\" content=\"Fiscal\u00eda General de la Naci\u00f3n\" \/>\n<meta property=\"article:publisher\" content=\"https:\/\/www.facebook.com\/FiscaliaCol\" \/>\n<meta property=\"article:published_time\" content=\"2022-01-05T21:10:50+00:00\" \/>\n<meta property=\"article:modified_time\" content=\"2022-01-07T14:24:55+00:00\" \/>\n<meta name=\"author\" content=\"Johanna Black Prieto Pe\u00f1a\" \/>\n<meta name=\"twitter:card\" content=\"summary_large_image\" \/>\n<meta name=\"twitter:creator\" content=\"@FiscaliaCol\" \/>\n<meta name=\"twitter:site\" content=\"@FiscaliaCol\" \/>\n<meta name=\"twitter:label1\" content=\"Escrito por\" \/>\n\t<meta name=\"twitter:data1\" content=\"Johanna Black Prieto Pe\u00f1a\" \/>\n\t<meta name=\"twitter:label2\" content=\"Tiempo de lectura\" \/>\n\t<meta name=\"twitter:data2\" content=\"2 minutos\" \/>\n<script type=\"application\/ld+json\" class=\"yoast-schema-graph\">{\"@context\":\"https:\/\/schema.org\",\"@graph\":[{\"@type\":\"Article\",\"@id\":\"https:\/\/www.fiscalia.gov.co\/colombia\/noticias\/a-la-carcel-pareja-que-habria-ofrecido-dinero-a-policiales-para-evitar-captura-por-porte-ilegal-de-armas-de-fuego\/#article\",\"isPartOf\":{\"@id\":\"https:\/\/www.fiscalia.gov.co\/colombia\/noticias\/a-la-carcel-pareja-que-habria-ofrecido-dinero-a-policiales-para-evitar-captura-por-porte-ilegal-de-armas-de-fuego\/\"},\"author\":{\"name\":\"Johanna Black Prieto Pe\u00f1a\",\"@id\":\"https:\/\/www.fiscalia.gov.co\/colombia\/#\/schema\/person\/b19b49f26569f91393176a2b3d13a0e5\"},\"headline\":\"A la c\u00e1rcel pareja que habr\u00eda ofrecido dinero a policiales para evitar captura por porte ilegal de armas de fuego\",\"datePublished\":\"2022-01-05T21:10:50+00:00\",\"dateModified\":\"2022-01-07T14:24:55+00:00\",\"mainEntityOfPage\":{\"@id\":\"https:\/\/www.fiscalia.gov.co\/colombia\/noticias\/a-la-carcel-pareja-que-habria-ofrecido-dinero-a-policiales-para-evitar-captura-por-porte-ilegal-de-armas-de-fuego\/\"},\"wordCount\":478,\"publisher\":{\"@id\":\"https:\/\/www.fiscalia.gov.co\/colombia\/#organization\"},\"keywords\":[\"accesorios\",\"Capturados\",\"C\u00e1rcel\",\"centro carcelario\",\"Fabricaci\u00f3n\",\"Fiscal General de Naci\u00f3n\",\"Fiscal\u00eda Colombia\",\"Flagrancia\",\"Medida de aseguramiento\",\"partes o municiones; as\u00ed como cohecho por dar u ofrecer\",\"porte o tenencia de armas de fuego\",\"Tr\u00e1fico\"],\"articleSection\":[\"Noticias\",\"Seccional Pasto\",\"Seccionales\"],\"inLanguage\":\"es-CO\"},{\"@type\":\"WebPage\",\"@id\":\"https:\/\/www.fiscalia.gov.co\/colombia\/noticias\/a-la-carcel-pareja-que-habria-ofrecido-dinero-a-policiales-para-evitar-captura-por-porte-ilegal-de-armas-de-fuego\/\",\"url\":\"https:\/\/www.fiscalia.gov.co\/colombia\/noticias\/a-la-carcel-pareja-que-habria-ofrecido-dinero-a-policiales-para-evitar-captura-por-porte-ilegal-de-armas-de-fuego\/\",\"name\":\"Fiscal\u00eda General de la Naci\u00f3n\",\"isPartOf\":{\"@id\":\"https:\/\/www.fiscalia.gov.co\/colombia\/#website\"},\"datePublished\":\"2022-01-05T21:10:50+00:00\",\"dateModified\":\"2022-01-07T14:24:55+00:00\",\"description\":\"P\u00e1gina oficial de la Fiscal\u00eda General de la Naci\u00f3n \u2013 Colombia. Garantizamos el acceso efectivo a la justicia, la verdad y la reparaci\u00f3n de las v\u00edctimas de los delitos.\",\"breadcrumb\":{\"@id\":\"https:\/\/www.fiscalia.gov.co\/colombia\/noticias\/a-la-carcel-pareja-que-habria-ofrecido-dinero-a-policiales-para-evitar-captura-por-porte-ilegal-de-armas-de-fuego\/#breadcrumb\"},\"inLanguage\":\"es-CO\",\"potentialAction\":[{\"@type\":\"ReadAction\",\"target\":[\"https:\/\/www.fiscalia.gov.co\/colombia\/noticias\/a-la-carcel-pareja-que-habria-ofrecido-dinero-a-policiales-para-evitar-captura-por-porte-ilegal-de-armas-de-fuego\/\"]}]},{\"@type\":\"BreadcrumbList\",\"@id\":\"https:\/\/www.fiscalia.gov.co\/colombia\/noticias\/a-la-carcel-pareja-que-habria-ofrecido-dinero-a-policiales-para-evitar-captura-por-porte-ilegal-de-armas-de-fuego\/#breadcrumb\",\"itemListElement\":[{\"@type\":\"ListItem\",\"position\":1,\"name\":\"Home\",\"item\":\"https:\/\/www.fiscalia.gov.co\/colombia\/\"},{\"@type\":\"ListItem\",\"position\":2,\"name\":\"A la c\u00e1rcel pareja que habr\u00eda ofrecido dinero a policiales para evitar captura por porte ilegal de armas de fuego\"}]},{\"@type\":\"WebSite\",\"@id\":\"https:\/\/www.fiscalia.gov.co\/colombia\/#website\",\"url\":\"https:\/\/www.fiscalia.gov.co\/colombia\/\",\"name\":\"Fiscal\u00eda General de la Naci\u00f3n\",\"description\":\"P\u00e1gina oficial de la Fiscal\u00eda General de la Naci\u00f3n \u2013 Colombia. Garantizamos el acceso efectivo a la justicia, la verdad y la reparaci\u00f3n de las v\u00edctimas de los delitos.\",\"publisher\":{\"@id\":\"https:\/\/www.fiscalia.gov.co\/colombia\/#organization\"},\"potentialAction\":[{\"@type\":\"SearchAction\",\"target\":{\"@type\":\"EntryPoint\",\"urlTemplate\":\"https:\/\/www.fiscalia.gov.co\/colombia\/?s={search_term_string}\"},\"query-input\":{\"@type\":\"PropertyValueSpecification\",\"valueRequired\":true,\"valueName\":\"search_term_string\"}}],\"inLanguage\":\"es-CO\"},{\"@type\":\"Organization\",\"@id\":\"https:\/\/www.fiscalia.gov.co\/colombia\/#organization\",\"name\":\"Fiscal\u00eda General de la Naci\u00f3n\",\"url\":\"https:\/\/www.fiscalia.gov.co\/colombia\/\",\"logo\":{\"@type\":\"ImageObject\",\"inLanguage\":\"es-CO\",\"@id\":\"https:\/\/www.fiscalia.gov.co\/colombia\/#\/schema\/logo\/image\/\",\"url\":\"https:\/\/www.fiscalia.gov.co\/colombia\/wp-content\/uploads\/LogoHorizontal_1.jpg\",\"contentUrl\":\"https:\/\/www.fiscalia.gov.co\/colombia\/wp-content\/uploads\/LogoHorizontal_1.jpg\",\"width\":300,\"height\":90,\"caption\":\"Fiscal\u00eda General de la Naci\u00f3n\"},\"image\":{\"@id\":\"https:\/\/www.fiscalia.gov.co\/colombia\/#\/schema\/logo\/image\/\"},\"sameAs\":[\"https:\/\/www.facebook.com\/FiscaliaCol\",\"https:\/\/x.com\/FiscaliaCol\",\"https:\/\/www.instagram.com\/fiscaliacol\",\"https:\/\/www.linkedin.com\/company\/fiscalia-general-de-la-naci-n\/\",\"https:\/\/youtube.com\/@fiscaliageneraldelanacion-4668?si=6nN79nyQICPU5iTh\"]},{\"@type\":\"Person\",\"@id\":\"https:\/\/www.fiscalia.gov.co\/colombia\/#\/schema\/person\/b19b49f26569f91393176a2b3d13a0e5\",\"name\":\"Johanna Black Prieto Pe\u00f1a\",\"image\":{\"@type\":\"ImageObject\",\"inLanguage\":\"es-CO\",\"@id\":\"https:\/\/www.fiscalia.gov.co\/colombia\/#\/schema\/person\/image\/\",\"url\":\"https:\/\/secure.gravatar.com\/avatar\/7f04518e1774335e76d761d76f04003e?s=96&d=mm&r=g\",\"contentUrl\":\"https:\/\/secure.gravatar.com\/avatar\/7f04518e1774335e76d761d76f04003e?s=96&d=mm&r=g\",\"caption\":\"Johanna Black Prieto Pe\u00f1a\"},\"url\":\"https:\/\/www.fiscalia.gov.co\/colombia\/author\/jprieto\/\"}]}<\/script>\n<!-- \/ Yoast SEO plugin. -->","yoast_head_json":{"title":"Fiscal\u00eda General de la Naci\u00f3n","description":"P\u00e1gina oficial de la Fiscal\u00eda General de la Naci\u00f3n \u2013 Colombia. Garantizamos el acceso efectivo a la justicia, la verdad y la reparaci\u00f3n de las v\u00edctimas de los delitos.","robots":{"index":"noindex","follow":"follow"},"og_locale":"es_ES","og_type":"article","og_title":"Fiscal\u00eda General de la Naci\u00f3n","og_description":"P\u00e1gina oficial de la Fiscal\u00eda General de la Naci\u00f3n \u2013 Colombia. Garantizamos el acceso efectivo a la justicia, la verdad y la reparaci\u00f3n de las v\u00edctimas de los delitos.","og_url":"https:\/\/www.fiscalia.gov.co\/colombia\/noticias\/a-la-carcel-pareja-que-habria-ofrecido-dinero-a-policiales-para-evitar-captura-por-porte-ilegal-de-armas-de-fuego\/","og_site_name":"Fiscal\u00eda General de la Naci\u00f3n","article_publisher":"https:\/\/www.facebook.com\/FiscaliaCol","article_published_time":"2022-01-05T21:10:50+00:00","article_modified_time":"2022-01-07T14:24:55+00:00","author":"Johanna Black Prieto Pe\u00f1a","twitter_card":"summary_large_image","twitter_creator":"@FiscaliaCol","twitter_site":"@FiscaliaCol","twitter_misc":{"Escrito por":"Johanna Black Prieto Pe\u00f1a","Tiempo de lectura":"2 minutos"},"schema":{"@context":"https:\/\/schema.org","@graph":[{"@type":"Article","@id":"https:\/\/www.fiscalia.gov.co\/colombia\/noticias\/a-la-carcel-pareja-que-habria-ofrecido-dinero-a-policiales-para-evitar-captura-por-porte-ilegal-de-armas-de-fuego\/#article","isPartOf":{"@id":"https:\/\/www.fiscalia.gov.co\/colombia\/noticias\/a-la-carcel-pareja-que-habria-ofrecido-dinero-a-policiales-para-evitar-captura-por-porte-ilegal-de-armas-de-fuego\/"},"author":{"name":"Johanna Black Prieto Pe\u00f1a","@id":"https:\/\/www.fiscalia.gov.co\/colombia\/#\/schema\/person\/b19b49f26569f91393176a2b3d13a0e5"},"headline":"A la c\u00e1rcel pareja que habr\u00eda ofrecido dinero a policiales para evitar captura por porte ilegal de armas de fuego","datePublished":"2022-01-05T21:10:50+00:00","dateModified":"2022-01-07T14:24:55+00:00","mainEntityOfPage":{"@id":"https:\/\/www.fiscalia.gov.co\/colombia\/noticias\/a-la-carcel-pareja-que-habria-ofrecido-dinero-a-policiales-para-evitar-captura-por-porte-ilegal-de-armas-de-fuego\/"},"wordCount":478,"publisher":{"@id":"https:\/\/www.fiscalia.gov.co\/colombia\/#organization"},"keywords":["accesorios","Capturados","C\u00e1rcel","centro carcelario","Fabricaci\u00f3n","Fiscal General de Naci\u00f3n","Fiscal\u00eda Colombia","Flagrancia","Medida de aseguramiento","partes o municiones; as\u00ed como cohecho por dar u ofrecer","porte o tenencia de armas de fuego","Tr\u00e1fico"],"articleSection":["Noticias","Seccional Pasto","Seccionales"],"inLanguage":"es-CO"},{"@type":"WebPage","@id":"https:\/\/www.fiscalia.gov.co\/colombia\/noticias\/a-la-carcel-pareja-que-habria-ofrecido-dinero-a-policiales-para-evitar-captura-por-porte-ilegal-de-armas-de-fuego\/","url":"https:\/\/www.fiscalia.gov.co\/colombia\/noticias\/a-la-carcel-pareja-que-habria-ofrecido-dinero-a-policiales-para-evitar-captura-por-porte-ilegal-de-armas-de-fuego\/","name":"Fiscal\u00eda General de la Naci\u00f3n","isPartOf":{"@id":"https:\/\/www.fiscalia.gov.co\/colombia\/#website"},"datePublished":"2022-01-05T21:10:50+00:00","dateModified":"2022-01-07T14:24:55+00:00","description":"P\u00e1gina oficial de la Fiscal\u00eda General de la Naci\u00f3n \u2013 Colombia. Garantizamos el acceso efectivo a la justicia, la verdad y la reparaci\u00f3n de las v\u00edctimas de los delitos.","breadcrumb":{"@id":"https:\/\/www.fiscalia.gov.co\/colombia\/noticias\/a-la-carcel-pareja-que-habria-ofrecido-dinero-a-policiales-para-evitar-captura-por-porte-ilegal-de-armas-de-fuego\/#breadcrumb"},"inLanguage":"es-CO","potentialAction":[{"@type":"ReadAction","target":["https:\/\/www.fiscalia.gov.co\/colombia\/noticias\/a-la-carcel-pareja-que-habria-ofrecido-dinero-a-policiales-para-evitar-captura-por-porte-ilegal-de-armas-de-fuego\/"]}]},{"@type":"BreadcrumbList","@id":"https:\/\/www.fiscalia.gov.co\/colombia\/noticias\/a-la-carcel-pareja-que-habria-ofrecido-dinero-a-policiales-para-evitar-captura-por-porte-ilegal-de-armas-de-fuego\/#breadcrumb","itemListElement":[{"@type":"ListItem","position":1,"name":"Home","item":"https:\/\/www.fiscalia.gov.co\/colombia\/"},{"@type":"ListItem","position":2,"name":"A la c\u00e1rcel pareja que habr\u00eda ofrecido dinero a policiales para evitar captura por porte ilegal de armas de fuego"}]},{"@type":"WebSite","@id":"https:\/\/www.fiscalia.gov.co\/colombia\/#website","url":"https:\/\/www.fiscalia.gov.co\/colombia\/","name":"Fiscal\u00eda General de la Naci\u00f3n","description":"P\u00e1gina oficial de la Fiscal\u00eda General de la Naci\u00f3n \u2013 Colombia. Garantizamos el acceso efectivo a la justicia, la verdad y la reparaci\u00f3n de las v\u00edctimas de los delitos.","publisher":{"@id":"https:\/\/www.fiscalia.gov.co\/colombia\/#organization"},"potentialAction":[{"@type":"SearchAction","target":{"@type":"EntryPoint","urlTemplate":"https:\/\/www.fiscalia.gov.co\/colombia\/?s={search_term_string}"},"query-input":{"@type":"PropertyValueSpecification","valueRequired":true,"valueName":"search_term_string"}}],"inLanguage":"es-CO"},{"@type":"Organization","@id":"https:\/\/www.fiscalia.gov.co\/colombia\/#organization","name":"Fiscal\u00eda General de la Naci\u00f3n","url":"https:\/\/www.fiscalia.gov.co\/colombia\/","logo":{"@type":"ImageObject","inLanguage":"es-CO","@id":"https:\/\/www.fiscalia.gov.co\/colombia\/#\/schema\/logo\/image\/","url":"https:\/\/www.fiscalia.gov.co\/colombia\/wp-content\/uploads\/LogoHorizontal_1.jpg","contentUrl":"https:\/\/www.fiscalia.gov.co\/colombia\/wp-content\/uploads\/LogoHorizontal_1.jpg","width":300,"height":90,"caption":"Fiscal\u00eda General de la Naci\u00f3n"},"image":{"@id":"https:\/\/www.fiscalia.gov.co\/colombia\/#\/schema\/logo\/image\/"},"sameAs":["https:\/\/www.facebook.com\/FiscaliaCol","https:\/\/x.com\/FiscaliaCol","https:\/\/www.instagram.com\/fiscaliacol","https:\/\/www.linkedin.com\/company\/fiscalia-general-de-la-naci-n\/","https:\/\/youtube.com\/@fiscaliageneraldelanacion-4668?si=6nN79nyQICPU5iTh"]},{"@type":"Person","@id":"https:\/\/www.fiscalia.gov.co\/colombia\/#\/schema\/person\/b19b49f26569f91393176a2b3d13a0e5","name":"Johanna Black Prieto Pe\u00f1a","image":{"@type":"ImageObject","inLanguage":"es-CO","@id":"https:\/\/www.fiscalia.gov.co\/colombia\/#\/schema\/person\/image\/","url":"https:\/\/secure.gravatar.com\/avatar\/7f04518e1774335e76d761d76f04003e?s=96&d=mm&r=g","contentUrl":"https:\/\/secure.gravatar.com\/avatar\/7f04518e1774335e76d761d76f04003e?s=96&d=mm&r=g","caption":"Johanna Black Prieto Pe\u00f1a"},"url":"https:\/\/www.fiscalia.gov.co\/colombia\/author\/jprieto\/"}]}},"_links":{"self":[{"href":"https:\/\/www.fiscalia.gov.co\/colombia\/wp-json\/wp\/v2\/posts\/237765","targetHints":{"allow":["GET"]}}],"collection":[{"href":"https:\/\/www.fiscalia.gov.co\/colombia\/wp-json\/wp\/v2\/posts"}],"about":[{"href":"https:\/\/www.fiscalia.gov.co\/colombia\/wp-json\/wp\/v2\/types\/post"}],"author":[{"embeddable":true,"href":"https:\/\/www.fiscalia.gov.co\/colombia\/wp-json\/wp\/v2\/users\/176"}],"replies":[{"embeddable":true,"href":"https:\/\/www.fiscalia.gov.co\/colombia\/wp-json\/wp\/v2\/comments?post=237765"}],"version-history":[{"count":1,"href":"https:\/\/www.fiscalia.gov.co\/colombia\/wp-json\/wp\/v2\/posts\/237765\/revisions"}],"predecessor-version":[{"id":237767,"href":"https:\/\/www.fiscalia.gov.co\/colombia\/wp-json\/wp\/v2\/posts\/237765\/revisions\/237767"}],"wp:attachment":[{"href":"https:\/\/www.fiscalia.gov.co\/colombia\/wp-json\/wp\/v2\/media?parent=237765"}],"wp:term":[{"taxonomy":"category","embeddable":true,"href":"https:\/\/www.fiscalia.gov.co\/colombia\/wp-json\/wp\/v2\/categories?post=237765"},{"taxonomy":"post_tag","embeddable":true,"href":"https:\/\/www.fiscalia.gov.co\/colombia\/wp-json\/wp\/v2\/tags?post=237765"}],"curies":[{"name":"wp","href":"https:\/\/api.w.org\/{rel}","templated":true}]}}