{"id":237750,"date":"2022-01-05T12:05:59","date_gmt":"2022-01-05T17:05:59","guid":{"rendered":"https:\/\/www.fiscalia.gov.co\/colombia\/?p=237750"},"modified":"2022-01-13T16:54:38","modified_gmt":"2022-01-13T21:54:38","slug":"judicializado-medico-que-presuntamente-habria-abusado-sexualmente-y-golpeado-a-su-pareja-sentimental-en-bucaramanga","status":"publish","type":"post","link":"https:\/\/www.fiscalia.gov.co\/colombia\/noticias\/judicializado-medico-que-presuntamente-habria-abusado-sexualmente-y-golpeado-a-su-pareja-sentimental-en-bucaramanga\/","title":{"rendered":"Judicializado m\u00e9dico que presuntamente habr\u00eda abusado sexualmente y golpeado a su pareja sentimental en Bucaramanga"},"content":{"rendered":"<div>\n<h4><i><strong>Antonio Figueredo, el presunto agresor, al parecer, habr\u00eda atacado a la v\u00edctima en otras ocasiones.<u><\/u>\u00a0<\/strong><u><\/u><\/i><\/h4>\n<p><u><\/u>Ante un juez con funciones de control de garant\u00edas, <b>un fiscal de la Unidad de Reacci\u00f3n Inmediata (URI),\u00a0<\/b>de la seccional Santander, judicializ\u00f3 a Antonio Figueredo,\u00a0m\u00e9dico cirujano,\u00a0por los delitos de acceso carnal violento agravado en concurso heterog\u00e9neo con violencia intrafamiliar agravada.<u><\/u><\/p>\n<p>De acuerdo con las investigaciones adelantadas por el ente acusador, el pasado 13 de noviembre, en un establecimiento p\u00fablico, ubicado en el municipio de Floridablanca (Santander), el hoy procesado habr\u00eda golpeado con pu\u00f1os y patadas a la v\u00edctima, de 27 a\u00f1os, caus\u00e1ndole var\u00edas heridas.\u00a0<u><\/u>\u00a0<u><\/u><\/p>\n<p><u><\/u>\u00a0<u><\/u>Adem\u00e1s, se estableci\u00f3 que el 29 de agosto y 25 de octubre de este a\u00f1o, al parecer la mujer fue v\u00edctima de otras agresiones por parte Figueredo. Seg\u00fan el dictamen del Instituto\u00a0<b>Nacional de Medicina Legal<\/b>, los golpes le produjeron heridas en el rostro y barbilla, tres dientes rotos y una lesi\u00f3n en el t\u00edmpano.<u><\/u><\/p>\n<p>Durante las audiencias concentradas,\u00a0el hombre no acept\u00f3 los cargos imputados.\u00a0<u><\/u>\u00a0<u><\/u><\/p>\n<p><span lang=\"ES-TRAD\">Por su parte,\u00a0el juez\u00a0le impuso medida de aseguramiento consistente en:\u00a0\u00a0<\/span><u><\/u>\u00a0<u><\/u><\/p>\n<ol type=\"1\">\n<li><span lang=\"ES-TRAD\">La obligaci\u00f3n de someterse a un mecanismo de\u00a0<\/span><span lang=\"ES-TRAD\">vigilancia\u00a0electr\u00f3nica.\u00a0\u00a0<u><\/u>\u00a0<u><\/u><\/span><\/li>\n<li><span lang=\"ES-TRAD\">La obligaci\u00f3n de presentarse\u00a0<\/span><span lang=\"ES-TRAD\">peri\u00f3dicamente\u00a0o cuando sea requerido por el juez o ante la\u00a0autoridad\u00a0que \u00e9l designe.\u00a0\u00a0<u><\/u>\u00a0<u><\/u><\/span><\/li>\n<li><span lang=\"ES-TRAD\">La obligaci\u00f3n de observar buena conducta individual, familiar y social, con especificaci\u00f3n de la misma y su relaci\u00f3n con el hecho.\u00a0\u00a0<\/span><span lang=\"ES-TRAD\"><u><\/u>\u00a0<u><\/u><\/span><\/li>\n<li><span lang=\"ES-TRAD\">La prohibici\u00f3n de salir del pa\u00eds, del cual reside o del \u00e1mbito territorial que fije el juez. en ese caso no podr\u00e1 salir del\u00a0<\/span><span lang=\"ES-TRAD\">\u00e1rea\u00a0metropolitana de Bucaramanga.\u00a0\u00a0<u><\/u>\u00a0<u><\/u><\/span><\/li>\n<li><span lang=\"ES-TRAD\">La prohibici\u00f3n de concurrir a determinadas reuniones o lugares donde se\u00a0<\/span><span lang=\"ES-TRAD\">encuentre\u00a0la v\u00edctima, incluyendo su lugar de trabajo.\u00a0\u00a0<u><\/u>\u00a0<u><\/u><\/span><\/li>\n<li><span lang=\"ES-TRAD\">La prohibici\u00f3n de comunicarse con la v\u00edctima o alg\u00fan miembro de la familia de ella, por cualquier medio digital, telef\u00f3nica, red social o por cualquier medio de\u00a0<\/span><span lang=\"ES-TRAD\">comunicaci\u00f3n.\u00a0\u00a0<u><\/u>\u00a0<u><\/u><\/span><\/li>\n<li><span lang=\"ES-TRAD\">La prestaci\u00f3n de una cauci\u00f3n real adecuada, por el propio imputado o por otra persona, mediante\u00a0<\/span><span lang=\"ES-TRAD\">dep\u00f3sitos\u00a0de dinero, por la suma de 15 salarios\u00a0m\u00ednimos\u00a0mensuales\u00a0vig<wbr \/>entes.\u00a0\u00a0<u><\/u>\u00a0<u><\/u><\/span><\/li>\n<\/ol>\n<p align=\"center\"><b>La Fiscal\u00eda General de la Naci\u00f3n habla con resultados<u><\/u>\u00a0<u><\/u><\/b><\/p>\n<p><u><\/u>\u00a0<u><\/u><\/p>\n<p>VHGB\/MG\/OR<u><\/u>\u00a0<u><\/u><\/p>\n<\/div>\n<div>\n<div dir=\"ltr\">\n<div dir=\"ltr\">\n<p><em><span lang=\"ES\">La informaci\u00f3n contenida en este bolet\u00edn de prensa corresponde a la narraci\u00f3n de los hechos noticiosos objetivos, suministrados por los funcionarios encargados de adelantar las investigaciones penales al interior de la Fiscal\u00eda General de la Naci\u00f3n. Para el momento de la divulgaci\u00f3n de este comunicado, la situaci\u00f3n jur\u00eddica de la(s) persona(s) relacionada(s) se encuentra pendiente de resolver por la autoridad judicial competente, siempre bajo los preceptos de la presunci\u00f3n de inocencia, consagrados en el art\u00edculo 29 de la Constituci\u00f3n Pol\u00edtica y el art\u00edculo 7\u00ba de la Ley 906 de 2004.<\/span><\/em><\/p>\n<div>\n<div dir=\"ltr\">\n<div id=\"m_8120624525132186093x_gmail-m_2661521983394663782gmail-m_-2316549878049717247gmail-m_162046004753802792gmail-m_4089396960604111797x_gmail-m_9004746376705523923x_divtagdefaultwrapper\" dir=\"ltr\">\n<p><b>Le puede interesar:<\/b><\/p>\n<p><a href=\"https:\/\/www.fiscalia.gov.co\/colombia\/noticias\/a-la-carcel-presunto-homicida-de-dos-personas-padre-e-hijo-en-la-galeria-de-tulua\/\" target=\"_blank\" rel=\"noopener noreferrer\" data-saferedirecturl=\"https:\/\/www.google.com\/url?q=https:\/\/www.fiscalia.gov.co\/colombia\/noticias\/a-la-carcel-presunto-homicida-de-dos-personas-padre-e-hijo-en-la-galeria-de-tulua\/&amp;source=gmail&amp;ust=1641485949757000&amp;usg=AOvVaw0Mz9WW-A7kwy0BwwbMoYZz\">A la c\u00e1rcel presunto homicida de dos personas; padre e hijo, en la galer\u00eda de Tulu\u00e1<\/a><\/p>\n<p><a href=\"https:\/\/www.fiscalia.gov.co\/colombia\/noticias\/a-la-carcel-mujer-que-al-parecer-acabo-con-la-vida-de-su-hijo-de-dos-anos-en-bogota\/\" target=\"_blank\" rel=\"noopener noreferrer\" data-saferedirecturl=\"https:\/\/www.google.com\/url?q=https:\/\/www.fiscalia.gov.co\/colombia\/noticias\/a-la-carcel-mujer-que-al-parecer-acabo-con-la-vida-de-su-hijo-de-dos-anos-en-bogota\/&amp;source=gmail&amp;ust=1641485949757000&amp;usg=AOvVaw3gC9PTrDu3eiaWfQ3IXUF4\">A la c\u00e1rcel mujer que, al parecer, acab\u00f3 con la vida de su hijo de dos a\u00f1os en Bogot\u00e1<\/a><\/p>\n<div><\/div>\n<\/div>\n<\/div>\n<\/div>\n<\/div>\n<\/div>\n<\/div>\n\n<div class=\"twitter-share\"><a href=\"https:\/\/twitter.com\/intent\/tweet?via=fiscaliacol\" class=\"twitter-share-button\">Tweet<\/a><\/div>\n","protected":false},"excerpt":{"rendered":"<p>Antonio Figueredo, el presunto agresor, al parecer, habr\u00eda atacado a la v\u00edctima en otras ocasiones.\u00a0 Ante un juez con funciones de control de garant\u00edas, un fiscal de la Unidad de [&hellip;]<\/p>\n","protected":false},"author":176,"featured_media":0,"comment_status":"closed","ping_status":"open","sticky":false,"template":"","format":"video","meta":{"tdm_status":"","tdm_grid_status":"","footnotes":""},"categories":[1,322,303,24127],"tags":[1047,29968],"class_list":["post-237750","post","type-post","status-publish","format-video","category-noticias","category-seccional-bucaramanga","category-seccionales","category-violencia-sexual-e-intrafamiliar","tag-fiscalia-general-de-la-nacion","tag-seccional-santander","post_format-post-format-video"],"yoast_head":"<!-- This site is optimized with the Yoast SEO plugin v24.3 - https:\/\/yoast.com\/wordpress\/plugins\/seo\/ -->\n<title>Fiscal\u00eda General de la Naci\u00f3n<\/title>\n<meta name=\"description\" content=\"P\u00e1gina oficial de la Fiscal\u00eda General de la Naci\u00f3n \u2013 Colombia. Garantizamos el acceso efectivo a la justicia, la verdad y la reparaci\u00f3n de las v\u00edctimas de los delitos.\" \/>\n<meta name=\"robots\" content=\"noindex, follow\" \/>\n<meta property=\"og:locale\" content=\"es_ES\" \/>\n<meta property=\"og:type\" content=\"article\" \/>\n<meta property=\"og:title\" content=\"Fiscal\u00eda General de la Naci\u00f3n\" \/>\n<meta property=\"og:description\" content=\"P\u00e1gina oficial de la Fiscal\u00eda General de la Naci\u00f3n \u2013 Colombia. Garantizamos el acceso efectivo a la justicia, la verdad y la reparaci\u00f3n de las v\u00edctimas de los delitos.\" \/>\n<meta property=\"og:url\" content=\"https:\/\/www.fiscalia.gov.co\/colombia\/noticias\/judicializado-medico-que-presuntamente-habria-abusado-sexualmente-y-golpeado-a-su-pareja-sentimental-en-bucaramanga\/\" \/>\n<meta property=\"og:site_name\" content=\"Fiscal\u00eda General de la Naci\u00f3n\" \/>\n<meta property=\"article:publisher\" content=\"https:\/\/www.facebook.com\/FiscaliaCol\" \/>\n<meta property=\"article:published_time\" content=\"2022-01-05T17:05:59+00:00\" \/>\n<meta property=\"article:modified_time\" content=\"2022-01-13T21:54:38+00:00\" \/>\n<meta name=\"author\" content=\"Johanna Black Prieto Pe\u00f1a\" \/>\n<meta name=\"twitter:card\" content=\"summary_large_image\" \/>\n<meta name=\"twitter:creator\" content=\"@FiscaliaCol\" \/>\n<meta name=\"twitter:site\" content=\"@FiscaliaCol\" \/>\n<meta name=\"twitter:label1\" content=\"Escrito por\" \/>\n\t<meta name=\"twitter:data1\" content=\"Johanna Black Prieto Pe\u00f1a\" \/>\n\t<meta name=\"twitter:label2\" content=\"Tiempo de lectura\" \/>\n\t<meta name=\"twitter:data2\" content=\"3 minutos\" \/>\n<script type=\"application\/ld+json\" class=\"yoast-schema-graph\">{\"@context\":\"https:\/\/schema.org\",\"@graph\":[{\"@type\":\"Article\",\"@id\":\"https:\/\/www.fiscalia.gov.co\/colombia\/noticias\/judicializado-medico-que-presuntamente-habria-abusado-sexualmente-y-golpeado-a-su-pareja-sentimental-en-bucaramanga\/#article\",\"isPartOf\":{\"@id\":\"https:\/\/www.fiscalia.gov.co\/colombia\/noticias\/judicializado-medico-que-presuntamente-habria-abusado-sexualmente-y-golpeado-a-su-pareja-sentimental-en-bucaramanga\/\"},\"author\":{\"name\":\"Johanna Black Prieto Pe\u00f1a\",\"@id\":\"https:\/\/www.fiscalia.gov.co\/colombia\/#\/schema\/person\/b19b49f26569f91393176a2b3d13a0e5\"},\"headline\":\"Judicializado m\u00e9dico que presuntamente habr\u00eda abusado sexualmente y golpeado a su pareja sentimental en Bucaramanga\",\"datePublished\":\"2022-01-05T17:05:59+00:00\",\"dateModified\":\"2022-01-13T21:54:38+00:00\",\"mainEntityOfPage\":{\"@id\":\"https:\/\/www.fiscalia.gov.co\/colombia\/noticias\/judicializado-medico-que-presuntamente-habria-abusado-sexualmente-y-golpeado-a-su-pareja-sentimental-en-bucaramanga\/\"},\"wordCount\":542,\"publisher\":{\"@id\":\"https:\/\/www.fiscalia.gov.co\/colombia\/#organization\"},\"keywords\":[\"Fiscal\u00eda General de la Naci\u00f3n\",\"Seccional Santander\"],\"articleSection\":[\"Noticias\",\"Seccional Bucaramanga\",\"Seccionales\",\"Violencia sexual e intrafamiliar\"],\"inLanguage\":\"es-CO\"},{\"@type\":\"WebPage\",\"@id\":\"https:\/\/www.fiscalia.gov.co\/colombia\/noticias\/judicializado-medico-que-presuntamente-habria-abusado-sexualmente-y-golpeado-a-su-pareja-sentimental-en-bucaramanga\/\",\"url\":\"https:\/\/www.fiscalia.gov.co\/colombia\/noticias\/judicializado-medico-que-presuntamente-habria-abusado-sexualmente-y-golpeado-a-su-pareja-sentimental-en-bucaramanga\/\",\"name\":\"Fiscal\u00eda General de la Naci\u00f3n\",\"isPartOf\":{\"@id\":\"https:\/\/www.fiscalia.gov.co\/colombia\/#website\"},\"datePublished\":\"2022-01-05T17:05:59+00:00\",\"dateModified\":\"2022-01-13T21:54:38+00:00\",\"description\":\"P\u00e1gina oficial de la Fiscal\u00eda General de la Naci\u00f3n \u2013 Colombia. Garantizamos el acceso efectivo a la justicia, la verdad y la reparaci\u00f3n de las v\u00edctimas de los delitos.\",\"breadcrumb\":{\"@id\":\"https:\/\/www.fiscalia.gov.co\/colombia\/noticias\/judicializado-medico-que-presuntamente-habria-abusado-sexualmente-y-golpeado-a-su-pareja-sentimental-en-bucaramanga\/#breadcrumb\"},\"inLanguage\":\"es-CO\",\"potentialAction\":[{\"@type\":\"ReadAction\",\"target\":[\"https:\/\/www.fiscalia.gov.co\/colombia\/noticias\/judicializado-medico-que-presuntamente-habria-abusado-sexualmente-y-golpeado-a-su-pareja-sentimental-en-bucaramanga\/\"]}]},{\"@type\":\"BreadcrumbList\",\"@id\":\"https:\/\/www.fiscalia.gov.co\/colombia\/noticias\/judicializado-medico-que-presuntamente-habria-abusado-sexualmente-y-golpeado-a-su-pareja-sentimental-en-bucaramanga\/#breadcrumb\",\"itemListElement\":[{\"@type\":\"ListItem\",\"position\":1,\"name\":\"Home\",\"item\":\"https:\/\/www.fiscalia.gov.co\/colombia\/\"},{\"@type\":\"ListItem\",\"position\":2,\"name\":\"Judicializado m\u00e9dico que presuntamente habr\u00eda abusado sexualmente y golpeado a su pareja sentimental en Bucaramanga\"}]},{\"@type\":\"WebSite\",\"@id\":\"https:\/\/www.fiscalia.gov.co\/colombia\/#website\",\"url\":\"https:\/\/www.fiscalia.gov.co\/colombia\/\",\"name\":\"Fiscal\u00eda General de la Naci\u00f3n\",\"description\":\"P\u00e1gina oficial de la Fiscal\u00eda General de la Naci\u00f3n \u2013 Colombia. Garantizamos el acceso efectivo a la justicia, la verdad y la reparaci\u00f3n de las v\u00edctimas de los delitos.\",\"publisher\":{\"@id\":\"https:\/\/www.fiscalia.gov.co\/colombia\/#organization\"},\"potentialAction\":[{\"@type\":\"SearchAction\",\"target\":{\"@type\":\"EntryPoint\",\"urlTemplate\":\"https:\/\/www.fiscalia.gov.co\/colombia\/?s={search_term_string}\"},\"query-input\":{\"@type\":\"PropertyValueSpecification\",\"valueRequired\":true,\"valueName\":\"search_term_string\"}}],\"inLanguage\":\"es-CO\"},{\"@type\":\"Organization\",\"@id\":\"https:\/\/www.fiscalia.gov.co\/colombia\/#organization\",\"name\":\"Fiscal\u00eda General de la Naci\u00f3n\",\"url\":\"https:\/\/www.fiscalia.gov.co\/colombia\/\",\"logo\":{\"@type\":\"ImageObject\",\"inLanguage\":\"es-CO\",\"@id\":\"https:\/\/www.fiscalia.gov.co\/colombia\/#\/schema\/logo\/image\/\",\"url\":\"https:\/\/www.fiscalia.gov.co\/colombia\/wp-content\/uploads\/LogoHorizontal_1.jpg\",\"contentUrl\":\"https:\/\/www.fiscalia.gov.co\/colombia\/wp-content\/uploads\/LogoHorizontal_1.jpg\",\"width\":300,\"height\":90,\"caption\":\"Fiscal\u00eda General de la Naci\u00f3n\"},\"image\":{\"@id\":\"https:\/\/www.fiscalia.gov.co\/colombia\/#\/schema\/logo\/image\/\"},\"sameAs\":[\"https:\/\/www.facebook.com\/FiscaliaCol\",\"https:\/\/x.com\/FiscaliaCol\",\"https:\/\/www.instagram.com\/fiscaliacol\",\"https:\/\/www.linkedin.com\/company\/fiscalia-general-de-la-naci-n\/\",\"https:\/\/youtube.com\/@fiscaliageneraldelanacion-4668?si=6nN79nyQICPU5iTh\"]},{\"@type\":\"Person\",\"@id\":\"https:\/\/www.fiscalia.gov.co\/colombia\/#\/schema\/person\/b19b49f26569f91393176a2b3d13a0e5\",\"name\":\"Johanna Black Prieto Pe\u00f1a\",\"image\":{\"@type\":\"ImageObject\",\"inLanguage\":\"es-CO\",\"@id\":\"https:\/\/www.fiscalia.gov.co\/colombia\/#\/schema\/person\/image\/\",\"url\":\"https:\/\/secure.gravatar.com\/avatar\/7f04518e1774335e76d761d76f04003e?s=96&d=mm&r=g\",\"contentUrl\":\"https:\/\/secure.gravatar.com\/avatar\/7f04518e1774335e76d761d76f04003e?s=96&d=mm&r=g\",\"caption\":\"Johanna Black Prieto Pe\u00f1a\"},\"url\":\"https:\/\/www.fiscalia.gov.co\/colombia\/author\/jprieto\/\"}]}<\/script>\n<!-- \/ Yoast SEO plugin. -->","yoast_head_json":{"title":"Fiscal\u00eda General de la Naci\u00f3n","description":"P\u00e1gina oficial de la Fiscal\u00eda General de la Naci\u00f3n \u2013 Colombia. Garantizamos el acceso efectivo a la justicia, la verdad y la reparaci\u00f3n de las v\u00edctimas de los delitos.","robots":{"index":"noindex","follow":"follow"},"og_locale":"es_ES","og_type":"article","og_title":"Fiscal\u00eda General de la Naci\u00f3n","og_description":"P\u00e1gina oficial de la Fiscal\u00eda General de la Naci\u00f3n \u2013 Colombia. Garantizamos el acceso efectivo a la justicia, la verdad y la reparaci\u00f3n de las v\u00edctimas de los delitos.","og_url":"https:\/\/www.fiscalia.gov.co\/colombia\/noticias\/judicializado-medico-que-presuntamente-habria-abusado-sexualmente-y-golpeado-a-su-pareja-sentimental-en-bucaramanga\/","og_site_name":"Fiscal\u00eda General de la Naci\u00f3n","article_publisher":"https:\/\/www.facebook.com\/FiscaliaCol","article_published_time":"2022-01-05T17:05:59+00:00","article_modified_time":"2022-01-13T21:54:38+00:00","author":"Johanna Black Prieto Pe\u00f1a","twitter_card":"summary_large_image","twitter_creator":"@FiscaliaCol","twitter_site":"@FiscaliaCol","twitter_misc":{"Escrito por":"Johanna Black Prieto Pe\u00f1a","Tiempo de lectura":"3 minutos"},"schema":{"@context":"https:\/\/schema.org","@graph":[{"@type":"Article","@id":"https:\/\/www.fiscalia.gov.co\/colombia\/noticias\/judicializado-medico-que-presuntamente-habria-abusado-sexualmente-y-golpeado-a-su-pareja-sentimental-en-bucaramanga\/#article","isPartOf":{"@id":"https:\/\/www.fiscalia.gov.co\/colombia\/noticias\/judicializado-medico-que-presuntamente-habria-abusado-sexualmente-y-golpeado-a-su-pareja-sentimental-en-bucaramanga\/"},"author":{"name":"Johanna Black Prieto Pe\u00f1a","@id":"https:\/\/www.fiscalia.gov.co\/colombia\/#\/schema\/person\/b19b49f26569f91393176a2b3d13a0e5"},"headline":"Judicializado m\u00e9dico que presuntamente habr\u00eda abusado sexualmente y golpeado a su pareja sentimental en Bucaramanga","datePublished":"2022-01-05T17:05:59+00:00","dateModified":"2022-01-13T21:54:38+00:00","mainEntityOfPage":{"@id":"https:\/\/www.fiscalia.gov.co\/colombia\/noticias\/judicializado-medico-que-presuntamente-habria-abusado-sexualmente-y-golpeado-a-su-pareja-sentimental-en-bucaramanga\/"},"wordCount":542,"publisher":{"@id":"https:\/\/www.fiscalia.gov.co\/colombia\/#organization"},"keywords":["Fiscal\u00eda General de la Naci\u00f3n","Seccional Santander"],"articleSection":["Noticias","Seccional Bucaramanga","Seccionales","Violencia sexual e intrafamiliar"],"inLanguage":"es-CO"},{"@type":"WebPage","@id":"https:\/\/www.fiscalia.gov.co\/colombia\/noticias\/judicializado-medico-que-presuntamente-habria-abusado-sexualmente-y-golpeado-a-su-pareja-sentimental-en-bucaramanga\/","url":"https:\/\/www.fiscalia.gov.co\/colombia\/noticias\/judicializado-medico-que-presuntamente-habria-abusado-sexualmente-y-golpeado-a-su-pareja-sentimental-en-bucaramanga\/","name":"Fiscal\u00eda General de la Naci\u00f3n","isPartOf":{"@id":"https:\/\/www.fiscalia.gov.co\/colombia\/#website"},"datePublished":"2022-01-05T17:05:59+00:00","dateModified":"2022-01-13T21:54:38+00:00","description":"P\u00e1gina oficial de la Fiscal\u00eda General de la Naci\u00f3n \u2013 Colombia. Garantizamos el acceso efectivo a la justicia, la verdad y la reparaci\u00f3n de las v\u00edctimas de los delitos.","breadcrumb":{"@id":"https:\/\/www.fiscalia.gov.co\/colombia\/noticias\/judicializado-medico-que-presuntamente-habria-abusado-sexualmente-y-golpeado-a-su-pareja-sentimental-en-bucaramanga\/#breadcrumb"},"inLanguage":"es-CO","potentialAction":[{"@type":"ReadAction","target":["https:\/\/www.fiscalia.gov.co\/colombia\/noticias\/judicializado-medico-que-presuntamente-habria-abusado-sexualmente-y-golpeado-a-su-pareja-sentimental-en-bucaramanga\/"]}]},{"@type":"BreadcrumbList","@id":"https:\/\/www.fiscalia.gov.co\/colombia\/noticias\/judicializado-medico-que-presuntamente-habria-abusado-sexualmente-y-golpeado-a-su-pareja-sentimental-en-bucaramanga\/#breadcrumb","itemListElement":[{"@type":"ListItem","position":1,"name":"Home","item":"https:\/\/www.fiscalia.gov.co\/colombia\/"},{"@type":"ListItem","position":2,"name":"Judicializado m\u00e9dico que presuntamente habr\u00eda abusado sexualmente y golpeado a su pareja sentimental en Bucaramanga"}]},{"@type":"WebSite","@id":"https:\/\/www.fiscalia.gov.co\/colombia\/#website","url":"https:\/\/www.fiscalia.gov.co\/colombia\/","name":"Fiscal\u00eda General de la Naci\u00f3n","description":"P\u00e1gina oficial de la Fiscal\u00eda General de la Naci\u00f3n \u2013 Colombia. Garantizamos el acceso efectivo a la justicia, la verdad y la reparaci\u00f3n de las v\u00edctimas de los delitos.","publisher":{"@id":"https:\/\/www.fiscalia.gov.co\/colombia\/#organization"},"potentialAction":[{"@type":"SearchAction","target":{"@type":"EntryPoint","urlTemplate":"https:\/\/www.fiscalia.gov.co\/colombia\/?s={search_term_string}"},"query-input":{"@type":"PropertyValueSpecification","valueRequired":true,"valueName":"search_term_string"}}],"inLanguage":"es-CO"},{"@type":"Organization","@id":"https:\/\/www.fiscalia.gov.co\/colombia\/#organization","name":"Fiscal\u00eda General de la Naci\u00f3n","url":"https:\/\/www.fiscalia.gov.co\/colombia\/","logo":{"@type":"ImageObject","inLanguage":"es-CO","@id":"https:\/\/www.fiscalia.gov.co\/colombia\/#\/schema\/logo\/image\/","url":"https:\/\/www.fiscalia.gov.co\/colombia\/wp-content\/uploads\/LogoHorizontal_1.jpg","contentUrl":"https:\/\/www.fiscalia.gov.co\/colombia\/wp-content\/uploads\/LogoHorizontal_1.jpg","width":300,"height":90,"caption":"Fiscal\u00eda General de la Naci\u00f3n"},"image":{"@id":"https:\/\/www.fiscalia.gov.co\/colombia\/#\/schema\/logo\/image\/"},"sameAs":["https:\/\/www.facebook.com\/FiscaliaCol","https:\/\/x.com\/FiscaliaCol","https:\/\/www.instagram.com\/fiscaliacol","https:\/\/www.linkedin.com\/company\/fiscalia-general-de-la-naci-n\/","https:\/\/youtube.com\/@fiscaliageneraldelanacion-4668?si=6nN79nyQICPU5iTh"]},{"@type":"Person","@id":"https:\/\/www.fiscalia.gov.co\/colombia\/#\/schema\/person\/b19b49f26569f91393176a2b3d13a0e5","name":"Johanna Black Prieto Pe\u00f1a","image":{"@type":"ImageObject","inLanguage":"es-CO","@id":"https:\/\/www.fiscalia.gov.co\/colombia\/#\/schema\/person\/image\/","url":"https:\/\/secure.gravatar.com\/avatar\/7f04518e1774335e76d761d76f04003e?s=96&d=mm&r=g","contentUrl":"https:\/\/secure.gravatar.com\/avatar\/7f04518e1774335e76d761d76f04003e?s=96&d=mm&r=g","caption":"Johanna Black Prieto Pe\u00f1a"},"url":"https:\/\/www.fiscalia.gov.co\/colombia\/author\/jprieto\/"}]}},"_links":{"self":[{"href":"https:\/\/www.fiscalia.gov.co\/colombia\/wp-json\/wp\/v2\/posts\/237750","targetHints":{"allow":["GET"]}}],"collection":[{"href":"https:\/\/www.fiscalia.gov.co\/colombia\/wp-json\/wp\/v2\/posts"}],"about":[{"href":"https:\/\/www.fiscalia.gov.co\/colombia\/wp-json\/wp\/v2\/types\/post"}],"author":[{"embeddable":true,"href":"https:\/\/www.fiscalia.gov.co\/colombia\/wp-json\/wp\/v2\/users\/176"}],"replies":[{"embeddable":true,"href":"https:\/\/www.fiscalia.gov.co\/colombia\/wp-json\/wp\/v2\/comments?post=237750"}],"version-history":[{"count":1,"href":"https:\/\/www.fiscalia.gov.co\/colombia\/wp-json\/wp\/v2\/posts\/237750\/revisions"}],"predecessor-version":[{"id":237753,"href":"https:\/\/www.fiscalia.gov.co\/colombia\/wp-json\/wp\/v2\/posts\/237750\/revisions\/237753"}],"wp:attachment":[{"href":"https:\/\/www.fiscalia.gov.co\/colombia\/wp-json\/wp\/v2\/media?parent=237750"}],"wp:term":[{"taxonomy":"category","embeddable":true,"href":"https:\/\/www.fiscalia.gov.co\/colombia\/wp-json\/wp\/v2\/categories?post=237750"},{"taxonomy":"post_tag","embeddable":true,"href":"https:\/\/www.fiscalia.gov.co\/colombia\/wp-json\/wp\/v2\/tags?post=237750"}],"curies":[{"name":"wp","href":"https:\/\/api.w.org\/{rel}","templated":true}]}}