{"id":237664,"date":"2022-01-03T16:00:53","date_gmt":"2022-01-03T21:00:53","guid":{"rendered":"https:\/\/www.fiscalia.gov.co\/colombia\/?p=237664"},"modified":"2022-01-03T16:00:53","modified_gmt":"2022-01-03T21:00:53","slug":"judicializadas-cuatro-personas-por-su-presunta-responsabilidad-en-el-delito-de-fabricacion-trafico-porte-o-tenencia-de-arma-de-fuego-en-putumayo","status":"publish","type":"post","link":"https:\/\/www.fiscalia.gov.co\/colombia\/noticias\/judicializadas-cuatro-personas-por-su-presunta-responsabilidad-en-el-delito-de-fabricacion-trafico-porte-o-tenencia-de-arma-de-fuego-en-putumayo\/","title":{"rendered":"Judicializadas cuatro personas por su presunta responsabilidad en el delito de fabricaci\u00f3n tr\u00e1fico, porte o tenencia de arma de fuego en Putumayo"},"content":{"rendered":"<p>Las pruebas aportadas por la Fiscal\u00eda General de la Naci\u00f3n\u00a0fueron suficientes para que dos jueces con funci\u00f3n de control de garant\u00edas, en hechos aislados, aseguraran preventivamente a cuatro de personas presuntas responsables del delito de\u00a0<b>fabricaci\u00f3n, tr\u00e1fico, porte o tenencia de arma de fuego.<\/b><\/p>\n<figure id=\"attachment_237665\" aria-describedby=\"caption-attachment-237665\" style=\"width: 811px\" class=\"wp-caption alignnone\"><img loading=\"lazy\" decoding=\"async\" class=\"size-full wp-image-237665\" src=\"https:\/\/www.fiscalia.gov.co\/colombia\/wp-content\/uploads\/Foto-3-de-enero-trafico-de-estupefacientes-y-armas-Putumayo.jpeg\" alt=\"\" width=\"811\" height=\"631\" srcset=\"https:\/\/www.fiscalia.gov.co\/colombia\/wp-content\/uploads\/Foto-3-de-enero-trafico-de-estupefacientes-y-armas-Putumayo.jpeg 811w, https:\/\/www.fiscalia.gov.co\/colombia\/wp-content\/uploads\/Foto-3-de-enero-trafico-de-estupefacientes-y-armas-Putumayo-300x233.jpeg 300w, https:\/\/www.fiscalia.gov.co\/colombia\/wp-content\/uploads\/Foto-3-de-enero-trafico-de-estupefacientes-y-armas-Putumayo-768x598.jpeg 768w, https:\/\/www.fiscalia.gov.co\/colombia\/wp-content\/uploads\/Foto-3-de-enero-trafico-de-estupefacientes-y-armas-Putumayo-696x542.jpeg 696w, https:\/\/www.fiscalia.gov.co\/colombia\/wp-content\/uploads\/Foto-3-de-enero-trafico-de-estupefacientes-y-armas-Putumayo-540x420.jpeg 540w\" sizes=\"auto, (max-width: 811px) 100vw, 811px\" \/><figcaption id=\"caption-attachment-237665\" class=\"wp-caption-text\">Mar\u00eda Alejandra Urbano Mart\u00ednez y Javier Hern\u00e1n Bernate Ortega, cumplir\u00e1n su medida de aseguramiento en la c\u00e1rcel de Pitalito (Huila).<\/figcaption><\/figure>\n<p>La primera medida afect\u00f3 a\u00a0<a name=\"m_-507938166758760074_x_x_x_x__Hlk91652829\"><\/a>Mar\u00eda Alejandra Urbano Mart\u00ednez y a Javier Hern\u00e1n Bernate Ortega,<a name=\"m_-507938166758760074_x_x_x_x__Hlk91652862\"><\/a>\u00a0a quienes tambi\u00e9n se les imput\u00f3 el delito de\u00a0<b>tr\u00e1fico, fabricaci\u00f3n o porte de estupefacientes,<\/b>\u00a0luego de que\u00a0fueran capturadas el 27 de diciembre de 2021, en un allanamiento que se realiz\u00f3 a una vivienda en el corregimiento de San Pedro, jurisdicci\u00f3n del municipio de Col\u00f3n (Putumayo), donde presuntamente expend\u00edan alucin\u00f3genos.<\/p>\n<p>Durante la diligencia le fueron incautados estupefacientes y 1 arma de fuego. La privaci\u00f3n de la libertad de estas dos personas se llevar\u00e1 a cabo en la c\u00e1rcel de Pitalito (Huila).<\/p>\n<p>La segunda investigaci\u00f3n involucra a Javier Andr\u00e9s Montealegre Golondrino y a Yoldy Suleima Anacona Samboni, por los hechos ocurridos el pasado 23 de diciembre de 2021, en el municipio de Villagarz\u00f3n (Putumayo), donde los imputados fueron capturados por la Polic\u00eda Nacional en momentos en que presuntamente transportaban en un veh\u00edculo, 2 armas de fuego tipo rev\u00f3lver 38, 17 municiones calibre 38 y dinero en efectivo.<\/p>\n<p>Por disposici\u00f3n del juez, la mujer deber\u00e1 cumplir su medida en la c\u00e1rcel de Pitalito (Huila) y Montealegre Golondrino en su lugar de domicilio.<\/p>\n<p>La Fiscal\u00eda General de la Naci\u00f3n habla con resultados.<\/p>\n<p>MEVA\/MG\/DV\/OO<\/p>\n<p><i><span lang=\"ES\">La informaci\u00f3n contenida en este bolet\u00edn de prensa corresponde a la narraci\u00f3n de los hechos noticiosos objetivos, suministrados por los funcionarios encargados de adelantar las investigaciones penales al interior de la Fiscal\u00eda General de la Naci\u00f3n. Para el momento de la divulgaci\u00f3n de este comunicado, la situaci\u00f3n jur\u00eddica de la(s) persona(s) relacionada(s) se encuentra pendiente de resolver por la autoridad judicial competente, siempre bajo los preceptos de la presunci\u00f3n de inocencia, consagrados en el art\u00edculo 29 de la Constituci\u00f3n Pol\u00edtica y el art\u00edculo 7\u00ba de la Ley 906 de 2004.<\/span><\/i><\/p>\n<p><b><span lang=\"ES\">Le puede interesar:<\/span><\/b><\/p>\n<p><a title=\"Asegurados dos hombres investigados por tr\u00e1fico de armas en zona rural de Oca\u00f1a (Norte de Santander)\" href=\"https:\/\/www.fiscalia.gov.co\/colombia\/noticias\/asegurados-dos-hombres-investigados-por-trafico-de-armas-en-zona-rural-de-ocana-norte-de-santander\/\" target=\"_blank\" rel=\"noopener noreferrer\" data-saferedirecturl=\"https:\/\/www.google.com\/url?q=https:\/\/www.fiscalia.gov.co\/colombia\/noticias\/asegurados-dos-hombres-investigados-por-trafico-de-armas-en-zona-rural-de-ocana-norte-de-santander\/&amp;source=gmail&amp;ust=1641323138610000&amp;usg=AOvVaw3_5PZpZ5VStnFLXNTRlnEm\">Asegurados dos hombres investigados por tr\u00e1fico de armas en zona rural de Oca\u00f1a (Norte de Santander)<\/a><\/p>\n<p><a title=\"A la c\u00e1rcel 4 presuntos integrantes de banda criminal dedicada al tr\u00e1fico de estupefacientes en la zona norte de Tolima\" href=\"https:\/\/www.fiscalia.gov.co\/colombia\/noticias\/a-la-carcel-4-presuntos-integrantes-de-banda-criminal-dedicada-al-trafico-de-estupefacientes-en-la-zona-norte-de-tolima\/\" target=\"_blank\" rel=\"noopener noreferrer\" data-saferedirecturl=\"https:\/\/www.google.com\/url?q=https:\/\/www.fiscalia.gov.co\/colombia\/noticias\/a-la-carcel-4-presuntos-integrantes-de-banda-criminal-dedicada-al-trafico-de-estupefacientes-en-la-zona-norte-de-tolima\/&amp;source=gmail&amp;ust=1641323138611000&amp;usg=AOvVaw3fBiFor8Hf9LJxzh19G01b\">A la c\u00e1rcel 4 presuntos integrantes de banda criminal dedicada al tr\u00e1fico de estupefacientes en la zona norte de Tolima<\/a><\/p>\n<p>&nbsp;<\/p>\n<p>&nbsp;<\/p>\n<p>&nbsp;<\/p>\n\n<div class=\"twitter-share\"><a href=\"https:\/\/twitter.com\/intent\/tweet?via=fiscaliacol\" class=\"twitter-share-button\">Tweet<\/a><\/div>\n","protected":false},"excerpt":{"rendered":"<p>Las pruebas aportadas por la Fiscal\u00eda General de la Naci\u00f3n\u00a0fueron suficientes para que dos jueces con funci\u00f3n de control de garant\u00edas, en hechos aislados, aseguraran preventivamente a cuatro de personas presuntas responsables del delito de\u00a0fabricaci\u00f3n, tr\u00e1fico, porte o tenencia de arma de fuego. La primera medida afect\u00f3 a\u00a0Mar\u00eda Alejandra Urbano Mart\u00ednez y a Javier Hern\u00e1n [&hellip;]<\/p>\n","protected":false},"author":176,"featured_media":0,"comment_status":"closed","ping_status":"open","sticky":false,"template":"","format":"standard","meta":{"tdm_status":"","tdm_grid_status":"","footnotes":""},"categories":[1,2910,303,24099],"tags":[29949,24187,1047,558,2279,916,155],"class_list":{"0":"post-237664","1":"post","2":"type-post","3":"status-publish","4":"format-standard","6":"category-noticias","7":"category-seccional-mocoa","8":"category-seccionales","9":"category-seguridad-territorial","10":"tag-fabricacion-de-armas","11":"tag-fiscalia-colombia","12":"tag-fiscalia-general-de-la-nacion","13":"tag-policia-nacional","14":"tag-putumayo","15":"tag-trafico","16":"tag-trafico-de-estupefacientes"},"yoast_head":"<!-- This site is optimized with the Yoast SEO plugin v24.3 - https:\/\/yoast.com\/wordpress\/plugins\/seo\/ -->\n<title>Fiscal\u00eda General de la Naci\u00f3n<\/title>\n<meta name=\"description\" content=\"P\u00e1gina oficial de la Fiscal\u00eda General de la Naci\u00f3n \u2013 Colombia. Garantizamos el acceso efectivo a la justicia, la verdad y la reparaci\u00f3n de las v\u00edctimas de los delitos.\" \/>\n<meta name=\"robots\" content=\"noindex, follow\" \/>\n<meta property=\"og:locale\" content=\"es_ES\" \/>\n<meta property=\"og:type\" content=\"article\" \/>\n<meta property=\"og:title\" content=\"Fiscal\u00eda General de la Naci\u00f3n\" \/>\n<meta property=\"og:description\" content=\"P\u00e1gina oficial de la Fiscal\u00eda General de la Naci\u00f3n \u2013 Colombia. Garantizamos el acceso efectivo a la justicia, la verdad y la reparaci\u00f3n de las v\u00edctimas de los delitos.\" \/>\n<meta property=\"og:url\" content=\"https:\/\/www.fiscalia.gov.co\/colombia\/noticias\/judicializadas-cuatro-personas-por-su-presunta-responsabilidad-en-el-delito-de-fabricacion-trafico-porte-o-tenencia-de-arma-de-fuego-en-putumayo\/\" \/>\n<meta property=\"og:site_name\" content=\"Fiscal\u00eda General de la Naci\u00f3n\" \/>\n<meta property=\"article:publisher\" content=\"https:\/\/www.facebook.com\/FiscaliaCol\" \/>\n<meta property=\"article:published_time\" content=\"2022-01-03T21:00:53+00:00\" \/>\n<meta property=\"og:image\" content=\"https:\/\/www.fiscalia.gov.co\/colombia\/wp-content\/uploads\/Foto-3-de-enero-trafico-de-estupefacientes-y-armas-Putumayo.jpeg\" \/>\n<meta name=\"author\" content=\"Johanna Black Prieto Pe\u00f1a\" \/>\n<meta name=\"twitter:card\" content=\"summary_large_image\" \/>\n<meta name=\"twitter:creator\" content=\"@FiscaliaCol\" \/>\n<meta name=\"twitter:site\" content=\"@FiscaliaCol\" \/>\n<meta name=\"twitter:label1\" content=\"Escrito por\" \/>\n\t<meta name=\"twitter:data1\" content=\"Johanna Black Prieto Pe\u00f1a\" \/>\n\t<meta name=\"twitter:label2\" content=\"Tiempo de lectura\" \/>\n\t<meta name=\"twitter:data2\" content=\"2 minutos\" \/>\n<script type=\"application\/ld+json\" class=\"yoast-schema-graph\">{\"@context\":\"https:\/\/schema.org\",\"@graph\":[{\"@type\":\"Article\",\"@id\":\"https:\/\/www.fiscalia.gov.co\/colombia\/noticias\/judicializadas-cuatro-personas-por-su-presunta-responsabilidad-en-el-delito-de-fabricacion-trafico-porte-o-tenencia-de-arma-de-fuego-en-putumayo\/#article\",\"isPartOf\":{\"@id\":\"https:\/\/www.fiscalia.gov.co\/colombia\/noticias\/judicializadas-cuatro-personas-por-su-presunta-responsabilidad-en-el-delito-de-fabricacion-trafico-porte-o-tenencia-de-arma-de-fuego-en-putumayo\/\"},\"author\":{\"name\":\"Johanna Black Prieto Pe\u00f1a\",\"@id\":\"https:\/\/www.fiscalia.gov.co\/colombia\/#\/schema\/person\/b19b49f26569f91393176a2b3d13a0e5\"},\"headline\":\"Judicializadas cuatro personas por su presunta responsabilidad en el delito de fabricaci\u00f3n tr\u00e1fico, porte o tenencia de arma de fuego en Putumayo\",\"datePublished\":\"2022-01-03T21:00:53+00:00\",\"dateModified\":\"2022-01-03T21:00:53+00:00\",\"mainEntityOfPage\":{\"@id\":\"https:\/\/www.fiscalia.gov.co\/colombia\/noticias\/judicializadas-cuatro-personas-por-su-presunta-responsabilidad-en-el-delito-de-fabricacion-trafico-porte-o-tenencia-de-arma-de-fuego-en-putumayo\/\"},\"wordCount\":466,\"publisher\":{\"@id\":\"https:\/\/www.fiscalia.gov.co\/colombia\/#organization\"},\"image\":{\"@id\":\"https:\/\/www.fiscalia.gov.co\/colombia\/noticias\/judicializadas-cuatro-personas-por-su-presunta-responsabilidad-en-el-delito-de-fabricacion-trafico-porte-o-tenencia-de-arma-de-fuego-en-putumayo\/#primaryimage\"},\"thumbnailUrl\":\"https:\/\/www.fiscalia.gov.co\/colombia\/wp-content\/uploads\/Foto-3-de-enero-trafico-de-estupefacientes-y-armas-Putumayo.jpeg\",\"keywords\":[\"fabricaci\u00f3n de armas\",\"Fiscal\u00eda Colombia\",\"Fiscal\u00eda General de la Naci\u00f3n\",\"Polic\u00eda Nacional\",\"Putumayo\",\"Tr\u00e1fico\",\"Tr\u00e1fico de estupefacientes\"],\"articleSection\":[\"Noticias\",\"Seccional Mocoa\",\"Seccionales\",\"Seguridad territorial\"],\"inLanguage\":\"es-CO\"},{\"@type\":\"WebPage\",\"@id\":\"https:\/\/www.fiscalia.gov.co\/colombia\/noticias\/judicializadas-cuatro-personas-por-su-presunta-responsabilidad-en-el-delito-de-fabricacion-trafico-porte-o-tenencia-de-arma-de-fuego-en-putumayo\/\",\"url\":\"https:\/\/www.fiscalia.gov.co\/colombia\/noticias\/judicializadas-cuatro-personas-por-su-presunta-responsabilidad-en-el-delito-de-fabricacion-trafico-porte-o-tenencia-de-arma-de-fuego-en-putumayo\/\",\"name\":\"Fiscal\u00eda General de la Naci\u00f3n\",\"isPartOf\":{\"@id\":\"https:\/\/www.fiscalia.gov.co\/colombia\/#website\"},\"primaryImageOfPage\":{\"@id\":\"https:\/\/www.fiscalia.gov.co\/colombia\/noticias\/judicializadas-cuatro-personas-por-su-presunta-responsabilidad-en-el-delito-de-fabricacion-trafico-porte-o-tenencia-de-arma-de-fuego-en-putumayo\/#primaryimage\"},\"image\":{\"@id\":\"https:\/\/www.fiscalia.gov.co\/colombia\/noticias\/judicializadas-cuatro-personas-por-su-presunta-responsabilidad-en-el-delito-de-fabricacion-trafico-porte-o-tenencia-de-arma-de-fuego-en-putumayo\/#primaryimage\"},\"thumbnailUrl\":\"https:\/\/www.fiscalia.gov.co\/colombia\/wp-content\/uploads\/Foto-3-de-enero-trafico-de-estupefacientes-y-armas-Putumayo.jpeg\",\"datePublished\":\"2022-01-03T21:00:53+00:00\",\"dateModified\":\"2022-01-03T21:00:53+00:00\",\"description\":\"P\u00e1gina oficial de la Fiscal\u00eda General de la Naci\u00f3n \u2013 Colombia. Garantizamos el acceso efectivo a la justicia, la verdad y la reparaci\u00f3n de las v\u00edctimas de los delitos.\",\"breadcrumb\":{\"@id\":\"https:\/\/www.fiscalia.gov.co\/colombia\/noticias\/judicializadas-cuatro-personas-por-su-presunta-responsabilidad-en-el-delito-de-fabricacion-trafico-porte-o-tenencia-de-arma-de-fuego-en-putumayo\/#breadcrumb\"},\"inLanguage\":\"es-CO\",\"potentialAction\":[{\"@type\":\"ReadAction\",\"target\":[\"https:\/\/www.fiscalia.gov.co\/colombia\/noticias\/judicializadas-cuatro-personas-por-su-presunta-responsabilidad-en-el-delito-de-fabricacion-trafico-porte-o-tenencia-de-arma-de-fuego-en-putumayo\/\"]}]},{\"@type\":\"ImageObject\",\"inLanguage\":\"es-CO\",\"@id\":\"https:\/\/www.fiscalia.gov.co\/colombia\/noticias\/judicializadas-cuatro-personas-por-su-presunta-responsabilidad-en-el-delito-de-fabricacion-trafico-porte-o-tenencia-de-arma-de-fuego-en-putumayo\/#primaryimage\",\"url\":\"https:\/\/www.fiscalia.gov.co\/colombia\/wp-content\/uploads\/Foto-3-de-enero-trafico-de-estupefacientes-y-armas-Putumayo.jpeg\",\"contentUrl\":\"https:\/\/www.fiscalia.gov.co\/colombia\/wp-content\/uploads\/Foto-3-de-enero-trafico-de-estupefacientes-y-armas-Putumayo.jpeg\",\"width\":811,\"height\":631,\"caption\":\"Mar\u00eda Alejandra Urbano Mart\u00ednez y Javier Hern\u00e1n Bernate Ortega, cumplir\u00e1n su medida de aseguramiento en la c\u00e1rcel de Pitalito (Huila).\"},{\"@type\":\"BreadcrumbList\",\"@id\":\"https:\/\/www.fiscalia.gov.co\/colombia\/noticias\/judicializadas-cuatro-personas-por-su-presunta-responsabilidad-en-el-delito-de-fabricacion-trafico-porte-o-tenencia-de-arma-de-fuego-en-putumayo\/#breadcrumb\",\"itemListElement\":[{\"@type\":\"ListItem\",\"position\":1,\"name\":\"Home\",\"item\":\"https:\/\/www.fiscalia.gov.co\/colombia\/\"},{\"@type\":\"ListItem\",\"position\":2,\"name\":\"Judicializadas cuatro personas por su presunta responsabilidad en el delito de fabricaci\u00f3n tr\u00e1fico, porte o tenencia de arma de fuego en Putumayo\"}]},{\"@type\":\"WebSite\",\"@id\":\"https:\/\/www.fiscalia.gov.co\/colombia\/#website\",\"url\":\"https:\/\/www.fiscalia.gov.co\/colombia\/\",\"name\":\"Fiscal\u00eda General de la Naci\u00f3n\",\"description\":\"P\u00e1gina oficial de la Fiscal\u00eda General de la Naci\u00f3n \u2013 Colombia. Garantizamos el acceso efectivo a la justicia, la verdad y la reparaci\u00f3n de las v\u00edctimas de los delitos.\",\"publisher\":{\"@id\":\"https:\/\/www.fiscalia.gov.co\/colombia\/#organization\"},\"potentialAction\":[{\"@type\":\"SearchAction\",\"target\":{\"@type\":\"EntryPoint\",\"urlTemplate\":\"https:\/\/www.fiscalia.gov.co\/colombia\/?s={search_term_string}\"},\"query-input\":{\"@type\":\"PropertyValueSpecification\",\"valueRequired\":true,\"valueName\":\"search_term_string\"}}],\"inLanguage\":\"es-CO\"},{\"@type\":\"Organization\",\"@id\":\"https:\/\/www.fiscalia.gov.co\/colombia\/#organization\",\"name\":\"Fiscal\u00eda General de la Naci\u00f3n\",\"url\":\"https:\/\/www.fiscalia.gov.co\/colombia\/\",\"logo\":{\"@type\":\"ImageObject\",\"inLanguage\":\"es-CO\",\"@id\":\"https:\/\/www.fiscalia.gov.co\/colombia\/#\/schema\/logo\/image\/\",\"url\":\"https:\/\/www.fiscalia.gov.co\/colombia\/wp-content\/uploads\/LogoHorizontal_1.jpg\",\"contentUrl\":\"https:\/\/www.fiscalia.gov.co\/colombia\/wp-content\/uploads\/LogoHorizontal_1.jpg\",\"width\":300,\"height\":90,\"caption\":\"Fiscal\u00eda General de la Naci\u00f3n\"},\"image\":{\"@id\":\"https:\/\/www.fiscalia.gov.co\/colombia\/#\/schema\/logo\/image\/\"},\"sameAs\":[\"https:\/\/www.facebook.com\/FiscaliaCol\",\"https:\/\/x.com\/FiscaliaCol\",\"https:\/\/www.instagram.com\/fiscaliacol\",\"https:\/\/www.linkedin.com\/company\/fiscalia-general-de-la-naci-n\/\",\"https:\/\/youtube.com\/@fiscaliageneraldelanacion-4668?si=6nN79nyQICPU5iTh\"]},{\"@type\":\"Person\",\"@id\":\"https:\/\/www.fiscalia.gov.co\/colombia\/#\/schema\/person\/b19b49f26569f91393176a2b3d13a0e5\",\"name\":\"Johanna Black Prieto Pe\u00f1a\",\"image\":{\"@type\":\"ImageObject\",\"inLanguage\":\"es-CO\",\"@id\":\"https:\/\/www.fiscalia.gov.co\/colombia\/#\/schema\/person\/image\/\",\"url\":\"https:\/\/secure.gravatar.com\/avatar\/7f04518e1774335e76d761d76f04003e?s=96&d=mm&r=g\",\"contentUrl\":\"https:\/\/secure.gravatar.com\/avatar\/7f04518e1774335e76d761d76f04003e?s=96&d=mm&r=g\",\"caption\":\"Johanna Black Prieto Pe\u00f1a\"},\"url\":\"https:\/\/www.fiscalia.gov.co\/colombia\/author\/jprieto\/\"}]}<\/script>\n<!-- \/ Yoast SEO plugin. -->","yoast_head_json":{"title":"Fiscal\u00eda General de la Naci\u00f3n","description":"P\u00e1gina oficial de la Fiscal\u00eda General de la Naci\u00f3n \u2013 Colombia. Garantizamos el acceso efectivo a la justicia, la verdad y la reparaci\u00f3n de las v\u00edctimas de los delitos.","robots":{"index":"noindex","follow":"follow"},"og_locale":"es_ES","og_type":"article","og_title":"Fiscal\u00eda General de la Naci\u00f3n","og_description":"P\u00e1gina oficial de la Fiscal\u00eda General de la Naci\u00f3n \u2013 Colombia. Garantizamos el acceso efectivo a la justicia, la verdad y la reparaci\u00f3n de las v\u00edctimas de los delitos.","og_url":"https:\/\/www.fiscalia.gov.co\/colombia\/noticias\/judicializadas-cuatro-personas-por-su-presunta-responsabilidad-en-el-delito-de-fabricacion-trafico-porte-o-tenencia-de-arma-de-fuego-en-putumayo\/","og_site_name":"Fiscal\u00eda General de la Naci\u00f3n","article_publisher":"https:\/\/www.facebook.com\/FiscaliaCol","article_published_time":"2022-01-03T21:00:53+00:00","og_image":[{"url":"https:\/\/www.fiscalia.gov.co\/colombia\/wp-content\/uploads\/Foto-3-de-enero-trafico-de-estupefacientes-y-armas-Putumayo.jpeg","type":"","width":"","height":""}],"author":"Johanna Black Prieto Pe\u00f1a","twitter_card":"summary_large_image","twitter_creator":"@FiscaliaCol","twitter_site":"@FiscaliaCol","twitter_misc":{"Escrito por":"Johanna Black Prieto Pe\u00f1a","Tiempo de lectura":"2 minutos"},"schema":{"@context":"https:\/\/schema.org","@graph":[{"@type":"Article","@id":"https:\/\/www.fiscalia.gov.co\/colombia\/noticias\/judicializadas-cuatro-personas-por-su-presunta-responsabilidad-en-el-delito-de-fabricacion-trafico-porte-o-tenencia-de-arma-de-fuego-en-putumayo\/#article","isPartOf":{"@id":"https:\/\/www.fiscalia.gov.co\/colombia\/noticias\/judicializadas-cuatro-personas-por-su-presunta-responsabilidad-en-el-delito-de-fabricacion-trafico-porte-o-tenencia-de-arma-de-fuego-en-putumayo\/"},"author":{"name":"Johanna Black Prieto Pe\u00f1a","@id":"https:\/\/www.fiscalia.gov.co\/colombia\/#\/schema\/person\/b19b49f26569f91393176a2b3d13a0e5"},"headline":"Judicializadas cuatro personas por su presunta responsabilidad en el delito de fabricaci\u00f3n tr\u00e1fico, porte o tenencia de arma de fuego en Putumayo","datePublished":"2022-01-03T21:00:53+00:00","dateModified":"2022-01-03T21:00:53+00:00","mainEntityOfPage":{"@id":"https:\/\/www.fiscalia.gov.co\/colombia\/noticias\/judicializadas-cuatro-personas-por-su-presunta-responsabilidad-en-el-delito-de-fabricacion-trafico-porte-o-tenencia-de-arma-de-fuego-en-putumayo\/"},"wordCount":466,"publisher":{"@id":"https:\/\/www.fiscalia.gov.co\/colombia\/#organization"},"image":{"@id":"https:\/\/www.fiscalia.gov.co\/colombia\/noticias\/judicializadas-cuatro-personas-por-su-presunta-responsabilidad-en-el-delito-de-fabricacion-trafico-porte-o-tenencia-de-arma-de-fuego-en-putumayo\/#primaryimage"},"thumbnailUrl":"https:\/\/www.fiscalia.gov.co\/colombia\/wp-content\/uploads\/Foto-3-de-enero-trafico-de-estupefacientes-y-armas-Putumayo.jpeg","keywords":["fabricaci\u00f3n de armas","Fiscal\u00eda Colombia","Fiscal\u00eda General de la Naci\u00f3n","Polic\u00eda Nacional","Putumayo","Tr\u00e1fico","Tr\u00e1fico de estupefacientes"],"articleSection":["Noticias","Seccional Mocoa","Seccionales","Seguridad territorial"],"inLanguage":"es-CO"},{"@type":"WebPage","@id":"https:\/\/www.fiscalia.gov.co\/colombia\/noticias\/judicializadas-cuatro-personas-por-su-presunta-responsabilidad-en-el-delito-de-fabricacion-trafico-porte-o-tenencia-de-arma-de-fuego-en-putumayo\/","url":"https:\/\/www.fiscalia.gov.co\/colombia\/noticias\/judicializadas-cuatro-personas-por-su-presunta-responsabilidad-en-el-delito-de-fabricacion-trafico-porte-o-tenencia-de-arma-de-fuego-en-putumayo\/","name":"Fiscal\u00eda General de la Naci\u00f3n","isPartOf":{"@id":"https:\/\/www.fiscalia.gov.co\/colombia\/#website"},"primaryImageOfPage":{"@id":"https:\/\/www.fiscalia.gov.co\/colombia\/noticias\/judicializadas-cuatro-personas-por-su-presunta-responsabilidad-en-el-delito-de-fabricacion-trafico-porte-o-tenencia-de-arma-de-fuego-en-putumayo\/#primaryimage"},"image":{"@id":"https:\/\/www.fiscalia.gov.co\/colombia\/noticias\/judicializadas-cuatro-personas-por-su-presunta-responsabilidad-en-el-delito-de-fabricacion-trafico-porte-o-tenencia-de-arma-de-fuego-en-putumayo\/#primaryimage"},"thumbnailUrl":"https:\/\/www.fiscalia.gov.co\/colombia\/wp-content\/uploads\/Foto-3-de-enero-trafico-de-estupefacientes-y-armas-Putumayo.jpeg","datePublished":"2022-01-03T21:00:53+00:00","dateModified":"2022-01-03T21:00:53+00:00","description":"P\u00e1gina oficial de la Fiscal\u00eda General de la Naci\u00f3n \u2013 Colombia. Garantizamos el acceso efectivo a la justicia, la verdad y la reparaci\u00f3n de las v\u00edctimas de los delitos.","breadcrumb":{"@id":"https:\/\/www.fiscalia.gov.co\/colombia\/noticias\/judicializadas-cuatro-personas-por-su-presunta-responsabilidad-en-el-delito-de-fabricacion-trafico-porte-o-tenencia-de-arma-de-fuego-en-putumayo\/#breadcrumb"},"inLanguage":"es-CO","potentialAction":[{"@type":"ReadAction","target":["https:\/\/www.fiscalia.gov.co\/colombia\/noticias\/judicializadas-cuatro-personas-por-su-presunta-responsabilidad-en-el-delito-de-fabricacion-trafico-porte-o-tenencia-de-arma-de-fuego-en-putumayo\/"]}]},{"@type":"ImageObject","inLanguage":"es-CO","@id":"https:\/\/www.fiscalia.gov.co\/colombia\/noticias\/judicializadas-cuatro-personas-por-su-presunta-responsabilidad-en-el-delito-de-fabricacion-trafico-porte-o-tenencia-de-arma-de-fuego-en-putumayo\/#primaryimage","url":"https:\/\/www.fiscalia.gov.co\/colombia\/wp-content\/uploads\/Foto-3-de-enero-trafico-de-estupefacientes-y-armas-Putumayo.jpeg","contentUrl":"https:\/\/www.fiscalia.gov.co\/colombia\/wp-content\/uploads\/Foto-3-de-enero-trafico-de-estupefacientes-y-armas-Putumayo.jpeg","width":811,"height":631,"caption":"Mar\u00eda Alejandra Urbano Mart\u00ednez y Javier Hern\u00e1n Bernate Ortega, cumplir\u00e1n su medida de aseguramiento en la c\u00e1rcel de Pitalito (Huila)."},{"@type":"BreadcrumbList","@id":"https:\/\/www.fiscalia.gov.co\/colombia\/noticias\/judicializadas-cuatro-personas-por-su-presunta-responsabilidad-en-el-delito-de-fabricacion-trafico-porte-o-tenencia-de-arma-de-fuego-en-putumayo\/#breadcrumb","itemListElement":[{"@type":"ListItem","position":1,"name":"Home","item":"https:\/\/www.fiscalia.gov.co\/colombia\/"},{"@type":"ListItem","position":2,"name":"Judicializadas cuatro personas por su presunta responsabilidad en el delito de fabricaci\u00f3n tr\u00e1fico, porte o tenencia de arma de fuego en Putumayo"}]},{"@type":"WebSite","@id":"https:\/\/www.fiscalia.gov.co\/colombia\/#website","url":"https:\/\/www.fiscalia.gov.co\/colombia\/","name":"Fiscal\u00eda General de la Naci\u00f3n","description":"P\u00e1gina oficial de la Fiscal\u00eda General de la Naci\u00f3n \u2013 Colombia. Garantizamos el acceso efectivo a la justicia, la verdad y la reparaci\u00f3n de las v\u00edctimas de los delitos.","publisher":{"@id":"https:\/\/www.fiscalia.gov.co\/colombia\/#organization"},"potentialAction":[{"@type":"SearchAction","target":{"@type":"EntryPoint","urlTemplate":"https:\/\/www.fiscalia.gov.co\/colombia\/?s={search_term_string}"},"query-input":{"@type":"PropertyValueSpecification","valueRequired":true,"valueName":"search_term_string"}}],"inLanguage":"es-CO"},{"@type":"Organization","@id":"https:\/\/www.fiscalia.gov.co\/colombia\/#organization","name":"Fiscal\u00eda General de la Naci\u00f3n","url":"https:\/\/www.fiscalia.gov.co\/colombia\/","logo":{"@type":"ImageObject","inLanguage":"es-CO","@id":"https:\/\/www.fiscalia.gov.co\/colombia\/#\/schema\/logo\/image\/","url":"https:\/\/www.fiscalia.gov.co\/colombia\/wp-content\/uploads\/LogoHorizontal_1.jpg","contentUrl":"https:\/\/www.fiscalia.gov.co\/colombia\/wp-content\/uploads\/LogoHorizontal_1.jpg","width":300,"height":90,"caption":"Fiscal\u00eda General de la Naci\u00f3n"},"image":{"@id":"https:\/\/www.fiscalia.gov.co\/colombia\/#\/schema\/logo\/image\/"},"sameAs":["https:\/\/www.facebook.com\/FiscaliaCol","https:\/\/x.com\/FiscaliaCol","https:\/\/www.instagram.com\/fiscaliacol","https:\/\/www.linkedin.com\/company\/fiscalia-general-de-la-naci-n\/","https:\/\/youtube.com\/@fiscaliageneraldelanacion-4668?si=6nN79nyQICPU5iTh"]},{"@type":"Person","@id":"https:\/\/www.fiscalia.gov.co\/colombia\/#\/schema\/person\/b19b49f26569f91393176a2b3d13a0e5","name":"Johanna Black Prieto Pe\u00f1a","image":{"@type":"ImageObject","inLanguage":"es-CO","@id":"https:\/\/www.fiscalia.gov.co\/colombia\/#\/schema\/person\/image\/","url":"https:\/\/secure.gravatar.com\/avatar\/7f04518e1774335e76d761d76f04003e?s=96&d=mm&r=g","contentUrl":"https:\/\/secure.gravatar.com\/avatar\/7f04518e1774335e76d761d76f04003e?s=96&d=mm&r=g","caption":"Johanna Black Prieto Pe\u00f1a"},"url":"https:\/\/www.fiscalia.gov.co\/colombia\/author\/jprieto\/"}]}},"_links":{"self":[{"href":"https:\/\/www.fiscalia.gov.co\/colombia\/wp-json\/wp\/v2\/posts\/237664","targetHints":{"allow":["GET"]}}],"collection":[{"href":"https:\/\/www.fiscalia.gov.co\/colombia\/wp-json\/wp\/v2\/posts"}],"about":[{"href":"https:\/\/www.fiscalia.gov.co\/colombia\/wp-json\/wp\/v2\/types\/post"}],"author":[{"embeddable":true,"href":"https:\/\/www.fiscalia.gov.co\/colombia\/wp-json\/wp\/v2\/users\/176"}],"replies":[{"embeddable":true,"href":"https:\/\/www.fiscalia.gov.co\/colombia\/wp-json\/wp\/v2\/comments?post=237664"}],"version-history":[{"count":1,"href":"https:\/\/www.fiscalia.gov.co\/colombia\/wp-json\/wp\/v2\/posts\/237664\/revisions"}],"predecessor-version":[{"id":237666,"href":"https:\/\/www.fiscalia.gov.co\/colombia\/wp-json\/wp\/v2\/posts\/237664\/revisions\/237666"}],"wp:attachment":[{"href":"https:\/\/www.fiscalia.gov.co\/colombia\/wp-json\/wp\/v2\/media?parent=237664"}],"wp:term":[{"taxonomy":"category","embeddable":true,"href":"https:\/\/www.fiscalia.gov.co\/colombia\/wp-json\/wp\/v2\/categories?post=237664"},{"taxonomy":"post_tag","embeddable":true,"href":"https:\/\/www.fiscalia.gov.co\/colombia\/wp-json\/wp\/v2\/tags?post=237664"}],"curies":[{"name":"wp","href":"https:\/\/api.w.org\/{rel}","templated":true}]}}