{"id":237653,"date":"2022-01-03T11:06:52","date_gmt":"2022-01-03T16:06:52","guid":{"rendered":"https:\/\/www.fiscalia.gov.co\/colombia\/?p=237653"},"modified":"2022-01-03T11:06:52","modified_gmt":"2022-01-03T16:06:52","slug":"judicializado-alias-plebeyo-buscado-por-homicidio-en-tumaco-narino","status":"publish","type":"post","link":"https:\/\/www.fiscalia.gov.co\/colombia\/noticias\/judicializado-alias-plebeyo-buscado-por-homicidio-en-tumaco-narino\/","title":{"rendered":"Judicializado alias \u2018Plebeyo\u2019, buscado por homicidio en Tumaco (Nari\u00f1o)"},"content":{"rendered":"<p style=\"font-weight: 400;\">Un hombre identificado como Maximiliano Castillo Angulo, alias \u2018Plebeyo\u2019, presunto integrante del grupo armado organizado\u00a0 \u00d3liver Sinisterra, fue capturado y posteriormente enviado a la c\u00e1rcel por decisi\u00f3n de un juez de control de garant\u00edas, luego de acoger la solicitud de la Fiscal\u00eda General de la Naci\u00f3n que lo investiga por un homicidio ocurrido en el municipio de Barbacoas (Nari\u00f1o).<\/p>\n<figure id=\"attachment_237654\" aria-describedby=\"caption-attachment-237654\" style=\"width: 713px\" class=\"wp-caption alignnone\"><img loading=\"lazy\" decoding=\"async\" class=\"size-full wp-image-237654\" src=\"https:\/\/www.fiscalia.gov.co\/colombia\/wp-content\/uploads\/Maximiliano-Castillo-Angulo-alias-Plebeyo.-Homicidio-y-porte-ilegal-de-armas-de-fuego.-1.jpg\" alt=\"\" width=\"713\" height=\"714\" srcset=\"https:\/\/www.fiscalia.gov.co\/colombia\/wp-content\/uploads\/Maximiliano-Castillo-Angulo-alias-Plebeyo.-Homicidio-y-porte-ilegal-de-armas-de-fuego.-1.jpg 713w, https:\/\/www.fiscalia.gov.co\/colombia\/wp-content\/uploads\/Maximiliano-Castillo-Angulo-alias-Plebeyo.-Homicidio-y-porte-ilegal-de-armas-de-fuego.-1-300x300.jpg 300w, https:\/\/www.fiscalia.gov.co\/colombia\/wp-content\/uploads\/Maximiliano-Castillo-Angulo-alias-Plebeyo.-Homicidio-y-porte-ilegal-de-armas-de-fuego.-1-150x150.jpg 150w, https:\/\/www.fiscalia.gov.co\/colombia\/wp-content\/uploads\/Maximiliano-Castillo-Angulo-alias-Plebeyo.-Homicidio-y-porte-ilegal-de-armas-de-fuego.-1-696x697.jpg 696w, https:\/\/www.fiscalia.gov.co\/colombia\/wp-content\/uploads\/Maximiliano-Castillo-Angulo-alias-Plebeyo.-Homicidio-y-porte-ilegal-de-armas-de-fuego.-1-419x420.jpg 419w\" sizes=\"auto, (max-width: 713px) 100vw, 713px\" \/><figcaption id=\"caption-attachment-237654\" class=\"wp-caption-text\">Maximiliano Castillo Angulo, alias \u2018Plebeyo\u2019, presunto integrante del grupo armado organizado\u00a0\u00d3liver Sinisterra, judicializado por homicidio y porte ilegal de armas de fuego agravados, en Barbacoas (Nari\u00f1o).<\/figcaption><\/figure>\n<p style=\"font-weight: 400;\">De acuerdo con la investigaci\u00f3n, los hechos materia de investigaci\u00f3n ocurrieron el 22 de enero de 2021, en una vivienda ubicada en el barrio Uribe Uribe del municipio en menci\u00f3n, donde dos hombres con armas de fuego ingresaron y dispararon contra Fausto Qui\u00f1\u00f3nez Cort\u00e9s. La v\u00edctima depart\u00eda con su familia y muri\u00f3 a causa de los m\u00faltiples disparos recibidos. Los atacantes huyeron.<\/p>\n<p style=\"font-weight: 400;\">El trabajo investigativo de polic\u00eda judicial permiti\u00f3 la plena identidad de quien presuntamente dispar\u00f3 contra Qui\u00f1\u00f3nez Cort\u00e9s, por lo que el fiscal del caso solicit\u00f3 orden de captura en contra de alias \u2018Plebeyo\u2019, la cual se realiz\u00f3 el pasado 24 de diciembre por parte de de la Polic\u00eda Nacional en El Charco (Nari\u00f1o).<\/p>\n<p style=\"font-weight: 400;\">En las audiencias preliminares la Fiscal\u00eda imput\u00f3 cargos en contra del capturado por los delitos de homicidio agravado y fabricaci\u00f3n, tr\u00e1fico, porte o tenencia de armas de fuego, accesorios, partes o municiones agravado.<\/p>\n<p style=\"font-weight: 400;\">El juez decidi\u00f3 que alias \u2018Plebeyo\u2019, quien no acept\u00f3 cargos, debe cumplir la medida de aseguramiento en el Centro Penitenciario Buchely de Tumaco (Nari\u00f1o).<\/p>\n<p style=\"font-weight: 400;\">La Fiscal\u00eda habla con resultados<\/p>\n<p style=\"font-weight: 400;\">MAP\/CFG\/LV\/<\/p>\n<p><em>La informaci\u00f3n contenida en este bolet\u00edn de prensa corresponde a la narraci\u00f3n de los hechos noticiosos objetivos, suministrados por los funcionarios encargados de adelantar las investigaciones penales al interior de la Fiscal\u00eda General de la Naci\u00f3n. Para el momento de la divulgaci\u00f3n de este comunicado, la situaci\u00f3n jur\u00eddica de la(s) persona(s) relacionada(s) se encuentra pendiente de resolver por la autoridad judicial competente, siempre bajo los preceptos de la presunci\u00f3n de inocencia, consagrados en el art\u00edculo 29 de la Constituci\u00f3n Pol\u00edtica y el art\u00edculo 7\u00ba de la Ley 906 de 2004.<\/em><\/p>\n<p>&nbsp;<\/p>\n<p>&nbsp;<\/p>\n<p><strong>\u00a0<\/strong><\/p>\n<p>&nbsp;<\/p>\n<p style=\"font-weight: 400;\">\n\n<div class=\"twitter-share\"><a href=\"https:\/\/twitter.com\/intent\/tweet?via=fiscaliacol\" class=\"twitter-share-button\">Tweet<\/a><\/div>\n","protected":false},"excerpt":{"rendered":"<p>Un hombre identificado como Maximiliano Castillo Angulo, alias \u2018Plebeyo\u2019, presunto integrante del grupo armado organizado\u00a0 \u00d3liver Sinisterra, fue capturado y posteriormente enviado a la c\u00e1rcel por decisi\u00f3n de un juez [&hellip;]<\/p>\n","protected":false},"author":176,"featured_media":0,"comment_status":"closed","ping_status":"open","sticky":false,"template":"","format":"standard","meta":{"tdm_status":"","tdm_grid_status":"","footnotes":""},"categories":[1,334,303],"tags":[25146,12424,14550,24551,25230,24187,26400,1185,24549,28816,14817,916],"class_list":["post-237653","post","type-post","status-publish","format-standard","category-noticias","category-seccional-pasto","category-seccionales","tag-accesorios","tag-capturado","tag-carcel","tag-centro-carcelario","tag-fiscal-general-de-nacion","tag-fiscalia-colombia","tag-homicidio-agravado-y-fabricacion","tag-medida-de-aseguramiento","tag-orden-judicial","tag-partes-o-municiones-agravado","tag-porte-o-tenencia-de-armas-de-fuego","tag-trafico"],"yoast_head":"<!-- This site is optimized with the Yoast SEO plugin v24.3 - https:\/\/yoast.com\/wordpress\/plugins\/seo\/ -->\n<title>Fiscal\u00eda General de la Naci\u00f3n<\/title>\n<meta name=\"description\" content=\"P\u00e1gina oficial de la Fiscal\u00eda General de la Naci\u00f3n \u2013 Colombia. Garantizamos el acceso efectivo a la justicia, la verdad y la reparaci\u00f3n de las v\u00edctimas de los delitos.\" \/>\n<meta name=\"robots\" content=\"noindex, follow\" \/>\n<meta property=\"og:locale\" content=\"es_ES\" \/>\n<meta property=\"og:type\" content=\"article\" \/>\n<meta property=\"og:title\" content=\"Fiscal\u00eda General de la Naci\u00f3n\" \/>\n<meta property=\"og:description\" content=\"P\u00e1gina oficial de la Fiscal\u00eda General de la Naci\u00f3n \u2013 Colombia. Garantizamos el acceso efectivo a la justicia, la verdad y la reparaci\u00f3n de las v\u00edctimas de los delitos.\" \/>\n<meta property=\"og:url\" content=\"https:\/\/www.fiscalia.gov.co\/colombia\/noticias\/judicializado-alias-plebeyo-buscado-por-homicidio-en-tumaco-narino\/\" \/>\n<meta property=\"og:site_name\" content=\"Fiscal\u00eda General de la Naci\u00f3n\" \/>\n<meta property=\"article:publisher\" content=\"https:\/\/www.facebook.com\/FiscaliaCol\" \/>\n<meta property=\"article:published_time\" content=\"2022-01-03T16:06:52+00:00\" \/>\n<meta property=\"og:image\" content=\"https:\/\/www.fiscalia.gov.co\/colombia\/wp-content\/uploads\/Maximiliano-Castillo-Angulo-alias-Plebeyo.-Homicidio-y-porte-ilegal-de-armas-de-fuego.-1.jpg\" \/>\n<meta name=\"author\" content=\"Johanna Black Prieto Pe\u00f1a\" \/>\n<meta name=\"twitter:card\" content=\"summary_large_image\" \/>\n<meta name=\"twitter:creator\" content=\"@FiscaliaCol\" \/>\n<meta name=\"twitter:site\" content=\"@FiscaliaCol\" \/>\n<meta name=\"twitter:label1\" content=\"Escrito por\" \/>\n\t<meta name=\"twitter:data1\" content=\"Johanna Black Prieto Pe\u00f1a\" \/>\n\t<meta name=\"twitter:label2\" content=\"Tiempo de lectura\" \/>\n\t<meta name=\"twitter:data2\" content=\"2 minutos\" \/>\n<script type=\"application\/ld+json\" class=\"yoast-schema-graph\">{\"@context\":\"https:\/\/schema.org\",\"@graph\":[{\"@type\":\"Article\",\"@id\":\"https:\/\/www.fiscalia.gov.co\/colombia\/noticias\/judicializado-alias-plebeyo-buscado-por-homicidio-en-tumaco-narino\/#article\",\"isPartOf\":{\"@id\":\"https:\/\/www.fiscalia.gov.co\/colombia\/noticias\/judicializado-alias-plebeyo-buscado-por-homicidio-en-tumaco-narino\/\"},\"author\":{\"name\":\"Johanna Black Prieto Pe\u00f1a\",\"@id\":\"https:\/\/www.fiscalia.gov.co\/colombia\/#\/schema\/person\/b19b49f26569f91393176a2b3d13a0e5\"},\"headline\":\"Judicializado alias \u2018Plebeyo\u2019, buscado por homicidio en Tumaco (Nari\u00f1o)\",\"datePublished\":\"2022-01-03T16:06:52+00:00\",\"dateModified\":\"2022-01-03T16:06:52+00:00\",\"mainEntityOfPage\":{\"@id\":\"https:\/\/www.fiscalia.gov.co\/colombia\/noticias\/judicializado-alias-plebeyo-buscado-por-homicidio-en-tumaco-narino\/\"},\"wordCount\":410,\"publisher\":{\"@id\":\"https:\/\/www.fiscalia.gov.co\/colombia\/#organization\"},\"image\":{\"@id\":\"https:\/\/www.fiscalia.gov.co\/colombia\/noticias\/judicializado-alias-plebeyo-buscado-por-homicidio-en-tumaco-narino\/#primaryimage\"},\"thumbnailUrl\":\"https:\/\/www.fiscalia.gov.co\/colombia\/wp-content\/uploads\/Maximiliano-Castillo-Angulo-alias-Plebeyo.-Homicidio-y-porte-ilegal-de-armas-de-fuego.-1.jpg\",\"keywords\":[\"accesorios\",\"Capturado\",\"C\u00e1rcel\",\"centro carcelario\",\"Fiscal General de Naci\u00f3n\",\"Fiscal\u00eda Colombia\",\"homicidio agravado y fabricaci\u00f3n\",\"Medida de aseguramiento\",\"orden judicial\",\"partes o municiones agravado\",\"porte o tenencia de armas de fuego\",\"Tr\u00e1fico\"],\"articleSection\":[\"Noticias\",\"Seccional Pasto\",\"Seccionales\"],\"inLanguage\":\"es-CO\"},{\"@type\":\"WebPage\",\"@id\":\"https:\/\/www.fiscalia.gov.co\/colombia\/noticias\/judicializado-alias-plebeyo-buscado-por-homicidio-en-tumaco-narino\/\",\"url\":\"https:\/\/www.fiscalia.gov.co\/colombia\/noticias\/judicializado-alias-plebeyo-buscado-por-homicidio-en-tumaco-narino\/\",\"name\":\"Fiscal\u00eda General de la Naci\u00f3n\",\"isPartOf\":{\"@id\":\"https:\/\/www.fiscalia.gov.co\/colombia\/#website\"},\"primaryImageOfPage\":{\"@id\":\"https:\/\/www.fiscalia.gov.co\/colombia\/noticias\/judicializado-alias-plebeyo-buscado-por-homicidio-en-tumaco-narino\/#primaryimage\"},\"image\":{\"@id\":\"https:\/\/www.fiscalia.gov.co\/colombia\/noticias\/judicializado-alias-plebeyo-buscado-por-homicidio-en-tumaco-narino\/#primaryimage\"},\"thumbnailUrl\":\"https:\/\/www.fiscalia.gov.co\/colombia\/wp-content\/uploads\/Maximiliano-Castillo-Angulo-alias-Plebeyo.-Homicidio-y-porte-ilegal-de-armas-de-fuego.-1.jpg\",\"datePublished\":\"2022-01-03T16:06:52+00:00\",\"dateModified\":\"2022-01-03T16:06:52+00:00\",\"description\":\"P\u00e1gina oficial de la Fiscal\u00eda General de la Naci\u00f3n \u2013 Colombia. Garantizamos el acceso efectivo a la justicia, la verdad y la reparaci\u00f3n de las v\u00edctimas de los delitos.\",\"breadcrumb\":{\"@id\":\"https:\/\/www.fiscalia.gov.co\/colombia\/noticias\/judicializado-alias-plebeyo-buscado-por-homicidio-en-tumaco-narino\/#breadcrumb\"},\"inLanguage\":\"es-CO\",\"potentialAction\":[{\"@type\":\"ReadAction\",\"target\":[\"https:\/\/www.fiscalia.gov.co\/colombia\/noticias\/judicializado-alias-plebeyo-buscado-por-homicidio-en-tumaco-narino\/\"]}]},{\"@type\":\"ImageObject\",\"inLanguage\":\"es-CO\",\"@id\":\"https:\/\/www.fiscalia.gov.co\/colombia\/noticias\/judicializado-alias-plebeyo-buscado-por-homicidio-en-tumaco-narino\/#primaryimage\",\"url\":\"https:\/\/www.fiscalia.gov.co\/colombia\/wp-content\/uploads\/Maximiliano-Castillo-Angulo-alias-Plebeyo.-Homicidio-y-porte-ilegal-de-armas-de-fuego.-1.jpg\",\"contentUrl\":\"https:\/\/www.fiscalia.gov.co\/colombia\/wp-content\/uploads\/Maximiliano-Castillo-Angulo-alias-Plebeyo.-Homicidio-y-porte-ilegal-de-armas-de-fuego.-1.jpg\",\"width\":713,\"height\":714,\"caption\":\"Maximiliano Castillo Angulo, alias \u2018Plebeyo\u2019, presunto integrante del grupo armado organizado\u00a0\u00d3liver Sinisterra, judicializado por homicidio y porte ilegal de armas de fuego agravados, en Barbacoas (Nari\u00f1o).\"},{\"@type\":\"BreadcrumbList\",\"@id\":\"https:\/\/www.fiscalia.gov.co\/colombia\/noticias\/judicializado-alias-plebeyo-buscado-por-homicidio-en-tumaco-narino\/#breadcrumb\",\"itemListElement\":[{\"@type\":\"ListItem\",\"position\":1,\"name\":\"Home\",\"item\":\"https:\/\/www.fiscalia.gov.co\/colombia\/\"},{\"@type\":\"ListItem\",\"position\":2,\"name\":\"Judicializado alias \u2018Plebeyo\u2019, buscado por homicidio en Tumaco (Nari\u00f1o)\"}]},{\"@type\":\"WebSite\",\"@id\":\"https:\/\/www.fiscalia.gov.co\/colombia\/#website\",\"url\":\"https:\/\/www.fiscalia.gov.co\/colombia\/\",\"name\":\"Fiscal\u00eda General de la Naci\u00f3n\",\"description\":\"P\u00e1gina oficial de la Fiscal\u00eda General de la Naci\u00f3n \u2013 Colombia. Garantizamos el acceso efectivo a la justicia, la verdad y la reparaci\u00f3n de las v\u00edctimas de los delitos.\",\"publisher\":{\"@id\":\"https:\/\/www.fiscalia.gov.co\/colombia\/#organization\"},\"potentialAction\":[{\"@type\":\"SearchAction\",\"target\":{\"@type\":\"EntryPoint\",\"urlTemplate\":\"https:\/\/www.fiscalia.gov.co\/colombia\/?s={search_term_string}\"},\"query-input\":{\"@type\":\"PropertyValueSpecification\",\"valueRequired\":true,\"valueName\":\"search_term_string\"}}],\"inLanguage\":\"es-CO\"},{\"@type\":\"Organization\",\"@id\":\"https:\/\/www.fiscalia.gov.co\/colombia\/#organization\",\"name\":\"Fiscal\u00eda General de la Naci\u00f3n\",\"url\":\"https:\/\/www.fiscalia.gov.co\/colombia\/\",\"logo\":{\"@type\":\"ImageObject\",\"inLanguage\":\"es-CO\",\"@id\":\"https:\/\/www.fiscalia.gov.co\/colombia\/#\/schema\/logo\/image\/\",\"url\":\"https:\/\/www.fiscalia.gov.co\/colombia\/wp-content\/uploads\/LogoHorizontal_1.jpg\",\"contentUrl\":\"https:\/\/www.fiscalia.gov.co\/colombia\/wp-content\/uploads\/LogoHorizontal_1.jpg\",\"width\":300,\"height\":90,\"caption\":\"Fiscal\u00eda General de la Naci\u00f3n\"},\"image\":{\"@id\":\"https:\/\/www.fiscalia.gov.co\/colombia\/#\/schema\/logo\/image\/\"},\"sameAs\":[\"https:\/\/www.facebook.com\/FiscaliaCol\",\"https:\/\/x.com\/FiscaliaCol\",\"https:\/\/www.instagram.com\/fiscaliacol\",\"https:\/\/www.linkedin.com\/company\/fiscalia-general-de-la-naci-n\/\",\"https:\/\/youtube.com\/@fiscaliageneraldelanacion-4668?si=6nN79nyQICPU5iTh\"]},{\"@type\":\"Person\",\"@id\":\"https:\/\/www.fiscalia.gov.co\/colombia\/#\/schema\/person\/b19b49f26569f91393176a2b3d13a0e5\",\"name\":\"Johanna Black Prieto Pe\u00f1a\",\"image\":{\"@type\":\"ImageObject\",\"inLanguage\":\"es-CO\",\"@id\":\"https:\/\/www.fiscalia.gov.co\/colombia\/#\/schema\/person\/image\/\",\"url\":\"https:\/\/secure.gravatar.com\/avatar\/7f04518e1774335e76d761d76f04003e?s=96&d=mm&r=g\",\"contentUrl\":\"https:\/\/secure.gravatar.com\/avatar\/7f04518e1774335e76d761d76f04003e?s=96&d=mm&r=g\",\"caption\":\"Johanna Black Prieto Pe\u00f1a\"},\"url\":\"https:\/\/www.fiscalia.gov.co\/colombia\/author\/jprieto\/\"}]}<\/script>\n<!-- \/ Yoast SEO plugin. -->","yoast_head_json":{"title":"Fiscal\u00eda General de la Naci\u00f3n","description":"P\u00e1gina oficial de la Fiscal\u00eda General de la Naci\u00f3n \u2013 Colombia. Garantizamos el acceso efectivo a la justicia, la verdad y la reparaci\u00f3n de las v\u00edctimas de los delitos.","robots":{"index":"noindex","follow":"follow"},"og_locale":"es_ES","og_type":"article","og_title":"Fiscal\u00eda General de la Naci\u00f3n","og_description":"P\u00e1gina oficial de la Fiscal\u00eda General de la Naci\u00f3n \u2013 Colombia. Garantizamos el acceso efectivo a la justicia, la verdad y la reparaci\u00f3n de las v\u00edctimas de los delitos.","og_url":"https:\/\/www.fiscalia.gov.co\/colombia\/noticias\/judicializado-alias-plebeyo-buscado-por-homicidio-en-tumaco-narino\/","og_site_name":"Fiscal\u00eda General de la Naci\u00f3n","article_publisher":"https:\/\/www.facebook.com\/FiscaliaCol","article_published_time":"2022-01-03T16:06:52+00:00","og_image":[{"url":"https:\/\/www.fiscalia.gov.co\/colombia\/wp-content\/uploads\/Maximiliano-Castillo-Angulo-alias-Plebeyo.-Homicidio-y-porte-ilegal-de-armas-de-fuego.-1.jpg","type":"","width":"","height":""}],"author":"Johanna Black Prieto Pe\u00f1a","twitter_card":"summary_large_image","twitter_creator":"@FiscaliaCol","twitter_site":"@FiscaliaCol","twitter_misc":{"Escrito por":"Johanna Black Prieto Pe\u00f1a","Tiempo de lectura":"2 minutos"},"schema":{"@context":"https:\/\/schema.org","@graph":[{"@type":"Article","@id":"https:\/\/www.fiscalia.gov.co\/colombia\/noticias\/judicializado-alias-plebeyo-buscado-por-homicidio-en-tumaco-narino\/#article","isPartOf":{"@id":"https:\/\/www.fiscalia.gov.co\/colombia\/noticias\/judicializado-alias-plebeyo-buscado-por-homicidio-en-tumaco-narino\/"},"author":{"name":"Johanna Black Prieto Pe\u00f1a","@id":"https:\/\/www.fiscalia.gov.co\/colombia\/#\/schema\/person\/b19b49f26569f91393176a2b3d13a0e5"},"headline":"Judicializado alias \u2018Plebeyo\u2019, buscado por homicidio en Tumaco (Nari\u00f1o)","datePublished":"2022-01-03T16:06:52+00:00","dateModified":"2022-01-03T16:06:52+00:00","mainEntityOfPage":{"@id":"https:\/\/www.fiscalia.gov.co\/colombia\/noticias\/judicializado-alias-plebeyo-buscado-por-homicidio-en-tumaco-narino\/"},"wordCount":410,"publisher":{"@id":"https:\/\/www.fiscalia.gov.co\/colombia\/#organization"},"image":{"@id":"https:\/\/www.fiscalia.gov.co\/colombia\/noticias\/judicializado-alias-plebeyo-buscado-por-homicidio-en-tumaco-narino\/#primaryimage"},"thumbnailUrl":"https:\/\/www.fiscalia.gov.co\/colombia\/wp-content\/uploads\/Maximiliano-Castillo-Angulo-alias-Plebeyo.-Homicidio-y-porte-ilegal-de-armas-de-fuego.-1.jpg","keywords":["accesorios","Capturado","C\u00e1rcel","centro carcelario","Fiscal General de Naci\u00f3n","Fiscal\u00eda Colombia","homicidio agravado y fabricaci\u00f3n","Medida de aseguramiento","orden judicial","partes o municiones agravado","porte o tenencia de armas de fuego","Tr\u00e1fico"],"articleSection":["Noticias","Seccional Pasto","Seccionales"],"inLanguage":"es-CO"},{"@type":"WebPage","@id":"https:\/\/www.fiscalia.gov.co\/colombia\/noticias\/judicializado-alias-plebeyo-buscado-por-homicidio-en-tumaco-narino\/","url":"https:\/\/www.fiscalia.gov.co\/colombia\/noticias\/judicializado-alias-plebeyo-buscado-por-homicidio-en-tumaco-narino\/","name":"Fiscal\u00eda General de la Naci\u00f3n","isPartOf":{"@id":"https:\/\/www.fiscalia.gov.co\/colombia\/#website"},"primaryImageOfPage":{"@id":"https:\/\/www.fiscalia.gov.co\/colombia\/noticias\/judicializado-alias-plebeyo-buscado-por-homicidio-en-tumaco-narino\/#primaryimage"},"image":{"@id":"https:\/\/www.fiscalia.gov.co\/colombia\/noticias\/judicializado-alias-plebeyo-buscado-por-homicidio-en-tumaco-narino\/#primaryimage"},"thumbnailUrl":"https:\/\/www.fiscalia.gov.co\/colombia\/wp-content\/uploads\/Maximiliano-Castillo-Angulo-alias-Plebeyo.-Homicidio-y-porte-ilegal-de-armas-de-fuego.-1.jpg","datePublished":"2022-01-03T16:06:52+00:00","dateModified":"2022-01-03T16:06:52+00:00","description":"P\u00e1gina oficial de la Fiscal\u00eda General de la Naci\u00f3n \u2013 Colombia. Garantizamos el acceso efectivo a la justicia, la verdad y la reparaci\u00f3n de las v\u00edctimas de los delitos.","breadcrumb":{"@id":"https:\/\/www.fiscalia.gov.co\/colombia\/noticias\/judicializado-alias-plebeyo-buscado-por-homicidio-en-tumaco-narino\/#breadcrumb"},"inLanguage":"es-CO","potentialAction":[{"@type":"ReadAction","target":["https:\/\/www.fiscalia.gov.co\/colombia\/noticias\/judicializado-alias-plebeyo-buscado-por-homicidio-en-tumaco-narino\/"]}]},{"@type":"ImageObject","inLanguage":"es-CO","@id":"https:\/\/www.fiscalia.gov.co\/colombia\/noticias\/judicializado-alias-plebeyo-buscado-por-homicidio-en-tumaco-narino\/#primaryimage","url":"https:\/\/www.fiscalia.gov.co\/colombia\/wp-content\/uploads\/Maximiliano-Castillo-Angulo-alias-Plebeyo.-Homicidio-y-porte-ilegal-de-armas-de-fuego.-1.jpg","contentUrl":"https:\/\/www.fiscalia.gov.co\/colombia\/wp-content\/uploads\/Maximiliano-Castillo-Angulo-alias-Plebeyo.-Homicidio-y-porte-ilegal-de-armas-de-fuego.-1.jpg","width":713,"height":714,"caption":"Maximiliano Castillo Angulo, alias \u2018Plebeyo\u2019, presunto integrante del grupo armado organizado\u00a0\u00d3liver Sinisterra, judicializado por homicidio y porte ilegal de armas de fuego agravados, en Barbacoas (Nari\u00f1o)."},{"@type":"BreadcrumbList","@id":"https:\/\/www.fiscalia.gov.co\/colombia\/noticias\/judicializado-alias-plebeyo-buscado-por-homicidio-en-tumaco-narino\/#breadcrumb","itemListElement":[{"@type":"ListItem","position":1,"name":"Home","item":"https:\/\/www.fiscalia.gov.co\/colombia\/"},{"@type":"ListItem","position":2,"name":"Judicializado alias \u2018Plebeyo\u2019, buscado por homicidio en Tumaco (Nari\u00f1o)"}]},{"@type":"WebSite","@id":"https:\/\/www.fiscalia.gov.co\/colombia\/#website","url":"https:\/\/www.fiscalia.gov.co\/colombia\/","name":"Fiscal\u00eda General de la Naci\u00f3n","description":"P\u00e1gina oficial de la Fiscal\u00eda General de la Naci\u00f3n \u2013 Colombia. Garantizamos el acceso efectivo a la justicia, la verdad y la reparaci\u00f3n de las v\u00edctimas de los delitos.","publisher":{"@id":"https:\/\/www.fiscalia.gov.co\/colombia\/#organization"},"potentialAction":[{"@type":"SearchAction","target":{"@type":"EntryPoint","urlTemplate":"https:\/\/www.fiscalia.gov.co\/colombia\/?s={search_term_string}"},"query-input":{"@type":"PropertyValueSpecification","valueRequired":true,"valueName":"search_term_string"}}],"inLanguage":"es-CO"},{"@type":"Organization","@id":"https:\/\/www.fiscalia.gov.co\/colombia\/#organization","name":"Fiscal\u00eda General de la Naci\u00f3n","url":"https:\/\/www.fiscalia.gov.co\/colombia\/","logo":{"@type":"ImageObject","inLanguage":"es-CO","@id":"https:\/\/www.fiscalia.gov.co\/colombia\/#\/schema\/logo\/image\/","url":"https:\/\/www.fiscalia.gov.co\/colombia\/wp-content\/uploads\/LogoHorizontal_1.jpg","contentUrl":"https:\/\/www.fiscalia.gov.co\/colombia\/wp-content\/uploads\/LogoHorizontal_1.jpg","width":300,"height":90,"caption":"Fiscal\u00eda General de la Naci\u00f3n"},"image":{"@id":"https:\/\/www.fiscalia.gov.co\/colombia\/#\/schema\/logo\/image\/"},"sameAs":["https:\/\/www.facebook.com\/FiscaliaCol","https:\/\/x.com\/FiscaliaCol","https:\/\/www.instagram.com\/fiscaliacol","https:\/\/www.linkedin.com\/company\/fiscalia-general-de-la-naci-n\/","https:\/\/youtube.com\/@fiscaliageneraldelanacion-4668?si=6nN79nyQICPU5iTh"]},{"@type":"Person","@id":"https:\/\/www.fiscalia.gov.co\/colombia\/#\/schema\/person\/b19b49f26569f91393176a2b3d13a0e5","name":"Johanna Black Prieto Pe\u00f1a","image":{"@type":"ImageObject","inLanguage":"es-CO","@id":"https:\/\/www.fiscalia.gov.co\/colombia\/#\/schema\/person\/image\/","url":"https:\/\/secure.gravatar.com\/avatar\/7f04518e1774335e76d761d76f04003e?s=96&d=mm&r=g","contentUrl":"https:\/\/secure.gravatar.com\/avatar\/7f04518e1774335e76d761d76f04003e?s=96&d=mm&r=g","caption":"Johanna Black Prieto Pe\u00f1a"},"url":"https:\/\/www.fiscalia.gov.co\/colombia\/author\/jprieto\/"}]}},"_links":{"self":[{"href":"https:\/\/www.fiscalia.gov.co\/colombia\/wp-json\/wp\/v2\/posts\/237653","targetHints":{"allow":["GET"]}}],"collection":[{"href":"https:\/\/www.fiscalia.gov.co\/colombia\/wp-json\/wp\/v2\/posts"}],"about":[{"href":"https:\/\/www.fiscalia.gov.co\/colombia\/wp-json\/wp\/v2\/types\/post"}],"author":[{"embeddable":true,"href":"https:\/\/www.fiscalia.gov.co\/colombia\/wp-json\/wp\/v2\/users\/176"}],"replies":[{"embeddable":true,"href":"https:\/\/www.fiscalia.gov.co\/colombia\/wp-json\/wp\/v2\/comments?post=237653"}],"version-history":[{"count":1,"href":"https:\/\/www.fiscalia.gov.co\/colombia\/wp-json\/wp\/v2\/posts\/237653\/revisions"}],"predecessor-version":[{"id":237655,"href":"https:\/\/www.fiscalia.gov.co\/colombia\/wp-json\/wp\/v2\/posts\/237653\/revisions\/237655"}],"wp:attachment":[{"href":"https:\/\/www.fiscalia.gov.co\/colombia\/wp-json\/wp\/v2\/media?parent=237653"}],"wp:term":[{"taxonomy":"category","embeddable":true,"href":"https:\/\/www.fiscalia.gov.co\/colombia\/wp-json\/wp\/v2\/categories?post=237653"},{"taxonomy":"post_tag","embeddable":true,"href":"https:\/\/www.fiscalia.gov.co\/colombia\/wp-json\/wp\/v2\/tags?post=237653"}],"curies":[{"name":"wp","href":"https:\/\/api.w.org\/{rel}","templated":true}]}}