{"id":237605,"date":"2021-12-30T21:09:32","date_gmt":"2021-12-31T02:09:32","guid":{"rendered":"https:\/\/www.fiscalia.gov.co\/colombia\/?p=237605"},"modified":"2022-01-11T09:42:36","modified_gmt":"2022-01-11T14:42:36","slug":"carcel-para-presuntos-responsables-de-atentado-terrorista-en-aeropuerto-de-cucuta-que-dejo-dos-tecnicos-antiexplosivos-muertos","status":"publish","type":"post","link":"https:\/\/www.fiscalia.gov.co\/colombia\/noticias\/carcel-para-presuntos-responsables-de-atentado-terrorista-en-aeropuerto-de-cucuta-que-dejo-dos-tecnicos-antiexplosivos-muertos\/","title":{"rendered":"C\u00e1rcel para presuntos responsables de atentado terrorista en aeropuerto de C\u00facuta que dej\u00f3 dos t\u00e9cnicos antiexplosivos muertos"},"content":{"rendered":"\r\n\r\n\r\n<h4><em><strong>La Fiscal\u00eda solicit\u00f3 medida de aseguramiento privativa de la libertad, la cual fue concedida.<\/strong><\/em><\/h4>\r\n\r\n\r\n\r\n\r\n\r\n<p>Por petici\u00f3n de la\u00a0Fiscal\u00eda General\u00a0de la Naci\u00f3n, una juez de control de garant\u00edas impuso medida de aseguramiento en centro carcelario a seis personas que estar\u00edan involucradas en la acci\u00f3n terrorista en el aeropuerto internacional Camilo Daza de C\u00facuta (Norte de Santander), que dej\u00f3 tres muertos, entre ellos dos t\u00e9cnicos antiexplosivos de la Polic\u00eda Nacional.<\/p>\r\n\r\n\r\n\r\n<p>Los afectados con la decisi\u00f3n son:\u00a0\u2022\u00a0Sebasti\u00e1n Moreno Maya, alias Sebas; y su compa\u00f1era sentimental Nayibe Alexandra Londo\u00f1o Carrillo.\u2022\u00a0Adri\u00e1n\u00a0Kaled\u00a0Guzm\u00e1n.\u2022\u00a0Yuly\u00a0Mileidy\u00a0Mazo.\u2022\u00a0Diego Felipe Maya Gonz\u00e1lez.\u2022\u00a0Diego Alejandro Carrascal Ben\u00edtez.<\/p>\r\n\r\n\r\n\r\n<p>Una fiscal de la Direcci\u00f3n Especializado contra las Organizaciones Criminales present\u00f3 abundante material de prueba y evidencia t\u00e9cnica como videos de c\u00e1maras de seguridad, testimonios, entre otros elementos, que demostrar\u00edan que los procesados habr\u00edan de viajado de Medell\u00edn (Antioquia) a C\u00facuta, con el \u00fanico prop\u00f3sito de ejecutar el atentado.<\/p>\r\n\r\n\r\n\r\n<p>De igual manera, acredit\u00f3 que, por lo menos, tres de estas personas se trasladaron a Tib\u00fa (Norte de Santander) entre octubre y noviembre del a\u00f1o en curso, y se reunieron con cabecillas de las disidencias del frente 33 de las extintas FARC. En esos encuentros, al parecer, recibieron instrucci\u00f3n en manejo de explosivos y, con el compromiso de recibir una suma de dinero importante, retornaron a Medell\u00edn para reclutar a\u00a0sus c\u00f3mplices.<\/p>\r\n\r\n\r\n\r\n<p>La investigaci\u00f3n\u00a0determin\u00f3\u00a0que los hoy procesados se instalaron en C\u00facuta antes del acto terrorista. Se alojaron en hoteles del centro de la ciudad y en casas aleda\u00f1as a la pista del aeropuerto. Adem\u00e1s, se conoci\u00f3 que llevaron a una menor de edad, hija de una de las\u00a0supuestas involucradas, para no generar sospechas entre la comunidad y las autoridades que custodian la terminal a\u00e9rea.<\/p>\r\n\r\n\r\n\r\n<p>Durante los d\u00edas que permanecieron en C\u00facuta, supuestamente,\u00a0hicieron vigilancias, prepararon el explosivo y definieron la manera en la que acceder\u00edan\u00a0al aeropuerto. Finalmente, la madrugada del 14 de diciembre, dos hombres ingresaron por una alcantarilla y, en arrastre bajo, trataron de llegar hasta la plataforma, donde estaban\u00a0apostadas aeronaves del Ej\u00e9rcito Nacional.<\/p>\r\n\r\n\r\n\r\n<p>En el trayecto, uno de los artefactos se activ\u00f3 en la espalda de Cristian Camilo Mu\u00f1oz Manjarrez, quien muri\u00f3 en el lugar. El otro explosivo fue accionado con la llegada de los intendentes\u00a0William Bare\u00f1o Ardila y David Reyes Jim\u00e9nez, que\u00a0estaban inspeccionando\u00a0el \u00e1rea.<\/p>\r\n\r\n\r\n\r\n<p>Por estos hechos, la\u00a0Fiscal\u00eda\u00a0imput\u00f3 los delitos de:\u00a0homicidio y tentativa de homicidio agravados; terrorismo; y fabricaci\u00f3n, tr\u00e1fico y porte de armas, municiones de uso restringido, de uso privativo de las Fuerzas Armadas o explosivos.<\/p>\r\n\r\n\r\n\r\n<p>Los investigados deber\u00e1n cumplir la medida de aseguramiento privativa de la libertad en centros carcelarios de alta seguridad, en lugares\u00a0distintos a Medell\u00edn y C\u00facuta.<\/p>\r\n\r\n\r\n\r\n<p>Esta informaci\u00f3n se publica por razones de inter\u00e9s general.<\/p>\r\n<p><strong>La Fiscal\u00eda habla con resultados.<\/strong><\/p>\r\n<p><em>La informaci\u00f3n contenida en este bolet\u00edn de prensa corresponde a la narraci\u00f3n de los hechos noticiosos objetivos, suministrados por los funcionarios encargados de adelantar las investigaciones penales al interior de la Fiscal\u00eda General de la Naci\u00f3n. Para el momento de la divulgaci\u00f3n de este comunicado, la situaci\u00f3n jur\u00eddica de la(s) persona(s) relacionada(s) se encuentra pendiente de resolver por la autoridad judicial competente, siempre bajo los preceptos de la presunci\u00f3n de inocencia, consagrados en el art\u00edculo 29 de la Constituci\u00f3n Pol\u00edtica y el art\u00edculo 7\u00ba de la Ley 906 de 2004<\/em><\/p>\r\n\n<div class=\"twitter-share\"><a href=\"https:\/\/twitter.com\/intent\/tweet?via=fiscaliacol\" class=\"twitter-share-button\">Tweet<\/a><\/div>\n","protected":false},"excerpt":{"rendered":"<p>La Fiscal\u00eda solicit\u00f3 medida de aseguramiento privativa de la libertad, la cual fue concedida. Por petici\u00f3n de la\u00a0Fiscal\u00eda General\u00a0de la Naci\u00f3n, una juez de control de garant\u00edas impuso medida de aseguramiento en centro carcelario a seis personas que estar\u00edan involucradas en la acci\u00f3n terrorista en el aeropuerto internacional Camilo Daza de C\u00facuta (Norte de Santander), [&hellip;]<\/p>\n","protected":false},"author":176,"featured_media":0,"comment_status":"closed","ping_status":"open","sticky":false,"template":"","format":"standard","meta":{"tdm_status":"","tdm_grid_status":"","footnotes":""},"categories":[24098,1],"tags":[24185,24401,24188,10,78,24526],"class_list":{"0":"post-237605","1":"post","2":"type-post","3":"status-publish","4":"format-standard","6":"category-crimen-organizado","7":"category-noticias","8":"tag-fiscal-barbosa","9":"tag-fiscal-barbosa-delgado","10":"tag-fiscal-francisco-barbosa","11":"tag-fiscal-general","12":"tag-fiscal-general-de-la-nacion","13":"tag-fiscal-general-francisco-barbosa-delgado"},"yoast_head":"<!-- This site is optimized with the Yoast SEO plugin v24.3 - https:\/\/yoast.com\/wordpress\/plugins\/seo\/ -->\n<title>Fiscal\u00eda General de la Naci\u00f3n<\/title>\n<meta name=\"description\" content=\"P\u00e1gina oficial de la Fiscal\u00eda General de la Naci\u00f3n \u2013 Colombia. Garantizamos el acceso efectivo a la justicia, la verdad y la reparaci\u00f3n de las v\u00edctimas de los delitos.\" \/>\n<meta name=\"robots\" content=\"noindex, follow\" \/>\n<meta property=\"og:locale\" content=\"es_ES\" \/>\n<meta property=\"og:type\" content=\"article\" \/>\n<meta property=\"og:title\" content=\"Fiscal\u00eda General de la Naci\u00f3n\" \/>\n<meta property=\"og:description\" content=\"P\u00e1gina oficial de la Fiscal\u00eda General de la Naci\u00f3n \u2013 Colombia. Garantizamos el acceso efectivo a la justicia, la verdad y la reparaci\u00f3n de las v\u00edctimas de los delitos.\" \/>\n<meta property=\"og:url\" content=\"https:\/\/www.fiscalia.gov.co\/colombia\/noticias\/carcel-para-presuntos-responsables-de-atentado-terrorista-en-aeropuerto-de-cucuta-que-dejo-dos-tecnicos-antiexplosivos-muertos\/\" \/>\n<meta property=\"og:site_name\" content=\"Fiscal\u00eda General de la Naci\u00f3n\" \/>\n<meta property=\"article:publisher\" content=\"https:\/\/www.facebook.com\/FiscaliaCol\" \/>\n<meta property=\"article:published_time\" content=\"2021-12-31T02:09:32+00:00\" \/>\n<meta property=\"article:modified_time\" content=\"2022-01-11T14:42:36+00:00\" \/>\n<meta name=\"author\" content=\"Johanna Black Prieto Pe\u00f1a\" \/>\n<meta name=\"twitter:card\" content=\"summary_large_image\" \/>\n<meta name=\"twitter:creator\" content=\"@FiscaliaCol\" \/>\n<meta name=\"twitter:site\" content=\"@FiscaliaCol\" \/>\n<meta name=\"twitter:label1\" content=\"Escrito por\" \/>\n\t<meta name=\"twitter:data1\" content=\"Johanna Black Prieto Pe\u00f1a\" \/>\n\t<meta name=\"twitter:label2\" content=\"Tiempo de lectura\" \/>\n\t<meta name=\"twitter:data2\" content=\"3 minutos\" \/>\n<script type=\"application\/ld+json\" class=\"yoast-schema-graph\">{\"@context\":\"https:\/\/schema.org\",\"@graph\":[{\"@type\":\"Article\",\"@id\":\"https:\/\/www.fiscalia.gov.co\/colombia\/noticias\/carcel-para-presuntos-responsables-de-atentado-terrorista-en-aeropuerto-de-cucuta-que-dejo-dos-tecnicos-antiexplosivos-muertos\/#article\",\"isPartOf\":{\"@id\":\"https:\/\/www.fiscalia.gov.co\/colombia\/noticias\/carcel-para-presuntos-responsables-de-atentado-terrorista-en-aeropuerto-de-cucuta-que-dejo-dos-tecnicos-antiexplosivos-muertos\/\"},\"author\":{\"name\":\"Johanna Black Prieto Pe\u00f1a\",\"@id\":\"https:\/\/www.fiscalia.gov.co\/colombia\/#\/schema\/person\/b19b49f26569f91393176a2b3d13a0e5\"},\"headline\":\"C\u00e1rcel para presuntos responsables de atentado terrorista en aeropuerto de C\u00facuta que dej\u00f3 dos t\u00e9cnicos antiexplosivos muertos\",\"datePublished\":\"2021-12-31T02:09:32+00:00\",\"dateModified\":\"2022-01-11T14:42:36+00:00\",\"mainEntityOfPage\":{\"@id\":\"https:\/\/www.fiscalia.gov.co\/colombia\/noticias\/carcel-para-presuntos-responsables-de-atentado-terrorista-en-aeropuerto-de-cucuta-que-dejo-dos-tecnicos-antiexplosivos-muertos\/\"},\"wordCount\":633,\"publisher\":{\"@id\":\"https:\/\/www.fiscalia.gov.co\/colombia\/#organization\"},\"keywords\":[\"Fiscal Barbosa\",\"Fiscal Barbosa Delgado\",\"Fiscal Francisco Barbosa\",\"Fiscal General\",\"Fiscal General de la Naci\u00f3n\",\"Fiscal General Francisco Barbosa Delgado\"],\"articleSection\":[\"Crimen organizado\",\"Noticias\"],\"inLanguage\":\"es-CO\"},{\"@type\":\"WebPage\",\"@id\":\"https:\/\/www.fiscalia.gov.co\/colombia\/noticias\/carcel-para-presuntos-responsables-de-atentado-terrorista-en-aeropuerto-de-cucuta-que-dejo-dos-tecnicos-antiexplosivos-muertos\/\",\"url\":\"https:\/\/www.fiscalia.gov.co\/colombia\/noticias\/carcel-para-presuntos-responsables-de-atentado-terrorista-en-aeropuerto-de-cucuta-que-dejo-dos-tecnicos-antiexplosivos-muertos\/\",\"name\":\"Fiscal\u00eda General de la Naci\u00f3n\",\"isPartOf\":{\"@id\":\"https:\/\/www.fiscalia.gov.co\/colombia\/#website\"},\"datePublished\":\"2021-12-31T02:09:32+00:00\",\"dateModified\":\"2022-01-11T14:42:36+00:00\",\"description\":\"P\u00e1gina oficial de la Fiscal\u00eda General de la Naci\u00f3n \u2013 Colombia. Garantizamos el acceso efectivo a la justicia, la verdad y la reparaci\u00f3n de las v\u00edctimas de los delitos.\",\"breadcrumb\":{\"@id\":\"https:\/\/www.fiscalia.gov.co\/colombia\/noticias\/carcel-para-presuntos-responsables-de-atentado-terrorista-en-aeropuerto-de-cucuta-que-dejo-dos-tecnicos-antiexplosivos-muertos\/#breadcrumb\"},\"inLanguage\":\"es-CO\",\"potentialAction\":[{\"@type\":\"ReadAction\",\"target\":[\"https:\/\/www.fiscalia.gov.co\/colombia\/noticias\/carcel-para-presuntos-responsables-de-atentado-terrorista-en-aeropuerto-de-cucuta-que-dejo-dos-tecnicos-antiexplosivos-muertos\/\"]}]},{\"@type\":\"BreadcrumbList\",\"@id\":\"https:\/\/www.fiscalia.gov.co\/colombia\/noticias\/carcel-para-presuntos-responsables-de-atentado-terrorista-en-aeropuerto-de-cucuta-que-dejo-dos-tecnicos-antiexplosivos-muertos\/#breadcrumb\",\"itemListElement\":[{\"@type\":\"ListItem\",\"position\":1,\"name\":\"Home\",\"item\":\"https:\/\/www.fiscalia.gov.co\/colombia\/\"},{\"@type\":\"ListItem\",\"position\":2,\"name\":\"C\u00e1rcel para presuntos responsables de atentado terrorista en aeropuerto de C\u00facuta que dej\u00f3 dos t\u00e9cnicos antiexplosivos muertos\"}]},{\"@type\":\"WebSite\",\"@id\":\"https:\/\/www.fiscalia.gov.co\/colombia\/#website\",\"url\":\"https:\/\/www.fiscalia.gov.co\/colombia\/\",\"name\":\"Fiscal\u00eda General de la Naci\u00f3n\",\"description\":\"P\u00e1gina oficial de la Fiscal\u00eda General de la Naci\u00f3n \u2013 Colombia. Garantizamos el acceso efectivo a la justicia, la verdad y la reparaci\u00f3n de las v\u00edctimas de los delitos.\",\"publisher\":{\"@id\":\"https:\/\/www.fiscalia.gov.co\/colombia\/#organization\"},\"potentialAction\":[{\"@type\":\"SearchAction\",\"target\":{\"@type\":\"EntryPoint\",\"urlTemplate\":\"https:\/\/www.fiscalia.gov.co\/colombia\/?s={search_term_string}\"},\"query-input\":{\"@type\":\"PropertyValueSpecification\",\"valueRequired\":true,\"valueName\":\"search_term_string\"}}],\"inLanguage\":\"es-CO\"},{\"@type\":\"Organization\",\"@id\":\"https:\/\/www.fiscalia.gov.co\/colombia\/#organization\",\"name\":\"Fiscal\u00eda General de la Naci\u00f3n\",\"url\":\"https:\/\/www.fiscalia.gov.co\/colombia\/\",\"logo\":{\"@type\":\"ImageObject\",\"inLanguage\":\"es-CO\",\"@id\":\"https:\/\/www.fiscalia.gov.co\/colombia\/#\/schema\/logo\/image\/\",\"url\":\"https:\/\/www.fiscalia.gov.co\/colombia\/wp-content\/uploads\/LogoHorizontal_1.jpg\",\"contentUrl\":\"https:\/\/www.fiscalia.gov.co\/colombia\/wp-content\/uploads\/LogoHorizontal_1.jpg\",\"width\":300,\"height\":90,\"caption\":\"Fiscal\u00eda General de la Naci\u00f3n\"},\"image\":{\"@id\":\"https:\/\/www.fiscalia.gov.co\/colombia\/#\/schema\/logo\/image\/\"},\"sameAs\":[\"https:\/\/www.facebook.com\/FiscaliaCol\",\"https:\/\/x.com\/FiscaliaCol\",\"https:\/\/www.instagram.com\/fiscaliacol\",\"https:\/\/www.linkedin.com\/company\/fiscalia-general-de-la-naci-n\/\",\"https:\/\/youtube.com\/@fiscaliageneraldelanacion-4668?si=6nN79nyQICPU5iTh\"]},{\"@type\":\"Person\",\"@id\":\"https:\/\/www.fiscalia.gov.co\/colombia\/#\/schema\/person\/b19b49f26569f91393176a2b3d13a0e5\",\"name\":\"Johanna Black Prieto Pe\u00f1a\",\"image\":{\"@type\":\"ImageObject\",\"inLanguage\":\"es-CO\",\"@id\":\"https:\/\/www.fiscalia.gov.co\/colombia\/#\/schema\/person\/image\/\",\"url\":\"https:\/\/secure.gravatar.com\/avatar\/7f04518e1774335e76d761d76f04003e?s=96&d=mm&r=g\",\"contentUrl\":\"https:\/\/secure.gravatar.com\/avatar\/7f04518e1774335e76d761d76f04003e?s=96&d=mm&r=g\",\"caption\":\"Johanna Black Prieto Pe\u00f1a\"},\"url\":\"https:\/\/www.fiscalia.gov.co\/colombia\/author\/jprieto\/\"}]}<\/script>\n<!-- \/ Yoast SEO plugin. -->","yoast_head_json":{"title":"Fiscal\u00eda General de la Naci\u00f3n","description":"P\u00e1gina oficial de la Fiscal\u00eda General de la Naci\u00f3n \u2013 Colombia. Garantizamos el acceso efectivo a la justicia, la verdad y la reparaci\u00f3n de las v\u00edctimas de los delitos.","robots":{"index":"noindex","follow":"follow"},"og_locale":"es_ES","og_type":"article","og_title":"Fiscal\u00eda General de la Naci\u00f3n","og_description":"P\u00e1gina oficial de la Fiscal\u00eda General de la Naci\u00f3n \u2013 Colombia. Garantizamos el acceso efectivo a la justicia, la verdad y la reparaci\u00f3n de las v\u00edctimas de los delitos.","og_url":"https:\/\/www.fiscalia.gov.co\/colombia\/noticias\/carcel-para-presuntos-responsables-de-atentado-terrorista-en-aeropuerto-de-cucuta-que-dejo-dos-tecnicos-antiexplosivos-muertos\/","og_site_name":"Fiscal\u00eda General de la Naci\u00f3n","article_publisher":"https:\/\/www.facebook.com\/FiscaliaCol","article_published_time":"2021-12-31T02:09:32+00:00","article_modified_time":"2022-01-11T14:42:36+00:00","author":"Johanna Black Prieto Pe\u00f1a","twitter_card":"summary_large_image","twitter_creator":"@FiscaliaCol","twitter_site":"@FiscaliaCol","twitter_misc":{"Escrito por":"Johanna Black Prieto Pe\u00f1a","Tiempo de lectura":"3 minutos"},"schema":{"@context":"https:\/\/schema.org","@graph":[{"@type":"Article","@id":"https:\/\/www.fiscalia.gov.co\/colombia\/noticias\/carcel-para-presuntos-responsables-de-atentado-terrorista-en-aeropuerto-de-cucuta-que-dejo-dos-tecnicos-antiexplosivos-muertos\/#article","isPartOf":{"@id":"https:\/\/www.fiscalia.gov.co\/colombia\/noticias\/carcel-para-presuntos-responsables-de-atentado-terrorista-en-aeropuerto-de-cucuta-que-dejo-dos-tecnicos-antiexplosivos-muertos\/"},"author":{"name":"Johanna Black Prieto Pe\u00f1a","@id":"https:\/\/www.fiscalia.gov.co\/colombia\/#\/schema\/person\/b19b49f26569f91393176a2b3d13a0e5"},"headline":"C\u00e1rcel para presuntos responsables de atentado terrorista en aeropuerto de C\u00facuta que dej\u00f3 dos t\u00e9cnicos antiexplosivos muertos","datePublished":"2021-12-31T02:09:32+00:00","dateModified":"2022-01-11T14:42:36+00:00","mainEntityOfPage":{"@id":"https:\/\/www.fiscalia.gov.co\/colombia\/noticias\/carcel-para-presuntos-responsables-de-atentado-terrorista-en-aeropuerto-de-cucuta-que-dejo-dos-tecnicos-antiexplosivos-muertos\/"},"wordCount":633,"publisher":{"@id":"https:\/\/www.fiscalia.gov.co\/colombia\/#organization"},"keywords":["Fiscal Barbosa","Fiscal Barbosa Delgado","Fiscal Francisco Barbosa","Fiscal General","Fiscal General de la Naci\u00f3n","Fiscal General Francisco Barbosa Delgado"],"articleSection":["Crimen organizado","Noticias"],"inLanguage":"es-CO"},{"@type":"WebPage","@id":"https:\/\/www.fiscalia.gov.co\/colombia\/noticias\/carcel-para-presuntos-responsables-de-atentado-terrorista-en-aeropuerto-de-cucuta-que-dejo-dos-tecnicos-antiexplosivos-muertos\/","url":"https:\/\/www.fiscalia.gov.co\/colombia\/noticias\/carcel-para-presuntos-responsables-de-atentado-terrorista-en-aeropuerto-de-cucuta-que-dejo-dos-tecnicos-antiexplosivos-muertos\/","name":"Fiscal\u00eda General de la Naci\u00f3n","isPartOf":{"@id":"https:\/\/www.fiscalia.gov.co\/colombia\/#website"},"datePublished":"2021-12-31T02:09:32+00:00","dateModified":"2022-01-11T14:42:36+00:00","description":"P\u00e1gina oficial de la Fiscal\u00eda General de la Naci\u00f3n \u2013 Colombia. Garantizamos el acceso efectivo a la justicia, la verdad y la reparaci\u00f3n de las v\u00edctimas de los delitos.","breadcrumb":{"@id":"https:\/\/www.fiscalia.gov.co\/colombia\/noticias\/carcel-para-presuntos-responsables-de-atentado-terrorista-en-aeropuerto-de-cucuta-que-dejo-dos-tecnicos-antiexplosivos-muertos\/#breadcrumb"},"inLanguage":"es-CO","potentialAction":[{"@type":"ReadAction","target":["https:\/\/www.fiscalia.gov.co\/colombia\/noticias\/carcel-para-presuntos-responsables-de-atentado-terrorista-en-aeropuerto-de-cucuta-que-dejo-dos-tecnicos-antiexplosivos-muertos\/"]}]},{"@type":"BreadcrumbList","@id":"https:\/\/www.fiscalia.gov.co\/colombia\/noticias\/carcel-para-presuntos-responsables-de-atentado-terrorista-en-aeropuerto-de-cucuta-que-dejo-dos-tecnicos-antiexplosivos-muertos\/#breadcrumb","itemListElement":[{"@type":"ListItem","position":1,"name":"Home","item":"https:\/\/www.fiscalia.gov.co\/colombia\/"},{"@type":"ListItem","position":2,"name":"C\u00e1rcel para presuntos responsables de atentado terrorista en aeropuerto de C\u00facuta que dej\u00f3 dos t\u00e9cnicos antiexplosivos muertos"}]},{"@type":"WebSite","@id":"https:\/\/www.fiscalia.gov.co\/colombia\/#website","url":"https:\/\/www.fiscalia.gov.co\/colombia\/","name":"Fiscal\u00eda General de la Naci\u00f3n","description":"P\u00e1gina oficial de la Fiscal\u00eda General de la Naci\u00f3n \u2013 Colombia. Garantizamos el acceso efectivo a la justicia, la verdad y la reparaci\u00f3n de las v\u00edctimas de los delitos.","publisher":{"@id":"https:\/\/www.fiscalia.gov.co\/colombia\/#organization"},"potentialAction":[{"@type":"SearchAction","target":{"@type":"EntryPoint","urlTemplate":"https:\/\/www.fiscalia.gov.co\/colombia\/?s={search_term_string}"},"query-input":{"@type":"PropertyValueSpecification","valueRequired":true,"valueName":"search_term_string"}}],"inLanguage":"es-CO"},{"@type":"Organization","@id":"https:\/\/www.fiscalia.gov.co\/colombia\/#organization","name":"Fiscal\u00eda General de la Naci\u00f3n","url":"https:\/\/www.fiscalia.gov.co\/colombia\/","logo":{"@type":"ImageObject","inLanguage":"es-CO","@id":"https:\/\/www.fiscalia.gov.co\/colombia\/#\/schema\/logo\/image\/","url":"https:\/\/www.fiscalia.gov.co\/colombia\/wp-content\/uploads\/LogoHorizontal_1.jpg","contentUrl":"https:\/\/www.fiscalia.gov.co\/colombia\/wp-content\/uploads\/LogoHorizontal_1.jpg","width":300,"height":90,"caption":"Fiscal\u00eda General de la Naci\u00f3n"},"image":{"@id":"https:\/\/www.fiscalia.gov.co\/colombia\/#\/schema\/logo\/image\/"},"sameAs":["https:\/\/www.facebook.com\/FiscaliaCol","https:\/\/x.com\/FiscaliaCol","https:\/\/www.instagram.com\/fiscaliacol","https:\/\/www.linkedin.com\/company\/fiscalia-general-de-la-naci-n\/","https:\/\/youtube.com\/@fiscaliageneraldelanacion-4668?si=6nN79nyQICPU5iTh"]},{"@type":"Person","@id":"https:\/\/www.fiscalia.gov.co\/colombia\/#\/schema\/person\/b19b49f26569f91393176a2b3d13a0e5","name":"Johanna Black Prieto Pe\u00f1a","image":{"@type":"ImageObject","inLanguage":"es-CO","@id":"https:\/\/www.fiscalia.gov.co\/colombia\/#\/schema\/person\/image\/","url":"https:\/\/secure.gravatar.com\/avatar\/7f04518e1774335e76d761d76f04003e?s=96&d=mm&r=g","contentUrl":"https:\/\/secure.gravatar.com\/avatar\/7f04518e1774335e76d761d76f04003e?s=96&d=mm&r=g","caption":"Johanna Black Prieto Pe\u00f1a"},"url":"https:\/\/www.fiscalia.gov.co\/colombia\/author\/jprieto\/"}]}},"_links":{"self":[{"href":"https:\/\/www.fiscalia.gov.co\/colombia\/wp-json\/wp\/v2\/posts\/237605","targetHints":{"allow":["GET"]}}],"collection":[{"href":"https:\/\/www.fiscalia.gov.co\/colombia\/wp-json\/wp\/v2\/posts"}],"about":[{"href":"https:\/\/www.fiscalia.gov.co\/colombia\/wp-json\/wp\/v2\/types\/post"}],"author":[{"embeddable":true,"href":"https:\/\/www.fiscalia.gov.co\/colombia\/wp-json\/wp\/v2\/users\/176"}],"replies":[{"embeddable":true,"href":"https:\/\/www.fiscalia.gov.co\/colombia\/wp-json\/wp\/v2\/comments?post=237605"}],"version-history":[{"count":5,"href":"https:\/\/www.fiscalia.gov.co\/colombia\/wp-json\/wp\/v2\/posts\/237605\/revisions"}],"predecessor-version":[{"id":237894,"href":"https:\/\/www.fiscalia.gov.co\/colombia\/wp-json\/wp\/v2\/posts\/237605\/revisions\/237894"}],"wp:attachment":[{"href":"https:\/\/www.fiscalia.gov.co\/colombia\/wp-json\/wp\/v2\/media?parent=237605"}],"wp:term":[{"taxonomy":"category","embeddable":true,"href":"https:\/\/www.fiscalia.gov.co\/colombia\/wp-json\/wp\/v2\/categories?post=237605"},{"taxonomy":"post_tag","embeddable":true,"href":"https:\/\/www.fiscalia.gov.co\/colombia\/wp-json\/wp\/v2\/tags?post=237605"}],"curies":[{"name":"wp","href":"https:\/\/api.w.org\/{rel}","templated":true}]}}