{"id":237582,"date":"2021-12-30T11:39:02","date_gmt":"2021-12-30T16:39:02","guid":{"rendered":"https:\/\/www.fiscalia.gov.co\/colombia\/?p=237582"},"modified":"2021-12-30T11:39:02","modified_gmt":"2021-12-30T16:39:02","slug":"a-la-carcel-2-hombres-investigados-por-el-homicidio-de-un-nucleo-familiar-en-ciudad-bolivar-antioquia","status":"publish","type":"post","link":"https:\/\/www.fiscalia.gov.co\/colombia\/noticias\/a-la-carcel-2-hombres-investigados-por-el-homicidio-de-un-nucleo-familiar-en-ciudad-bolivar-antioquia\/","title":{"rendered":"A la c\u00e1rcel 2 hombres investigados por el homicidio de un n\u00facleo familiar en Ciudad Bol\u00edvar (Antioquia)"},"content":{"rendered":"<p style=\"font-weight: 400;\">Luego de avalar los elementos materiales probatorios presentados por la Fiscal\u00eda General de la Naci\u00f3n, un Juez de control de Garant\u00edas de Ciudad Bol\u00edvar (Antioquia), impuso medida de aseguramiento en centro carcelario en contra de Kevin Arley Arteaga Giraldo y Santiago Mej\u00eda Vel\u00e1squez, como presuntos responsables del triple homicidio de un grupo familiar en de este municipio.<\/p>\n<p style=\"font-weight: 400;\">Los hechos ocurrieron en una finca del corregimiento Farallones del municipio de Ciudad Bol\u00edvar, Suroeste antioque\u00f1o, cuando varios hombres ingresaron al inmueble y propinaron varias heridas con armas de fuego contra del administrador de dicha finca Antonio V\u00e9lez Molina, de 60 a\u00f1os, su esposa Patricia Galeano, de 46 y la hija de ambos Juliana Molina Galeano, de 23 a\u00f1os.<\/p>\n<p style=\"font-weight: 400;\">Seg\u00fan informaci\u00f3n obtenida por servidores del CTI de la Fiscal\u00eda y la Polic\u00eda Nacional, al parecer, los investigados habr\u00edan cometido el il\u00edcito con el fin de hurtar la motocicleta de alto cilindraje de propiedad de las v\u00edctimas.<\/p>\n<p style=\"font-weight: 400;\">Arteaga Giraldo y Mej\u00eda Vel\u00e1squez fueron capturados el pasado 24 de diciembre por la Sij\u00edn de la Polic\u00eda Nacional en la ciudad de Medell\u00edn, mientras se movilizaban en la moto reportaba como hurtada.<\/p>\n<p style=\"font-weight: 400;\">Los procesados no aceptaron los cargos imputados por un fiscal especializado de Antioquia por los delitos de 3 homicidio agravados, porte ilegal de armas de fuego agravado y hurto calificado y agravado.<\/p>\n<p style=\"font-weight: 400;\"><strong>La Fiscal\u00eda habla con resultados.<\/strong><\/p>\n<p style=\"font-weight: 400;\">NAMT\/FR\/FAGH<\/p>\n<p style=\"font-weight: 400;\">\n<p style=\"font-weight: 400;\"><em>La informaci\u00f3n contenida en este bolet\u00edn de prensa corresponde a la narraci\u00f3n de los hechos noticiosos objetivos, suministrados por los funcionarios encargados de adelantar las investigaciones penales al interior de la Fiscal\u00eda General de la Naci\u00f3n. Para el momento de la divulgaci\u00f3n de este comunicado, la situaci\u00f3n jur\u00eddica de la(s) persona(s) relacionada(s) se encuentra pendiente de resolver por la autoridad judicial competente, siempre bajo los preceptos de la presunci\u00f3n de inocencia, consagrados en el art\u00edculo 29 de la Constituci\u00f3n Pol\u00edtica y el art\u00edculo 7\u00ba de la Ley 906 de 2004<\/em><\/p>\n<p style=\"font-weight: 400;\"><a href=\"https:\/\/www.fiscalia.gov.co\/colombia\/noticias\/a-la-carcel-hombre-investigado-por-doble-homicidio-en-el-suroeste-antioqueno\/\" data-saferedirecturl=\"https:\/\/www.google.com\/url?q=https:\/\/www.fiscalia.gov.co\/colombia\/noticias\/a-la-carcel-hombre-investigado-por-doble-homicidio-en-el-suroeste-antioqueno\/&amp;source=gmail&amp;ust=1640968540730000&amp;usg=AOvVaw0-8QYz_bJUS6hUfpxpmf-2\">https:\/\/www.fiscalia.gov.co\/colombia\/noticias\/a-la-carcel-hombre-investigado-por-doble-homicidio-en-el-suroeste-antioqueno\/<\/a><\/p>\n<p style=\"font-weight: 400;\">\n\n<div class=\"twitter-share\"><a href=\"https:\/\/twitter.com\/intent\/tweet?via=fiscaliacol\" class=\"twitter-share-button\">Tweet<\/a><\/div>\n","protected":false},"excerpt":{"rendered":"<p>Luego de avalar los elementos materiales probatorios presentados por la Fiscal\u00eda General de la Naci\u00f3n, un Juez de control de Garant\u00edas de Ciudad Bol\u00edvar (Antioquia), impuso medida de aseguramiento en [&hellip;]<\/p>\n","protected":false},"author":176,"featured_media":0,"comment_status":"closed","ping_status":"open","sticky":false,"template":"","format":"standard","meta":{"tdm_status":"","tdm_grid_status":"","footnotes":""},"categories":[1,318,303,24099],"tags":[4998,45,1047,29939,7451,558,4765,13142],"class_list":["post-237582","post","type-post","status-publish","format-standard","category-noticias","category-seccional-antioquia","category-seccionales","category-seguridad-territorial","tag-ciudad-bolivar","tag-cti","tag-fiscalia-general-de-la-nacion","tag-homicidio-de-nucleo-familiar","tag-hurto-calificado-y-agravado","tag-policia-nacional","tag-porte-ilegal-de-armas-de-fuego","tag-triple-homicidio"],"yoast_head":"<!-- This site is optimized with the Yoast SEO plugin v24.3 - https:\/\/yoast.com\/wordpress\/plugins\/seo\/ -->\n<title>Fiscal\u00eda General de la Naci\u00f3n<\/title>\n<meta name=\"description\" content=\"P\u00e1gina oficial de la Fiscal\u00eda General de la Naci\u00f3n \u2013 Colombia. Garantizamos el acceso efectivo a la justicia, la verdad y la reparaci\u00f3n de las v\u00edctimas de los delitos.\" \/>\n<meta name=\"robots\" content=\"noindex, follow\" \/>\n<meta property=\"og:locale\" content=\"es_ES\" \/>\n<meta property=\"og:type\" content=\"article\" \/>\n<meta property=\"og:title\" content=\"Fiscal\u00eda General de la Naci\u00f3n\" \/>\n<meta property=\"og:description\" content=\"P\u00e1gina oficial de la Fiscal\u00eda General de la Naci\u00f3n \u2013 Colombia. Garantizamos el acceso efectivo a la justicia, la verdad y la reparaci\u00f3n de las v\u00edctimas de los delitos.\" \/>\n<meta property=\"og:url\" content=\"https:\/\/www.fiscalia.gov.co\/colombia\/noticias\/a-la-carcel-2-hombres-investigados-por-el-homicidio-de-un-nucleo-familiar-en-ciudad-bolivar-antioquia\/\" \/>\n<meta property=\"og:site_name\" content=\"Fiscal\u00eda General de la Naci\u00f3n\" \/>\n<meta property=\"article:publisher\" content=\"https:\/\/www.facebook.com\/FiscaliaCol\" \/>\n<meta property=\"article:published_time\" content=\"2021-12-30T16:39:02+00:00\" \/>\n<meta name=\"author\" content=\"Johanna Black Prieto Pe\u00f1a\" \/>\n<meta name=\"twitter:card\" content=\"summary_large_image\" \/>\n<meta name=\"twitter:creator\" content=\"@FiscaliaCol\" \/>\n<meta name=\"twitter:site\" content=\"@FiscaliaCol\" \/>\n<meta name=\"twitter:label1\" content=\"Escrito por\" \/>\n\t<meta name=\"twitter:data1\" content=\"Johanna Black Prieto Pe\u00f1a\" \/>\n\t<meta name=\"twitter:label2\" content=\"Tiempo de lectura\" \/>\n\t<meta name=\"twitter:data2\" content=\"2 minutos\" \/>\n<script type=\"application\/ld+json\" class=\"yoast-schema-graph\">{\"@context\":\"https:\/\/schema.org\",\"@graph\":[{\"@type\":\"Article\",\"@id\":\"https:\/\/www.fiscalia.gov.co\/colombia\/noticias\/a-la-carcel-2-hombres-investigados-por-el-homicidio-de-un-nucleo-familiar-en-ciudad-bolivar-antioquia\/#article\",\"isPartOf\":{\"@id\":\"https:\/\/www.fiscalia.gov.co\/colombia\/noticias\/a-la-carcel-2-hombres-investigados-por-el-homicidio-de-un-nucleo-familiar-en-ciudad-bolivar-antioquia\/\"},\"author\":{\"name\":\"Johanna Black Prieto Pe\u00f1a\",\"@id\":\"https:\/\/www.fiscalia.gov.co\/colombia\/#\/schema\/person\/b19b49f26569f91393176a2b3d13a0e5\"},\"headline\":\"A la c\u00e1rcel 2 hombres investigados por el homicidio de un n\u00facleo familiar en Ciudad Bol\u00edvar (Antioquia)\",\"datePublished\":\"2021-12-30T16:39:02+00:00\",\"dateModified\":\"2021-12-30T16:39:02+00:00\",\"mainEntityOfPage\":{\"@id\":\"https:\/\/www.fiscalia.gov.co\/colombia\/noticias\/a-la-carcel-2-hombres-investigados-por-el-homicidio-de-un-nucleo-familiar-en-ciudad-bolivar-antioquia\/\"},\"wordCount\":374,\"publisher\":{\"@id\":\"https:\/\/www.fiscalia.gov.co\/colombia\/#organization\"},\"keywords\":[\"Ciudad Bol\u00edvar\",\"CTI\",\"Fiscal\u00eda General de la Naci\u00f3n\",\"homicidio de n\u00facleo familiar\",\"hurto calificado y agravado\",\"Polic\u00eda Nacional\",\"Porte ilegal de armas de fuego\",\"Triple homicidio\"],\"articleSection\":[\"Noticias\",\"Seccional Antioquia\",\"Seccionales\",\"Seguridad territorial\"],\"inLanguage\":\"es-CO\"},{\"@type\":\"WebPage\",\"@id\":\"https:\/\/www.fiscalia.gov.co\/colombia\/noticias\/a-la-carcel-2-hombres-investigados-por-el-homicidio-de-un-nucleo-familiar-en-ciudad-bolivar-antioquia\/\",\"url\":\"https:\/\/www.fiscalia.gov.co\/colombia\/noticias\/a-la-carcel-2-hombres-investigados-por-el-homicidio-de-un-nucleo-familiar-en-ciudad-bolivar-antioquia\/\",\"name\":\"Fiscal\u00eda General de la Naci\u00f3n\",\"isPartOf\":{\"@id\":\"https:\/\/www.fiscalia.gov.co\/colombia\/#website\"},\"datePublished\":\"2021-12-30T16:39:02+00:00\",\"dateModified\":\"2021-12-30T16:39:02+00:00\",\"description\":\"P\u00e1gina oficial de la Fiscal\u00eda General de la Naci\u00f3n \u2013 Colombia. Garantizamos el acceso efectivo a la justicia, la verdad y la reparaci\u00f3n de las v\u00edctimas de los delitos.\",\"breadcrumb\":{\"@id\":\"https:\/\/www.fiscalia.gov.co\/colombia\/noticias\/a-la-carcel-2-hombres-investigados-por-el-homicidio-de-un-nucleo-familiar-en-ciudad-bolivar-antioquia\/#breadcrumb\"},\"inLanguage\":\"es-CO\",\"potentialAction\":[{\"@type\":\"ReadAction\",\"target\":[\"https:\/\/www.fiscalia.gov.co\/colombia\/noticias\/a-la-carcel-2-hombres-investigados-por-el-homicidio-de-un-nucleo-familiar-en-ciudad-bolivar-antioquia\/\"]}]},{\"@type\":\"BreadcrumbList\",\"@id\":\"https:\/\/www.fiscalia.gov.co\/colombia\/noticias\/a-la-carcel-2-hombres-investigados-por-el-homicidio-de-un-nucleo-familiar-en-ciudad-bolivar-antioquia\/#breadcrumb\",\"itemListElement\":[{\"@type\":\"ListItem\",\"position\":1,\"name\":\"Home\",\"item\":\"https:\/\/www.fiscalia.gov.co\/colombia\/\"},{\"@type\":\"ListItem\",\"position\":2,\"name\":\"A la c\u00e1rcel 2 hombres investigados por el homicidio de un n\u00facleo familiar en Ciudad Bol\u00edvar (Antioquia)\"}]},{\"@type\":\"WebSite\",\"@id\":\"https:\/\/www.fiscalia.gov.co\/colombia\/#website\",\"url\":\"https:\/\/www.fiscalia.gov.co\/colombia\/\",\"name\":\"Fiscal\u00eda General de la Naci\u00f3n\",\"description\":\"P\u00e1gina oficial de la Fiscal\u00eda General de la Naci\u00f3n \u2013 Colombia. Garantizamos el acceso efectivo a la justicia, la verdad y la reparaci\u00f3n de las v\u00edctimas de los delitos.\",\"publisher\":{\"@id\":\"https:\/\/www.fiscalia.gov.co\/colombia\/#organization\"},\"potentialAction\":[{\"@type\":\"SearchAction\",\"target\":{\"@type\":\"EntryPoint\",\"urlTemplate\":\"https:\/\/www.fiscalia.gov.co\/colombia\/?s={search_term_string}\"},\"query-input\":{\"@type\":\"PropertyValueSpecification\",\"valueRequired\":true,\"valueName\":\"search_term_string\"}}],\"inLanguage\":\"es-CO\"},{\"@type\":\"Organization\",\"@id\":\"https:\/\/www.fiscalia.gov.co\/colombia\/#organization\",\"name\":\"Fiscal\u00eda General de la Naci\u00f3n\",\"url\":\"https:\/\/www.fiscalia.gov.co\/colombia\/\",\"logo\":{\"@type\":\"ImageObject\",\"inLanguage\":\"es-CO\",\"@id\":\"https:\/\/www.fiscalia.gov.co\/colombia\/#\/schema\/logo\/image\/\",\"url\":\"https:\/\/www.fiscalia.gov.co\/colombia\/wp-content\/uploads\/LogoHorizontal_1.jpg\",\"contentUrl\":\"https:\/\/www.fiscalia.gov.co\/colombia\/wp-content\/uploads\/LogoHorizontal_1.jpg\",\"width\":300,\"height\":90,\"caption\":\"Fiscal\u00eda General de la Naci\u00f3n\"},\"image\":{\"@id\":\"https:\/\/www.fiscalia.gov.co\/colombia\/#\/schema\/logo\/image\/\"},\"sameAs\":[\"https:\/\/www.facebook.com\/FiscaliaCol\",\"https:\/\/x.com\/FiscaliaCol\",\"https:\/\/www.instagram.com\/fiscaliacol\",\"https:\/\/www.linkedin.com\/company\/fiscalia-general-de-la-naci-n\/\",\"https:\/\/youtube.com\/@fiscaliageneraldelanacion-4668?si=6nN79nyQICPU5iTh\"]},{\"@type\":\"Person\",\"@id\":\"https:\/\/www.fiscalia.gov.co\/colombia\/#\/schema\/person\/b19b49f26569f91393176a2b3d13a0e5\",\"name\":\"Johanna Black Prieto Pe\u00f1a\",\"image\":{\"@type\":\"ImageObject\",\"inLanguage\":\"es-CO\",\"@id\":\"https:\/\/www.fiscalia.gov.co\/colombia\/#\/schema\/person\/image\/\",\"url\":\"https:\/\/secure.gravatar.com\/avatar\/7f04518e1774335e76d761d76f04003e?s=96&d=mm&r=g\",\"contentUrl\":\"https:\/\/secure.gravatar.com\/avatar\/7f04518e1774335e76d761d76f04003e?s=96&d=mm&r=g\",\"caption\":\"Johanna Black Prieto Pe\u00f1a\"},\"url\":\"https:\/\/www.fiscalia.gov.co\/colombia\/author\/jprieto\/\"}]}<\/script>\n<!-- \/ Yoast SEO plugin. -->","yoast_head_json":{"title":"Fiscal\u00eda General de la Naci\u00f3n","description":"P\u00e1gina oficial de la Fiscal\u00eda General de la Naci\u00f3n \u2013 Colombia. Garantizamos el acceso efectivo a la justicia, la verdad y la reparaci\u00f3n de las v\u00edctimas de los delitos.","robots":{"index":"noindex","follow":"follow"},"og_locale":"es_ES","og_type":"article","og_title":"Fiscal\u00eda General de la Naci\u00f3n","og_description":"P\u00e1gina oficial de la Fiscal\u00eda General de la Naci\u00f3n \u2013 Colombia. Garantizamos el acceso efectivo a la justicia, la verdad y la reparaci\u00f3n de las v\u00edctimas de los delitos.","og_url":"https:\/\/www.fiscalia.gov.co\/colombia\/noticias\/a-la-carcel-2-hombres-investigados-por-el-homicidio-de-un-nucleo-familiar-en-ciudad-bolivar-antioquia\/","og_site_name":"Fiscal\u00eda General de la Naci\u00f3n","article_publisher":"https:\/\/www.facebook.com\/FiscaliaCol","article_published_time":"2021-12-30T16:39:02+00:00","author":"Johanna Black Prieto Pe\u00f1a","twitter_card":"summary_large_image","twitter_creator":"@FiscaliaCol","twitter_site":"@FiscaliaCol","twitter_misc":{"Escrito por":"Johanna Black Prieto Pe\u00f1a","Tiempo de lectura":"2 minutos"},"schema":{"@context":"https:\/\/schema.org","@graph":[{"@type":"Article","@id":"https:\/\/www.fiscalia.gov.co\/colombia\/noticias\/a-la-carcel-2-hombres-investigados-por-el-homicidio-de-un-nucleo-familiar-en-ciudad-bolivar-antioquia\/#article","isPartOf":{"@id":"https:\/\/www.fiscalia.gov.co\/colombia\/noticias\/a-la-carcel-2-hombres-investigados-por-el-homicidio-de-un-nucleo-familiar-en-ciudad-bolivar-antioquia\/"},"author":{"name":"Johanna Black Prieto Pe\u00f1a","@id":"https:\/\/www.fiscalia.gov.co\/colombia\/#\/schema\/person\/b19b49f26569f91393176a2b3d13a0e5"},"headline":"A la c\u00e1rcel 2 hombres investigados por el homicidio de un n\u00facleo familiar en Ciudad Bol\u00edvar (Antioquia)","datePublished":"2021-12-30T16:39:02+00:00","dateModified":"2021-12-30T16:39:02+00:00","mainEntityOfPage":{"@id":"https:\/\/www.fiscalia.gov.co\/colombia\/noticias\/a-la-carcel-2-hombres-investigados-por-el-homicidio-de-un-nucleo-familiar-en-ciudad-bolivar-antioquia\/"},"wordCount":374,"publisher":{"@id":"https:\/\/www.fiscalia.gov.co\/colombia\/#organization"},"keywords":["Ciudad Bol\u00edvar","CTI","Fiscal\u00eda General de la Naci\u00f3n","homicidio de n\u00facleo familiar","hurto calificado y agravado","Polic\u00eda Nacional","Porte ilegal de armas de fuego","Triple homicidio"],"articleSection":["Noticias","Seccional Antioquia","Seccionales","Seguridad territorial"],"inLanguage":"es-CO"},{"@type":"WebPage","@id":"https:\/\/www.fiscalia.gov.co\/colombia\/noticias\/a-la-carcel-2-hombres-investigados-por-el-homicidio-de-un-nucleo-familiar-en-ciudad-bolivar-antioquia\/","url":"https:\/\/www.fiscalia.gov.co\/colombia\/noticias\/a-la-carcel-2-hombres-investigados-por-el-homicidio-de-un-nucleo-familiar-en-ciudad-bolivar-antioquia\/","name":"Fiscal\u00eda General de la Naci\u00f3n","isPartOf":{"@id":"https:\/\/www.fiscalia.gov.co\/colombia\/#website"},"datePublished":"2021-12-30T16:39:02+00:00","dateModified":"2021-12-30T16:39:02+00:00","description":"P\u00e1gina oficial de la Fiscal\u00eda General de la Naci\u00f3n \u2013 Colombia. Garantizamos el acceso efectivo a la justicia, la verdad y la reparaci\u00f3n de las v\u00edctimas de los delitos.","breadcrumb":{"@id":"https:\/\/www.fiscalia.gov.co\/colombia\/noticias\/a-la-carcel-2-hombres-investigados-por-el-homicidio-de-un-nucleo-familiar-en-ciudad-bolivar-antioquia\/#breadcrumb"},"inLanguage":"es-CO","potentialAction":[{"@type":"ReadAction","target":["https:\/\/www.fiscalia.gov.co\/colombia\/noticias\/a-la-carcel-2-hombres-investigados-por-el-homicidio-de-un-nucleo-familiar-en-ciudad-bolivar-antioquia\/"]}]},{"@type":"BreadcrumbList","@id":"https:\/\/www.fiscalia.gov.co\/colombia\/noticias\/a-la-carcel-2-hombres-investigados-por-el-homicidio-de-un-nucleo-familiar-en-ciudad-bolivar-antioquia\/#breadcrumb","itemListElement":[{"@type":"ListItem","position":1,"name":"Home","item":"https:\/\/www.fiscalia.gov.co\/colombia\/"},{"@type":"ListItem","position":2,"name":"A la c\u00e1rcel 2 hombres investigados por el homicidio de un n\u00facleo familiar en Ciudad Bol\u00edvar (Antioquia)"}]},{"@type":"WebSite","@id":"https:\/\/www.fiscalia.gov.co\/colombia\/#website","url":"https:\/\/www.fiscalia.gov.co\/colombia\/","name":"Fiscal\u00eda General de la Naci\u00f3n","description":"P\u00e1gina oficial de la Fiscal\u00eda General de la Naci\u00f3n \u2013 Colombia. Garantizamos el acceso efectivo a la justicia, la verdad y la reparaci\u00f3n de las v\u00edctimas de los delitos.","publisher":{"@id":"https:\/\/www.fiscalia.gov.co\/colombia\/#organization"},"potentialAction":[{"@type":"SearchAction","target":{"@type":"EntryPoint","urlTemplate":"https:\/\/www.fiscalia.gov.co\/colombia\/?s={search_term_string}"},"query-input":{"@type":"PropertyValueSpecification","valueRequired":true,"valueName":"search_term_string"}}],"inLanguage":"es-CO"},{"@type":"Organization","@id":"https:\/\/www.fiscalia.gov.co\/colombia\/#organization","name":"Fiscal\u00eda General de la Naci\u00f3n","url":"https:\/\/www.fiscalia.gov.co\/colombia\/","logo":{"@type":"ImageObject","inLanguage":"es-CO","@id":"https:\/\/www.fiscalia.gov.co\/colombia\/#\/schema\/logo\/image\/","url":"https:\/\/www.fiscalia.gov.co\/colombia\/wp-content\/uploads\/LogoHorizontal_1.jpg","contentUrl":"https:\/\/www.fiscalia.gov.co\/colombia\/wp-content\/uploads\/LogoHorizontal_1.jpg","width":300,"height":90,"caption":"Fiscal\u00eda General de la Naci\u00f3n"},"image":{"@id":"https:\/\/www.fiscalia.gov.co\/colombia\/#\/schema\/logo\/image\/"},"sameAs":["https:\/\/www.facebook.com\/FiscaliaCol","https:\/\/x.com\/FiscaliaCol","https:\/\/www.instagram.com\/fiscaliacol","https:\/\/www.linkedin.com\/company\/fiscalia-general-de-la-naci-n\/","https:\/\/youtube.com\/@fiscaliageneraldelanacion-4668?si=6nN79nyQICPU5iTh"]},{"@type":"Person","@id":"https:\/\/www.fiscalia.gov.co\/colombia\/#\/schema\/person\/b19b49f26569f91393176a2b3d13a0e5","name":"Johanna Black Prieto Pe\u00f1a","image":{"@type":"ImageObject","inLanguage":"es-CO","@id":"https:\/\/www.fiscalia.gov.co\/colombia\/#\/schema\/person\/image\/","url":"https:\/\/secure.gravatar.com\/avatar\/7f04518e1774335e76d761d76f04003e?s=96&d=mm&r=g","contentUrl":"https:\/\/secure.gravatar.com\/avatar\/7f04518e1774335e76d761d76f04003e?s=96&d=mm&r=g","caption":"Johanna Black Prieto Pe\u00f1a"},"url":"https:\/\/www.fiscalia.gov.co\/colombia\/author\/jprieto\/"}]}},"_links":{"self":[{"href":"https:\/\/www.fiscalia.gov.co\/colombia\/wp-json\/wp\/v2\/posts\/237582","targetHints":{"allow":["GET"]}}],"collection":[{"href":"https:\/\/www.fiscalia.gov.co\/colombia\/wp-json\/wp\/v2\/posts"}],"about":[{"href":"https:\/\/www.fiscalia.gov.co\/colombia\/wp-json\/wp\/v2\/types\/post"}],"author":[{"embeddable":true,"href":"https:\/\/www.fiscalia.gov.co\/colombia\/wp-json\/wp\/v2\/users\/176"}],"replies":[{"embeddable":true,"href":"https:\/\/www.fiscalia.gov.co\/colombia\/wp-json\/wp\/v2\/comments?post=237582"}],"version-history":[{"count":1,"href":"https:\/\/www.fiscalia.gov.co\/colombia\/wp-json\/wp\/v2\/posts\/237582\/revisions"}],"predecessor-version":[{"id":237583,"href":"https:\/\/www.fiscalia.gov.co\/colombia\/wp-json\/wp\/v2\/posts\/237582\/revisions\/237583"}],"wp:attachment":[{"href":"https:\/\/www.fiscalia.gov.co\/colombia\/wp-json\/wp\/v2\/media?parent=237582"}],"wp:term":[{"taxonomy":"category","embeddable":true,"href":"https:\/\/www.fiscalia.gov.co\/colombia\/wp-json\/wp\/v2\/categories?post=237582"},{"taxonomy":"post_tag","embeddable":true,"href":"https:\/\/www.fiscalia.gov.co\/colombia\/wp-json\/wp\/v2\/tags?post=237582"}],"curies":[{"name":"wp","href":"https:\/\/api.w.org\/{rel}","templated":true}]}}