{"id":237511,"date":"2021-12-28T14:43:49","date_gmt":"2021-12-28T19:43:49","guid":{"rendered":"https:\/\/www.fiscalia.gov.co\/colombia\/?p=237511"},"modified":"2021-12-28T14:43:49","modified_gmt":"2021-12-28T19:43:49","slug":"fiscalia-obtiene-resultados-historicos-en-esclarecimiento-de-acciones-criminales-atribuidas-a-los-desmovilizados-grupos-paramilitares","status":"publish","type":"post","link":"https:\/\/www.fiscalia.gov.co\/colombia\/noticias\/fiscalia-obtiene-resultados-historicos-en-esclarecimiento-de-acciones-criminales-atribuidas-a-los-desmovilizados-grupos-paramilitares\/","title":{"rendered":"Fiscal\u00eda obtiene resultados hist\u00f3ricos en esclarecimiento de acciones criminales atribuidas a los desmovilizados grupos paramilitares"},"content":{"rendered":"<h4><strong><em>Se lograron incrementos de 50% y 80% en solicitudes de imputaci\u00f3n ante los tribunales de Justicia y Paz, y entrega de bienes para la reparaci\u00f3n a las v\u00edctimas, respectivamente.<\/em><\/strong><\/h4>\n<p>La Fiscal\u00eda General de la Naci\u00f3n, a trav\u00e9s de la Direcci\u00f3n de Justicia Transicional, obtuvo resultados contundentes, en los \u00faltimos 21 meses, en cuatro aspectos priorizados que buscan garantizar verdad, justicia, reparaci\u00f3n y no repetici\u00f3n a las v\u00edctimas del conflicto armado.<\/p>\n<ul>\n<li><strong>Solicitudes ante tribunales de Justicia y Paz<\/strong><\/li>\n<\/ul>\n<p>El trabajo de fiscales e investigadores, enmarcado en una estrategia de descongesti\u00f3n para judicializar a los exintegrantes de las estructuras armadas ilegales desmovilizados mediante la Ley 975 de 2005, permiti\u00f3 radicar ante los tribunales de Justicia y Paz solicitudes de imputaci\u00f3n por 60.320 hechos relacionados con desaparici\u00f3n, desplazamiento forzado, homicidio, violencia basada en g\u00e9nero y reclutamiento il\u00edcito, entre otros delitos. Esto representa un aumento de 110% respecto al periodo 2006-2019.<\/p>\n<ul>\n<li><strong>Entrega de bienes para reparaci\u00f3n a las v\u00edctimas<\/strong><\/li>\n<\/ul>\n<p>La Direcci\u00f3n de Justicia Transicional entreg\u00f3 al Fondo para la Reparaci\u00f3n a las V\u00edctimas bienes avaluados en $391.182\u2019605.395. La cuant\u00eda patrimonial supera en 80% el valor de todas las propiedades puestas a disposici\u00f3n del Fondo en a\u00f1os anteriores.<\/p>\n<p><strong>Algunos de los inmuebles corresponden a oficinas y parqueaderos en la Torre 85, en Bogot\u00e1, que tendr\u00edan relaci\u00f3n con Guillermo Le\u00f3n Acevedo, alias Memo Fantasma. Tambi\u00e9n las haciendas San Juan de Bedout y El Amparo, y lotes en el sector Filo de Caballo, que pertenecer\u00edan a excabecillas de los bloques Central Bol\u00edvar, H\u00e9roes de Granada, Mineros y Casa Casta\u00f1o. Asimismo, los predios Puente Tierra y Guadalupe, ubicados en Calima El Dari\u00e9n (Valle del Cauca), que estar\u00edan a nombre de testaferros de Wilber Varela, alias Jab\u00f3n, y luego pasaron al Bloque Calima.<\/strong><\/p>\n<p>De otra parte, se obtuvieron medidas cautelares sobre bienes de exintegrantes de los extintos grupos paramilitares, cuyo aval\u00fao asciende a 370.000 millones de pesos.<\/p>\n<ul>\n<li><strong>Exhumaciones y entregas dignas<\/strong><\/li>\n<\/ul>\n<p>La Fiscal\u00eda General de la Naci\u00f3n avanza en la b\u00fasqueda de personas desaparecidas forzadamente.\u00a0 Con un grupo especializado de fiscales, investigadores y equipos de criminal\u00edstica se realizaron 875 exhumaciones y entreg\u00f3 dignamente a los familiares 487 cuerpos.<\/p>\n<p>De igual forma, el Grupo de B\u00fasqueda, Identificaci\u00f3n y Entrega de Personas Desaparecidas (GRUBE) cumpli\u00f3 53 jornadas de atenci\u00f3n a v\u00edctimas en distintos puntos del pa\u00eds, en las que se escucharon 6.218 personas.<\/p>\n<ul>\n<li><strong>Investigaciones contra terceros financiadores<\/strong><\/li>\n<\/ul>\n<p><strong>A trav\u00e9s de la priorizaci\u00f3n de casos de terceros financiadores o colaboradores de estructuras paramilitares, la Direcci\u00f3n de Justicia Transicional profiri\u00f3 34 resoluciones de acusaci\u00f3n en procesos de relevancia nacional como: la multinacional Drummond, los empresarios azucareros de Valle del Cauca, los desplazamientos ocurridos en la cuenca de Curvarad\u00f3 y Jiguamiand\u00f3, y el homicidio de agentes del CTI que participaron en el operativo del Parqueadero Padilla, entre otros.<\/strong><\/p>\n<p><strong>Por \u00faltimo, en el marco de la Ley 600 de 2000, se defini\u00f3 la situaci\u00f3n jur\u00eddica de 18 empresarios bananeros que habr\u00edan financiado el Bloque Bananeros de las Autodefensas Unidas de Colombia (AUC).<\/strong><\/p>\n<p><strong>Esta informaci\u00f3n se publica por razones de inter\u00e9s general.<\/strong><\/p>\n<p><strong>DLBM\/SSR\/MCRC.<\/strong><\/p>\n<p><strong>La Fiscal\u00eda habla con resultados.<\/strong><\/p>\n<p>&nbsp;<\/p>\n\n<div class=\"twitter-share\"><a href=\"https:\/\/twitter.com\/intent\/tweet?via=fiscaliacol\" class=\"twitter-share-button\">Tweet<\/a><\/div>\n","protected":false},"excerpt":{"rendered":"<p>Se lograron incrementos de 50% y 80% en solicitudes de imputaci\u00f3n ante los tribunales de Justicia y Paz, y entrega de bienes para la reparaci\u00f3n a las v\u00edctimas, respectivamente. La Fiscal\u00eda General de la Naci\u00f3n, a trav\u00e9s de la Direcci\u00f3n de Justicia Transicional, obtuvo resultados contundentes, en los \u00faltimos 21 meses, en cuatro aspectos priorizados [&hellip;]<\/p>\n","protected":false},"author":176,"featured_media":0,"comment_status":"closed","ping_status":"open","sticky":false,"template":"","format":"standard","meta":{"tdm_status":"","tdm_grid_status":"","footnotes":""},"categories":[24098,1],"tags":[24401,24189,24187,1047],"class_list":{"0":"post-237511","1":"post","2":"type-post","3":"status-publish","4":"format-standard","6":"category-crimen-organizado","7":"category-noticias","8":"tag-fiscal-barbosa-delgado","9":"tag-fiscal-francisco-barbosa-delgado","10":"tag-fiscalia-colombia","11":"tag-fiscalia-general-de-la-nacion"},"yoast_head":"<!-- This site is optimized with the Yoast SEO plugin v24.3 - https:\/\/yoast.com\/wordpress\/plugins\/seo\/ -->\n<title>Fiscal\u00eda General de la Naci\u00f3n<\/title>\n<meta name=\"description\" content=\"P\u00e1gina oficial de la Fiscal\u00eda General de la Naci\u00f3n \u2013 Colombia. Garantizamos el acceso efectivo a la justicia, la verdad y la reparaci\u00f3n de las v\u00edctimas de los delitos.\" \/>\n<meta name=\"robots\" content=\"noindex, follow\" \/>\n<meta property=\"og:locale\" content=\"es_ES\" \/>\n<meta property=\"og:type\" content=\"article\" \/>\n<meta property=\"og:title\" content=\"Fiscal\u00eda General de la Naci\u00f3n\" \/>\n<meta property=\"og:description\" content=\"P\u00e1gina oficial de la Fiscal\u00eda General de la Naci\u00f3n \u2013 Colombia. Garantizamos el acceso efectivo a la justicia, la verdad y la reparaci\u00f3n de las v\u00edctimas de los delitos.\" \/>\n<meta property=\"og:url\" content=\"https:\/\/www.fiscalia.gov.co\/colombia\/noticias\/fiscalia-obtiene-resultados-historicos-en-esclarecimiento-de-acciones-criminales-atribuidas-a-los-desmovilizados-grupos-paramilitares\/\" \/>\n<meta property=\"og:site_name\" content=\"Fiscal\u00eda General de la Naci\u00f3n\" \/>\n<meta property=\"article:publisher\" content=\"https:\/\/www.facebook.com\/FiscaliaCol\" \/>\n<meta property=\"article:published_time\" content=\"2021-12-28T19:43:49+00:00\" \/>\n<meta name=\"author\" content=\"Johanna Black Prieto Pe\u00f1a\" \/>\n<meta name=\"twitter:card\" content=\"summary_large_image\" \/>\n<meta name=\"twitter:creator\" content=\"@FiscaliaCol\" \/>\n<meta name=\"twitter:site\" content=\"@FiscaliaCol\" \/>\n<meta name=\"twitter:label1\" content=\"Escrito por\" \/>\n\t<meta name=\"twitter:data1\" content=\"Johanna Black Prieto Pe\u00f1a\" \/>\n\t<meta name=\"twitter:label2\" content=\"Tiempo de lectura\" \/>\n\t<meta name=\"twitter:data2\" content=\"3 minutos\" \/>\n<script type=\"application\/ld+json\" class=\"yoast-schema-graph\">{\"@context\":\"https:\/\/schema.org\",\"@graph\":[{\"@type\":\"Article\",\"@id\":\"https:\/\/www.fiscalia.gov.co\/colombia\/noticias\/fiscalia-obtiene-resultados-historicos-en-esclarecimiento-de-acciones-criminales-atribuidas-a-los-desmovilizados-grupos-paramilitares\/#article\",\"isPartOf\":{\"@id\":\"https:\/\/www.fiscalia.gov.co\/colombia\/noticias\/fiscalia-obtiene-resultados-historicos-en-esclarecimiento-de-acciones-criminales-atribuidas-a-los-desmovilizados-grupos-paramilitares\/\"},\"author\":{\"name\":\"Johanna Black Prieto Pe\u00f1a\",\"@id\":\"https:\/\/www.fiscalia.gov.co\/colombia\/#\/schema\/person\/b19b49f26569f91393176a2b3d13a0e5\"},\"headline\":\"Fiscal\u00eda obtiene resultados hist\u00f3ricos en esclarecimiento de acciones criminales atribuidas a los desmovilizados grupos paramilitares\",\"datePublished\":\"2021-12-28T19:43:49+00:00\",\"dateModified\":\"2021-12-28T19:43:49+00:00\",\"mainEntityOfPage\":{\"@id\":\"https:\/\/www.fiscalia.gov.co\/colombia\/noticias\/fiscalia-obtiene-resultados-historicos-en-esclarecimiento-de-acciones-criminales-atribuidas-a-los-desmovilizados-grupos-paramilitares\/\"},\"wordCount\":557,\"publisher\":{\"@id\":\"https:\/\/www.fiscalia.gov.co\/colombia\/#organization\"},\"keywords\":[\"Fiscal Barbosa Delgado\",\"Fiscal Francisco Barbosa Delgado\",\"Fiscal\u00eda Colombia\",\"Fiscal\u00eda General de la Naci\u00f3n\"],\"articleSection\":[\"Crimen organizado\",\"Noticias\"],\"inLanguage\":\"es-CO\"},{\"@type\":\"WebPage\",\"@id\":\"https:\/\/www.fiscalia.gov.co\/colombia\/noticias\/fiscalia-obtiene-resultados-historicos-en-esclarecimiento-de-acciones-criminales-atribuidas-a-los-desmovilizados-grupos-paramilitares\/\",\"url\":\"https:\/\/www.fiscalia.gov.co\/colombia\/noticias\/fiscalia-obtiene-resultados-historicos-en-esclarecimiento-de-acciones-criminales-atribuidas-a-los-desmovilizados-grupos-paramilitares\/\",\"name\":\"Fiscal\u00eda General de la Naci\u00f3n\",\"isPartOf\":{\"@id\":\"https:\/\/www.fiscalia.gov.co\/colombia\/#website\"},\"datePublished\":\"2021-12-28T19:43:49+00:00\",\"dateModified\":\"2021-12-28T19:43:49+00:00\",\"description\":\"P\u00e1gina oficial de la Fiscal\u00eda General de la Naci\u00f3n \u2013 Colombia. Garantizamos el acceso efectivo a la justicia, la verdad y la reparaci\u00f3n de las v\u00edctimas de los delitos.\",\"breadcrumb\":{\"@id\":\"https:\/\/www.fiscalia.gov.co\/colombia\/noticias\/fiscalia-obtiene-resultados-historicos-en-esclarecimiento-de-acciones-criminales-atribuidas-a-los-desmovilizados-grupos-paramilitares\/#breadcrumb\"},\"inLanguage\":\"es-CO\",\"potentialAction\":[{\"@type\":\"ReadAction\",\"target\":[\"https:\/\/www.fiscalia.gov.co\/colombia\/noticias\/fiscalia-obtiene-resultados-historicos-en-esclarecimiento-de-acciones-criminales-atribuidas-a-los-desmovilizados-grupos-paramilitares\/\"]}]},{\"@type\":\"BreadcrumbList\",\"@id\":\"https:\/\/www.fiscalia.gov.co\/colombia\/noticias\/fiscalia-obtiene-resultados-historicos-en-esclarecimiento-de-acciones-criminales-atribuidas-a-los-desmovilizados-grupos-paramilitares\/#breadcrumb\",\"itemListElement\":[{\"@type\":\"ListItem\",\"position\":1,\"name\":\"Home\",\"item\":\"https:\/\/www.fiscalia.gov.co\/colombia\/\"},{\"@type\":\"ListItem\",\"position\":2,\"name\":\"Fiscal\u00eda obtiene resultados hist\u00f3ricos en esclarecimiento de acciones criminales atribuidas a los desmovilizados grupos paramilitares\"}]},{\"@type\":\"WebSite\",\"@id\":\"https:\/\/www.fiscalia.gov.co\/colombia\/#website\",\"url\":\"https:\/\/www.fiscalia.gov.co\/colombia\/\",\"name\":\"Fiscal\u00eda General de la Naci\u00f3n\",\"description\":\"P\u00e1gina oficial de la Fiscal\u00eda General de la Naci\u00f3n \u2013 Colombia. Garantizamos el acceso efectivo a la justicia, la verdad y la reparaci\u00f3n de las v\u00edctimas de los delitos.\",\"publisher\":{\"@id\":\"https:\/\/www.fiscalia.gov.co\/colombia\/#organization\"},\"potentialAction\":[{\"@type\":\"SearchAction\",\"target\":{\"@type\":\"EntryPoint\",\"urlTemplate\":\"https:\/\/www.fiscalia.gov.co\/colombia\/?s={search_term_string}\"},\"query-input\":{\"@type\":\"PropertyValueSpecification\",\"valueRequired\":true,\"valueName\":\"search_term_string\"}}],\"inLanguage\":\"es-CO\"},{\"@type\":\"Organization\",\"@id\":\"https:\/\/www.fiscalia.gov.co\/colombia\/#organization\",\"name\":\"Fiscal\u00eda General de la Naci\u00f3n\",\"url\":\"https:\/\/www.fiscalia.gov.co\/colombia\/\",\"logo\":{\"@type\":\"ImageObject\",\"inLanguage\":\"es-CO\",\"@id\":\"https:\/\/www.fiscalia.gov.co\/colombia\/#\/schema\/logo\/image\/\",\"url\":\"https:\/\/www.fiscalia.gov.co\/colombia\/wp-content\/uploads\/LogoHorizontal_1.jpg\",\"contentUrl\":\"https:\/\/www.fiscalia.gov.co\/colombia\/wp-content\/uploads\/LogoHorizontal_1.jpg\",\"width\":300,\"height\":90,\"caption\":\"Fiscal\u00eda General de la Naci\u00f3n\"},\"image\":{\"@id\":\"https:\/\/www.fiscalia.gov.co\/colombia\/#\/schema\/logo\/image\/\"},\"sameAs\":[\"https:\/\/www.facebook.com\/FiscaliaCol\",\"https:\/\/x.com\/FiscaliaCol\",\"https:\/\/www.instagram.com\/fiscaliacol\",\"https:\/\/www.linkedin.com\/company\/fiscalia-general-de-la-naci-n\/\",\"https:\/\/youtube.com\/@fiscaliageneraldelanacion-4668?si=6nN79nyQICPU5iTh\"]},{\"@type\":\"Person\",\"@id\":\"https:\/\/www.fiscalia.gov.co\/colombia\/#\/schema\/person\/b19b49f26569f91393176a2b3d13a0e5\",\"name\":\"Johanna Black Prieto Pe\u00f1a\",\"image\":{\"@type\":\"ImageObject\",\"inLanguage\":\"es-CO\",\"@id\":\"https:\/\/www.fiscalia.gov.co\/colombia\/#\/schema\/person\/image\/\",\"url\":\"https:\/\/secure.gravatar.com\/avatar\/7f04518e1774335e76d761d76f04003e?s=96&d=mm&r=g\",\"contentUrl\":\"https:\/\/secure.gravatar.com\/avatar\/7f04518e1774335e76d761d76f04003e?s=96&d=mm&r=g\",\"caption\":\"Johanna Black Prieto Pe\u00f1a\"},\"url\":\"https:\/\/www.fiscalia.gov.co\/colombia\/author\/jprieto\/\"}]}<\/script>\n<!-- \/ Yoast SEO plugin. -->","yoast_head_json":{"title":"Fiscal\u00eda General de la Naci\u00f3n","description":"P\u00e1gina oficial de la Fiscal\u00eda General de la Naci\u00f3n \u2013 Colombia. Garantizamos el acceso efectivo a la justicia, la verdad y la reparaci\u00f3n de las v\u00edctimas de los delitos.","robots":{"index":"noindex","follow":"follow"},"og_locale":"es_ES","og_type":"article","og_title":"Fiscal\u00eda General de la Naci\u00f3n","og_description":"P\u00e1gina oficial de la Fiscal\u00eda General de la Naci\u00f3n \u2013 Colombia. Garantizamos el acceso efectivo a la justicia, la verdad y la reparaci\u00f3n de las v\u00edctimas de los delitos.","og_url":"https:\/\/www.fiscalia.gov.co\/colombia\/noticias\/fiscalia-obtiene-resultados-historicos-en-esclarecimiento-de-acciones-criminales-atribuidas-a-los-desmovilizados-grupos-paramilitares\/","og_site_name":"Fiscal\u00eda General de la Naci\u00f3n","article_publisher":"https:\/\/www.facebook.com\/FiscaliaCol","article_published_time":"2021-12-28T19:43:49+00:00","author":"Johanna Black Prieto Pe\u00f1a","twitter_card":"summary_large_image","twitter_creator":"@FiscaliaCol","twitter_site":"@FiscaliaCol","twitter_misc":{"Escrito por":"Johanna Black Prieto Pe\u00f1a","Tiempo de lectura":"3 minutos"},"schema":{"@context":"https:\/\/schema.org","@graph":[{"@type":"Article","@id":"https:\/\/www.fiscalia.gov.co\/colombia\/noticias\/fiscalia-obtiene-resultados-historicos-en-esclarecimiento-de-acciones-criminales-atribuidas-a-los-desmovilizados-grupos-paramilitares\/#article","isPartOf":{"@id":"https:\/\/www.fiscalia.gov.co\/colombia\/noticias\/fiscalia-obtiene-resultados-historicos-en-esclarecimiento-de-acciones-criminales-atribuidas-a-los-desmovilizados-grupos-paramilitares\/"},"author":{"name":"Johanna Black Prieto Pe\u00f1a","@id":"https:\/\/www.fiscalia.gov.co\/colombia\/#\/schema\/person\/b19b49f26569f91393176a2b3d13a0e5"},"headline":"Fiscal\u00eda obtiene resultados hist\u00f3ricos en esclarecimiento de acciones criminales atribuidas a los desmovilizados grupos paramilitares","datePublished":"2021-12-28T19:43:49+00:00","dateModified":"2021-12-28T19:43:49+00:00","mainEntityOfPage":{"@id":"https:\/\/www.fiscalia.gov.co\/colombia\/noticias\/fiscalia-obtiene-resultados-historicos-en-esclarecimiento-de-acciones-criminales-atribuidas-a-los-desmovilizados-grupos-paramilitares\/"},"wordCount":557,"publisher":{"@id":"https:\/\/www.fiscalia.gov.co\/colombia\/#organization"},"keywords":["Fiscal Barbosa Delgado","Fiscal Francisco Barbosa Delgado","Fiscal\u00eda Colombia","Fiscal\u00eda General de la Naci\u00f3n"],"articleSection":["Crimen organizado","Noticias"],"inLanguage":"es-CO"},{"@type":"WebPage","@id":"https:\/\/www.fiscalia.gov.co\/colombia\/noticias\/fiscalia-obtiene-resultados-historicos-en-esclarecimiento-de-acciones-criminales-atribuidas-a-los-desmovilizados-grupos-paramilitares\/","url":"https:\/\/www.fiscalia.gov.co\/colombia\/noticias\/fiscalia-obtiene-resultados-historicos-en-esclarecimiento-de-acciones-criminales-atribuidas-a-los-desmovilizados-grupos-paramilitares\/","name":"Fiscal\u00eda General de la Naci\u00f3n","isPartOf":{"@id":"https:\/\/www.fiscalia.gov.co\/colombia\/#website"},"datePublished":"2021-12-28T19:43:49+00:00","dateModified":"2021-12-28T19:43:49+00:00","description":"P\u00e1gina oficial de la Fiscal\u00eda General de la Naci\u00f3n \u2013 Colombia. Garantizamos el acceso efectivo a la justicia, la verdad y la reparaci\u00f3n de las v\u00edctimas de los delitos.","breadcrumb":{"@id":"https:\/\/www.fiscalia.gov.co\/colombia\/noticias\/fiscalia-obtiene-resultados-historicos-en-esclarecimiento-de-acciones-criminales-atribuidas-a-los-desmovilizados-grupos-paramilitares\/#breadcrumb"},"inLanguage":"es-CO","potentialAction":[{"@type":"ReadAction","target":["https:\/\/www.fiscalia.gov.co\/colombia\/noticias\/fiscalia-obtiene-resultados-historicos-en-esclarecimiento-de-acciones-criminales-atribuidas-a-los-desmovilizados-grupos-paramilitares\/"]}]},{"@type":"BreadcrumbList","@id":"https:\/\/www.fiscalia.gov.co\/colombia\/noticias\/fiscalia-obtiene-resultados-historicos-en-esclarecimiento-de-acciones-criminales-atribuidas-a-los-desmovilizados-grupos-paramilitares\/#breadcrumb","itemListElement":[{"@type":"ListItem","position":1,"name":"Home","item":"https:\/\/www.fiscalia.gov.co\/colombia\/"},{"@type":"ListItem","position":2,"name":"Fiscal\u00eda obtiene resultados hist\u00f3ricos en esclarecimiento de acciones criminales atribuidas a los desmovilizados grupos paramilitares"}]},{"@type":"WebSite","@id":"https:\/\/www.fiscalia.gov.co\/colombia\/#website","url":"https:\/\/www.fiscalia.gov.co\/colombia\/","name":"Fiscal\u00eda General de la Naci\u00f3n","description":"P\u00e1gina oficial de la Fiscal\u00eda General de la Naci\u00f3n \u2013 Colombia. Garantizamos el acceso efectivo a la justicia, la verdad y la reparaci\u00f3n de las v\u00edctimas de los delitos.","publisher":{"@id":"https:\/\/www.fiscalia.gov.co\/colombia\/#organization"},"potentialAction":[{"@type":"SearchAction","target":{"@type":"EntryPoint","urlTemplate":"https:\/\/www.fiscalia.gov.co\/colombia\/?s={search_term_string}"},"query-input":{"@type":"PropertyValueSpecification","valueRequired":true,"valueName":"search_term_string"}}],"inLanguage":"es-CO"},{"@type":"Organization","@id":"https:\/\/www.fiscalia.gov.co\/colombia\/#organization","name":"Fiscal\u00eda General de la Naci\u00f3n","url":"https:\/\/www.fiscalia.gov.co\/colombia\/","logo":{"@type":"ImageObject","inLanguage":"es-CO","@id":"https:\/\/www.fiscalia.gov.co\/colombia\/#\/schema\/logo\/image\/","url":"https:\/\/www.fiscalia.gov.co\/colombia\/wp-content\/uploads\/LogoHorizontal_1.jpg","contentUrl":"https:\/\/www.fiscalia.gov.co\/colombia\/wp-content\/uploads\/LogoHorizontal_1.jpg","width":300,"height":90,"caption":"Fiscal\u00eda General de la Naci\u00f3n"},"image":{"@id":"https:\/\/www.fiscalia.gov.co\/colombia\/#\/schema\/logo\/image\/"},"sameAs":["https:\/\/www.facebook.com\/FiscaliaCol","https:\/\/x.com\/FiscaliaCol","https:\/\/www.instagram.com\/fiscaliacol","https:\/\/www.linkedin.com\/company\/fiscalia-general-de-la-naci-n\/","https:\/\/youtube.com\/@fiscaliageneraldelanacion-4668?si=6nN79nyQICPU5iTh"]},{"@type":"Person","@id":"https:\/\/www.fiscalia.gov.co\/colombia\/#\/schema\/person\/b19b49f26569f91393176a2b3d13a0e5","name":"Johanna Black Prieto Pe\u00f1a","image":{"@type":"ImageObject","inLanguage":"es-CO","@id":"https:\/\/www.fiscalia.gov.co\/colombia\/#\/schema\/person\/image\/","url":"https:\/\/secure.gravatar.com\/avatar\/7f04518e1774335e76d761d76f04003e?s=96&d=mm&r=g","contentUrl":"https:\/\/secure.gravatar.com\/avatar\/7f04518e1774335e76d761d76f04003e?s=96&d=mm&r=g","caption":"Johanna Black Prieto Pe\u00f1a"},"url":"https:\/\/www.fiscalia.gov.co\/colombia\/author\/jprieto\/"}]}},"_links":{"self":[{"href":"https:\/\/www.fiscalia.gov.co\/colombia\/wp-json\/wp\/v2\/posts\/237511","targetHints":{"allow":["GET"]}}],"collection":[{"href":"https:\/\/www.fiscalia.gov.co\/colombia\/wp-json\/wp\/v2\/posts"}],"about":[{"href":"https:\/\/www.fiscalia.gov.co\/colombia\/wp-json\/wp\/v2\/types\/post"}],"author":[{"embeddable":true,"href":"https:\/\/www.fiscalia.gov.co\/colombia\/wp-json\/wp\/v2\/users\/176"}],"replies":[{"embeddable":true,"href":"https:\/\/www.fiscalia.gov.co\/colombia\/wp-json\/wp\/v2\/comments?post=237511"}],"version-history":[{"count":1,"href":"https:\/\/www.fiscalia.gov.co\/colombia\/wp-json\/wp\/v2\/posts\/237511\/revisions"}],"predecessor-version":[{"id":237512,"href":"https:\/\/www.fiscalia.gov.co\/colombia\/wp-json\/wp\/v2\/posts\/237511\/revisions\/237512"}],"wp:attachment":[{"href":"https:\/\/www.fiscalia.gov.co\/colombia\/wp-json\/wp\/v2\/media?parent=237511"}],"wp:term":[{"taxonomy":"category","embeddable":true,"href":"https:\/\/www.fiscalia.gov.co\/colombia\/wp-json\/wp\/v2\/categories?post=237511"},{"taxonomy":"post_tag","embeddable":true,"href":"https:\/\/www.fiscalia.gov.co\/colombia\/wp-json\/wp\/v2\/tags?post=237511"}],"curies":[{"name":"wp","href":"https:\/\/api.w.org\/{rel}","templated":true}]}}