{"id":237502,"date":"2021-12-28T10:58:43","date_gmt":"2021-12-28T15:58:43","guid":{"rendered":"https:\/\/www.fiscalia.gov.co\/colombia\/?p=237502"},"modified":"2021-12-28T12:20:45","modified_gmt":"2021-12-28T17:20:45","slug":"ofensiva-contra-la-delincuencia-en-bogota-24-personas-fueron-enviadas-a-la-carcel-senaladas-de-participar-en-varios-delitos-en-localidades-del-sur-de-bogota","status":"publish","type":"post","link":"https:\/\/www.fiscalia.gov.co\/colombia\/noticias\/ofensiva-contra-la-delincuencia-en-bogota-24-personas-fueron-enviadas-a-la-carcel-senaladas-de-participar-en-varios-delitos-en-localidades-del-sur-de-bogota\/","title":{"rendered":"Ofensiva contra la delincuencia en Bogot\u00e1: 24 personas fueron enviadas a la c\u00e1rcel se\u00f1aladas de participar en varios delitos en localidades del sur de Bogot\u00e1"},"content":{"rendered":"<h4 style=\"font-weight: 400;\"><strong><em>Los procesados fueron judicializados por la Fiscal\u00eda por delitos como homicidio, extorsi\u00f3n, terrorismo, tr\u00e1fico, fabricaci\u00f3n o porte de sustancia estupefacientes, concierto para delinquir, hurto calificado entre otros<\/em>.<\/strong><\/h4>\n<p style=\"font-weight: 400;\">Fiscales de la Unidad de Estructura de apoyo de la Direcci\u00f3n Seccional de Bogot\u00e1, con apoyo de la Polic\u00eda Metropolitana de Bogot\u00e1, lograron judicializar a 24 personas que har\u00edan parte de grupos delincuenciales dedicados a la comisi\u00f3n de varios delitos en las localidades de Rafael Uribe Uribe, Usme, San Crist\u00f3bal y Ciudad Bol\u00edvar.<\/p>\n<p style=\"font-weight: 400;\">La Fiscal\u00eda consigui\u00f3 a trav\u00e9s de un gran operativo, afectar estos grupos, dos de ellos estar\u00edan vinculados entre s\u00ed para delinquir.<\/p>\n<ol>\n<li style=\"font-weight: 400;\"><strong>Outsorcing Gaor 10 La Finca<\/strong><\/li>\n<\/ol>\n<p style=\"font-weight: 400;\">Al parecer, esta organizaci\u00f3n se dedicaba a realizar quemas de buses intermunicipales. Adem\u00e1s, de cobrar un llamado impuesto de guerra para las disidencias de las Farc, adicionalmente se les atribuye la venta de estupefacientes en los barrios Diana Turbay, Molinos, Marruecos, Puentes, Palermo y Usme Pueblo. Esta organizaci\u00f3n estaba dirigida por alias El Viejo, quien se encuentra privado de la libertad en el departamento de Santander, adem\u00e1s es se\u00f1alado de ser jefe de alias T\u00edo o Lucho cabecilla del grupo delincuencial Osiris.<\/p>\n<p style=\"font-weight: 400;\">En los operativos fueron capturados: Juli\u00e1n Laverde M\u00fanera, Jhon Alexander Medina Aragonez, Guillermo Alfonso Sarmiento Garz\u00f3n, Cristian Camilo D\u00edaz Posada, Carlos Camilo Fl\u00f3rez Bustos, Anderson Mauricio Vega Mendoza, Leonardo Alzate Sossa, Yanira Rojas P\u00e9rez, Yaqueline Aragonez Rodr\u00edguez, Brayan Jaminhon Isaza Villalba y Rodrigo Casanova Meza, quienes, adem\u00e1s, est\u00e1n vinculados en el evento del homicidio ocurrido el 27 de agosto de 2021 en el barrio El Tejar de la localidad de Puente Aranda, donde le quitaron la vida a un hombre que iba conduciendo su veh\u00edculo y se choc\u00f3 contra la reja de un inmueble.<\/p>\n<p style=\"font-weight: 400;\">La Fiscal\u00eda les imput\u00f3 los delitos de homicidio agravado, concierto para delinquir con fines de extorsi\u00f3n, terrorismo, tr\u00e1fico, fabricaci\u00f3n o porte de sustancia estupefacientes, hurto calificado, fabricaci\u00f3n, trafico, porte o tenencia de armas de fuego, accesorios, parte o municiones; fabricaci\u00f3n, tr\u00e1fico o porte de armas, municiones de uso restringido de uso privativo de las fuerzas armadas o explosivos. Cargos que no fueron aceptados por ninguno de los procesados. Un juez con funci\u00f3n de control de garant\u00edas impuso medida de aseguramiento en establecimiento carcelario en contra de los 11 imputados.<\/p>\n<ol start=\"2\">\n<li style=\"font-weight: 400;\"><strong> Osiris<\/strong><\/li>\n<\/ol>\n<p style=\"font-weight: 400;\">Este grupo delincuencial cuyo cabecilla es alias el T\u00edo o Lucho, se dedicaban al parecer, a cometer homicidios selectivos y estar\u00eda vinculado en cuatro eventos, adem\u00e1s, se les se\u00f1ala de la venta de sustancias estupefacientes en las localidades de Rafael Uribe Uribe y San Crist\u00f3bal. En el operativo fueron capturados Luis Eduardo Rodr\u00edguez Romero, alias T\u00edo o Lucho; Jorge Daniel Mor\u00f3n Pereira, alias Jorgito; Brayan Estiben Contreras Guzm\u00e1n, alias Chinche; Edwinson Vargas Ram\u00edrez, alias Edwin o Edwinson; Alba Roci\u00f3 Rivera Mart\u00ednez, alias Rochi; Luis David Rangel Ramos, alias Vale; Leidy Yulieth Hern\u00e1ndez Vargas, alias Leidy y Jos\u00e9 Arnulfo Copete Gonz\u00e1lez, alias Fufo.<\/p>\n<p style=\"font-weight: 400;\">A estas personas la Fiscal\u00eda les imput\u00f3 los delitos de homicidio agravado, concierto para delinquir; fabricaci\u00f3n, trafico, porte o tenencia de armas de fuego, accesorios, partes o municiones y tr\u00e1fico, fabricaci\u00f3n o porte de estupefacientes.<\/p>\n<p style=\"font-weight: 400;\">Los hoy procesados no se allanaron a los cargos imputados. Un Juez con funci\u00f3n de control de garant\u00edas impuso medida de aseguramiento en centro carcelario en contra de los ocho procesados.<\/p>\n<ol style=\"font-weight: 400;\">\n<li><strong>Marruecos<\/strong><\/li>\n<\/ol>\n<p style=\"font-weight: 400;\">Este grupo delincuencial se dedicaba a la venta de estupefacientes bajo la modalidad de narcomenudeo, especialmente, papeletas de bazuco, en los barrios Marruecos, Diana Turbay y Bochica de la localidad de Ciudad Bol\u00edvar.<\/p>\n<p style=\"font-weight: 400;\">Se hicieron efectivas las \u00f3rdenes de captura en contra de Diana Majoire Ruiz Rivera, \u00c1ngela Liliana Barrero Masmela, Cristian Camilo Veland\u00eda Moreno, Jeisson Steven Rinc\u00f3n Pe\u00f1a y Jonathan Alexander Sabogal Vargas.<\/p>\n<p style=\"font-weight: 400;\">La Fiscal\u00eda les imput\u00f3 el delito de tr\u00e1fico, fabricaci\u00f3n o porte de estupefacientes, estos cargos no fueron aceptados por los capturados.<\/p>\n<p style=\"font-weight: 400;\">Un juez con funci\u00f3n de control de garant\u00edas de Bogot\u00e1 impuso las cinco medidas de aseguramiento en establecimiento carcelario.<\/p>\n<p style=\"font-weight: 400;\"><strong>La Fiscal\u00eda habla con resultados.<\/strong><\/p>\n<p style=\"font-weight: 400;\">LMFO\/MTPG\/RAPS\/OSC\/FAGH\/MCR<\/p>\n<p style=\"font-weight: 400;\"><em>La informaci\u00f3n contenida en este bolet\u00edn de prensa corresponde a la narraci\u00f3n de los hechos noticiosos objetivos, suministrados por los funcionarios encargados de adelantar las investigaciones penales al interior de la Fiscal\u00eda General de la Naci\u00f3n. Para el momento de la divulgaci\u00f3n de este comunicado, la situaci\u00f3n jur\u00eddica de la(s) persona(s) relacionada(s) se encuentra pendiente de resolver por la autoridad judicial competente, siempre bajo los preceptos de la presunci\u00f3n de inocencia, consagrados en el art\u00edculo 29 de la Constituci\u00f3n Pol\u00edtica y el art\u00edculo 7\u00ba de la Ley 906 de 2004.<\/em><\/p>\n\n<div class=\"twitter-share\"><a href=\"https:\/\/twitter.com\/intent\/tweet?via=fiscaliacol\" class=\"twitter-share-button\">Tweet<\/a><\/div>\n","protected":false},"excerpt":{"rendered":"<p>Los procesados fueron judicializados por la Fiscal\u00eda por delitos como homicidio, extorsi\u00f3n, terrorismo, tr\u00e1fico, fabricaci\u00f3n o porte de sustancia estupefacientes, concierto para delinquir, hurto calificado entre otros. Fiscales de la [&hellip;]<\/p>\n","protected":false},"author":176,"featured_media":0,"comment_status":"closed","ping_status":"open","sticky":false,"template":"","format":"standard","meta":{"tdm_status":"","tdm_grid_status":"","footnotes":""},"categories":[1,321,303,24099],"tags":[24185,24401,24189,78,24526,4614],"class_list":["post-237502","post","type-post","status-publish","format-standard","category-noticias","category-seccional-bogota","category-seccionales","category-seguridad-territorial","tag-fiscal-barbosa","tag-fiscal-barbosa-delgado","tag-fiscal-francisco-barbosa-delgado","tag-fiscal-general-de-la-nacion","tag-fiscal-general-francisco-barbosa-delgado","tag-fiscalia-2"],"yoast_head":"<!-- This site is optimized with the Yoast SEO plugin v24.3 - https:\/\/yoast.com\/wordpress\/plugins\/seo\/ -->\n<title>Fiscal\u00eda General de la Naci\u00f3n<\/title>\n<meta name=\"description\" content=\"P\u00e1gina oficial de la Fiscal\u00eda General de la Naci\u00f3n \u2013 Colombia. Garantizamos el acceso efectivo a la justicia, la verdad y la reparaci\u00f3n de las v\u00edctimas de los delitos.\" \/>\n<meta name=\"robots\" content=\"noindex, follow\" \/>\n<meta property=\"og:locale\" content=\"es_ES\" \/>\n<meta property=\"og:type\" content=\"article\" \/>\n<meta property=\"og:title\" content=\"Fiscal\u00eda General de la Naci\u00f3n\" \/>\n<meta property=\"og:description\" content=\"P\u00e1gina oficial de la Fiscal\u00eda General de la Naci\u00f3n \u2013 Colombia. Garantizamos el acceso efectivo a la justicia, la verdad y la reparaci\u00f3n de las v\u00edctimas de los delitos.\" \/>\n<meta property=\"og:url\" content=\"https:\/\/www.fiscalia.gov.co\/colombia\/noticias\/ofensiva-contra-la-delincuencia-en-bogota-24-personas-fueron-enviadas-a-la-carcel-senaladas-de-participar-en-varios-delitos-en-localidades-del-sur-de-bogota\/\" \/>\n<meta property=\"og:site_name\" content=\"Fiscal\u00eda General de la Naci\u00f3n\" \/>\n<meta property=\"article:publisher\" content=\"https:\/\/www.facebook.com\/FiscaliaCol\" \/>\n<meta property=\"article:published_time\" content=\"2021-12-28T15:58:43+00:00\" \/>\n<meta property=\"article:modified_time\" content=\"2021-12-28T17:20:45+00:00\" \/>\n<meta name=\"author\" content=\"Johanna Black Prieto Pe\u00f1a\" \/>\n<meta name=\"twitter:card\" content=\"summary_large_image\" \/>\n<meta name=\"twitter:creator\" content=\"@FiscaliaCol\" \/>\n<meta name=\"twitter:site\" content=\"@FiscaliaCol\" \/>\n<meta name=\"twitter:label1\" content=\"Escrito por\" \/>\n\t<meta name=\"twitter:data1\" content=\"Johanna Black Prieto Pe\u00f1a\" \/>\n\t<meta name=\"twitter:label2\" content=\"Tiempo de lectura\" \/>\n\t<meta name=\"twitter:data2\" content=\"4 minutos\" \/>\n<script type=\"application\/ld+json\" class=\"yoast-schema-graph\">{\"@context\":\"https:\/\/schema.org\",\"@graph\":[{\"@type\":\"Article\",\"@id\":\"https:\/\/www.fiscalia.gov.co\/colombia\/noticias\/ofensiva-contra-la-delincuencia-en-bogota-24-personas-fueron-enviadas-a-la-carcel-senaladas-de-participar-en-varios-delitos-en-localidades-del-sur-de-bogota\/#article\",\"isPartOf\":{\"@id\":\"https:\/\/www.fiscalia.gov.co\/colombia\/noticias\/ofensiva-contra-la-delincuencia-en-bogota-24-personas-fueron-enviadas-a-la-carcel-senaladas-de-participar-en-varios-delitos-en-localidades-del-sur-de-bogota\/\"},\"author\":{\"name\":\"Johanna Black Prieto Pe\u00f1a\",\"@id\":\"https:\/\/www.fiscalia.gov.co\/colombia\/#\/schema\/person\/b19b49f26569f91393176a2b3d13a0e5\"},\"headline\":\"Ofensiva contra la delincuencia en Bogot\u00e1: 24 personas fueron enviadas a la c\u00e1rcel se\u00f1aladas de participar en varios delitos en localidades del sur de Bogot\u00e1\",\"datePublished\":\"2021-12-28T15:58:43+00:00\",\"dateModified\":\"2021-12-28T17:20:45+00:00\",\"mainEntityOfPage\":{\"@id\":\"https:\/\/www.fiscalia.gov.co\/colombia\/noticias\/ofensiva-contra-la-delincuencia-en-bogota-24-personas-fueron-enviadas-a-la-carcel-senaladas-de-participar-en-varios-delitos-en-localidades-del-sur-de-bogota\/\"},\"wordCount\":846,\"publisher\":{\"@id\":\"https:\/\/www.fiscalia.gov.co\/colombia\/#organization\"},\"keywords\":[\"Fiscal Barbosa\",\"Fiscal Barbosa Delgado\",\"Fiscal Francisco Barbosa Delgado\",\"Fiscal General de la Naci\u00f3n\",\"Fiscal General Francisco Barbosa Delgado\",\"Fiscal\u00eda\"],\"articleSection\":[\"Noticias\",\"Seccional Bogot\u00e1\",\"Seccionales\",\"Seguridad territorial\"],\"inLanguage\":\"es-CO\"},{\"@type\":\"WebPage\",\"@id\":\"https:\/\/www.fiscalia.gov.co\/colombia\/noticias\/ofensiva-contra-la-delincuencia-en-bogota-24-personas-fueron-enviadas-a-la-carcel-senaladas-de-participar-en-varios-delitos-en-localidades-del-sur-de-bogota\/\",\"url\":\"https:\/\/www.fiscalia.gov.co\/colombia\/noticias\/ofensiva-contra-la-delincuencia-en-bogota-24-personas-fueron-enviadas-a-la-carcel-senaladas-de-participar-en-varios-delitos-en-localidades-del-sur-de-bogota\/\",\"name\":\"Fiscal\u00eda General de la Naci\u00f3n\",\"isPartOf\":{\"@id\":\"https:\/\/www.fiscalia.gov.co\/colombia\/#website\"},\"datePublished\":\"2021-12-28T15:58:43+00:00\",\"dateModified\":\"2021-12-28T17:20:45+00:00\",\"description\":\"P\u00e1gina oficial de la Fiscal\u00eda General de la Naci\u00f3n \u2013 Colombia. Garantizamos el acceso efectivo a la justicia, la verdad y la reparaci\u00f3n de las v\u00edctimas de los delitos.\",\"breadcrumb\":{\"@id\":\"https:\/\/www.fiscalia.gov.co\/colombia\/noticias\/ofensiva-contra-la-delincuencia-en-bogota-24-personas-fueron-enviadas-a-la-carcel-senaladas-de-participar-en-varios-delitos-en-localidades-del-sur-de-bogota\/#breadcrumb\"},\"inLanguage\":\"es-CO\",\"potentialAction\":[{\"@type\":\"ReadAction\",\"target\":[\"https:\/\/www.fiscalia.gov.co\/colombia\/noticias\/ofensiva-contra-la-delincuencia-en-bogota-24-personas-fueron-enviadas-a-la-carcel-senaladas-de-participar-en-varios-delitos-en-localidades-del-sur-de-bogota\/\"]}]},{\"@type\":\"BreadcrumbList\",\"@id\":\"https:\/\/www.fiscalia.gov.co\/colombia\/noticias\/ofensiva-contra-la-delincuencia-en-bogota-24-personas-fueron-enviadas-a-la-carcel-senaladas-de-participar-en-varios-delitos-en-localidades-del-sur-de-bogota\/#breadcrumb\",\"itemListElement\":[{\"@type\":\"ListItem\",\"position\":1,\"name\":\"Home\",\"item\":\"https:\/\/www.fiscalia.gov.co\/colombia\/\"},{\"@type\":\"ListItem\",\"position\":2,\"name\":\"Ofensiva contra la delincuencia en Bogot\u00e1: 24 personas fueron enviadas a la c\u00e1rcel se\u00f1aladas de participar en varios delitos en localidades del sur de Bogot\u00e1\"}]},{\"@type\":\"WebSite\",\"@id\":\"https:\/\/www.fiscalia.gov.co\/colombia\/#website\",\"url\":\"https:\/\/www.fiscalia.gov.co\/colombia\/\",\"name\":\"Fiscal\u00eda General de la Naci\u00f3n\",\"description\":\"P\u00e1gina oficial de la Fiscal\u00eda General de la Naci\u00f3n \u2013 Colombia. Garantizamos el acceso efectivo a la justicia, la verdad y la reparaci\u00f3n de las v\u00edctimas de los delitos.\",\"publisher\":{\"@id\":\"https:\/\/www.fiscalia.gov.co\/colombia\/#organization\"},\"potentialAction\":[{\"@type\":\"SearchAction\",\"target\":{\"@type\":\"EntryPoint\",\"urlTemplate\":\"https:\/\/www.fiscalia.gov.co\/colombia\/?s={search_term_string}\"},\"query-input\":{\"@type\":\"PropertyValueSpecification\",\"valueRequired\":true,\"valueName\":\"search_term_string\"}}],\"inLanguage\":\"es-CO\"},{\"@type\":\"Organization\",\"@id\":\"https:\/\/www.fiscalia.gov.co\/colombia\/#organization\",\"name\":\"Fiscal\u00eda General de la Naci\u00f3n\",\"url\":\"https:\/\/www.fiscalia.gov.co\/colombia\/\",\"logo\":{\"@type\":\"ImageObject\",\"inLanguage\":\"es-CO\",\"@id\":\"https:\/\/www.fiscalia.gov.co\/colombia\/#\/schema\/logo\/image\/\",\"url\":\"https:\/\/www.fiscalia.gov.co\/colombia\/wp-content\/uploads\/LogoHorizontal_1.jpg\",\"contentUrl\":\"https:\/\/www.fiscalia.gov.co\/colombia\/wp-content\/uploads\/LogoHorizontal_1.jpg\",\"width\":300,\"height\":90,\"caption\":\"Fiscal\u00eda General de la Naci\u00f3n\"},\"image\":{\"@id\":\"https:\/\/www.fiscalia.gov.co\/colombia\/#\/schema\/logo\/image\/\"},\"sameAs\":[\"https:\/\/www.facebook.com\/FiscaliaCol\",\"https:\/\/x.com\/FiscaliaCol\",\"https:\/\/www.instagram.com\/fiscaliacol\",\"https:\/\/www.linkedin.com\/company\/fiscalia-general-de-la-naci-n\/\",\"https:\/\/youtube.com\/@fiscaliageneraldelanacion-4668?si=6nN79nyQICPU5iTh\"]},{\"@type\":\"Person\",\"@id\":\"https:\/\/www.fiscalia.gov.co\/colombia\/#\/schema\/person\/b19b49f26569f91393176a2b3d13a0e5\",\"name\":\"Johanna Black Prieto Pe\u00f1a\",\"image\":{\"@type\":\"ImageObject\",\"inLanguage\":\"es-CO\",\"@id\":\"https:\/\/www.fiscalia.gov.co\/colombia\/#\/schema\/person\/image\/\",\"url\":\"https:\/\/secure.gravatar.com\/avatar\/7f04518e1774335e76d761d76f04003e?s=96&d=mm&r=g\",\"contentUrl\":\"https:\/\/secure.gravatar.com\/avatar\/7f04518e1774335e76d761d76f04003e?s=96&d=mm&r=g\",\"caption\":\"Johanna Black Prieto Pe\u00f1a\"},\"url\":\"https:\/\/www.fiscalia.gov.co\/colombia\/author\/jprieto\/\"}]}<\/script>\n<!-- \/ Yoast SEO plugin. -->","yoast_head_json":{"title":"Fiscal\u00eda General de la Naci\u00f3n","description":"P\u00e1gina oficial de la Fiscal\u00eda General de la Naci\u00f3n \u2013 Colombia. Garantizamos el acceso efectivo a la justicia, la verdad y la reparaci\u00f3n de las v\u00edctimas de los delitos.","robots":{"index":"noindex","follow":"follow"},"og_locale":"es_ES","og_type":"article","og_title":"Fiscal\u00eda General de la Naci\u00f3n","og_description":"P\u00e1gina oficial de la Fiscal\u00eda General de la Naci\u00f3n \u2013 Colombia. Garantizamos el acceso efectivo a la justicia, la verdad y la reparaci\u00f3n de las v\u00edctimas de los delitos.","og_url":"https:\/\/www.fiscalia.gov.co\/colombia\/noticias\/ofensiva-contra-la-delincuencia-en-bogota-24-personas-fueron-enviadas-a-la-carcel-senaladas-de-participar-en-varios-delitos-en-localidades-del-sur-de-bogota\/","og_site_name":"Fiscal\u00eda General de la Naci\u00f3n","article_publisher":"https:\/\/www.facebook.com\/FiscaliaCol","article_published_time":"2021-12-28T15:58:43+00:00","article_modified_time":"2021-12-28T17:20:45+00:00","author":"Johanna Black Prieto Pe\u00f1a","twitter_card":"summary_large_image","twitter_creator":"@FiscaliaCol","twitter_site":"@FiscaliaCol","twitter_misc":{"Escrito por":"Johanna Black Prieto Pe\u00f1a","Tiempo de lectura":"4 minutos"},"schema":{"@context":"https:\/\/schema.org","@graph":[{"@type":"Article","@id":"https:\/\/www.fiscalia.gov.co\/colombia\/noticias\/ofensiva-contra-la-delincuencia-en-bogota-24-personas-fueron-enviadas-a-la-carcel-senaladas-de-participar-en-varios-delitos-en-localidades-del-sur-de-bogota\/#article","isPartOf":{"@id":"https:\/\/www.fiscalia.gov.co\/colombia\/noticias\/ofensiva-contra-la-delincuencia-en-bogota-24-personas-fueron-enviadas-a-la-carcel-senaladas-de-participar-en-varios-delitos-en-localidades-del-sur-de-bogota\/"},"author":{"name":"Johanna Black Prieto Pe\u00f1a","@id":"https:\/\/www.fiscalia.gov.co\/colombia\/#\/schema\/person\/b19b49f26569f91393176a2b3d13a0e5"},"headline":"Ofensiva contra la delincuencia en Bogot\u00e1: 24 personas fueron enviadas a la c\u00e1rcel se\u00f1aladas de participar en varios delitos en localidades del sur de Bogot\u00e1","datePublished":"2021-12-28T15:58:43+00:00","dateModified":"2021-12-28T17:20:45+00:00","mainEntityOfPage":{"@id":"https:\/\/www.fiscalia.gov.co\/colombia\/noticias\/ofensiva-contra-la-delincuencia-en-bogota-24-personas-fueron-enviadas-a-la-carcel-senaladas-de-participar-en-varios-delitos-en-localidades-del-sur-de-bogota\/"},"wordCount":846,"publisher":{"@id":"https:\/\/www.fiscalia.gov.co\/colombia\/#organization"},"keywords":["Fiscal Barbosa","Fiscal Barbosa Delgado","Fiscal Francisco Barbosa Delgado","Fiscal General de la Naci\u00f3n","Fiscal General Francisco Barbosa Delgado","Fiscal\u00eda"],"articleSection":["Noticias","Seccional Bogot\u00e1","Seccionales","Seguridad territorial"],"inLanguage":"es-CO"},{"@type":"WebPage","@id":"https:\/\/www.fiscalia.gov.co\/colombia\/noticias\/ofensiva-contra-la-delincuencia-en-bogota-24-personas-fueron-enviadas-a-la-carcel-senaladas-de-participar-en-varios-delitos-en-localidades-del-sur-de-bogota\/","url":"https:\/\/www.fiscalia.gov.co\/colombia\/noticias\/ofensiva-contra-la-delincuencia-en-bogota-24-personas-fueron-enviadas-a-la-carcel-senaladas-de-participar-en-varios-delitos-en-localidades-del-sur-de-bogota\/","name":"Fiscal\u00eda General de la Naci\u00f3n","isPartOf":{"@id":"https:\/\/www.fiscalia.gov.co\/colombia\/#website"},"datePublished":"2021-12-28T15:58:43+00:00","dateModified":"2021-12-28T17:20:45+00:00","description":"P\u00e1gina oficial de la Fiscal\u00eda General de la Naci\u00f3n \u2013 Colombia. Garantizamos el acceso efectivo a la justicia, la verdad y la reparaci\u00f3n de las v\u00edctimas de los delitos.","breadcrumb":{"@id":"https:\/\/www.fiscalia.gov.co\/colombia\/noticias\/ofensiva-contra-la-delincuencia-en-bogota-24-personas-fueron-enviadas-a-la-carcel-senaladas-de-participar-en-varios-delitos-en-localidades-del-sur-de-bogota\/#breadcrumb"},"inLanguage":"es-CO","potentialAction":[{"@type":"ReadAction","target":["https:\/\/www.fiscalia.gov.co\/colombia\/noticias\/ofensiva-contra-la-delincuencia-en-bogota-24-personas-fueron-enviadas-a-la-carcel-senaladas-de-participar-en-varios-delitos-en-localidades-del-sur-de-bogota\/"]}]},{"@type":"BreadcrumbList","@id":"https:\/\/www.fiscalia.gov.co\/colombia\/noticias\/ofensiva-contra-la-delincuencia-en-bogota-24-personas-fueron-enviadas-a-la-carcel-senaladas-de-participar-en-varios-delitos-en-localidades-del-sur-de-bogota\/#breadcrumb","itemListElement":[{"@type":"ListItem","position":1,"name":"Home","item":"https:\/\/www.fiscalia.gov.co\/colombia\/"},{"@type":"ListItem","position":2,"name":"Ofensiva contra la delincuencia en Bogot\u00e1: 24 personas fueron enviadas a la c\u00e1rcel se\u00f1aladas de participar en varios delitos en localidades del sur de Bogot\u00e1"}]},{"@type":"WebSite","@id":"https:\/\/www.fiscalia.gov.co\/colombia\/#website","url":"https:\/\/www.fiscalia.gov.co\/colombia\/","name":"Fiscal\u00eda General de la Naci\u00f3n","description":"P\u00e1gina oficial de la Fiscal\u00eda General de la Naci\u00f3n \u2013 Colombia. Garantizamos el acceso efectivo a la justicia, la verdad y la reparaci\u00f3n de las v\u00edctimas de los delitos.","publisher":{"@id":"https:\/\/www.fiscalia.gov.co\/colombia\/#organization"},"potentialAction":[{"@type":"SearchAction","target":{"@type":"EntryPoint","urlTemplate":"https:\/\/www.fiscalia.gov.co\/colombia\/?s={search_term_string}"},"query-input":{"@type":"PropertyValueSpecification","valueRequired":true,"valueName":"search_term_string"}}],"inLanguage":"es-CO"},{"@type":"Organization","@id":"https:\/\/www.fiscalia.gov.co\/colombia\/#organization","name":"Fiscal\u00eda General de la Naci\u00f3n","url":"https:\/\/www.fiscalia.gov.co\/colombia\/","logo":{"@type":"ImageObject","inLanguage":"es-CO","@id":"https:\/\/www.fiscalia.gov.co\/colombia\/#\/schema\/logo\/image\/","url":"https:\/\/www.fiscalia.gov.co\/colombia\/wp-content\/uploads\/LogoHorizontal_1.jpg","contentUrl":"https:\/\/www.fiscalia.gov.co\/colombia\/wp-content\/uploads\/LogoHorizontal_1.jpg","width":300,"height":90,"caption":"Fiscal\u00eda General de la Naci\u00f3n"},"image":{"@id":"https:\/\/www.fiscalia.gov.co\/colombia\/#\/schema\/logo\/image\/"},"sameAs":["https:\/\/www.facebook.com\/FiscaliaCol","https:\/\/x.com\/FiscaliaCol","https:\/\/www.instagram.com\/fiscaliacol","https:\/\/www.linkedin.com\/company\/fiscalia-general-de-la-naci-n\/","https:\/\/youtube.com\/@fiscaliageneraldelanacion-4668?si=6nN79nyQICPU5iTh"]},{"@type":"Person","@id":"https:\/\/www.fiscalia.gov.co\/colombia\/#\/schema\/person\/b19b49f26569f91393176a2b3d13a0e5","name":"Johanna Black Prieto Pe\u00f1a","image":{"@type":"ImageObject","inLanguage":"es-CO","@id":"https:\/\/www.fiscalia.gov.co\/colombia\/#\/schema\/person\/image\/","url":"https:\/\/secure.gravatar.com\/avatar\/7f04518e1774335e76d761d76f04003e?s=96&d=mm&r=g","contentUrl":"https:\/\/secure.gravatar.com\/avatar\/7f04518e1774335e76d761d76f04003e?s=96&d=mm&r=g","caption":"Johanna Black Prieto Pe\u00f1a"},"url":"https:\/\/www.fiscalia.gov.co\/colombia\/author\/jprieto\/"}]}},"_links":{"self":[{"href":"https:\/\/www.fiscalia.gov.co\/colombia\/wp-json\/wp\/v2\/posts\/237502","targetHints":{"allow":["GET"]}}],"collection":[{"href":"https:\/\/www.fiscalia.gov.co\/colombia\/wp-json\/wp\/v2\/posts"}],"about":[{"href":"https:\/\/www.fiscalia.gov.co\/colombia\/wp-json\/wp\/v2\/types\/post"}],"author":[{"embeddable":true,"href":"https:\/\/www.fiscalia.gov.co\/colombia\/wp-json\/wp\/v2\/users\/176"}],"replies":[{"embeddable":true,"href":"https:\/\/www.fiscalia.gov.co\/colombia\/wp-json\/wp\/v2\/comments?post=237502"}],"version-history":[{"count":4,"href":"https:\/\/www.fiscalia.gov.co\/colombia\/wp-json\/wp\/v2\/posts\/237502\/revisions"}],"predecessor-version":[{"id":237509,"href":"https:\/\/www.fiscalia.gov.co\/colombia\/wp-json\/wp\/v2\/posts\/237502\/revisions\/237509"}],"wp:attachment":[{"href":"https:\/\/www.fiscalia.gov.co\/colombia\/wp-json\/wp\/v2\/media?parent=237502"}],"wp:term":[{"taxonomy":"category","embeddable":true,"href":"https:\/\/www.fiscalia.gov.co\/colombia\/wp-json\/wp\/v2\/categories?post=237502"},{"taxonomy":"post_tag","embeddable":true,"href":"https:\/\/www.fiscalia.gov.co\/colombia\/wp-json\/wp\/v2\/tags?post=237502"}],"curies":[{"name":"wp","href":"https:\/\/api.w.org\/{rel}","templated":true}]}}