{"id":237434,"date":"2021-12-24T09:45:06","date_gmt":"2021-12-24T14:45:06","guid":{"rendered":"https:\/\/www.fiscalia.gov.co\/colombia\/?p=237434"},"modified":"2021-12-24T09:45:06","modified_gmt":"2021-12-24T14:45:06","slug":"a-la-carcel-hombre-que-habria-abusado-sexualmente-de-su-hijastra-de-8-anos-en-putumayo","status":"publish","type":"post","link":"https:\/\/www.fiscalia.gov.co\/colombia\/noticias\/a-la-carcel-hombre-que-habria-abusado-sexualmente-de-su-hijastra-de-8-anos-en-putumayo\/","title":{"rendered":"\u00a0A la c\u00e1rcel hombre que habr\u00eda abusado sexualmente de su hijastra de 8 a\u00f1os en Putumayo"},"content":{"rendered":"<p>Un hombre, de 38 a\u00f1os, fue asegurado con detenci\u00f3n preventiva intramural por un juez del municipio de Puerto As\u00eds (Putumayo), como presunto responsable de los delitos de\u00a0<b>acceso carnal violento en concurso con acto sexual violento<\/b>\u00a0en el que result\u00f3 v\u00edctima su hijastra de 8 a\u00f1os.<\/p>\n<p>Los hechos materia de investigaci\u00f3n ocurrieron en el municipio de Orito (Putumayo) en octubre y noviembre del 2020, cuando la menor al parecer fue sometida a todo tipo de vej\u00e1menes sexuales por el hoy procesado.<\/p>\n<p>El imputado fue capturado en el barrio Los Pomos de esa localidad por la Polic\u00eda Nacional el pasado 20 de diciembre.<\/p>\n<p>MEVA\/MG\/LI<\/p>\n<p><i><span lang=\"ES\">La informaci\u00f3n contenida en este bolet\u00edn de prensa corresponde a la narraci\u00f3n de los hechos noticiosos objetivos, suministrados por los funcionarios encargados de adelantar las investigaciones penales al interior de la Fiscal\u00eda General de la Naci\u00f3n. Para el momento de la divulgaci\u00f3n de este comunicado, la situaci\u00f3n jur\u00eddica de la(s) persona(s) relacionada(s) se encuentra pendiente de resolver por la autoridad judicial competente, siempre bajo los preceptos de la presunci\u00f3n de inocencia, consagrados en el art\u00edculo 29 de la Constituci\u00f3n Pol\u00edtica y el art\u00edculo 7\u00ba de la Ley 906 de 2004.<\/span><\/i><\/p>\n<p><i><span lang=\"ES\">\u00a0<\/span><\/i><\/p>\n<p><b><span lang=\"ES\">Le puede interesar:<\/span><\/b><\/p>\n<p>&nbsp;<\/p>\n<p><a title=\"C\u00e1rcel por presunto abuso sexual a una mujer en el sur de Bogot\u00e1\" href=\"https:\/\/www.fiscalia.gov.co\/colombia\/hechos-concretos\/carcel-por-presunto-abuso-sexual-a-una-mujer-en-el-sur-de-bogota\/\" target=\"_blank\" rel=\"noopener noreferrer\" data-saferedirecturl=\"https:\/\/www.google.com\/url?q=https:\/\/www.fiscalia.gov.co\/colombia\/hechos-concretos\/carcel-por-presunto-abuso-sexual-a-una-mujer-en-el-sur-de-bogota\/&amp;source=gmail&amp;ust=1640443341900000&amp;usg=AOvVaw20BBbCCKuu2P78_APjnttN\">C\u00e1rcel por presunto abuso sexual a una mujer en el sur de Bogot\u00e1<\/a><\/p>\n<p><a title=\"A la c\u00e1rcel concejal de El Santuario, Antioquia, por presunto abuso sexual de una menor\" href=\"https:\/\/www.fiscalia.gov.co\/colombia\/hechos-concretos\/a-la-carcel-concejal-de-el-santuario-antioquia-por-presunto-abuso-sexual-de-una-menor\/\" target=\"_blank\" rel=\"noopener noreferrer\" data-saferedirecturl=\"https:\/\/www.google.com\/url?q=https:\/\/www.fiscalia.gov.co\/colombia\/hechos-concretos\/a-la-carcel-concejal-de-el-santuario-antioquia-por-presunto-abuso-sexual-de-una-menor\/&amp;source=gmail&amp;ust=1640443341900000&amp;usg=AOvVaw2EABuSa6Ywf1XNWW8YbEUc\">A la c\u00e1rcel concejal de El Santuario, Antioquia, por presunto abuso sexual de una menor<\/a><\/p>\n\n<div class=\"twitter-share\"><a href=\"https:\/\/twitter.com\/intent\/tweet?via=fiscaliacol\" class=\"twitter-share-button\">Tweet<\/a><\/div>\n","protected":false},"excerpt":{"rendered":"<p>Un hombre, de 38 a\u00f1os, fue asegurado con detenci\u00f3n preventiva intramural por un juez del municipio de Puerto As\u00eds (Putumayo), como presunto responsable de los delitos de\u00a0acceso carnal violento en concurso con acto sexual violento\u00a0en el que result\u00f3 v\u00edctima su hijastra de 8 a\u00f1os. Los hechos materia de investigaci\u00f3n ocurrieron en el municipio de Orito [&hellip;]<\/p>\n","protected":false},"author":176,"featured_media":0,"comment_status":"closed","ping_status":"open","sticky":false,"template":"","format":"standard","meta":{"tdm_status":"","tdm_grid_status":"","footnotes":""},"categories":[1,2910,303,24127],"tags":[801,945,14550,24185,24401,24189,78,24187,24481,1047,558,2279],"class_list":{"0":"post-237434","1":"post","2":"type-post","3":"status-publish","4":"format-standard","6":"category-noticias","7":"category-seccional-mocoa","8":"category-seccionales","9":"category-violencia-sexual-e-intrafamiliar","10":"tag-abuso-sexual","11":"tag-acceso-carnal-abusivo","12":"tag-carcel","13":"tag-fiscal-barbosa","14":"tag-fiscal-barbosa-delgado","15":"tag-fiscal-francisco-barbosa-delgado","16":"tag-fiscal-general-de-la-nacion","17":"tag-fiscalia-colombia","18":"tag-fiscalia-de-colombia","19":"tag-fiscalia-general-de-la-nacion","20":"tag-policia-nacional","21":"tag-putumayo"},"yoast_head":"<!-- This site is optimized with the Yoast SEO plugin v24.3 - https:\/\/yoast.com\/wordpress\/plugins\/seo\/ -->\n<title>Fiscal\u00eda General de la Naci\u00f3n<\/title>\n<meta name=\"description\" content=\"P\u00e1gina oficial de la Fiscal\u00eda General de la Naci\u00f3n \u2013 Colombia. Garantizamos el acceso efectivo a la justicia, la verdad y la reparaci\u00f3n de las v\u00edctimas de los delitos.\" \/>\n<meta name=\"robots\" content=\"noindex, follow\" \/>\n<meta property=\"og:locale\" content=\"es_ES\" \/>\n<meta property=\"og:type\" content=\"article\" \/>\n<meta property=\"og:title\" content=\"Fiscal\u00eda General de la Naci\u00f3n\" \/>\n<meta property=\"og:description\" content=\"P\u00e1gina oficial de la Fiscal\u00eda General de la Naci\u00f3n \u2013 Colombia. Garantizamos el acceso efectivo a la justicia, la verdad y la reparaci\u00f3n de las v\u00edctimas de los delitos.\" \/>\n<meta property=\"og:url\" content=\"https:\/\/www.fiscalia.gov.co\/colombia\/noticias\/a-la-carcel-hombre-que-habria-abusado-sexualmente-de-su-hijastra-de-8-anos-en-putumayo\/\" \/>\n<meta property=\"og:site_name\" content=\"Fiscal\u00eda General de la Naci\u00f3n\" \/>\n<meta property=\"article:publisher\" content=\"https:\/\/www.facebook.com\/FiscaliaCol\" \/>\n<meta property=\"article:published_time\" content=\"2021-12-24T14:45:06+00:00\" \/>\n<meta name=\"author\" content=\"Johanna Black Prieto Pe\u00f1a\" \/>\n<meta name=\"twitter:card\" content=\"summary_large_image\" \/>\n<meta name=\"twitter:creator\" content=\"@FiscaliaCol\" \/>\n<meta name=\"twitter:site\" content=\"@FiscaliaCol\" \/>\n<meta name=\"twitter:label1\" content=\"Escrito por\" \/>\n\t<meta name=\"twitter:data1\" content=\"Johanna Black Prieto Pe\u00f1a\" \/>\n\t<meta name=\"twitter:label2\" content=\"Tiempo de lectura\" \/>\n\t<meta name=\"twitter:data2\" content=\"1 minuto\" \/>\n<script type=\"application\/ld+json\" class=\"yoast-schema-graph\">{\"@context\":\"https:\/\/schema.org\",\"@graph\":[{\"@type\":\"Article\",\"@id\":\"https:\/\/www.fiscalia.gov.co\/colombia\/noticias\/a-la-carcel-hombre-que-habria-abusado-sexualmente-de-su-hijastra-de-8-anos-en-putumayo\/#article\",\"isPartOf\":{\"@id\":\"https:\/\/www.fiscalia.gov.co\/colombia\/noticias\/a-la-carcel-hombre-que-habria-abusado-sexualmente-de-su-hijastra-de-8-anos-en-putumayo\/\"},\"author\":{\"name\":\"Johanna Black Prieto Pe\u00f1a\",\"@id\":\"https:\/\/www.fiscalia.gov.co\/colombia\/#\/schema\/person\/b19b49f26569f91393176a2b3d13a0e5\"},\"headline\":\"\u00a0A la c\u00e1rcel hombre que habr\u00eda abusado sexualmente de su hijastra de 8 a\u00f1os en Putumayo\",\"datePublished\":\"2021-12-24T14:45:06+00:00\",\"dateModified\":\"2021-12-24T14:45:06+00:00\",\"mainEntityOfPage\":{\"@id\":\"https:\/\/www.fiscalia.gov.co\/colombia\/noticias\/a-la-carcel-hombre-que-habria-abusado-sexualmente-de-su-hijastra-de-8-anos-en-putumayo\/\"},\"wordCount\":263,\"publisher\":{\"@id\":\"https:\/\/www.fiscalia.gov.co\/colombia\/#organization\"},\"keywords\":[\"Abuso sexual\",\"Acceso carnal abusivo\",\"C\u00e1rcel\",\"Fiscal Barbosa\",\"Fiscal Barbosa Delgado\",\"Fiscal Francisco Barbosa Delgado\",\"Fiscal General de la Naci\u00f3n\",\"Fiscal\u00eda Colombia\",\"Fiscal\u00eda de Colombia\",\"Fiscal\u00eda General de la Naci\u00f3n\",\"Polic\u00eda Nacional\",\"Putumayo\"],\"articleSection\":[\"Noticias\",\"Seccional Mocoa\",\"Seccionales\",\"Violencia sexual e intrafamiliar\"],\"inLanguage\":\"es-CO\"},{\"@type\":\"WebPage\",\"@id\":\"https:\/\/www.fiscalia.gov.co\/colombia\/noticias\/a-la-carcel-hombre-que-habria-abusado-sexualmente-de-su-hijastra-de-8-anos-en-putumayo\/\",\"url\":\"https:\/\/www.fiscalia.gov.co\/colombia\/noticias\/a-la-carcel-hombre-que-habria-abusado-sexualmente-de-su-hijastra-de-8-anos-en-putumayo\/\",\"name\":\"Fiscal\u00eda General de la Naci\u00f3n\",\"isPartOf\":{\"@id\":\"https:\/\/www.fiscalia.gov.co\/colombia\/#website\"},\"datePublished\":\"2021-12-24T14:45:06+00:00\",\"dateModified\":\"2021-12-24T14:45:06+00:00\",\"description\":\"P\u00e1gina oficial de la Fiscal\u00eda General de la Naci\u00f3n \u2013 Colombia. Garantizamos el acceso efectivo a la justicia, la verdad y la reparaci\u00f3n de las v\u00edctimas de los delitos.\",\"breadcrumb\":{\"@id\":\"https:\/\/www.fiscalia.gov.co\/colombia\/noticias\/a-la-carcel-hombre-que-habria-abusado-sexualmente-de-su-hijastra-de-8-anos-en-putumayo\/#breadcrumb\"},\"inLanguage\":\"es-CO\",\"potentialAction\":[{\"@type\":\"ReadAction\",\"target\":[\"https:\/\/www.fiscalia.gov.co\/colombia\/noticias\/a-la-carcel-hombre-que-habria-abusado-sexualmente-de-su-hijastra-de-8-anos-en-putumayo\/\"]}]},{\"@type\":\"BreadcrumbList\",\"@id\":\"https:\/\/www.fiscalia.gov.co\/colombia\/noticias\/a-la-carcel-hombre-que-habria-abusado-sexualmente-de-su-hijastra-de-8-anos-en-putumayo\/#breadcrumb\",\"itemListElement\":[{\"@type\":\"ListItem\",\"position\":1,\"name\":\"Home\",\"item\":\"https:\/\/www.fiscalia.gov.co\/colombia\/\"},{\"@type\":\"ListItem\",\"position\":2,\"name\":\"\u00a0A la c\u00e1rcel hombre que habr\u00eda abusado sexualmente de su hijastra de 8 a\u00f1os en Putumayo\"}]},{\"@type\":\"WebSite\",\"@id\":\"https:\/\/www.fiscalia.gov.co\/colombia\/#website\",\"url\":\"https:\/\/www.fiscalia.gov.co\/colombia\/\",\"name\":\"Fiscal\u00eda General de la Naci\u00f3n\",\"description\":\"P\u00e1gina oficial de la Fiscal\u00eda General de la Naci\u00f3n \u2013 Colombia. Garantizamos el acceso efectivo a la justicia, la verdad y la reparaci\u00f3n de las v\u00edctimas de los delitos.\",\"publisher\":{\"@id\":\"https:\/\/www.fiscalia.gov.co\/colombia\/#organization\"},\"potentialAction\":[{\"@type\":\"SearchAction\",\"target\":{\"@type\":\"EntryPoint\",\"urlTemplate\":\"https:\/\/www.fiscalia.gov.co\/colombia\/?s={search_term_string}\"},\"query-input\":{\"@type\":\"PropertyValueSpecification\",\"valueRequired\":true,\"valueName\":\"search_term_string\"}}],\"inLanguage\":\"es-CO\"},{\"@type\":\"Organization\",\"@id\":\"https:\/\/www.fiscalia.gov.co\/colombia\/#organization\",\"name\":\"Fiscal\u00eda General de la Naci\u00f3n\",\"url\":\"https:\/\/www.fiscalia.gov.co\/colombia\/\",\"logo\":{\"@type\":\"ImageObject\",\"inLanguage\":\"es-CO\",\"@id\":\"https:\/\/www.fiscalia.gov.co\/colombia\/#\/schema\/logo\/image\/\",\"url\":\"https:\/\/www.fiscalia.gov.co\/colombia\/wp-content\/uploads\/LogoHorizontal_1.jpg\",\"contentUrl\":\"https:\/\/www.fiscalia.gov.co\/colombia\/wp-content\/uploads\/LogoHorizontal_1.jpg\",\"width\":300,\"height\":90,\"caption\":\"Fiscal\u00eda General de la Naci\u00f3n\"},\"image\":{\"@id\":\"https:\/\/www.fiscalia.gov.co\/colombia\/#\/schema\/logo\/image\/\"},\"sameAs\":[\"https:\/\/www.facebook.com\/FiscaliaCol\",\"https:\/\/x.com\/FiscaliaCol\",\"https:\/\/www.instagram.com\/fiscaliacol\",\"https:\/\/www.linkedin.com\/company\/fiscalia-general-de-la-naci-n\/\",\"https:\/\/youtube.com\/@fiscaliageneraldelanacion-4668?si=6nN79nyQICPU5iTh\"]},{\"@type\":\"Person\",\"@id\":\"https:\/\/www.fiscalia.gov.co\/colombia\/#\/schema\/person\/b19b49f26569f91393176a2b3d13a0e5\",\"name\":\"Johanna Black Prieto Pe\u00f1a\",\"image\":{\"@type\":\"ImageObject\",\"inLanguage\":\"es-CO\",\"@id\":\"https:\/\/www.fiscalia.gov.co\/colombia\/#\/schema\/person\/image\/\",\"url\":\"https:\/\/secure.gravatar.com\/avatar\/7f04518e1774335e76d761d76f04003e?s=96&d=mm&r=g\",\"contentUrl\":\"https:\/\/secure.gravatar.com\/avatar\/7f04518e1774335e76d761d76f04003e?s=96&d=mm&r=g\",\"caption\":\"Johanna Black Prieto Pe\u00f1a\"},\"url\":\"https:\/\/www.fiscalia.gov.co\/colombia\/author\/jprieto\/\"}]}<\/script>\n<!-- \/ Yoast SEO plugin. -->","yoast_head_json":{"title":"Fiscal\u00eda General de la Naci\u00f3n","description":"P\u00e1gina oficial de la Fiscal\u00eda General de la Naci\u00f3n \u2013 Colombia. Garantizamos el acceso efectivo a la justicia, la verdad y la reparaci\u00f3n de las v\u00edctimas de los delitos.","robots":{"index":"noindex","follow":"follow"},"og_locale":"es_ES","og_type":"article","og_title":"Fiscal\u00eda General de la Naci\u00f3n","og_description":"P\u00e1gina oficial de la Fiscal\u00eda General de la Naci\u00f3n \u2013 Colombia. Garantizamos el acceso efectivo a la justicia, la verdad y la reparaci\u00f3n de las v\u00edctimas de los delitos.","og_url":"https:\/\/www.fiscalia.gov.co\/colombia\/noticias\/a-la-carcel-hombre-que-habria-abusado-sexualmente-de-su-hijastra-de-8-anos-en-putumayo\/","og_site_name":"Fiscal\u00eda General de la Naci\u00f3n","article_publisher":"https:\/\/www.facebook.com\/FiscaliaCol","article_published_time":"2021-12-24T14:45:06+00:00","author":"Johanna Black Prieto Pe\u00f1a","twitter_card":"summary_large_image","twitter_creator":"@FiscaliaCol","twitter_site":"@FiscaliaCol","twitter_misc":{"Escrito por":"Johanna Black Prieto Pe\u00f1a","Tiempo de lectura":"1 minuto"},"schema":{"@context":"https:\/\/schema.org","@graph":[{"@type":"Article","@id":"https:\/\/www.fiscalia.gov.co\/colombia\/noticias\/a-la-carcel-hombre-que-habria-abusado-sexualmente-de-su-hijastra-de-8-anos-en-putumayo\/#article","isPartOf":{"@id":"https:\/\/www.fiscalia.gov.co\/colombia\/noticias\/a-la-carcel-hombre-que-habria-abusado-sexualmente-de-su-hijastra-de-8-anos-en-putumayo\/"},"author":{"name":"Johanna Black Prieto Pe\u00f1a","@id":"https:\/\/www.fiscalia.gov.co\/colombia\/#\/schema\/person\/b19b49f26569f91393176a2b3d13a0e5"},"headline":"\u00a0A la c\u00e1rcel hombre que habr\u00eda abusado sexualmente de su hijastra de 8 a\u00f1os en Putumayo","datePublished":"2021-12-24T14:45:06+00:00","dateModified":"2021-12-24T14:45:06+00:00","mainEntityOfPage":{"@id":"https:\/\/www.fiscalia.gov.co\/colombia\/noticias\/a-la-carcel-hombre-que-habria-abusado-sexualmente-de-su-hijastra-de-8-anos-en-putumayo\/"},"wordCount":263,"publisher":{"@id":"https:\/\/www.fiscalia.gov.co\/colombia\/#organization"},"keywords":["Abuso sexual","Acceso carnal abusivo","C\u00e1rcel","Fiscal Barbosa","Fiscal Barbosa Delgado","Fiscal Francisco Barbosa Delgado","Fiscal General de la Naci\u00f3n","Fiscal\u00eda Colombia","Fiscal\u00eda de Colombia","Fiscal\u00eda General de la Naci\u00f3n","Polic\u00eda Nacional","Putumayo"],"articleSection":["Noticias","Seccional Mocoa","Seccionales","Violencia sexual e intrafamiliar"],"inLanguage":"es-CO"},{"@type":"WebPage","@id":"https:\/\/www.fiscalia.gov.co\/colombia\/noticias\/a-la-carcel-hombre-que-habria-abusado-sexualmente-de-su-hijastra-de-8-anos-en-putumayo\/","url":"https:\/\/www.fiscalia.gov.co\/colombia\/noticias\/a-la-carcel-hombre-que-habria-abusado-sexualmente-de-su-hijastra-de-8-anos-en-putumayo\/","name":"Fiscal\u00eda General de la Naci\u00f3n","isPartOf":{"@id":"https:\/\/www.fiscalia.gov.co\/colombia\/#website"},"datePublished":"2021-12-24T14:45:06+00:00","dateModified":"2021-12-24T14:45:06+00:00","description":"P\u00e1gina oficial de la Fiscal\u00eda General de la Naci\u00f3n \u2013 Colombia. Garantizamos el acceso efectivo a la justicia, la verdad y la reparaci\u00f3n de las v\u00edctimas de los delitos.","breadcrumb":{"@id":"https:\/\/www.fiscalia.gov.co\/colombia\/noticias\/a-la-carcel-hombre-que-habria-abusado-sexualmente-de-su-hijastra-de-8-anos-en-putumayo\/#breadcrumb"},"inLanguage":"es-CO","potentialAction":[{"@type":"ReadAction","target":["https:\/\/www.fiscalia.gov.co\/colombia\/noticias\/a-la-carcel-hombre-que-habria-abusado-sexualmente-de-su-hijastra-de-8-anos-en-putumayo\/"]}]},{"@type":"BreadcrumbList","@id":"https:\/\/www.fiscalia.gov.co\/colombia\/noticias\/a-la-carcel-hombre-que-habria-abusado-sexualmente-de-su-hijastra-de-8-anos-en-putumayo\/#breadcrumb","itemListElement":[{"@type":"ListItem","position":1,"name":"Home","item":"https:\/\/www.fiscalia.gov.co\/colombia\/"},{"@type":"ListItem","position":2,"name":"\u00a0A la c\u00e1rcel hombre que habr\u00eda abusado sexualmente de su hijastra de 8 a\u00f1os en Putumayo"}]},{"@type":"WebSite","@id":"https:\/\/www.fiscalia.gov.co\/colombia\/#website","url":"https:\/\/www.fiscalia.gov.co\/colombia\/","name":"Fiscal\u00eda General de la Naci\u00f3n","description":"P\u00e1gina oficial de la Fiscal\u00eda General de la Naci\u00f3n \u2013 Colombia. Garantizamos el acceso efectivo a la justicia, la verdad y la reparaci\u00f3n de las v\u00edctimas de los delitos.","publisher":{"@id":"https:\/\/www.fiscalia.gov.co\/colombia\/#organization"},"potentialAction":[{"@type":"SearchAction","target":{"@type":"EntryPoint","urlTemplate":"https:\/\/www.fiscalia.gov.co\/colombia\/?s={search_term_string}"},"query-input":{"@type":"PropertyValueSpecification","valueRequired":true,"valueName":"search_term_string"}}],"inLanguage":"es-CO"},{"@type":"Organization","@id":"https:\/\/www.fiscalia.gov.co\/colombia\/#organization","name":"Fiscal\u00eda General de la Naci\u00f3n","url":"https:\/\/www.fiscalia.gov.co\/colombia\/","logo":{"@type":"ImageObject","inLanguage":"es-CO","@id":"https:\/\/www.fiscalia.gov.co\/colombia\/#\/schema\/logo\/image\/","url":"https:\/\/www.fiscalia.gov.co\/colombia\/wp-content\/uploads\/LogoHorizontal_1.jpg","contentUrl":"https:\/\/www.fiscalia.gov.co\/colombia\/wp-content\/uploads\/LogoHorizontal_1.jpg","width":300,"height":90,"caption":"Fiscal\u00eda General de la Naci\u00f3n"},"image":{"@id":"https:\/\/www.fiscalia.gov.co\/colombia\/#\/schema\/logo\/image\/"},"sameAs":["https:\/\/www.facebook.com\/FiscaliaCol","https:\/\/x.com\/FiscaliaCol","https:\/\/www.instagram.com\/fiscaliacol","https:\/\/www.linkedin.com\/company\/fiscalia-general-de-la-naci-n\/","https:\/\/youtube.com\/@fiscaliageneraldelanacion-4668?si=6nN79nyQICPU5iTh"]},{"@type":"Person","@id":"https:\/\/www.fiscalia.gov.co\/colombia\/#\/schema\/person\/b19b49f26569f91393176a2b3d13a0e5","name":"Johanna Black Prieto Pe\u00f1a","image":{"@type":"ImageObject","inLanguage":"es-CO","@id":"https:\/\/www.fiscalia.gov.co\/colombia\/#\/schema\/person\/image\/","url":"https:\/\/secure.gravatar.com\/avatar\/7f04518e1774335e76d761d76f04003e?s=96&d=mm&r=g","contentUrl":"https:\/\/secure.gravatar.com\/avatar\/7f04518e1774335e76d761d76f04003e?s=96&d=mm&r=g","caption":"Johanna Black Prieto Pe\u00f1a"},"url":"https:\/\/www.fiscalia.gov.co\/colombia\/author\/jprieto\/"}]}},"_links":{"self":[{"href":"https:\/\/www.fiscalia.gov.co\/colombia\/wp-json\/wp\/v2\/posts\/237434","targetHints":{"allow":["GET"]}}],"collection":[{"href":"https:\/\/www.fiscalia.gov.co\/colombia\/wp-json\/wp\/v2\/posts"}],"about":[{"href":"https:\/\/www.fiscalia.gov.co\/colombia\/wp-json\/wp\/v2\/types\/post"}],"author":[{"embeddable":true,"href":"https:\/\/www.fiscalia.gov.co\/colombia\/wp-json\/wp\/v2\/users\/176"}],"replies":[{"embeddable":true,"href":"https:\/\/www.fiscalia.gov.co\/colombia\/wp-json\/wp\/v2\/comments?post=237434"}],"version-history":[{"count":1,"href":"https:\/\/www.fiscalia.gov.co\/colombia\/wp-json\/wp\/v2\/posts\/237434\/revisions"}],"predecessor-version":[{"id":237435,"href":"https:\/\/www.fiscalia.gov.co\/colombia\/wp-json\/wp\/v2\/posts\/237434\/revisions\/237435"}],"wp:attachment":[{"href":"https:\/\/www.fiscalia.gov.co\/colombia\/wp-json\/wp\/v2\/media?parent=237434"}],"wp:term":[{"taxonomy":"category","embeddable":true,"href":"https:\/\/www.fiscalia.gov.co\/colombia\/wp-json\/wp\/v2\/categories?post=237434"},{"taxonomy":"post_tag","embeddable":true,"href":"https:\/\/www.fiscalia.gov.co\/colombia\/wp-json\/wp\/v2\/tags?post=237434"}],"curies":[{"name":"wp","href":"https:\/\/api.w.org\/{rel}","templated":true}]}}