{"id":237363,"date":"2021-12-22T15:20:53","date_gmt":"2021-12-22T20:20:53","guid":{"rendered":"https:\/\/www.fiscalia.gov.co\/colombia\/?p=237363"},"modified":"2021-12-22T15:20:53","modified_gmt":"2021-12-22T20:20:53","slug":"fiscalia-impacta-estructuras-delictivas-los-magnificos-y-los-irreverentes-por-trafico-de-estupefacientes-en-pasto-e-ipiales-narino","status":"publish","type":"post","link":"https:\/\/www.fiscalia.gov.co\/colombia\/noticias\/fiscalia-impacta-estructuras-delictivas-los-magnificos-y-los-irreverentes-por-trafico-de-estupefacientes-en-pasto-e-ipiales-narino\/","title":{"rendered":"Fiscal\u00eda Impacta estructuras delictivas \u2018Los Magn\u00edficos\u2019 y \u2018Los Irreverentes por tr\u00e1fico de estupefacientes en Pasto e Ipiales (Nari\u00f1o)"},"content":{"rendered":"<p style=\"font-weight: 400;\">En cumplimiento de la estrategia contra grupos delictivos dedicados al tr\u00e1fico de sustancias estupefacientes, la Direcci\u00f3n Seccional de Fiscal\u00edas de Nari\u00f1o dio cuenta de operativos que permitieron impactar dos grupos delincuenciales dedicados al microtr\u00e1fico en Pasto e Ipiales (Nari\u00f1o).<\/p>\n<p style=\"font-weight: 400;\">En desarrollo de las actividades operativas, que contaron con el apoyo de la Polic\u00eda Nacional, fueron capturadas siete personas. Cuatro al parecer pertenecientes al grupo delictivo \u2018Los Magn\u00edficos\u2019, en la capital nari\u00f1ense. Y otras tres\u00a0 que formar\u00edan parte de \u2018Los Irreverentes\u2019, en Ipiales.<\/p>\n<p style=\"font-weight: 400;\"><strong><u>\u2018Los Magn\u00edficos\u2019<\/u><\/strong><\/p>\n<p style=\"font-weight: 400;\">Seg\u00fan la Fiscal\u00eda, \u2018Los Magn\u00edficos\u2019 al parecer utilizaban sus propias viviendas para el expendio y comercializaci\u00f3n de\u00a0<a href=\"https:\/\/www.fiscalia.gov.co\/colombia\/noticias\/fiscalia-desmantelo-la-banda-delictiva-los-del-12-dedicada-al-trafico-de-estupefacientes-en-vaupes\/\" data-saferedirecturl=\"https:\/\/www.google.com\/url?q=https:\/\/www.fiscalia.gov.co\/colombia\/noticias\/fiscalia-desmantelo-la-banda-delictiva-los-del-12-dedicada-al-trafico-de-estupefacientes-en-vaupes\/&amp;source=gmail&amp;ust=1640288462453000&amp;usg=AOvVaw15zG7oAVxTdPiiRKZu0msK\">estupefacientes y\u00a0<\/a>de elementos hurtados.<\/p>\n<figure id=\"attachment_237365\" aria-describedby=\"caption-attachment-237365\" style=\"width: 1280px\" class=\"wp-caption alignnone\"><img loading=\"lazy\" decoding=\"async\" class=\"wp-image-237365 size-full\" src=\"https:\/\/www.fiscalia.gov.co\/colombia\/wp-content\/uploads\/Foto-1.-Los-Magn\u00edficos.-Microtr\u00e1fico.-Pasto-Nari\u00f1o.-1.jpg\" alt=\"\" width=\"1280\" height=\"716\" srcset=\"https:\/\/www.fiscalia.gov.co\/colombia\/wp-content\/uploads\/Foto-1.-Los-Magn\u00edficos.-Microtr\u00e1fico.-Pasto-Nari\u00f1o.-1.jpg 1280w, https:\/\/www.fiscalia.gov.co\/colombia\/wp-content\/uploads\/Foto-1.-Los-Magn\u00edficos.-Microtr\u00e1fico.-Pasto-Nari\u00f1o.-1-300x168.jpg 300w, https:\/\/www.fiscalia.gov.co\/colombia\/wp-content\/uploads\/Foto-1.-Los-Magn\u00edficos.-Microtr\u00e1fico.-Pasto-Nari\u00f1o.-1-1024x573.jpg 1024w, https:\/\/www.fiscalia.gov.co\/colombia\/wp-content\/uploads\/Foto-1.-Los-Magn\u00edficos.-Microtr\u00e1fico.-Pasto-Nari\u00f1o.-1-768x430.jpg 768w, https:\/\/www.fiscalia.gov.co\/colombia\/wp-content\/uploads\/Foto-1.-Los-Magn\u00edficos.-Microtr\u00e1fico.-Pasto-Nari\u00f1o.-1-696x389.jpg 696w, https:\/\/www.fiscalia.gov.co\/colombia\/wp-content\/uploads\/Foto-1.-Los-Magn\u00edficos.-Microtr\u00e1fico.-Pasto-Nari\u00f1o.-1-1068x597.jpg 1068w, https:\/\/www.fiscalia.gov.co\/colombia\/wp-content\/uploads\/Foto-1.-Los-Magn\u00edficos.-Microtr\u00e1fico.-Pasto-Nari\u00f1o.-1-751x420.jpg 751w\" sizes=\"auto, (max-width: 1280px) 100vw, 1280px\" \/><figcaption id=\"caption-attachment-237365\" class=\"wp-caption-text\">Cuatro presuntos integrantes del grupo delictivo \u2018Los Magn\u00edficos\u2019, dedicado al microtr\u00e1fico y receptaci\u00f3n, fueron judicializados, en Pasto (Nari\u00f1o).<\/figcaption><\/figure>\n<p style=\"font-weight: 400;\">Durante siete diligencias de registro y allanamiento, las autoridades incautaron coca\u00edna, grameras, bolsas pl\u00e1sticas transparentes, dos tel\u00e9fonos celulares y dos bicicletas reportadas como hurtadas.<\/p>\n<p style=\"font-weight: 400;\">La Fiscal\u00eda imput\u00f3 cargos por el delito de tr\u00e1fico, fabricaci\u00f3n o porte de estupefacientes, as\u00ed como destinaci\u00f3n il\u00edcita de bien inmueble, en contra de: Viki Nayely G\u00f3mez Criollo y Wilson Alex\u00e1nder Pantoja, quienes por determinaci\u00f3n del juez deben cumplir la medida de aseguramiento en centro carcelario.<\/p>\n<p style=\"font-weight: 400;\">Entre tanto, el juez dispuso que Jos\u00e9 Alejandro Jos\u00e9 Reyes y Charles Alex\u00e1nder Ariente Castellanos, imputados por el delito de\u00a0<a href=\"https:\/\/www.fiscalia.gov.co\/colombia\/noticias\/asegurados-8-presuntos-integrantes-de-la-banda-los-pastamos-por-trafico-de-estupefacientes-y-receptacion-en-4-comunas-de-pasto\/\" data-saferedirecturl=\"https:\/\/www.google.com\/url?q=https:\/\/www.fiscalia.gov.co\/colombia\/noticias\/asegurados-8-presuntos-integrantes-de-la-banda-los-pastamos-por-trafico-de-estupefacientes-y-receptacion-en-4-comunas-de-pasto\/&amp;source=gmail&amp;ust=1640288462453000&amp;usg=AOvVaw2KT-OxaFnfI81kaubSwPrL\">receptaci\u00f3n<\/a>, deber\u00e1n comparecer en libertad ante los estrados, las veces que sean requeridos.<\/p>\n<p style=\"font-weight: 400;\"><strong><u>\u2018Los Irreverentes\u2019<\/u><\/strong><\/p>\n<p style=\"font-weight: 400;\">En otro operativo coordinado por la Fiscal\u00eda y con personal de la Polic\u00eda Nacional, fueron capturados y judicializados por microtr\u00e1fico\u00a0Hernando Arroyo Moreno, Alfonso Villarreal D\u00edaz y Oscar Andr\u00e9s Flores Valverde, quienes formar\u00edan parte del grupo delictivo \u2018Los Irreverentes\u2019, que delinque en Ipiales (Nari\u00f1o).<\/p>\n<p><img loading=\"lazy\" decoding=\"async\" class=\"alignnone size-full wp-image-237366\" src=\"https:\/\/www.fiscalia.gov.co\/colombia\/wp-content\/uploads\/Foto-2-ok.-Los-Irreverentes.-Microtr\u00e1fico.-Ipiales-Nari\u00f1o..jpg\" alt=\"\" width=\"1280\" height=\"717\" srcset=\"https:\/\/www.fiscalia.gov.co\/colombia\/wp-content\/uploads\/Foto-2-ok.-Los-Irreverentes.-Microtr\u00e1fico.-Ipiales-Nari\u00f1o..jpg 1280w, https:\/\/www.fiscalia.gov.co\/colombia\/wp-content\/uploads\/Foto-2-ok.-Los-Irreverentes.-Microtr\u00e1fico.-Ipiales-Nari\u00f1o.-300x168.jpg 300w, https:\/\/www.fiscalia.gov.co\/colombia\/wp-content\/uploads\/Foto-2-ok.-Los-Irreverentes.-Microtr\u00e1fico.-Ipiales-Nari\u00f1o.-1024x574.jpg 1024w, https:\/\/www.fiscalia.gov.co\/colombia\/wp-content\/uploads\/Foto-2-ok.-Los-Irreverentes.-Microtr\u00e1fico.-Ipiales-Nari\u00f1o.-768x430.jpg 768w, https:\/\/www.fiscalia.gov.co\/colombia\/wp-content\/uploads\/Foto-2-ok.-Los-Irreverentes.-Microtr\u00e1fico.-Ipiales-Nari\u00f1o.-696x390.jpg 696w, https:\/\/www.fiscalia.gov.co\/colombia\/wp-content\/uploads\/Foto-2-ok.-Los-Irreverentes.-Microtr\u00e1fico.-Ipiales-Nari\u00f1o.-1068x598.jpg 1068w, https:\/\/www.fiscalia.gov.co\/colombia\/wp-content\/uploads\/Foto-2-ok.-Los-Irreverentes.-Microtr\u00e1fico.-Ipiales-Nari\u00f1o.-750x420.jpg 750w\" sizes=\"auto, (max-width: 1280px) 100vw, 1280px\" \/><\/p>\n<p style=\"font-weight: 400;\">Durante los operativos, las autoridades incautaron\u00a0coca\u00edna, municiones, armas de fuego, uniformes camuflados y panfletos del ELN.<\/p>\n<p style=\"font-weight: 400;\">La Fiscal\u00eda imput\u00f3 cargos por los delitos de\u00a0tr\u00e1fico, fabricaci\u00f3n o porte de estupefacientes; as\u00ed como destinaci\u00f3n il\u00edcita de bien inmueble;\u00a0<a href=\"https:\/\/www.fiscalia.gov.co\/colombia\/noticias\/a-la-carcel-alias-cuchuflin-y-alias-kelo-por-porte-ilegal-de-armas-en-buenaventura\/\" data-saferedirecturl=\"https:\/\/www.google.com\/url?q=https:\/\/www.fiscalia.gov.co\/colombia\/noticias\/a-la-carcel-alias-cuchuflin-y-alias-kelo-por-porte-ilegal-de-armas-en-buenaventura\/&amp;source=gmail&amp;ust=1640288462453000&amp;usg=AOvVaw0YqnSB6N44JYjgKdx0K9AV\">tr\u00e1fico, fabricaci\u00f3n o porte de armas de fuego o municiones<\/a>\u00a0y\u00a0<a href=\"https:\/\/www.fiscalia.gov.co\/colombia\/noticias\/internamiento-preventivo-para-dos-adolescentes-por-porte-ilegal-de-armas-de-fuego-y-uso-de-insignias-de-uso-privativo\/\" data-saferedirecturl=\"https:\/\/www.google.com\/url?q=https:\/\/www.fiscalia.gov.co\/colombia\/noticias\/internamiento-preventivo-para-dos-adolescentes-por-porte-ilegal-de-armas-de-fuego-y-uso-de-insignias-de-uso-privativo\/&amp;source=gmail&amp;ust=1640288462453000&amp;usg=AOvVaw3OZia0d_-j037x1B1dmfkM\">utilizaci\u00f3n de uniformes e insignias<\/a>\u00a0a los hoy investigados. A Hernando Arroyo Moreno se le adicion\u00f3 el delito de fuga de presos.<\/p>\n<p style=\"font-weight: 400;\"><strong>La Fiscal\u00eda habla con resultados<\/strong><\/p>\n<p style=\"font-weight: 400;\">MAP\/LV\/CFG<\/p>\n<p style=\"font-weight: 400;\"><em>La informaci\u00f3n contenida en este bolet\u00edn de prensa corresponde a la narraci\u00f3n de los hechos noticiosos objetivos, suministrados por los funcionarios encargados de adelantar las investigaciones penales al interior de la Fiscal\u00eda General de la Naci\u00f3n. Para el momento de la divulgaci\u00f3n de este comunicado, la situaci\u00f3n jur\u00eddica de la(s) persona(s) relacionada(s) se encuentra pendiente de resolver por la autoridad judicial competente, siempre bajo los preceptos de la presunci\u00f3n de inocencia, consagrados en el art\u00edculo 29 de la Constituci\u00f3n Pol\u00edtica y el art\u00edculo 7\u00ba de la Ley 906 de 2004.<\/em><\/p>\n\n<div class=\"twitter-share\"><a href=\"https:\/\/twitter.com\/intent\/tweet?via=fiscaliacol\" class=\"twitter-share-button\">Tweet<\/a><\/div>\n","protected":false},"excerpt":{"rendered":"<p>En cumplimiento de la estrategia contra grupos delictivos dedicados al tr\u00e1fico de sustancias estupefacientes, la Direcci\u00f3n Seccional de Fiscal\u00edas de Nari\u00f1o dio cuenta de operativos que permitieron impactar dos grupos delincuenciales dedicados al microtr\u00e1fico en Pasto e Ipiales (Nari\u00f1o). En desarrollo de las actividades operativas, que contaron con el apoyo de la Polic\u00eda Nacional, fueron [&hellip;]<\/p>\n","protected":false},"author":176,"featured_media":0,"comment_status":"closed","ping_status":"open","sticky":false,"template":"","format":"standard","meta":{"_price":"","_stock":"","_tribe_ticket_header":"","_tribe_default_ticket_provider":"","_tribe_ticket_capacity":"0","_ticket_start_date":"","_ticket_end_date":"","_tribe_ticket_show_description":"","_tribe_ticket_show_not_going":false,"_tribe_ticket_use_global_stock":"","_tribe_ticket_global_stock_level":"","_global_stock_mode":"","_global_stock_cap":"","_tribe_rsvp_for_event":"","_tribe_ticket_going_count":"","_tribe_ticket_not_going_count":"","_tribe_tickets_list":"[]","_tribe_ticket_has_attendee_info_fields":false,"tdm_status":"","tdm_grid_status":"","footnotes":""},"categories":[1,334,303],"tags":[8010,24551,19,29759,29924,29923,25230,24187,7169,3903,25481,29926,29925,1185,674,6134,24549,916],"class_list":{"0":"post-237363","1":"post","2":"type-post","3":"status-publish","4":"format-standard","6":"category-noticias","7":"category-seccional-pasto","8":"category-seccionales","9":"tag-capturados","10":"tag-centro-carcelario","11":"tag-cocaina","12":"tag-comparecer-en-libertad","13":"tag-fabricacion-o-porte-de-armas-de-fuego-o-municiones-y-utilizacion-de-uniformes-e-insignias","14":"tag-fabricacion-o-porte-de-estupefacientes-asi-como-destinacion-ilicita-de-bien-inmueble-trafico","15":"tag-fiscal-general-de-nacion","16":"tag-fiscalia-colombia","17":"tag-flagrancia","18":"tag-fuga-de-presos","19":"tag-judicializados","20":"tag-los-irreverentes","21":"tag-los-magnificos","22":"tag-medida-de-aseguramiento","23":"tag-microtrafico","24":"tag-narcoticos","25":"tag-orden-judicial","26":"tag-trafico"},"yoast_head":"<!-- This site is optimized with the Yoast SEO plugin v24.3 - https:\/\/yoast.com\/wordpress\/plugins\/seo\/ -->\n<title>Fiscal\u00eda General de la Naci\u00f3n<\/title>\n<meta name=\"description\" content=\"P\u00e1gina oficial de la Fiscal\u00eda General de la Naci\u00f3n \u2013 Colombia. Garantizamos el acceso efectivo a la justicia, la verdad y la reparaci\u00f3n de las v\u00edctimas de los delitos.\" \/>\n<meta name=\"robots\" content=\"noindex, follow\" \/>\n<meta property=\"og:locale\" content=\"es_ES\" \/>\n<meta property=\"og:type\" content=\"article\" \/>\n<meta property=\"og:title\" content=\"Fiscal\u00eda General de la Naci\u00f3n\" \/>\n<meta property=\"og:description\" content=\"P\u00e1gina oficial de la Fiscal\u00eda General de la Naci\u00f3n \u2013 Colombia. Garantizamos el acceso efectivo a la justicia, la verdad y la reparaci\u00f3n de las v\u00edctimas de los delitos.\" \/>\n<meta property=\"og:url\" content=\"https:\/\/www.fiscalia.gov.co\/colombia\/noticias\/fiscalia-impacta-estructuras-delictivas-los-magnificos-y-los-irreverentes-por-trafico-de-estupefacientes-en-pasto-e-ipiales-narino\/\" \/>\n<meta property=\"og:site_name\" content=\"Fiscal\u00eda General de la Naci\u00f3n\" \/>\n<meta property=\"article:publisher\" content=\"https:\/\/www.facebook.com\/FiscaliaCol\" \/>\n<meta property=\"article:published_time\" content=\"2021-12-22T20:20:53+00:00\" \/>\n<meta name=\"author\" content=\"Johanna Black Prieto Pe\u00f1a\" \/>\n<meta name=\"twitter:card\" content=\"summary_large_image\" \/>\n<meta name=\"twitter:creator\" content=\"@FiscaliaCol\" \/>\n<meta name=\"twitter:site\" content=\"@FiscaliaCol\" \/>\n<meta name=\"twitter:label1\" content=\"Escrito por\" \/>\n\t<meta name=\"twitter:data1\" content=\"Johanna Black Prieto Pe\u00f1a\" \/>\n\t<meta name=\"twitter:label2\" content=\"Tiempo de lectura\" \/>\n\t<meta name=\"twitter:data2\" content=\"3 minutos\" \/>\n<script type=\"application\/ld+json\" class=\"yoast-schema-graph\">{\"@context\":\"https:\/\/schema.org\",\"@graph\":[{\"@type\":\"Article\",\"@id\":\"https:\/\/www.fiscalia.gov.co\/colombia\/noticias\/fiscalia-impacta-estructuras-delictivas-los-magnificos-y-los-irreverentes-por-trafico-de-estupefacientes-en-pasto-e-ipiales-narino\/#article\",\"isPartOf\":{\"@id\":\"https:\/\/www.fiscalia.gov.co\/colombia\/noticias\/fiscalia-impacta-estructuras-delictivas-los-magnificos-y-los-irreverentes-por-trafico-de-estupefacientes-en-pasto-e-ipiales-narino\/\"},\"author\":{\"name\":\"Johanna Black Prieto Pe\u00f1a\",\"@id\":\"https:\/\/www.fiscalia.gov.co\/colombia\/#\/schema\/person\/b19b49f26569f91393176a2b3d13a0e5\"},\"headline\":\"Fiscal\u00eda Impacta estructuras delictivas \u2018Los Magn\u00edficos\u2019 y \u2018Los Irreverentes por tr\u00e1fico de estupefacientes en Pasto e Ipiales (Nari\u00f1o)\",\"datePublished\":\"2021-12-22T20:20:53+00:00\",\"dateModified\":\"2021-12-22T20:20:53+00:00\",\"mainEntityOfPage\":{\"@id\":\"https:\/\/www.fiscalia.gov.co\/colombia\/noticias\/fiscalia-impacta-estructuras-delictivas-los-magnificos-y-los-irreverentes-por-trafico-de-estupefacientes-en-pasto-e-ipiales-narino\/\"},\"wordCount\":533,\"publisher\":{\"@id\":\"https:\/\/www.fiscalia.gov.co\/colombia\/#organization\"},\"keywords\":[\"Capturados\",\"centro carcelario\",\"Coca\u00edna\",\"comparecer en libertad\",\"fabricaci\u00f3n o porte de armas de fuego o municiones y utilizaci\u00f3n de uniformes e insignias\",\"fabricaci\u00f3n o porte de estupefacientes; as\u00ed como destinaci\u00f3n il\u00edcita de bien inmueble; tr\u00e1fico\",\"Fiscal General de Naci\u00f3n\",\"Fiscal\u00eda Colombia\",\"Flagrancia\",\"Fuga de presos\",\"judicializados.\",\"Los Irreverentes\",\"Los Magn\u00edficos\",\"Medida de aseguramiento\",\"Microtr\u00e1fico\",\"Narc\u00f3ticos\",\"orden judicial\",\"Tr\u00e1fico\"],\"articleSection\":[\"Noticias\",\"Seccional Pasto\",\"Seccionales\"],\"inLanguage\":\"es-CO\"},{\"@type\":\"WebPage\",\"@id\":\"https:\/\/www.fiscalia.gov.co\/colombia\/noticias\/fiscalia-impacta-estructuras-delictivas-los-magnificos-y-los-irreverentes-por-trafico-de-estupefacientes-en-pasto-e-ipiales-narino\/\",\"url\":\"https:\/\/www.fiscalia.gov.co\/colombia\/noticias\/fiscalia-impacta-estructuras-delictivas-los-magnificos-y-los-irreverentes-por-trafico-de-estupefacientes-en-pasto-e-ipiales-narino\/\",\"name\":\"Fiscal\u00eda General de la Naci\u00f3n\",\"isPartOf\":{\"@id\":\"https:\/\/www.fiscalia.gov.co\/colombia\/#website\"},\"datePublished\":\"2021-12-22T20:20:53+00:00\",\"dateModified\":\"2021-12-22T20:20:53+00:00\",\"description\":\"P\u00e1gina oficial de la Fiscal\u00eda General de la Naci\u00f3n \u2013 Colombia. Garantizamos el acceso efectivo a la justicia, la verdad y la reparaci\u00f3n de las v\u00edctimas de los delitos.\",\"breadcrumb\":{\"@id\":\"https:\/\/www.fiscalia.gov.co\/colombia\/noticias\/fiscalia-impacta-estructuras-delictivas-los-magnificos-y-los-irreverentes-por-trafico-de-estupefacientes-en-pasto-e-ipiales-narino\/#breadcrumb\"},\"inLanguage\":\"es-CO\",\"potentialAction\":[{\"@type\":\"ReadAction\",\"target\":[\"https:\/\/www.fiscalia.gov.co\/colombia\/noticias\/fiscalia-impacta-estructuras-delictivas-los-magnificos-y-los-irreverentes-por-trafico-de-estupefacientes-en-pasto-e-ipiales-narino\/\"]}]},{\"@type\":\"BreadcrumbList\",\"@id\":\"https:\/\/www.fiscalia.gov.co\/colombia\/noticias\/fiscalia-impacta-estructuras-delictivas-los-magnificos-y-los-irreverentes-por-trafico-de-estupefacientes-en-pasto-e-ipiales-narino\/#breadcrumb\",\"itemListElement\":[{\"@type\":\"ListItem\",\"position\":1,\"name\":\"Home\",\"item\":\"https:\/\/www.fiscalia.gov.co\/colombia\/\"},{\"@type\":\"ListItem\",\"position\":2,\"name\":\"Fiscal\u00eda Impacta estructuras delictivas \u2018Los Magn\u00edficos\u2019 y \u2018Los Irreverentes por tr\u00e1fico de estupefacientes en Pasto e Ipiales (Nari\u00f1o)\"}]},{\"@type\":\"WebSite\",\"@id\":\"https:\/\/www.fiscalia.gov.co\/colombia\/#website\",\"url\":\"https:\/\/www.fiscalia.gov.co\/colombia\/\",\"name\":\"Fiscal\u00eda General de la Naci\u00f3n\",\"description\":\"P\u00e1gina oficial de la Fiscal\u00eda General de la Naci\u00f3n \u2013 Colombia. Garantizamos el acceso efectivo a la justicia, la verdad y la reparaci\u00f3n de las v\u00edctimas de los delitos.\",\"publisher\":{\"@id\":\"https:\/\/www.fiscalia.gov.co\/colombia\/#organization\"},\"potentialAction\":[{\"@type\":\"SearchAction\",\"target\":{\"@type\":\"EntryPoint\",\"urlTemplate\":\"https:\/\/www.fiscalia.gov.co\/colombia\/?s={search_term_string}\"},\"query-input\":{\"@type\":\"PropertyValueSpecification\",\"valueRequired\":true,\"valueName\":\"search_term_string\"}}],\"inLanguage\":\"es-CO\"},{\"@type\":\"Organization\",\"@id\":\"https:\/\/www.fiscalia.gov.co\/colombia\/#organization\",\"name\":\"Fiscal\u00eda General de la Naci\u00f3n\",\"url\":\"https:\/\/www.fiscalia.gov.co\/colombia\/\",\"logo\":{\"@type\":\"ImageObject\",\"inLanguage\":\"es-CO\",\"@id\":\"https:\/\/www.fiscalia.gov.co\/colombia\/#\/schema\/logo\/image\/\",\"url\":\"https:\/\/www.fiscalia.gov.co\/colombia\/wp-content\/uploads\/LogoHorizontal_1.jpg\",\"contentUrl\":\"https:\/\/www.fiscalia.gov.co\/colombia\/wp-content\/uploads\/LogoHorizontal_1.jpg\",\"width\":300,\"height\":90,\"caption\":\"Fiscal\u00eda General de la Naci\u00f3n\"},\"image\":{\"@id\":\"https:\/\/www.fiscalia.gov.co\/colombia\/#\/schema\/logo\/image\/\"},\"sameAs\":[\"https:\/\/www.facebook.com\/FiscaliaCol\",\"https:\/\/x.com\/FiscaliaCol\",\"https:\/\/www.instagram.com\/fiscaliacol\",\"https:\/\/www.linkedin.com\/company\/fiscalia-general-de-la-naci-n\/\",\"https:\/\/youtube.com\/@fiscaliageneraldelanacion-4668?si=6nN79nyQICPU5iTh\"]},{\"@type\":\"Person\",\"@id\":\"https:\/\/www.fiscalia.gov.co\/colombia\/#\/schema\/person\/b19b49f26569f91393176a2b3d13a0e5\",\"name\":\"Johanna Black Prieto Pe\u00f1a\",\"image\":{\"@type\":\"ImageObject\",\"inLanguage\":\"es-CO\",\"@id\":\"https:\/\/www.fiscalia.gov.co\/colombia\/#\/schema\/person\/image\/\",\"url\":\"https:\/\/secure.gravatar.com\/avatar\/7f04518e1774335e76d761d76f04003e?s=96&d=mm&r=g\",\"contentUrl\":\"https:\/\/secure.gravatar.com\/avatar\/7f04518e1774335e76d761d76f04003e?s=96&d=mm&r=g\",\"caption\":\"Johanna Black Prieto Pe\u00f1a\"},\"url\":\"https:\/\/www.fiscalia.gov.co\/colombia\/author\/jprieto\/\"}]}<\/script>\n<!-- \/ Yoast SEO plugin. -->","yoast_head_json":{"title":"Fiscal\u00eda General de la Naci\u00f3n","description":"P\u00e1gina oficial de la Fiscal\u00eda General de la Naci\u00f3n \u2013 Colombia. Garantizamos el acceso efectivo a la justicia, la verdad y la reparaci\u00f3n de las v\u00edctimas de los delitos.","robots":{"index":"noindex","follow":"follow"},"og_locale":"es_ES","og_type":"article","og_title":"Fiscal\u00eda General de la Naci\u00f3n","og_description":"P\u00e1gina oficial de la Fiscal\u00eda General de la Naci\u00f3n \u2013 Colombia. Garantizamos el acceso efectivo a la justicia, la verdad y la reparaci\u00f3n de las v\u00edctimas de los delitos.","og_url":"https:\/\/www.fiscalia.gov.co\/colombia\/noticias\/fiscalia-impacta-estructuras-delictivas-los-magnificos-y-los-irreverentes-por-trafico-de-estupefacientes-en-pasto-e-ipiales-narino\/","og_site_name":"Fiscal\u00eda General de la Naci\u00f3n","article_publisher":"https:\/\/www.facebook.com\/FiscaliaCol","article_published_time":"2021-12-22T20:20:53+00:00","author":"Johanna Black Prieto Pe\u00f1a","twitter_card":"summary_large_image","twitter_creator":"@FiscaliaCol","twitter_site":"@FiscaliaCol","twitter_misc":{"Escrito por":"Johanna Black Prieto Pe\u00f1a","Tiempo de lectura":"3 minutos"},"schema":{"@context":"https:\/\/schema.org","@graph":[{"@type":"Article","@id":"https:\/\/www.fiscalia.gov.co\/colombia\/noticias\/fiscalia-impacta-estructuras-delictivas-los-magnificos-y-los-irreverentes-por-trafico-de-estupefacientes-en-pasto-e-ipiales-narino\/#article","isPartOf":{"@id":"https:\/\/www.fiscalia.gov.co\/colombia\/noticias\/fiscalia-impacta-estructuras-delictivas-los-magnificos-y-los-irreverentes-por-trafico-de-estupefacientes-en-pasto-e-ipiales-narino\/"},"author":{"name":"Johanna Black Prieto Pe\u00f1a","@id":"https:\/\/www.fiscalia.gov.co\/colombia\/#\/schema\/person\/b19b49f26569f91393176a2b3d13a0e5"},"headline":"Fiscal\u00eda Impacta estructuras delictivas \u2018Los Magn\u00edficos\u2019 y \u2018Los Irreverentes por tr\u00e1fico de estupefacientes en Pasto e Ipiales (Nari\u00f1o)","datePublished":"2021-12-22T20:20:53+00:00","dateModified":"2021-12-22T20:20:53+00:00","mainEntityOfPage":{"@id":"https:\/\/www.fiscalia.gov.co\/colombia\/noticias\/fiscalia-impacta-estructuras-delictivas-los-magnificos-y-los-irreverentes-por-trafico-de-estupefacientes-en-pasto-e-ipiales-narino\/"},"wordCount":533,"publisher":{"@id":"https:\/\/www.fiscalia.gov.co\/colombia\/#organization"},"keywords":["Capturados","centro carcelario","Coca\u00edna","comparecer en libertad","fabricaci\u00f3n o porte de armas de fuego o municiones y utilizaci\u00f3n de uniformes e insignias","fabricaci\u00f3n o porte de estupefacientes; as\u00ed como destinaci\u00f3n il\u00edcita de bien inmueble; tr\u00e1fico","Fiscal General de Naci\u00f3n","Fiscal\u00eda Colombia","Flagrancia","Fuga de presos","judicializados.","Los Irreverentes","Los Magn\u00edficos","Medida de aseguramiento","Microtr\u00e1fico","Narc\u00f3ticos","orden judicial","Tr\u00e1fico"],"articleSection":["Noticias","Seccional Pasto","Seccionales"],"inLanguage":"es-CO"},{"@type":"WebPage","@id":"https:\/\/www.fiscalia.gov.co\/colombia\/noticias\/fiscalia-impacta-estructuras-delictivas-los-magnificos-y-los-irreverentes-por-trafico-de-estupefacientes-en-pasto-e-ipiales-narino\/","url":"https:\/\/www.fiscalia.gov.co\/colombia\/noticias\/fiscalia-impacta-estructuras-delictivas-los-magnificos-y-los-irreverentes-por-trafico-de-estupefacientes-en-pasto-e-ipiales-narino\/","name":"Fiscal\u00eda General de la Naci\u00f3n","isPartOf":{"@id":"https:\/\/www.fiscalia.gov.co\/colombia\/#website"},"datePublished":"2021-12-22T20:20:53+00:00","dateModified":"2021-12-22T20:20:53+00:00","description":"P\u00e1gina oficial de la Fiscal\u00eda General de la Naci\u00f3n \u2013 Colombia. Garantizamos el acceso efectivo a la justicia, la verdad y la reparaci\u00f3n de las v\u00edctimas de los delitos.","breadcrumb":{"@id":"https:\/\/www.fiscalia.gov.co\/colombia\/noticias\/fiscalia-impacta-estructuras-delictivas-los-magnificos-y-los-irreverentes-por-trafico-de-estupefacientes-en-pasto-e-ipiales-narino\/#breadcrumb"},"inLanguage":"es-CO","potentialAction":[{"@type":"ReadAction","target":["https:\/\/www.fiscalia.gov.co\/colombia\/noticias\/fiscalia-impacta-estructuras-delictivas-los-magnificos-y-los-irreverentes-por-trafico-de-estupefacientes-en-pasto-e-ipiales-narino\/"]}]},{"@type":"BreadcrumbList","@id":"https:\/\/www.fiscalia.gov.co\/colombia\/noticias\/fiscalia-impacta-estructuras-delictivas-los-magnificos-y-los-irreverentes-por-trafico-de-estupefacientes-en-pasto-e-ipiales-narino\/#breadcrumb","itemListElement":[{"@type":"ListItem","position":1,"name":"Home","item":"https:\/\/www.fiscalia.gov.co\/colombia\/"},{"@type":"ListItem","position":2,"name":"Fiscal\u00eda Impacta estructuras delictivas \u2018Los Magn\u00edficos\u2019 y \u2018Los Irreverentes por tr\u00e1fico de estupefacientes en Pasto e Ipiales (Nari\u00f1o)"}]},{"@type":"WebSite","@id":"https:\/\/www.fiscalia.gov.co\/colombia\/#website","url":"https:\/\/www.fiscalia.gov.co\/colombia\/","name":"Fiscal\u00eda General de la Naci\u00f3n","description":"P\u00e1gina oficial de la Fiscal\u00eda General de la Naci\u00f3n \u2013 Colombia. Garantizamos el acceso efectivo a la justicia, la verdad y la reparaci\u00f3n de las v\u00edctimas de los delitos.","publisher":{"@id":"https:\/\/www.fiscalia.gov.co\/colombia\/#organization"},"potentialAction":[{"@type":"SearchAction","target":{"@type":"EntryPoint","urlTemplate":"https:\/\/www.fiscalia.gov.co\/colombia\/?s={search_term_string}"},"query-input":{"@type":"PropertyValueSpecification","valueRequired":true,"valueName":"search_term_string"}}],"inLanguage":"es-CO"},{"@type":"Organization","@id":"https:\/\/www.fiscalia.gov.co\/colombia\/#organization","name":"Fiscal\u00eda General de la Naci\u00f3n","url":"https:\/\/www.fiscalia.gov.co\/colombia\/","logo":{"@type":"ImageObject","inLanguage":"es-CO","@id":"https:\/\/www.fiscalia.gov.co\/colombia\/#\/schema\/logo\/image\/","url":"https:\/\/www.fiscalia.gov.co\/colombia\/wp-content\/uploads\/LogoHorizontal_1.jpg","contentUrl":"https:\/\/www.fiscalia.gov.co\/colombia\/wp-content\/uploads\/LogoHorizontal_1.jpg","width":300,"height":90,"caption":"Fiscal\u00eda General de la Naci\u00f3n"},"image":{"@id":"https:\/\/www.fiscalia.gov.co\/colombia\/#\/schema\/logo\/image\/"},"sameAs":["https:\/\/www.facebook.com\/FiscaliaCol","https:\/\/x.com\/FiscaliaCol","https:\/\/www.instagram.com\/fiscaliacol","https:\/\/www.linkedin.com\/company\/fiscalia-general-de-la-naci-n\/","https:\/\/youtube.com\/@fiscaliageneraldelanacion-4668?si=6nN79nyQICPU5iTh"]},{"@type":"Person","@id":"https:\/\/www.fiscalia.gov.co\/colombia\/#\/schema\/person\/b19b49f26569f91393176a2b3d13a0e5","name":"Johanna Black Prieto Pe\u00f1a","image":{"@type":"ImageObject","inLanguage":"es-CO","@id":"https:\/\/www.fiscalia.gov.co\/colombia\/#\/schema\/person\/image\/","url":"https:\/\/secure.gravatar.com\/avatar\/7f04518e1774335e76d761d76f04003e?s=96&d=mm&r=g","contentUrl":"https:\/\/secure.gravatar.com\/avatar\/7f04518e1774335e76d761d76f04003e?s=96&d=mm&r=g","caption":"Johanna Black Prieto Pe\u00f1a"},"url":"https:\/\/www.fiscalia.gov.co\/colombia\/author\/jprieto\/"}]}},"_links":{"self":[{"href":"https:\/\/www.fiscalia.gov.co\/colombia\/wp-json\/wp\/v2\/posts\/237363","targetHints":{"allow":["GET"]}}],"collection":[{"href":"https:\/\/www.fiscalia.gov.co\/colombia\/wp-json\/wp\/v2\/posts"}],"about":[{"href":"https:\/\/www.fiscalia.gov.co\/colombia\/wp-json\/wp\/v2\/types\/post"}],"author":[{"embeddable":true,"href":"https:\/\/www.fiscalia.gov.co\/colombia\/wp-json\/wp\/v2\/users\/176"}],"replies":[{"embeddable":true,"href":"https:\/\/www.fiscalia.gov.co\/colombia\/wp-json\/wp\/v2\/comments?post=237363"}],"version-history":[{"count":1,"href":"https:\/\/www.fiscalia.gov.co\/colombia\/wp-json\/wp\/v2\/posts\/237363\/revisions"}],"predecessor-version":[{"id":237367,"href":"https:\/\/www.fiscalia.gov.co\/colombia\/wp-json\/wp\/v2\/posts\/237363\/revisions\/237367"}],"wp:attachment":[{"href":"https:\/\/www.fiscalia.gov.co\/colombia\/wp-json\/wp\/v2\/media?parent=237363"}],"wp:term":[{"taxonomy":"category","embeddable":true,"href":"https:\/\/www.fiscalia.gov.co\/colombia\/wp-json\/wp\/v2\/categories?post=237363"},{"taxonomy":"post_tag","embeddable":true,"href":"https:\/\/www.fiscalia.gov.co\/colombia\/wp-json\/wp\/v2\/tags?post=237363"}],"curies":[{"name":"wp","href":"https:\/\/api.w.org\/{rel}","templated":true}]}}