{"id":237357,"date":"2021-12-22T14:33:53","date_gmt":"2021-12-22T19:33:53","guid":{"rendered":"https:\/\/www.fiscalia.gov.co\/colombia\/?p=237357"},"modified":"2021-12-22T14:33:53","modified_gmt":"2021-12-22T19:33:53","slug":"desmantelado-un-grupo-delictivo-dedicado-a-la-venta-y-distribucion-de-alucinogenos-en-aguazul-casanare","status":"publish","type":"post","link":"https:\/\/www.fiscalia.gov.co\/colombia\/noticias\/desmantelado-un-grupo-delictivo-dedicado-a-la-venta-y-distribucion-de-alucinogenos-en-aguazul-casanare\/","title":{"rendered":"Desmantelado un grupo delictivo dedicado a la venta y distribuci\u00f3n de alucin\u00f3genos en Aguazul (Casanare)\u00a0"},"content":{"rendered":"<p><span lang=\"ES-MX\">El pasado 16 de diciembre en el barrio El Porvenir de Aguazul (Casanare), en desarrollo de labores investigativas como seguimientos e interceptaciones, la Fiscal\u00eda General de la Naci\u00f3n, a trav\u00e9s del <b>CTI<\/b>, en coordinaci\u00f3n con la\u00a0<b>Polic\u00eda<\/b>\u00a0y el\u00a0<b>Ej\u00e9rcito Nacional<\/b>, logr\u00f3 la captura de cuatro personas que al parecer conformaban una red de\u00a0<\/span><a href=\"https:\/\/www.fiscalia.gov.co\/colombia\/noticias\/fiscalia-desmantelo-la-banda-delictiva-los-del-12-dedicada-al-trafico-de-estupefacientes-en-vaupes\/\" target=\"_blank\" rel=\"noopener noreferrer\" data-saferedirecturl=\"https:\/\/www.google.com\/url?q=https:\/\/www.fiscalia.gov.co\/colombia\/noticias\/fiscalia-desmantelo-la-banda-delictiva-los-del-12-dedicada-al-trafico-de-estupefacientes-en-vaupes\/&amp;source=gmail&amp;ust=1640287592952000&amp;usg=AOvVaw0C9nl2bQ9qx44i84-gcvpD\"><b><span lang=\"ES-MX\">venta y distribuci\u00f3n de estupefacientes<\/span><\/b><\/a><span lang=\"ES-MX\">\u00a0en esa poblaci\u00f3n.<u><\/u>\u00a0<\/span><\/p>\n<div>\n<figure id=\"attachment_237358\" aria-describedby=\"caption-attachment-237358\" style=\"width: 1280px\" class=\"wp-caption alignnone\"><img loading=\"lazy\" decoding=\"async\" class=\"size-full wp-image-237358\" src=\"https:\/\/www.fiscalia.gov.co\/colombia\/wp-content\/uploads\/WhatsApp-Image-2021-12-22-at-1.14.02-PM.jpeg\" alt=\"\" width=\"1280\" height=\"786\" srcset=\"https:\/\/www.fiscalia.gov.co\/colombia\/wp-content\/uploads\/WhatsApp-Image-2021-12-22-at-1.14.02-PM.jpeg 1280w, https:\/\/www.fiscalia.gov.co\/colombia\/wp-content\/uploads\/WhatsApp-Image-2021-12-22-at-1.14.02-PM-300x184.jpeg 300w, https:\/\/www.fiscalia.gov.co\/colombia\/wp-content\/uploads\/WhatsApp-Image-2021-12-22-at-1.14.02-PM-1024x629.jpeg 1024w, https:\/\/www.fiscalia.gov.co\/colombia\/wp-content\/uploads\/WhatsApp-Image-2021-12-22-at-1.14.02-PM-768x472.jpeg 768w, https:\/\/www.fiscalia.gov.co\/colombia\/wp-content\/uploads\/WhatsApp-Image-2021-12-22-at-1.14.02-PM-696x427.jpeg 696w, https:\/\/www.fiscalia.gov.co\/colombia\/wp-content\/uploads\/WhatsApp-Image-2021-12-22-at-1.14.02-PM-1068x656.jpeg 1068w, https:\/\/www.fiscalia.gov.co\/colombia\/wp-content\/uploads\/WhatsApp-Image-2021-12-22-at-1.14.02-PM-684x420.jpeg 684w, https:\/\/www.fiscalia.gov.co\/colombia\/wp-content\/uploads\/WhatsApp-Image-2021-12-22-at-1.14.02-PM-356x220.jpeg 356w\" sizes=\"auto, (max-width: 1280px) 100vw, 1280px\" \/><figcaption id=\"caption-attachment-237358\" class=\"wp-caption-text\">Capturados por tr\u00e1fico de\u00a0estupefacientes\u00a0en Aguazul (Casanare).<\/figcaption><\/figure>\n<p><span lang=\"ES-MX\">Se trata de Jes\u00fas Albeiro\u00a0Pinz\u00f3n\u00a0Chavarro,\u00a0alias Villavo;\u00a0Breyder\u00a0Duv\u00e1n\u00a0Moreno Capera,\u00a0alias el Mocho;\u00a0Luis \u00c1ngel Vergara Espitia,\u00a0alias Chanel; y\u00a0Kevin Stiven Mart\u00ednez Pineda,\u00a0alias el Guajiro.<u><\/u>\u00a0<u><\/u><\/span><\/p>\n<p><span lang=\"ES-MX\">Los procedimientos se efectuaron mediante diligencias de allanamiento que permitieron, adem\u00e1s, la incautaci\u00f3n de un\u00a0<b>arma de fuego<\/b>, varios equipos de comunicaci\u00f3n y\u00a0<\/span><a href=\"https:\/\/www.fiscalia.gov.co\/colombia\/noticias\/ocupados-bienes-de-una-estructura-delincuencial-que-estaria-involucrada-en-homicidios-extorsiones-trafico-de-estupefacientes-y-otros-ilicitos-en-antioquia\/\" target=\"_blank\" rel=\"noopener noreferrer\" data-saferedirecturl=\"https:\/\/www.google.com\/url?q=https:\/\/www.fiscalia.gov.co\/colombia\/noticias\/ocupados-bienes-de-una-estructura-delincuencial-que-estaria-involucrada-en-homicidios-extorsiones-trafico-de-estupefacientes-y-otros-ilicitos-en-antioquia\/&amp;source=gmail&amp;ust=1640287592952000&amp;usg=AOvVaw2g6DwbCU3ug9FUtapRCfMz\"><b><span lang=\"ES-MX\">sustancias alucin\u00f3genas<\/span><\/b><\/a><span lang=\"ES-MX\">, entre ellas clorhidrato de coca\u00edna y marihuana.<\/span><u><\/u>\u00a0<u><\/u><\/p>\n<p><span lang=\"ES-MX\">Una vez presentados ante el juez de Aguazul con funciones de control de garant\u00edas, este acogi\u00f3 la solicitud del ente acusador y dict\u00f3 medida de aseguramiento en centro carcelario contra Pinz\u00f3n Chavarro, mientras que a &#8216;Chanel&#8217; y a &#8216;el Guajiro&#8217; les impuso medida restrictiva de la libertad en su lugar de residencia. Por su parte, &#8216;el Mocho&#8217; continuar\u00e1 vinculado a la investigaci\u00f3n.<u><\/u>\u00a0<u><\/u><\/span><\/p>\n<p><span lang=\"ES-MX\">Los cuatro detenidos responder\u00edan por el delito de\u00a0<\/span><a href=\"https:\/\/www.fiscalia.gov.co\/colombia\/noticias\/judicialiados-10-presuntos-integrantes-del-grupo-delincuencial-los-villa-dedicado-al-trafico-de-estupefacientes-en-el-norte-del-cauca\/\" target=\"_blank\" rel=\"noopener noreferrer\" data-saferedirecturl=\"https:\/\/www.google.com\/url?q=https:\/\/www.fiscalia.gov.co\/colombia\/noticias\/judicialiados-10-presuntos-integrantes-del-grupo-delincuencial-los-villa-dedicado-al-trafico-de-estupefacientes-en-el-norte-del-cauca\/&amp;source=gmail&amp;ust=1640287592952000&amp;usg=AOvVaw3CZpiDJYT_817bV8RTl5Ul\"><b><span lang=\"ES-MX\">tr\u00e1fico, fabricaci\u00f3n y porte de estupefacientes<\/span><\/b><\/a><span lang=\"ES-MX\">, cargo que no aceptaron. Entretanto, Mart\u00ednez Pineda tambi\u00e9n fue imputado por el punible de fabricaci\u00f3n, tr\u00e1fico, porte o tenencia de armas de fuego.<u><\/u>\u00a0<u><\/u><\/span><\/p>\n<p><span lang=\"ES-MX\">La Fiscal\u00eda habla con resultados.\u00a0\u00a0\u00a0<u><\/u>\u00a0<u><\/u><\/span><\/p>\n<p><span lang=\"ES-MX\">LAZL\/DLBM\/JTR\u00a0<\/span><u><\/u>\u00a0<u><\/u><\/p>\n<p><i><span lang=\"ES-MX\">La informaci\u00f3n contenida en este bolet\u00edn de prensa corresponde a la narraci\u00f3n de los hechos noticiosos objetivos, suministrados por los funcionarios encargados de adelantar las investigaciones penales al interior de la Fiscal\u00eda General de la Naci\u00f3n. Para el momento de la divulgaci\u00f3n de este comunicado, la situaci\u00f3n jur\u00eddica de la(s) persona(s) relacionada(s) se encuentra pendiente de resolver por la autoridad judicial competente, siempre bajo los preceptos de la presunci\u00f3n de inocencia, consagrados en el art\u00edculo 29 de la Constituci\u00f3n Pol\u00edtica y el art\u00edculo 7\u00ba de la Ley 906 de 2004.<\/span><\/i><u><\/u>\u00a0<u><\/u><\/p>\n<p><i><span lang=\"ES-MX\">\u00a0<\/span><\/i><u><\/u>\u00a0<u><\/u><\/p>\n<p><u><\/u>\u00a0<u><\/u><\/p>\n<p>&nbsp;<\/p>\n<\/div>\n\n<div class=\"twitter-share\"><a href=\"https:\/\/twitter.com\/intent\/tweet?via=fiscaliacol\" class=\"twitter-share-button\">Tweet<\/a><\/div>\n","protected":false},"excerpt":{"rendered":"<p>El pasado 16 de diciembre en el barrio El Porvenir de Aguazul (Casanare), en desarrollo de labores investigativas como seguimientos e interceptaciones, la Fiscal\u00eda General de la Naci\u00f3n, a trav\u00e9s del CTI, en coordinaci\u00f3n con la\u00a0Polic\u00eda\u00a0y el\u00a0Ej\u00e9rcito Nacional, logr\u00f3 la captura de cuatro personas que al parecer conformaban una red de\u00a0venta y distribuci\u00f3n de estupefacientes\u00a0en [&hellip;]<\/p>\n","protected":false},"author":176,"featured_media":0,"comment_status":"closed","ping_status":"open","sticky":false,"template":"","format":"standard","meta":{"_price":"","_stock":"","_tribe_ticket_header":"","_tribe_default_ticket_provider":"","_tribe_ticket_capacity":"0","_ticket_start_date":"","_ticket_end_date":"","_tribe_ticket_show_description":"","_tribe_ticket_show_not_going":false,"_tribe_ticket_use_global_stock":"","_tribe_ticket_global_stock_level":"","_global_stock_mode":"","_global_stock_cap":"","_tribe_rsvp_for_event":"","_tribe_ticket_going_count":"","_tribe_ticket_not_going_count":"","_tribe_tickets_list":"[]","_tribe_ticket_has_attendee_info_fields":false,"tdm_status":"","tdm_grid_status":"","footnotes":""},"categories":[1,16751,303],"tags":[924,14550,10177,1047,1185,916],"class_list":{"0":"post-237357","1":"post","2":"type-post","3":"status-publish","4":"format-standard","6":"category-noticias","7":"category-seccional-casanare","8":"category-seccionales","9":"tag-captura","10":"tag-carcel","11":"tag-fabricacion-y-porte-de-estupefacientes","12":"tag-fiscalia-general-de-la-nacion","13":"tag-medida-de-aseguramiento","14":"tag-trafico"},"yoast_head":"<!-- This site is optimized with the Yoast SEO plugin v24.3 - https:\/\/yoast.com\/wordpress\/plugins\/seo\/ -->\n<title>Fiscal\u00eda General de la Naci\u00f3n<\/title>\n<meta name=\"description\" content=\"P\u00e1gina oficial de la Fiscal\u00eda General de la Naci\u00f3n \u2013 Colombia. Garantizamos el acceso efectivo a la justicia, la verdad y la reparaci\u00f3n de las v\u00edctimas de los delitos.\" \/>\n<meta name=\"robots\" content=\"noindex, follow\" \/>\n<meta property=\"og:locale\" content=\"es_ES\" \/>\n<meta property=\"og:type\" content=\"article\" \/>\n<meta property=\"og:title\" content=\"Fiscal\u00eda General de la Naci\u00f3n\" \/>\n<meta property=\"og:description\" content=\"P\u00e1gina oficial de la Fiscal\u00eda General de la Naci\u00f3n \u2013 Colombia. Garantizamos el acceso efectivo a la justicia, la verdad y la reparaci\u00f3n de las v\u00edctimas de los delitos.\" \/>\n<meta property=\"og:url\" content=\"https:\/\/www.fiscalia.gov.co\/colombia\/noticias\/desmantelado-un-grupo-delictivo-dedicado-a-la-venta-y-distribucion-de-alucinogenos-en-aguazul-casanare\/\" \/>\n<meta property=\"og:site_name\" content=\"Fiscal\u00eda General de la Naci\u00f3n\" \/>\n<meta property=\"article:publisher\" content=\"https:\/\/www.facebook.com\/FiscaliaCol\" \/>\n<meta property=\"article:published_time\" content=\"2021-12-22T19:33:53+00:00\" \/>\n<meta property=\"og:image\" content=\"https:\/\/www.fiscalia.gov.co\/colombia\/wp-content\/uploads\/WhatsApp-Image-2021-12-22-at-1.14.02-PM.jpeg\" \/>\n<meta name=\"author\" content=\"Johanna Black Prieto Pe\u00f1a\" \/>\n<meta name=\"twitter:card\" content=\"summary_large_image\" \/>\n<meta name=\"twitter:creator\" content=\"@FiscaliaCol\" \/>\n<meta name=\"twitter:site\" content=\"@FiscaliaCol\" \/>\n<meta name=\"twitter:label1\" content=\"Escrito por\" \/>\n\t<meta name=\"twitter:data1\" content=\"Johanna Black Prieto Pe\u00f1a\" \/>\n\t<meta name=\"twitter:label2\" content=\"Tiempo de lectura\" \/>\n\t<meta name=\"twitter:data2\" content=\"2 minutos\" \/>\n<script type=\"application\/ld+json\" class=\"yoast-schema-graph\">{\"@context\":\"https:\/\/schema.org\",\"@graph\":[{\"@type\":\"Article\",\"@id\":\"https:\/\/www.fiscalia.gov.co\/colombia\/noticias\/desmantelado-un-grupo-delictivo-dedicado-a-la-venta-y-distribucion-de-alucinogenos-en-aguazul-casanare\/#article\",\"isPartOf\":{\"@id\":\"https:\/\/www.fiscalia.gov.co\/colombia\/noticias\/desmantelado-un-grupo-delictivo-dedicado-a-la-venta-y-distribucion-de-alucinogenos-en-aguazul-casanare\/\"},\"author\":{\"name\":\"Johanna Black Prieto Pe\u00f1a\",\"@id\":\"https:\/\/www.fiscalia.gov.co\/colombia\/#\/schema\/person\/b19b49f26569f91393176a2b3d13a0e5\"},\"headline\":\"Desmantelado un grupo delictivo dedicado a la venta y distribuci\u00f3n de alucin\u00f3genos en Aguazul (Casanare)\u00a0\",\"datePublished\":\"2021-12-22T19:33:53+00:00\",\"dateModified\":\"2021-12-22T19:33:53+00:00\",\"mainEntityOfPage\":{\"@id\":\"https:\/\/www.fiscalia.gov.co\/colombia\/noticias\/desmantelado-un-grupo-delictivo-dedicado-a-la-venta-y-distribucion-de-alucinogenos-en-aguazul-casanare\/\"},\"wordCount\":394,\"publisher\":{\"@id\":\"https:\/\/www.fiscalia.gov.co\/colombia\/#organization\"},\"image\":{\"@id\":\"https:\/\/www.fiscalia.gov.co\/colombia\/noticias\/desmantelado-un-grupo-delictivo-dedicado-a-la-venta-y-distribucion-de-alucinogenos-en-aguazul-casanare\/#primaryimage\"},\"thumbnailUrl\":\"https:\/\/www.fiscalia.gov.co\/colombia\/wp-content\/uploads\/WhatsApp-Image-2021-12-22-at-1.14.02-PM.jpeg\",\"keywords\":[\"Captura\",\"C\u00e1rcel\",\"fabricaci\u00f3n y porte de estupefacientes\",\"Fiscal\u00eda General de la Naci\u00f3n\",\"Medida de aseguramiento\",\"Tr\u00e1fico\"],\"articleSection\":[\"Noticias\",\"Seccional Casanare\",\"Seccionales\"],\"inLanguage\":\"es-CO\"},{\"@type\":\"WebPage\",\"@id\":\"https:\/\/www.fiscalia.gov.co\/colombia\/noticias\/desmantelado-un-grupo-delictivo-dedicado-a-la-venta-y-distribucion-de-alucinogenos-en-aguazul-casanare\/\",\"url\":\"https:\/\/www.fiscalia.gov.co\/colombia\/noticias\/desmantelado-un-grupo-delictivo-dedicado-a-la-venta-y-distribucion-de-alucinogenos-en-aguazul-casanare\/\",\"name\":\"Fiscal\u00eda General de la Naci\u00f3n\",\"isPartOf\":{\"@id\":\"https:\/\/www.fiscalia.gov.co\/colombia\/#website\"},\"primaryImageOfPage\":{\"@id\":\"https:\/\/www.fiscalia.gov.co\/colombia\/noticias\/desmantelado-un-grupo-delictivo-dedicado-a-la-venta-y-distribucion-de-alucinogenos-en-aguazul-casanare\/#primaryimage\"},\"image\":{\"@id\":\"https:\/\/www.fiscalia.gov.co\/colombia\/noticias\/desmantelado-un-grupo-delictivo-dedicado-a-la-venta-y-distribucion-de-alucinogenos-en-aguazul-casanare\/#primaryimage\"},\"thumbnailUrl\":\"https:\/\/www.fiscalia.gov.co\/colombia\/wp-content\/uploads\/WhatsApp-Image-2021-12-22-at-1.14.02-PM.jpeg\",\"datePublished\":\"2021-12-22T19:33:53+00:00\",\"dateModified\":\"2021-12-22T19:33:53+00:00\",\"description\":\"P\u00e1gina oficial de la Fiscal\u00eda General de la Naci\u00f3n \u2013 Colombia. Garantizamos el acceso efectivo a la justicia, la verdad y la reparaci\u00f3n de las v\u00edctimas de los delitos.\",\"breadcrumb\":{\"@id\":\"https:\/\/www.fiscalia.gov.co\/colombia\/noticias\/desmantelado-un-grupo-delictivo-dedicado-a-la-venta-y-distribucion-de-alucinogenos-en-aguazul-casanare\/#breadcrumb\"},\"inLanguage\":\"es-CO\",\"potentialAction\":[{\"@type\":\"ReadAction\",\"target\":[\"https:\/\/www.fiscalia.gov.co\/colombia\/noticias\/desmantelado-un-grupo-delictivo-dedicado-a-la-venta-y-distribucion-de-alucinogenos-en-aguazul-casanare\/\"]}]},{\"@type\":\"ImageObject\",\"inLanguage\":\"es-CO\",\"@id\":\"https:\/\/www.fiscalia.gov.co\/colombia\/noticias\/desmantelado-un-grupo-delictivo-dedicado-a-la-venta-y-distribucion-de-alucinogenos-en-aguazul-casanare\/#primaryimage\",\"url\":\"https:\/\/www.fiscalia.gov.co\/colombia\/wp-content\/uploads\/WhatsApp-Image-2021-12-22-at-1.14.02-PM.jpeg\",\"contentUrl\":\"https:\/\/www.fiscalia.gov.co\/colombia\/wp-content\/uploads\/WhatsApp-Image-2021-12-22-at-1.14.02-PM.jpeg\",\"width\":1280,\"height\":786,\"caption\":\"Capturados por tr\u00e1fico de\u00a0estupefacientes\u00a0en Aguazul (Casanare).\"},{\"@type\":\"BreadcrumbList\",\"@id\":\"https:\/\/www.fiscalia.gov.co\/colombia\/noticias\/desmantelado-un-grupo-delictivo-dedicado-a-la-venta-y-distribucion-de-alucinogenos-en-aguazul-casanare\/#breadcrumb\",\"itemListElement\":[{\"@type\":\"ListItem\",\"position\":1,\"name\":\"Home\",\"item\":\"https:\/\/www.fiscalia.gov.co\/colombia\/\"},{\"@type\":\"ListItem\",\"position\":2,\"name\":\"Desmantelado un grupo delictivo dedicado a la venta y distribuci\u00f3n de alucin\u00f3genos en Aguazul (Casanare)\u00a0\"}]},{\"@type\":\"WebSite\",\"@id\":\"https:\/\/www.fiscalia.gov.co\/colombia\/#website\",\"url\":\"https:\/\/www.fiscalia.gov.co\/colombia\/\",\"name\":\"Fiscal\u00eda General de la Naci\u00f3n\",\"description\":\"P\u00e1gina oficial de la Fiscal\u00eda General de la Naci\u00f3n \u2013 Colombia. Garantizamos el acceso efectivo a la justicia, la verdad y la reparaci\u00f3n de las v\u00edctimas de los delitos.\",\"publisher\":{\"@id\":\"https:\/\/www.fiscalia.gov.co\/colombia\/#organization\"},\"potentialAction\":[{\"@type\":\"SearchAction\",\"target\":{\"@type\":\"EntryPoint\",\"urlTemplate\":\"https:\/\/www.fiscalia.gov.co\/colombia\/?s={search_term_string}\"},\"query-input\":{\"@type\":\"PropertyValueSpecification\",\"valueRequired\":true,\"valueName\":\"search_term_string\"}}],\"inLanguage\":\"es-CO\"},{\"@type\":\"Organization\",\"@id\":\"https:\/\/www.fiscalia.gov.co\/colombia\/#organization\",\"name\":\"Fiscal\u00eda General de la Naci\u00f3n\",\"url\":\"https:\/\/www.fiscalia.gov.co\/colombia\/\",\"logo\":{\"@type\":\"ImageObject\",\"inLanguage\":\"es-CO\",\"@id\":\"https:\/\/www.fiscalia.gov.co\/colombia\/#\/schema\/logo\/image\/\",\"url\":\"https:\/\/www.fiscalia.gov.co\/colombia\/wp-content\/uploads\/LogoHorizontal_1.jpg\",\"contentUrl\":\"https:\/\/www.fiscalia.gov.co\/colombia\/wp-content\/uploads\/LogoHorizontal_1.jpg\",\"width\":300,\"height\":90,\"caption\":\"Fiscal\u00eda General de la Naci\u00f3n\"},\"image\":{\"@id\":\"https:\/\/www.fiscalia.gov.co\/colombia\/#\/schema\/logo\/image\/\"},\"sameAs\":[\"https:\/\/www.facebook.com\/FiscaliaCol\",\"https:\/\/x.com\/FiscaliaCol\",\"https:\/\/www.instagram.com\/fiscaliacol\",\"https:\/\/www.linkedin.com\/company\/fiscalia-general-de-la-naci-n\/\",\"https:\/\/youtube.com\/@fiscaliageneraldelanacion-4668?si=6nN79nyQICPU5iTh\"]},{\"@type\":\"Person\",\"@id\":\"https:\/\/www.fiscalia.gov.co\/colombia\/#\/schema\/person\/b19b49f26569f91393176a2b3d13a0e5\",\"name\":\"Johanna Black Prieto Pe\u00f1a\",\"image\":{\"@type\":\"ImageObject\",\"inLanguage\":\"es-CO\",\"@id\":\"https:\/\/www.fiscalia.gov.co\/colombia\/#\/schema\/person\/image\/\",\"url\":\"https:\/\/secure.gravatar.com\/avatar\/7f04518e1774335e76d761d76f04003e?s=96&d=mm&r=g\",\"contentUrl\":\"https:\/\/secure.gravatar.com\/avatar\/7f04518e1774335e76d761d76f04003e?s=96&d=mm&r=g\",\"caption\":\"Johanna Black Prieto Pe\u00f1a\"},\"url\":\"https:\/\/www.fiscalia.gov.co\/colombia\/author\/jprieto\/\"}]}<\/script>\n<!-- \/ Yoast SEO plugin. -->","yoast_head_json":{"title":"Fiscal\u00eda General de la Naci\u00f3n","description":"P\u00e1gina oficial de la Fiscal\u00eda General de la Naci\u00f3n \u2013 Colombia. Garantizamos el acceso efectivo a la justicia, la verdad y la reparaci\u00f3n de las v\u00edctimas de los delitos.","robots":{"index":"noindex","follow":"follow"},"og_locale":"es_ES","og_type":"article","og_title":"Fiscal\u00eda General de la Naci\u00f3n","og_description":"P\u00e1gina oficial de la Fiscal\u00eda General de la Naci\u00f3n \u2013 Colombia. Garantizamos el acceso efectivo a la justicia, la verdad y la reparaci\u00f3n de las v\u00edctimas de los delitos.","og_url":"https:\/\/www.fiscalia.gov.co\/colombia\/noticias\/desmantelado-un-grupo-delictivo-dedicado-a-la-venta-y-distribucion-de-alucinogenos-en-aguazul-casanare\/","og_site_name":"Fiscal\u00eda General de la Naci\u00f3n","article_publisher":"https:\/\/www.facebook.com\/FiscaliaCol","article_published_time":"2021-12-22T19:33:53+00:00","og_image":[{"url":"https:\/\/www.fiscalia.gov.co\/colombia\/wp-content\/uploads\/WhatsApp-Image-2021-12-22-at-1.14.02-PM.jpeg","type":"","width":"","height":""}],"author":"Johanna Black Prieto Pe\u00f1a","twitter_card":"summary_large_image","twitter_creator":"@FiscaliaCol","twitter_site":"@FiscaliaCol","twitter_misc":{"Escrito por":"Johanna Black Prieto Pe\u00f1a","Tiempo de lectura":"2 minutos"},"schema":{"@context":"https:\/\/schema.org","@graph":[{"@type":"Article","@id":"https:\/\/www.fiscalia.gov.co\/colombia\/noticias\/desmantelado-un-grupo-delictivo-dedicado-a-la-venta-y-distribucion-de-alucinogenos-en-aguazul-casanare\/#article","isPartOf":{"@id":"https:\/\/www.fiscalia.gov.co\/colombia\/noticias\/desmantelado-un-grupo-delictivo-dedicado-a-la-venta-y-distribucion-de-alucinogenos-en-aguazul-casanare\/"},"author":{"name":"Johanna Black Prieto Pe\u00f1a","@id":"https:\/\/www.fiscalia.gov.co\/colombia\/#\/schema\/person\/b19b49f26569f91393176a2b3d13a0e5"},"headline":"Desmantelado un grupo delictivo dedicado a la venta y distribuci\u00f3n de alucin\u00f3genos en Aguazul (Casanare)\u00a0","datePublished":"2021-12-22T19:33:53+00:00","dateModified":"2021-12-22T19:33:53+00:00","mainEntityOfPage":{"@id":"https:\/\/www.fiscalia.gov.co\/colombia\/noticias\/desmantelado-un-grupo-delictivo-dedicado-a-la-venta-y-distribucion-de-alucinogenos-en-aguazul-casanare\/"},"wordCount":394,"publisher":{"@id":"https:\/\/www.fiscalia.gov.co\/colombia\/#organization"},"image":{"@id":"https:\/\/www.fiscalia.gov.co\/colombia\/noticias\/desmantelado-un-grupo-delictivo-dedicado-a-la-venta-y-distribucion-de-alucinogenos-en-aguazul-casanare\/#primaryimage"},"thumbnailUrl":"https:\/\/www.fiscalia.gov.co\/colombia\/wp-content\/uploads\/WhatsApp-Image-2021-12-22-at-1.14.02-PM.jpeg","keywords":["Captura","C\u00e1rcel","fabricaci\u00f3n y porte de estupefacientes","Fiscal\u00eda General de la Naci\u00f3n","Medida de aseguramiento","Tr\u00e1fico"],"articleSection":["Noticias","Seccional Casanare","Seccionales"],"inLanguage":"es-CO"},{"@type":"WebPage","@id":"https:\/\/www.fiscalia.gov.co\/colombia\/noticias\/desmantelado-un-grupo-delictivo-dedicado-a-la-venta-y-distribucion-de-alucinogenos-en-aguazul-casanare\/","url":"https:\/\/www.fiscalia.gov.co\/colombia\/noticias\/desmantelado-un-grupo-delictivo-dedicado-a-la-venta-y-distribucion-de-alucinogenos-en-aguazul-casanare\/","name":"Fiscal\u00eda General de la Naci\u00f3n","isPartOf":{"@id":"https:\/\/www.fiscalia.gov.co\/colombia\/#website"},"primaryImageOfPage":{"@id":"https:\/\/www.fiscalia.gov.co\/colombia\/noticias\/desmantelado-un-grupo-delictivo-dedicado-a-la-venta-y-distribucion-de-alucinogenos-en-aguazul-casanare\/#primaryimage"},"image":{"@id":"https:\/\/www.fiscalia.gov.co\/colombia\/noticias\/desmantelado-un-grupo-delictivo-dedicado-a-la-venta-y-distribucion-de-alucinogenos-en-aguazul-casanare\/#primaryimage"},"thumbnailUrl":"https:\/\/www.fiscalia.gov.co\/colombia\/wp-content\/uploads\/WhatsApp-Image-2021-12-22-at-1.14.02-PM.jpeg","datePublished":"2021-12-22T19:33:53+00:00","dateModified":"2021-12-22T19:33:53+00:00","description":"P\u00e1gina oficial de la Fiscal\u00eda General de la Naci\u00f3n \u2013 Colombia. Garantizamos el acceso efectivo a la justicia, la verdad y la reparaci\u00f3n de las v\u00edctimas de los delitos.","breadcrumb":{"@id":"https:\/\/www.fiscalia.gov.co\/colombia\/noticias\/desmantelado-un-grupo-delictivo-dedicado-a-la-venta-y-distribucion-de-alucinogenos-en-aguazul-casanare\/#breadcrumb"},"inLanguage":"es-CO","potentialAction":[{"@type":"ReadAction","target":["https:\/\/www.fiscalia.gov.co\/colombia\/noticias\/desmantelado-un-grupo-delictivo-dedicado-a-la-venta-y-distribucion-de-alucinogenos-en-aguazul-casanare\/"]}]},{"@type":"ImageObject","inLanguage":"es-CO","@id":"https:\/\/www.fiscalia.gov.co\/colombia\/noticias\/desmantelado-un-grupo-delictivo-dedicado-a-la-venta-y-distribucion-de-alucinogenos-en-aguazul-casanare\/#primaryimage","url":"https:\/\/www.fiscalia.gov.co\/colombia\/wp-content\/uploads\/WhatsApp-Image-2021-12-22-at-1.14.02-PM.jpeg","contentUrl":"https:\/\/www.fiscalia.gov.co\/colombia\/wp-content\/uploads\/WhatsApp-Image-2021-12-22-at-1.14.02-PM.jpeg","width":1280,"height":786,"caption":"Capturados por tr\u00e1fico de\u00a0estupefacientes\u00a0en Aguazul (Casanare)."},{"@type":"BreadcrumbList","@id":"https:\/\/www.fiscalia.gov.co\/colombia\/noticias\/desmantelado-un-grupo-delictivo-dedicado-a-la-venta-y-distribucion-de-alucinogenos-en-aguazul-casanare\/#breadcrumb","itemListElement":[{"@type":"ListItem","position":1,"name":"Home","item":"https:\/\/www.fiscalia.gov.co\/colombia\/"},{"@type":"ListItem","position":2,"name":"Desmantelado un grupo delictivo dedicado a la venta y distribuci\u00f3n de alucin\u00f3genos en Aguazul (Casanare)\u00a0"}]},{"@type":"WebSite","@id":"https:\/\/www.fiscalia.gov.co\/colombia\/#website","url":"https:\/\/www.fiscalia.gov.co\/colombia\/","name":"Fiscal\u00eda General de la Naci\u00f3n","description":"P\u00e1gina oficial de la Fiscal\u00eda General de la Naci\u00f3n \u2013 Colombia. Garantizamos el acceso efectivo a la justicia, la verdad y la reparaci\u00f3n de las v\u00edctimas de los delitos.","publisher":{"@id":"https:\/\/www.fiscalia.gov.co\/colombia\/#organization"},"potentialAction":[{"@type":"SearchAction","target":{"@type":"EntryPoint","urlTemplate":"https:\/\/www.fiscalia.gov.co\/colombia\/?s={search_term_string}"},"query-input":{"@type":"PropertyValueSpecification","valueRequired":true,"valueName":"search_term_string"}}],"inLanguage":"es-CO"},{"@type":"Organization","@id":"https:\/\/www.fiscalia.gov.co\/colombia\/#organization","name":"Fiscal\u00eda General de la Naci\u00f3n","url":"https:\/\/www.fiscalia.gov.co\/colombia\/","logo":{"@type":"ImageObject","inLanguage":"es-CO","@id":"https:\/\/www.fiscalia.gov.co\/colombia\/#\/schema\/logo\/image\/","url":"https:\/\/www.fiscalia.gov.co\/colombia\/wp-content\/uploads\/LogoHorizontal_1.jpg","contentUrl":"https:\/\/www.fiscalia.gov.co\/colombia\/wp-content\/uploads\/LogoHorizontal_1.jpg","width":300,"height":90,"caption":"Fiscal\u00eda General de la Naci\u00f3n"},"image":{"@id":"https:\/\/www.fiscalia.gov.co\/colombia\/#\/schema\/logo\/image\/"},"sameAs":["https:\/\/www.facebook.com\/FiscaliaCol","https:\/\/x.com\/FiscaliaCol","https:\/\/www.instagram.com\/fiscaliacol","https:\/\/www.linkedin.com\/company\/fiscalia-general-de-la-naci-n\/","https:\/\/youtube.com\/@fiscaliageneraldelanacion-4668?si=6nN79nyQICPU5iTh"]},{"@type":"Person","@id":"https:\/\/www.fiscalia.gov.co\/colombia\/#\/schema\/person\/b19b49f26569f91393176a2b3d13a0e5","name":"Johanna Black Prieto Pe\u00f1a","image":{"@type":"ImageObject","inLanguage":"es-CO","@id":"https:\/\/www.fiscalia.gov.co\/colombia\/#\/schema\/person\/image\/","url":"https:\/\/secure.gravatar.com\/avatar\/7f04518e1774335e76d761d76f04003e?s=96&d=mm&r=g","contentUrl":"https:\/\/secure.gravatar.com\/avatar\/7f04518e1774335e76d761d76f04003e?s=96&d=mm&r=g","caption":"Johanna Black Prieto Pe\u00f1a"},"url":"https:\/\/www.fiscalia.gov.co\/colombia\/author\/jprieto\/"}]}},"_links":{"self":[{"href":"https:\/\/www.fiscalia.gov.co\/colombia\/wp-json\/wp\/v2\/posts\/237357","targetHints":{"allow":["GET"]}}],"collection":[{"href":"https:\/\/www.fiscalia.gov.co\/colombia\/wp-json\/wp\/v2\/posts"}],"about":[{"href":"https:\/\/www.fiscalia.gov.co\/colombia\/wp-json\/wp\/v2\/types\/post"}],"author":[{"embeddable":true,"href":"https:\/\/www.fiscalia.gov.co\/colombia\/wp-json\/wp\/v2\/users\/176"}],"replies":[{"embeddable":true,"href":"https:\/\/www.fiscalia.gov.co\/colombia\/wp-json\/wp\/v2\/comments?post=237357"}],"version-history":[{"count":1,"href":"https:\/\/www.fiscalia.gov.co\/colombia\/wp-json\/wp\/v2\/posts\/237357\/revisions"}],"predecessor-version":[{"id":237359,"href":"https:\/\/www.fiscalia.gov.co\/colombia\/wp-json\/wp\/v2\/posts\/237357\/revisions\/237359"}],"wp:attachment":[{"href":"https:\/\/www.fiscalia.gov.co\/colombia\/wp-json\/wp\/v2\/media?parent=237357"}],"wp:term":[{"taxonomy":"category","embeddable":true,"href":"https:\/\/www.fiscalia.gov.co\/colombia\/wp-json\/wp\/v2\/categories?post=237357"},{"taxonomy":"post_tag","embeddable":true,"href":"https:\/\/www.fiscalia.gov.co\/colombia\/wp-json\/wp\/v2\/tags?post=237357"}],"curies":[{"name":"wp","href":"https:\/\/api.w.org\/{rel}","templated":true}]}}