{"id":237340,"date":"2021-12-22T09:58:54","date_gmt":"2021-12-22T14:58:54","guid":{"rendered":"https:\/\/www.fiscalia.gov.co\/colombia\/?p=237340"},"modified":"2021-12-22T16:13:57","modified_gmt":"2021-12-22T21:13:57","slug":"judicializados-10-presuntos-integrantes-del-grupo-delincuencial-los-villa-dedicado-al-trafico-de-estupefacientes-en-el-norte-del-cauca","status":"publish","type":"post","link":"https:\/\/www.fiscalia.gov.co\/colombia\/noticias\/judicializados-10-presuntos-integrantes-del-grupo-delincuencial-los-villa-dedicado-al-trafico-de-estupefacientes-en-el-norte-del-cauca\/","title":{"rendered":"Judicializados 10 presuntos integrantes del grupo delincuencial \u2018Los Villa\u2019, dedicado al tr\u00e1fico de estupefacientes en el norte del Cauca"},"content":{"rendered":"<p>Tras acoger la solicitud de la Fiscal\u00eda General de la Naci\u00f3n, un juez de control de garant\u00edas imparti\u00f3 medida de aseguramiento privativa de la libertad en contra de 10 presuntos integrantes del grupo delictivo \u2018Los Villa\u2019 o \u2018La Plazoleta\u2019, que estar\u00eda dedicado al tr\u00e1fico de sustancias estupefacientes en el municipio de Santander de Quilichao (Cauca).<\/p>\n<figure id=\"attachment_237341\" aria-describedby=\"caption-attachment-237341\" style=\"width: 1280px\" class=\"wp-caption alignnone\"><img loading=\"lazy\" decoding=\"async\" class=\"size-full wp-image-237341\" src=\"https:\/\/www.fiscalia.gov.co\/colombia\/wp-content\/uploads\/Foto-1-Los-Villa-o-Los-plazoleta.-Microtr\u00e1fico.-Santander-de-Quilichao-Cauca.-.jpg\" alt=\"\" width=\"1280\" height=\"717\" srcset=\"https:\/\/www.fiscalia.gov.co\/colombia\/wp-content\/uploads\/Foto-1-Los-Villa-o-Los-plazoleta.-Microtr\u00e1fico.-Santander-de-Quilichao-Cauca.-.jpg 1280w, https:\/\/www.fiscalia.gov.co\/colombia\/wp-content\/uploads\/Foto-1-Los-Villa-o-Los-plazoleta.-Microtr\u00e1fico.-Santander-de-Quilichao-Cauca.--300x168.jpg 300w, https:\/\/www.fiscalia.gov.co\/colombia\/wp-content\/uploads\/Foto-1-Los-Villa-o-Los-plazoleta.-Microtr\u00e1fico.-Santander-de-Quilichao-Cauca.--1024x574.jpg 1024w, https:\/\/www.fiscalia.gov.co\/colombia\/wp-content\/uploads\/Foto-1-Los-Villa-o-Los-plazoleta.-Microtr\u00e1fico.-Santander-de-Quilichao-Cauca.--768x430.jpg 768w, https:\/\/www.fiscalia.gov.co\/colombia\/wp-content\/uploads\/Foto-1-Los-Villa-o-Los-plazoleta.-Microtr\u00e1fico.-Santander-de-Quilichao-Cauca.--696x390.jpg 696w, https:\/\/www.fiscalia.gov.co\/colombia\/wp-content\/uploads\/Foto-1-Los-Villa-o-Los-plazoleta.-Microtr\u00e1fico.-Santander-de-Quilichao-Cauca.--1068x598.jpg 1068w, https:\/\/www.fiscalia.gov.co\/colombia\/wp-content\/uploads\/Foto-1-Los-Villa-o-Los-plazoleta.-Microtr\u00e1fico.-Santander-de-Quilichao-Cauca.--750x420.jpg 750w\" sizes=\"auto, (max-width: 1280px) 100vw, 1280px\" \/><figcaption id=\"caption-attachment-237341\" class=\"wp-caption-text\">Judicializados 10 presuntos integrantes de Los Villa o La Plazoleta, por microtr\u00e1fico en Santander de Quilichao (Cauca).<\/figcaption><\/figure>\n<p>Seg\u00fan la Fiscal\u00eda, este grupo delincuencial operaba en la zona urbana de Santander de Quilichao y el sector conocido como Crucero San Pedro, donde comercializaban narc\u00f3ticos como hero\u00edna, base de coca y sus derivados, bajo la modalidad de microtr\u00e1fico.<\/p>\n<figure id=\"attachment_237342\" aria-describedby=\"caption-attachment-237342\" style=\"width: 1280px\" class=\"wp-caption alignnone\"><img loading=\"lazy\" decoding=\"async\" class=\"wp-image-237342 size-full\" src=\"https:\/\/www.fiscalia.gov.co\/colombia\/wp-content\/uploads\/Foto-2-Los-Villa-o-Los-Plazoleta.-Microtr\u00e1fico.-Santander-de-Quilichao-Cauca..jpg\" alt=\"\" width=\"1280\" height=\"713\" srcset=\"https:\/\/www.fiscalia.gov.co\/colombia\/wp-content\/uploads\/Foto-2-Los-Villa-o-Los-Plazoleta.-Microtr\u00e1fico.-Santander-de-Quilichao-Cauca..jpg 1280w, https:\/\/www.fiscalia.gov.co\/colombia\/wp-content\/uploads\/Foto-2-Los-Villa-o-Los-Plazoleta.-Microtr\u00e1fico.-Santander-de-Quilichao-Cauca.-300x167.jpg 300w, https:\/\/www.fiscalia.gov.co\/colombia\/wp-content\/uploads\/Foto-2-Los-Villa-o-Los-Plazoleta.-Microtr\u00e1fico.-Santander-de-Quilichao-Cauca.-1024x570.jpg 1024w, https:\/\/www.fiscalia.gov.co\/colombia\/wp-content\/uploads\/Foto-2-Los-Villa-o-Los-Plazoleta.-Microtr\u00e1fico.-Santander-de-Quilichao-Cauca.-768x428.jpg 768w, https:\/\/www.fiscalia.gov.co\/colombia\/wp-content\/uploads\/Foto-2-Los-Villa-o-Los-Plazoleta.-Microtr\u00e1fico.-Santander-de-Quilichao-Cauca.-696x388.jpg 696w, https:\/\/www.fiscalia.gov.co\/colombia\/wp-content\/uploads\/Foto-2-Los-Villa-o-Los-Plazoleta.-Microtr\u00e1fico.-Santander-de-Quilichao-Cauca.-1068x595.jpg 1068w, https:\/\/www.fiscalia.gov.co\/colombia\/wp-content\/uploads\/Foto-2-Los-Villa-o-Los-Plazoleta.-Microtr\u00e1fico.-Santander-de-Quilichao-Cauca.-754x420.jpg 754w\" sizes=\"auto, (max-width: 1280px) 100vw, 1280px\" \/><figcaption id=\"caption-attachment-237342\" class=\"wp-caption-text\">Elementos incautados durante las diligencias de registro y allanamiento en contra de \u2018Los Villa\u2019 o \u2018La Plazoleta\u2019, por microtr\u00e1fico, en Santander de Quilichao (Cauca).<\/figcaption><\/figure>\n<p>Durante siete diligencias de registro y allanamiento, personal de la Polic\u00eda Nacional, con apoyo del Ej\u00e9rcito Nacional, hicieron efectivas 9 \u00f3rdenes de captura y una en flagrancia.<\/p>\n<p>En las mismas diligencias judiciales las autoridades incautaron dos motocicletas, 10 tel\u00e9fonos celulares, dinero en efectivo, 250 gramos de marihuana y 151 gramos de bazuco.<\/p>\n<p>En las audiencias concentradas la Fiscal\u00eda formul\u00f3 imputaci\u00f3n de cargos contra los capturados por los delitos de concierto para delinquir, y tr\u00e1fico, fabricaci\u00f3n y porte de estupefacientes.<\/p>\n<p>Los afectados son:<\/p>\n<ol>\n<li>Wenceslao Yule Fern\u00e1ndez<\/li>\n<\/ol>\n<p>2 Fernando Mosquera Cossio<\/p>\n<ol start=\"3\">\n<li>Flor Mar\u00eda Calero Cruz<\/li>\n<li>Hugo Fernley Galindo Barona<\/li>\n<li>Jhon Deivys S\u00e1nchez Rojas<\/li>\n<li>Xavier Alexis D\u00edaz Mosquera<\/li>\n<li>Holmer Eli\u00e9cer Mestizo<\/li>\n<li>Diana Katherine Franco<\/li>\n<li>Sandra Livia Tovar Ortiz<\/li>\n<li>Ram\u00f3n Armando Campo Cumbal (capturado en flagrancia).<\/li>\n<\/ol>\n<p>Por decisi\u00f3n del juez, ocho de los hoy investigados deber\u00e1n cumplir medida de aseguramiento privativa de la libertad en centro carcelario, uno en su domicilio y otro en el Centro de Armonizaci\u00f3n Ind\u00edgena La Esmeralda.<\/p>\n<p><strong>La Fiscal\u00eda habla con resultados<\/strong><\/p>\n<p>MAP\/CFG\/GAMM\/<\/p>\n<p><em>La informaci\u00f3n contenida en este bolet\u00edn de prensa corresponde a la narraci\u00f3n de los hechos noticiosos objetivos, suministrados por los funcionarios encargados de adelantar las investigaciones penales al interior de la Fiscal\u00eda General de la Naci\u00f3n. Para el momento de la divulgaci\u00f3n de este comunicado, la situaci\u00f3n jur\u00eddica de la(s) persona(s) relacionada(s) se encuentra pendiente de resolver por la autoridad judicial competente, siempre bajo los preceptos de la presunci\u00f3n de inocencia, consagrados en el art\u00edculo 29 de la Constituci\u00f3n Pol\u00edtica y el art\u00edculo 7\u00ba de la Ley 906 de 2004.<\/em><\/p>\n<p>&nbsp;<\/p>\n<p>&nbsp;<\/p>\n<p>&nbsp;<\/p>\n<p>&nbsp;<\/p>\n\n<div class=\"twitter-share\"><a href=\"https:\/\/twitter.com\/intent\/tweet?via=fiscaliacol\" class=\"twitter-share-button\">Tweet<\/a><\/div>\n","protected":false},"excerpt":{"rendered":"<p>Tras acoger la solicitud de la Fiscal\u00eda General de la Naci\u00f3n, un juez de control de garant\u00edas imparti\u00f3 medida de aseguramiento privativa de la libertad en contra de 10 presuntos integrantes del grupo delictivo \u2018Los Villa\u2019 o \u2018La Plazoleta\u2019, que estar\u00eda dedicado al tr\u00e1fico de sustancias estupefacientes en el municipio de Santander de Quilichao (Cauca). [&hellip;]<\/p>\n","protected":false},"author":176,"featured_media":0,"comment_status":"closed","ping_status":"open","sticky":false,"template":"","format":"standard","meta":{"_price":"","_stock":"","_tribe_ticket_header":"","_tribe_default_ticket_provider":"","_tribe_ticket_capacity":"0","_ticket_start_date":"","_ticket_end_date":"","_tribe_ticket_show_description":"","_tribe_ticket_show_not_going":false,"_tribe_ticket_use_global_stock":"","_tribe_ticket_global_stock_level":"","_global_stock_mode":"","_global_stock_cap":"","_tribe_rsvp_for_event":"","_tribe_ticket_going_count":"","_tribe_ticket_not_going_count":"","_tribe_tickets_list":"[]","_tribe_ticket_has_attendee_info_fields":false,"tdm_status":"","tdm_grid_status":"","footnotes":""},"categories":[1,336,303],"tags":[3391,8010,24551,27539,24478,10177,25230,24187,7169,46,24315,1185,674,6134,24549],"class_list":{"0":"post-237340","1":"post","2":"type-post","3":"status-publish","4":"format-standard","6":"category-noticias","7":"category-seccional-popayan","8":"category-seccionales","9":"tag-base-de-coca","10":"tag-capturados","11":"tag-centro-carcelario","12":"tag-concierto-para-delinquir-y-trafico","13":"tag-domiciliaria","14":"tag-fabricacion-y-porte-de-estupefacientes","15":"tag-fiscal-general-de-nacion","16":"tag-fiscalia-colombia","17":"tag-flagrancia","18":"tag-heroina","19":"tag-intramuros","20":"tag-medida-de-aseguramiento","21":"tag-microtrafico","22":"tag-narcoticos","23":"tag-orden-judicial"},"yoast_head":"<!-- This site is optimized with the Yoast SEO plugin v24.3 - https:\/\/yoast.com\/wordpress\/plugins\/seo\/ -->\n<title>Fiscal\u00eda General de la Naci\u00f3n<\/title>\n<meta name=\"description\" content=\"P\u00e1gina oficial de la Fiscal\u00eda General de la Naci\u00f3n \u2013 Colombia. Garantizamos el acceso efectivo a la justicia, la verdad y la reparaci\u00f3n de las v\u00edctimas de los delitos.\" \/>\n<meta name=\"robots\" content=\"noindex, follow\" \/>\n<meta property=\"og:locale\" content=\"es_ES\" \/>\n<meta property=\"og:type\" content=\"article\" \/>\n<meta property=\"og:title\" content=\"Fiscal\u00eda General de la Naci\u00f3n\" \/>\n<meta property=\"og:description\" content=\"P\u00e1gina oficial de la Fiscal\u00eda General de la Naci\u00f3n \u2013 Colombia. Garantizamos el acceso efectivo a la justicia, la verdad y la reparaci\u00f3n de las v\u00edctimas de los delitos.\" \/>\n<meta property=\"og:url\" content=\"https:\/\/www.fiscalia.gov.co\/colombia\/noticias\/judicializados-10-presuntos-integrantes-del-grupo-delincuencial-los-villa-dedicado-al-trafico-de-estupefacientes-en-el-norte-del-cauca\/\" \/>\n<meta property=\"og:site_name\" content=\"Fiscal\u00eda General de la Naci\u00f3n\" \/>\n<meta property=\"article:publisher\" content=\"https:\/\/www.facebook.com\/FiscaliaCol\" \/>\n<meta property=\"article:published_time\" content=\"2021-12-22T14:58:54+00:00\" \/>\n<meta property=\"article:modified_time\" content=\"2021-12-22T21:13:57+00:00\" \/>\n<meta name=\"author\" content=\"Johanna Black Prieto Pe\u00f1a\" \/>\n<meta name=\"twitter:card\" content=\"summary_large_image\" \/>\n<meta name=\"twitter:creator\" content=\"@FiscaliaCol\" \/>\n<meta name=\"twitter:site\" content=\"@FiscaliaCol\" \/>\n<meta name=\"twitter:label1\" content=\"Escrito por\" \/>\n\t<meta name=\"twitter:data1\" content=\"Johanna Black Prieto Pe\u00f1a\" \/>\n\t<meta name=\"twitter:label2\" content=\"Tiempo de lectura\" \/>\n\t<meta name=\"twitter:data2\" content=\"2 minutos\" \/>\n<script type=\"application\/ld+json\" class=\"yoast-schema-graph\">{\"@context\":\"https:\/\/schema.org\",\"@graph\":[{\"@type\":\"Article\",\"@id\":\"https:\/\/www.fiscalia.gov.co\/colombia\/noticias\/judicializados-10-presuntos-integrantes-del-grupo-delincuencial-los-villa-dedicado-al-trafico-de-estupefacientes-en-el-norte-del-cauca\/#article\",\"isPartOf\":{\"@id\":\"https:\/\/www.fiscalia.gov.co\/colombia\/noticias\/judicializados-10-presuntos-integrantes-del-grupo-delincuencial-los-villa-dedicado-al-trafico-de-estupefacientes-en-el-norte-del-cauca\/\"},\"author\":{\"name\":\"Johanna Black Prieto Pe\u00f1a\",\"@id\":\"https:\/\/www.fiscalia.gov.co\/colombia\/#\/schema\/person\/b19b49f26569f91393176a2b3d13a0e5\"},\"headline\":\"Judicializados 10 presuntos integrantes del grupo delincuencial \u2018Los Villa\u2019, dedicado al tr\u00e1fico de estupefacientes en el norte del Cauca\",\"datePublished\":\"2021-12-22T14:58:54+00:00\",\"dateModified\":\"2021-12-22T21:13:57+00:00\",\"mainEntityOfPage\":{\"@id\":\"https:\/\/www.fiscalia.gov.co\/colombia\/noticias\/judicializados-10-presuntos-integrantes-del-grupo-delincuencial-los-villa-dedicado-al-trafico-de-estupefacientes-en-el-norte-del-cauca\/\"},\"wordCount\":462,\"publisher\":{\"@id\":\"https:\/\/www.fiscalia.gov.co\/colombia\/#organization\"},\"keywords\":[\"Base de coca\",\"Capturados\",\"centro carcelario\",\"concierto para delinquir y tr\u00e1fico\",\"domiciliaria\",\"fabricaci\u00f3n y porte de estupefacientes\",\"Fiscal General de Naci\u00f3n\",\"Fiscal\u00eda Colombia\",\"Flagrancia\",\"Hero\u00edna\",\"intramuros\",\"Medida de aseguramiento\",\"Microtr\u00e1fico\",\"Narc\u00f3ticos\",\"orden judicial\"],\"articleSection\":[\"Noticias\",\"Seccional Popay\u00e1n\",\"Seccionales\"],\"inLanguage\":\"es-CO\"},{\"@type\":\"WebPage\",\"@id\":\"https:\/\/www.fiscalia.gov.co\/colombia\/noticias\/judicializados-10-presuntos-integrantes-del-grupo-delincuencial-los-villa-dedicado-al-trafico-de-estupefacientes-en-el-norte-del-cauca\/\",\"url\":\"https:\/\/www.fiscalia.gov.co\/colombia\/noticias\/judicializados-10-presuntos-integrantes-del-grupo-delincuencial-los-villa-dedicado-al-trafico-de-estupefacientes-en-el-norte-del-cauca\/\",\"name\":\"Fiscal\u00eda General de la Naci\u00f3n\",\"isPartOf\":{\"@id\":\"https:\/\/www.fiscalia.gov.co\/colombia\/#website\"},\"datePublished\":\"2021-12-22T14:58:54+00:00\",\"dateModified\":\"2021-12-22T21:13:57+00:00\",\"description\":\"P\u00e1gina oficial de la Fiscal\u00eda General de la Naci\u00f3n \u2013 Colombia. Garantizamos el acceso efectivo a la justicia, la verdad y la reparaci\u00f3n de las v\u00edctimas de los delitos.\",\"breadcrumb\":{\"@id\":\"https:\/\/www.fiscalia.gov.co\/colombia\/noticias\/judicializados-10-presuntos-integrantes-del-grupo-delincuencial-los-villa-dedicado-al-trafico-de-estupefacientes-en-el-norte-del-cauca\/#breadcrumb\"},\"inLanguage\":\"es-CO\",\"potentialAction\":[{\"@type\":\"ReadAction\",\"target\":[\"https:\/\/www.fiscalia.gov.co\/colombia\/noticias\/judicializados-10-presuntos-integrantes-del-grupo-delincuencial-los-villa-dedicado-al-trafico-de-estupefacientes-en-el-norte-del-cauca\/\"]}]},{\"@type\":\"BreadcrumbList\",\"@id\":\"https:\/\/www.fiscalia.gov.co\/colombia\/noticias\/judicializados-10-presuntos-integrantes-del-grupo-delincuencial-los-villa-dedicado-al-trafico-de-estupefacientes-en-el-norte-del-cauca\/#breadcrumb\",\"itemListElement\":[{\"@type\":\"ListItem\",\"position\":1,\"name\":\"Home\",\"item\":\"https:\/\/www.fiscalia.gov.co\/colombia\/\"},{\"@type\":\"ListItem\",\"position\":2,\"name\":\"Judicializados 10 presuntos integrantes del grupo delincuencial \u2018Los Villa\u2019, dedicado al tr\u00e1fico de estupefacientes en el norte del Cauca\"}]},{\"@type\":\"WebSite\",\"@id\":\"https:\/\/www.fiscalia.gov.co\/colombia\/#website\",\"url\":\"https:\/\/www.fiscalia.gov.co\/colombia\/\",\"name\":\"Fiscal\u00eda General de la Naci\u00f3n\",\"description\":\"P\u00e1gina oficial de la Fiscal\u00eda General de la Naci\u00f3n \u2013 Colombia. Garantizamos el acceso efectivo a la justicia, la verdad y la reparaci\u00f3n de las v\u00edctimas de los delitos.\",\"publisher\":{\"@id\":\"https:\/\/www.fiscalia.gov.co\/colombia\/#organization\"},\"potentialAction\":[{\"@type\":\"SearchAction\",\"target\":{\"@type\":\"EntryPoint\",\"urlTemplate\":\"https:\/\/www.fiscalia.gov.co\/colombia\/?s={search_term_string}\"},\"query-input\":{\"@type\":\"PropertyValueSpecification\",\"valueRequired\":true,\"valueName\":\"search_term_string\"}}],\"inLanguage\":\"es-CO\"},{\"@type\":\"Organization\",\"@id\":\"https:\/\/www.fiscalia.gov.co\/colombia\/#organization\",\"name\":\"Fiscal\u00eda General de la Naci\u00f3n\",\"url\":\"https:\/\/www.fiscalia.gov.co\/colombia\/\",\"logo\":{\"@type\":\"ImageObject\",\"inLanguage\":\"es-CO\",\"@id\":\"https:\/\/www.fiscalia.gov.co\/colombia\/#\/schema\/logo\/image\/\",\"url\":\"https:\/\/www.fiscalia.gov.co\/colombia\/wp-content\/uploads\/LogoHorizontal_1.jpg\",\"contentUrl\":\"https:\/\/www.fiscalia.gov.co\/colombia\/wp-content\/uploads\/LogoHorizontal_1.jpg\",\"width\":300,\"height\":90,\"caption\":\"Fiscal\u00eda General de la Naci\u00f3n\"},\"image\":{\"@id\":\"https:\/\/www.fiscalia.gov.co\/colombia\/#\/schema\/logo\/image\/\"},\"sameAs\":[\"https:\/\/www.facebook.com\/FiscaliaCol\",\"https:\/\/x.com\/FiscaliaCol\",\"https:\/\/www.instagram.com\/fiscaliacol\",\"https:\/\/www.linkedin.com\/company\/fiscalia-general-de-la-naci-n\/\",\"https:\/\/youtube.com\/@fiscaliageneraldelanacion-4668?si=6nN79nyQICPU5iTh\"]},{\"@type\":\"Person\",\"@id\":\"https:\/\/www.fiscalia.gov.co\/colombia\/#\/schema\/person\/b19b49f26569f91393176a2b3d13a0e5\",\"name\":\"Johanna Black Prieto Pe\u00f1a\",\"image\":{\"@type\":\"ImageObject\",\"inLanguage\":\"es-CO\",\"@id\":\"https:\/\/www.fiscalia.gov.co\/colombia\/#\/schema\/person\/image\/\",\"url\":\"https:\/\/secure.gravatar.com\/avatar\/7f04518e1774335e76d761d76f04003e?s=96&d=mm&r=g\",\"contentUrl\":\"https:\/\/secure.gravatar.com\/avatar\/7f04518e1774335e76d761d76f04003e?s=96&d=mm&r=g\",\"caption\":\"Johanna Black Prieto Pe\u00f1a\"},\"url\":\"https:\/\/www.fiscalia.gov.co\/colombia\/author\/jprieto\/\"}]}<\/script>\n<!-- \/ Yoast SEO plugin. -->","yoast_head_json":{"title":"Fiscal\u00eda General de la Naci\u00f3n","description":"P\u00e1gina oficial de la Fiscal\u00eda General de la Naci\u00f3n \u2013 Colombia. Garantizamos el acceso efectivo a la justicia, la verdad y la reparaci\u00f3n de las v\u00edctimas de los delitos.","robots":{"index":"noindex","follow":"follow"},"og_locale":"es_ES","og_type":"article","og_title":"Fiscal\u00eda General de la Naci\u00f3n","og_description":"P\u00e1gina oficial de la Fiscal\u00eda General de la Naci\u00f3n \u2013 Colombia. Garantizamos el acceso efectivo a la justicia, la verdad y la reparaci\u00f3n de las v\u00edctimas de los delitos.","og_url":"https:\/\/www.fiscalia.gov.co\/colombia\/noticias\/judicializados-10-presuntos-integrantes-del-grupo-delincuencial-los-villa-dedicado-al-trafico-de-estupefacientes-en-el-norte-del-cauca\/","og_site_name":"Fiscal\u00eda General de la Naci\u00f3n","article_publisher":"https:\/\/www.facebook.com\/FiscaliaCol","article_published_time":"2021-12-22T14:58:54+00:00","article_modified_time":"2021-12-22T21:13:57+00:00","author":"Johanna Black Prieto Pe\u00f1a","twitter_card":"summary_large_image","twitter_creator":"@FiscaliaCol","twitter_site":"@FiscaliaCol","twitter_misc":{"Escrito por":"Johanna Black Prieto Pe\u00f1a","Tiempo de lectura":"2 minutos"},"schema":{"@context":"https:\/\/schema.org","@graph":[{"@type":"Article","@id":"https:\/\/www.fiscalia.gov.co\/colombia\/noticias\/judicializados-10-presuntos-integrantes-del-grupo-delincuencial-los-villa-dedicado-al-trafico-de-estupefacientes-en-el-norte-del-cauca\/#article","isPartOf":{"@id":"https:\/\/www.fiscalia.gov.co\/colombia\/noticias\/judicializados-10-presuntos-integrantes-del-grupo-delincuencial-los-villa-dedicado-al-trafico-de-estupefacientes-en-el-norte-del-cauca\/"},"author":{"name":"Johanna Black Prieto Pe\u00f1a","@id":"https:\/\/www.fiscalia.gov.co\/colombia\/#\/schema\/person\/b19b49f26569f91393176a2b3d13a0e5"},"headline":"Judicializados 10 presuntos integrantes del grupo delincuencial \u2018Los Villa\u2019, dedicado al tr\u00e1fico de estupefacientes en el norte del Cauca","datePublished":"2021-12-22T14:58:54+00:00","dateModified":"2021-12-22T21:13:57+00:00","mainEntityOfPage":{"@id":"https:\/\/www.fiscalia.gov.co\/colombia\/noticias\/judicializados-10-presuntos-integrantes-del-grupo-delincuencial-los-villa-dedicado-al-trafico-de-estupefacientes-en-el-norte-del-cauca\/"},"wordCount":462,"publisher":{"@id":"https:\/\/www.fiscalia.gov.co\/colombia\/#organization"},"keywords":["Base de coca","Capturados","centro carcelario","concierto para delinquir y tr\u00e1fico","domiciliaria","fabricaci\u00f3n y porte de estupefacientes","Fiscal General de Naci\u00f3n","Fiscal\u00eda Colombia","Flagrancia","Hero\u00edna","intramuros","Medida de aseguramiento","Microtr\u00e1fico","Narc\u00f3ticos","orden judicial"],"articleSection":["Noticias","Seccional Popay\u00e1n","Seccionales"],"inLanguage":"es-CO"},{"@type":"WebPage","@id":"https:\/\/www.fiscalia.gov.co\/colombia\/noticias\/judicializados-10-presuntos-integrantes-del-grupo-delincuencial-los-villa-dedicado-al-trafico-de-estupefacientes-en-el-norte-del-cauca\/","url":"https:\/\/www.fiscalia.gov.co\/colombia\/noticias\/judicializados-10-presuntos-integrantes-del-grupo-delincuencial-los-villa-dedicado-al-trafico-de-estupefacientes-en-el-norte-del-cauca\/","name":"Fiscal\u00eda General de la Naci\u00f3n","isPartOf":{"@id":"https:\/\/www.fiscalia.gov.co\/colombia\/#website"},"datePublished":"2021-12-22T14:58:54+00:00","dateModified":"2021-12-22T21:13:57+00:00","description":"P\u00e1gina oficial de la Fiscal\u00eda General de la Naci\u00f3n \u2013 Colombia. Garantizamos el acceso efectivo a la justicia, la verdad y la reparaci\u00f3n de las v\u00edctimas de los delitos.","breadcrumb":{"@id":"https:\/\/www.fiscalia.gov.co\/colombia\/noticias\/judicializados-10-presuntos-integrantes-del-grupo-delincuencial-los-villa-dedicado-al-trafico-de-estupefacientes-en-el-norte-del-cauca\/#breadcrumb"},"inLanguage":"es-CO","potentialAction":[{"@type":"ReadAction","target":["https:\/\/www.fiscalia.gov.co\/colombia\/noticias\/judicializados-10-presuntos-integrantes-del-grupo-delincuencial-los-villa-dedicado-al-trafico-de-estupefacientes-en-el-norte-del-cauca\/"]}]},{"@type":"BreadcrumbList","@id":"https:\/\/www.fiscalia.gov.co\/colombia\/noticias\/judicializados-10-presuntos-integrantes-del-grupo-delincuencial-los-villa-dedicado-al-trafico-de-estupefacientes-en-el-norte-del-cauca\/#breadcrumb","itemListElement":[{"@type":"ListItem","position":1,"name":"Home","item":"https:\/\/www.fiscalia.gov.co\/colombia\/"},{"@type":"ListItem","position":2,"name":"Judicializados 10 presuntos integrantes del grupo delincuencial \u2018Los Villa\u2019, dedicado al tr\u00e1fico de estupefacientes en el norte del Cauca"}]},{"@type":"WebSite","@id":"https:\/\/www.fiscalia.gov.co\/colombia\/#website","url":"https:\/\/www.fiscalia.gov.co\/colombia\/","name":"Fiscal\u00eda General de la Naci\u00f3n","description":"P\u00e1gina oficial de la Fiscal\u00eda General de la Naci\u00f3n \u2013 Colombia. Garantizamos el acceso efectivo a la justicia, la verdad y la reparaci\u00f3n de las v\u00edctimas de los delitos.","publisher":{"@id":"https:\/\/www.fiscalia.gov.co\/colombia\/#organization"},"potentialAction":[{"@type":"SearchAction","target":{"@type":"EntryPoint","urlTemplate":"https:\/\/www.fiscalia.gov.co\/colombia\/?s={search_term_string}"},"query-input":{"@type":"PropertyValueSpecification","valueRequired":true,"valueName":"search_term_string"}}],"inLanguage":"es-CO"},{"@type":"Organization","@id":"https:\/\/www.fiscalia.gov.co\/colombia\/#organization","name":"Fiscal\u00eda General de la Naci\u00f3n","url":"https:\/\/www.fiscalia.gov.co\/colombia\/","logo":{"@type":"ImageObject","inLanguage":"es-CO","@id":"https:\/\/www.fiscalia.gov.co\/colombia\/#\/schema\/logo\/image\/","url":"https:\/\/www.fiscalia.gov.co\/colombia\/wp-content\/uploads\/LogoHorizontal_1.jpg","contentUrl":"https:\/\/www.fiscalia.gov.co\/colombia\/wp-content\/uploads\/LogoHorizontal_1.jpg","width":300,"height":90,"caption":"Fiscal\u00eda General de la Naci\u00f3n"},"image":{"@id":"https:\/\/www.fiscalia.gov.co\/colombia\/#\/schema\/logo\/image\/"},"sameAs":["https:\/\/www.facebook.com\/FiscaliaCol","https:\/\/x.com\/FiscaliaCol","https:\/\/www.instagram.com\/fiscaliacol","https:\/\/www.linkedin.com\/company\/fiscalia-general-de-la-naci-n\/","https:\/\/youtube.com\/@fiscaliageneraldelanacion-4668?si=6nN79nyQICPU5iTh"]},{"@type":"Person","@id":"https:\/\/www.fiscalia.gov.co\/colombia\/#\/schema\/person\/b19b49f26569f91393176a2b3d13a0e5","name":"Johanna Black Prieto Pe\u00f1a","image":{"@type":"ImageObject","inLanguage":"es-CO","@id":"https:\/\/www.fiscalia.gov.co\/colombia\/#\/schema\/person\/image\/","url":"https:\/\/secure.gravatar.com\/avatar\/7f04518e1774335e76d761d76f04003e?s=96&d=mm&r=g","contentUrl":"https:\/\/secure.gravatar.com\/avatar\/7f04518e1774335e76d761d76f04003e?s=96&d=mm&r=g","caption":"Johanna Black Prieto Pe\u00f1a"},"url":"https:\/\/www.fiscalia.gov.co\/colombia\/author\/jprieto\/"}]}},"_links":{"self":[{"href":"https:\/\/www.fiscalia.gov.co\/colombia\/wp-json\/wp\/v2\/posts\/237340","targetHints":{"allow":["GET"]}}],"collection":[{"href":"https:\/\/www.fiscalia.gov.co\/colombia\/wp-json\/wp\/v2\/posts"}],"about":[{"href":"https:\/\/www.fiscalia.gov.co\/colombia\/wp-json\/wp\/v2\/types\/post"}],"author":[{"embeddable":true,"href":"https:\/\/www.fiscalia.gov.co\/colombia\/wp-json\/wp\/v2\/users\/176"}],"replies":[{"embeddable":true,"href":"https:\/\/www.fiscalia.gov.co\/colombia\/wp-json\/wp\/v2\/comments?post=237340"}],"version-history":[{"count":3,"href":"https:\/\/www.fiscalia.gov.co\/colombia\/wp-json\/wp\/v2\/posts\/237340\/revisions"}],"predecessor-version":[{"id":237377,"href":"https:\/\/www.fiscalia.gov.co\/colombia\/wp-json\/wp\/v2\/posts\/237340\/revisions\/237377"}],"wp:attachment":[{"href":"https:\/\/www.fiscalia.gov.co\/colombia\/wp-json\/wp\/v2\/media?parent=237340"}],"wp:term":[{"taxonomy":"category","embeddable":true,"href":"https:\/\/www.fiscalia.gov.co\/colombia\/wp-json\/wp\/v2\/categories?post=237340"},{"taxonomy":"post_tag","embeddable":true,"href":"https:\/\/www.fiscalia.gov.co\/colombia\/wp-json\/wp\/v2\/tags?post=237340"}],"curies":[{"name":"wp","href":"https:\/\/api.w.org\/{rel}","templated":true}]}}