{"id":237334,"date":"2021-12-22T08:38:48","date_gmt":"2021-12-22T13:38:48","guid":{"rendered":"https:\/\/www.fiscalia.gov.co\/colombia\/?p=237334"},"modified":"2021-12-22T08:41:13","modified_gmt":"2021-12-22T13:41:13","slug":"cae-ciudadano-sirio-y-varios-de-sus-presuntos-complices-senalados-de-vender-cocaina-a-estructuras-narcotraficantes-de-venezuela","status":"publish","type":"post","link":"https:\/\/www.fiscalia.gov.co\/colombia\/noticias\/cae-ciudadano-sirio-y-varios-de-sus-presuntos-complices-senalados-de-vender-cocaina-a-estructuras-narcotraficantes-de-venezuela\/","title":{"rendered":"Cae ciudadano sirio y varios de sus presuntos c\u00f3mplices se\u00f1alados de vender coca\u00edna a estructuras narcotraficantes de Venezuela"},"content":{"rendered":"<h4><em>\u2018Los Chunchun\u2019, al parecer, mov\u00edan los cargamentos de coca\u00edna desde diferentes zonas de producci\u00f3n hasta La Guajira, donde habr\u00edan instrumentalizado comunidades ind\u00edgenas para llevarlos al otro lado de la frontera.<\/em><\/h4>\n<p>Una investigaci\u00f3n liderada por la Direcci\u00f3n Especializada contra las Organizaciones Criminales de la Fiscal\u00eda General de la Naci\u00f3n puso al descubierto a una red narcotraficante, conocida como \u2018Los Chunchun\u2019, se\u00f1alada de procesar y trasportar los cargamentos de clorhidrato de coca\u00edna que el \u2018Clan del Golfo\u2019 enviaba a estructuras criminales en Venezuela.<\/p>\n<p>Cinco de los presuntos articuladores de esta estructura fueron capturados en diligencias realizadas de manera simult\u00e1nea con la Polic\u00eda Nacional en Maicao (La Guajira). En los procedimientos se incautaron de 24 kilogramos de clorhidrato de coca\u00edna, una camioneta y cinco celulares.<\/p>\n<p>Entre los detenidos est\u00e1 uno de los supuestos m\u00e1ximos cabecillas de \u2018Los Chunchun\u2019, un ciudadano sirio identificado como Yazan Chorten, alias Yazer. Este hombre ser\u00eda el encargado de probar y autorizar el env\u00edo de cada uno de los alijos a los enlaces ilegales en Venezuela.<\/p>\n<p>El material de prueba indica que este hombre, junto a sus supuestos c\u00f3mplices, al parecer, recib\u00eda giros en divisa extranjera para garantizar el transporte del estupefaciente a La Guajira, entre otras actividades log\u00edsticas.<\/p>\n<p>Asimismo, la investigaci\u00f3n permiti\u00f3 conocer que, para garantizar el paso de los cargamentos a territorio venezolano, habr\u00edan instrumentalizado comunidades ind\u00edgenas, que tendr\u00edan libertad de tr\u00e1nsito por diferentes pasos fronterizos y zonas de dif\u00edcil acceso.<\/p>\n<p>\u2018Los Chunchun\u2019 fueron presentados ante un juez de control de garant\u00edas. La Fiscal\u00eda les imput\u00f3 el delito de tr\u00e1fico, fabricaci\u00f3n o porte de estupefacientes. Los procesados no aceptaron el cargo y deber\u00e1n cumplir con medida de aseguramiento en centro carcelario.<\/p>\n<p>Adem\u00e1s del ciudadano sirio Yazan Chorten, alias Yazer, fueron afectados con la decisi\u00f3n:<\/p>\n<ul>\n<li>Salom\u00f3n Jair Meza Berardinelli.<\/li>\n<li>Alber Andr\u00e9s Mart\u00ednez Mej\u00eda.<\/li>\n<li>Marcos Tulio Pe\u00f1alosa Alvis.<\/li>\n<li>Eduardo Luis Meza Quintero.<\/li>\n<\/ul>\n<p>Esta informaci\u00f3n se publica por razones de inter\u00e9s general.<\/p>\n<p>LMBG\/JARG\/DECOC\/MRC.<\/p>\n<p><strong>La Fiscal\u00eda habla con resultados.<\/strong><\/p>\n<p><i>La informaci\u00f3n contenida en este bolet\u00edn de prensa corresponde a la narraci\u00f3n de los hechos noticiosos objetivos, suministrados por los funcionarios encargados de adelantar las investigaciones penales al interior de la Fiscal\u00eda General de la Naci\u00f3n. Para el momento de la divulgaci\u00f3n de este comunicado, la situaci\u00f3n jur\u00eddica de la(s) persona(s) relacionada(s) se encuentra pendiente de resolver por la autoridad judicial competente, siempre bajo los preceptos de la presunci\u00f3n de inocencia, consagrados en el art\u00edculo 29 de la Constituci\u00f3n Pol\u00edtica y el art\u00edculo 7\u00ba de la Ley 906 de 2004<\/i><\/p>\n<p><strong>\u00a0<\/strong><\/p>\n<p><strong>\u00a0<\/strong><\/p>\n<p><strong>\u00a0<\/strong><\/p>\n\n<div class=\"twitter-share\"><a href=\"https:\/\/twitter.com\/intent\/tweet?via=fiscaliacol\" class=\"twitter-share-button\">Tweet<\/a><\/div>\n","protected":false},"excerpt":{"rendered":"<p>\u2018Los Chunchun\u2019, al parecer, mov\u00edan los cargamentos de coca\u00edna desde diferentes zonas de producci\u00f3n hasta La Guajira, donde habr\u00edan instrumentalizado comunidades ind\u00edgenas para llevarlos al otro lado de la frontera. [&hellip;]<\/p>\n","protected":false},"author":176,"featured_media":0,"comment_status":"closed","ping_status":"open","sticky":false,"template":"","format":"standard","meta":{"tdm_status":"","tdm_grid_status":"","footnotes":""},"categories":[24098,1,321,303],"tags":[24185,24401,24189,78,1047],"class_list":["post-237334","post","type-post","status-publish","format-standard","category-crimen-organizado","category-noticias","category-seccional-bogota","category-seccionales","tag-fiscal-barbosa","tag-fiscal-barbosa-delgado","tag-fiscal-francisco-barbosa-delgado","tag-fiscal-general-de-la-nacion","tag-fiscalia-general-de-la-nacion"],"yoast_head":"<!-- This site is optimized with the Yoast SEO plugin v24.3 - https:\/\/yoast.com\/wordpress\/plugins\/seo\/ -->\n<title>Fiscal\u00eda General de la Naci\u00f3n<\/title>\n<meta name=\"description\" content=\"P\u00e1gina oficial de la Fiscal\u00eda General de la Naci\u00f3n \u2013 Colombia. Garantizamos el acceso efectivo a la justicia, la verdad y la reparaci\u00f3n de las v\u00edctimas de los delitos.\" \/>\n<meta name=\"robots\" content=\"noindex, follow\" \/>\n<meta property=\"og:locale\" content=\"es_ES\" \/>\n<meta property=\"og:type\" content=\"article\" \/>\n<meta property=\"og:title\" content=\"Fiscal\u00eda General de la Naci\u00f3n\" \/>\n<meta property=\"og:description\" content=\"P\u00e1gina oficial de la Fiscal\u00eda General de la Naci\u00f3n \u2013 Colombia. Garantizamos el acceso efectivo a la justicia, la verdad y la reparaci\u00f3n de las v\u00edctimas de los delitos.\" \/>\n<meta property=\"og:url\" content=\"https:\/\/www.fiscalia.gov.co\/colombia\/noticias\/cae-ciudadano-sirio-y-varios-de-sus-presuntos-complices-senalados-de-vender-cocaina-a-estructuras-narcotraficantes-de-venezuela\/\" \/>\n<meta property=\"og:site_name\" content=\"Fiscal\u00eda General de la Naci\u00f3n\" \/>\n<meta property=\"article:publisher\" content=\"https:\/\/www.facebook.com\/FiscaliaCol\" \/>\n<meta property=\"article:published_time\" content=\"2021-12-22T13:38:48+00:00\" \/>\n<meta property=\"article:modified_time\" content=\"2021-12-22T13:41:13+00:00\" \/>\n<meta name=\"author\" content=\"Johanna Black Prieto Pe\u00f1a\" \/>\n<meta name=\"twitter:card\" content=\"summary_large_image\" \/>\n<meta name=\"twitter:creator\" content=\"@FiscaliaCol\" \/>\n<meta name=\"twitter:site\" content=\"@FiscaliaCol\" \/>\n<meta name=\"twitter:label1\" content=\"Escrito por\" \/>\n\t<meta name=\"twitter:data1\" content=\"Johanna Black Prieto Pe\u00f1a\" \/>\n\t<meta name=\"twitter:label2\" content=\"Tiempo de lectura\" \/>\n\t<meta name=\"twitter:data2\" content=\"2 minutos\" \/>\n<script type=\"application\/ld+json\" class=\"yoast-schema-graph\">{\"@context\":\"https:\/\/schema.org\",\"@graph\":[{\"@type\":\"Article\",\"@id\":\"https:\/\/www.fiscalia.gov.co\/colombia\/noticias\/cae-ciudadano-sirio-y-varios-de-sus-presuntos-complices-senalados-de-vender-cocaina-a-estructuras-narcotraficantes-de-venezuela\/#article\",\"isPartOf\":{\"@id\":\"https:\/\/www.fiscalia.gov.co\/colombia\/noticias\/cae-ciudadano-sirio-y-varios-de-sus-presuntos-complices-senalados-de-vender-cocaina-a-estructuras-narcotraficantes-de-venezuela\/\"},\"author\":{\"name\":\"Johanna Black Prieto Pe\u00f1a\",\"@id\":\"https:\/\/www.fiscalia.gov.co\/colombia\/#\/schema\/person\/b19b49f26569f91393176a2b3d13a0e5\"},\"headline\":\"Cae ciudadano sirio y varios de sus presuntos c\u00f3mplices se\u00f1alados de vender coca\u00edna a estructuras narcotraficantes de Venezuela\",\"datePublished\":\"2021-12-22T13:38:48+00:00\",\"dateModified\":\"2021-12-22T13:41:13+00:00\",\"mainEntityOfPage\":{\"@id\":\"https:\/\/www.fiscalia.gov.co\/colombia\/noticias\/cae-ciudadano-sirio-y-varios-de-sus-presuntos-complices-senalados-de-vender-cocaina-a-estructuras-narcotraficantes-de-venezuela\/\"},\"wordCount\":484,\"publisher\":{\"@id\":\"https:\/\/www.fiscalia.gov.co\/colombia\/#organization\"},\"keywords\":[\"Fiscal Barbosa\",\"Fiscal Barbosa Delgado\",\"Fiscal Francisco Barbosa Delgado\",\"Fiscal General de la Naci\u00f3n\",\"Fiscal\u00eda General de la Naci\u00f3n\"],\"articleSection\":[\"Crimen organizado\",\"Noticias\",\"Seccional Bogot\u00e1\",\"Seccionales\"],\"inLanguage\":\"es-CO\"},{\"@type\":\"WebPage\",\"@id\":\"https:\/\/www.fiscalia.gov.co\/colombia\/noticias\/cae-ciudadano-sirio-y-varios-de-sus-presuntos-complices-senalados-de-vender-cocaina-a-estructuras-narcotraficantes-de-venezuela\/\",\"url\":\"https:\/\/www.fiscalia.gov.co\/colombia\/noticias\/cae-ciudadano-sirio-y-varios-de-sus-presuntos-complices-senalados-de-vender-cocaina-a-estructuras-narcotraficantes-de-venezuela\/\",\"name\":\"Fiscal\u00eda General de la Naci\u00f3n\",\"isPartOf\":{\"@id\":\"https:\/\/www.fiscalia.gov.co\/colombia\/#website\"},\"datePublished\":\"2021-12-22T13:38:48+00:00\",\"dateModified\":\"2021-12-22T13:41:13+00:00\",\"description\":\"P\u00e1gina oficial de la Fiscal\u00eda General de la Naci\u00f3n \u2013 Colombia. Garantizamos el acceso efectivo a la justicia, la verdad y la reparaci\u00f3n de las v\u00edctimas de los delitos.\",\"breadcrumb\":{\"@id\":\"https:\/\/www.fiscalia.gov.co\/colombia\/noticias\/cae-ciudadano-sirio-y-varios-de-sus-presuntos-complices-senalados-de-vender-cocaina-a-estructuras-narcotraficantes-de-venezuela\/#breadcrumb\"},\"inLanguage\":\"es-CO\",\"potentialAction\":[{\"@type\":\"ReadAction\",\"target\":[\"https:\/\/www.fiscalia.gov.co\/colombia\/noticias\/cae-ciudadano-sirio-y-varios-de-sus-presuntos-complices-senalados-de-vender-cocaina-a-estructuras-narcotraficantes-de-venezuela\/\"]}]},{\"@type\":\"BreadcrumbList\",\"@id\":\"https:\/\/www.fiscalia.gov.co\/colombia\/noticias\/cae-ciudadano-sirio-y-varios-de-sus-presuntos-complices-senalados-de-vender-cocaina-a-estructuras-narcotraficantes-de-venezuela\/#breadcrumb\",\"itemListElement\":[{\"@type\":\"ListItem\",\"position\":1,\"name\":\"Home\",\"item\":\"https:\/\/www.fiscalia.gov.co\/colombia\/\"},{\"@type\":\"ListItem\",\"position\":2,\"name\":\"Cae ciudadano sirio y varios de sus presuntos c\u00f3mplices se\u00f1alados de vender coca\u00edna a estructuras narcotraficantes de Venezuela\"}]},{\"@type\":\"WebSite\",\"@id\":\"https:\/\/www.fiscalia.gov.co\/colombia\/#website\",\"url\":\"https:\/\/www.fiscalia.gov.co\/colombia\/\",\"name\":\"Fiscal\u00eda General de la Naci\u00f3n\",\"description\":\"P\u00e1gina oficial de la Fiscal\u00eda General de la Naci\u00f3n \u2013 Colombia. Garantizamos el acceso efectivo a la justicia, la verdad y la reparaci\u00f3n de las v\u00edctimas de los delitos.\",\"publisher\":{\"@id\":\"https:\/\/www.fiscalia.gov.co\/colombia\/#organization\"},\"potentialAction\":[{\"@type\":\"SearchAction\",\"target\":{\"@type\":\"EntryPoint\",\"urlTemplate\":\"https:\/\/www.fiscalia.gov.co\/colombia\/?s={search_term_string}\"},\"query-input\":{\"@type\":\"PropertyValueSpecification\",\"valueRequired\":true,\"valueName\":\"search_term_string\"}}],\"inLanguage\":\"es-CO\"},{\"@type\":\"Organization\",\"@id\":\"https:\/\/www.fiscalia.gov.co\/colombia\/#organization\",\"name\":\"Fiscal\u00eda General de la Naci\u00f3n\",\"url\":\"https:\/\/www.fiscalia.gov.co\/colombia\/\",\"logo\":{\"@type\":\"ImageObject\",\"inLanguage\":\"es-CO\",\"@id\":\"https:\/\/www.fiscalia.gov.co\/colombia\/#\/schema\/logo\/image\/\",\"url\":\"https:\/\/www.fiscalia.gov.co\/colombia\/wp-content\/uploads\/LogoHorizontal_1.jpg\",\"contentUrl\":\"https:\/\/www.fiscalia.gov.co\/colombia\/wp-content\/uploads\/LogoHorizontal_1.jpg\",\"width\":300,\"height\":90,\"caption\":\"Fiscal\u00eda General de la Naci\u00f3n\"},\"image\":{\"@id\":\"https:\/\/www.fiscalia.gov.co\/colombia\/#\/schema\/logo\/image\/\"},\"sameAs\":[\"https:\/\/www.facebook.com\/FiscaliaCol\",\"https:\/\/x.com\/FiscaliaCol\",\"https:\/\/www.instagram.com\/fiscaliacol\",\"https:\/\/www.linkedin.com\/company\/fiscalia-general-de-la-naci-n\/\",\"https:\/\/youtube.com\/@fiscaliageneraldelanacion-4668?si=6nN79nyQICPU5iTh\"]},{\"@type\":\"Person\",\"@id\":\"https:\/\/www.fiscalia.gov.co\/colombia\/#\/schema\/person\/b19b49f26569f91393176a2b3d13a0e5\",\"name\":\"Johanna Black Prieto Pe\u00f1a\",\"image\":{\"@type\":\"ImageObject\",\"inLanguage\":\"es-CO\",\"@id\":\"https:\/\/www.fiscalia.gov.co\/colombia\/#\/schema\/person\/image\/\",\"url\":\"https:\/\/secure.gravatar.com\/avatar\/7f04518e1774335e76d761d76f04003e?s=96&d=mm&r=g\",\"contentUrl\":\"https:\/\/secure.gravatar.com\/avatar\/7f04518e1774335e76d761d76f04003e?s=96&d=mm&r=g\",\"caption\":\"Johanna Black Prieto Pe\u00f1a\"},\"url\":\"https:\/\/www.fiscalia.gov.co\/colombia\/author\/jprieto\/\"}]}<\/script>\n<!-- \/ Yoast SEO plugin. -->","yoast_head_json":{"title":"Fiscal\u00eda General de la Naci\u00f3n","description":"P\u00e1gina oficial de la Fiscal\u00eda General de la Naci\u00f3n \u2013 Colombia. Garantizamos el acceso efectivo a la justicia, la verdad y la reparaci\u00f3n de las v\u00edctimas de los delitos.","robots":{"index":"noindex","follow":"follow"},"og_locale":"es_ES","og_type":"article","og_title":"Fiscal\u00eda General de la Naci\u00f3n","og_description":"P\u00e1gina oficial de la Fiscal\u00eda General de la Naci\u00f3n \u2013 Colombia. Garantizamos el acceso efectivo a la justicia, la verdad y la reparaci\u00f3n de las v\u00edctimas de los delitos.","og_url":"https:\/\/www.fiscalia.gov.co\/colombia\/noticias\/cae-ciudadano-sirio-y-varios-de-sus-presuntos-complices-senalados-de-vender-cocaina-a-estructuras-narcotraficantes-de-venezuela\/","og_site_name":"Fiscal\u00eda General de la Naci\u00f3n","article_publisher":"https:\/\/www.facebook.com\/FiscaliaCol","article_published_time":"2021-12-22T13:38:48+00:00","article_modified_time":"2021-12-22T13:41:13+00:00","author":"Johanna Black Prieto Pe\u00f1a","twitter_card":"summary_large_image","twitter_creator":"@FiscaliaCol","twitter_site":"@FiscaliaCol","twitter_misc":{"Escrito por":"Johanna Black Prieto Pe\u00f1a","Tiempo de lectura":"2 minutos"},"schema":{"@context":"https:\/\/schema.org","@graph":[{"@type":"Article","@id":"https:\/\/www.fiscalia.gov.co\/colombia\/noticias\/cae-ciudadano-sirio-y-varios-de-sus-presuntos-complices-senalados-de-vender-cocaina-a-estructuras-narcotraficantes-de-venezuela\/#article","isPartOf":{"@id":"https:\/\/www.fiscalia.gov.co\/colombia\/noticias\/cae-ciudadano-sirio-y-varios-de-sus-presuntos-complices-senalados-de-vender-cocaina-a-estructuras-narcotraficantes-de-venezuela\/"},"author":{"name":"Johanna Black Prieto Pe\u00f1a","@id":"https:\/\/www.fiscalia.gov.co\/colombia\/#\/schema\/person\/b19b49f26569f91393176a2b3d13a0e5"},"headline":"Cae ciudadano sirio y varios de sus presuntos c\u00f3mplices se\u00f1alados de vender coca\u00edna a estructuras narcotraficantes de Venezuela","datePublished":"2021-12-22T13:38:48+00:00","dateModified":"2021-12-22T13:41:13+00:00","mainEntityOfPage":{"@id":"https:\/\/www.fiscalia.gov.co\/colombia\/noticias\/cae-ciudadano-sirio-y-varios-de-sus-presuntos-complices-senalados-de-vender-cocaina-a-estructuras-narcotraficantes-de-venezuela\/"},"wordCount":484,"publisher":{"@id":"https:\/\/www.fiscalia.gov.co\/colombia\/#organization"},"keywords":["Fiscal Barbosa","Fiscal Barbosa Delgado","Fiscal Francisco Barbosa Delgado","Fiscal General de la Naci\u00f3n","Fiscal\u00eda General de la Naci\u00f3n"],"articleSection":["Crimen organizado","Noticias","Seccional Bogot\u00e1","Seccionales"],"inLanguage":"es-CO"},{"@type":"WebPage","@id":"https:\/\/www.fiscalia.gov.co\/colombia\/noticias\/cae-ciudadano-sirio-y-varios-de-sus-presuntos-complices-senalados-de-vender-cocaina-a-estructuras-narcotraficantes-de-venezuela\/","url":"https:\/\/www.fiscalia.gov.co\/colombia\/noticias\/cae-ciudadano-sirio-y-varios-de-sus-presuntos-complices-senalados-de-vender-cocaina-a-estructuras-narcotraficantes-de-venezuela\/","name":"Fiscal\u00eda General de la Naci\u00f3n","isPartOf":{"@id":"https:\/\/www.fiscalia.gov.co\/colombia\/#website"},"datePublished":"2021-12-22T13:38:48+00:00","dateModified":"2021-12-22T13:41:13+00:00","description":"P\u00e1gina oficial de la Fiscal\u00eda General de la Naci\u00f3n \u2013 Colombia. Garantizamos el acceso efectivo a la justicia, la verdad y la reparaci\u00f3n de las v\u00edctimas de los delitos.","breadcrumb":{"@id":"https:\/\/www.fiscalia.gov.co\/colombia\/noticias\/cae-ciudadano-sirio-y-varios-de-sus-presuntos-complices-senalados-de-vender-cocaina-a-estructuras-narcotraficantes-de-venezuela\/#breadcrumb"},"inLanguage":"es-CO","potentialAction":[{"@type":"ReadAction","target":["https:\/\/www.fiscalia.gov.co\/colombia\/noticias\/cae-ciudadano-sirio-y-varios-de-sus-presuntos-complices-senalados-de-vender-cocaina-a-estructuras-narcotraficantes-de-venezuela\/"]}]},{"@type":"BreadcrumbList","@id":"https:\/\/www.fiscalia.gov.co\/colombia\/noticias\/cae-ciudadano-sirio-y-varios-de-sus-presuntos-complices-senalados-de-vender-cocaina-a-estructuras-narcotraficantes-de-venezuela\/#breadcrumb","itemListElement":[{"@type":"ListItem","position":1,"name":"Home","item":"https:\/\/www.fiscalia.gov.co\/colombia\/"},{"@type":"ListItem","position":2,"name":"Cae ciudadano sirio y varios de sus presuntos c\u00f3mplices se\u00f1alados de vender coca\u00edna a estructuras narcotraficantes de Venezuela"}]},{"@type":"WebSite","@id":"https:\/\/www.fiscalia.gov.co\/colombia\/#website","url":"https:\/\/www.fiscalia.gov.co\/colombia\/","name":"Fiscal\u00eda General de la Naci\u00f3n","description":"P\u00e1gina oficial de la Fiscal\u00eda General de la Naci\u00f3n \u2013 Colombia. Garantizamos el acceso efectivo a la justicia, la verdad y la reparaci\u00f3n de las v\u00edctimas de los delitos.","publisher":{"@id":"https:\/\/www.fiscalia.gov.co\/colombia\/#organization"},"potentialAction":[{"@type":"SearchAction","target":{"@type":"EntryPoint","urlTemplate":"https:\/\/www.fiscalia.gov.co\/colombia\/?s={search_term_string}"},"query-input":{"@type":"PropertyValueSpecification","valueRequired":true,"valueName":"search_term_string"}}],"inLanguage":"es-CO"},{"@type":"Organization","@id":"https:\/\/www.fiscalia.gov.co\/colombia\/#organization","name":"Fiscal\u00eda General de la Naci\u00f3n","url":"https:\/\/www.fiscalia.gov.co\/colombia\/","logo":{"@type":"ImageObject","inLanguage":"es-CO","@id":"https:\/\/www.fiscalia.gov.co\/colombia\/#\/schema\/logo\/image\/","url":"https:\/\/www.fiscalia.gov.co\/colombia\/wp-content\/uploads\/LogoHorizontal_1.jpg","contentUrl":"https:\/\/www.fiscalia.gov.co\/colombia\/wp-content\/uploads\/LogoHorizontal_1.jpg","width":300,"height":90,"caption":"Fiscal\u00eda General de la Naci\u00f3n"},"image":{"@id":"https:\/\/www.fiscalia.gov.co\/colombia\/#\/schema\/logo\/image\/"},"sameAs":["https:\/\/www.facebook.com\/FiscaliaCol","https:\/\/x.com\/FiscaliaCol","https:\/\/www.instagram.com\/fiscaliacol","https:\/\/www.linkedin.com\/company\/fiscalia-general-de-la-naci-n\/","https:\/\/youtube.com\/@fiscaliageneraldelanacion-4668?si=6nN79nyQICPU5iTh"]},{"@type":"Person","@id":"https:\/\/www.fiscalia.gov.co\/colombia\/#\/schema\/person\/b19b49f26569f91393176a2b3d13a0e5","name":"Johanna Black Prieto Pe\u00f1a","image":{"@type":"ImageObject","inLanguage":"es-CO","@id":"https:\/\/www.fiscalia.gov.co\/colombia\/#\/schema\/person\/image\/","url":"https:\/\/secure.gravatar.com\/avatar\/7f04518e1774335e76d761d76f04003e?s=96&d=mm&r=g","contentUrl":"https:\/\/secure.gravatar.com\/avatar\/7f04518e1774335e76d761d76f04003e?s=96&d=mm&r=g","caption":"Johanna Black Prieto Pe\u00f1a"},"url":"https:\/\/www.fiscalia.gov.co\/colombia\/author\/jprieto\/"}]}},"_links":{"self":[{"href":"https:\/\/www.fiscalia.gov.co\/colombia\/wp-json\/wp\/v2\/posts\/237334","targetHints":{"allow":["GET"]}}],"collection":[{"href":"https:\/\/www.fiscalia.gov.co\/colombia\/wp-json\/wp\/v2\/posts"}],"about":[{"href":"https:\/\/www.fiscalia.gov.co\/colombia\/wp-json\/wp\/v2\/types\/post"}],"author":[{"embeddable":true,"href":"https:\/\/www.fiscalia.gov.co\/colombia\/wp-json\/wp\/v2\/users\/176"}],"replies":[{"embeddable":true,"href":"https:\/\/www.fiscalia.gov.co\/colombia\/wp-json\/wp\/v2\/comments?post=237334"}],"version-history":[{"count":2,"href":"https:\/\/www.fiscalia.gov.co\/colombia\/wp-json\/wp\/v2\/posts\/237334\/revisions"}],"predecessor-version":[{"id":237336,"href":"https:\/\/www.fiscalia.gov.co\/colombia\/wp-json\/wp\/v2\/posts\/237334\/revisions\/237336"}],"wp:attachment":[{"href":"https:\/\/www.fiscalia.gov.co\/colombia\/wp-json\/wp\/v2\/media?parent=237334"}],"wp:term":[{"taxonomy":"category","embeddable":true,"href":"https:\/\/www.fiscalia.gov.co\/colombia\/wp-json\/wp\/v2\/categories?post=237334"},{"taxonomy":"post_tag","embeddable":true,"href":"https:\/\/www.fiscalia.gov.co\/colombia\/wp-json\/wp\/v2\/tags?post=237334"}],"curies":[{"name":"wp","href":"https:\/\/api.w.org\/{rel}","templated":true}]}}