{"id":237030,"date":"2021-12-15T15:55:05","date_gmt":"2021-12-15T20:55:05","guid":{"rendered":"https:\/\/www.fiscalia.gov.co\/colombia\/?p=237030"},"modified":"2021-12-15T15:55:05","modified_gmt":"2021-12-15T20:55:05","slug":"a-la-carcel-tres-pescadores-nicaraguenses-capturados-en-flagrancia-por-transportar-mas-de-2-toneladas-de-marihuana-y-80-kilos-de-cocaina-en-una-lancha","status":"publish","type":"post","link":"https:\/\/www.fiscalia.gov.co\/colombia\/noticias\/a-la-carcel-tres-pescadores-nicaraguenses-capturados-en-flagrancia-por-transportar-mas-de-2-toneladas-de-marihuana-y-80-kilos-de-cocaina-en-una-lancha\/","title":{"rendered":"A la c\u00e1rcel tres pescadores nicarag\u00fcenses capturados en flagrancia por transportar m\u00e1s de 2 toneladas de marihuana y 80 kilos de coca\u00edna en una lancha\u00a0"},"content":{"rendered":"<div><\/div>\n<div>\n<div dir=\"ltr\">\n<p><span lang=\"ES\">Por su presunta responsabilidad en el delito de\u00a0<b>fabricaci\u00f3n, tr\u00e1fico, y porte de estupefacientes con fines de narcotr\u00e1fico<\/b>, tres pescadores de origen nicarag\u00fcense fueron enviados a la c\u00e1rcel con medida de aseguramiento por un juez de control de garant\u00edas, a petici\u00f3n del ente acusador durante las audiencias concentradas.\u00a0<\/span><\/p>\n<p><span lang=\"ES\">Los cobijados con la medida judicial son Javier Enrique Guti\u00e9rrez, Carlos Adonis Algueda y Kenny Clovis Tucker Moore, quienes se movilizaban en la\u00a0<\/span><a href=\"https:\/\/www.fiscalia.gov.co\/colombia\/noticias\/a-la-carcel-dos-hombres-senalados-de-transportar-media-tonelada-de-cocaina-en-una-lancha-hacia-centroamerica\/\" target=\"_blank\" rel=\"noopener noreferrer\" data-saferedirecturl=\"https:\/\/www.google.com\/url?q=https:\/\/www.fiscalia.gov.co\/colombia\/noticias\/a-la-carcel-dos-hombres-senalados-de-transportar-media-tonelada-de-cocaina-en-una-lancha-hacia-centroamerica\/&amp;source=gmail&amp;ust=1639685844027000&amp;usg=AOvVaw0m1B1CcYn_jtygKOlqGDOi\"><span lang=\"ES\">lancha Go Fast<\/span><\/a>\u00a0<b><span lang=\"ES\">La Negrita<\/span><\/b><span lang=\"ES\">, que fue objeto de una operaci\u00f3n de interdicci\u00f3n mar\u00edtima, cuando se movilizaba por el sector de\u00a0<b>Bocas del Naya<\/b>, jurisdicci\u00f3n del puerto de Buenaventura y se dirig\u00eda a altamar.\u00a0\u00a0<\/span><\/p>\n<p class=\"mceTemp\">\n<figure id=\"attachment_237031\" aria-describedby=\"caption-attachment-237031\" style=\"width: 590px\" class=\"wp-caption alignnone\"><img loading=\"lazy\" decoding=\"async\" class=\"size-full wp-image-237031\" src=\"https:\/\/www.fiscalia.gov.co\/colombia\/wp-content\/uploads\/WhatsApp-Image-2021-12-15-at-3.01.05-PM-1.jpeg\" alt=\"\" width=\"590\" height=\"436\" srcset=\"https:\/\/www.fiscalia.gov.co\/colombia\/wp-content\/uploads\/WhatsApp-Image-2021-12-15-at-3.01.05-PM-1.jpeg 590w, https:\/\/www.fiscalia.gov.co\/colombia\/wp-content\/uploads\/WhatsApp-Image-2021-12-15-at-3.01.05-PM-1-300x222.jpeg 300w, https:\/\/www.fiscalia.gov.co\/colombia\/wp-content\/uploads\/WhatsApp-Image-2021-12-15-at-3.01.05-PM-1-568x420.jpeg 568w, https:\/\/www.fiscalia.gov.co\/colombia\/wp-content\/uploads\/WhatsApp-Image-2021-12-15-at-3.01.05-PM-1-80x60.jpeg 80w\" sizes=\"auto, (max-width: 590px) 100vw, 590px\" \/><figcaption id=\"caption-attachment-237031\" class=\"wp-caption-text\">Javier Enrique Guti\u00e9rrez; Carlos adonis Algueda y Kenny Clovis Tucker Moore, ciudadanos nicarag\u00fcenses, fueron cobijados con medida de aseguramiento intramuros por presuntamente transportar 2 toneladas y 248 kilos de marihuana, y 80 kilos de coca\u00edna en una lancha Go Fast<\/figcaption><\/figure>\n<p><span lang=\"ES\">El operativo fue realizado el pasado 10 de diciembre por servidores del\u00a0<b>Grupo Investigativo contra el Narcotr\u00e1fico del<\/b>\u00a0<b>CTI Seccional Cali<\/b>, en coordinaci\u00f3n con personal de guardacostas de la\u00a0<b>Armada Nacional<\/b>, quienes al interceptar la embarcaci\u00f3n hallaron 93 costales que conten\u00edan 2.265 paquetes de una sustancia vegetal. Tras la Prueba de Identificaci\u00f3n Preliminar Homologada (Piph), se evidenci\u00f3 que se trataba de\u00a0<b>marihuana,<\/b>\u00a0con un peso neto de\u00a0<b>2 toneladas y 248 kilos. \u00a0<\/b><\/span><b><span lang=\"ES\">\u00a0<\/span><\/b><\/p>\n<p><span lang=\"ES\">Igualmente fueron hallados 80 paquetes cuyo contenido arroj\u00f3 positivo para\u00a0<\/span><b><a href=\"https:\/\/www.fiscalia.gov.co\/colombia\/noticias\/fiscalia-judicializo-a-tres-pescadores-que-presuntamente-transportaban-341-kilos-de-cocaina-en-una-lancha\/\" target=\"_blank\" rel=\"noopener noreferrer\" data-saferedirecturl=\"https:\/\/www.google.com\/url?q=https:\/\/www.fiscalia.gov.co\/colombia\/noticias\/fiscalia-judicializo-a-tres-pescadores-que-presuntamente-transportaban-341-kilos-de-cocaina-en-una-lancha\/&amp;source=gmail&amp;ust=1639685844027000&amp;usg=AOvVaw35axuaY1DjXjS6SzTqOGbv\"><span lang=\"ES\">coca\u00edna<\/span><\/a><\/b><b><span lang=\"ES\">,<\/span><\/b><span lang=\"ES\">\u00a0con un peso neto de\u00a0<b>80 kilos<\/b>.\u00a0<\/span><\/p>\n<p class=\"mceTemp\">\n<figure id=\"attachment_237032\" aria-describedby=\"caption-attachment-237032\" style=\"width: 584px\" class=\"wp-caption alignnone\"><img loading=\"lazy\" decoding=\"async\" class=\"size-full wp-image-237032\" src=\"https:\/\/www.fiscalia.gov.co\/colombia\/wp-content\/uploads\/WhatsApp-Image-2021-12-15-at-3.01.06-PM.jpeg\" alt=\"\" width=\"584\" height=\"425\" srcset=\"https:\/\/www.fiscalia.gov.co\/colombia\/wp-content\/uploads\/WhatsApp-Image-2021-12-15-at-3.01.06-PM.jpeg 584w, https:\/\/www.fiscalia.gov.co\/colombia\/wp-content\/uploads\/WhatsApp-Image-2021-12-15-at-3.01.06-PM-300x218.jpeg 300w, https:\/\/www.fiscalia.gov.co\/colombia\/wp-content\/uploads\/WhatsApp-Image-2021-12-15-at-3.01.06-PM-577x420.jpeg 577w, https:\/\/www.fiscalia.gov.co\/colombia\/wp-content\/uploads\/WhatsApp-Image-2021-12-15-at-3.01.06-PM-324x235.jpeg 324w\" sizes=\"auto, (max-width: 584px) 100vw, 584px\" \/><figcaption id=\"caption-attachment-237032\" class=\"wp-caption-text\">Los estupefacientes estaban empacados en 93 costales que iban a ser entregados en altamar, para ser enviados a Centroam\u00e9rica. El cargamento habr\u00eda sido despachado por integrantes del grupo residual \u00d3liver Sinisterra.<\/figcaption><\/figure>\n<p><span lang=\"ES\">De acuerdo con la investigaci\u00f3n del ente acusador, este\u00a0<b>cargamento avaluado en m\u00e1s de 1.300 millones de d\u00f3lares<\/b>\u00a0pertenecer\u00eda al\u00a0<b>grupo armado organizado residual \u00d3liver Sinisterra<\/b>.\u00a0\u00a0<\/span><\/p>\n<p class=\"mceTemp\">\n<figure id=\"attachment_237033\" aria-describedby=\"caption-attachment-237033\" style=\"width: 779px\" class=\"wp-caption alignnone\"><img loading=\"lazy\" decoding=\"async\" class=\"size-full wp-image-237033\" src=\"https:\/\/www.fiscalia.gov.co\/colombia\/wp-content\/uploads\/WhatsApp-Image-2021-12-15-at-3.01.05-PM.jpeg\" alt=\"\" width=\"779\" height=\"421\" srcset=\"https:\/\/www.fiscalia.gov.co\/colombia\/wp-content\/uploads\/WhatsApp-Image-2021-12-15-at-3.01.05-PM.jpeg 779w, https:\/\/www.fiscalia.gov.co\/colombia\/wp-content\/uploads\/WhatsApp-Image-2021-12-15-at-3.01.05-PM-300x162.jpeg 300w, https:\/\/www.fiscalia.gov.co\/colombia\/wp-content\/uploads\/WhatsApp-Image-2021-12-15-at-3.01.05-PM-768x415.jpeg 768w, https:\/\/www.fiscalia.gov.co\/colombia\/wp-content\/uploads\/WhatsApp-Image-2021-12-15-at-3.01.05-PM-696x376.jpeg 696w, https:\/\/www.fiscalia.gov.co\/colombia\/wp-content\/uploads\/WhatsApp-Image-2021-12-15-at-3.01.05-PM-777x420.jpeg 777w\" sizes=\"auto, (max-width: 779px) 100vw, 779px\" \/><figcaption id=\"caption-attachment-237033\" class=\"wp-caption-text\">A los tres pescadores les fueron incautados un tel\u00e9fono satelital, un GPS, un radio HF., un sensor, entre varios elementos de comunicaci\u00f3n.<\/figcaption><\/figure>\n<p><span lang=\"ES\">En el operativo fueron incautados 2 motores fuera de borda, un GPS, un radio, un sensor radar, un tel\u00e9fono satelital y un tel\u00e9fono celular, entre otros elementos.\u00a0<\/span><\/p>\n<p><span lang=\"ES\">La Fiscal\u00eda habla con resultados\u00a0<\/span><span lang=\"ES\">\u00a0<\/span><\/p>\n<p><span lang=\"ES\">JGPV\/JC\/DLBM.\u00a0\u00a0<\/span><\/p>\n<p><span lang=\"ES\">Le puede interesar<\/span><span lang=\"ES\">:\u00a0<\/span><a href=\"https:\/\/www.fiscalia.gov.co\/colombia\/seccionales\/carcel-para-presunta-responsable-de-custodiar-mas-de-2-toneladas-de-marihuana-camufladas-en-cubetas-de-huevos-en-el-cauca\/\" target=\"_blank\" rel=\"noopener noreferrer\" data-saferedirecturl=\"https:\/\/www.google.com\/url?q=https:\/\/www.fiscalia.gov.co\/colombia\/seccionales\/carcel-para-presunta-responsable-de-custodiar-mas-de-2-toneladas-de-marihuana-camufladas-en-cubetas-de-huevos-en-el-cauca\/&amp;source=gmail&amp;ust=1639685844027000&amp;usg=AOvVaw2y481UIMqXNKSJFREW-3nK\"><span lang=\"ES\">C\u00e1rcel para presunta responsable de custodiar m\u00e1s de 2 toneladas de marihuana camufladas en cubetas de huevos en el Cauca<\/span><\/a><span lang=\"ES\">\u00a0<\/span><b><span lang=\"ES\">\u00a0<\/span><\/b><\/p>\n<p><i><span lang=\"ES\">La informaci\u00f3n contenida en este bolet\u00edn de prensa corresponde a la narraci\u00f3n de los hechos noticiosos objetivos, suministrados por los funcionarios encargados de adelantar las investigaciones penales al interior de la Fiscal\u00eda General de la Naci\u00f3n. Para el momento de la divulgaci\u00f3n de este comunicado, la situaci\u00f3n jur\u00eddica de la(s) persona(s) relacionada(s) se encuentra pendiente de resolver por la autoridad judicial competente, siempre bajo los preceptos de la presunci\u00f3n de inocencia, consagrados en el art\u00edculo 29 de la Constituci\u00f3n Pol\u00edtica y el art\u00edculo 7\u00ba de la Ley 906 de 2004.\u00a0<\/span><\/i><b><span lang=\"ES\">\u00a0<\/span><\/b><\/p>\n<p><span lang=\"ES-MX\">\u00a0<\/span><span lang=\"ES\">\u00a0<\/span><\/p>\n<p><b><span lang=\"ES\">\u00a0<\/span><\/b><b><span lang=\"ES\">\u00a0<\/span><\/b><\/p>\n<p>&nbsp;<\/p>\n<\/div>\n<\/div>\n\n<div class=\"twitter-share\"><a href=\"https:\/\/twitter.com\/intent\/tweet?via=fiscaliacol\" class=\"twitter-share-button\">Tweet<\/a><\/div>\n","protected":false},"excerpt":{"rendered":"<p>Por su presunta responsabilidad en el delito de\u00a0fabricaci\u00f3n, tr\u00e1fico, y porte de estupefacientes con fines de narcotr\u00e1fico, tres pescadores de origen nicarag\u00fcense fueron enviados a la c\u00e1rcel con medida de aseguramiento por un juez de control de garant\u00edas, a petici\u00f3n del ente acusador durante las audiencias concentradas.\u00a0 Los cobijados con la medida judicial son Javier [&hellip;]<\/p>\n","protected":false},"author":176,"featured_media":0,"comment_status":"closed","ping_status":"open","sticky":false,"template":"","format":"standard","meta":{"tdm_status":"","tdm_grid_status":"","footnotes":""},"categories":[1,324,303,24103],"tags":[19,24526,24481,1047,29872],"class_list":{"0":"post-237030","1":"post","2":"type-post","3":"status-publish","4":"format-standard","6":"category-noticias","7":"category-seccional-cali","8":"category-seccionales","9":"category-trafico-de-estupefacientes","10":"tag-cocaina","11":"tag-fiscal-general-francisco-barbosa-delgado","12":"tag-fiscalia-de-colombia","13":"tag-fiscalia-general-de-la-nacion","14":"tag-lancha-go-fast"},"yoast_head":"<!-- This site is optimized with the Yoast SEO plugin v24.3 - https:\/\/yoast.com\/wordpress\/plugins\/seo\/ -->\n<title>Fiscal\u00eda General de la Naci\u00f3n<\/title>\n<meta name=\"description\" content=\"P\u00e1gina oficial de la Fiscal\u00eda General de la Naci\u00f3n \u2013 Colombia. Garantizamos el acceso efectivo a la justicia, la verdad y la reparaci\u00f3n de las v\u00edctimas de los delitos.\" \/>\n<meta name=\"robots\" content=\"noindex, follow\" \/>\n<meta property=\"og:locale\" content=\"es_ES\" \/>\n<meta property=\"og:type\" content=\"article\" \/>\n<meta property=\"og:title\" content=\"Fiscal\u00eda General de la Naci\u00f3n\" \/>\n<meta property=\"og:description\" content=\"P\u00e1gina oficial de la Fiscal\u00eda General de la Naci\u00f3n \u2013 Colombia. Garantizamos el acceso efectivo a la justicia, la verdad y la reparaci\u00f3n de las v\u00edctimas de los delitos.\" \/>\n<meta property=\"og:url\" content=\"https:\/\/www.fiscalia.gov.co\/colombia\/noticias\/a-la-carcel-tres-pescadores-nicaraguenses-capturados-en-flagrancia-por-transportar-mas-de-2-toneladas-de-marihuana-y-80-kilos-de-cocaina-en-una-lancha\/\" \/>\n<meta property=\"og:site_name\" content=\"Fiscal\u00eda General de la Naci\u00f3n\" \/>\n<meta property=\"article:publisher\" content=\"https:\/\/www.facebook.com\/FiscaliaCol\" \/>\n<meta property=\"article:published_time\" content=\"2021-12-15T20:55:05+00:00\" \/>\n<meta property=\"og:image\" content=\"https:\/\/www.fiscalia.gov.co\/colombia\/wp-content\/uploads\/WhatsApp-Image-2021-12-15-at-3.01.05-PM-1.jpeg\" \/>\n<meta name=\"author\" content=\"Johanna Black Prieto Pe\u00f1a\" \/>\n<meta name=\"twitter:card\" content=\"summary_large_image\" \/>\n<meta name=\"twitter:creator\" content=\"@FiscaliaCol\" \/>\n<meta name=\"twitter:site\" content=\"@FiscaliaCol\" \/>\n<meta name=\"twitter:label1\" content=\"Escrito por\" \/>\n\t<meta name=\"twitter:data1\" content=\"Johanna Black Prieto Pe\u00f1a\" \/>\n\t<meta name=\"twitter:label2\" content=\"Tiempo de lectura\" \/>\n\t<meta name=\"twitter:data2\" content=\"3 minutos\" \/>\n<script type=\"application\/ld+json\" class=\"yoast-schema-graph\">{\"@context\":\"https:\/\/schema.org\",\"@graph\":[{\"@type\":\"Article\",\"@id\":\"https:\/\/www.fiscalia.gov.co\/colombia\/noticias\/a-la-carcel-tres-pescadores-nicaraguenses-capturados-en-flagrancia-por-transportar-mas-de-2-toneladas-de-marihuana-y-80-kilos-de-cocaina-en-una-lancha\/#article\",\"isPartOf\":{\"@id\":\"https:\/\/www.fiscalia.gov.co\/colombia\/noticias\/a-la-carcel-tres-pescadores-nicaraguenses-capturados-en-flagrancia-por-transportar-mas-de-2-toneladas-de-marihuana-y-80-kilos-de-cocaina-en-una-lancha\/\"},\"author\":{\"name\":\"Johanna Black Prieto Pe\u00f1a\",\"@id\":\"https:\/\/www.fiscalia.gov.co\/colombia\/#\/schema\/person\/b19b49f26569f91393176a2b3d13a0e5\"},\"headline\":\"A la c\u00e1rcel tres pescadores nicarag\u00fcenses capturados en flagrancia por transportar m\u00e1s de 2 toneladas de marihuana y 80 kilos de coca\u00edna en una lancha\u00a0\",\"datePublished\":\"2021-12-15T20:55:05+00:00\",\"dateModified\":\"2021-12-15T20:55:05+00:00\",\"mainEntityOfPage\":{\"@id\":\"https:\/\/www.fiscalia.gov.co\/colombia\/noticias\/a-la-carcel-tres-pescadores-nicaraguenses-capturados-en-flagrancia-por-transportar-mas-de-2-toneladas-de-marihuana-y-80-kilos-de-cocaina-en-una-lancha\/\"},\"wordCount\":544,\"publisher\":{\"@id\":\"https:\/\/www.fiscalia.gov.co\/colombia\/#organization\"},\"image\":{\"@id\":\"https:\/\/www.fiscalia.gov.co\/colombia\/noticias\/a-la-carcel-tres-pescadores-nicaraguenses-capturados-en-flagrancia-por-transportar-mas-de-2-toneladas-de-marihuana-y-80-kilos-de-cocaina-en-una-lancha\/#primaryimage\"},\"thumbnailUrl\":\"https:\/\/www.fiscalia.gov.co\/colombia\/wp-content\/uploads\/WhatsApp-Image-2021-12-15-at-3.01.05-PM-1.jpeg\",\"keywords\":[\"Coca\u00edna\",\"Fiscal General Francisco Barbosa Delgado\",\"Fiscal\u00eda de Colombia\",\"Fiscal\u00eda General de la Naci\u00f3n\",\"lancha Go Fast\"],\"articleSection\":[\"Noticias\",\"Seccional Cali\",\"Seccionales\",\"Tr\u00e1fico de estupefacientes\"],\"inLanguage\":\"es-CO\"},{\"@type\":\"WebPage\",\"@id\":\"https:\/\/www.fiscalia.gov.co\/colombia\/noticias\/a-la-carcel-tres-pescadores-nicaraguenses-capturados-en-flagrancia-por-transportar-mas-de-2-toneladas-de-marihuana-y-80-kilos-de-cocaina-en-una-lancha\/\",\"url\":\"https:\/\/www.fiscalia.gov.co\/colombia\/noticias\/a-la-carcel-tres-pescadores-nicaraguenses-capturados-en-flagrancia-por-transportar-mas-de-2-toneladas-de-marihuana-y-80-kilos-de-cocaina-en-una-lancha\/\",\"name\":\"Fiscal\u00eda General de la Naci\u00f3n\",\"isPartOf\":{\"@id\":\"https:\/\/www.fiscalia.gov.co\/colombia\/#website\"},\"primaryImageOfPage\":{\"@id\":\"https:\/\/www.fiscalia.gov.co\/colombia\/noticias\/a-la-carcel-tres-pescadores-nicaraguenses-capturados-en-flagrancia-por-transportar-mas-de-2-toneladas-de-marihuana-y-80-kilos-de-cocaina-en-una-lancha\/#primaryimage\"},\"image\":{\"@id\":\"https:\/\/www.fiscalia.gov.co\/colombia\/noticias\/a-la-carcel-tres-pescadores-nicaraguenses-capturados-en-flagrancia-por-transportar-mas-de-2-toneladas-de-marihuana-y-80-kilos-de-cocaina-en-una-lancha\/#primaryimage\"},\"thumbnailUrl\":\"https:\/\/www.fiscalia.gov.co\/colombia\/wp-content\/uploads\/WhatsApp-Image-2021-12-15-at-3.01.05-PM-1.jpeg\",\"datePublished\":\"2021-12-15T20:55:05+00:00\",\"dateModified\":\"2021-12-15T20:55:05+00:00\",\"description\":\"P\u00e1gina oficial de la Fiscal\u00eda General de la Naci\u00f3n \u2013 Colombia. Garantizamos el acceso efectivo a la justicia, la verdad y la reparaci\u00f3n de las v\u00edctimas de los delitos.\",\"breadcrumb\":{\"@id\":\"https:\/\/www.fiscalia.gov.co\/colombia\/noticias\/a-la-carcel-tres-pescadores-nicaraguenses-capturados-en-flagrancia-por-transportar-mas-de-2-toneladas-de-marihuana-y-80-kilos-de-cocaina-en-una-lancha\/#breadcrumb\"},\"inLanguage\":\"es-CO\",\"potentialAction\":[{\"@type\":\"ReadAction\",\"target\":[\"https:\/\/www.fiscalia.gov.co\/colombia\/noticias\/a-la-carcel-tres-pescadores-nicaraguenses-capturados-en-flagrancia-por-transportar-mas-de-2-toneladas-de-marihuana-y-80-kilos-de-cocaina-en-una-lancha\/\"]}]},{\"@type\":\"ImageObject\",\"inLanguage\":\"es-CO\",\"@id\":\"https:\/\/www.fiscalia.gov.co\/colombia\/noticias\/a-la-carcel-tres-pescadores-nicaraguenses-capturados-en-flagrancia-por-transportar-mas-de-2-toneladas-de-marihuana-y-80-kilos-de-cocaina-en-una-lancha\/#primaryimage\",\"url\":\"https:\/\/www.fiscalia.gov.co\/colombia\/wp-content\/uploads\/WhatsApp-Image-2021-12-15-at-3.01.05-PM-1.jpeg\",\"contentUrl\":\"https:\/\/www.fiscalia.gov.co\/colombia\/wp-content\/uploads\/WhatsApp-Image-2021-12-15-at-3.01.05-PM-1.jpeg\",\"width\":590,\"height\":436,\"caption\":\"Javier Enrique Guti\u00e9rrez; Carlos adonis Algueda y Kenny Clovis Tucker Moore, ciudadanos nicarag\u00fcenses, fueron cobijados con medida de aseguramiento intramuros por presuntamente transportar 2 toneladas y 248 kilos de marihuana, y 80 kilos de coca\u00edna en una lancha Go Fast\u00a0\"},{\"@type\":\"BreadcrumbList\",\"@id\":\"https:\/\/www.fiscalia.gov.co\/colombia\/noticias\/a-la-carcel-tres-pescadores-nicaraguenses-capturados-en-flagrancia-por-transportar-mas-de-2-toneladas-de-marihuana-y-80-kilos-de-cocaina-en-una-lancha\/#breadcrumb\",\"itemListElement\":[{\"@type\":\"ListItem\",\"position\":1,\"name\":\"Home\",\"item\":\"https:\/\/www.fiscalia.gov.co\/colombia\/\"},{\"@type\":\"ListItem\",\"position\":2,\"name\":\"A la c\u00e1rcel tres pescadores nicarag\u00fcenses capturados en flagrancia por transportar m\u00e1s de 2 toneladas de marihuana y 80 kilos de coca\u00edna en una lancha\u00a0\"}]},{\"@type\":\"WebSite\",\"@id\":\"https:\/\/www.fiscalia.gov.co\/colombia\/#website\",\"url\":\"https:\/\/www.fiscalia.gov.co\/colombia\/\",\"name\":\"Fiscal\u00eda General de la Naci\u00f3n\",\"description\":\"P\u00e1gina oficial de la Fiscal\u00eda General de la Naci\u00f3n \u2013 Colombia. Garantizamos el acceso efectivo a la justicia, la verdad y la reparaci\u00f3n de las v\u00edctimas de los delitos.\",\"publisher\":{\"@id\":\"https:\/\/www.fiscalia.gov.co\/colombia\/#organization\"},\"potentialAction\":[{\"@type\":\"SearchAction\",\"target\":{\"@type\":\"EntryPoint\",\"urlTemplate\":\"https:\/\/www.fiscalia.gov.co\/colombia\/?s={search_term_string}\"},\"query-input\":{\"@type\":\"PropertyValueSpecification\",\"valueRequired\":true,\"valueName\":\"search_term_string\"}}],\"inLanguage\":\"es-CO\"},{\"@type\":\"Organization\",\"@id\":\"https:\/\/www.fiscalia.gov.co\/colombia\/#organization\",\"name\":\"Fiscal\u00eda General de la Naci\u00f3n\",\"url\":\"https:\/\/www.fiscalia.gov.co\/colombia\/\",\"logo\":{\"@type\":\"ImageObject\",\"inLanguage\":\"es-CO\",\"@id\":\"https:\/\/www.fiscalia.gov.co\/colombia\/#\/schema\/logo\/image\/\",\"url\":\"https:\/\/www.fiscalia.gov.co\/colombia\/wp-content\/uploads\/LogoHorizontal_1.jpg\",\"contentUrl\":\"https:\/\/www.fiscalia.gov.co\/colombia\/wp-content\/uploads\/LogoHorizontal_1.jpg\",\"width\":300,\"height\":90,\"caption\":\"Fiscal\u00eda General de la Naci\u00f3n\"},\"image\":{\"@id\":\"https:\/\/www.fiscalia.gov.co\/colombia\/#\/schema\/logo\/image\/\"},\"sameAs\":[\"https:\/\/www.facebook.com\/FiscaliaCol\",\"https:\/\/x.com\/FiscaliaCol\",\"https:\/\/www.instagram.com\/fiscaliacol\",\"https:\/\/www.linkedin.com\/company\/fiscalia-general-de-la-naci-n\/\",\"https:\/\/youtube.com\/@fiscaliageneraldelanacion-4668?si=6nN79nyQICPU5iTh\"]},{\"@type\":\"Person\",\"@id\":\"https:\/\/www.fiscalia.gov.co\/colombia\/#\/schema\/person\/b19b49f26569f91393176a2b3d13a0e5\",\"name\":\"Johanna Black Prieto Pe\u00f1a\",\"image\":{\"@type\":\"ImageObject\",\"inLanguage\":\"es-CO\",\"@id\":\"https:\/\/www.fiscalia.gov.co\/colombia\/#\/schema\/person\/image\/\",\"url\":\"https:\/\/secure.gravatar.com\/avatar\/7f04518e1774335e76d761d76f04003e?s=96&d=mm&r=g\",\"contentUrl\":\"https:\/\/secure.gravatar.com\/avatar\/7f04518e1774335e76d761d76f04003e?s=96&d=mm&r=g\",\"caption\":\"Johanna Black Prieto Pe\u00f1a\"},\"url\":\"https:\/\/www.fiscalia.gov.co\/colombia\/author\/jprieto\/\"}]}<\/script>\n<!-- \/ Yoast SEO plugin. -->","yoast_head_json":{"title":"Fiscal\u00eda General de la Naci\u00f3n","description":"P\u00e1gina oficial de la Fiscal\u00eda General de la Naci\u00f3n \u2013 Colombia. Garantizamos el acceso efectivo a la justicia, la verdad y la reparaci\u00f3n de las v\u00edctimas de los delitos.","robots":{"index":"noindex","follow":"follow"},"og_locale":"es_ES","og_type":"article","og_title":"Fiscal\u00eda General de la Naci\u00f3n","og_description":"P\u00e1gina oficial de la Fiscal\u00eda General de la Naci\u00f3n \u2013 Colombia. Garantizamos el acceso efectivo a la justicia, la verdad y la reparaci\u00f3n de las v\u00edctimas de los delitos.","og_url":"https:\/\/www.fiscalia.gov.co\/colombia\/noticias\/a-la-carcel-tres-pescadores-nicaraguenses-capturados-en-flagrancia-por-transportar-mas-de-2-toneladas-de-marihuana-y-80-kilos-de-cocaina-en-una-lancha\/","og_site_name":"Fiscal\u00eda General de la Naci\u00f3n","article_publisher":"https:\/\/www.facebook.com\/FiscaliaCol","article_published_time":"2021-12-15T20:55:05+00:00","og_image":[{"url":"https:\/\/www.fiscalia.gov.co\/colombia\/wp-content\/uploads\/WhatsApp-Image-2021-12-15-at-3.01.05-PM-1.jpeg","type":"","width":"","height":""}],"author":"Johanna Black Prieto Pe\u00f1a","twitter_card":"summary_large_image","twitter_creator":"@FiscaliaCol","twitter_site":"@FiscaliaCol","twitter_misc":{"Escrito por":"Johanna Black Prieto Pe\u00f1a","Tiempo de lectura":"3 minutos"},"schema":{"@context":"https:\/\/schema.org","@graph":[{"@type":"Article","@id":"https:\/\/www.fiscalia.gov.co\/colombia\/noticias\/a-la-carcel-tres-pescadores-nicaraguenses-capturados-en-flagrancia-por-transportar-mas-de-2-toneladas-de-marihuana-y-80-kilos-de-cocaina-en-una-lancha\/#article","isPartOf":{"@id":"https:\/\/www.fiscalia.gov.co\/colombia\/noticias\/a-la-carcel-tres-pescadores-nicaraguenses-capturados-en-flagrancia-por-transportar-mas-de-2-toneladas-de-marihuana-y-80-kilos-de-cocaina-en-una-lancha\/"},"author":{"name":"Johanna Black Prieto Pe\u00f1a","@id":"https:\/\/www.fiscalia.gov.co\/colombia\/#\/schema\/person\/b19b49f26569f91393176a2b3d13a0e5"},"headline":"A la c\u00e1rcel tres pescadores nicarag\u00fcenses capturados en flagrancia por transportar m\u00e1s de 2 toneladas de marihuana y 80 kilos de coca\u00edna en una lancha\u00a0","datePublished":"2021-12-15T20:55:05+00:00","dateModified":"2021-12-15T20:55:05+00:00","mainEntityOfPage":{"@id":"https:\/\/www.fiscalia.gov.co\/colombia\/noticias\/a-la-carcel-tres-pescadores-nicaraguenses-capturados-en-flagrancia-por-transportar-mas-de-2-toneladas-de-marihuana-y-80-kilos-de-cocaina-en-una-lancha\/"},"wordCount":544,"publisher":{"@id":"https:\/\/www.fiscalia.gov.co\/colombia\/#organization"},"image":{"@id":"https:\/\/www.fiscalia.gov.co\/colombia\/noticias\/a-la-carcel-tres-pescadores-nicaraguenses-capturados-en-flagrancia-por-transportar-mas-de-2-toneladas-de-marihuana-y-80-kilos-de-cocaina-en-una-lancha\/#primaryimage"},"thumbnailUrl":"https:\/\/www.fiscalia.gov.co\/colombia\/wp-content\/uploads\/WhatsApp-Image-2021-12-15-at-3.01.05-PM-1.jpeg","keywords":["Coca\u00edna","Fiscal General Francisco Barbosa Delgado","Fiscal\u00eda de Colombia","Fiscal\u00eda General de la Naci\u00f3n","lancha Go Fast"],"articleSection":["Noticias","Seccional Cali","Seccionales","Tr\u00e1fico de estupefacientes"],"inLanguage":"es-CO"},{"@type":"WebPage","@id":"https:\/\/www.fiscalia.gov.co\/colombia\/noticias\/a-la-carcel-tres-pescadores-nicaraguenses-capturados-en-flagrancia-por-transportar-mas-de-2-toneladas-de-marihuana-y-80-kilos-de-cocaina-en-una-lancha\/","url":"https:\/\/www.fiscalia.gov.co\/colombia\/noticias\/a-la-carcel-tres-pescadores-nicaraguenses-capturados-en-flagrancia-por-transportar-mas-de-2-toneladas-de-marihuana-y-80-kilos-de-cocaina-en-una-lancha\/","name":"Fiscal\u00eda General de la Naci\u00f3n","isPartOf":{"@id":"https:\/\/www.fiscalia.gov.co\/colombia\/#website"},"primaryImageOfPage":{"@id":"https:\/\/www.fiscalia.gov.co\/colombia\/noticias\/a-la-carcel-tres-pescadores-nicaraguenses-capturados-en-flagrancia-por-transportar-mas-de-2-toneladas-de-marihuana-y-80-kilos-de-cocaina-en-una-lancha\/#primaryimage"},"image":{"@id":"https:\/\/www.fiscalia.gov.co\/colombia\/noticias\/a-la-carcel-tres-pescadores-nicaraguenses-capturados-en-flagrancia-por-transportar-mas-de-2-toneladas-de-marihuana-y-80-kilos-de-cocaina-en-una-lancha\/#primaryimage"},"thumbnailUrl":"https:\/\/www.fiscalia.gov.co\/colombia\/wp-content\/uploads\/WhatsApp-Image-2021-12-15-at-3.01.05-PM-1.jpeg","datePublished":"2021-12-15T20:55:05+00:00","dateModified":"2021-12-15T20:55:05+00:00","description":"P\u00e1gina oficial de la Fiscal\u00eda General de la Naci\u00f3n \u2013 Colombia. Garantizamos el acceso efectivo a la justicia, la verdad y la reparaci\u00f3n de las v\u00edctimas de los delitos.","breadcrumb":{"@id":"https:\/\/www.fiscalia.gov.co\/colombia\/noticias\/a-la-carcel-tres-pescadores-nicaraguenses-capturados-en-flagrancia-por-transportar-mas-de-2-toneladas-de-marihuana-y-80-kilos-de-cocaina-en-una-lancha\/#breadcrumb"},"inLanguage":"es-CO","potentialAction":[{"@type":"ReadAction","target":["https:\/\/www.fiscalia.gov.co\/colombia\/noticias\/a-la-carcel-tres-pescadores-nicaraguenses-capturados-en-flagrancia-por-transportar-mas-de-2-toneladas-de-marihuana-y-80-kilos-de-cocaina-en-una-lancha\/"]}]},{"@type":"ImageObject","inLanguage":"es-CO","@id":"https:\/\/www.fiscalia.gov.co\/colombia\/noticias\/a-la-carcel-tres-pescadores-nicaraguenses-capturados-en-flagrancia-por-transportar-mas-de-2-toneladas-de-marihuana-y-80-kilos-de-cocaina-en-una-lancha\/#primaryimage","url":"https:\/\/www.fiscalia.gov.co\/colombia\/wp-content\/uploads\/WhatsApp-Image-2021-12-15-at-3.01.05-PM-1.jpeg","contentUrl":"https:\/\/www.fiscalia.gov.co\/colombia\/wp-content\/uploads\/WhatsApp-Image-2021-12-15-at-3.01.05-PM-1.jpeg","width":590,"height":436,"caption":"Javier Enrique Guti\u00e9rrez; Carlos adonis Algueda y Kenny Clovis Tucker Moore, ciudadanos nicarag\u00fcenses, fueron cobijados con medida de aseguramiento intramuros por presuntamente transportar 2 toneladas y 248 kilos de marihuana, y 80 kilos de coca\u00edna en una lancha Go Fast\u00a0"},{"@type":"BreadcrumbList","@id":"https:\/\/www.fiscalia.gov.co\/colombia\/noticias\/a-la-carcel-tres-pescadores-nicaraguenses-capturados-en-flagrancia-por-transportar-mas-de-2-toneladas-de-marihuana-y-80-kilos-de-cocaina-en-una-lancha\/#breadcrumb","itemListElement":[{"@type":"ListItem","position":1,"name":"Home","item":"https:\/\/www.fiscalia.gov.co\/colombia\/"},{"@type":"ListItem","position":2,"name":"A la c\u00e1rcel tres pescadores nicarag\u00fcenses capturados en flagrancia por transportar m\u00e1s de 2 toneladas de marihuana y 80 kilos de coca\u00edna en una lancha\u00a0"}]},{"@type":"WebSite","@id":"https:\/\/www.fiscalia.gov.co\/colombia\/#website","url":"https:\/\/www.fiscalia.gov.co\/colombia\/","name":"Fiscal\u00eda General de la Naci\u00f3n","description":"P\u00e1gina oficial de la Fiscal\u00eda General de la Naci\u00f3n \u2013 Colombia. Garantizamos el acceso efectivo a la justicia, la verdad y la reparaci\u00f3n de las v\u00edctimas de los delitos.","publisher":{"@id":"https:\/\/www.fiscalia.gov.co\/colombia\/#organization"},"potentialAction":[{"@type":"SearchAction","target":{"@type":"EntryPoint","urlTemplate":"https:\/\/www.fiscalia.gov.co\/colombia\/?s={search_term_string}"},"query-input":{"@type":"PropertyValueSpecification","valueRequired":true,"valueName":"search_term_string"}}],"inLanguage":"es-CO"},{"@type":"Organization","@id":"https:\/\/www.fiscalia.gov.co\/colombia\/#organization","name":"Fiscal\u00eda General de la Naci\u00f3n","url":"https:\/\/www.fiscalia.gov.co\/colombia\/","logo":{"@type":"ImageObject","inLanguage":"es-CO","@id":"https:\/\/www.fiscalia.gov.co\/colombia\/#\/schema\/logo\/image\/","url":"https:\/\/www.fiscalia.gov.co\/colombia\/wp-content\/uploads\/LogoHorizontal_1.jpg","contentUrl":"https:\/\/www.fiscalia.gov.co\/colombia\/wp-content\/uploads\/LogoHorizontal_1.jpg","width":300,"height":90,"caption":"Fiscal\u00eda General de la Naci\u00f3n"},"image":{"@id":"https:\/\/www.fiscalia.gov.co\/colombia\/#\/schema\/logo\/image\/"},"sameAs":["https:\/\/www.facebook.com\/FiscaliaCol","https:\/\/x.com\/FiscaliaCol","https:\/\/www.instagram.com\/fiscaliacol","https:\/\/www.linkedin.com\/company\/fiscalia-general-de-la-naci-n\/","https:\/\/youtube.com\/@fiscaliageneraldelanacion-4668?si=6nN79nyQICPU5iTh"]},{"@type":"Person","@id":"https:\/\/www.fiscalia.gov.co\/colombia\/#\/schema\/person\/b19b49f26569f91393176a2b3d13a0e5","name":"Johanna Black Prieto Pe\u00f1a","image":{"@type":"ImageObject","inLanguage":"es-CO","@id":"https:\/\/www.fiscalia.gov.co\/colombia\/#\/schema\/person\/image\/","url":"https:\/\/secure.gravatar.com\/avatar\/7f04518e1774335e76d761d76f04003e?s=96&d=mm&r=g","contentUrl":"https:\/\/secure.gravatar.com\/avatar\/7f04518e1774335e76d761d76f04003e?s=96&d=mm&r=g","caption":"Johanna Black Prieto Pe\u00f1a"},"url":"https:\/\/www.fiscalia.gov.co\/colombia\/author\/jprieto\/"}]}},"_links":{"self":[{"href":"https:\/\/www.fiscalia.gov.co\/colombia\/wp-json\/wp\/v2\/posts\/237030","targetHints":{"allow":["GET"]}}],"collection":[{"href":"https:\/\/www.fiscalia.gov.co\/colombia\/wp-json\/wp\/v2\/posts"}],"about":[{"href":"https:\/\/www.fiscalia.gov.co\/colombia\/wp-json\/wp\/v2\/types\/post"}],"author":[{"embeddable":true,"href":"https:\/\/www.fiscalia.gov.co\/colombia\/wp-json\/wp\/v2\/users\/176"}],"replies":[{"embeddable":true,"href":"https:\/\/www.fiscalia.gov.co\/colombia\/wp-json\/wp\/v2\/comments?post=237030"}],"version-history":[{"count":1,"href":"https:\/\/www.fiscalia.gov.co\/colombia\/wp-json\/wp\/v2\/posts\/237030\/revisions"}],"predecessor-version":[{"id":237034,"href":"https:\/\/www.fiscalia.gov.co\/colombia\/wp-json\/wp\/v2\/posts\/237030\/revisions\/237034"}],"wp:attachment":[{"href":"https:\/\/www.fiscalia.gov.co\/colombia\/wp-json\/wp\/v2\/media?parent=237030"}],"wp:term":[{"taxonomy":"category","embeddable":true,"href":"https:\/\/www.fiscalia.gov.co\/colombia\/wp-json\/wp\/v2\/categories?post=237030"},{"taxonomy":"post_tag","embeddable":true,"href":"https:\/\/www.fiscalia.gov.co\/colombia\/wp-json\/wp\/v2\/tags?post=237030"}],"curies":[{"name":"wp","href":"https:\/\/api.w.org\/{rel}","templated":true}]}}