{"id":237023,"date":"2021-12-15T14:53:27","date_gmt":"2021-12-15T19:53:27","guid":{"rendered":"https:\/\/www.fiscalia.gov.co\/colombia\/?p=237023"},"modified":"2021-12-15T14:53:27","modified_gmt":"2021-12-15T19:53:27","slug":"asegurados-dos-hombres-investigados-por-trafico-de-armas-en-zona-rural-de-ocana-norte-de-santander","status":"publish","type":"post","link":"https:\/\/www.fiscalia.gov.co\/colombia\/noticias\/asegurados-dos-hombres-investigados-por-trafico-de-armas-en-zona-rural-de-ocana-norte-de-santander\/","title":{"rendered":"Asegurados dos hombres investigados por tr\u00e1fico de armas en zona rural de Oca\u00f1a (Norte de Santander)"},"content":{"rendered":"<p><span lang=\"ES\">Un juez de control de garant\u00edas de C\u00facuta (Norte de Santander) acogi\u00f3 la petici\u00f3n de la Fiscal\u00eda y profiri\u00f3 medida de aseguramiento en contra de dos hombres investigados por <\/span><a href=\"https:\/\/www.fiscalia.gov.co\/colombia\/noticias\/asegurados-presuntos-responsables-de-trafico-de-armas-de-fuego-en-cucuta\/\" target=\"_blank\" rel=\"noopener noreferrer\" data-saferedirecturl=\"https:\/\/www.google.com\/url?q=https:\/\/www.fiscalia.gov.co\/colombia\/noticias\/asegurados-presuntos-responsables-de-trafico-de-armas-de-fuego-en-cucuta\/&amp;source=gmail&amp;ust=1639682678521000&amp;usg=AOvVaw0H8HvA7rcS5N-bCiOf_l8O\"><span lang=\"ES\">tr\u00e1fico de armas<\/span><\/a><span lang=\"ES\">\u00a0de fuego.<\/span><\/p>\n<div>\n<div lang=\"ES-CO\">\n<figure id=\"attachment_237024\" aria-describedby=\"caption-attachment-237024\" style=\"width: 589px\" class=\"wp-caption alignnone\"><img loading=\"lazy\" decoding=\"async\" class=\"size-full wp-image-237024\" src=\"https:\/\/www.fiscalia.gov.co\/colombia\/wp-content\/uploads\/Nohely-Trigos-Palacios-y-Nelson-Coronel-Ortega-capturados-en-flagrancia-por-tr\u00e1fico-de-armas.jpg\" alt=\"\" width=\"589\" height=\"353\" srcset=\"https:\/\/www.fiscalia.gov.co\/colombia\/wp-content\/uploads\/Nohely-Trigos-Palacios-y-Nelson-Coronel-Ortega-capturados-en-flagrancia-por-tr\u00e1fico-de-armas.jpg 589w, https:\/\/www.fiscalia.gov.co\/colombia\/wp-content\/uploads\/Nohely-Trigos-Palacios-y-Nelson-Coronel-Ortega-capturados-en-flagrancia-por-tr\u00e1fico-de-armas-300x180.jpg 300w\" sizes=\"auto, (max-width: 589px) 100vw, 589px\" \/><figcaption id=\"caption-attachment-237024\" class=\"wp-caption-text\">Los hombres fueron capturados en flagrancia, hall\u00e1ndoles en su poder armas de fuego y munici\u00f3n.<\/figcaption><\/figure>\n<p>Los procesados identificados como\u00a0Nohely Trigos Palacios y Nelson Coronel Ortega fueron capturados en diligencias de registro y allanamiento efectuadas en la vereda Las Liscas, jurisdicci\u00f3n del municipio de Oca\u00f1a (Norte de Santander) en un trabajo articulado entre la Polic\u00eda y el Ej\u00e9rcito Nacional en noviembre reciente.<\/p>\n<p>Durante los procedimientos las autoridades incautaron los siguientes\u00a0<a href=\"https:\/\/www.fiscalia.gov.co\/colombia\/noticias\/medida-de-aseguramiento-para-alias-audi-presunto-responsable-de-homicidio-en-cucuta-norte-de-santander\/\" target=\"_blank\" rel=\"noopener noreferrer\" data-saferedirecturl=\"https:\/\/www.google.com\/url?q=https:\/\/www.fiscalia.gov.co\/colombia\/noticias\/medida-de-aseguramiento-para-alias-audi-presunto-responsable-de-homicidio-en-cucuta-norte-de-santander\/&amp;source=gmail&amp;ust=1639682678521000&amp;usg=AOvVaw3O8PchrzGHrCL22achNJ1j\">elementos<\/a>:<\/p>\n<ul type=\"disc\">\n<li><span lang=\"ES-TRAD\">Dos armas<\/span>\u00a0de fuego tipo\u00a0<span lang=\"ES-TRAD\">rev\u00f3lver<\/span><\/li>\n<li><span lang=\"ES-TRAD\">Siete armas de fuego tipo escopeta<\/span><\/li>\n<li><span lang=\"ES-TRAD\">Un rifle de aire<\/span><\/li>\n<li><span lang=\"ES-TRAD\">Veinticinco cartuchos calibre 32 mm<\/span><\/li>\n<li><span lang=\"ES-TRAD\">Diez cartuchos calibre 7.62 mm<\/span><\/li>\n<li><span lang=\"ES-TRAD\">Cinco cartuchos para pistola traum\u00e1tica.<\/span><\/li>\n<li><span lang=\"ES-TRAD\">Tres cartuchos calibres 38 mm<\/span><\/li>\n<li><span lang=\"ES-TRAD\">Tres vainillas calibre 38 mm<\/span><\/li>\n<li><span lang=\"ES-TRAD\">Treinta y nueve vainillas de pistola traum\u00e1tica<\/span><\/li>\n<li><span lang=\"ES-TRAD\">Una vainilla calibre 32 mm<\/span><\/li>\n<li><span lang=\"ES-TRAD\">Una vainilla 9 mm<\/span><\/li>\n<\/ul>\n<p><span lang=\"ES\">De acuerdo con la investigaci\u00f3n de un fiscal Seccional de Norte de Santander, los procesados al parecer utilizaban varias residencias de la vereda para el almacenamiento de armas de fuego afectando la seguridad de los residentes en el sector.<\/span><\/p>\n<p><span lang=\"ES\">Los dos hombres fueron asegurados por su presunta responsabilidad en el delito de<\/span><span lang=\"ES\">\u00a0<\/span><span lang=\"ES-TRAD\">fabricaci\u00f3n, tr\u00e1fico, porte o tenencia de armas de fuego, accesorios, partes o municiones. Adicionalmente a<\/span><span lang=\"ES-TRAD\">\u00a0<\/span><span lang=\"ES\">Coronel Ortega se le formulo cargos por\u00a0<\/span><a href=\"https:\/\/www.fiscalia.gov.co\/colombia\/noticias\/aseguradas-tres-personas-que-al-parecer-transportaban-armas-en-un-taxi-en-pamplona-norte-de-santander\/\" target=\"_blank\" rel=\"noopener noreferrer\" data-saferedirecturl=\"https:\/\/www.google.com\/url?q=https:\/\/www.fiscalia.gov.co\/colombia\/noticias\/aseguradas-tres-personas-que-al-parecer-transportaban-armas-en-un-taxi-en-pamplona-norte-de-santander\/&amp;source=gmail&amp;ust=1639682678521000&amp;usg=AOvVaw32rx51iE4Zam1UQMr3AoYm\"><span lang=\"ES-TRAD\">fabricaci\u00f3n<\/span><\/a><span lang=\"ES-TRAD\">, tr\u00e1fico y porte de armas, municiones de uso restringido, de uso privativo de las Fuerzas Armadas o explosivos.\u00a0<\/span><\/p>\n<p><span lang=\"ES\">Los procesados no aceptaron los cargos y fueron cobijados con detenci\u00f3n domiciliaria, por decisi\u00f3n del ente juzgador.<\/span><\/p>\n<p><span lang=\"ES\">La Fiscal\u00eda hace p\u00fablica esta informaci\u00f3n por razones de inter\u00e9s general.<\/span><\/p>\n<p><span lang=\"ES\">MPHA\/MG\/DATO<\/span><\/p>\n<p><i><span lang=\"ES\">La informaci\u00f3n contenida en este bolet\u00edn de prensa corresponde a la narraci\u00f3n de los hechos noticiosos objetivos, suministrados por los funcionarios encargados de adelantar las investigaciones penales al interior de la Fiscal\u00eda General de la Naci\u00f3n. Para el momento de la divulgaci\u00f3n de este comunicado, la situaci\u00f3n jur\u00eddica de la(s) persona(s) relacionada(s) se encuentra pendiente de resolver por la autoridad judicial competente, siempre bajo los preceptos de la presunci\u00f3n de inocencia, consagrados en el art\u00edculo 29 de la Constituci\u00f3n Pol\u00edtica y el art\u00edculo 7\u00ba de la Ley 906 de 2004.<\/span><\/i><span lang=\"ES\">\u00a0<\/span><\/p>\n<p>&nbsp;<\/p>\n<p>&nbsp;<\/p>\n<p>&nbsp;<\/p>\n<\/div>\n<\/div>\n\n<div class=\"twitter-share\"><a href=\"https:\/\/twitter.com\/intent\/tweet?via=fiscaliacol\" class=\"twitter-share-button\">Tweet<\/a><\/div>\n","protected":false},"excerpt":{"rendered":"<p>Un juez de control de garant\u00edas de C\u00facuta (Norte de Santander) acogi\u00f3 la petici\u00f3n de la Fiscal\u00eda y profiri\u00f3 medida de aseguramiento en contra de dos hombres investigados por tr\u00e1fico de armas\u00a0de fuego. Los procesados identificados como\u00a0Nohely Trigos Palacios y Nelson Coronel Ortega fueron capturados en diligencias de registro y allanamiento efectuadas en la vereda [&hellip;]<\/p>\n","protected":false},"author":176,"featured_media":0,"comment_status":"closed","ping_status":"open","sticky":false,"template":"","format":"standard","meta":{"tdm_status":"","tdm_grid_status":"","footnotes":""},"categories":[1,326,303,24099],"tags":[1704,14550,29868,28871,558],"class_list":{"0":"post-237023","1":"post","2":"type-post","3":"status-publish","4":"format-standard","6":"category-noticias","7":"category-seccional-cucuta","8":"category-seccionales","9":"category-seguridad-territorial","10":"tag-armas","11":"tag-carcel","12":"tag-cucuta-comuna-8","13":"tag-gdco","14":"tag-policia-nacional"},"yoast_head":"<!-- This site is optimized with the Yoast SEO plugin v24.3 - https:\/\/yoast.com\/wordpress\/plugins\/seo\/ -->\n<title>Fiscal\u00eda General de la Naci\u00f3n<\/title>\n<meta name=\"description\" content=\"P\u00e1gina oficial de la Fiscal\u00eda General de la Naci\u00f3n \u2013 Colombia. Garantizamos el acceso efectivo a la justicia, la verdad y la reparaci\u00f3n de las v\u00edctimas de los delitos.\" \/>\n<meta name=\"robots\" content=\"noindex, follow\" \/>\n<meta property=\"og:locale\" content=\"es_ES\" \/>\n<meta property=\"og:type\" content=\"article\" \/>\n<meta property=\"og:title\" content=\"Fiscal\u00eda General de la Naci\u00f3n\" \/>\n<meta property=\"og:description\" content=\"P\u00e1gina oficial de la Fiscal\u00eda General de la Naci\u00f3n \u2013 Colombia. Garantizamos el acceso efectivo a la justicia, la verdad y la reparaci\u00f3n de las v\u00edctimas de los delitos.\" \/>\n<meta property=\"og:url\" content=\"https:\/\/www.fiscalia.gov.co\/colombia\/noticias\/asegurados-dos-hombres-investigados-por-trafico-de-armas-en-zona-rural-de-ocana-norte-de-santander\/\" \/>\n<meta property=\"og:site_name\" content=\"Fiscal\u00eda General de la Naci\u00f3n\" \/>\n<meta property=\"article:publisher\" content=\"https:\/\/www.facebook.com\/FiscaliaCol\" \/>\n<meta property=\"article:published_time\" content=\"2021-12-15T19:53:27+00:00\" \/>\n<meta name=\"author\" content=\"Johanna Black Prieto Pe\u00f1a\" \/>\n<meta name=\"twitter:card\" content=\"summary_large_image\" \/>\n<meta name=\"twitter:creator\" content=\"@FiscaliaCol\" \/>\n<meta name=\"twitter:site\" content=\"@FiscaliaCol\" \/>\n<meta name=\"twitter:label1\" content=\"Escrito por\" \/>\n\t<meta name=\"twitter:data1\" content=\"Johanna Black Prieto Pe\u00f1a\" \/>\n\t<meta name=\"twitter:label2\" content=\"Tiempo de lectura\" \/>\n\t<meta name=\"twitter:data2\" content=\"2 minutos\" \/>\n<script type=\"application\/ld+json\" class=\"yoast-schema-graph\">{\"@context\":\"https:\/\/schema.org\",\"@graph\":[{\"@type\":\"Article\",\"@id\":\"https:\/\/www.fiscalia.gov.co\/colombia\/noticias\/asegurados-dos-hombres-investigados-por-trafico-de-armas-en-zona-rural-de-ocana-norte-de-santander\/#article\",\"isPartOf\":{\"@id\":\"https:\/\/www.fiscalia.gov.co\/colombia\/noticias\/asegurados-dos-hombres-investigados-por-trafico-de-armas-en-zona-rural-de-ocana-norte-de-santander\/\"},\"author\":{\"name\":\"Johanna Black Prieto Pe\u00f1a\",\"@id\":\"https:\/\/www.fiscalia.gov.co\/colombia\/#\/schema\/person\/b19b49f26569f91393176a2b3d13a0e5\"},\"headline\":\"Asegurados dos hombres investigados por tr\u00e1fico de armas en zona rural de Oca\u00f1a (Norte de Santander)\",\"datePublished\":\"2021-12-15T19:53:27+00:00\",\"dateModified\":\"2021-12-15T19:53:27+00:00\",\"mainEntityOfPage\":{\"@id\":\"https:\/\/www.fiscalia.gov.co\/colombia\/noticias\/asegurados-dos-hombres-investigados-por-trafico-de-armas-en-zona-rural-de-ocana-norte-de-santander\/\"},\"wordCount\":435,\"publisher\":{\"@id\":\"https:\/\/www.fiscalia.gov.co\/colombia\/#organization\"},\"keywords\":[\"Armas\",\"C\u00e1rcel\",\"C\u00facuta-comuna 8\",\"GDCO\",\"Polic\u00eda Nacional\"],\"articleSection\":[\"Noticias\",\"Seccional C\u00facuta\",\"Seccionales\",\"Seguridad territorial\"],\"inLanguage\":\"es-CO\"},{\"@type\":\"WebPage\",\"@id\":\"https:\/\/www.fiscalia.gov.co\/colombia\/noticias\/asegurados-dos-hombres-investigados-por-trafico-de-armas-en-zona-rural-de-ocana-norte-de-santander\/\",\"url\":\"https:\/\/www.fiscalia.gov.co\/colombia\/noticias\/asegurados-dos-hombres-investigados-por-trafico-de-armas-en-zona-rural-de-ocana-norte-de-santander\/\",\"name\":\"Fiscal\u00eda General de la Naci\u00f3n\",\"isPartOf\":{\"@id\":\"https:\/\/www.fiscalia.gov.co\/colombia\/#website\"},\"datePublished\":\"2021-12-15T19:53:27+00:00\",\"dateModified\":\"2021-12-15T19:53:27+00:00\",\"description\":\"P\u00e1gina oficial de la Fiscal\u00eda General de la Naci\u00f3n \u2013 Colombia. Garantizamos el acceso efectivo a la justicia, la verdad y la reparaci\u00f3n de las v\u00edctimas de los delitos.\",\"breadcrumb\":{\"@id\":\"https:\/\/www.fiscalia.gov.co\/colombia\/noticias\/asegurados-dos-hombres-investigados-por-trafico-de-armas-en-zona-rural-de-ocana-norte-de-santander\/#breadcrumb\"},\"inLanguage\":\"es-CO\",\"potentialAction\":[{\"@type\":\"ReadAction\",\"target\":[\"https:\/\/www.fiscalia.gov.co\/colombia\/noticias\/asegurados-dos-hombres-investigados-por-trafico-de-armas-en-zona-rural-de-ocana-norte-de-santander\/\"]}]},{\"@type\":\"BreadcrumbList\",\"@id\":\"https:\/\/www.fiscalia.gov.co\/colombia\/noticias\/asegurados-dos-hombres-investigados-por-trafico-de-armas-en-zona-rural-de-ocana-norte-de-santander\/#breadcrumb\",\"itemListElement\":[{\"@type\":\"ListItem\",\"position\":1,\"name\":\"Home\",\"item\":\"https:\/\/www.fiscalia.gov.co\/colombia\/\"},{\"@type\":\"ListItem\",\"position\":2,\"name\":\"Asegurados dos hombres investigados por tr\u00e1fico de armas en zona rural de Oca\u00f1a (Norte de Santander)\"}]},{\"@type\":\"WebSite\",\"@id\":\"https:\/\/www.fiscalia.gov.co\/colombia\/#website\",\"url\":\"https:\/\/www.fiscalia.gov.co\/colombia\/\",\"name\":\"Fiscal\u00eda General de la Naci\u00f3n\",\"description\":\"P\u00e1gina oficial de la Fiscal\u00eda General de la Naci\u00f3n \u2013 Colombia. Garantizamos el acceso efectivo a la justicia, la verdad y la reparaci\u00f3n de las v\u00edctimas de los delitos.\",\"publisher\":{\"@id\":\"https:\/\/www.fiscalia.gov.co\/colombia\/#organization\"},\"potentialAction\":[{\"@type\":\"SearchAction\",\"target\":{\"@type\":\"EntryPoint\",\"urlTemplate\":\"https:\/\/www.fiscalia.gov.co\/colombia\/?s={search_term_string}\"},\"query-input\":{\"@type\":\"PropertyValueSpecification\",\"valueRequired\":true,\"valueName\":\"search_term_string\"}}],\"inLanguage\":\"es-CO\"},{\"@type\":\"Organization\",\"@id\":\"https:\/\/www.fiscalia.gov.co\/colombia\/#organization\",\"name\":\"Fiscal\u00eda General de la Naci\u00f3n\",\"url\":\"https:\/\/www.fiscalia.gov.co\/colombia\/\",\"logo\":{\"@type\":\"ImageObject\",\"inLanguage\":\"es-CO\",\"@id\":\"https:\/\/www.fiscalia.gov.co\/colombia\/#\/schema\/logo\/image\/\",\"url\":\"https:\/\/www.fiscalia.gov.co\/colombia\/wp-content\/uploads\/LogoHorizontal_1.jpg\",\"contentUrl\":\"https:\/\/www.fiscalia.gov.co\/colombia\/wp-content\/uploads\/LogoHorizontal_1.jpg\",\"width\":300,\"height\":90,\"caption\":\"Fiscal\u00eda General de la Naci\u00f3n\"},\"image\":{\"@id\":\"https:\/\/www.fiscalia.gov.co\/colombia\/#\/schema\/logo\/image\/\"},\"sameAs\":[\"https:\/\/www.facebook.com\/FiscaliaCol\",\"https:\/\/x.com\/FiscaliaCol\",\"https:\/\/www.instagram.com\/fiscaliacol\",\"https:\/\/www.linkedin.com\/company\/fiscalia-general-de-la-naci-n\/\",\"https:\/\/youtube.com\/@fiscaliageneraldelanacion-4668?si=6nN79nyQICPU5iTh\"]},{\"@type\":\"Person\",\"@id\":\"https:\/\/www.fiscalia.gov.co\/colombia\/#\/schema\/person\/b19b49f26569f91393176a2b3d13a0e5\",\"name\":\"Johanna Black Prieto Pe\u00f1a\",\"image\":{\"@type\":\"ImageObject\",\"inLanguage\":\"es-CO\",\"@id\":\"https:\/\/www.fiscalia.gov.co\/colombia\/#\/schema\/person\/image\/\",\"url\":\"https:\/\/secure.gravatar.com\/avatar\/7f04518e1774335e76d761d76f04003e?s=96&d=mm&r=g\",\"contentUrl\":\"https:\/\/secure.gravatar.com\/avatar\/7f04518e1774335e76d761d76f04003e?s=96&d=mm&r=g\",\"caption\":\"Johanna Black Prieto Pe\u00f1a\"},\"url\":\"https:\/\/www.fiscalia.gov.co\/colombia\/author\/jprieto\/\"}]}<\/script>\n<!-- \/ Yoast SEO plugin. -->","yoast_head_json":{"title":"Fiscal\u00eda General de la Naci\u00f3n","description":"P\u00e1gina oficial de la Fiscal\u00eda General de la Naci\u00f3n \u2013 Colombia. Garantizamos el acceso efectivo a la justicia, la verdad y la reparaci\u00f3n de las v\u00edctimas de los delitos.","robots":{"index":"noindex","follow":"follow"},"og_locale":"es_ES","og_type":"article","og_title":"Fiscal\u00eda General de la Naci\u00f3n","og_description":"P\u00e1gina oficial de la Fiscal\u00eda General de la Naci\u00f3n \u2013 Colombia. Garantizamos el acceso efectivo a la justicia, la verdad y la reparaci\u00f3n de las v\u00edctimas de los delitos.","og_url":"https:\/\/www.fiscalia.gov.co\/colombia\/noticias\/asegurados-dos-hombres-investigados-por-trafico-de-armas-en-zona-rural-de-ocana-norte-de-santander\/","og_site_name":"Fiscal\u00eda General de la Naci\u00f3n","article_publisher":"https:\/\/www.facebook.com\/FiscaliaCol","article_published_time":"2021-12-15T19:53:27+00:00","author":"Johanna Black Prieto Pe\u00f1a","twitter_card":"summary_large_image","twitter_creator":"@FiscaliaCol","twitter_site":"@FiscaliaCol","twitter_misc":{"Escrito por":"Johanna Black Prieto Pe\u00f1a","Tiempo de lectura":"2 minutos"},"schema":{"@context":"https:\/\/schema.org","@graph":[{"@type":"Article","@id":"https:\/\/www.fiscalia.gov.co\/colombia\/noticias\/asegurados-dos-hombres-investigados-por-trafico-de-armas-en-zona-rural-de-ocana-norte-de-santander\/#article","isPartOf":{"@id":"https:\/\/www.fiscalia.gov.co\/colombia\/noticias\/asegurados-dos-hombres-investigados-por-trafico-de-armas-en-zona-rural-de-ocana-norte-de-santander\/"},"author":{"name":"Johanna Black Prieto Pe\u00f1a","@id":"https:\/\/www.fiscalia.gov.co\/colombia\/#\/schema\/person\/b19b49f26569f91393176a2b3d13a0e5"},"headline":"Asegurados dos hombres investigados por tr\u00e1fico de armas en zona rural de Oca\u00f1a (Norte de Santander)","datePublished":"2021-12-15T19:53:27+00:00","dateModified":"2021-12-15T19:53:27+00:00","mainEntityOfPage":{"@id":"https:\/\/www.fiscalia.gov.co\/colombia\/noticias\/asegurados-dos-hombres-investigados-por-trafico-de-armas-en-zona-rural-de-ocana-norte-de-santander\/"},"wordCount":435,"publisher":{"@id":"https:\/\/www.fiscalia.gov.co\/colombia\/#organization"},"keywords":["Armas","C\u00e1rcel","C\u00facuta-comuna 8","GDCO","Polic\u00eda Nacional"],"articleSection":["Noticias","Seccional C\u00facuta","Seccionales","Seguridad territorial"],"inLanguage":"es-CO"},{"@type":"WebPage","@id":"https:\/\/www.fiscalia.gov.co\/colombia\/noticias\/asegurados-dos-hombres-investigados-por-trafico-de-armas-en-zona-rural-de-ocana-norte-de-santander\/","url":"https:\/\/www.fiscalia.gov.co\/colombia\/noticias\/asegurados-dos-hombres-investigados-por-trafico-de-armas-en-zona-rural-de-ocana-norte-de-santander\/","name":"Fiscal\u00eda General de la Naci\u00f3n","isPartOf":{"@id":"https:\/\/www.fiscalia.gov.co\/colombia\/#website"},"datePublished":"2021-12-15T19:53:27+00:00","dateModified":"2021-12-15T19:53:27+00:00","description":"P\u00e1gina oficial de la Fiscal\u00eda General de la Naci\u00f3n \u2013 Colombia. Garantizamos el acceso efectivo a la justicia, la verdad y la reparaci\u00f3n de las v\u00edctimas de los delitos.","breadcrumb":{"@id":"https:\/\/www.fiscalia.gov.co\/colombia\/noticias\/asegurados-dos-hombres-investigados-por-trafico-de-armas-en-zona-rural-de-ocana-norte-de-santander\/#breadcrumb"},"inLanguage":"es-CO","potentialAction":[{"@type":"ReadAction","target":["https:\/\/www.fiscalia.gov.co\/colombia\/noticias\/asegurados-dos-hombres-investigados-por-trafico-de-armas-en-zona-rural-de-ocana-norte-de-santander\/"]}]},{"@type":"BreadcrumbList","@id":"https:\/\/www.fiscalia.gov.co\/colombia\/noticias\/asegurados-dos-hombres-investigados-por-trafico-de-armas-en-zona-rural-de-ocana-norte-de-santander\/#breadcrumb","itemListElement":[{"@type":"ListItem","position":1,"name":"Home","item":"https:\/\/www.fiscalia.gov.co\/colombia\/"},{"@type":"ListItem","position":2,"name":"Asegurados dos hombres investigados por tr\u00e1fico de armas en zona rural de Oca\u00f1a (Norte de Santander)"}]},{"@type":"WebSite","@id":"https:\/\/www.fiscalia.gov.co\/colombia\/#website","url":"https:\/\/www.fiscalia.gov.co\/colombia\/","name":"Fiscal\u00eda General de la Naci\u00f3n","description":"P\u00e1gina oficial de la Fiscal\u00eda General de la Naci\u00f3n \u2013 Colombia. Garantizamos el acceso efectivo a la justicia, la verdad y la reparaci\u00f3n de las v\u00edctimas de los delitos.","publisher":{"@id":"https:\/\/www.fiscalia.gov.co\/colombia\/#organization"},"potentialAction":[{"@type":"SearchAction","target":{"@type":"EntryPoint","urlTemplate":"https:\/\/www.fiscalia.gov.co\/colombia\/?s={search_term_string}"},"query-input":{"@type":"PropertyValueSpecification","valueRequired":true,"valueName":"search_term_string"}}],"inLanguage":"es-CO"},{"@type":"Organization","@id":"https:\/\/www.fiscalia.gov.co\/colombia\/#organization","name":"Fiscal\u00eda General de la Naci\u00f3n","url":"https:\/\/www.fiscalia.gov.co\/colombia\/","logo":{"@type":"ImageObject","inLanguage":"es-CO","@id":"https:\/\/www.fiscalia.gov.co\/colombia\/#\/schema\/logo\/image\/","url":"https:\/\/www.fiscalia.gov.co\/colombia\/wp-content\/uploads\/LogoHorizontal_1.jpg","contentUrl":"https:\/\/www.fiscalia.gov.co\/colombia\/wp-content\/uploads\/LogoHorizontal_1.jpg","width":300,"height":90,"caption":"Fiscal\u00eda General de la Naci\u00f3n"},"image":{"@id":"https:\/\/www.fiscalia.gov.co\/colombia\/#\/schema\/logo\/image\/"},"sameAs":["https:\/\/www.facebook.com\/FiscaliaCol","https:\/\/x.com\/FiscaliaCol","https:\/\/www.instagram.com\/fiscaliacol","https:\/\/www.linkedin.com\/company\/fiscalia-general-de-la-naci-n\/","https:\/\/youtube.com\/@fiscaliageneraldelanacion-4668?si=6nN79nyQICPU5iTh"]},{"@type":"Person","@id":"https:\/\/www.fiscalia.gov.co\/colombia\/#\/schema\/person\/b19b49f26569f91393176a2b3d13a0e5","name":"Johanna Black Prieto Pe\u00f1a","image":{"@type":"ImageObject","inLanguage":"es-CO","@id":"https:\/\/www.fiscalia.gov.co\/colombia\/#\/schema\/person\/image\/","url":"https:\/\/secure.gravatar.com\/avatar\/7f04518e1774335e76d761d76f04003e?s=96&d=mm&r=g","contentUrl":"https:\/\/secure.gravatar.com\/avatar\/7f04518e1774335e76d761d76f04003e?s=96&d=mm&r=g","caption":"Johanna Black Prieto Pe\u00f1a"},"url":"https:\/\/www.fiscalia.gov.co\/colombia\/author\/jprieto\/"}]}},"_links":{"self":[{"href":"https:\/\/www.fiscalia.gov.co\/colombia\/wp-json\/wp\/v2\/posts\/237023","targetHints":{"allow":["GET"]}}],"collection":[{"href":"https:\/\/www.fiscalia.gov.co\/colombia\/wp-json\/wp\/v2\/posts"}],"about":[{"href":"https:\/\/www.fiscalia.gov.co\/colombia\/wp-json\/wp\/v2\/types\/post"}],"author":[{"embeddable":true,"href":"https:\/\/www.fiscalia.gov.co\/colombia\/wp-json\/wp\/v2\/users\/176"}],"replies":[{"embeddable":true,"href":"https:\/\/www.fiscalia.gov.co\/colombia\/wp-json\/wp\/v2\/comments?post=237023"}],"version-history":[{"count":1,"href":"https:\/\/www.fiscalia.gov.co\/colombia\/wp-json\/wp\/v2\/posts\/237023\/revisions"}],"predecessor-version":[{"id":237025,"href":"https:\/\/www.fiscalia.gov.co\/colombia\/wp-json\/wp\/v2\/posts\/237023\/revisions\/237025"}],"wp:attachment":[{"href":"https:\/\/www.fiscalia.gov.co\/colombia\/wp-json\/wp\/v2\/media?parent=237023"}],"wp:term":[{"taxonomy":"category","embeddable":true,"href":"https:\/\/www.fiscalia.gov.co\/colombia\/wp-json\/wp\/v2\/categories?post=237023"},{"taxonomy":"post_tag","embeddable":true,"href":"https:\/\/www.fiscalia.gov.co\/colombia\/wp-json\/wp\/v2\/tags?post=237023"}],"curies":[{"name":"wp","href":"https:\/\/api.w.org\/{rel}","templated":true}]}}