{"id":236931,"date":"2021-12-14T10:47:34","date_gmt":"2021-12-14T15:47:34","guid":{"rendered":"https:\/\/www.fiscalia.gov.co\/colombia\/?p=236931"},"modified":"2021-12-14T10:47:34","modified_gmt":"2021-12-14T15:47:34","slug":"dos-personas-fueron-aseguradas-como-presuntas-responsables-de-actos-sexuales-violentos","status":"publish","type":"post","link":"https:\/\/www.fiscalia.gov.co\/colombia\/noticias\/dos-personas-fueron-aseguradas-como-presuntas-responsables-de-actos-sexuales-violentos\/","title":{"rendered":"Dos personas fueron aseguradas como presuntas responsables de actos sexuales violentos"},"content":{"rendered":"<p style=\"font-weight: 400;\">Un juez con funci\u00f3n de control de garant\u00edas acogi\u00f3 la solicitud de la Fiscal\u00eda e impuso\u00a0<strong>medida privativa de la libertad en centro de reclusi\u00f3n<\/strong>\u00a0en contra de dos hombres que presuntamente son responsables de\u00a0<strong><a href=\"https:\/\/www.fiscalia.gov.co\/colombia\/noticias\/condenado-a-13-anos-y-3-meses-de-prision-por-acceso-carnal-violento\/\" data-saferedirecturl=\"https:\/\/www.google.com\/url?q=https:\/\/www.fiscalia.gov.co\/colombia\/noticias\/condenado-a-13-anos-y-3-meses-de-prision-por-acceso-carnal-violento\/&amp;source=gmail&amp;ust=1639582793998000&amp;usg=AOvVaw28KYfFQgZmvbk3-PXH1qwE\">delitos sexuales\u00a0<\/a><\/strong>en Neiva y San Agust\u00edn (Huila).\u00a0<strong>Ninguno se allan\u00f3 a cargos<\/strong>.<\/p>\n<p style=\"font-weight: 400;\">Uno de los casos ocurri\u00f3 el pasado 3 de octubre en\u00a0\u00a0el barrio C\u00e1ndido Leguizamo de Neiva, cuando \u00c9dgar Andr\u00e9s Rivera Suaza habr\u00eda entrado a la habitaci\u00f3n de una mujer de 23 a\u00f1os y, presuntamente, la\u00a0<strong>intimid\u00f3 con un cuchillo<\/strong>\u00a0propin\u00e1ndole\u00a0<strong>tocamientos \u00edntimos<\/strong>\u00a0y oblig\u00e1ndola a que la realizara lo mismo, mientras la\u00a0<strong>amenazaba<\/strong>\u00a0con matarla si no acced\u00eda.<\/p>\n<figure id=\"attachment_236932\" aria-describedby=\"caption-attachment-236932\" style=\"width: 1177px\" class=\"wp-caption alignnone\"><img loading=\"lazy\" decoding=\"async\" class=\"size-full wp-image-236932\" src=\"https:\/\/www.fiscalia.gov.co\/colombia\/wp-content\/uploads\/\u00c9dgar-Andr\u00e9s-Rivera-Suaza.jpeg\" alt=\"\" width=\"1177\" height=\"1280\" srcset=\"https:\/\/www.fiscalia.gov.co\/colombia\/wp-content\/uploads\/\u00c9dgar-Andr\u00e9s-Rivera-Suaza.jpeg 1177w, https:\/\/www.fiscalia.gov.co\/colombia\/wp-content\/uploads\/\u00c9dgar-Andr\u00e9s-Rivera-Suaza-276x300.jpeg 276w, https:\/\/www.fiscalia.gov.co\/colombia\/wp-content\/uploads\/\u00c9dgar-Andr\u00e9s-Rivera-Suaza-942x1024.jpeg 942w, https:\/\/www.fiscalia.gov.co\/colombia\/wp-content\/uploads\/\u00c9dgar-Andr\u00e9s-Rivera-Suaza-768x835.jpeg 768w, https:\/\/www.fiscalia.gov.co\/colombia\/wp-content\/uploads\/\u00c9dgar-Andr\u00e9s-Rivera-Suaza-696x757.jpeg 696w, https:\/\/www.fiscalia.gov.co\/colombia\/wp-content\/uploads\/\u00c9dgar-Andr\u00e9s-Rivera-Suaza-1068x1161.jpeg 1068w, https:\/\/www.fiscalia.gov.co\/colombia\/wp-content\/uploads\/\u00c9dgar-Andr\u00e9s-Rivera-Suaza-386x420.jpeg 386w\" sizes=\"auto, (max-width: 1177px) 100vw, 1177px\" \/><figcaption id=\"caption-attachment-236932\" class=\"wp-caption-text\">Funcionarios del CTI capturaron a los dos judicializados en Neiva y Pitalito(Huila).<\/figcaption><\/figure>\n<p style=\"font-weight: 400;\">El hoy judicializado, quien tiene una\u00a0<strong>condena vigente por el delito de hurto<\/strong>, fue imputado como presunto responsable de\u00a0<strong>acto sexual violento<\/strong>.<\/p>\n<p style=\"font-weight: 400;\">Por otros hechos registrados en San Agust\u00edn (Huila), fue judicializado\u00a0Fernando Salamanca Cruz, quien el 30 de mayo del a\u00f1o en curso al parecer\u00a0<strong>abus\u00f3 sexualmente de una menor de 17 a\u00f1os\u00a0<\/strong>cuando esta se encontraba transitando por una v\u00eda rural de ese municipio, rumbo a su residencia.<\/p>\n<figure id=\"attachment_236933\" aria-describedby=\"caption-attachment-236933\" style=\"width: 1280px\" class=\"wp-caption alignnone\"><img loading=\"lazy\" decoding=\"async\" class=\"size-full wp-image-236933\" src=\"https:\/\/www.fiscalia.gov.co\/colombia\/wp-content\/uploads\/Fernando-Salamanca-Cruz.jpeg\" alt=\"\" width=\"1280\" height=\"887\" srcset=\"https:\/\/www.fiscalia.gov.co\/colombia\/wp-content\/uploads\/Fernando-Salamanca-Cruz.jpeg 1280w, https:\/\/www.fiscalia.gov.co\/colombia\/wp-content\/uploads\/Fernando-Salamanca-Cruz-300x208.jpeg 300w, https:\/\/www.fiscalia.gov.co\/colombia\/wp-content\/uploads\/Fernando-Salamanca-Cruz-1024x710.jpeg 1024w, https:\/\/www.fiscalia.gov.co\/colombia\/wp-content\/uploads\/Fernando-Salamanca-Cruz-768x532.jpeg 768w, https:\/\/www.fiscalia.gov.co\/colombia\/wp-content\/uploads\/Fernando-Salamanca-Cruz-218x150.jpeg 218w, https:\/\/www.fiscalia.gov.co\/colombia\/wp-content\/uploads\/Fernando-Salamanca-Cruz-696x482.jpeg 696w, https:\/\/www.fiscalia.gov.co\/colombia\/wp-content\/uploads\/Fernando-Salamanca-Cruz-1068x740.jpeg 1068w, https:\/\/www.fiscalia.gov.co\/colombia\/wp-content\/uploads\/Fernando-Salamanca-Cruz-606x420.jpeg 606w, https:\/\/www.fiscalia.gov.co\/colombia\/wp-content\/uploads\/Fernando-Salamanca-Cruz-100x70.jpeg 100w\" sizes=\"auto, (max-width: 1280px) 100vw, 1280px\" \/><figcaption id=\"caption-attachment-236933\" class=\"wp-caption-text\">Funcionarios del CTI capturaron a los dos judicializados en Neiva y Pitalito(Huila).<\/figcaption><\/figure>\n<p style=\"font-weight: 400;\">El imputado por la Fiscal\u00eda como posible autor del delito de\u00a0<strong>acceso carnal violento<\/strong>, al parecer la\u00a0<strong>tom\u00f3 por la fuerza arroj\u00e1ndola a zona boscosa<\/strong>\u00a0para cometer el il\u00edcito y luego huir del lugar.<\/p>\n<p style=\"font-weight: 400;\">Las capturas por orden judicial estuvieron a cargo de CTI y, en un caso, en conjunto con Ej\u00e9rcito Nacional.\u00a0\u00a0Rivera Suaza fue capturado en el barrio C\u00e1ndido Legu\u00edzamo en la capital huilense, mientras que Salamanca Cruz\u00a0\u00a0en La Terminal de Transportes de Pitalito (Huila).<\/p>\n<p style=\"font-weight: 400;\">La Fiscal\u00eda publica esta informaci\u00f3n por razones de inter\u00e9s general.<\/p>\n<p style=\"font-weight: 400;\">LMGM\/CFG\/EAP<\/p>\n<p style=\"font-weight: 400;\"><em>La informaci\u00f3n contenida en este bolet\u00edn de prensa corresponde a la narraci\u00f3n de los hechos noticiosos objetivos, suministrados por los funcionarios encargados de adelantar las investigaciones penales al interior de la Fiscal\u00eda General de la Naci\u00f3n. Para el momento de la divulgaci\u00f3n de este comunicado, la situaci\u00f3n jur\u00eddica de la(s) persona(s) relacionada(s) se encuentra pendiente de resolver por la autoridad judicial competente, siempre bajo los preceptos de la presunci\u00f3n de inocencia, consagrados en el art\u00edculo 29 de la Constituci\u00f3n Pol\u00edtica y el art\u00edculo 7\u00ba de la Ley 906 de 2004.<\/em><\/p>\n<p style=\"font-weight: 400;\"><strong>\u00a0Tambi\u00e9n le puede interesar:\u00a0<\/strong><strong>\u00a0<\/strong><strong><a href=\"https:\/\/www.fiscalia.gov.co\/colombia\/noticias\/a-la-carcel-fue-enviado-un-hombre-como-presunto-responsable-del-delito-de-acceso-carnal-violento-contra-una-joven-que-luego-se-quito-la-vida\/\" data-saferedirecturl=\"https:\/\/www.google.com\/url?q=https:\/\/www.fiscalia.gov.co\/colombia\/noticias\/a-la-carcel-fue-enviado-un-hombre-como-presunto-responsable-del-delito-de-acceso-carnal-violento-contra-una-joven-que-luego-se-quito-la-vida\/&amp;source=gmail&amp;ust=1639582793998000&amp;usg=AOvVaw3vWFz8BoRBELTPRXwwxOx9\">A la c\u00e1rcel fue enviado un hombre como presunto responsable\u00a0del delito de acceso carnal violento contra una joven que luego se quit\u00f3 la vida<\/a><\/strong><\/p>\n<h3><\/h3>\n<p style=\"font-weight: 400;\">\n\n<div class=\"twitter-share\"><a href=\"https:\/\/twitter.com\/intent\/tweet?via=fiscaliacol\" class=\"twitter-share-button\">Tweet<\/a><\/div>\n","protected":false},"excerpt":{"rendered":"<p>Un juez con funci\u00f3n de control de garant\u00edas acogi\u00f3 la solicitud de la Fiscal\u00eda e impuso\u00a0medida privativa de la libertad en centro de reclusi\u00f3n\u00a0en contra de dos hombres que presuntamente son responsables de\u00a0delitos sexuales\u00a0en Neiva y San Agust\u00edn (Huila).\u00a0Ninguno se allan\u00f3 a cargos. Uno de los casos ocurri\u00f3 el pasado 3 de octubre en\u00a0\u00a0el barrio [&hellip;]<\/p>\n","protected":false},"author":176,"featured_media":0,"comment_status":"closed","ping_status":"open","sticky":false,"template":"","format":"standard","meta":{"tdm_status":"","tdm_grid_status":"","footnotes":""},"categories":[1,333,303],"tags":[23966,17825,6984,29856,16,29857,24645],"class_list":{"0":"post-236931","1":"post","2":"type-post","3":"status-publish","4":"format-standard","6":"category-noticias","7":"category-seccional-neiva","8":"category-seccionales","9":"tag-acceso-carnal-violento","10":"tag-acto-sexual-violento","11":"tag-antecedentes","12":"tag-condena-vigente-hurto","13":"tag-huila","14":"tag-nieva","15":"tag-san-agustin"},"yoast_head":"<!-- This site is optimized with the Yoast SEO plugin v24.3 - https:\/\/yoast.com\/wordpress\/plugins\/seo\/ -->\n<title>Fiscal\u00eda General de la Naci\u00f3n<\/title>\n<meta name=\"description\" content=\"P\u00e1gina oficial de la Fiscal\u00eda General de la Naci\u00f3n \u2013 Colombia. Garantizamos el acceso efectivo a la justicia, la verdad y la reparaci\u00f3n de las v\u00edctimas de los delitos.\" \/>\n<meta name=\"robots\" content=\"noindex, follow\" \/>\n<meta property=\"og:locale\" content=\"es_ES\" \/>\n<meta property=\"og:type\" content=\"article\" \/>\n<meta property=\"og:title\" content=\"Fiscal\u00eda General de la Naci\u00f3n\" \/>\n<meta property=\"og:description\" content=\"P\u00e1gina oficial de la Fiscal\u00eda General de la Naci\u00f3n \u2013 Colombia. Garantizamos el acceso efectivo a la justicia, la verdad y la reparaci\u00f3n de las v\u00edctimas de los delitos.\" \/>\n<meta property=\"og:url\" content=\"https:\/\/www.fiscalia.gov.co\/colombia\/noticias\/dos-personas-fueron-aseguradas-como-presuntas-responsables-de-actos-sexuales-violentos\/\" \/>\n<meta property=\"og:site_name\" content=\"Fiscal\u00eda General de la Naci\u00f3n\" \/>\n<meta property=\"article:publisher\" content=\"https:\/\/www.facebook.com\/FiscaliaCol\" \/>\n<meta property=\"article:published_time\" content=\"2021-12-14T15:47:34+00:00\" \/>\n<meta property=\"og:image\" content=\"https:\/\/www.fiscalia.gov.co\/colombia\/wp-content\/uploads\/Fernando-Salamanca-Cruz.jpeg\" \/>\n<meta name=\"author\" content=\"Johanna Black Prieto Pe\u00f1a\" \/>\n<meta name=\"twitter:card\" content=\"summary_large_image\" \/>\n<meta name=\"twitter:creator\" content=\"@FiscaliaCol\" \/>\n<meta name=\"twitter:site\" content=\"@FiscaliaCol\" \/>\n<meta name=\"twitter:label1\" content=\"Escrito por\" \/>\n\t<meta name=\"twitter:data1\" content=\"Johanna Black Prieto Pe\u00f1a\" \/>\n\t<meta name=\"twitter:label2\" content=\"Tiempo de lectura\" \/>\n\t<meta name=\"twitter:data2\" content=\"2 minutos\" \/>\n<script type=\"application\/ld+json\" class=\"yoast-schema-graph\">{\"@context\":\"https:\/\/schema.org\",\"@graph\":[{\"@type\":\"Article\",\"@id\":\"https:\/\/www.fiscalia.gov.co\/colombia\/noticias\/dos-personas-fueron-aseguradas-como-presuntas-responsables-de-actos-sexuales-violentos\/#article\",\"isPartOf\":{\"@id\":\"https:\/\/www.fiscalia.gov.co\/colombia\/noticias\/dos-personas-fueron-aseguradas-como-presuntas-responsables-de-actos-sexuales-violentos\/\"},\"author\":{\"name\":\"Johanna Black Prieto Pe\u00f1a\",\"@id\":\"https:\/\/www.fiscalia.gov.co\/colombia\/#\/schema\/person\/b19b49f26569f91393176a2b3d13a0e5\"},\"headline\":\"Dos personas fueron aseguradas como presuntas responsables de actos sexuales violentos\",\"datePublished\":\"2021-12-14T15:47:34+00:00\",\"dateModified\":\"2021-12-14T15:47:34+00:00\",\"mainEntityOfPage\":{\"@id\":\"https:\/\/www.fiscalia.gov.co\/colombia\/noticias\/dos-personas-fueron-aseguradas-como-presuntas-responsables-de-actos-sexuales-violentos\/\"},\"wordCount\":474,\"publisher\":{\"@id\":\"https:\/\/www.fiscalia.gov.co\/colombia\/#organization\"},\"image\":{\"@id\":\"https:\/\/www.fiscalia.gov.co\/colombia\/noticias\/dos-personas-fueron-aseguradas-como-presuntas-responsables-de-actos-sexuales-violentos\/#primaryimage\"},\"thumbnailUrl\":\"https:\/\/www.fiscalia.gov.co\/colombia\/wp-content\/uploads\/Fernando-Salamanca-Cruz.jpeg\",\"keywords\":[\"Acceso carnal violento\",\"acto sexual violento\",\"Antecedentes\",\"condena vigente hurto\",\"Huila\",\"Nieva\",\"San Agust\u00edn\"],\"articleSection\":[\"Noticias\",\"Seccional Neiva\",\"Seccionales\"],\"inLanguage\":\"es-CO\"},{\"@type\":\"WebPage\",\"@id\":\"https:\/\/www.fiscalia.gov.co\/colombia\/noticias\/dos-personas-fueron-aseguradas-como-presuntas-responsables-de-actos-sexuales-violentos\/\",\"url\":\"https:\/\/www.fiscalia.gov.co\/colombia\/noticias\/dos-personas-fueron-aseguradas-como-presuntas-responsables-de-actos-sexuales-violentos\/\",\"name\":\"Fiscal\u00eda General de la Naci\u00f3n\",\"isPartOf\":{\"@id\":\"https:\/\/www.fiscalia.gov.co\/colombia\/#website\"},\"primaryImageOfPage\":{\"@id\":\"https:\/\/www.fiscalia.gov.co\/colombia\/noticias\/dos-personas-fueron-aseguradas-como-presuntas-responsables-de-actos-sexuales-violentos\/#primaryimage\"},\"image\":{\"@id\":\"https:\/\/www.fiscalia.gov.co\/colombia\/noticias\/dos-personas-fueron-aseguradas-como-presuntas-responsables-de-actos-sexuales-violentos\/#primaryimage\"},\"thumbnailUrl\":\"https:\/\/www.fiscalia.gov.co\/colombia\/wp-content\/uploads\/Fernando-Salamanca-Cruz.jpeg\",\"datePublished\":\"2021-12-14T15:47:34+00:00\",\"dateModified\":\"2021-12-14T15:47:34+00:00\",\"description\":\"P\u00e1gina oficial de la Fiscal\u00eda General de la Naci\u00f3n \u2013 Colombia. Garantizamos el acceso efectivo a la justicia, la verdad y la reparaci\u00f3n de las v\u00edctimas de los delitos.\",\"breadcrumb\":{\"@id\":\"https:\/\/www.fiscalia.gov.co\/colombia\/noticias\/dos-personas-fueron-aseguradas-como-presuntas-responsables-de-actos-sexuales-violentos\/#breadcrumb\"},\"inLanguage\":\"es-CO\",\"potentialAction\":[{\"@type\":\"ReadAction\",\"target\":[\"https:\/\/www.fiscalia.gov.co\/colombia\/noticias\/dos-personas-fueron-aseguradas-como-presuntas-responsables-de-actos-sexuales-violentos\/\"]}]},{\"@type\":\"ImageObject\",\"inLanguage\":\"es-CO\",\"@id\":\"https:\/\/www.fiscalia.gov.co\/colombia\/noticias\/dos-personas-fueron-aseguradas-como-presuntas-responsables-de-actos-sexuales-violentos\/#primaryimage\",\"url\":\"https:\/\/www.fiscalia.gov.co\/colombia\/wp-content\/uploads\/Fernando-Salamanca-Cruz.jpeg\",\"contentUrl\":\"https:\/\/www.fiscalia.gov.co\/colombia\/wp-content\/uploads\/Fernando-Salamanca-Cruz.jpeg\",\"width\":1280,\"height\":887,\"caption\":\"\u00a0Funcionarios del CTI capturaron a los dos judicializados en Neiva y Pitalito(Huila).\u00a0\u00a0\"},{\"@type\":\"BreadcrumbList\",\"@id\":\"https:\/\/www.fiscalia.gov.co\/colombia\/noticias\/dos-personas-fueron-aseguradas-como-presuntas-responsables-de-actos-sexuales-violentos\/#breadcrumb\",\"itemListElement\":[{\"@type\":\"ListItem\",\"position\":1,\"name\":\"Home\",\"item\":\"https:\/\/www.fiscalia.gov.co\/colombia\/\"},{\"@type\":\"ListItem\",\"position\":2,\"name\":\"Dos personas fueron aseguradas como presuntas responsables de actos sexuales violentos\"}]},{\"@type\":\"WebSite\",\"@id\":\"https:\/\/www.fiscalia.gov.co\/colombia\/#website\",\"url\":\"https:\/\/www.fiscalia.gov.co\/colombia\/\",\"name\":\"Fiscal\u00eda General de la Naci\u00f3n\",\"description\":\"P\u00e1gina oficial de la Fiscal\u00eda General de la Naci\u00f3n \u2013 Colombia. Garantizamos el acceso efectivo a la justicia, la verdad y la reparaci\u00f3n de las v\u00edctimas de los delitos.\",\"publisher\":{\"@id\":\"https:\/\/www.fiscalia.gov.co\/colombia\/#organization\"},\"potentialAction\":[{\"@type\":\"SearchAction\",\"target\":{\"@type\":\"EntryPoint\",\"urlTemplate\":\"https:\/\/www.fiscalia.gov.co\/colombia\/?s={search_term_string}\"},\"query-input\":{\"@type\":\"PropertyValueSpecification\",\"valueRequired\":true,\"valueName\":\"search_term_string\"}}],\"inLanguage\":\"es-CO\"},{\"@type\":\"Organization\",\"@id\":\"https:\/\/www.fiscalia.gov.co\/colombia\/#organization\",\"name\":\"Fiscal\u00eda General de la Naci\u00f3n\",\"url\":\"https:\/\/www.fiscalia.gov.co\/colombia\/\",\"logo\":{\"@type\":\"ImageObject\",\"inLanguage\":\"es-CO\",\"@id\":\"https:\/\/www.fiscalia.gov.co\/colombia\/#\/schema\/logo\/image\/\",\"url\":\"https:\/\/www.fiscalia.gov.co\/colombia\/wp-content\/uploads\/LogoHorizontal_1.jpg\",\"contentUrl\":\"https:\/\/www.fiscalia.gov.co\/colombia\/wp-content\/uploads\/LogoHorizontal_1.jpg\",\"width\":300,\"height\":90,\"caption\":\"Fiscal\u00eda General de la Naci\u00f3n\"},\"image\":{\"@id\":\"https:\/\/www.fiscalia.gov.co\/colombia\/#\/schema\/logo\/image\/\"},\"sameAs\":[\"https:\/\/www.facebook.com\/FiscaliaCol\",\"https:\/\/x.com\/FiscaliaCol\",\"https:\/\/www.instagram.com\/fiscaliacol\",\"https:\/\/www.linkedin.com\/company\/fiscalia-general-de-la-naci-n\/\",\"https:\/\/youtube.com\/@fiscaliageneraldelanacion-4668?si=6nN79nyQICPU5iTh\"]},{\"@type\":\"Person\",\"@id\":\"https:\/\/www.fiscalia.gov.co\/colombia\/#\/schema\/person\/b19b49f26569f91393176a2b3d13a0e5\",\"name\":\"Johanna Black Prieto Pe\u00f1a\",\"image\":{\"@type\":\"ImageObject\",\"inLanguage\":\"es-CO\",\"@id\":\"https:\/\/www.fiscalia.gov.co\/colombia\/#\/schema\/person\/image\/\",\"url\":\"https:\/\/secure.gravatar.com\/avatar\/7f04518e1774335e76d761d76f04003e?s=96&d=mm&r=g\",\"contentUrl\":\"https:\/\/secure.gravatar.com\/avatar\/7f04518e1774335e76d761d76f04003e?s=96&d=mm&r=g\",\"caption\":\"Johanna Black Prieto Pe\u00f1a\"},\"url\":\"https:\/\/www.fiscalia.gov.co\/colombia\/author\/jprieto\/\"}]}<\/script>\n<!-- \/ Yoast SEO plugin. -->","yoast_head_json":{"title":"Fiscal\u00eda General de la Naci\u00f3n","description":"P\u00e1gina oficial de la Fiscal\u00eda General de la Naci\u00f3n \u2013 Colombia. Garantizamos el acceso efectivo a la justicia, la verdad y la reparaci\u00f3n de las v\u00edctimas de los delitos.","robots":{"index":"noindex","follow":"follow"},"og_locale":"es_ES","og_type":"article","og_title":"Fiscal\u00eda General de la Naci\u00f3n","og_description":"P\u00e1gina oficial de la Fiscal\u00eda General de la Naci\u00f3n \u2013 Colombia. Garantizamos el acceso efectivo a la justicia, la verdad y la reparaci\u00f3n de las v\u00edctimas de los delitos.","og_url":"https:\/\/www.fiscalia.gov.co\/colombia\/noticias\/dos-personas-fueron-aseguradas-como-presuntas-responsables-de-actos-sexuales-violentos\/","og_site_name":"Fiscal\u00eda General de la Naci\u00f3n","article_publisher":"https:\/\/www.facebook.com\/FiscaliaCol","article_published_time":"2021-12-14T15:47:34+00:00","og_image":[{"url":"https:\/\/www.fiscalia.gov.co\/colombia\/wp-content\/uploads\/Fernando-Salamanca-Cruz.jpeg","type":"","width":"","height":""}],"author":"Johanna Black Prieto Pe\u00f1a","twitter_card":"summary_large_image","twitter_creator":"@FiscaliaCol","twitter_site":"@FiscaliaCol","twitter_misc":{"Escrito por":"Johanna Black Prieto Pe\u00f1a","Tiempo de lectura":"2 minutos"},"schema":{"@context":"https:\/\/schema.org","@graph":[{"@type":"Article","@id":"https:\/\/www.fiscalia.gov.co\/colombia\/noticias\/dos-personas-fueron-aseguradas-como-presuntas-responsables-de-actos-sexuales-violentos\/#article","isPartOf":{"@id":"https:\/\/www.fiscalia.gov.co\/colombia\/noticias\/dos-personas-fueron-aseguradas-como-presuntas-responsables-de-actos-sexuales-violentos\/"},"author":{"name":"Johanna Black Prieto Pe\u00f1a","@id":"https:\/\/www.fiscalia.gov.co\/colombia\/#\/schema\/person\/b19b49f26569f91393176a2b3d13a0e5"},"headline":"Dos personas fueron aseguradas como presuntas responsables de actos sexuales violentos","datePublished":"2021-12-14T15:47:34+00:00","dateModified":"2021-12-14T15:47:34+00:00","mainEntityOfPage":{"@id":"https:\/\/www.fiscalia.gov.co\/colombia\/noticias\/dos-personas-fueron-aseguradas-como-presuntas-responsables-de-actos-sexuales-violentos\/"},"wordCount":474,"publisher":{"@id":"https:\/\/www.fiscalia.gov.co\/colombia\/#organization"},"image":{"@id":"https:\/\/www.fiscalia.gov.co\/colombia\/noticias\/dos-personas-fueron-aseguradas-como-presuntas-responsables-de-actos-sexuales-violentos\/#primaryimage"},"thumbnailUrl":"https:\/\/www.fiscalia.gov.co\/colombia\/wp-content\/uploads\/Fernando-Salamanca-Cruz.jpeg","keywords":["Acceso carnal violento","acto sexual violento","Antecedentes","condena vigente hurto","Huila","Nieva","San Agust\u00edn"],"articleSection":["Noticias","Seccional Neiva","Seccionales"],"inLanguage":"es-CO"},{"@type":"WebPage","@id":"https:\/\/www.fiscalia.gov.co\/colombia\/noticias\/dos-personas-fueron-aseguradas-como-presuntas-responsables-de-actos-sexuales-violentos\/","url":"https:\/\/www.fiscalia.gov.co\/colombia\/noticias\/dos-personas-fueron-aseguradas-como-presuntas-responsables-de-actos-sexuales-violentos\/","name":"Fiscal\u00eda General de la Naci\u00f3n","isPartOf":{"@id":"https:\/\/www.fiscalia.gov.co\/colombia\/#website"},"primaryImageOfPage":{"@id":"https:\/\/www.fiscalia.gov.co\/colombia\/noticias\/dos-personas-fueron-aseguradas-como-presuntas-responsables-de-actos-sexuales-violentos\/#primaryimage"},"image":{"@id":"https:\/\/www.fiscalia.gov.co\/colombia\/noticias\/dos-personas-fueron-aseguradas-como-presuntas-responsables-de-actos-sexuales-violentos\/#primaryimage"},"thumbnailUrl":"https:\/\/www.fiscalia.gov.co\/colombia\/wp-content\/uploads\/Fernando-Salamanca-Cruz.jpeg","datePublished":"2021-12-14T15:47:34+00:00","dateModified":"2021-12-14T15:47:34+00:00","description":"P\u00e1gina oficial de la Fiscal\u00eda General de la Naci\u00f3n \u2013 Colombia. Garantizamos el acceso efectivo a la justicia, la verdad y la reparaci\u00f3n de las v\u00edctimas de los delitos.","breadcrumb":{"@id":"https:\/\/www.fiscalia.gov.co\/colombia\/noticias\/dos-personas-fueron-aseguradas-como-presuntas-responsables-de-actos-sexuales-violentos\/#breadcrumb"},"inLanguage":"es-CO","potentialAction":[{"@type":"ReadAction","target":["https:\/\/www.fiscalia.gov.co\/colombia\/noticias\/dos-personas-fueron-aseguradas-como-presuntas-responsables-de-actos-sexuales-violentos\/"]}]},{"@type":"ImageObject","inLanguage":"es-CO","@id":"https:\/\/www.fiscalia.gov.co\/colombia\/noticias\/dos-personas-fueron-aseguradas-como-presuntas-responsables-de-actos-sexuales-violentos\/#primaryimage","url":"https:\/\/www.fiscalia.gov.co\/colombia\/wp-content\/uploads\/Fernando-Salamanca-Cruz.jpeg","contentUrl":"https:\/\/www.fiscalia.gov.co\/colombia\/wp-content\/uploads\/Fernando-Salamanca-Cruz.jpeg","width":1280,"height":887,"caption":"\u00a0Funcionarios del CTI capturaron a los dos judicializados en Neiva y Pitalito(Huila).\u00a0\u00a0"},{"@type":"BreadcrumbList","@id":"https:\/\/www.fiscalia.gov.co\/colombia\/noticias\/dos-personas-fueron-aseguradas-como-presuntas-responsables-de-actos-sexuales-violentos\/#breadcrumb","itemListElement":[{"@type":"ListItem","position":1,"name":"Home","item":"https:\/\/www.fiscalia.gov.co\/colombia\/"},{"@type":"ListItem","position":2,"name":"Dos personas fueron aseguradas como presuntas responsables de actos sexuales violentos"}]},{"@type":"WebSite","@id":"https:\/\/www.fiscalia.gov.co\/colombia\/#website","url":"https:\/\/www.fiscalia.gov.co\/colombia\/","name":"Fiscal\u00eda General de la Naci\u00f3n","description":"P\u00e1gina oficial de la Fiscal\u00eda General de la Naci\u00f3n \u2013 Colombia. Garantizamos el acceso efectivo a la justicia, la verdad y la reparaci\u00f3n de las v\u00edctimas de los delitos.","publisher":{"@id":"https:\/\/www.fiscalia.gov.co\/colombia\/#organization"},"potentialAction":[{"@type":"SearchAction","target":{"@type":"EntryPoint","urlTemplate":"https:\/\/www.fiscalia.gov.co\/colombia\/?s={search_term_string}"},"query-input":{"@type":"PropertyValueSpecification","valueRequired":true,"valueName":"search_term_string"}}],"inLanguage":"es-CO"},{"@type":"Organization","@id":"https:\/\/www.fiscalia.gov.co\/colombia\/#organization","name":"Fiscal\u00eda General de la Naci\u00f3n","url":"https:\/\/www.fiscalia.gov.co\/colombia\/","logo":{"@type":"ImageObject","inLanguage":"es-CO","@id":"https:\/\/www.fiscalia.gov.co\/colombia\/#\/schema\/logo\/image\/","url":"https:\/\/www.fiscalia.gov.co\/colombia\/wp-content\/uploads\/LogoHorizontal_1.jpg","contentUrl":"https:\/\/www.fiscalia.gov.co\/colombia\/wp-content\/uploads\/LogoHorizontal_1.jpg","width":300,"height":90,"caption":"Fiscal\u00eda General de la Naci\u00f3n"},"image":{"@id":"https:\/\/www.fiscalia.gov.co\/colombia\/#\/schema\/logo\/image\/"},"sameAs":["https:\/\/www.facebook.com\/FiscaliaCol","https:\/\/x.com\/FiscaliaCol","https:\/\/www.instagram.com\/fiscaliacol","https:\/\/www.linkedin.com\/company\/fiscalia-general-de-la-naci-n\/","https:\/\/youtube.com\/@fiscaliageneraldelanacion-4668?si=6nN79nyQICPU5iTh"]},{"@type":"Person","@id":"https:\/\/www.fiscalia.gov.co\/colombia\/#\/schema\/person\/b19b49f26569f91393176a2b3d13a0e5","name":"Johanna Black Prieto Pe\u00f1a","image":{"@type":"ImageObject","inLanguage":"es-CO","@id":"https:\/\/www.fiscalia.gov.co\/colombia\/#\/schema\/person\/image\/","url":"https:\/\/secure.gravatar.com\/avatar\/7f04518e1774335e76d761d76f04003e?s=96&d=mm&r=g","contentUrl":"https:\/\/secure.gravatar.com\/avatar\/7f04518e1774335e76d761d76f04003e?s=96&d=mm&r=g","caption":"Johanna Black Prieto Pe\u00f1a"},"url":"https:\/\/www.fiscalia.gov.co\/colombia\/author\/jprieto\/"}]}},"_links":{"self":[{"href":"https:\/\/www.fiscalia.gov.co\/colombia\/wp-json\/wp\/v2\/posts\/236931","targetHints":{"allow":["GET"]}}],"collection":[{"href":"https:\/\/www.fiscalia.gov.co\/colombia\/wp-json\/wp\/v2\/posts"}],"about":[{"href":"https:\/\/www.fiscalia.gov.co\/colombia\/wp-json\/wp\/v2\/types\/post"}],"author":[{"embeddable":true,"href":"https:\/\/www.fiscalia.gov.co\/colombia\/wp-json\/wp\/v2\/users\/176"}],"replies":[{"embeddable":true,"href":"https:\/\/www.fiscalia.gov.co\/colombia\/wp-json\/wp\/v2\/comments?post=236931"}],"version-history":[{"count":1,"href":"https:\/\/www.fiscalia.gov.co\/colombia\/wp-json\/wp\/v2\/posts\/236931\/revisions"}],"predecessor-version":[{"id":236934,"href":"https:\/\/www.fiscalia.gov.co\/colombia\/wp-json\/wp\/v2\/posts\/236931\/revisions\/236934"}],"wp:attachment":[{"href":"https:\/\/www.fiscalia.gov.co\/colombia\/wp-json\/wp\/v2\/media?parent=236931"}],"wp:term":[{"taxonomy":"category","embeddable":true,"href":"https:\/\/www.fiscalia.gov.co\/colombia\/wp-json\/wp\/v2\/categories?post=236931"},{"taxonomy":"post_tag","embeddable":true,"href":"https:\/\/www.fiscalia.gov.co\/colombia\/wp-json\/wp\/v2\/tags?post=236931"}],"curies":[{"name":"wp","href":"https:\/\/api.w.org\/{rel}","templated":true}]}}