{"id":236907,"date":"2021-12-14T09:34:57","date_gmt":"2021-12-14T14:34:57","guid":{"rendered":"https:\/\/www.fiscalia.gov.co\/colombia\/?p=236907"},"modified":"2021-12-14T09:34:57","modified_gmt":"2021-12-14T14:34:57","slug":"privadas-de-la-libertad-seis-personas-por-presunto-trafico-de-sustancias-sinteticas-en-ibague-tolima","status":"publish","type":"post","link":"https:\/\/www.fiscalia.gov.co\/colombia\/noticias\/privadas-de-la-libertad-seis-personas-por-presunto-trafico-de-sustancias-sinteticas-en-ibague-tolima\/","title":{"rendered":"Privadas de la libertad seis personas por presunto tr\u00e1fico de sustancias sint\u00e9ticas en Ibagu\u00e9, Tolima"},"content":{"rendered":"<h4><em><strong>\u00a0Al parecer mezclaban medicamentos con ciertos compuestos para producir narc\u00f3ticos que luego comercializaban en fiestas y centros nocturnos de la ciudad.<\/strong><\/em><\/h4>\n<p>Por el delito de concierto para delinquir para cometer delitos de tr\u00e1fico, fabricaci\u00f3n o porte de estupefacientes, la Fiscal\u00eda General de la Naci\u00f3n imput\u00f3 cargos y logr\u00f3 medida de aseguramiento privativa de la libertad en contra de seis j\u00f3venes, se\u00f1alados por un despacho especializado adscrito a la Unidad Antinarc\u00f3ticos de la Seccional Tolima de integrar una organizaci\u00f3n delincuencial denominada Los Keta.<\/p>\n<p><img loading=\"lazy\" decoding=\"async\" class=\"size-full wp-image-236908\" src=\"https:\/\/www.fiscalia.gov.co\/colombia\/wp-content\/uploads\/los-ketas-estupefacientes-ibague.jpeg\" alt=\"\" width=\"1280\" height=\"678\" srcset=\"https:\/\/www.fiscalia.gov.co\/colombia\/wp-content\/uploads\/los-ketas-estupefacientes-ibague.jpeg 1280w, https:\/\/www.fiscalia.gov.co\/colombia\/wp-content\/uploads\/los-ketas-estupefacientes-ibague-300x159.jpeg 300w, https:\/\/www.fiscalia.gov.co\/colombia\/wp-content\/uploads\/los-ketas-estupefacientes-ibague-1024x542.jpeg 1024w, https:\/\/www.fiscalia.gov.co\/colombia\/wp-content\/uploads\/los-ketas-estupefacientes-ibague-768x407.jpeg 768w, https:\/\/www.fiscalia.gov.co\/colombia\/wp-content\/uploads\/los-ketas-estupefacientes-ibague-696x369.jpeg 696w, https:\/\/www.fiscalia.gov.co\/colombia\/wp-content\/uploads\/los-ketas-estupefacientes-ibague-1068x566.jpeg 1068w, https:\/\/www.fiscalia.gov.co\/colombia\/wp-content\/uploads\/los-ketas-estupefacientes-ibague-793x420.jpeg 793w\" sizes=\"auto, (max-width: 1280px) 100vw, 1280px\" \/><\/p>\n<p>Los procesados fueron detenidos mediante cuatro diligencias de allanamiento y registro en diferentes sectores de Ibagu\u00e9 el pasado 6 de diciembre.<\/p>\n<p>Ellos son Hern\u00e1n Sebasti\u00e1n Guevara \u00c1vila, Dylan Steven G\u00f3mez P\u00e9rez, Luis David Botero Carvajal, Nelson David Plazas astillo y Marlon Steven Ria\u00f1o Guevara. A este \u00faltimo se le imput\u00f3 adicionalmente el delito de\u00a0<a href=\"https:\/\/www.fiscalia.gov.co\/colombia\/noticias\/asegurados-presuntos-integrantes-de-banda-criminal-dedicada-al-trafico-de-estupefacientes-en-bello-antioquia\/\" data-saferedirecturl=\"https:\/\/www.google.com\/url?q=https:\/\/www.fiscalia.gov.co\/colombia\/noticias\/asegurados-presuntos-integrantes-de-banda-criminal-dedicada-al-trafico-de-estupefacientes-en-bello-antioquia\/&amp;source=gmail&amp;ust=1639574481016000&amp;usg=AOvVaw3e3z_LTy6rPsJFnQrDfpAh\">tr\u00e1fico, fabricaci\u00f3n o porte de estupefacientes<\/a>. Mientras que a Mar\u00eda de los \u00c1ngeles Gallego Mill\u00e1n se\u00a0le impuso\u00a0medida domiciliaria por tratamiento m\u00e9dico en una cl\u00ednica de Cali (Valle del Cauca)<\/p>\n<p>Ninguno acept\u00f3 los cargos enrostrados por el delegado del ente acusador.<\/p>\n<p><strong>Los hechos<\/strong><\/p>\n<p>Los Keta al parecer se dedicar\u00edan a la comercializaci\u00f3n de sustancias alucin\u00f3genas de origen sint\u00e9tico como LSD, 2CB, y anfetaminas, entre otras, donde uno de sus proveedores principales ser\u00eda el grupo delincuencial Los Yerbateros, quienes recientemente fueron judicializados por este mismo despacho fiscal.<\/p>\n<p>Estas sustancias controladas por el Ministerio de Salud, son usadas algunas como relajantes para animales y otras para tratar pacientes psiqui\u00e1tricos.<\/p>\n<p>Su comercializaci\u00f3n ser\u00eda bajo la modalidad de domicilio y en establecimientos comerciales nocturnos. Como clientes principales tendr\u00eda adolescentes de clase media y alta de la capital tolimense.<\/p>\n<p>De las m\u00faltiples labores investigativas las autoridades lograron establecer que los procesados elaboraban sustancias sint\u00e9ticas con medicamentos controlados como ketamina, oxicodona clorhidrato, clonazepam y rivotril, entre otros.<\/p>\n<p>Es as\u00ed como cumpliendo roles y labores precisas dentro del grupo delictivo, Dylan se encargaba de ingresar a la ciudad la materia prima para la elaboraci\u00f3n de las sustancias sint\u00e9ticas, procedente de Bogot\u00e1 y Medell\u00edn.<\/p>\n<p>Entretanto, Luis David, conocido como &#8216;el loco&#8217;, comercializaba todas las sustancias a domicilio, entre naturales y sint\u00e9ticas, lo cual coordinaba a trav\u00e9s del uso de l\u00edneas telef\u00f3nicas mediante lenguaje cifrado.<\/p>\n<p>Por su parte, Hern\u00e1n Sebasti\u00e1n cumpl\u00eda el rol de expendedor tanto de marihuana y coca\u00edna, as\u00ed como de sint\u00e9ticas, entreg\u00e1ndolas bajo las modalidades ya descritas.<\/p>\n<p>Mismo papel desempe\u00f1ar\u00edan Marlon Steven, Nelson David y Mar\u00eda de Los \u00c1ngeles. Esta \u00faltima se dedicar\u00eda adem\u00e1s a recibir la materia prima para la elaboraci\u00f3n de las pastillas sint\u00e9ticas, enviada desde Bogot\u00e1 y Medell\u00edn.<\/p>\n<p>Se tiene registrado que en alg\u00fan tiempo estuvo vendiendo no s\u00f3lo a domicilio y en establecimientos nocturnos, sino tambi\u00e9n en un apartamento donde estuvo residiendo en un reconocido barrio de la ciudad.<\/p>\n<p>La Fiscal\u00eda inform\u00f3 durante las audiencias preliminares que logr\u00f3 tres materialidades de la organizaci\u00f3n entre el a\u00f1o 2020 y la vigencia actual, entre estas la incautaci\u00f3n de varias tabletas de oxicodona clorhidrato y rivotril clonazepam en empaque original, las cuales hab\u00edan sido enviadas por Luis a sus c\u00f3mplices.<\/p>\n<p>Todos permanecer\u00e1n privados de la libertad hasta resolverse su situaci\u00f3n jur\u00eddica.<\/p>\n<p>Cabe resaltar que los procesados fueron detenidos mediante cuatro diligencias de allanamiento y registro en diferentes sectores de Ibagu\u00e9 el pasado 6 de diciembre en una labor coordinada entre servidores del Cuerpo T\u00e9cnico de Investigaci\u00f3n (CTI) de la Fiscal\u00eda General de la Naci\u00f3n y personal de la polic\u00eda judicial Sij\u00edn de la Polic\u00eda Nacional.<\/p>\n<p>La Fiscal\u00eda habla con resultados.<\/p>\n<p>PAAM\/JDO\/CFG<\/p>\n<p>&nbsp;<\/p>\n<p>&nbsp;<\/p>\n\n<div class=\"twitter-share\"><a href=\"https:\/\/twitter.com\/intent\/tweet?via=fiscaliacol\" class=\"twitter-share-button\">Tweet<\/a><\/div>\n","protected":false},"excerpt":{"rendered":"<p>\u00a0Al parecer mezclaban medicamentos con ciertos compuestos para producir narc\u00f3ticos que luego comercializaban en fiestas y centros nocturnos de la ciudad. Por el delito de concierto para delinquir para cometer [&hellip;]<\/p>\n","protected":false},"author":176,"featured_media":0,"comment_status":"closed","ping_status":"open","sticky":false,"template":"","format":"standard","meta":{"tdm_status":"","tdm_grid_status":"","footnotes":""},"categories":[1,321,303,24103],"tags":[28814,12563,29851,14503,29852,83,25824,1047,26133,29850,29853,29854,29849,25890,155],"class_list":["post-236907","post","type-post","status-publish","format-standard","category-noticias","category-seccional-bogota","category-seccionales","category-trafico-de-estupefacientes","tag-2cb","tag-anfetaminas","tag-centros-nocturnos","tag-cocaina-rosada","tag-comercializacion-de-sustancias-ilicitas","tag-concierto-para-delinquir","tag-fiestas","tag-fiscalia-general-de-la-nacion","tag-ketamina","tag-ministerio-de-salud","tag-oxicodona-clorhidrato","tag-rivotril","tag-sustancias-controladas","tag-sustancias-sinteticas","tag-trafico-de-estupefacientes"],"yoast_head":"<!-- This site is optimized with the Yoast SEO plugin v24.3 - https:\/\/yoast.com\/wordpress\/plugins\/seo\/ -->\n<title>Fiscal\u00eda General de la Naci\u00f3n<\/title>\n<meta name=\"description\" content=\"P\u00e1gina oficial de la Fiscal\u00eda General de la Naci\u00f3n \u2013 Colombia. Garantizamos el acceso efectivo a la justicia, la verdad y la reparaci\u00f3n de las v\u00edctimas de los delitos.\" \/>\n<meta name=\"robots\" content=\"noindex, follow\" \/>\n<meta property=\"og:locale\" content=\"es_ES\" \/>\n<meta property=\"og:type\" content=\"article\" \/>\n<meta property=\"og:title\" content=\"Fiscal\u00eda General de la Naci\u00f3n\" \/>\n<meta property=\"og:description\" content=\"P\u00e1gina oficial de la Fiscal\u00eda General de la Naci\u00f3n \u2013 Colombia. Garantizamos el acceso efectivo a la justicia, la verdad y la reparaci\u00f3n de las v\u00edctimas de los delitos.\" \/>\n<meta property=\"og:url\" content=\"https:\/\/www.fiscalia.gov.co\/colombia\/noticias\/privadas-de-la-libertad-seis-personas-por-presunto-trafico-de-sustancias-sinteticas-en-ibague-tolima\/\" \/>\n<meta property=\"og:site_name\" content=\"Fiscal\u00eda General de la Naci\u00f3n\" \/>\n<meta property=\"article:publisher\" content=\"https:\/\/www.facebook.com\/FiscaliaCol\" \/>\n<meta property=\"article:published_time\" content=\"2021-12-14T14:34:57+00:00\" \/>\n<meta property=\"og:image\" content=\"https:\/\/www.fiscalia.gov.co\/colombia\/wp-content\/uploads\/los-ketas-estupefacientes-ibague.jpeg\" \/>\n<meta name=\"author\" content=\"Johanna Black Prieto Pe\u00f1a\" \/>\n<meta name=\"twitter:card\" content=\"summary_large_image\" \/>\n<meta name=\"twitter:creator\" content=\"@FiscaliaCol\" \/>\n<meta name=\"twitter:site\" content=\"@FiscaliaCol\" \/>\n<meta name=\"twitter:label1\" content=\"Escrito por\" \/>\n\t<meta name=\"twitter:data1\" content=\"Johanna Black Prieto Pe\u00f1a\" \/>\n\t<meta name=\"twitter:label2\" content=\"Tiempo de lectura\" \/>\n\t<meta name=\"twitter:data2\" content=\"3 minutos\" \/>\n<script type=\"application\/ld+json\" class=\"yoast-schema-graph\">{\"@context\":\"https:\/\/schema.org\",\"@graph\":[{\"@type\":\"Article\",\"@id\":\"https:\/\/www.fiscalia.gov.co\/colombia\/noticias\/privadas-de-la-libertad-seis-personas-por-presunto-trafico-de-sustancias-sinteticas-en-ibague-tolima\/#article\",\"isPartOf\":{\"@id\":\"https:\/\/www.fiscalia.gov.co\/colombia\/noticias\/privadas-de-la-libertad-seis-personas-por-presunto-trafico-de-sustancias-sinteticas-en-ibague-tolima\/\"},\"author\":{\"name\":\"Johanna Black Prieto Pe\u00f1a\",\"@id\":\"https:\/\/www.fiscalia.gov.co\/colombia\/#\/schema\/person\/b19b49f26569f91393176a2b3d13a0e5\"},\"headline\":\"Privadas de la libertad seis personas por presunto tr\u00e1fico de sustancias sint\u00e9ticas en Ibagu\u00e9, Tolima\",\"datePublished\":\"2021-12-14T14:34:57+00:00\",\"dateModified\":\"2021-12-14T14:34:57+00:00\",\"mainEntityOfPage\":{\"@id\":\"https:\/\/www.fiscalia.gov.co\/colombia\/noticias\/privadas-de-la-libertad-seis-personas-por-presunto-trafico-de-sustancias-sinteticas-en-ibague-tolima\/\"},\"wordCount\":663,\"publisher\":{\"@id\":\"https:\/\/www.fiscalia.gov.co\/colombia\/#organization\"},\"image\":{\"@id\":\"https:\/\/www.fiscalia.gov.co\/colombia\/noticias\/privadas-de-la-libertad-seis-personas-por-presunto-trafico-de-sustancias-sinteticas-en-ibague-tolima\/#primaryimage\"},\"thumbnailUrl\":\"https:\/\/www.fiscalia.gov.co\/colombia\/wp-content\/uploads\/los-ketas-estupefacientes-ibague.jpeg\",\"keywords\":[\"2CB\",\"Anfetaminas\",\"centros nocturnos\",\"Coca\u00edna rosada\",\"comercializaci\u00f3n de sustancias il\u00edcitas\",\"Concierto para delinquir\",\"fiestas\",\"Fiscal\u00eda General de la Naci\u00f3n\",\"ketamina\",\"Ministerio de salud\",\"oxicodona clorhidrato\",\"rivotril\",\"sustancias controladas\",\"sustancias sint\u00e9ticas\",\"Tr\u00e1fico de estupefacientes\"],\"articleSection\":[\"Noticias\",\"Seccional Bogot\u00e1\",\"Seccionales\",\"Tr\u00e1fico de estupefacientes\"],\"inLanguage\":\"es-CO\"},{\"@type\":\"WebPage\",\"@id\":\"https:\/\/www.fiscalia.gov.co\/colombia\/noticias\/privadas-de-la-libertad-seis-personas-por-presunto-trafico-de-sustancias-sinteticas-en-ibague-tolima\/\",\"url\":\"https:\/\/www.fiscalia.gov.co\/colombia\/noticias\/privadas-de-la-libertad-seis-personas-por-presunto-trafico-de-sustancias-sinteticas-en-ibague-tolima\/\",\"name\":\"Fiscal\u00eda General de la Naci\u00f3n\",\"isPartOf\":{\"@id\":\"https:\/\/www.fiscalia.gov.co\/colombia\/#website\"},\"primaryImageOfPage\":{\"@id\":\"https:\/\/www.fiscalia.gov.co\/colombia\/noticias\/privadas-de-la-libertad-seis-personas-por-presunto-trafico-de-sustancias-sinteticas-en-ibague-tolima\/#primaryimage\"},\"image\":{\"@id\":\"https:\/\/www.fiscalia.gov.co\/colombia\/noticias\/privadas-de-la-libertad-seis-personas-por-presunto-trafico-de-sustancias-sinteticas-en-ibague-tolima\/#primaryimage\"},\"thumbnailUrl\":\"https:\/\/www.fiscalia.gov.co\/colombia\/wp-content\/uploads\/los-ketas-estupefacientes-ibague.jpeg\",\"datePublished\":\"2021-12-14T14:34:57+00:00\",\"dateModified\":\"2021-12-14T14:34:57+00:00\",\"description\":\"P\u00e1gina oficial de la Fiscal\u00eda General de la Naci\u00f3n \u2013 Colombia. Garantizamos el acceso efectivo a la justicia, la verdad y la reparaci\u00f3n de las v\u00edctimas de los delitos.\",\"breadcrumb\":{\"@id\":\"https:\/\/www.fiscalia.gov.co\/colombia\/noticias\/privadas-de-la-libertad-seis-personas-por-presunto-trafico-de-sustancias-sinteticas-en-ibague-tolima\/#breadcrumb\"},\"inLanguage\":\"es-CO\",\"potentialAction\":[{\"@type\":\"ReadAction\",\"target\":[\"https:\/\/www.fiscalia.gov.co\/colombia\/noticias\/privadas-de-la-libertad-seis-personas-por-presunto-trafico-de-sustancias-sinteticas-en-ibague-tolima\/\"]}]},{\"@type\":\"ImageObject\",\"inLanguage\":\"es-CO\",\"@id\":\"https:\/\/www.fiscalia.gov.co\/colombia\/noticias\/privadas-de-la-libertad-seis-personas-por-presunto-trafico-de-sustancias-sinteticas-en-ibague-tolima\/#primaryimage\",\"url\":\"https:\/\/www.fiscalia.gov.co\/colombia\/wp-content\/uploads\/los-ketas-estupefacientes-ibague.jpeg\",\"contentUrl\":\"https:\/\/www.fiscalia.gov.co\/colombia\/wp-content\/uploads\/los-ketas-estupefacientes-ibague.jpeg\",\"width\":1280,\"height\":678,\"caption\":\"Los procesados fueron detenidos mediante cuatro diligencias de allanamiento y registro en diferentes sectores de Ibagu\u00e9 el pasado 6 de diciembre.\"},{\"@type\":\"BreadcrumbList\",\"@id\":\"https:\/\/www.fiscalia.gov.co\/colombia\/noticias\/privadas-de-la-libertad-seis-personas-por-presunto-trafico-de-sustancias-sinteticas-en-ibague-tolima\/#breadcrumb\",\"itemListElement\":[{\"@type\":\"ListItem\",\"position\":1,\"name\":\"Home\",\"item\":\"https:\/\/www.fiscalia.gov.co\/colombia\/\"},{\"@type\":\"ListItem\",\"position\":2,\"name\":\"Privadas de la libertad seis personas por presunto tr\u00e1fico de sustancias sint\u00e9ticas en Ibagu\u00e9, Tolima\"}]},{\"@type\":\"WebSite\",\"@id\":\"https:\/\/www.fiscalia.gov.co\/colombia\/#website\",\"url\":\"https:\/\/www.fiscalia.gov.co\/colombia\/\",\"name\":\"Fiscal\u00eda General de la Naci\u00f3n\",\"description\":\"P\u00e1gina oficial de la Fiscal\u00eda General de la Naci\u00f3n \u2013 Colombia. Garantizamos el acceso efectivo a la justicia, la verdad y la reparaci\u00f3n de las v\u00edctimas de los delitos.\",\"publisher\":{\"@id\":\"https:\/\/www.fiscalia.gov.co\/colombia\/#organization\"},\"potentialAction\":[{\"@type\":\"SearchAction\",\"target\":{\"@type\":\"EntryPoint\",\"urlTemplate\":\"https:\/\/www.fiscalia.gov.co\/colombia\/?s={search_term_string}\"},\"query-input\":{\"@type\":\"PropertyValueSpecification\",\"valueRequired\":true,\"valueName\":\"search_term_string\"}}],\"inLanguage\":\"es-CO\"},{\"@type\":\"Organization\",\"@id\":\"https:\/\/www.fiscalia.gov.co\/colombia\/#organization\",\"name\":\"Fiscal\u00eda General de la Naci\u00f3n\",\"url\":\"https:\/\/www.fiscalia.gov.co\/colombia\/\",\"logo\":{\"@type\":\"ImageObject\",\"inLanguage\":\"es-CO\",\"@id\":\"https:\/\/www.fiscalia.gov.co\/colombia\/#\/schema\/logo\/image\/\",\"url\":\"https:\/\/www.fiscalia.gov.co\/colombia\/wp-content\/uploads\/LogoHorizontal_1.jpg\",\"contentUrl\":\"https:\/\/www.fiscalia.gov.co\/colombia\/wp-content\/uploads\/LogoHorizontal_1.jpg\",\"width\":300,\"height\":90,\"caption\":\"Fiscal\u00eda General de la Naci\u00f3n\"},\"image\":{\"@id\":\"https:\/\/www.fiscalia.gov.co\/colombia\/#\/schema\/logo\/image\/\"},\"sameAs\":[\"https:\/\/www.facebook.com\/FiscaliaCol\",\"https:\/\/x.com\/FiscaliaCol\",\"https:\/\/www.instagram.com\/fiscaliacol\",\"https:\/\/www.linkedin.com\/company\/fiscalia-general-de-la-naci-n\/\",\"https:\/\/youtube.com\/@fiscaliageneraldelanacion-4668?si=6nN79nyQICPU5iTh\"]},{\"@type\":\"Person\",\"@id\":\"https:\/\/www.fiscalia.gov.co\/colombia\/#\/schema\/person\/b19b49f26569f91393176a2b3d13a0e5\",\"name\":\"Johanna Black Prieto Pe\u00f1a\",\"image\":{\"@type\":\"ImageObject\",\"inLanguage\":\"es-CO\",\"@id\":\"https:\/\/www.fiscalia.gov.co\/colombia\/#\/schema\/person\/image\/\",\"url\":\"https:\/\/secure.gravatar.com\/avatar\/7f04518e1774335e76d761d76f04003e?s=96&d=mm&r=g\",\"contentUrl\":\"https:\/\/secure.gravatar.com\/avatar\/7f04518e1774335e76d761d76f04003e?s=96&d=mm&r=g\",\"caption\":\"Johanna Black Prieto Pe\u00f1a\"},\"url\":\"https:\/\/www.fiscalia.gov.co\/colombia\/author\/jprieto\/\"}]}<\/script>\n<!-- \/ Yoast SEO plugin. -->","yoast_head_json":{"title":"Fiscal\u00eda General de la Naci\u00f3n","description":"P\u00e1gina oficial de la Fiscal\u00eda General de la Naci\u00f3n \u2013 Colombia. Garantizamos el acceso efectivo a la justicia, la verdad y la reparaci\u00f3n de las v\u00edctimas de los delitos.","robots":{"index":"noindex","follow":"follow"},"og_locale":"es_ES","og_type":"article","og_title":"Fiscal\u00eda General de la Naci\u00f3n","og_description":"P\u00e1gina oficial de la Fiscal\u00eda General de la Naci\u00f3n \u2013 Colombia. Garantizamos el acceso efectivo a la justicia, la verdad y la reparaci\u00f3n de las v\u00edctimas de los delitos.","og_url":"https:\/\/www.fiscalia.gov.co\/colombia\/noticias\/privadas-de-la-libertad-seis-personas-por-presunto-trafico-de-sustancias-sinteticas-en-ibague-tolima\/","og_site_name":"Fiscal\u00eda General de la Naci\u00f3n","article_publisher":"https:\/\/www.facebook.com\/FiscaliaCol","article_published_time":"2021-12-14T14:34:57+00:00","og_image":[{"url":"https:\/\/www.fiscalia.gov.co\/colombia\/wp-content\/uploads\/los-ketas-estupefacientes-ibague.jpeg","type":"","width":"","height":""}],"author":"Johanna Black Prieto Pe\u00f1a","twitter_card":"summary_large_image","twitter_creator":"@FiscaliaCol","twitter_site":"@FiscaliaCol","twitter_misc":{"Escrito por":"Johanna Black Prieto Pe\u00f1a","Tiempo de lectura":"3 minutos"},"schema":{"@context":"https:\/\/schema.org","@graph":[{"@type":"Article","@id":"https:\/\/www.fiscalia.gov.co\/colombia\/noticias\/privadas-de-la-libertad-seis-personas-por-presunto-trafico-de-sustancias-sinteticas-en-ibague-tolima\/#article","isPartOf":{"@id":"https:\/\/www.fiscalia.gov.co\/colombia\/noticias\/privadas-de-la-libertad-seis-personas-por-presunto-trafico-de-sustancias-sinteticas-en-ibague-tolima\/"},"author":{"name":"Johanna Black Prieto Pe\u00f1a","@id":"https:\/\/www.fiscalia.gov.co\/colombia\/#\/schema\/person\/b19b49f26569f91393176a2b3d13a0e5"},"headline":"Privadas de la libertad seis personas por presunto tr\u00e1fico de sustancias sint\u00e9ticas en Ibagu\u00e9, Tolima","datePublished":"2021-12-14T14:34:57+00:00","dateModified":"2021-12-14T14:34:57+00:00","mainEntityOfPage":{"@id":"https:\/\/www.fiscalia.gov.co\/colombia\/noticias\/privadas-de-la-libertad-seis-personas-por-presunto-trafico-de-sustancias-sinteticas-en-ibague-tolima\/"},"wordCount":663,"publisher":{"@id":"https:\/\/www.fiscalia.gov.co\/colombia\/#organization"},"image":{"@id":"https:\/\/www.fiscalia.gov.co\/colombia\/noticias\/privadas-de-la-libertad-seis-personas-por-presunto-trafico-de-sustancias-sinteticas-en-ibague-tolima\/#primaryimage"},"thumbnailUrl":"https:\/\/www.fiscalia.gov.co\/colombia\/wp-content\/uploads\/los-ketas-estupefacientes-ibague.jpeg","keywords":["2CB","Anfetaminas","centros nocturnos","Coca\u00edna rosada","comercializaci\u00f3n de sustancias il\u00edcitas","Concierto para delinquir","fiestas","Fiscal\u00eda General de la Naci\u00f3n","ketamina","Ministerio de salud","oxicodona clorhidrato","rivotril","sustancias controladas","sustancias sint\u00e9ticas","Tr\u00e1fico de estupefacientes"],"articleSection":["Noticias","Seccional Bogot\u00e1","Seccionales","Tr\u00e1fico de estupefacientes"],"inLanguage":"es-CO"},{"@type":"WebPage","@id":"https:\/\/www.fiscalia.gov.co\/colombia\/noticias\/privadas-de-la-libertad-seis-personas-por-presunto-trafico-de-sustancias-sinteticas-en-ibague-tolima\/","url":"https:\/\/www.fiscalia.gov.co\/colombia\/noticias\/privadas-de-la-libertad-seis-personas-por-presunto-trafico-de-sustancias-sinteticas-en-ibague-tolima\/","name":"Fiscal\u00eda General de la Naci\u00f3n","isPartOf":{"@id":"https:\/\/www.fiscalia.gov.co\/colombia\/#website"},"primaryImageOfPage":{"@id":"https:\/\/www.fiscalia.gov.co\/colombia\/noticias\/privadas-de-la-libertad-seis-personas-por-presunto-trafico-de-sustancias-sinteticas-en-ibague-tolima\/#primaryimage"},"image":{"@id":"https:\/\/www.fiscalia.gov.co\/colombia\/noticias\/privadas-de-la-libertad-seis-personas-por-presunto-trafico-de-sustancias-sinteticas-en-ibague-tolima\/#primaryimage"},"thumbnailUrl":"https:\/\/www.fiscalia.gov.co\/colombia\/wp-content\/uploads\/los-ketas-estupefacientes-ibague.jpeg","datePublished":"2021-12-14T14:34:57+00:00","dateModified":"2021-12-14T14:34:57+00:00","description":"P\u00e1gina oficial de la Fiscal\u00eda General de la Naci\u00f3n \u2013 Colombia. Garantizamos el acceso efectivo a la justicia, la verdad y la reparaci\u00f3n de las v\u00edctimas de los delitos.","breadcrumb":{"@id":"https:\/\/www.fiscalia.gov.co\/colombia\/noticias\/privadas-de-la-libertad-seis-personas-por-presunto-trafico-de-sustancias-sinteticas-en-ibague-tolima\/#breadcrumb"},"inLanguage":"es-CO","potentialAction":[{"@type":"ReadAction","target":["https:\/\/www.fiscalia.gov.co\/colombia\/noticias\/privadas-de-la-libertad-seis-personas-por-presunto-trafico-de-sustancias-sinteticas-en-ibague-tolima\/"]}]},{"@type":"ImageObject","inLanguage":"es-CO","@id":"https:\/\/www.fiscalia.gov.co\/colombia\/noticias\/privadas-de-la-libertad-seis-personas-por-presunto-trafico-de-sustancias-sinteticas-en-ibague-tolima\/#primaryimage","url":"https:\/\/www.fiscalia.gov.co\/colombia\/wp-content\/uploads\/los-ketas-estupefacientes-ibague.jpeg","contentUrl":"https:\/\/www.fiscalia.gov.co\/colombia\/wp-content\/uploads\/los-ketas-estupefacientes-ibague.jpeg","width":1280,"height":678,"caption":"Los procesados fueron detenidos mediante cuatro diligencias de allanamiento y registro en diferentes sectores de Ibagu\u00e9 el pasado 6 de diciembre."},{"@type":"BreadcrumbList","@id":"https:\/\/www.fiscalia.gov.co\/colombia\/noticias\/privadas-de-la-libertad-seis-personas-por-presunto-trafico-de-sustancias-sinteticas-en-ibague-tolima\/#breadcrumb","itemListElement":[{"@type":"ListItem","position":1,"name":"Home","item":"https:\/\/www.fiscalia.gov.co\/colombia\/"},{"@type":"ListItem","position":2,"name":"Privadas de la libertad seis personas por presunto tr\u00e1fico de sustancias sint\u00e9ticas en Ibagu\u00e9, Tolima"}]},{"@type":"WebSite","@id":"https:\/\/www.fiscalia.gov.co\/colombia\/#website","url":"https:\/\/www.fiscalia.gov.co\/colombia\/","name":"Fiscal\u00eda General de la Naci\u00f3n","description":"P\u00e1gina oficial de la Fiscal\u00eda General de la Naci\u00f3n \u2013 Colombia. Garantizamos el acceso efectivo a la justicia, la verdad y la reparaci\u00f3n de las v\u00edctimas de los delitos.","publisher":{"@id":"https:\/\/www.fiscalia.gov.co\/colombia\/#organization"},"potentialAction":[{"@type":"SearchAction","target":{"@type":"EntryPoint","urlTemplate":"https:\/\/www.fiscalia.gov.co\/colombia\/?s={search_term_string}"},"query-input":{"@type":"PropertyValueSpecification","valueRequired":true,"valueName":"search_term_string"}}],"inLanguage":"es-CO"},{"@type":"Organization","@id":"https:\/\/www.fiscalia.gov.co\/colombia\/#organization","name":"Fiscal\u00eda General de la Naci\u00f3n","url":"https:\/\/www.fiscalia.gov.co\/colombia\/","logo":{"@type":"ImageObject","inLanguage":"es-CO","@id":"https:\/\/www.fiscalia.gov.co\/colombia\/#\/schema\/logo\/image\/","url":"https:\/\/www.fiscalia.gov.co\/colombia\/wp-content\/uploads\/LogoHorizontal_1.jpg","contentUrl":"https:\/\/www.fiscalia.gov.co\/colombia\/wp-content\/uploads\/LogoHorizontal_1.jpg","width":300,"height":90,"caption":"Fiscal\u00eda General de la Naci\u00f3n"},"image":{"@id":"https:\/\/www.fiscalia.gov.co\/colombia\/#\/schema\/logo\/image\/"},"sameAs":["https:\/\/www.facebook.com\/FiscaliaCol","https:\/\/x.com\/FiscaliaCol","https:\/\/www.instagram.com\/fiscaliacol","https:\/\/www.linkedin.com\/company\/fiscalia-general-de-la-naci-n\/","https:\/\/youtube.com\/@fiscaliageneraldelanacion-4668?si=6nN79nyQICPU5iTh"]},{"@type":"Person","@id":"https:\/\/www.fiscalia.gov.co\/colombia\/#\/schema\/person\/b19b49f26569f91393176a2b3d13a0e5","name":"Johanna Black Prieto Pe\u00f1a","image":{"@type":"ImageObject","inLanguage":"es-CO","@id":"https:\/\/www.fiscalia.gov.co\/colombia\/#\/schema\/person\/image\/","url":"https:\/\/secure.gravatar.com\/avatar\/7f04518e1774335e76d761d76f04003e?s=96&d=mm&r=g","contentUrl":"https:\/\/secure.gravatar.com\/avatar\/7f04518e1774335e76d761d76f04003e?s=96&d=mm&r=g","caption":"Johanna Black Prieto Pe\u00f1a"},"url":"https:\/\/www.fiscalia.gov.co\/colombia\/author\/jprieto\/"}]}},"_links":{"self":[{"href":"https:\/\/www.fiscalia.gov.co\/colombia\/wp-json\/wp\/v2\/posts\/236907","targetHints":{"allow":["GET"]}}],"collection":[{"href":"https:\/\/www.fiscalia.gov.co\/colombia\/wp-json\/wp\/v2\/posts"}],"about":[{"href":"https:\/\/www.fiscalia.gov.co\/colombia\/wp-json\/wp\/v2\/types\/post"}],"author":[{"embeddable":true,"href":"https:\/\/www.fiscalia.gov.co\/colombia\/wp-json\/wp\/v2\/users\/176"}],"replies":[{"embeddable":true,"href":"https:\/\/www.fiscalia.gov.co\/colombia\/wp-json\/wp\/v2\/comments?post=236907"}],"version-history":[{"count":1,"href":"https:\/\/www.fiscalia.gov.co\/colombia\/wp-json\/wp\/v2\/posts\/236907\/revisions"}],"predecessor-version":[{"id":236909,"href":"https:\/\/www.fiscalia.gov.co\/colombia\/wp-json\/wp\/v2\/posts\/236907\/revisions\/236909"}],"wp:attachment":[{"href":"https:\/\/www.fiscalia.gov.co\/colombia\/wp-json\/wp\/v2\/media?parent=236907"}],"wp:term":[{"taxonomy":"category","embeddable":true,"href":"https:\/\/www.fiscalia.gov.co\/colombia\/wp-json\/wp\/v2\/categories?post=236907"},{"taxonomy":"post_tag","embeddable":true,"href":"https:\/\/www.fiscalia.gov.co\/colombia\/wp-json\/wp\/v2\/tags?post=236907"}],"curies":[{"name":"wp","href":"https:\/\/api.w.org\/{rel}","templated":true}]}}