{"id":236888,"date":"2021-12-13T18:51:45","date_gmt":"2021-12-13T23:51:45","guid":{"rendered":"https:\/\/www.fiscalia.gov.co\/colombia\/?p=236888"},"modified":"2021-12-28T16:40:00","modified_gmt":"2021-12-28T21:40:00","slug":"a-la-carcel-la-madre-y-el-padrastro-de-un-menor-de-dos-anos-presuntamente-por-golpear-al-nino-hasta-causarle-la-muerte","status":"publish","type":"post","link":"https:\/\/www.fiscalia.gov.co\/colombia\/noticias\/a-la-carcel-la-madre-y-el-padrastro-de-un-menor-de-dos-anos-presuntamente-por-golpear-al-nino-hasta-causarle-la-muerte\/","title":{"rendered":"A\u00a0la c\u00e1rcel la madre y el padrastro de un menor de dos a\u00f1os, presuntamente por golpear al ni\u00f1o hasta causarle la muerte"},"content":{"rendered":"<h4><strong><em>El Instituto Nacional de Medicina Legal determin\u00f3 que la causa de la muerte del ni\u00f1o fue trauma contundente cerrado de t\u00f3rax.<\/em><\/strong><\/h4>\n<p>De acuerdo con la investigaci\u00f3n adelantada por una fiscal de la Unidad de Vida, con apoyo del CTI de Bogot\u00e1, se conoci\u00f3 que el pasado 3 de diciembre, un menor de 2 a\u00f1os de edad fue llevado al hospital San Jos\u00e9 de Bogot\u00e1 por un golpe en el t\u00f3rax que le produjo la muerte.<\/p>\n<p>Seg\u00fan los hoy procesados ese d\u00eda, la madre, una ciudadana extranjera, dejo bajo cuidado del padrastro al ni\u00f1o de dos a\u00f1os. La mujer al volver a la vivienda, su compa\u00f1ero le relat\u00f3\u00a0 \u00a0que el ni\u00f1o se hab\u00eda ca\u00eddo por las escaleras, y lo traslad\u00f3 al hospital San Jos\u00e9 donde minutos despu\u00e9s falleci\u00f3.<\/p>\n<p>Esta versi\u00f3n fue descartada por los investigadores gracias a los resultados del informe preliminar de necropsia del Instituto Nacional de Medicina Legal que determin\u00f3 que la causa de la muerte del ni\u00f1o de dos a\u00f1os fue; <strong>trauma contundente cerrado de t\u00f3rax en contexto de maltrato cr\u00f3nico.\u00a0<\/strong><\/p>\n<p>Adem\u00e1s, dentro de los elementos materiales probatorios recaudados y labores de vecindario, se conoci\u00f3 que la mujer aparentemente agred\u00eda f\u00edsica y verbalmente al menor. Seg\u00fan testimonios, el ni\u00f1o lloraba cada vez que lo dejaban a solas con su padrastro.<\/p>\n<p>En operativo realizado el 6 de diciembre de 2021, se hicieron efectivas las \u00f3rdenes de captura en contra de esta pareja quienes hace tres meses, viv\u00eda en un paga diario del barrio La Capuchina en el centro de Bogot\u00e1.<\/p>\n<p>En audiencias preliminares la Fiscal\u00eda formul\u00f3 imputaci\u00f3n por los delitos de homicidio agravado en concurso con violencia intrafamiliar agravada.\u00a0 Ninguno de los procesados acepto los cargos imputados.<\/p>\n<p>El Juez 23 Penal Municipal con funci\u00f3n de control de garant\u00edas impuso medida de aseguramiento en establecimiento carcelario en contra de los dos procesados.<\/p>\n<p><strong>La Fiscal\u00eda General de la Naci\u00f3n habla con resultados<\/strong>.<\/p>\n<p>LMFO\/ FLCB\/ FAGH<\/p>\n<p><em>La informaci\u00f3n contenida en este bolet\u00edn de prensa corresponde a la narraci\u00f3n de los hechos noticiosos objetivos, suministrados por los funcionarios encargados de adelantar las investigaciones penales al interior de la Fiscal\u00eda General de la Naci\u00f3n. Para el momento de la divulgaci\u00f3n de este comunicado, la situaci\u00f3n jur\u00eddica de la(s) persona(s) relacionada(s) se encuentra pendiente de resolver por la autoridad judicial competente, siempre bajo los preceptos de la presunci\u00f3n de inocencia, consagrados en el art\u00edculo 29 de la Constituci\u00f3n Pol\u00edtica y el art\u00edculo 7\u00ba de la Ley 906 de 2004.<\/em><\/p>\n\n<div class=\"twitter-share\"><a href=\"https:\/\/twitter.com\/intent\/tweet?via=fiscaliacol\" class=\"twitter-share-button\">Tweet<\/a><\/div>\n","protected":false},"excerpt":{"rendered":"<p>El Instituto Nacional de Medicina Legal determin\u00f3 que la causa de la muerte del ni\u00f1o fue trauma contundente cerrado de t\u00f3rax. De acuerdo con la investigaci\u00f3n adelantada por una fiscal [&hellip;]<\/p>\n","protected":false},"author":176,"featured_media":237531,"comment_status":"closed","ping_status":"open","sticky":false,"template":"","format":"video","meta":{"tdm_status":"","tdm_grid_status":"","footnotes":""},"categories":[1,321,303],"tags":[24185,24401,24189,10,24526],"class_list":["post-236888","post","type-post","status-publish","format-video","has-post-thumbnail","category-noticias","category-seccional-bogota","category-seccionales","tag-fiscal-barbosa","tag-fiscal-barbosa-delgado","tag-fiscal-francisco-barbosa-delgado","tag-fiscal-general","tag-fiscal-general-francisco-barbosa-delgado","post_format-post-format-video"],"yoast_head":"<!-- This site is optimized with the Yoast SEO plugin v24.3 - https:\/\/yoast.com\/wordpress\/plugins\/seo\/ -->\n<title>Fiscal\u00eda General de la Naci\u00f3n<\/title>\n<meta name=\"description\" content=\"P\u00e1gina oficial de la Fiscal\u00eda General de la Naci\u00f3n \u2013 Colombia. Garantizamos el acceso efectivo a la justicia, la verdad y la reparaci\u00f3n de las v\u00edctimas de los delitos.\" \/>\n<meta name=\"robots\" content=\"noindex, follow\" \/>\n<meta property=\"og:locale\" content=\"es_ES\" \/>\n<meta property=\"og:type\" content=\"article\" \/>\n<meta property=\"og:title\" content=\"Fiscal\u00eda General de la Naci\u00f3n\" \/>\n<meta property=\"og:description\" content=\"P\u00e1gina oficial de la Fiscal\u00eda General de la Naci\u00f3n \u2013 Colombia. Garantizamos el acceso efectivo a la justicia, la verdad y la reparaci\u00f3n de las v\u00edctimas de los delitos.\" \/>\n<meta property=\"og:url\" content=\"https:\/\/www.fiscalia.gov.co\/colombia\/noticias\/a-la-carcel-la-madre-y-el-padrastro-de-un-menor-de-dos-anos-presuntamente-por-golpear-al-nino-hasta-causarle-la-muerte\/\" \/>\n<meta property=\"og:site_name\" content=\"Fiscal\u00eda General de la Naci\u00f3n\" \/>\n<meta property=\"article:publisher\" content=\"https:\/\/www.facebook.com\/FiscaliaCol\" \/>\n<meta property=\"article:published_time\" content=\"2021-12-13T23:51:45+00:00\" \/>\n<meta property=\"article:modified_time\" content=\"2021-12-28T21:40:00+00:00\" \/>\n<meta property=\"og:image\" content=\"https:\/\/www.fiscalia.gov.co\/colombia\/wp-content\/uploads\/maxresdefault-276.jpg\" \/>\n\t<meta property=\"og:image:width\" content=\"1280\" \/>\n\t<meta property=\"og:image:height\" content=\"720\" \/>\n\t<meta property=\"og:image:type\" content=\"image\/jpeg\" \/>\n<meta name=\"author\" content=\"Johanna Black Prieto Pe\u00f1a\" \/>\n<meta name=\"twitter:card\" content=\"summary_large_image\" \/>\n<meta name=\"twitter:creator\" content=\"@FiscaliaCol\" \/>\n<meta name=\"twitter:site\" content=\"@FiscaliaCol\" \/>\n<meta name=\"twitter:label1\" content=\"Escrito por\" \/>\n\t<meta name=\"twitter:data1\" content=\"Johanna Black Prieto Pe\u00f1a\" \/>\n\t<meta name=\"twitter:label2\" content=\"Tiempo de lectura\" \/>\n\t<meta name=\"twitter:data2\" content=\"2 minutos\" \/>\n<script type=\"application\/ld+json\" class=\"yoast-schema-graph\">{\"@context\":\"https:\/\/schema.org\",\"@graph\":[{\"@type\":\"Article\",\"@id\":\"https:\/\/www.fiscalia.gov.co\/colombia\/noticias\/a-la-carcel-la-madre-y-el-padrastro-de-un-menor-de-dos-anos-presuntamente-por-golpear-al-nino-hasta-causarle-la-muerte\/#article\",\"isPartOf\":{\"@id\":\"https:\/\/www.fiscalia.gov.co\/colombia\/noticias\/a-la-carcel-la-madre-y-el-padrastro-de-un-menor-de-dos-anos-presuntamente-por-golpear-al-nino-hasta-causarle-la-muerte\/\"},\"author\":{\"name\":\"Johanna Black Prieto Pe\u00f1a\",\"@id\":\"https:\/\/www.fiscalia.gov.co\/colombia\/#\/schema\/person\/b19b49f26569f91393176a2b3d13a0e5\"},\"headline\":\"A\u00a0la c\u00e1rcel la madre y el padrastro de un menor de dos a\u00f1os, presuntamente por golpear al ni\u00f1o hasta causarle la muerte\",\"datePublished\":\"2021-12-13T23:51:45+00:00\",\"dateModified\":\"2021-12-28T21:40:00+00:00\",\"mainEntityOfPage\":{\"@id\":\"https:\/\/www.fiscalia.gov.co\/colombia\/noticias\/a-la-carcel-la-madre-y-el-padrastro-de-un-menor-de-dos-anos-presuntamente-por-golpear-al-nino-hasta-causarle-la-muerte\/\"},\"wordCount\":468,\"publisher\":{\"@id\":\"https:\/\/www.fiscalia.gov.co\/colombia\/#organization\"},\"image\":{\"@id\":\"https:\/\/www.fiscalia.gov.co\/colombia\/noticias\/a-la-carcel-la-madre-y-el-padrastro-de-un-menor-de-dos-anos-presuntamente-por-golpear-al-nino-hasta-causarle-la-muerte\/#primaryimage\"},\"thumbnailUrl\":\"https:\/\/www.fiscalia.gov.co\/colombia\/wp-content\/uploads\/maxresdefault-276.jpg\",\"keywords\":[\"Fiscal Barbosa\",\"Fiscal Barbosa Delgado\",\"Fiscal Francisco Barbosa Delgado\",\"Fiscal General\",\"Fiscal General Francisco Barbosa Delgado\"],\"articleSection\":[\"Noticias\",\"Seccional Bogot\u00e1\",\"Seccionales\"],\"inLanguage\":\"es-CO\"},{\"@type\":\"WebPage\",\"@id\":\"https:\/\/www.fiscalia.gov.co\/colombia\/noticias\/a-la-carcel-la-madre-y-el-padrastro-de-un-menor-de-dos-anos-presuntamente-por-golpear-al-nino-hasta-causarle-la-muerte\/\",\"url\":\"https:\/\/www.fiscalia.gov.co\/colombia\/noticias\/a-la-carcel-la-madre-y-el-padrastro-de-un-menor-de-dos-anos-presuntamente-por-golpear-al-nino-hasta-causarle-la-muerte\/\",\"name\":\"Fiscal\u00eda General de la Naci\u00f3n\",\"isPartOf\":{\"@id\":\"https:\/\/www.fiscalia.gov.co\/colombia\/#website\"},\"primaryImageOfPage\":{\"@id\":\"https:\/\/www.fiscalia.gov.co\/colombia\/noticias\/a-la-carcel-la-madre-y-el-padrastro-de-un-menor-de-dos-anos-presuntamente-por-golpear-al-nino-hasta-causarle-la-muerte\/#primaryimage\"},\"image\":{\"@id\":\"https:\/\/www.fiscalia.gov.co\/colombia\/noticias\/a-la-carcel-la-madre-y-el-padrastro-de-un-menor-de-dos-anos-presuntamente-por-golpear-al-nino-hasta-causarle-la-muerte\/#primaryimage\"},\"thumbnailUrl\":\"https:\/\/www.fiscalia.gov.co\/colombia\/wp-content\/uploads\/maxresdefault-276.jpg\",\"datePublished\":\"2021-12-13T23:51:45+00:00\",\"dateModified\":\"2021-12-28T21:40:00+00:00\",\"description\":\"P\u00e1gina oficial de la Fiscal\u00eda General de la Naci\u00f3n \u2013 Colombia. Garantizamos el acceso efectivo a la justicia, la verdad y la reparaci\u00f3n de las v\u00edctimas de los delitos.\",\"breadcrumb\":{\"@id\":\"https:\/\/www.fiscalia.gov.co\/colombia\/noticias\/a-la-carcel-la-madre-y-el-padrastro-de-un-menor-de-dos-anos-presuntamente-por-golpear-al-nino-hasta-causarle-la-muerte\/#breadcrumb\"},\"inLanguage\":\"es-CO\",\"potentialAction\":[{\"@type\":\"ReadAction\",\"target\":[\"https:\/\/www.fiscalia.gov.co\/colombia\/noticias\/a-la-carcel-la-madre-y-el-padrastro-de-un-menor-de-dos-anos-presuntamente-por-golpear-al-nino-hasta-causarle-la-muerte\/\"]}]},{\"@type\":\"ImageObject\",\"inLanguage\":\"es-CO\",\"@id\":\"https:\/\/www.fiscalia.gov.co\/colombia\/noticias\/a-la-carcel-la-madre-y-el-padrastro-de-un-menor-de-dos-anos-presuntamente-por-golpear-al-nino-hasta-causarle-la-muerte\/#primaryimage\",\"url\":\"https:\/\/www.fiscalia.gov.co\/colombia\/wp-content\/uploads\/maxresdefault-276.jpg\",\"contentUrl\":\"https:\/\/www.fiscalia.gov.co\/colombia\/wp-content\/uploads\/maxresdefault-276.jpg\",\"width\":1280,\"height\":720},{\"@type\":\"BreadcrumbList\",\"@id\":\"https:\/\/www.fiscalia.gov.co\/colombia\/noticias\/a-la-carcel-la-madre-y-el-padrastro-de-un-menor-de-dos-anos-presuntamente-por-golpear-al-nino-hasta-causarle-la-muerte\/#breadcrumb\",\"itemListElement\":[{\"@type\":\"ListItem\",\"position\":1,\"name\":\"Home\",\"item\":\"https:\/\/www.fiscalia.gov.co\/colombia\/\"},{\"@type\":\"ListItem\",\"position\":2,\"name\":\"A\u00a0la c\u00e1rcel la madre y el padrastro de un menor de dos a\u00f1os, presuntamente por golpear al ni\u00f1o hasta causarle la muerte\"}]},{\"@type\":\"WebSite\",\"@id\":\"https:\/\/www.fiscalia.gov.co\/colombia\/#website\",\"url\":\"https:\/\/www.fiscalia.gov.co\/colombia\/\",\"name\":\"Fiscal\u00eda General de la Naci\u00f3n\",\"description\":\"P\u00e1gina oficial de la Fiscal\u00eda General de la Naci\u00f3n \u2013 Colombia. Garantizamos el acceso efectivo a la justicia, la verdad y la reparaci\u00f3n de las v\u00edctimas de los delitos.\",\"publisher\":{\"@id\":\"https:\/\/www.fiscalia.gov.co\/colombia\/#organization\"},\"potentialAction\":[{\"@type\":\"SearchAction\",\"target\":{\"@type\":\"EntryPoint\",\"urlTemplate\":\"https:\/\/www.fiscalia.gov.co\/colombia\/?s={search_term_string}\"},\"query-input\":{\"@type\":\"PropertyValueSpecification\",\"valueRequired\":true,\"valueName\":\"search_term_string\"}}],\"inLanguage\":\"es-CO\"},{\"@type\":\"Organization\",\"@id\":\"https:\/\/www.fiscalia.gov.co\/colombia\/#organization\",\"name\":\"Fiscal\u00eda General de la Naci\u00f3n\",\"url\":\"https:\/\/www.fiscalia.gov.co\/colombia\/\",\"logo\":{\"@type\":\"ImageObject\",\"inLanguage\":\"es-CO\",\"@id\":\"https:\/\/www.fiscalia.gov.co\/colombia\/#\/schema\/logo\/image\/\",\"url\":\"https:\/\/www.fiscalia.gov.co\/colombia\/wp-content\/uploads\/LogoHorizontal_1.jpg\",\"contentUrl\":\"https:\/\/www.fiscalia.gov.co\/colombia\/wp-content\/uploads\/LogoHorizontal_1.jpg\",\"width\":300,\"height\":90,\"caption\":\"Fiscal\u00eda General de la Naci\u00f3n\"},\"image\":{\"@id\":\"https:\/\/www.fiscalia.gov.co\/colombia\/#\/schema\/logo\/image\/\"},\"sameAs\":[\"https:\/\/www.facebook.com\/FiscaliaCol\",\"https:\/\/x.com\/FiscaliaCol\",\"https:\/\/www.instagram.com\/fiscaliacol\",\"https:\/\/www.linkedin.com\/company\/fiscalia-general-de-la-naci-n\/\",\"https:\/\/youtube.com\/@fiscaliageneraldelanacion-4668?si=6nN79nyQICPU5iTh\"]},{\"@type\":\"Person\",\"@id\":\"https:\/\/www.fiscalia.gov.co\/colombia\/#\/schema\/person\/b19b49f26569f91393176a2b3d13a0e5\",\"name\":\"Johanna Black Prieto Pe\u00f1a\",\"image\":{\"@type\":\"ImageObject\",\"inLanguage\":\"es-CO\",\"@id\":\"https:\/\/www.fiscalia.gov.co\/colombia\/#\/schema\/person\/image\/\",\"url\":\"https:\/\/secure.gravatar.com\/avatar\/7f04518e1774335e76d761d76f04003e?s=96&d=mm&r=g\",\"contentUrl\":\"https:\/\/secure.gravatar.com\/avatar\/7f04518e1774335e76d761d76f04003e?s=96&d=mm&r=g\",\"caption\":\"Johanna Black Prieto Pe\u00f1a\"},\"url\":\"https:\/\/www.fiscalia.gov.co\/colombia\/author\/jprieto\/\"}]}<\/script>\n<!-- \/ Yoast SEO plugin. -->","yoast_head_json":{"title":"Fiscal\u00eda General de la Naci\u00f3n","description":"P\u00e1gina oficial de la Fiscal\u00eda General de la Naci\u00f3n \u2013 Colombia. Garantizamos el acceso efectivo a la justicia, la verdad y la reparaci\u00f3n de las v\u00edctimas de los delitos.","robots":{"index":"noindex","follow":"follow"},"og_locale":"es_ES","og_type":"article","og_title":"Fiscal\u00eda General de la Naci\u00f3n","og_description":"P\u00e1gina oficial de la Fiscal\u00eda General de la Naci\u00f3n \u2013 Colombia. Garantizamos el acceso efectivo a la justicia, la verdad y la reparaci\u00f3n de las v\u00edctimas de los delitos.","og_url":"https:\/\/www.fiscalia.gov.co\/colombia\/noticias\/a-la-carcel-la-madre-y-el-padrastro-de-un-menor-de-dos-anos-presuntamente-por-golpear-al-nino-hasta-causarle-la-muerte\/","og_site_name":"Fiscal\u00eda General de la Naci\u00f3n","article_publisher":"https:\/\/www.facebook.com\/FiscaliaCol","article_published_time":"2021-12-13T23:51:45+00:00","article_modified_time":"2021-12-28T21:40:00+00:00","og_image":[{"width":1280,"height":720,"url":"https:\/\/www.fiscalia.gov.co\/colombia\/wp-content\/uploads\/maxresdefault-276.jpg","type":"image\/jpeg"}],"author":"Johanna Black Prieto Pe\u00f1a","twitter_card":"summary_large_image","twitter_creator":"@FiscaliaCol","twitter_site":"@FiscaliaCol","twitter_misc":{"Escrito por":"Johanna Black Prieto Pe\u00f1a","Tiempo de lectura":"2 minutos"},"schema":{"@context":"https:\/\/schema.org","@graph":[{"@type":"Article","@id":"https:\/\/www.fiscalia.gov.co\/colombia\/noticias\/a-la-carcel-la-madre-y-el-padrastro-de-un-menor-de-dos-anos-presuntamente-por-golpear-al-nino-hasta-causarle-la-muerte\/#article","isPartOf":{"@id":"https:\/\/www.fiscalia.gov.co\/colombia\/noticias\/a-la-carcel-la-madre-y-el-padrastro-de-un-menor-de-dos-anos-presuntamente-por-golpear-al-nino-hasta-causarle-la-muerte\/"},"author":{"name":"Johanna Black Prieto Pe\u00f1a","@id":"https:\/\/www.fiscalia.gov.co\/colombia\/#\/schema\/person\/b19b49f26569f91393176a2b3d13a0e5"},"headline":"A\u00a0la c\u00e1rcel la madre y el padrastro de un menor de dos a\u00f1os, presuntamente por golpear al ni\u00f1o hasta causarle la muerte","datePublished":"2021-12-13T23:51:45+00:00","dateModified":"2021-12-28T21:40:00+00:00","mainEntityOfPage":{"@id":"https:\/\/www.fiscalia.gov.co\/colombia\/noticias\/a-la-carcel-la-madre-y-el-padrastro-de-un-menor-de-dos-anos-presuntamente-por-golpear-al-nino-hasta-causarle-la-muerte\/"},"wordCount":468,"publisher":{"@id":"https:\/\/www.fiscalia.gov.co\/colombia\/#organization"},"image":{"@id":"https:\/\/www.fiscalia.gov.co\/colombia\/noticias\/a-la-carcel-la-madre-y-el-padrastro-de-un-menor-de-dos-anos-presuntamente-por-golpear-al-nino-hasta-causarle-la-muerte\/#primaryimage"},"thumbnailUrl":"https:\/\/www.fiscalia.gov.co\/colombia\/wp-content\/uploads\/maxresdefault-276.jpg","keywords":["Fiscal Barbosa","Fiscal Barbosa Delgado","Fiscal Francisco Barbosa Delgado","Fiscal General","Fiscal General Francisco Barbosa Delgado"],"articleSection":["Noticias","Seccional Bogot\u00e1","Seccionales"],"inLanguage":"es-CO"},{"@type":"WebPage","@id":"https:\/\/www.fiscalia.gov.co\/colombia\/noticias\/a-la-carcel-la-madre-y-el-padrastro-de-un-menor-de-dos-anos-presuntamente-por-golpear-al-nino-hasta-causarle-la-muerte\/","url":"https:\/\/www.fiscalia.gov.co\/colombia\/noticias\/a-la-carcel-la-madre-y-el-padrastro-de-un-menor-de-dos-anos-presuntamente-por-golpear-al-nino-hasta-causarle-la-muerte\/","name":"Fiscal\u00eda General de la Naci\u00f3n","isPartOf":{"@id":"https:\/\/www.fiscalia.gov.co\/colombia\/#website"},"primaryImageOfPage":{"@id":"https:\/\/www.fiscalia.gov.co\/colombia\/noticias\/a-la-carcel-la-madre-y-el-padrastro-de-un-menor-de-dos-anos-presuntamente-por-golpear-al-nino-hasta-causarle-la-muerte\/#primaryimage"},"image":{"@id":"https:\/\/www.fiscalia.gov.co\/colombia\/noticias\/a-la-carcel-la-madre-y-el-padrastro-de-un-menor-de-dos-anos-presuntamente-por-golpear-al-nino-hasta-causarle-la-muerte\/#primaryimage"},"thumbnailUrl":"https:\/\/www.fiscalia.gov.co\/colombia\/wp-content\/uploads\/maxresdefault-276.jpg","datePublished":"2021-12-13T23:51:45+00:00","dateModified":"2021-12-28T21:40:00+00:00","description":"P\u00e1gina oficial de la Fiscal\u00eda General de la Naci\u00f3n \u2013 Colombia. Garantizamos el acceso efectivo a la justicia, la verdad y la reparaci\u00f3n de las v\u00edctimas de los delitos.","breadcrumb":{"@id":"https:\/\/www.fiscalia.gov.co\/colombia\/noticias\/a-la-carcel-la-madre-y-el-padrastro-de-un-menor-de-dos-anos-presuntamente-por-golpear-al-nino-hasta-causarle-la-muerte\/#breadcrumb"},"inLanguage":"es-CO","potentialAction":[{"@type":"ReadAction","target":["https:\/\/www.fiscalia.gov.co\/colombia\/noticias\/a-la-carcel-la-madre-y-el-padrastro-de-un-menor-de-dos-anos-presuntamente-por-golpear-al-nino-hasta-causarle-la-muerte\/"]}]},{"@type":"ImageObject","inLanguage":"es-CO","@id":"https:\/\/www.fiscalia.gov.co\/colombia\/noticias\/a-la-carcel-la-madre-y-el-padrastro-de-un-menor-de-dos-anos-presuntamente-por-golpear-al-nino-hasta-causarle-la-muerte\/#primaryimage","url":"https:\/\/www.fiscalia.gov.co\/colombia\/wp-content\/uploads\/maxresdefault-276.jpg","contentUrl":"https:\/\/www.fiscalia.gov.co\/colombia\/wp-content\/uploads\/maxresdefault-276.jpg","width":1280,"height":720},{"@type":"BreadcrumbList","@id":"https:\/\/www.fiscalia.gov.co\/colombia\/noticias\/a-la-carcel-la-madre-y-el-padrastro-de-un-menor-de-dos-anos-presuntamente-por-golpear-al-nino-hasta-causarle-la-muerte\/#breadcrumb","itemListElement":[{"@type":"ListItem","position":1,"name":"Home","item":"https:\/\/www.fiscalia.gov.co\/colombia\/"},{"@type":"ListItem","position":2,"name":"A\u00a0la c\u00e1rcel la madre y el padrastro de un menor de dos a\u00f1os, presuntamente por golpear al ni\u00f1o hasta causarle la muerte"}]},{"@type":"WebSite","@id":"https:\/\/www.fiscalia.gov.co\/colombia\/#website","url":"https:\/\/www.fiscalia.gov.co\/colombia\/","name":"Fiscal\u00eda General de la Naci\u00f3n","description":"P\u00e1gina oficial de la Fiscal\u00eda General de la Naci\u00f3n \u2013 Colombia. Garantizamos el acceso efectivo a la justicia, la verdad y la reparaci\u00f3n de las v\u00edctimas de los delitos.","publisher":{"@id":"https:\/\/www.fiscalia.gov.co\/colombia\/#organization"},"potentialAction":[{"@type":"SearchAction","target":{"@type":"EntryPoint","urlTemplate":"https:\/\/www.fiscalia.gov.co\/colombia\/?s={search_term_string}"},"query-input":{"@type":"PropertyValueSpecification","valueRequired":true,"valueName":"search_term_string"}}],"inLanguage":"es-CO"},{"@type":"Organization","@id":"https:\/\/www.fiscalia.gov.co\/colombia\/#organization","name":"Fiscal\u00eda General de la Naci\u00f3n","url":"https:\/\/www.fiscalia.gov.co\/colombia\/","logo":{"@type":"ImageObject","inLanguage":"es-CO","@id":"https:\/\/www.fiscalia.gov.co\/colombia\/#\/schema\/logo\/image\/","url":"https:\/\/www.fiscalia.gov.co\/colombia\/wp-content\/uploads\/LogoHorizontal_1.jpg","contentUrl":"https:\/\/www.fiscalia.gov.co\/colombia\/wp-content\/uploads\/LogoHorizontal_1.jpg","width":300,"height":90,"caption":"Fiscal\u00eda General de la Naci\u00f3n"},"image":{"@id":"https:\/\/www.fiscalia.gov.co\/colombia\/#\/schema\/logo\/image\/"},"sameAs":["https:\/\/www.facebook.com\/FiscaliaCol","https:\/\/x.com\/FiscaliaCol","https:\/\/www.instagram.com\/fiscaliacol","https:\/\/www.linkedin.com\/company\/fiscalia-general-de-la-naci-n\/","https:\/\/youtube.com\/@fiscaliageneraldelanacion-4668?si=6nN79nyQICPU5iTh"]},{"@type":"Person","@id":"https:\/\/www.fiscalia.gov.co\/colombia\/#\/schema\/person\/b19b49f26569f91393176a2b3d13a0e5","name":"Johanna Black Prieto Pe\u00f1a","image":{"@type":"ImageObject","inLanguage":"es-CO","@id":"https:\/\/www.fiscalia.gov.co\/colombia\/#\/schema\/person\/image\/","url":"https:\/\/secure.gravatar.com\/avatar\/7f04518e1774335e76d761d76f04003e?s=96&d=mm&r=g","contentUrl":"https:\/\/secure.gravatar.com\/avatar\/7f04518e1774335e76d761d76f04003e?s=96&d=mm&r=g","caption":"Johanna Black Prieto Pe\u00f1a"},"url":"https:\/\/www.fiscalia.gov.co\/colombia\/author\/jprieto\/"}]}},"_links":{"self":[{"href":"https:\/\/www.fiscalia.gov.co\/colombia\/wp-json\/wp\/v2\/posts\/236888","targetHints":{"allow":["GET"]}}],"collection":[{"href":"https:\/\/www.fiscalia.gov.co\/colombia\/wp-json\/wp\/v2\/posts"}],"about":[{"href":"https:\/\/www.fiscalia.gov.co\/colombia\/wp-json\/wp\/v2\/types\/post"}],"author":[{"embeddable":true,"href":"https:\/\/www.fiscalia.gov.co\/colombia\/wp-json\/wp\/v2\/users\/176"}],"replies":[{"embeddable":true,"href":"https:\/\/www.fiscalia.gov.co\/colombia\/wp-json\/wp\/v2\/comments?post=236888"}],"version-history":[{"count":2,"href":"https:\/\/www.fiscalia.gov.co\/colombia\/wp-json\/wp\/v2\/posts\/236888\/revisions"}],"predecessor-version":[{"id":236890,"href":"https:\/\/www.fiscalia.gov.co\/colombia\/wp-json\/wp\/v2\/posts\/236888\/revisions\/236890"}],"wp:featuredmedia":[{"embeddable":true,"href":"https:\/\/www.fiscalia.gov.co\/colombia\/wp-json\/wp\/v2\/media\/237531"}],"wp:attachment":[{"href":"https:\/\/www.fiscalia.gov.co\/colombia\/wp-json\/wp\/v2\/media?parent=236888"}],"wp:term":[{"taxonomy":"category","embeddable":true,"href":"https:\/\/www.fiscalia.gov.co\/colombia\/wp-json\/wp\/v2\/categories?post=236888"},{"taxonomy":"post_tag","embeddable":true,"href":"https:\/\/www.fiscalia.gov.co\/colombia\/wp-json\/wp\/v2\/tags?post=236888"}],"curies":[{"name":"wp","href":"https:\/\/api.w.org\/{rel}","templated":true}]}}