{"id":236858,"date":"2021-12-13T14:34:46","date_gmt":"2021-12-13T19:34:46","guid":{"rendered":"https:\/\/www.fiscalia.gov.co\/colombia\/?p=236858"},"modified":"2021-12-13T14:34:46","modified_gmt":"2021-12-13T19:34:46","slug":"asegurado-en-centro-carcelario-presunto-jefe-de-la-autodenominada-primera-linea-en-pasto-narino-que-habria-coordinado-acciones-vandalicas-durante-el-paro-nacional","status":"publish","type":"post","link":"https:\/\/www.fiscalia.gov.co\/colombia\/noticias\/asegurado-en-centro-carcelario-presunto-jefe-de-la-autodenominada-primera-linea-en-pasto-narino-que-habria-coordinado-acciones-vandalicas-durante-el-paro-nacional\/","title":{"rendered":"Asegurado en centro carcelario presunto jefe de la autodenominada Primera L\u00ednea en Pasto (Nari\u00f1o) que habr\u00eda coordinado acciones vand\u00e1licas durante el paro nacional"},"content":{"rendered":"<div>\n<p>El juez cuarto penal municipal de Pasto (Nari\u00f1o) acogi\u00f3 la solicitud de la Fiscal\u00eda General de la Naci\u00f3n y priv\u00f3 de la libertad en centro carcelario a Sebasti\u00e1n Alberto Caipe Oliva, presunto jefe de la autodenominada Primera L\u00ednea en esa capital.<\/p>\n<p>En audiencias concentradas el ente acusador le imput\u00f3 cargos al procesado por su posible responsabilidad en los delitos de secuestro simple, concierto para delinquir con fines de terrorismo, terrorismo, incendio, da\u00f1o en bien ajeno; perturbaci\u00f3n en servicio de transporte p\u00fablico, colectivo, u oficial; obstrucci\u00f3n a v\u00edas p\u00fablicas; fabricaci\u00f3n, tr\u00e1fico, y porte de sustancias u objetos peligrosos; y empleo o\u00a0<a id=\"m_-1538116656505505209LPNoLPOWALinkPreview\" href=\"https:\/\/www.fiscalia.gov.co\/colombia\/fiscal-general-de-la-nacion\/judicializados-presuntos-responsables-de-incendiar-diferentes-cai-y-dos-motocicletas-de-la-policia-nacional-en-bogota\/\" target=\"_blank\" rel=\"noopener noreferrer\" data-saferedirecturl=\"https:\/\/www.google.com\/url?q=https:\/\/www.fiscalia.gov.co\/colombia\/fiscal-general-de-la-nacion\/judicializados-presuntos-responsables-de-incendiar-diferentes-cai-y-dos-motocicletas-de-la-policia-nacional-en-bogota\/&amp;source=gmail&amp;ust=1639509755103000&amp;usg=AOvVaw1gbvIpnh4W8RqQBcwbQ_a9\">lanzamiento de sustancias u objetos peligrosos<\/a>.<\/p>\n<p>Durante las investigaciones de la polic\u00eda judicial, se evidenci\u00f3 que Sebasti\u00e1n Caipe habr\u00eda coordinado la retenci\u00f3n de buses de transporte p\u00fablico, lo cual qued\u00f3 registrado en videos de las c\u00e1maras de seguridad de los sectores afectados por el bloqueo de las v\u00edas.<\/p>\n<p>Igualmente se presume que era quien coordinaba la consecuci\u00f3n de elementos para la fabricaci\u00f3n de bombas incendiarias y que fueron arrojadas contra las unidades del Escuadr\u00f3n M\u00f3vil Antidisturbios (Esmad), durante los disturbios ocurridos en esa capital.<\/p>\n<p>En las audiencias concentradas, el ente acusador present\u00f3 audios que revelan las instrucciones que habr\u00eda dado el procesado sobre los roles que deb\u00edan cumplir los presuntos integrantes de la \u2018Primera L\u00ednea\u2019 en la jornada de paro y las protestas contra la reforma tributaria.<\/p>\n<p>Por la posible participaci\u00f3n en diferentes hechos perpetrados por la \u2018Primera L\u00ednea\u2019, 7 personas m\u00e1s fueron vinculadas a la investigaci\u00f3n.<\/p>\n<p>La Fiscal\u00eda habla con resultados.<\/p>\n<p>JGPV\/LV\/DLBM.<\/p>\n<\/div>\n<div>\n<p><strong><span lang=\"ES-CO\">Le puede interesar:<\/span><\/strong><span lang=\"ES-CO\">\u00a0<\/span><span lang=\"ES-CO\"><a href=\"https:\/\/www.fiscalia.gov.co\/colombia\/noticias\/confirman-medida-de-aseguramiento-por-terrorismo-contra-presuntos-integrantes-de-la-autodenominada-primera-linea\/\" target=\"_blank\" rel=\"noopener noreferrer\" data-saferedirecturl=\"https:\/\/www.google.com\/url?q=https:\/\/www.fiscalia.gov.co\/colombia\/noticias\/confirman-medida-de-aseguramiento-por-terrorismo-contra-presuntos-integrantes-de-la-autodenominada-primera-linea\/&amp;source=gmail&amp;ust=1639509755103000&amp;usg=AOvVaw0IlDWTYlhyw-7bMyPLsAUT\">Confirman medida de aseguramiento por terrorismo contra presuntos integrantes de la autodenominada primera l\u00ednea\u00a0<\/a><\/span><\/p>\n<p align=\"center\">\n<p><em><span lang=\"ES-CO\">La informaci\u00f3n contenida en este bolet\u00edn de prensa corresponde a la narraci\u00f3n de los hechos noticiosos objetivos, suministrados por los funcionarios encargados de adelantar las investigaciones penales al interior de la Fiscal\u00eda General de la Naci\u00f3n. Para el momento de la divulgaci\u00f3n de este comunicado, la situaci\u00f3n jur\u00eddica de la(s) persona(s) relacionada(s) se encuentra pendiente de resolver por la autoridad judicial competente, siempre bajo los preceptos de la presunci\u00f3n de inocencia, consagrados en el art\u00edculo 29 de la Constituci\u00f3n Pol\u00edtica y el art\u00edculo 7\u00ba de la Ley 906 de 2004<\/span><\/em><span lang=\"ES-CO\">\u00a0<\/span><\/p>\n<p>&nbsp;<\/p>\n<div><\/div>\n<p><span lang=\"ES-CO\">\u00a0<\/span><\/p>\n<\/div>\n\n<div class=\"twitter-share\"><a href=\"https:\/\/twitter.com\/intent\/tweet?via=fiscaliacol\" class=\"twitter-share-button\">Tweet<\/a><\/div>\n","protected":false},"excerpt":{"rendered":"<p>El juez cuarto penal municipal de Pasto (Nari\u00f1o) acogi\u00f3 la solicitud de la Fiscal\u00eda General de la Naci\u00f3n y priv\u00f3 de la libertad en centro carcelario a Sebasti\u00e1n Alberto Caipe [&hellip;]<\/p>\n","protected":false},"author":176,"featured_media":0,"comment_status":"closed","ping_status":"open","sticky":false,"template":"","format":"standard","meta":{"tdm_status":"","tdm_grid_status":"","footnotes":""},"categories":[1,334,303,24099],"tags":[24526,24481,1047,27702,27901,11101,381],"class_list":["post-236858","post","type-post","status-publish","format-standard","category-noticias","category-seccional-pasto","category-seccionales","category-seguridad-territorial","tag-fiscal-general-francisco-barbosa-delgado","tag-fiscalia-de-colombia","tag-fiscalia-general-de-la-nacion","tag-manifestaciones-violentas","tag-primera-linea","tag-seguridad-ciudadana","tag-terrorismo"],"yoast_head":"<!-- This site is optimized with the Yoast SEO plugin v24.3 - https:\/\/yoast.com\/wordpress\/plugins\/seo\/ -->\n<title>Fiscal\u00eda General de la Naci\u00f3n<\/title>\n<meta name=\"description\" content=\"P\u00e1gina oficial de la Fiscal\u00eda General de la Naci\u00f3n \u2013 Colombia. Garantizamos el acceso efectivo a la justicia, la verdad y la reparaci\u00f3n de las v\u00edctimas de los delitos.\" \/>\n<meta name=\"robots\" content=\"noindex, follow\" \/>\n<meta property=\"og:locale\" content=\"es_ES\" \/>\n<meta property=\"og:type\" content=\"article\" \/>\n<meta property=\"og:title\" content=\"Fiscal\u00eda General de la Naci\u00f3n\" \/>\n<meta property=\"og:description\" content=\"P\u00e1gina oficial de la Fiscal\u00eda General de la Naci\u00f3n \u2013 Colombia. Garantizamos el acceso efectivo a la justicia, la verdad y la reparaci\u00f3n de las v\u00edctimas de los delitos.\" \/>\n<meta property=\"og:url\" content=\"https:\/\/www.fiscalia.gov.co\/colombia\/noticias\/asegurado-en-centro-carcelario-presunto-jefe-de-la-autodenominada-primera-linea-en-pasto-narino-que-habria-coordinado-acciones-vandalicas-durante-el-paro-nacional\/\" \/>\n<meta property=\"og:site_name\" content=\"Fiscal\u00eda General de la Naci\u00f3n\" \/>\n<meta property=\"article:publisher\" content=\"https:\/\/www.facebook.com\/FiscaliaCol\" \/>\n<meta property=\"article:published_time\" content=\"2021-12-13T19:34:46+00:00\" \/>\n<meta name=\"author\" content=\"Johanna Black Prieto Pe\u00f1a\" \/>\n<meta name=\"twitter:card\" content=\"summary_large_image\" \/>\n<meta name=\"twitter:creator\" content=\"@FiscaliaCol\" \/>\n<meta name=\"twitter:site\" content=\"@FiscaliaCol\" \/>\n<meta name=\"twitter:label1\" content=\"Escrito por\" \/>\n\t<meta name=\"twitter:data1\" content=\"Johanna Black Prieto Pe\u00f1a\" \/>\n\t<meta name=\"twitter:label2\" content=\"Tiempo de lectura\" \/>\n\t<meta name=\"twitter:data2\" content=\"2 minutos\" \/>\n<script type=\"application\/ld+json\" class=\"yoast-schema-graph\">{\"@context\":\"https:\/\/schema.org\",\"@graph\":[{\"@type\":\"Article\",\"@id\":\"https:\/\/www.fiscalia.gov.co\/colombia\/noticias\/asegurado-en-centro-carcelario-presunto-jefe-de-la-autodenominada-primera-linea-en-pasto-narino-que-habria-coordinado-acciones-vandalicas-durante-el-paro-nacional\/#article\",\"isPartOf\":{\"@id\":\"https:\/\/www.fiscalia.gov.co\/colombia\/noticias\/asegurado-en-centro-carcelario-presunto-jefe-de-la-autodenominada-primera-linea-en-pasto-narino-que-habria-coordinado-acciones-vandalicas-durante-el-paro-nacional\/\"},\"author\":{\"name\":\"Johanna Black Prieto Pe\u00f1a\",\"@id\":\"https:\/\/www.fiscalia.gov.co\/colombia\/#\/schema\/person\/b19b49f26569f91393176a2b3d13a0e5\"},\"headline\":\"Asegurado en centro carcelario presunto jefe de la autodenominada Primera L\u00ednea en Pasto (Nari\u00f1o) que habr\u00eda coordinado acciones vand\u00e1licas durante el paro nacional\",\"datePublished\":\"2021-12-13T19:34:46+00:00\",\"dateModified\":\"2021-12-13T19:34:46+00:00\",\"mainEntityOfPage\":{\"@id\":\"https:\/\/www.fiscalia.gov.co\/colombia\/noticias\/asegurado-en-centro-carcelario-presunto-jefe-de-la-autodenominada-primera-linea-en-pasto-narino-que-habria-coordinado-acciones-vandalicas-durante-el-paro-nacional\/\"},\"wordCount\":434,\"publisher\":{\"@id\":\"https:\/\/www.fiscalia.gov.co\/colombia\/#organization\"},\"keywords\":[\"Fiscal General Francisco Barbosa Delgado\",\"Fiscal\u00eda de Colombia\",\"Fiscal\u00eda General de la Naci\u00f3n\",\"manifestaciones violentas\",\"primera l\u00ednea\",\"Seguridad ciudadana\",\"Terrorismo\"],\"articleSection\":[\"Noticias\",\"Seccional Pasto\",\"Seccionales\",\"Seguridad territorial\"],\"inLanguage\":\"es-CO\"},{\"@type\":\"WebPage\",\"@id\":\"https:\/\/www.fiscalia.gov.co\/colombia\/noticias\/asegurado-en-centro-carcelario-presunto-jefe-de-la-autodenominada-primera-linea-en-pasto-narino-que-habria-coordinado-acciones-vandalicas-durante-el-paro-nacional\/\",\"url\":\"https:\/\/www.fiscalia.gov.co\/colombia\/noticias\/asegurado-en-centro-carcelario-presunto-jefe-de-la-autodenominada-primera-linea-en-pasto-narino-que-habria-coordinado-acciones-vandalicas-durante-el-paro-nacional\/\",\"name\":\"Fiscal\u00eda General de la Naci\u00f3n\",\"isPartOf\":{\"@id\":\"https:\/\/www.fiscalia.gov.co\/colombia\/#website\"},\"datePublished\":\"2021-12-13T19:34:46+00:00\",\"dateModified\":\"2021-12-13T19:34:46+00:00\",\"description\":\"P\u00e1gina oficial de la Fiscal\u00eda General de la Naci\u00f3n \u2013 Colombia. Garantizamos el acceso efectivo a la justicia, la verdad y la reparaci\u00f3n de las v\u00edctimas de los delitos.\",\"breadcrumb\":{\"@id\":\"https:\/\/www.fiscalia.gov.co\/colombia\/noticias\/asegurado-en-centro-carcelario-presunto-jefe-de-la-autodenominada-primera-linea-en-pasto-narino-que-habria-coordinado-acciones-vandalicas-durante-el-paro-nacional\/#breadcrumb\"},\"inLanguage\":\"es-CO\",\"potentialAction\":[{\"@type\":\"ReadAction\",\"target\":[\"https:\/\/www.fiscalia.gov.co\/colombia\/noticias\/asegurado-en-centro-carcelario-presunto-jefe-de-la-autodenominada-primera-linea-en-pasto-narino-que-habria-coordinado-acciones-vandalicas-durante-el-paro-nacional\/\"]}]},{\"@type\":\"BreadcrumbList\",\"@id\":\"https:\/\/www.fiscalia.gov.co\/colombia\/noticias\/asegurado-en-centro-carcelario-presunto-jefe-de-la-autodenominada-primera-linea-en-pasto-narino-que-habria-coordinado-acciones-vandalicas-durante-el-paro-nacional\/#breadcrumb\",\"itemListElement\":[{\"@type\":\"ListItem\",\"position\":1,\"name\":\"Home\",\"item\":\"https:\/\/www.fiscalia.gov.co\/colombia\/\"},{\"@type\":\"ListItem\",\"position\":2,\"name\":\"Asegurado en centro carcelario presunto jefe de la autodenominada Primera L\u00ednea en Pasto (Nari\u00f1o) que habr\u00eda coordinado acciones vand\u00e1licas durante el paro nacional\"}]},{\"@type\":\"WebSite\",\"@id\":\"https:\/\/www.fiscalia.gov.co\/colombia\/#website\",\"url\":\"https:\/\/www.fiscalia.gov.co\/colombia\/\",\"name\":\"Fiscal\u00eda General de la Naci\u00f3n\",\"description\":\"P\u00e1gina oficial de la Fiscal\u00eda General de la Naci\u00f3n \u2013 Colombia. Garantizamos el acceso efectivo a la justicia, la verdad y la reparaci\u00f3n de las v\u00edctimas de los delitos.\",\"publisher\":{\"@id\":\"https:\/\/www.fiscalia.gov.co\/colombia\/#organization\"},\"potentialAction\":[{\"@type\":\"SearchAction\",\"target\":{\"@type\":\"EntryPoint\",\"urlTemplate\":\"https:\/\/www.fiscalia.gov.co\/colombia\/?s={search_term_string}\"},\"query-input\":{\"@type\":\"PropertyValueSpecification\",\"valueRequired\":true,\"valueName\":\"search_term_string\"}}],\"inLanguage\":\"es-CO\"},{\"@type\":\"Organization\",\"@id\":\"https:\/\/www.fiscalia.gov.co\/colombia\/#organization\",\"name\":\"Fiscal\u00eda General de la Naci\u00f3n\",\"url\":\"https:\/\/www.fiscalia.gov.co\/colombia\/\",\"logo\":{\"@type\":\"ImageObject\",\"inLanguage\":\"es-CO\",\"@id\":\"https:\/\/www.fiscalia.gov.co\/colombia\/#\/schema\/logo\/image\/\",\"url\":\"https:\/\/www.fiscalia.gov.co\/colombia\/wp-content\/uploads\/LogoHorizontal_1.jpg\",\"contentUrl\":\"https:\/\/www.fiscalia.gov.co\/colombia\/wp-content\/uploads\/LogoHorizontal_1.jpg\",\"width\":300,\"height\":90,\"caption\":\"Fiscal\u00eda General de la Naci\u00f3n\"},\"image\":{\"@id\":\"https:\/\/www.fiscalia.gov.co\/colombia\/#\/schema\/logo\/image\/\"},\"sameAs\":[\"https:\/\/www.facebook.com\/FiscaliaCol\",\"https:\/\/x.com\/FiscaliaCol\",\"https:\/\/www.instagram.com\/fiscaliacol\",\"https:\/\/www.linkedin.com\/company\/fiscalia-general-de-la-naci-n\/\",\"https:\/\/youtube.com\/@fiscaliageneraldelanacion-4668?si=6nN79nyQICPU5iTh\"]},{\"@type\":\"Person\",\"@id\":\"https:\/\/www.fiscalia.gov.co\/colombia\/#\/schema\/person\/b19b49f26569f91393176a2b3d13a0e5\",\"name\":\"Johanna Black Prieto Pe\u00f1a\",\"image\":{\"@type\":\"ImageObject\",\"inLanguage\":\"es-CO\",\"@id\":\"https:\/\/www.fiscalia.gov.co\/colombia\/#\/schema\/person\/image\/\",\"url\":\"https:\/\/secure.gravatar.com\/avatar\/7f04518e1774335e76d761d76f04003e?s=96&d=mm&r=g\",\"contentUrl\":\"https:\/\/secure.gravatar.com\/avatar\/7f04518e1774335e76d761d76f04003e?s=96&d=mm&r=g\",\"caption\":\"Johanna Black Prieto Pe\u00f1a\"},\"url\":\"https:\/\/www.fiscalia.gov.co\/colombia\/author\/jprieto\/\"}]}<\/script>\n<!-- \/ Yoast SEO plugin. -->","yoast_head_json":{"title":"Fiscal\u00eda General de la Naci\u00f3n","description":"P\u00e1gina oficial de la Fiscal\u00eda General de la Naci\u00f3n \u2013 Colombia. Garantizamos el acceso efectivo a la justicia, la verdad y la reparaci\u00f3n de las v\u00edctimas de los delitos.","robots":{"index":"noindex","follow":"follow"},"og_locale":"es_ES","og_type":"article","og_title":"Fiscal\u00eda General de la Naci\u00f3n","og_description":"P\u00e1gina oficial de la Fiscal\u00eda General de la Naci\u00f3n \u2013 Colombia. Garantizamos el acceso efectivo a la justicia, la verdad y la reparaci\u00f3n de las v\u00edctimas de los delitos.","og_url":"https:\/\/www.fiscalia.gov.co\/colombia\/noticias\/asegurado-en-centro-carcelario-presunto-jefe-de-la-autodenominada-primera-linea-en-pasto-narino-que-habria-coordinado-acciones-vandalicas-durante-el-paro-nacional\/","og_site_name":"Fiscal\u00eda General de la Naci\u00f3n","article_publisher":"https:\/\/www.facebook.com\/FiscaliaCol","article_published_time":"2021-12-13T19:34:46+00:00","author":"Johanna Black Prieto Pe\u00f1a","twitter_card":"summary_large_image","twitter_creator":"@FiscaliaCol","twitter_site":"@FiscaliaCol","twitter_misc":{"Escrito por":"Johanna Black Prieto Pe\u00f1a","Tiempo de lectura":"2 minutos"},"schema":{"@context":"https:\/\/schema.org","@graph":[{"@type":"Article","@id":"https:\/\/www.fiscalia.gov.co\/colombia\/noticias\/asegurado-en-centro-carcelario-presunto-jefe-de-la-autodenominada-primera-linea-en-pasto-narino-que-habria-coordinado-acciones-vandalicas-durante-el-paro-nacional\/#article","isPartOf":{"@id":"https:\/\/www.fiscalia.gov.co\/colombia\/noticias\/asegurado-en-centro-carcelario-presunto-jefe-de-la-autodenominada-primera-linea-en-pasto-narino-que-habria-coordinado-acciones-vandalicas-durante-el-paro-nacional\/"},"author":{"name":"Johanna Black Prieto Pe\u00f1a","@id":"https:\/\/www.fiscalia.gov.co\/colombia\/#\/schema\/person\/b19b49f26569f91393176a2b3d13a0e5"},"headline":"Asegurado en centro carcelario presunto jefe de la autodenominada Primera L\u00ednea en Pasto (Nari\u00f1o) que habr\u00eda coordinado acciones vand\u00e1licas durante el paro nacional","datePublished":"2021-12-13T19:34:46+00:00","dateModified":"2021-12-13T19:34:46+00:00","mainEntityOfPage":{"@id":"https:\/\/www.fiscalia.gov.co\/colombia\/noticias\/asegurado-en-centro-carcelario-presunto-jefe-de-la-autodenominada-primera-linea-en-pasto-narino-que-habria-coordinado-acciones-vandalicas-durante-el-paro-nacional\/"},"wordCount":434,"publisher":{"@id":"https:\/\/www.fiscalia.gov.co\/colombia\/#organization"},"keywords":["Fiscal General Francisco Barbosa Delgado","Fiscal\u00eda de Colombia","Fiscal\u00eda General de la Naci\u00f3n","manifestaciones violentas","primera l\u00ednea","Seguridad ciudadana","Terrorismo"],"articleSection":["Noticias","Seccional Pasto","Seccionales","Seguridad territorial"],"inLanguage":"es-CO"},{"@type":"WebPage","@id":"https:\/\/www.fiscalia.gov.co\/colombia\/noticias\/asegurado-en-centro-carcelario-presunto-jefe-de-la-autodenominada-primera-linea-en-pasto-narino-que-habria-coordinado-acciones-vandalicas-durante-el-paro-nacional\/","url":"https:\/\/www.fiscalia.gov.co\/colombia\/noticias\/asegurado-en-centro-carcelario-presunto-jefe-de-la-autodenominada-primera-linea-en-pasto-narino-que-habria-coordinado-acciones-vandalicas-durante-el-paro-nacional\/","name":"Fiscal\u00eda General de la Naci\u00f3n","isPartOf":{"@id":"https:\/\/www.fiscalia.gov.co\/colombia\/#website"},"datePublished":"2021-12-13T19:34:46+00:00","dateModified":"2021-12-13T19:34:46+00:00","description":"P\u00e1gina oficial de la Fiscal\u00eda General de la Naci\u00f3n \u2013 Colombia. Garantizamos el acceso efectivo a la justicia, la verdad y la reparaci\u00f3n de las v\u00edctimas de los delitos.","breadcrumb":{"@id":"https:\/\/www.fiscalia.gov.co\/colombia\/noticias\/asegurado-en-centro-carcelario-presunto-jefe-de-la-autodenominada-primera-linea-en-pasto-narino-que-habria-coordinado-acciones-vandalicas-durante-el-paro-nacional\/#breadcrumb"},"inLanguage":"es-CO","potentialAction":[{"@type":"ReadAction","target":["https:\/\/www.fiscalia.gov.co\/colombia\/noticias\/asegurado-en-centro-carcelario-presunto-jefe-de-la-autodenominada-primera-linea-en-pasto-narino-que-habria-coordinado-acciones-vandalicas-durante-el-paro-nacional\/"]}]},{"@type":"BreadcrumbList","@id":"https:\/\/www.fiscalia.gov.co\/colombia\/noticias\/asegurado-en-centro-carcelario-presunto-jefe-de-la-autodenominada-primera-linea-en-pasto-narino-que-habria-coordinado-acciones-vandalicas-durante-el-paro-nacional\/#breadcrumb","itemListElement":[{"@type":"ListItem","position":1,"name":"Home","item":"https:\/\/www.fiscalia.gov.co\/colombia\/"},{"@type":"ListItem","position":2,"name":"Asegurado en centro carcelario presunto jefe de la autodenominada Primera L\u00ednea en Pasto (Nari\u00f1o) que habr\u00eda coordinado acciones vand\u00e1licas durante el paro nacional"}]},{"@type":"WebSite","@id":"https:\/\/www.fiscalia.gov.co\/colombia\/#website","url":"https:\/\/www.fiscalia.gov.co\/colombia\/","name":"Fiscal\u00eda General de la Naci\u00f3n","description":"P\u00e1gina oficial de la Fiscal\u00eda General de la Naci\u00f3n \u2013 Colombia. Garantizamos el acceso efectivo a la justicia, la verdad y la reparaci\u00f3n de las v\u00edctimas de los delitos.","publisher":{"@id":"https:\/\/www.fiscalia.gov.co\/colombia\/#organization"},"potentialAction":[{"@type":"SearchAction","target":{"@type":"EntryPoint","urlTemplate":"https:\/\/www.fiscalia.gov.co\/colombia\/?s={search_term_string}"},"query-input":{"@type":"PropertyValueSpecification","valueRequired":true,"valueName":"search_term_string"}}],"inLanguage":"es-CO"},{"@type":"Organization","@id":"https:\/\/www.fiscalia.gov.co\/colombia\/#organization","name":"Fiscal\u00eda General de la Naci\u00f3n","url":"https:\/\/www.fiscalia.gov.co\/colombia\/","logo":{"@type":"ImageObject","inLanguage":"es-CO","@id":"https:\/\/www.fiscalia.gov.co\/colombia\/#\/schema\/logo\/image\/","url":"https:\/\/www.fiscalia.gov.co\/colombia\/wp-content\/uploads\/LogoHorizontal_1.jpg","contentUrl":"https:\/\/www.fiscalia.gov.co\/colombia\/wp-content\/uploads\/LogoHorizontal_1.jpg","width":300,"height":90,"caption":"Fiscal\u00eda General de la Naci\u00f3n"},"image":{"@id":"https:\/\/www.fiscalia.gov.co\/colombia\/#\/schema\/logo\/image\/"},"sameAs":["https:\/\/www.facebook.com\/FiscaliaCol","https:\/\/x.com\/FiscaliaCol","https:\/\/www.instagram.com\/fiscaliacol","https:\/\/www.linkedin.com\/company\/fiscalia-general-de-la-naci-n\/","https:\/\/youtube.com\/@fiscaliageneraldelanacion-4668?si=6nN79nyQICPU5iTh"]},{"@type":"Person","@id":"https:\/\/www.fiscalia.gov.co\/colombia\/#\/schema\/person\/b19b49f26569f91393176a2b3d13a0e5","name":"Johanna Black Prieto Pe\u00f1a","image":{"@type":"ImageObject","inLanguage":"es-CO","@id":"https:\/\/www.fiscalia.gov.co\/colombia\/#\/schema\/person\/image\/","url":"https:\/\/secure.gravatar.com\/avatar\/7f04518e1774335e76d761d76f04003e?s=96&d=mm&r=g","contentUrl":"https:\/\/secure.gravatar.com\/avatar\/7f04518e1774335e76d761d76f04003e?s=96&d=mm&r=g","caption":"Johanna Black Prieto Pe\u00f1a"},"url":"https:\/\/www.fiscalia.gov.co\/colombia\/author\/jprieto\/"}]}},"_links":{"self":[{"href":"https:\/\/www.fiscalia.gov.co\/colombia\/wp-json\/wp\/v2\/posts\/236858","targetHints":{"allow":["GET"]}}],"collection":[{"href":"https:\/\/www.fiscalia.gov.co\/colombia\/wp-json\/wp\/v2\/posts"}],"about":[{"href":"https:\/\/www.fiscalia.gov.co\/colombia\/wp-json\/wp\/v2\/types\/post"}],"author":[{"embeddable":true,"href":"https:\/\/www.fiscalia.gov.co\/colombia\/wp-json\/wp\/v2\/users\/176"}],"replies":[{"embeddable":true,"href":"https:\/\/www.fiscalia.gov.co\/colombia\/wp-json\/wp\/v2\/comments?post=236858"}],"version-history":[{"count":1,"href":"https:\/\/www.fiscalia.gov.co\/colombia\/wp-json\/wp\/v2\/posts\/236858\/revisions"}],"predecessor-version":[{"id":236859,"href":"https:\/\/www.fiscalia.gov.co\/colombia\/wp-json\/wp\/v2\/posts\/236858\/revisions\/236859"}],"wp:attachment":[{"href":"https:\/\/www.fiscalia.gov.co\/colombia\/wp-json\/wp\/v2\/media?parent=236858"}],"wp:term":[{"taxonomy":"category","embeddable":true,"href":"https:\/\/www.fiscalia.gov.co\/colombia\/wp-json\/wp\/v2\/categories?post=236858"},{"taxonomy":"post_tag","embeddable":true,"href":"https:\/\/www.fiscalia.gov.co\/colombia\/wp-json\/wp\/v2\/tags?post=236858"}],"curies":[{"name":"wp","href":"https:\/\/api.w.org\/{rel}","templated":true}]}}