{"id":236811,"date":"2021-12-13T08:16:54","date_gmt":"2021-12-13T13:16:54","guid":{"rendered":"https:\/\/www.fiscalia.gov.co\/colombia\/?p=236811"},"modified":"2021-12-13T08:18:43","modified_gmt":"2021-12-13T13:18:43","slug":"medidas-cautelares-de-extincion-de-dominio-a-bienes-que-habrian-sido-adquiridos-mediante-actividades-de-lavado-de-activos","status":"publish","type":"post","link":"https:\/\/www.fiscalia.gov.co\/colombia\/noticias\/medidas-cautelares-de-extincion-de-dominio-a-bienes-que-habrian-sido-adquiridos-mediante-actividades-de-lavado-de-activos\/","title":{"rendered":"Medidas cautelares de extinci\u00f3n de dominio a bienes que habr\u00edan sido adquiridos mediante actividades de lavado de activos"},"content":{"rendered":"<h4><em><strong>Entre las propiedades afectadas hay veh\u00edculos de gama alta como uno que superar\u00eda en valor los 1.700 millones de pesos.<\/strong><\/em><\/h4>\n<p>La Direcci\u00f3n Especializada de Extinci\u00f3n del Derecho de Dominio de la Fiscal\u00eda General de la Naci\u00f3n impuso medidas cautelares de embargo, secuestro y suspensi\u00f3n del poder dispositivo sobre 18 inmuebles, 14 veh\u00edculos, 11 sociedades y 127 semovientes que habr\u00edan sido adquiridos con dineros producto de actividades il\u00edcitas.<\/p>\n<p>Los activos est\u00e1n ubicados en Bogot\u00e1; Zipaquir\u00e1, Tocancip\u00e1 y Ch\u00eda (Cundinamarca); Carmen de Apical\u00e1 (Tolima), El Pe\u00f1ol (Antioquia) y Neiva (Huila).<\/p>\n<p>Las propiedades, avaluadas en cerca de 100.000 millones de pesos, figuran a nombre de distintas empresas, y de Juan Pablo Suza Fl\u00f3rez y F\u00e9lix Ricardo Garz\u00f3n Rojas.<\/p>\n<p>Entre los bienes sobresale un veh\u00edculo de gama alta cuyo valor en Colombia superar\u00eda los 1.700 millones de pesos. Este carro pertenecer\u00eda a Tinanita Inversiones S.A.S., de propiedad de Suza Fl\u00f3rez. Asimismo, llam\u00f3 la atenci\u00f3n el crecimiento de 600% de una empresa creada en 2017.<\/p>\n<p>Seg\u00fan la investigaci\u00f3n, Juan Pablo Suza Fl\u00f3rez habr\u00eda inyectado dinero de procedencia desconocida a varias sociedades y compa\u00f1\u00edas reci\u00e9n creadas, las cuales registrar\u00edan incrementos econ\u00f3micos injustificados. De acuerdo con la Unidad de Inteligencia de An\u00e1lisis Financiero (UIAF), algunos familiares de esta persona tambi\u00e9n tendr\u00edan comportamientos similares y patrimonios elevados sin soportes.<\/p>\n<p>Por ejemplo, entre 2005 al 2020, reportaron ingresos por cerca de 87.000 millones de pesos, provenientes de Panam\u00e1 y Estados Unidos.<\/p>\n<p>Los bienes, ocupados en diligencias realizadas por la DIJIN de la Polic\u00eda Nacional, ser\u00e1n administrados por la Sociedad de Activos Especiales (SAE).<\/p>\n<p>Esta informaci\u00f3n se publica por razones de inter\u00e9s general.<\/p>\n<p>La Fiscal\u00eda habla con resultados.<\/p>\n<p>MAGA\/JARG\/AAPB\/LPDS\/MRC<\/p>\n<p><em>La informaci\u00f3n contenida en este bolet\u00edn de prensa corresponde a la narraci\u00f3n de los hechos noticiosos objetivos, suministrados por los funcionarios encargados de adelantar las investigaciones penales al interior de la Fiscal\u00eda General de la Naci\u00f3n. Para el momento de la divulgaci\u00f3n de este comunicado, la situaci\u00f3n jur\u00eddica de la(s) persona(s) relacionada(s) se encuentra pendiente de resolver por la autoridad judicial competente, siempre bajo los preceptos de la presunci\u00f3n de inocencia, consagrados en el art\u00edculo 29 de la Constituci\u00f3n Pol\u00edtica y el art\u00edculo 7\u00ba de la Ley 906 de 2004.<\/em><\/p>\n<p><strong>Le puede interesar: <\/strong><a href=\"https:\/\/www.fiscalia.gov.co\/colombia\/noticias\/ocupados-bienes-avaluados-en-mas-de-250-000-millones-de-pesos-a-estructura-senalada-de-lavar-activos-al-clan-del-golfo-y-la-oficina\/\" target=\"_blank\" rel=\"noopener noreferrer\" data-saferedirecturl=\"https:\/\/www.google.com\/url?q=https:\/\/www.fiscalia.gov.co\/colombia\/noticias\/ocupados-bienes-avaluados-en-mas-de-250-000-millones-de-pesos-a-estructura-senalada-de-lavar-activos-al-clan-del-golfo-y-la-oficina\/&amp;source=gmail&amp;ust=1639487593091000&amp;usg=AOvVaw3z9NpWmUq_nByvvOthG3NS\">https:\/\/www.fiscalia.gov.co\/co<wbr \/>lombia\/noticias\/ocupados-biene<wbr \/>s-avaluados-en-mas-de-250-000-<wbr \/>millones-de-pesos-a-estructura<wbr \/>-senalada-de-lavar-activos-al-<wbr \/>clan-del-golfo-y-la-oficina\/<\/a><\/p>\n\n<div class=\"twitter-share\"><a href=\"https:\/\/twitter.com\/intent\/tweet?via=fiscaliacol\" class=\"twitter-share-button\">Tweet<\/a><\/div>\n","protected":false},"excerpt":{"rendered":"<p>Entre las propiedades afectadas hay veh\u00edculos de gama alta como uno que superar\u00eda en valor los 1.700 millones de pesos. La Direcci\u00f3n Especializada de Extinci\u00f3n del Derecho de Dominio de [&hellip;]<\/p>\n","protected":false},"author":176,"featured_media":0,"comment_status":"closed","ping_status":"open","sticky":false,"template":"","format":"standard","meta":{"tdm_status":"","tdm_grid_status":"","footnotes":""},"categories":[1,321,303],"tags":[24475,1047,29829],"class_list":["post-236811","post","type-post","status-publish","format-standard","category-noticias","category-seccional-bogota","category-seccionales","tag-extincion-del-derecho-de-dominio","tag-fiscalia-general-de-la-nacion","tag-unidad-de-inteligencia-de-analisis-financiero-uiaf"],"yoast_head":"<!-- This site is optimized with the Yoast SEO plugin v24.3 - https:\/\/yoast.com\/wordpress\/plugins\/seo\/ -->\n<title>Fiscal\u00eda General de la Naci\u00f3n<\/title>\n<meta name=\"description\" content=\"P\u00e1gina oficial de la Fiscal\u00eda General de la Naci\u00f3n \u2013 Colombia. Garantizamos el acceso efectivo a la justicia, la verdad y la reparaci\u00f3n de las v\u00edctimas de los delitos.\" \/>\n<meta name=\"robots\" content=\"noindex, follow\" \/>\n<meta property=\"og:locale\" content=\"es_ES\" \/>\n<meta property=\"og:type\" content=\"article\" \/>\n<meta property=\"og:title\" content=\"Fiscal\u00eda General de la Naci\u00f3n\" \/>\n<meta property=\"og:description\" content=\"P\u00e1gina oficial de la Fiscal\u00eda General de la Naci\u00f3n \u2013 Colombia. Garantizamos el acceso efectivo a la justicia, la verdad y la reparaci\u00f3n de las v\u00edctimas de los delitos.\" \/>\n<meta property=\"og:url\" content=\"https:\/\/www.fiscalia.gov.co\/colombia\/noticias\/medidas-cautelares-de-extincion-de-dominio-a-bienes-que-habrian-sido-adquiridos-mediante-actividades-de-lavado-de-activos\/\" \/>\n<meta property=\"og:site_name\" content=\"Fiscal\u00eda General de la Naci\u00f3n\" \/>\n<meta property=\"article:publisher\" content=\"https:\/\/www.facebook.com\/FiscaliaCol\" \/>\n<meta property=\"article:published_time\" content=\"2021-12-13T13:16:54+00:00\" \/>\n<meta property=\"article:modified_time\" content=\"2021-12-13T13:18:43+00:00\" \/>\n<meta name=\"author\" content=\"Johanna Black Prieto Pe\u00f1a\" \/>\n<meta name=\"twitter:card\" content=\"summary_large_image\" \/>\n<meta name=\"twitter:creator\" content=\"@FiscaliaCol\" \/>\n<meta name=\"twitter:site\" content=\"@FiscaliaCol\" \/>\n<meta name=\"twitter:label1\" content=\"Escrito por\" \/>\n\t<meta name=\"twitter:data1\" content=\"Johanna Black Prieto Pe\u00f1a\" \/>\n\t<meta name=\"twitter:label2\" content=\"Tiempo de lectura\" \/>\n\t<meta name=\"twitter:data2\" content=\"2 minutos\" \/>\n<script type=\"application\/ld+json\" class=\"yoast-schema-graph\">{\"@context\":\"https:\/\/schema.org\",\"@graph\":[{\"@type\":\"Article\",\"@id\":\"https:\/\/www.fiscalia.gov.co\/colombia\/noticias\/medidas-cautelares-de-extincion-de-dominio-a-bienes-que-habrian-sido-adquiridos-mediante-actividades-de-lavado-de-activos\/#article\",\"isPartOf\":{\"@id\":\"https:\/\/www.fiscalia.gov.co\/colombia\/noticias\/medidas-cautelares-de-extincion-de-dominio-a-bienes-que-habrian-sido-adquiridos-mediante-actividades-de-lavado-de-activos\/\"},\"author\":{\"name\":\"Johanna Black Prieto Pe\u00f1a\",\"@id\":\"https:\/\/www.fiscalia.gov.co\/colombia\/#\/schema\/person\/b19b49f26569f91393176a2b3d13a0e5\"},\"headline\":\"Medidas cautelares de extinci\u00f3n de dominio a bienes que habr\u00edan sido adquiridos mediante actividades de lavado de activos\",\"datePublished\":\"2021-12-13T13:16:54+00:00\",\"dateModified\":\"2021-12-13T13:18:43+00:00\",\"mainEntityOfPage\":{\"@id\":\"https:\/\/www.fiscalia.gov.co\/colombia\/noticias\/medidas-cautelares-de-extincion-de-dominio-a-bienes-que-habrian-sido-adquiridos-mediante-actividades-de-lavado-de-activos\/\"},\"wordCount\":435,\"publisher\":{\"@id\":\"https:\/\/www.fiscalia.gov.co\/colombia\/#organization\"},\"keywords\":[\"extinci\u00f3n del derecho de dominio\",\"Fiscal\u00eda General de la Naci\u00f3n\",\"Unidad de Inteligencia de An\u00e1lisis Financiero (UIAF).\"],\"articleSection\":[\"Noticias\",\"Seccional Bogot\u00e1\",\"Seccionales\"],\"inLanguage\":\"es-CO\"},{\"@type\":\"WebPage\",\"@id\":\"https:\/\/www.fiscalia.gov.co\/colombia\/noticias\/medidas-cautelares-de-extincion-de-dominio-a-bienes-que-habrian-sido-adquiridos-mediante-actividades-de-lavado-de-activos\/\",\"url\":\"https:\/\/www.fiscalia.gov.co\/colombia\/noticias\/medidas-cautelares-de-extincion-de-dominio-a-bienes-que-habrian-sido-adquiridos-mediante-actividades-de-lavado-de-activos\/\",\"name\":\"Fiscal\u00eda General de la Naci\u00f3n\",\"isPartOf\":{\"@id\":\"https:\/\/www.fiscalia.gov.co\/colombia\/#website\"},\"datePublished\":\"2021-12-13T13:16:54+00:00\",\"dateModified\":\"2021-12-13T13:18:43+00:00\",\"description\":\"P\u00e1gina oficial de la Fiscal\u00eda General de la Naci\u00f3n \u2013 Colombia. Garantizamos el acceso efectivo a la justicia, la verdad y la reparaci\u00f3n de las v\u00edctimas de los delitos.\",\"breadcrumb\":{\"@id\":\"https:\/\/www.fiscalia.gov.co\/colombia\/noticias\/medidas-cautelares-de-extincion-de-dominio-a-bienes-que-habrian-sido-adquiridos-mediante-actividades-de-lavado-de-activos\/#breadcrumb\"},\"inLanguage\":\"es-CO\",\"potentialAction\":[{\"@type\":\"ReadAction\",\"target\":[\"https:\/\/www.fiscalia.gov.co\/colombia\/noticias\/medidas-cautelares-de-extincion-de-dominio-a-bienes-que-habrian-sido-adquiridos-mediante-actividades-de-lavado-de-activos\/\"]}]},{\"@type\":\"BreadcrumbList\",\"@id\":\"https:\/\/www.fiscalia.gov.co\/colombia\/noticias\/medidas-cautelares-de-extincion-de-dominio-a-bienes-que-habrian-sido-adquiridos-mediante-actividades-de-lavado-de-activos\/#breadcrumb\",\"itemListElement\":[{\"@type\":\"ListItem\",\"position\":1,\"name\":\"Home\",\"item\":\"https:\/\/www.fiscalia.gov.co\/colombia\/\"},{\"@type\":\"ListItem\",\"position\":2,\"name\":\"Medidas cautelares de extinci\u00f3n de dominio a bienes que habr\u00edan sido adquiridos mediante actividades de lavado de activos\"}]},{\"@type\":\"WebSite\",\"@id\":\"https:\/\/www.fiscalia.gov.co\/colombia\/#website\",\"url\":\"https:\/\/www.fiscalia.gov.co\/colombia\/\",\"name\":\"Fiscal\u00eda General de la Naci\u00f3n\",\"description\":\"P\u00e1gina oficial de la Fiscal\u00eda General de la Naci\u00f3n \u2013 Colombia. Garantizamos el acceso efectivo a la justicia, la verdad y la reparaci\u00f3n de las v\u00edctimas de los delitos.\",\"publisher\":{\"@id\":\"https:\/\/www.fiscalia.gov.co\/colombia\/#organization\"},\"potentialAction\":[{\"@type\":\"SearchAction\",\"target\":{\"@type\":\"EntryPoint\",\"urlTemplate\":\"https:\/\/www.fiscalia.gov.co\/colombia\/?s={search_term_string}\"},\"query-input\":{\"@type\":\"PropertyValueSpecification\",\"valueRequired\":true,\"valueName\":\"search_term_string\"}}],\"inLanguage\":\"es-CO\"},{\"@type\":\"Organization\",\"@id\":\"https:\/\/www.fiscalia.gov.co\/colombia\/#organization\",\"name\":\"Fiscal\u00eda General de la Naci\u00f3n\",\"url\":\"https:\/\/www.fiscalia.gov.co\/colombia\/\",\"logo\":{\"@type\":\"ImageObject\",\"inLanguage\":\"es-CO\",\"@id\":\"https:\/\/www.fiscalia.gov.co\/colombia\/#\/schema\/logo\/image\/\",\"url\":\"https:\/\/www.fiscalia.gov.co\/colombia\/wp-content\/uploads\/LogoHorizontal_1.jpg\",\"contentUrl\":\"https:\/\/www.fiscalia.gov.co\/colombia\/wp-content\/uploads\/LogoHorizontal_1.jpg\",\"width\":300,\"height\":90,\"caption\":\"Fiscal\u00eda General de la Naci\u00f3n\"},\"image\":{\"@id\":\"https:\/\/www.fiscalia.gov.co\/colombia\/#\/schema\/logo\/image\/\"},\"sameAs\":[\"https:\/\/www.facebook.com\/FiscaliaCol\",\"https:\/\/x.com\/FiscaliaCol\",\"https:\/\/www.instagram.com\/fiscaliacol\",\"https:\/\/www.linkedin.com\/company\/fiscalia-general-de-la-naci-n\/\",\"https:\/\/youtube.com\/@fiscaliageneraldelanacion-4668?si=6nN79nyQICPU5iTh\"]},{\"@type\":\"Person\",\"@id\":\"https:\/\/www.fiscalia.gov.co\/colombia\/#\/schema\/person\/b19b49f26569f91393176a2b3d13a0e5\",\"name\":\"Johanna Black Prieto Pe\u00f1a\",\"image\":{\"@type\":\"ImageObject\",\"inLanguage\":\"es-CO\",\"@id\":\"https:\/\/www.fiscalia.gov.co\/colombia\/#\/schema\/person\/image\/\",\"url\":\"https:\/\/secure.gravatar.com\/avatar\/7f04518e1774335e76d761d76f04003e?s=96&d=mm&r=g\",\"contentUrl\":\"https:\/\/secure.gravatar.com\/avatar\/7f04518e1774335e76d761d76f04003e?s=96&d=mm&r=g\",\"caption\":\"Johanna Black Prieto Pe\u00f1a\"},\"url\":\"https:\/\/www.fiscalia.gov.co\/colombia\/author\/jprieto\/\"}]}<\/script>\n<!-- \/ Yoast SEO plugin. -->","yoast_head_json":{"title":"Fiscal\u00eda General de la Naci\u00f3n","description":"P\u00e1gina oficial de la Fiscal\u00eda General de la Naci\u00f3n \u2013 Colombia. Garantizamos el acceso efectivo a la justicia, la verdad y la reparaci\u00f3n de las v\u00edctimas de los delitos.","robots":{"index":"noindex","follow":"follow"},"og_locale":"es_ES","og_type":"article","og_title":"Fiscal\u00eda General de la Naci\u00f3n","og_description":"P\u00e1gina oficial de la Fiscal\u00eda General de la Naci\u00f3n \u2013 Colombia. Garantizamos el acceso efectivo a la justicia, la verdad y la reparaci\u00f3n de las v\u00edctimas de los delitos.","og_url":"https:\/\/www.fiscalia.gov.co\/colombia\/noticias\/medidas-cautelares-de-extincion-de-dominio-a-bienes-que-habrian-sido-adquiridos-mediante-actividades-de-lavado-de-activos\/","og_site_name":"Fiscal\u00eda General de la Naci\u00f3n","article_publisher":"https:\/\/www.facebook.com\/FiscaliaCol","article_published_time":"2021-12-13T13:16:54+00:00","article_modified_time":"2021-12-13T13:18:43+00:00","author":"Johanna Black Prieto Pe\u00f1a","twitter_card":"summary_large_image","twitter_creator":"@FiscaliaCol","twitter_site":"@FiscaliaCol","twitter_misc":{"Escrito por":"Johanna Black Prieto Pe\u00f1a","Tiempo de lectura":"2 minutos"},"schema":{"@context":"https:\/\/schema.org","@graph":[{"@type":"Article","@id":"https:\/\/www.fiscalia.gov.co\/colombia\/noticias\/medidas-cautelares-de-extincion-de-dominio-a-bienes-que-habrian-sido-adquiridos-mediante-actividades-de-lavado-de-activos\/#article","isPartOf":{"@id":"https:\/\/www.fiscalia.gov.co\/colombia\/noticias\/medidas-cautelares-de-extincion-de-dominio-a-bienes-que-habrian-sido-adquiridos-mediante-actividades-de-lavado-de-activos\/"},"author":{"name":"Johanna Black Prieto Pe\u00f1a","@id":"https:\/\/www.fiscalia.gov.co\/colombia\/#\/schema\/person\/b19b49f26569f91393176a2b3d13a0e5"},"headline":"Medidas cautelares de extinci\u00f3n de dominio a bienes que habr\u00edan sido adquiridos mediante actividades de lavado de activos","datePublished":"2021-12-13T13:16:54+00:00","dateModified":"2021-12-13T13:18:43+00:00","mainEntityOfPage":{"@id":"https:\/\/www.fiscalia.gov.co\/colombia\/noticias\/medidas-cautelares-de-extincion-de-dominio-a-bienes-que-habrian-sido-adquiridos-mediante-actividades-de-lavado-de-activos\/"},"wordCount":435,"publisher":{"@id":"https:\/\/www.fiscalia.gov.co\/colombia\/#organization"},"keywords":["extinci\u00f3n del derecho de dominio","Fiscal\u00eda General de la Naci\u00f3n","Unidad de Inteligencia de An\u00e1lisis Financiero (UIAF)."],"articleSection":["Noticias","Seccional Bogot\u00e1","Seccionales"],"inLanguage":"es-CO"},{"@type":"WebPage","@id":"https:\/\/www.fiscalia.gov.co\/colombia\/noticias\/medidas-cautelares-de-extincion-de-dominio-a-bienes-que-habrian-sido-adquiridos-mediante-actividades-de-lavado-de-activos\/","url":"https:\/\/www.fiscalia.gov.co\/colombia\/noticias\/medidas-cautelares-de-extincion-de-dominio-a-bienes-que-habrian-sido-adquiridos-mediante-actividades-de-lavado-de-activos\/","name":"Fiscal\u00eda General de la Naci\u00f3n","isPartOf":{"@id":"https:\/\/www.fiscalia.gov.co\/colombia\/#website"},"datePublished":"2021-12-13T13:16:54+00:00","dateModified":"2021-12-13T13:18:43+00:00","description":"P\u00e1gina oficial de la Fiscal\u00eda General de la Naci\u00f3n \u2013 Colombia. Garantizamos el acceso efectivo a la justicia, la verdad y la reparaci\u00f3n de las v\u00edctimas de los delitos.","breadcrumb":{"@id":"https:\/\/www.fiscalia.gov.co\/colombia\/noticias\/medidas-cautelares-de-extincion-de-dominio-a-bienes-que-habrian-sido-adquiridos-mediante-actividades-de-lavado-de-activos\/#breadcrumb"},"inLanguage":"es-CO","potentialAction":[{"@type":"ReadAction","target":["https:\/\/www.fiscalia.gov.co\/colombia\/noticias\/medidas-cautelares-de-extincion-de-dominio-a-bienes-que-habrian-sido-adquiridos-mediante-actividades-de-lavado-de-activos\/"]}]},{"@type":"BreadcrumbList","@id":"https:\/\/www.fiscalia.gov.co\/colombia\/noticias\/medidas-cautelares-de-extincion-de-dominio-a-bienes-que-habrian-sido-adquiridos-mediante-actividades-de-lavado-de-activos\/#breadcrumb","itemListElement":[{"@type":"ListItem","position":1,"name":"Home","item":"https:\/\/www.fiscalia.gov.co\/colombia\/"},{"@type":"ListItem","position":2,"name":"Medidas cautelares de extinci\u00f3n de dominio a bienes que habr\u00edan sido adquiridos mediante actividades de lavado de activos"}]},{"@type":"WebSite","@id":"https:\/\/www.fiscalia.gov.co\/colombia\/#website","url":"https:\/\/www.fiscalia.gov.co\/colombia\/","name":"Fiscal\u00eda General de la Naci\u00f3n","description":"P\u00e1gina oficial de la Fiscal\u00eda General de la Naci\u00f3n \u2013 Colombia. Garantizamos el acceso efectivo a la justicia, la verdad y la reparaci\u00f3n de las v\u00edctimas de los delitos.","publisher":{"@id":"https:\/\/www.fiscalia.gov.co\/colombia\/#organization"},"potentialAction":[{"@type":"SearchAction","target":{"@type":"EntryPoint","urlTemplate":"https:\/\/www.fiscalia.gov.co\/colombia\/?s={search_term_string}"},"query-input":{"@type":"PropertyValueSpecification","valueRequired":true,"valueName":"search_term_string"}}],"inLanguage":"es-CO"},{"@type":"Organization","@id":"https:\/\/www.fiscalia.gov.co\/colombia\/#organization","name":"Fiscal\u00eda General de la Naci\u00f3n","url":"https:\/\/www.fiscalia.gov.co\/colombia\/","logo":{"@type":"ImageObject","inLanguage":"es-CO","@id":"https:\/\/www.fiscalia.gov.co\/colombia\/#\/schema\/logo\/image\/","url":"https:\/\/www.fiscalia.gov.co\/colombia\/wp-content\/uploads\/LogoHorizontal_1.jpg","contentUrl":"https:\/\/www.fiscalia.gov.co\/colombia\/wp-content\/uploads\/LogoHorizontal_1.jpg","width":300,"height":90,"caption":"Fiscal\u00eda General de la Naci\u00f3n"},"image":{"@id":"https:\/\/www.fiscalia.gov.co\/colombia\/#\/schema\/logo\/image\/"},"sameAs":["https:\/\/www.facebook.com\/FiscaliaCol","https:\/\/x.com\/FiscaliaCol","https:\/\/www.instagram.com\/fiscaliacol","https:\/\/www.linkedin.com\/company\/fiscalia-general-de-la-naci-n\/","https:\/\/youtube.com\/@fiscaliageneraldelanacion-4668?si=6nN79nyQICPU5iTh"]},{"@type":"Person","@id":"https:\/\/www.fiscalia.gov.co\/colombia\/#\/schema\/person\/b19b49f26569f91393176a2b3d13a0e5","name":"Johanna Black Prieto Pe\u00f1a","image":{"@type":"ImageObject","inLanguage":"es-CO","@id":"https:\/\/www.fiscalia.gov.co\/colombia\/#\/schema\/person\/image\/","url":"https:\/\/secure.gravatar.com\/avatar\/7f04518e1774335e76d761d76f04003e?s=96&d=mm&r=g","contentUrl":"https:\/\/secure.gravatar.com\/avatar\/7f04518e1774335e76d761d76f04003e?s=96&d=mm&r=g","caption":"Johanna Black Prieto Pe\u00f1a"},"url":"https:\/\/www.fiscalia.gov.co\/colombia\/author\/jprieto\/"}]}},"_links":{"self":[{"href":"https:\/\/www.fiscalia.gov.co\/colombia\/wp-json\/wp\/v2\/posts\/236811","targetHints":{"allow":["GET"]}}],"collection":[{"href":"https:\/\/www.fiscalia.gov.co\/colombia\/wp-json\/wp\/v2\/posts"}],"about":[{"href":"https:\/\/www.fiscalia.gov.co\/colombia\/wp-json\/wp\/v2\/types\/post"}],"author":[{"embeddable":true,"href":"https:\/\/www.fiscalia.gov.co\/colombia\/wp-json\/wp\/v2\/users\/176"}],"replies":[{"embeddable":true,"href":"https:\/\/www.fiscalia.gov.co\/colombia\/wp-json\/wp\/v2\/comments?post=236811"}],"version-history":[{"count":2,"href":"https:\/\/www.fiscalia.gov.co\/colombia\/wp-json\/wp\/v2\/posts\/236811\/revisions"}],"predecessor-version":[{"id":236814,"href":"https:\/\/www.fiscalia.gov.co\/colombia\/wp-json\/wp\/v2\/posts\/236811\/revisions\/236814"}],"wp:attachment":[{"href":"https:\/\/www.fiscalia.gov.co\/colombia\/wp-json\/wp\/v2\/media?parent=236811"}],"wp:term":[{"taxonomy":"category","embeddable":true,"href":"https:\/\/www.fiscalia.gov.co\/colombia\/wp-json\/wp\/v2\/categories?post=236811"},{"taxonomy":"post_tag","embeddable":true,"href":"https:\/\/www.fiscalia.gov.co\/colombia\/wp-json\/wp\/v2\/tags?post=236811"}],"curies":[{"name":"wp","href":"https:\/\/api.w.org\/{rel}","templated":true}]}}