{"id":236562,"date":"2021-12-07T18:40:14","date_gmt":"2021-12-07T23:40:14","guid":{"rendered":"https:\/\/www.fiscalia.gov.co\/colombia\/?p=236562"},"modified":"2021-12-07T18:40:14","modified_gmt":"2021-12-07T23:40:14","slug":"la-organizacion-los-caciques-dedicada-al-hurto-en-tunja-fue-desmantelada","status":"publish","type":"post","link":"https:\/\/www.fiscalia.gov.co\/colombia\/noticias\/la-organizacion-los-caciques-dedicada-al-hurto-en-tunja-fue-desmantelada\/","title":{"rendered":"La organizaci\u00f3n \u2018Los Caciques\u2019, dedicada al hurto en Tunja, fue desmantelada"},"content":{"rendered":"<p>La Seccional Boyac\u00e1 de la Fiscal\u00eda General de la Naci\u00f3n, en coordinaci\u00f3n con la Polic\u00eda Nacional, desarticul\u00f3 el Grupo de Delincuencia Com\u00fan Organizado \u2018Los Caciques\u2019, a quienes se les atribuyen varios hurtos en Tunja.<u><\/u><u><\/u><\/p>\n<p>Esta acci\u00f3n fue posible luego de la captura y judicializaci\u00f3n de cinco hombres y dos mujeres quienes fueron presentados ante un juez de control de garant\u00edas, ante quien un fiscal EDA les imput\u00f3 los delitos de hurto calificado, receptaci\u00f3n, manipulaci\u00f3n de equipos terminales m\u00f3viles y concierto para delinquir.\u00a0Ninguno fue aceptado.<u><\/u><u><\/u><\/p>\n<p>Los procesados se habr\u00edan especializado en el hurto bajo la modalidad de cosquilleo en lugares con alta afluencia de ciudadanos a quienes les eran hurtados sus elementos, aprovechando el factor oportunidad.<u><\/u><u><\/u><\/p>\n<p>La investigaci\u00f3n que concluy\u00f3 con la desarticulaci\u00f3n de Los Caciques inici\u00f3 en marzo de 2021 tras una denuncia de una persona, v\u00edctima de esta red de hurto que ven\u00edan afectando la seguridad en Tunja.<u><\/u><u><\/u><\/p>\n<p>Los procedimientos de captura fueron realizados por la Polic\u00eda Metropolitana de Tunja y en su desarrollo fueron incautados dos computadores port\u00e1tiles, varios celulares y un arma de fuego.<u><\/u><u><\/u><\/p>\n<p>El juez aval\u00f3 la solicitud del ente investigador y determin\u00f3 que seis de los procesados deber\u00e1n permanecer privados de la libertad en c\u00e1rcel, uno deber\u00e1 permanecer bajo medida de aseguramiento privativa de la libertad en su residencia.<u><\/u><u><\/u><\/p>\n<p>La Fiscal\u00eda habla con resultados \u00a0<u><\/u><u><\/u>\u00a0<u><\/u><u><\/u><\/p>\n<p>MARA\/MAGA\/MEC<u><\/u><u><\/u><\/p>\n<p><i><span lang=\"ES\">La informaci\u00f3n contenida en este bolet\u00edn de prensa corresponde a la narraci\u00f3n de los hechos noticiosos objetivos, suministrados por los funcionarios encargados de adelantar las investigaciones penales al interior de la Fiscal\u00eda General de la Naci\u00f3n. Para el momento de la divulgaci\u00f3n de este comunicado, la situaci\u00f3n jur\u00eddica de la(s) persona(s) relacionada(s) se encuentra pendiente de resolver por la autoridad judicial competente, siempre bajo los preceptos de la presunci\u00f3n de inocencia, consagrados en el art\u00edculo 29 de la Constituci\u00f3n Pol\u00edtica y el art\u00edculo 7\u00ba de la Ley 906 de 2004.<\/span><\/i><i><u><\/u><u><\/u><\/i><\/p>\n<p><strong>Le puede interesar:<\/strong>\u00a0<a href=\"https:\/\/www.fiscalia.gov.co\/colombia\/noticias\/con-nueva-captura-se-desarticula-banda-los-nomadas-que-estaria-dedicada-al-hurto-en-la-modalidad-de-cambiazo-de-tarjetas-debito\/\" target=\"_blank\" rel=\"noopener noreferrer\" data-saferedirecturl=\"https:\/\/www.google.com\/url?q=https:\/\/www.fiscalia.gov.co\/colombia\/noticias\/con-nueva-captura-se-desarticula-banda-los-nomadas-que-estaria-dedicada-al-hurto-en-la-modalidad-de-cambiazo-de-tarjetas-debito\/&amp;source=gmail&amp;ust=1639006251289000&amp;usg=AOvVaw0YRKyrB6z2Q_kOQLxBBfDc\">Con nueva captura se desarticula banda \u2018Los N\u00f3madas\u2019 que estar\u00eda dedicada al hurto en la modalidad de cambiazo de tarjetas d\u00e9bito<\/a><u><\/u><u><\/u><\/p>\n<p><u><\/u><u><\/u><\/p>\n<p>&nbsp;<\/p>\n<div><\/div>\n\n<div class=\"twitter-share\"><a href=\"https:\/\/twitter.com\/intent\/tweet?via=fiscaliacol\" class=\"twitter-share-button\">Tweet<\/a><\/div>\n","protected":false},"excerpt":{"rendered":"<p>La Seccional Boyac\u00e1 de la Fiscal\u00eda General de la Naci\u00f3n, en coordinaci\u00f3n con la Polic\u00eda Nacional, desarticul\u00f3 el Grupo de Delincuencia Com\u00fan Organizado \u2018Los Caciques\u2019, a quienes se les atribuyen varios hurtos en Tunja. Esta acci\u00f3n fue posible luego de la captura y judicializaci\u00f3n de cinco hombres y dos mujeres quienes fueron presentados ante un [&hellip;]<\/p>\n","protected":false},"author":176,"featured_media":0,"comment_status":"closed","ping_status":"open","sticky":false,"template":"","format":"standard","meta":{"tdm_status":"","tdm_grid_status":"","footnotes":""},"categories":[24098,1,341,303],"tags":[83,13616,1047,23960,25096,24465],"class_list":{"0":"post-236562","1":"post","2":"type-post","3":"status-publish","4":"format-standard","6":"category-crimen-organizado","7":"category-noticias","8":"category-seccional-tunja","9":"category-seccionales","10":"tag-concierto-para-delinquir","11":"tag-desarticulada","12":"tag-fiscalia-general-de-la-nacion","13":"tag-hurto","14":"tag-medida-intramural","15":"tag-seccional-boyaca"},"yoast_head":"<!-- This site is optimized with the Yoast SEO plugin v24.3 - https:\/\/yoast.com\/wordpress\/plugins\/seo\/ -->\n<title>Fiscal\u00eda General de la Naci\u00f3n<\/title>\n<meta name=\"description\" content=\"P\u00e1gina oficial de la Fiscal\u00eda General de la Naci\u00f3n \u2013 Colombia. Garantizamos el acceso efectivo a la justicia, la verdad y la reparaci\u00f3n de las v\u00edctimas de los delitos.\" \/>\n<meta name=\"robots\" content=\"noindex, follow\" \/>\n<meta property=\"og:locale\" content=\"es_ES\" \/>\n<meta property=\"og:type\" content=\"article\" \/>\n<meta property=\"og:title\" content=\"Fiscal\u00eda General de la Naci\u00f3n\" \/>\n<meta property=\"og:description\" content=\"P\u00e1gina oficial de la Fiscal\u00eda General de la Naci\u00f3n \u2013 Colombia. Garantizamos el acceso efectivo a la justicia, la verdad y la reparaci\u00f3n de las v\u00edctimas de los delitos.\" \/>\n<meta property=\"og:url\" content=\"https:\/\/www.fiscalia.gov.co\/colombia\/noticias\/la-organizacion-los-caciques-dedicada-al-hurto-en-tunja-fue-desmantelada\/\" \/>\n<meta property=\"og:site_name\" content=\"Fiscal\u00eda General de la Naci\u00f3n\" \/>\n<meta property=\"article:publisher\" content=\"https:\/\/www.facebook.com\/FiscaliaCol\" \/>\n<meta property=\"article:published_time\" content=\"2021-12-07T23:40:14+00:00\" \/>\n<meta name=\"author\" content=\"Johanna Black Prieto Pe\u00f1a\" \/>\n<meta name=\"twitter:card\" content=\"summary_large_image\" \/>\n<meta name=\"twitter:creator\" content=\"@FiscaliaCol\" \/>\n<meta name=\"twitter:site\" content=\"@FiscaliaCol\" \/>\n<meta name=\"twitter:label1\" content=\"Escrito por\" \/>\n\t<meta name=\"twitter:data1\" content=\"Johanna Black Prieto Pe\u00f1a\" \/>\n\t<meta name=\"twitter:label2\" content=\"Tiempo de lectura\" \/>\n\t<meta name=\"twitter:data2\" content=\"2 minutos\" \/>\n<script type=\"application\/ld+json\" class=\"yoast-schema-graph\">{\"@context\":\"https:\/\/schema.org\",\"@graph\":[{\"@type\":\"Article\",\"@id\":\"https:\/\/www.fiscalia.gov.co\/colombia\/noticias\/la-organizacion-los-caciques-dedicada-al-hurto-en-tunja-fue-desmantelada\/#article\",\"isPartOf\":{\"@id\":\"https:\/\/www.fiscalia.gov.co\/colombia\/noticias\/la-organizacion-los-caciques-dedicada-al-hurto-en-tunja-fue-desmantelada\/\"},\"author\":{\"name\":\"Johanna Black Prieto Pe\u00f1a\",\"@id\":\"https:\/\/www.fiscalia.gov.co\/colombia\/#\/schema\/person\/b19b49f26569f91393176a2b3d13a0e5\"},\"headline\":\"La organizaci\u00f3n \u2018Los Caciques\u2019, dedicada al hurto en Tunja, fue desmantelada\",\"datePublished\":\"2021-12-07T23:40:14+00:00\",\"dateModified\":\"2021-12-07T23:40:14+00:00\",\"mainEntityOfPage\":{\"@id\":\"https:\/\/www.fiscalia.gov.co\/colombia\/noticias\/la-organizacion-los-caciques-dedicada-al-hurto-en-tunja-fue-desmantelada\/\"},\"wordCount\":385,\"publisher\":{\"@id\":\"https:\/\/www.fiscalia.gov.co\/colombia\/#organization\"},\"keywords\":[\"Concierto para delinquir\",\"Desarticulada\",\"Fiscal\u00eda General de la Naci\u00f3n\",\"Hurto\",\"medida intramural\",\"Seccional Boyac\u00e1\"],\"articleSection\":[\"Crimen organizado\",\"Noticias\",\"Seccional Tunja\",\"Seccionales\"],\"inLanguage\":\"es-CO\"},{\"@type\":\"WebPage\",\"@id\":\"https:\/\/www.fiscalia.gov.co\/colombia\/noticias\/la-organizacion-los-caciques-dedicada-al-hurto-en-tunja-fue-desmantelada\/\",\"url\":\"https:\/\/www.fiscalia.gov.co\/colombia\/noticias\/la-organizacion-los-caciques-dedicada-al-hurto-en-tunja-fue-desmantelada\/\",\"name\":\"Fiscal\u00eda General de la Naci\u00f3n\",\"isPartOf\":{\"@id\":\"https:\/\/www.fiscalia.gov.co\/colombia\/#website\"},\"datePublished\":\"2021-12-07T23:40:14+00:00\",\"dateModified\":\"2021-12-07T23:40:14+00:00\",\"description\":\"P\u00e1gina oficial de la Fiscal\u00eda General de la Naci\u00f3n \u2013 Colombia. Garantizamos el acceso efectivo a la justicia, la verdad y la reparaci\u00f3n de las v\u00edctimas de los delitos.\",\"breadcrumb\":{\"@id\":\"https:\/\/www.fiscalia.gov.co\/colombia\/noticias\/la-organizacion-los-caciques-dedicada-al-hurto-en-tunja-fue-desmantelada\/#breadcrumb\"},\"inLanguage\":\"es-CO\",\"potentialAction\":[{\"@type\":\"ReadAction\",\"target\":[\"https:\/\/www.fiscalia.gov.co\/colombia\/noticias\/la-organizacion-los-caciques-dedicada-al-hurto-en-tunja-fue-desmantelada\/\"]}]},{\"@type\":\"BreadcrumbList\",\"@id\":\"https:\/\/www.fiscalia.gov.co\/colombia\/noticias\/la-organizacion-los-caciques-dedicada-al-hurto-en-tunja-fue-desmantelada\/#breadcrumb\",\"itemListElement\":[{\"@type\":\"ListItem\",\"position\":1,\"name\":\"Home\",\"item\":\"https:\/\/www.fiscalia.gov.co\/colombia\/\"},{\"@type\":\"ListItem\",\"position\":2,\"name\":\"La organizaci\u00f3n \u2018Los Caciques\u2019, dedicada al hurto en Tunja, fue desmantelada\"}]},{\"@type\":\"WebSite\",\"@id\":\"https:\/\/www.fiscalia.gov.co\/colombia\/#website\",\"url\":\"https:\/\/www.fiscalia.gov.co\/colombia\/\",\"name\":\"Fiscal\u00eda General de la Naci\u00f3n\",\"description\":\"P\u00e1gina oficial de la Fiscal\u00eda General de la Naci\u00f3n \u2013 Colombia. Garantizamos el acceso efectivo a la justicia, la verdad y la reparaci\u00f3n de las v\u00edctimas de los delitos.\",\"publisher\":{\"@id\":\"https:\/\/www.fiscalia.gov.co\/colombia\/#organization\"},\"potentialAction\":[{\"@type\":\"SearchAction\",\"target\":{\"@type\":\"EntryPoint\",\"urlTemplate\":\"https:\/\/www.fiscalia.gov.co\/colombia\/?s={search_term_string}\"},\"query-input\":{\"@type\":\"PropertyValueSpecification\",\"valueRequired\":true,\"valueName\":\"search_term_string\"}}],\"inLanguage\":\"es-CO\"},{\"@type\":\"Organization\",\"@id\":\"https:\/\/www.fiscalia.gov.co\/colombia\/#organization\",\"name\":\"Fiscal\u00eda General de la Naci\u00f3n\",\"url\":\"https:\/\/www.fiscalia.gov.co\/colombia\/\",\"logo\":{\"@type\":\"ImageObject\",\"inLanguage\":\"es-CO\",\"@id\":\"https:\/\/www.fiscalia.gov.co\/colombia\/#\/schema\/logo\/image\/\",\"url\":\"https:\/\/www.fiscalia.gov.co\/colombia\/wp-content\/uploads\/LogoHorizontal_1.jpg\",\"contentUrl\":\"https:\/\/www.fiscalia.gov.co\/colombia\/wp-content\/uploads\/LogoHorizontal_1.jpg\",\"width\":300,\"height\":90,\"caption\":\"Fiscal\u00eda General de la Naci\u00f3n\"},\"image\":{\"@id\":\"https:\/\/www.fiscalia.gov.co\/colombia\/#\/schema\/logo\/image\/\"},\"sameAs\":[\"https:\/\/www.facebook.com\/FiscaliaCol\",\"https:\/\/x.com\/FiscaliaCol\",\"https:\/\/www.instagram.com\/fiscaliacol\",\"https:\/\/www.linkedin.com\/company\/fiscalia-general-de-la-naci-n\/\",\"https:\/\/youtube.com\/@fiscaliageneraldelanacion-4668?si=6nN79nyQICPU5iTh\"]},{\"@type\":\"Person\",\"@id\":\"https:\/\/www.fiscalia.gov.co\/colombia\/#\/schema\/person\/b19b49f26569f91393176a2b3d13a0e5\",\"name\":\"Johanna Black Prieto Pe\u00f1a\",\"image\":{\"@type\":\"ImageObject\",\"inLanguage\":\"es-CO\",\"@id\":\"https:\/\/www.fiscalia.gov.co\/colombia\/#\/schema\/person\/image\/\",\"url\":\"https:\/\/secure.gravatar.com\/avatar\/7f04518e1774335e76d761d76f04003e?s=96&d=mm&r=g\",\"contentUrl\":\"https:\/\/secure.gravatar.com\/avatar\/7f04518e1774335e76d761d76f04003e?s=96&d=mm&r=g\",\"caption\":\"Johanna Black Prieto Pe\u00f1a\"},\"url\":\"https:\/\/www.fiscalia.gov.co\/colombia\/author\/jprieto\/\"}]}<\/script>\n<!-- \/ Yoast SEO plugin. -->","yoast_head_json":{"title":"Fiscal\u00eda General de la Naci\u00f3n","description":"P\u00e1gina oficial de la Fiscal\u00eda General de la Naci\u00f3n \u2013 Colombia. Garantizamos el acceso efectivo a la justicia, la verdad y la reparaci\u00f3n de las v\u00edctimas de los delitos.","robots":{"index":"noindex","follow":"follow"},"og_locale":"es_ES","og_type":"article","og_title":"Fiscal\u00eda General de la Naci\u00f3n","og_description":"P\u00e1gina oficial de la Fiscal\u00eda General de la Naci\u00f3n \u2013 Colombia. Garantizamos el acceso efectivo a la justicia, la verdad y la reparaci\u00f3n de las v\u00edctimas de los delitos.","og_url":"https:\/\/www.fiscalia.gov.co\/colombia\/noticias\/la-organizacion-los-caciques-dedicada-al-hurto-en-tunja-fue-desmantelada\/","og_site_name":"Fiscal\u00eda General de la Naci\u00f3n","article_publisher":"https:\/\/www.facebook.com\/FiscaliaCol","article_published_time":"2021-12-07T23:40:14+00:00","author":"Johanna Black Prieto Pe\u00f1a","twitter_card":"summary_large_image","twitter_creator":"@FiscaliaCol","twitter_site":"@FiscaliaCol","twitter_misc":{"Escrito por":"Johanna Black Prieto Pe\u00f1a","Tiempo de lectura":"2 minutos"},"schema":{"@context":"https:\/\/schema.org","@graph":[{"@type":"Article","@id":"https:\/\/www.fiscalia.gov.co\/colombia\/noticias\/la-organizacion-los-caciques-dedicada-al-hurto-en-tunja-fue-desmantelada\/#article","isPartOf":{"@id":"https:\/\/www.fiscalia.gov.co\/colombia\/noticias\/la-organizacion-los-caciques-dedicada-al-hurto-en-tunja-fue-desmantelada\/"},"author":{"name":"Johanna Black Prieto Pe\u00f1a","@id":"https:\/\/www.fiscalia.gov.co\/colombia\/#\/schema\/person\/b19b49f26569f91393176a2b3d13a0e5"},"headline":"La organizaci\u00f3n \u2018Los Caciques\u2019, dedicada al hurto en Tunja, fue desmantelada","datePublished":"2021-12-07T23:40:14+00:00","dateModified":"2021-12-07T23:40:14+00:00","mainEntityOfPage":{"@id":"https:\/\/www.fiscalia.gov.co\/colombia\/noticias\/la-organizacion-los-caciques-dedicada-al-hurto-en-tunja-fue-desmantelada\/"},"wordCount":385,"publisher":{"@id":"https:\/\/www.fiscalia.gov.co\/colombia\/#organization"},"keywords":["Concierto para delinquir","Desarticulada","Fiscal\u00eda General de la Naci\u00f3n","Hurto","medida intramural","Seccional Boyac\u00e1"],"articleSection":["Crimen organizado","Noticias","Seccional Tunja","Seccionales"],"inLanguage":"es-CO"},{"@type":"WebPage","@id":"https:\/\/www.fiscalia.gov.co\/colombia\/noticias\/la-organizacion-los-caciques-dedicada-al-hurto-en-tunja-fue-desmantelada\/","url":"https:\/\/www.fiscalia.gov.co\/colombia\/noticias\/la-organizacion-los-caciques-dedicada-al-hurto-en-tunja-fue-desmantelada\/","name":"Fiscal\u00eda General de la Naci\u00f3n","isPartOf":{"@id":"https:\/\/www.fiscalia.gov.co\/colombia\/#website"},"datePublished":"2021-12-07T23:40:14+00:00","dateModified":"2021-12-07T23:40:14+00:00","description":"P\u00e1gina oficial de la Fiscal\u00eda General de la Naci\u00f3n \u2013 Colombia. Garantizamos el acceso efectivo a la justicia, la verdad y la reparaci\u00f3n de las v\u00edctimas de los delitos.","breadcrumb":{"@id":"https:\/\/www.fiscalia.gov.co\/colombia\/noticias\/la-organizacion-los-caciques-dedicada-al-hurto-en-tunja-fue-desmantelada\/#breadcrumb"},"inLanguage":"es-CO","potentialAction":[{"@type":"ReadAction","target":["https:\/\/www.fiscalia.gov.co\/colombia\/noticias\/la-organizacion-los-caciques-dedicada-al-hurto-en-tunja-fue-desmantelada\/"]}]},{"@type":"BreadcrumbList","@id":"https:\/\/www.fiscalia.gov.co\/colombia\/noticias\/la-organizacion-los-caciques-dedicada-al-hurto-en-tunja-fue-desmantelada\/#breadcrumb","itemListElement":[{"@type":"ListItem","position":1,"name":"Home","item":"https:\/\/www.fiscalia.gov.co\/colombia\/"},{"@type":"ListItem","position":2,"name":"La organizaci\u00f3n \u2018Los Caciques\u2019, dedicada al hurto en Tunja, fue desmantelada"}]},{"@type":"WebSite","@id":"https:\/\/www.fiscalia.gov.co\/colombia\/#website","url":"https:\/\/www.fiscalia.gov.co\/colombia\/","name":"Fiscal\u00eda General de la Naci\u00f3n","description":"P\u00e1gina oficial de la Fiscal\u00eda General de la Naci\u00f3n \u2013 Colombia. Garantizamos el acceso efectivo a la justicia, la verdad y la reparaci\u00f3n de las v\u00edctimas de los delitos.","publisher":{"@id":"https:\/\/www.fiscalia.gov.co\/colombia\/#organization"},"potentialAction":[{"@type":"SearchAction","target":{"@type":"EntryPoint","urlTemplate":"https:\/\/www.fiscalia.gov.co\/colombia\/?s={search_term_string}"},"query-input":{"@type":"PropertyValueSpecification","valueRequired":true,"valueName":"search_term_string"}}],"inLanguage":"es-CO"},{"@type":"Organization","@id":"https:\/\/www.fiscalia.gov.co\/colombia\/#organization","name":"Fiscal\u00eda General de la Naci\u00f3n","url":"https:\/\/www.fiscalia.gov.co\/colombia\/","logo":{"@type":"ImageObject","inLanguage":"es-CO","@id":"https:\/\/www.fiscalia.gov.co\/colombia\/#\/schema\/logo\/image\/","url":"https:\/\/www.fiscalia.gov.co\/colombia\/wp-content\/uploads\/LogoHorizontal_1.jpg","contentUrl":"https:\/\/www.fiscalia.gov.co\/colombia\/wp-content\/uploads\/LogoHorizontal_1.jpg","width":300,"height":90,"caption":"Fiscal\u00eda General de la Naci\u00f3n"},"image":{"@id":"https:\/\/www.fiscalia.gov.co\/colombia\/#\/schema\/logo\/image\/"},"sameAs":["https:\/\/www.facebook.com\/FiscaliaCol","https:\/\/x.com\/FiscaliaCol","https:\/\/www.instagram.com\/fiscaliacol","https:\/\/www.linkedin.com\/company\/fiscalia-general-de-la-naci-n\/","https:\/\/youtube.com\/@fiscaliageneraldelanacion-4668?si=6nN79nyQICPU5iTh"]},{"@type":"Person","@id":"https:\/\/www.fiscalia.gov.co\/colombia\/#\/schema\/person\/b19b49f26569f91393176a2b3d13a0e5","name":"Johanna Black Prieto Pe\u00f1a","image":{"@type":"ImageObject","inLanguage":"es-CO","@id":"https:\/\/www.fiscalia.gov.co\/colombia\/#\/schema\/person\/image\/","url":"https:\/\/secure.gravatar.com\/avatar\/7f04518e1774335e76d761d76f04003e?s=96&d=mm&r=g","contentUrl":"https:\/\/secure.gravatar.com\/avatar\/7f04518e1774335e76d761d76f04003e?s=96&d=mm&r=g","caption":"Johanna Black Prieto Pe\u00f1a"},"url":"https:\/\/www.fiscalia.gov.co\/colombia\/author\/jprieto\/"}]}},"_links":{"self":[{"href":"https:\/\/www.fiscalia.gov.co\/colombia\/wp-json\/wp\/v2\/posts\/236562","targetHints":{"allow":["GET"]}}],"collection":[{"href":"https:\/\/www.fiscalia.gov.co\/colombia\/wp-json\/wp\/v2\/posts"}],"about":[{"href":"https:\/\/www.fiscalia.gov.co\/colombia\/wp-json\/wp\/v2\/types\/post"}],"author":[{"embeddable":true,"href":"https:\/\/www.fiscalia.gov.co\/colombia\/wp-json\/wp\/v2\/users\/176"}],"replies":[{"embeddable":true,"href":"https:\/\/www.fiscalia.gov.co\/colombia\/wp-json\/wp\/v2\/comments?post=236562"}],"version-history":[{"count":1,"href":"https:\/\/www.fiscalia.gov.co\/colombia\/wp-json\/wp\/v2\/posts\/236562\/revisions"}],"predecessor-version":[{"id":236563,"href":"https:\/\/www.fiscalia.gov.co\/colombia\/wp-json\/wp\/v2\/posts\/236562\/revisions\/236563"}],"wp:attachment":[{"href":"https:\/\/www.fiscalia.gov.co\/colombia\/wp-json\/wp\/v2\/media?parent=236562"}],"wp:term":[{"taxonomy":"category","embeddable":true,"href":"https:\/\/www.fiscalia.gov.co\/colombia\/wp-json\/wp\/v2\/categories?post=236562"},{"taxonomy":"post_tag","embeddable":true,"href":"https:\/\/www.fiscalia.gov.co\/colombia\/wp-json\/wp\/v2\/tags?post=236562"}],"curies":[{"name":"wp","href":"https:\/\/api.w.org\/{rel}","templated":true}]}}