{"id":236518,"date":"2021-12-07T11:27:23","date_gmt":"2021-12-07T16:27:23","guid":{"rendered":"https:\/\/www.fiscalia.gov.co\/colombia\/?p=236518"},"modified":"2021-12-07T11:27:23","modified_gmt":"2021-12-07T16:27:23","slug":"fiscalia-logro-condena-a-12-anos-de-prision-contra-un-hombre-responsable-de-actos-sexuales-contra-una-menor-en-cali-valle-del-cauca","status":"publish","type":"post","link":"https:\/\/www.fiscalia.gov.co\/colombia\/noticias\/fiscalia-logro-condena-a-12-anos-de-prision-contra-un-hombre-responsable-de-actos-sexuales-contra-una-menor-en-cali-valle-del-cauca\/","title":{"rendered":"Fiscal\u00eda logr\u00f3 condena a 12 a\u00f1os de prisi\u00f3n contra un hombre, responsable de actos sexuales contra una menor en Cali, (Valle del Cauca)"},"content":{"rendered":"<h4 style=\"font-weight: 400;\"><em>El hombre abusaba de la ni\u00f1a desde que ten\u00eda 7 a\u00f1os de edad, aprovechaba que <\/em><em>sus familiares, por motivos de trabajo y estudio se ausentaban del inmueble, dej\u00e1ndola sola.<\/em><\/h4>\n<p style=\"font-weight: 400;\">El Juzgado S\u00e9ptimo Penal Municipal conden\u00f3 a la\u00a0<a href=\"https:\/\/www.fiscalia.gov.co\/colombia\/seccionales\/a-12-anos-de-prision-fue-condenado-el-abusador-sexual-de-un-menor-de-10-anos\/\" data-saferedirecturl=\"https:\/\/www.google.com\/url?q=https:\/\/www.fiscalia.gov.co\/colombia\/seccionales\/a-12-anos-de-prision-fue-condenado-el-abusador-sexual-de-un-menor-de-10-anos\/&amp;source=gmail&amp;ust=1638980649627000&amp;usg=AOvVaw2Wy3zvvOPHVZM-Tlao3wGF\">pena de 12 a\u00f1os de prisi\u00f3n<\/a>\u00a0a Julio Cesar Segura L\u00f3pez, a quien un Fiscala Seccional Caivas imput\u00f3 cargos por su responsabilidad material de los delitos de\u00a0<a href=\"https:\/\/www.fiscalia.gov.co\/colombia\/seccionales\/a-la-carcel-hombre-senalado-de-haber-cometido-actos-sexuales-con-menor-de-14-anos\/\" data-saferedirecturl=\"https:\/\/www.google.com\/url?q=https:\/\/www.fiscalia.gov.co\/colombia\/seccionales\/a-la-carcel-hombre-senalado-de-haber-cometido-actos-sexuales-con-menor-de-14-anos\/&amp;source=gmail&amp;ust=1638980649627000&amp;usg=AOvVaw1vlMJUhfGg9vqh988yE4p2\">actos sexuales con menor de 14 a\u00f1os<\/a>\u00a0en concurso homog\u00e9neo.<\/p>\n<p style=\"font-weight: 400;\">De acuerdo con la investigaci\u00f3n del ente investigador, los hechos ocurrieron entre los a\u00f1os 2010 y 2011, cuando la v\u00edctima, quien contaba con 7 a\u00f1os, y viv\u00eda en el barrio San Judas, oriente de esta ciudad, se quedaba sola en la vivienda donde reside con sus familiares, quienes por motivos de trabajo y estudio se ausentaban del inmueble, dej\u00e1ndola sola.<\/p>\n<p style=\"font-weight: 400;\">La situaci\u00f3n era aprovechada por Segura L\u00f3pez, qui\u00e9n abusando la confianza de la familia, por ser vecino del sector, abordaba a la ni\u00f1a ofreci\u00e9ndole dulces y juguetes, para besarla en varias partes del cuerpo, manipularla en sus partes \u00edntimas, y accederla sexualmente.<\/p>\n<p style=\"font-weight: 400;\">La situaci\u00f3n fue denunciada por la hermana de la menor en la Unidad de Reacci\u00f3n Inmediata, URI, en donde una fiscal seccional inici\u00f3 la investigaci\u00f3n en contra del abusador.<\/p>\n<p style=\"font-weight: 400;\">En febrero de 2021, el Juzgado S\u00e9ptimo realiz\u00f3 la audiencia de formulaci\u00f3n de acusaci\u00f3n, en la que Julio Cesar Segura acept\u00f3 los cargos y, a trav\u00e9s de su defensor, firm\u00f3 un preacuerdo con el ente investigador.<\/p>\n<p style=\"font-weight: 400;\">El 3 de diciembre de 2021, el servidor judicial emiti\u00f3 sentencia condenatoria en contra de Segura L\u00f3pez, quien permanece detenido en la c\u00e1rcel de Villahermosa.<\/p>\n<p style=\"font-weight: 400;\">La Fiscal\u00eda habla con resultados<\/p>\n<p style=\"font-weight: 400;\">JGPV\/SEG\/FAGH<\/p>\n<p><em>La informaci\u00f3n contenida en este bolet\u00edn de prensa corresponde a la narraci\u00f3n de los hechos noticiosos objetivos, suministrados por los funcionarios encargados de adelantar las investigaciones penales al interior de la Fiscal\u00eda General de la Naci\u00f3n. Para el momento de la divulgaci\u00f3n de este comunicado, la situaci\u00f3n jur\u00eddica de la(s) persona(s) relacionada(s) se encuentra pendiente de resolver por la autoridad judicial competente, siempre bajo los preceptos de la presunci\u00f3n de inocencia, consagrados en el art\u00edculo 29 de la Constituci\u00f3n Pol\u00edtica y el art\u00edculo 7\u00ba de la Ley 906 de 2004<\/em><\/p>\n<p><strong>Le puede interesar:<\/strong>\u00a0<strong><a href=\"https:\/\/www.fiscalia.gov.co\/colombia\/noticias\/condenado-a-17-anos-de-prision-por-abuso-sexual-contra-la-hermana-de-su-companera-sentimental\/\" data-saferedirecturl=\"https:\/\/www.google.com\/url?q=https:\/\/www.fiscalia.gov.co\/colombia\/noticias\/condenado-a-17-anos-de-prision-por-abuso-sexual-contra-la-hermana-de-su-companera-sentimental\/&amp;source=gmail&amp;ust=1638980649627000&amp;usg=AOvVaw39e1hOiQxDgGFmkW-YR_2c\">Condenado a 17 a\u00f1os de prisi\u00f3n por abuso sexual contra la hermana de su compa\u00f1era sentimental\u00a0<\/a><\/strong><\/p>\n<h1><\/h1>\n\n<div class=\"twitter-share\"><a href=\"https:\/\/twitter.com\/intent\/tweet?via=fiscaliacol\" class=\"twitter-share-button\">Tweet<\/a><\/div>\n","protected":false},"excerpt":{"rendered":"<p>El hombre abusaba de la ni\u00f1a desde que ten\u00eda 7 a\u00f1os de edad, aprovechaba que sus familiares, por motivos de trabajo y estudio se ausentaban del inmueble, dej\u00e1ndola sola. El Juzgado S\u00e9ptimo Penal Municipal conden\u00f3 a la\u00a0pena de 12 a\u00f1os de prisi\u00f3n\u00a0a Julio Cesar Segura L\u00f3pez, a quien un Fiscala Seccional Caivas imput\u00f3 cargos por [&hellip;]<\/p>\n","protected":false},"author":176,"featured_media":0,"comment_status":"closed","ping_status":"open","sticky":false,"template":"","format":"standard","meta":{"_price":"","_stock":"","_tribe_ticket_header":"","_tribe_default_ticket_provider":"","_tribe_ticket_capacity":"0","_ticket_start_date":"","_ticket_end_date":"","_tribe_ticket_show_description":"","_tribe_ticket_show_not_going":false,"_tribe_ticket_use_global_stock":"","_tribe_ticket_global_stock_level":"","_global_stock_mode":"","_global_stock_cap":"","_tribe_rsvp_for_event":"","_tribe_ticket_going_count":"","_tribe_ticket_not_going_count":"","_tribe_tickets_list":"[]","_tribe_ticket_has_attendee_info_fields":false,"tdm_status":"","tdm_grid_status":"","footnotes":""},"categories":[1,324,303,24099],"tags":[12642,24526,24481,1047,29781],"class_list":{"0":"post-236518","1":"post","2":"type-post","3":"status-publish","4":"format-standard","6":"category-noticias","7":"category-seccional-cali","8":"category-seccionales","9":"category-seguridad-territorial","10":"tag-actos-sexuales-con-menor-de-14-anos","11":"tag-fiscal-general-francisco-barbosa-delgado","12":"tag-fiscalia-de-colombia","13":"tag-fiscalia-general-de-la-nacion","14":"tag-pena-de-12-anos-de-prision"},"yoast_head":"<!-- This site is optimized with the Yoast SEO plugin v24.3 - https:\/\/yoast.com\/wordpress\/plugins\/seo\/ -->\n<title>Fiscal\u00eda General de la Naci\u00f3n<\/title>\n<meta name=\"description\" content=\"P\u00e1gina oficial de la Fiscal\u00eda General de la Naci\u00f3n \u2013 Colombia. Garantizamos el acceso efectivo a la justicia, la verdad y la reparaci\u00f3n de las v\u00edctimas de los delitos.\" \/>\n<meta name=\"robots\" content=\"noindex, follow\" \/>\n<meta property=\"og:locale\" content=\"es_ES\" \/>\n<meta property=\"og:type\" content=\"article\" \/>\n<meta property=\"og:title\" content=\"Fiscal\u00eda General de la Naci\u00f3n\" \/>\n<meta property=\"og:description\" content=\"P\u00e1gina oficial de la Fiscal\u00eda General de la Naci\u00f3n \u2013 Colombia. Garantizamos el acceso efectivo a la justicia, la verdad y la reparaci\u00f3n de las v\u00edctimas de los delitos.\" \/>\n<meta property=\"og:url\" content=\"https:\/\/www.fiscalia.gov.co\/colombia\/noticias\/fiscalia-logro-condena-a-12-anos-de-prision-contra-un-hombre-responsable-de-actos-sexuales-contra-una-menor-en-cali-valle-del-cauca\/\" \/>\n<meta property=\"og:site_name\" content=\"Fiscal\u00eda General de la Naci\u00f3n\" \/>\n<meta property=\"article:publisher\" content=\"https:\/\/www.facebook.com\/FiscaliaCol\" \/>\n<meta property=\"article:published_time\" content=\"2021-12-07T16:27:23+00:00\" \/>\n<meta name=\"author\" content=\"Johanna Black Prieto Pe\u00f1a\" \/>\n<meta name=\"twitter:card\" content=\"summary_large_image\" \/>\n<meta name=\"twitter:creator\" content=\"@FiscaliaCol\" \/>\n<meta name=\"twitter:site\" content=\"@FiscaliaCol\" \/>\n<meta name=\"twitter:label1\" content=\"Escrito por\" \/>\n\t<meta name=\"twitter:data1\" content=\"Johanna Black Prieto Pe\u00f1a\" \/>\n\t<meta name=\"twitter:label2\" content=\"Tiempo de lectura\" \/>\n\t<meta name=\"twitter:data2\" content=\"2 minutos\" \/>\n<script type=\"application\/ld+json\" class=\"yoast-schema-graph\">{\"@context\":\"https:\/\/schema.org\",\"@graph\":[{\"@type\":\"Article\",\"@id\":\"https:\/\/www.fiscalia.gov.co\/colombia\/noticias\/fiscalia-logro-condena-a-12-anos-de-prision-contra-un-hombre-responsable-de-actos-sexuales-contra-una-menor-en-cali-valle-del-cauca\/#article\",\"isPartOf\":{\"@id\":\"https:\/\/www.fiscalia.gov.co\/colombia\/noticias\/fiscalia-logro-condena-a-12-anos-de-prision-contra-un-hombre-responsable-de-actos-sexuales-contra-una-menor-en-cali-valle-del-cauca\/\"},\"author\":{\"name\":\"Johanna Black Prieto Pe\u00f1a\",\"@id\":\"https:\/\/www.fiscalia.gov.co\/colombia\/#\/schema\/person\/b19b49f26569f91393176a2b3d13a0e5\"},\"headline\":\"Fiscal\u00eda logr\u00f3 condena a 12 a\u00f1os de prisi\u00f3n contra un hombre, responsable de actos sexuales contra una menor en Cali, (Valle del Cauca)\",\"datePublished\":\"2021-12-07T16:27:23+00:00\",\"dateModified\":\"2021-12-07T16:27:23+00:00\",\"mainEntityOfPage\":{\"@id\":\"https:\/\/www.fiscalia.gov.co\/colombia\/noticias\/fiscalia-logro-condena-a-12-anos-de-prision-contra-un-hombre-responsable-de-actos-sexuales-contra-una-menor-en-cali-valle-del-cauca\/\"},\"wordCount\":444,\"publisher\":{\"@id\":\"https:\/\/www.fiscalia.gov.co\/colombia\/#organization\"},\"keywords\":[\"actos sexuales con menor de 14 a\u00f1os\",\"Fiscal General Francisco Barbosa Delgado\",\"Fiscal\u00eda de Colombia\",\"Fiscal\u00eda General de la Naci\u00f3n\",\"pena de 12 a\u00f1os de prisi\u00f3n\"],\"articleSection\":[\"Noticias\",\"Seccional Cali\",\"Seccionales\",\"Seguridad territorial\"],\"inLanguage\":\"es-CO\"},{\"@type\":\"WebPage\",\"@id\":\"https:\/\/www.fiscalia.gov.co\/colombia\/noticias\/fiscalia-logro-condena-a-12-anos-de-prision-contra-un-hombre-responsable-de-actos-sexuales-contra-una-menor-en-cali-valle-del-cauca\/\",\"url\":\"https:\/\/www.fiscalia.gov.co\/colombia\/noticias\/fiscalia-logro-condena-a-12-anos-de-prision-contra-un-hombre-responsable-de-actos-sexuales-contra-una-menor-en-cali-valle-del-cauca\/\",\"name\":\"Fiscal\u00eda General de la Naci\u00f3n\",\"isPartOf\":{\"@id\":\"https:\/\/www.fiscalia.gov.co\/colombia\/#website\"},\"datePublished\":\"2021-12-07T16:27:23+00:00\",\"dateModified\":\"2021-12-07T16:27:23+00:00\",\"description\":\"P\u00e1gina oficial de la Fiscal\u00eda General de la Naci\u00f3n \u2013 Colombia. Garantizamos el acceso efectivo a la justicia, la verdad y la reparaci\u00f3n de las v\u00edctimas de los delitos.\",\"breadcrumb\":{\"@id\":\"https:\/\/www.fiscalia.gov.co\/colombia\/noticias\/fiscalia-logro-condena-a-12-anos-de-prision-contra-un-hombre-responsable-de-actos-sexuales-contra-una-menor-en-cali-valle-del-cauca\/#breadcrumb\"},\"inLanguage\":\"es-CO\",\"potentialAction\":[{\"@type\":\"ReadAction\",\"target\":[\"https:\/\/www.fiscalia.gov.co\/colombia\/noticias\/fiscalia-logro-condena-a-12-anos-de-prision-contra-un-hombre-responsable-de-actos-sexuales-contra-una-menor-en-cali-valle-del-cauca\/\"]}]},{\"@type\":\"BreadcrumbList\",\"@id\":\"https:\/\/www.fiscalia.gov.co\/colombia\/noticias\/fiscalia-logro-condena-a-12-anos-de-prision-contra-un-hombre-responsable-de-actos-sexuales-contra-una-menor-en-cali-valle-del-cauca\/#breadcrumb\",\"itemListElement\":[{\"@type\":\"ListItem\",\"position\":1,\"name\":\"Home\",\"item\":\"https:\/\/www.fiscalia.gov.co\/colombia\/\"},{\"@type\":\"ListItem\",\"position\":2,\"name\":\"Fiscal\u00eda logr\u00f3 condena a 12 a\u00f1os de prisi\u00f3n contra un hombre, responsable de actos sexuales contra una menor en Cali, (Valle del Cauca)\"}]},{\"@type\":\"WebSite\",\"@id\":\"https:\/\/www.fiscalia.gov.co\/colombia\/#website\",\"url\":\"https:\/\/www.fiscalia.gov.co\/colombia\/\",\"name\":\"Fiscal\u00eda General de la Naci\u00f3n\",\"description\":\"P\u00e1gina oficial de la Fiscal\u00eda General de la Naci\u00f3n \u2013 Colombia. Garantizamos el acceso efectivo a la justicia, la verdad y la reparaci\u00f3n de las v\u00edctimas de los delitos.\",\"publisher\":{\"@id\":\"https:\/\/www.fiscalia.gov.co\/colombia\/#organization\"},\"potentialAction\":[{\"@type\":\"SearchAction\",\"target\":{\"@type\":\"EntryPoint\",\"urlTemplate\":\"https:\/\/www.fiscalia.gov.co\/colombia\/?s={search_term_string}\"},\"query-input\":{\"@type\":\"PropertyValueSpecification\",\"valueRequired\":true,\"valueName\":\"search_term_string\"}}],\"inLanguage\":\"es-CO\"},{\"@type\":\"Organization\",\"@id\":\"https:\/\/www.fiscalia.gov.co\/colombia\/#organization\",\"name\":\"Fiscal\u00eda General de la Naci\u00f3n\",\"url\":\"https:\/\/www.fiscalia.gov.co\/colombia\/\",\"logo\":{\"@type\":\"ImageObject\",\"inLanguage\":\"es-CO\",\"@id\":\"https:\/\/www.fiscalia.gov.co\/colombia\/#\/schema\/logo\/image\/\",\"url\":\"https:\/\/www.fiscalia.gov.co\/colombia\/wp-content\/uploads\/LogoHorizontal_1.jpg\",\"contentUrl\":\"https:\/\/www.fiscalia.gov.co\/colombia\/wp-content\/uploads\/LogoHorizontal_1.jpg\",\"width\":300,\"height\":90,\"caption\":\"Fiscal\u00eda General de la Naci\u00f3n\"},\"image\":{\"@id\":\"https:\/\/www.fiscalia.gov.co\/colombia\/#\/schema\/logo\/image\/\"},\"sameAs\":[\"https:\/\/www.facebook.com\/FiscaliaCol\",\"https:\/\/x.com\/FiscaliaCol\",\"https:\/\/www.instagram.com\/fiscaliacol\",\"https:\/\/www.linkedin.com\/company\/fiscalia-general-de-la-naci-n\/\",\"https:\/\/youtube.com\/@fiscaliageneraldelanacion-4668?si=6nN79nyQICPU5iTh\"]},{\"@type\":\"Person\",\"@id\":\"https:\/\/www.fiscalia.gov.co\/colombia\/#\/schema\/person\/b19b49f26569f91393176a2b3d13a0e5\",\"name\":\"Johanna Black Prieto Pe\u00f1a\",\"image\":{\"@type\":\"ImageObject\",\"inLanguage\":\"es-CO\",\"@id\":\"https:\/\/www.fiscalia.gov.co\/colombia\/#\/schema\/person\/image\/\",\"url\":\"https:\/\/secure.gravatar.com\/avatar\/7f04518e1774335e76d761d76f04003e?s=96&d=mm&r=g\",\"contentUrl\":\"https:\/\/secure.gravatar.com\/avatar\/7f04518e1774335e76d761d76f04003e?s=96&d=mm&r=g\",\"caption\":\"Johanna Black Prieto Pe\u00f1a\"},\"url\":\"https:\/\/www.fiscalia.gov.co\/colombia\/author\/jprieto\/\"}]}<\/script>\n<!-- \/ Yoast SEO plugin. -->","yoast_head_json":{"title":"Fiscal\u00eda General de la Naci\u00f3n","description":"P\u00e1gina oficial de la Fiscal\u00eda General de la Naci\u00f3n \u2013 Colombia. Garantizamos el acceso efectivo a la justicia, la verdad y la reparaci\u00f3n de las v\u00edctimas de los delitos.","robots":{"index":"noindex","follow":"follow"},"og_locale":"es_ES","og_type":"article","og_title":"Fiscal\u00eda General de la Naci\u00f3n","og_description":"P\u00e1gina oficial de la Fiscal\u00eda General de la Naci\u00f3n \u2013 Colombia. Garantizamos el acceso efectivo a la justicia, la verdad y la reparaci\u00f3n de las v\u00edctimas de los delitos.","og_url":"https:\/\/www.fiscalia.gov.co\/colombia\/noticias\/fiscalia-logro-condena-a-12-anos-de-prision-contra-un-hombre-responsable-de-actos-sexuales-contra-una-menor-en-cali-valle-del-cauca\/","og_site_name":"Fiscal\u00eda General de la Naci\u00f3n","article_publisher":"https:\/\/www.facebook.com\/FiscaliaCol","article_published_time":"2021-12-07T16:27:23+00:00","author":"Johanna Black Prieto Pe\u00f1a","twitter_card":"summary_large_image","twitter_creator":"@FiscaliaCol","twitter_site":"@FiscaliaCol","twitter_misc":{"Escrito por":"Johanna Black Prieto Pe\u00f1a","Tiempo de lectura":"2 minutos"},"schema":{"@context":"https:\/\/schema.org","@graph":[{"@type":"Article","@id":"https:\/\/www.fiscalia.gov.co\/colombia\/noticias\/fiscalia-logro-condena-a-12-anos-de-prision-contra-un-hombre-responsable-de-actos-sexuales-contra-una-menor-en-cali-valle-del-cauca\/#article","isPartOf":{"@id":"https:\/\/www.fiscalia.gov.co\/colombia\/noticias\/fiscalia-logro-condena-a-12-anos-de-prision-contra-un-hombre-responsable-de-actos-sexuales-contra-una-menor-en-cali-valle-del-cauca\/"},"author":{"name":"Johanna Black Prieto Pe\u00f1a","@id":"https:\/\/www.fiscalia.gov.co\/colombia\/#\/schema\/person\/b19b49f26569f91393176a2b3d13a0e5"},"headline":"Fiscal\u00eda logr\u00f3 condena a 12 a\u00f1os de prisi\u00f3n contra un hombre, responsable de actos sexuales contra una menor en Cali, (Valle del Cauca)","datePublished":"2021-12-07T16:27:23+00:00","dateModified":"2021-12-07T16:27:23+00:00","mainEntityOfPage":{"@id":"https:\/\/www.fiscalia.gov.co\/colombia\/noticias\/fiscalia-logro-condena-a-12-anos-de-prision-contra-un-hombre-responsable-de-actos-sexuales-contra-una-menor-en-cali-valle-del-cauca\/"},"wordCount":444,"publisher":{"@id":"https:\/\/www.fiscalia.gov.co\/colombia\/#organization"},"keywords":["actos sexuales con menor de 14 a\u00f1os","Fiscal General Francisco Barbosa Delgado","Fiscal\u00eda de Colombia","Fiscal\u00eda General de la Naci\u00f3n","pena de 12 a\u00f1os de prisi\u00f3n"],"articleSection":["Noticias","Seccional Cali","Seccionales","Seguridad territorial"],"inLanguage":"es-CO"},{"@type":"WebPage","@id":"https:\/\/www.fiscalia.gov.co\/colombia\/noticias\/fiscalia-logro-condena-a-12-anos-de-prision-contra-un-hombre-responsable-de-actos-sexuales-contra-una-menor-en-cali-valle-del-cauca\/","url":"https:\/\/www.fiscalia.gov.co\/colombia\/noticias\/fiscalia-logro-condena-a-12-anos-de-prision-contra-un-hombre-responsable-de-actos-sexuales-contra-una-menor-en-cali-valle-del-cauca\/","name":"Fiscal\u00eda General de la Naci\u00f3n","isPartOf":{"@id":"https:\/\/www.fiscalia.gov.co\/colombia\/#website"},"datePublished":"2021-12-07T16:27:23+00:00","dateModified":"2021-12-07T16:27:23+00:00","description":"P\u00e1gina oficial de la Fiscal\u00eda General de la Naci\u00f3n \u2013 Colombia. Garantizamos el acceso efectivo a la justicia, la verdad y la reparaci\u00f3n de las v\u00edctimas de los delitos.","breadcrumb":{"@id":"https:\/\/www.fiscalia.gov.co\/colombia\/noticias\/fiscalia-logro-condena-a-12-anos-de-prision-contra-un-hombre-responsable-de-actos-sexuales-contra-una-menor-en-cali-valle-del-cauca\/#breadcrumb"},"inLanguage":"es-CO","potentialAction":[{"@type":"ReadAction","target":["https:\/\/www.fiscalia.gov.co\/colombia\/noticias\/fiscalia-logro-condena-a-12-anos-de-prision-contra-un-hombre-responsable-de-actos-sexuales-contra-una-menor-en-cali-valle-del-cauca\/"]}]},{"@type":"BreadcrumbList","@id":"https:\/\/www.fiscalia.gov.co\/colombia\/noticias\/fiscalia-logro-condena-a-12-anos-de-prision-contra-un-hombre-responsable-de-actos-sexuales-contra-una-menor-en-cali-valle-del-cauca\/#breadcrumb","itemListElement":[{"@type":"ListItem","position":1,"name":"Home","item":"https:\/\/www.fiscalia.gov.co\/colombia\/"},{"@type":"ListItem","position":2,"name":"Fiscal\u00eda logr\u00f3 condena a 12 a\u00f1os de prisi\u00f3n contra un hombre, responsable de actos sexuales contra una menor en Cali, (Valle del Cauca)"}]},{"@type":"WebSite","@id":"https:\/\/www.fiscalia.gov.co\/colombia\/#website","url":"https:\/\/www.fiscalia.gov.co\/colombia\/","name":"Fiscal\u00eda General de la Naci\u00f3n","description":"P\u00e1gina oficial de la Fiscal\u00eda General de la Naci\u00f3n \u2013 Colombia. Garantizamos el acceso efectivo a la justicia, la verdad y la reparaci\u00f3n de las v\u00edctimas de los delitos.","publisher":{"@id":"https:\/\/www.fiscalia.gov.co\/colombia\/#organization"},"potentialAction":[{"@type":"SearchAction","target":{"@type":"EntryPoint","urlTemplate":"https:\/\/www.fiscalia.gov.co\/colombia\/?s={search_term_string}"},"query-input":{"@type":"PropertyValueSpecification","valueRequired":true,"valueName":"search_term_string"}}],"inLanguage":"es-CO"},{"@type":"Organization","@id":"https:\/\/www.fiscalia.gov.co\/colombia\/#organization","name":"Fiscal\u00eda General de la Naci\u00f3n","url":"https:\/\/www.fiscalia.gov.co\/colombia\/","logo":{"@type":"ImageObject","inLanguage":"es-CO","@id":"https:\/\/www.fiscalia.gov.co\/colombia\/#\/schema\/logo\/image\/","url":"https:\/\/www.fiscalia.gov.co\/colombia\/wp-content\/uploads\/LogoHorizontal_1.jpg","contentUrl":"https:\/\/www.fiscalia.gov.co\/colombia\/wp-content\/uploads\/LogoHorizontal_1.jpg","width":300,"height":90,"caption":"Fiscal\u00eda General de la Naci\u00f3n"},"image":{"@id":"https:\/\/www.fiscalia.gov.co\/colombia\/#\/schema\/logo\/image\/"},"sameAs":["https:\/\/www.facebook.com\/FiscaliaCol","https:\/\/x.com\/FiscaliaCol","https:\/\/www.instagram.com\/fiscaliacol","https:\/\/www.linkedin.com\/company\/fiscalia-general-de-la-naci-n\/","https:\/\/youtube.com\/@fiscaliageneraldelanacion-4668?si=6nN79nyQICPU5iTh"]},{"@type":"Person","@id":"https:\/\/www.fiscalia.gov.co\/colombia\/#\/schema\/person\/b19b49f26569f91393176a2b3d13a0e5","name":"Johanna Black Prieto Pe\u00f1a","image":{"@type":"ImageObject","inLanguage":"es-CO","@id":"https:\/\/www.fiscalia.gov.co\/colombia\/#\/schema\/person\/image\/","url":"https:\/\/secure.gravatar.com\/avatar\/7f04518e1774335e76d761d76f04003e?s=96&d=mm&r=g","contentUrl":"https:\/\/secure.gravatar.com\/avatar\/7f04518e1774335e76d761d76f04003e?s=96&d=mm&r=g","caption":"Johanna Black Prieto Pe\u00f1a"},"url":"https:\/\/www.fiscalia.gov.co\/colombia\/author\/jprieto\/"}]}},"_links":{"self":[{"href":"https:\/\/www.fiscalia.gov.co\/colombia\/wp-json\/wp\/v2\/posts\/236518","targetHints":{"allow":["GET"]}}],"collection":[{"href":"https:\/\/www.fiscalia.gov.co\/colombia\/wp-json\/wp\/v2\/posts"}],"about":[{"href":"https:\/\/www.fiscalia.gov.co\/colombia\/wp-json\/wp\/v2\/types\/post"}],"author":[{"embeddable":true,"href":"https:\/\/www.fiscalia.gov.co\/colombia\/wp-json\/wp\/v2\/users\/176"}],"replies":[{"embeddable":true,"href":"https:\/\/www.fiscalia.gov.co\/colombia\/wp-json\/wp\/v2\/comments?post=236518"}],"version-history":[{"count":1,"href":"https:\/\/www.fiscalia.gov.co\/colombia\/wp-json\/wp\/v2\/posts\/236518\/revisions"}],"predecessor-version":[{"id":236519,"href":"https:\/\/www.fiscalia.gov.co\/colombia\/wp-json\/wp\/v2\/posts\/236518\/revisions\/236519"}],"wp:attachment":[{"href":"https:\/\/www.fiscalia.gov.co\/colombia\/wp-json\/wp\/v2\/media?parent=236518"}],"wp:term":[{"taxonomy":"category","embeddable":true,"href":"https:\/\/www.fiscalia.gov.co\/colombia\/wp-json\/wp\/v2\/categories?post=236518"},{"taxonomy":"post_tag","embeddable":true,"href":"https:\/\/www.fiscalia.gov.co\/colombia\/wp-json\/wp\/v2\/tags?post=236518"}],"curies":[{"name":"wp","href":"https:\/\/api.w.org\/{rel}","templated":true}]}}