{"id":236487,"date":"2021-12-07T07:43:28","date_gmt":"2021-12-07T12:43:28","guid":{"rendered":"https:\/\/www.fiscalia.gov.co\/colombia\/?p=236487"},"modified":"2021-12-07T07:43:28","modified_gmt":"2021-12-07T12:43:28","slug":"judicializados-10-presuntos-integrantes-de-la-banda-los-nacion-dedicados-a-comercializar-estupefacientes","status":"publish","type":"post","link":"https:\/\/www.fiscalia.gov.co\/colombia\/noticias\/judicializados-10-presuntos-integrantes-de-la-banda-los-nacion-dedicados-a-comercializar-estupefacientes\/","title":{"rendered":"Judicializados 10 presuntos integrantes de la banda \u2018Los Naci\u00f3n\u2019, dedicados a comercializar estupefacientes"},"content":{"rendered":"<p style=\"font-weight: 400;\">La Fiscal\u00eda General de la Naci\u00f3n apel\u00f3 la decisi\u00f3n de un juez de control de garant\u00edas que cobij\u00f3 con detenci\u00f3n domiciliaria a diez presuntos integrantes del grupo delictivo \u2018Los Naci\u00f3n\u2019; dedicado a comercializar coca\u00edna y marihuana, al menudeo, en el municipio de Piendam\u00f3 (Cauca).<\/p>\n<figure id=\"attachment_236489\" aria-describedby=\"caption-attachment-236489\" style=\"width: 1280px\" class=\"wp-caption alignnone\"><img loading=\"lazy\" decoding=\"async\" class=\"size-full wp-image-236489\" src=\"https:\/\/www.fiscalia.gov.co\/colombia\/wp-content\/uploads\/Foto-1.-Los-Naci\u00f3n-o-Rivera.jpg\" alt=\"\" width=\"1280\" height=\"745\" srcset=\"https:\/\/www.fiscalia.gov.co\/colombia\/wp-content\/uploads\/Foto-1.-Los-Naci\u00f3n-o-Rivera.jpg 1280w, https:\/\/www.fiscalia.gov.co\/colombia\/wp-content\/uploads\/Foto-1.-Los-Naci\u00f3n-o-Rivera-300x175.jpg 300w, https:\/\/www.fiscalia.gov.co\/colombia\/wp-content\/uploads\/Foto-1.-Los-Naci\u00f3n-o-Rivera-1024x596.jpg 1024w, https:\/\/www.fiscalia.gov.co\/colombia\/wp-content\/uploads\/Foto-1.-Los-Naci\u00f3n-o-Rivera-768x447.jpg 768w, https:\/\/www.fiscalia.gov.co\/colombia\/wp-content\/uploads\/Foto-1.-Los-Naci\u00f3n-o-Rivera-696x405.jpg 696w, https:\/\/www.fiscalia.gov.co\/colombia\/wp-content\/uploads\/Foto-1.-Los-Naci\u00f3n-o-Rivera-1068x622.jpg 1068w, https:\/\/www.fiscalia.gov.co\/colombia\/wp-content\/uploads\/Foto-1.-Los-Naci\u00f3n-o-Rivera-722x420.jpg 722w\" sizes=\"auto, (max-width: 1280px) 100vw, 1280px\" \/><figcaption id=\"caption-attachment-236489\" class=\"wp-caption-text\">Presuntos integrantes del grupo delincuencial \u2018Los Naci\u00f3n\u2019 o \u2018Rivera\u2019, dedicados al tr\u00e1fico de estupefacientes, en Piendam\u00f3 (Cauca).<\/figcaption><\/figure>\n<p style=\"font-weight: 400;\">Ocho diligencias de registro y allanamiento ordenadas por un fiscal de la Seccional Cauca terminaron con las 10 capturas efectuadas por la Sijin de la Polic\u00eda Nacional. Entre los capturados y judicializados se encuentran tres de los supuestos cabecillas de dicho grupo delincuencial.<\/p>\n<p style=\"font-weight: 400;\">Se trata de\u00a0Isabel Cristina Rivera, Luz Andrea Rivera, Jhonatan Andr\u00e9s Rivera, Jennifer Alejandra Valencia, Juan Carlos Gembuel Quiguanas, Hugo Fabi\u00e1n Meneses, Franklin Ramos Zuniga, Leydi Jhoana Rivera Tunubsla, Tatiana Rivera Tunubsla y Luz M\u00edriam Rivera Tunubsla.<\/p>\n<figure id=\"attachment_236490\" aria-describedby=\"caption-attachment-236490\" style=\"width: 1280px\" class=\"wp-caption alignnone\"><img loading=\"lazy\" decoding=\"async\" class=\"size-full wp-image-236490\" src=\"https:\/\/www.fiscalia.gov.co\/colombia\/wp-content\/uploads\/Foto-2.-Los-Naci\u00f3n-o-Rivera.jpg\" alt=\"\" width=\"1280\" height=\"795\" srcset=\"https:\/\/www.fiscalia.gov.co\/colombia\/wp-content\/uploads\/Foto-2.-Los-Naci\u00f3n-o-Rivera.jpg 1280w, https:\/\/www.fiscalia.gov.co\/colombia\/wp-content\/uploads\/Foto-2.-Los-Naci\u00f3n-o-Rivera-300x186.jpg 300w, https:\/\/www.fiscalia.gov.co\/colombia\/wp-content\/uploads\/Foto-2.-Los-Naci\u00f3n-o-Rivera-1024x636.jpg 1024w, https:\/\/www.fiscalia.gov.co\/colombia\/wp-content\/uploads\/Foto-2.-Los-Naci\u00f3n-o-Rivera-768x477.jpg 768w, https:\/\/www.fiscalia.gov.co\/colombia\/wp-content\/uploads\/Foto-2.-Los-Naci\u00f3n-o-Rivera-696x432.jpg 696w, https:\/\/www.fiscalia.gov.co\/colombia\/wp-content\/uploads\/Foto-2.-Los-Naci\u00f3n-o-Rivera-1068x663.jpg 1068w, https:\/\/www.fiscalia.gov.co\/colombia\/wp-content\/uploads\/Foto-2.-Los-Naci\u00f3n-o-Rivera-676x420.jpg 676w, https:\/\/www.fiscalia.gov.co\/colombia\/wp-content\/uploads\/Foto-2.-Los-Naci\u00f3n-o-Rivera-356x220.jpg 356w\" sizes=\"auto, (max-width: 1280px) 100vw, 1280px\" \/><figcaption id=\"caption-attachment-236490\" class=\"wp-caption-text\">Clorhidrato de coca\u00edna y base de coca incautados durante las diligencias judiciales contra \u2018Los Naci\u00f3n\u2019 o \u2018Rivera\u2019.<\/figcaption><\/figure>\n<p style=\"font-weight: 400;\">En dichas diligencias las autoridades incautaron\u00a0<a href=\"https:\/\/www.fiscalia.gov.co\/colombia\/noticias\/capturado-en-flagrancia-con-13-kilos-de-marihuana-fue-enviado-a-la-carcel\/\" data-saferedirecturl=\"https:\/\/www.google.com\/url?q=https:\/\/www.fiscalia.gov.co\/colombia\/noticias\/capturado-en-flagrancia-con-13-kilos-de-marihuana-fue-enviado-a-la-carcel\/&amp;source=gmail&amp;ust=1638966313153000&amp;usg=AOvVaw17eCZEZpfibmgRPTK7Yub4\">marihuana<\/a>,\u00a0<a href=\"https:\/\/www.fiscalia.gov.co\/colombia\/noticias\/dos-personas-judicializadas-y-65-kilos-de-clorhidrato-de-cocaina-incautados-en-carreteras-de-caldas\/\" data-saferedirecturl=\"https:\/\/www.google.com\/url?q=https:\/\/www.fiscalia.gov.co\/colombia\/noticias\/dos-personas-judicializadas-y-65-kilos-de-clorhidrato-de-cocaina-incautados-en-carreteras-de-caldas\/&amp;source=gmail&amp;ust=1638966313153000&amp;usg=AOvVaw1QkjTqiGLl1pYepfWgpFAg\">clorhidrato de coca\u00edna<\/a>\u00a0y\u00a0<a href=\"https:\/\/www.fiscalia.gov.co\/colombia\/noticias\/a-la-carcel-concejal-de-san-pablo-bolivar-porque-al-parecer-transportaba-15-kilos-de-base-de-coca\/\" data-saferedirecturl=\"https:\/\/www.google.com\/url?q=https:\/\/www.fiscalia.gov.co\/colombia\/noticias\/a-la-carcel-concejal-de-san-pablo-bolivar-porque-al-parecer-transportaba-15-kilos-de-base-de-coca\/&amp;source=gmail&amp;ust=1638966313153000&amp;usg=AOvVaw1FbTeSzRQH2L0tQl3c4rgJ\">base de coca<\/a>.<\/p>\n<p style=\"font-weight: 400;\">La Fiscal\u00eda imput\u00f3 a los procesados como presuntos responsables de los delitos de concierto para delinquir con fines de narcotr\u00e1fico, tr\u00e1fico, fabricaci\u00f3n y porte de estupefacientes agravado.<\/p>\n<figure id=\"attachment_236491\" aria-describedby=\"caption-attachment-236491\" style=\"width: 1280px\" class=\"wp-caption alignnone\"><img loading=\"lazy\" decoding=\"async\" class=\"size-full wp-image-236491\" src=\"https:\/\/www.fiscalia.gov.co\/colombia\/wp-content\/uploads\/Foto-3.-Los-Naci\u00f3n-o-Rivera.jpg\" alt=\"\" width=\"1280\" height=\"965\" srcset=\"https:\/\/www.fiscalia.gov.co\/colombia\/wp-content\/uploads\/Foto-3.-Los-Naci\u00f3n-o-Rivera.jpg 1280w, https:\/\/www.fiscalia.gov.co\/colombia\/wp-content\/uploads\/Foto-3.-Los-Naci\u00f3n-o-Rivera-300x226.jpg 300w, https:\/\/www.fiscalia.gov.co\/colombia\/wp-content\/uploads\/Foto-3.-Los-Naci\u00f3n-o-Rivera-1024x772.jpg 1024w, https:\/\/www.fiscalia.gov.co\/colombia\/wp-content\/uploads\/Foto-3.-Los-Naci\u00f3n-o-Rivera-768x579.jpg 768w, https:\/\/www.fiscalia.gov.co\/colombia\/wp-content\/uploads\/Foto-3.-Los-Naci\u00f3n-o-Rivera-696x525.jpg 696w, https:\/\/www.fiscalia.gov.co\/colombia\/wp-content\/uploads\/Foto-3.-Los-Naci\u00f3n-o-Rivera-1068x805.jpg 1068w, https:\/\/www.fiscalia.gov.co\/colombia\/wp-content\/uploads\/Foto-3.-Los-Naci\u00f3n-o-Rivera-557x420.jpg 557w, https:\/\/www.fiscalia.gov.co\/colombia\/wp-content\/uploads\/Foto-3.-Los-Naci\u00f3n-o-Rivera-80x60.jpg 80w\" sizes=\"auto, (max-width: 1280px) 100vw, 1280px\" \/><figcaption id=\"caption-attachment-236491\" class=\"wp-caption-text\">Marihuana incautada durante los operativos contra \u2018Los Naci\u00f3n\u2019 o \u2018Rivera\u2019.<\/figcaption><\/figure>\n<p style=\"font-weight: 400;\">El juez decidi\u00f3 que los 10 presuntos implicados deben cumplir la medida de aseguramiento en sus lugares de residencia. En los pr\u00f3ximos d\u00edas un juez de segunda instancia resolver\u00e1 la apelaci\u00f3n de la Fiscal\u00eda.<\/p>\n<p style=\"font-weight: 400;\"><strong>La Fiscal\u00eda habla con resultados<\/strong><\/p>\n<p style=\"font-weight: 400;\">MAP\/MAGA\/RP\/<\/p>\n<p style=\"font-weight: 400;\"><em>La informaci\u00f3n contenida en este bolet\u00edn de prensa corresponde a la narraci\u00f3n de los hechos noticiosos objetivos, suministrados por los funcionarios encargados de adelantar las investigaciones penales al interior de la Fiscal\u00eda General de la Naci\u00f3n. Para el momento de la divulgaci\u00f3n de este comunicado, la situaci\u00f3n jur\u00eddica de la(s) persona(s) relacionada(s) se encuentra pendiente de resolver por la autoridad judicial competente, siempre bajo los preceptos de la presunci\u00f3n de inocencia, consagrados en el art\u00edculo 29 de la Constituci\u00f3n Pol\u00edtica y el art\u00edculo 7\u00ba de la Ley 906 de 2004.<\/em><\/p>\n<p style=\"font-weight: 400;\">\n<p style=\"font-weight: 400;\"><strong>\u00a0<\/strong><\/p>\n<p style=\"font-weight: 400;\">\n<p style=\"font-weight: 400;\">\n<p style=\"font-weight: 400;\">\n<p><br style=\"font-weight: 400;\" \/><br style=\"font-weight: 400;\" \/><br style=\"font-weight: 400;\" \/><\/p>\n\n<div class=\"twitter-share\"><a href=\"https:\/\/twitter.com\/intent\/tweet?via=fiscaliacol\" class=\"twitter-share-button\">Tweet<\/a><\/div>\n","protected":false},"excerpt":{"rendered":"<p>La Fiscal\u00eda General de la Naci\u00f3n apel\u00f3 la decisi\u00f3n de un juez de control de garant\u00edas que cobij\u00f3 con detenci\u00f3n domiciliaria a diez presuntos integrantes del grupo delictivo \u2018Los Naci\u00f3n\u2019; dedicado a comercializar coca\u00edna y marihuana, al menudeo, en el municipio de Piendam\u00f3 (Cauca). Ocho diligencias de registro y allanamiento ordenadas por un fiscal de [&hellip;]<\/p>\n","protected":false},"author":176,"featured_media":0,"comment_status":"closed","ping_status":"open","sticky":false,"template":"","format":"standard","meta":{"tdm_status":"","tdm_grid_status":"","footnotes":""},"categories":[1,336,303,24103],"tags":[15252,3391,8010,14550,7861,14119,24478,12941,25230,24187,1264,1185,24549,12158,916],"class_list":{"0":"post-236487","1":"post","2":"type-post","3":"status-publish","4":"format-standard","6":"category-noticias","7":"category-seccional-popayan","8":"category-seccionales","9":"category-trafico-de-estupefacientes","10":"tag-apelacion","11":"tag-base-de-coca","12":"tag-capturados","13":"tag-carcel","14":"tag-clorhidrato-de-cocaina","15":"tag-concierto-para-delinquir-con-fines-de-narcotrafico","16":"tag-domiciliaria","17":"tag-fabricacion-o-porte-de-estupefacientes-agravado","18":"tag-fiscal-general-de-nacion","19":"tag-fiscalia-colombia","20":"tag-marihuana","21":"tag-medida-de-aseguramiento","22":"tag-orden-judicial","23":"tag-residencia","24":"tag-trafico"},"yoast_head":"<!-- This site is optimized with the Yoast SEO plugin v24.3 - https:\/\/yoast.com\/wordpress\/plugins\/seo\/ -->\n<title>Fiscal\u00eda General de la Naci\u00f3n<\/title>\n<meta name=\"description\" content=\"P\u00e1gina oficial de la Fiscal\u00eda General de la Naci\u00f3n \u2013 Colombia. Garantizamos el acceso efectivo a la justicia, la verdad y la reparaci\u00f3n de las v\u00edctimas de los delitos.\" \/>\n<meta name=\"robots\" content=\"noindex, follow\" \/>\n<meta property=\"og:locale\" content=\"es_ES\" \/>\n<meta property=\"og:type\" content=\"article\" \/>\n<meta property=\"og:title\" content=\"Fiscal\u00eda General de la Naci\u00f3n\" \/>\n<meta property=\"og:description\" content=\"P\u00e1gina oficial de la Fiscal\u00eda General de la Naci\u00f3n \u2013 Colombia. Garantizamos el acceso efectivo a la justicia, la verdad y la reparaci\u00f3n de las v\u00edctimas de los delitos.\" \/>\n<meta property=\"og:url\" content=\"https:\/\/www.fiscalia.gov.co\/colombia\/noticias\/judicializados-10-presuntos-integrantes-de-la-banda-los-nacion-dedicados-a-comercializar-estupefacientes\/\" \/>\n<meta property=\"og:site_name\" content=\"Fiscal\u00eda General de la Naci\u00f3n\" \/>\n<meta property=\"article:publisher\" content=\"https:\/\/www.facebook.com\/FiscaliaCol\" \/>\n<meta property=\"article:published_time\" content=\"2021-12-07T12:43:28+00:00\" \/>\n<meta name=\"author\" content=\"Johanna Black Prieto Pe\u00f1a\" \/>\n<meta name=\"twitter:card\" content=\"summary_large_image\" \/>\n<meta name=\"twitter:creator\" content=\"@FiscaliaCol\" \/>\n<meta name=\"twitter:site\" content=\"@FiscaliaCol\" \/>\n<meta name=\"twitter:label1\" content=\"Escrito por\" \/>\n\t<meta name=\"twitter:data1\" content=\"Johanna Black Prieto Pe\u00f1a\" \/>\n\t<meta name=\"twitter:label2\" content=\"Tiempo de lectura\" \/>\n\t<meta name=\"twitter:data2\" content=\"2 minutos\" \/>\n<script type=\"application\/ld+json\" class=\"yoast-schema-graph\">{\"@context\":\"https:\/\/schema.org\",\"@graph\":[{\"@type\":\"Article\",\"@id\":\"https:\/\/www.fiscalia.gov.co\/colombia\/noticias\/judicializados-10-presuntos-integrantes-de-la-banda-los-nacion-dedicados-a-comercializar-estupefacientes\/#article\",\"isPartOf\":{\"@id\":\"https:\/\/www.fiscalia.gov.co\/colombia\/noticias\/judicializados-10-presuntos-integrantes-de-la-banda-los-nacion-dedicados-a-comercializar-estupefacientes\/\"},\"author\":{\"name\":\"Johanna Black Prieto Pe\u00f1a\",\"@id\":\"https:\/\/www.fiscalia.gov.co\/colombia\/#\/schema\/person\/b19b49f26569f91393176a2b3d13a0e5\"},\"headline\":\"Judicializados 10 presuntos integrantes de la banda \u2018Los Naci\u00f3n\u2019, dedicados a comercializar estupefacientes\",\"datePublished\":\"2021-12-07T12:43:28+00:00\",\"dateModified\":\"2021-12-07T12:43:28+00:00\",\"mainEntityOfPage\":{\"@id\":\"https:\/\/www.fiscalia.gov.co\/colombia\/noticias\/judicializados-10-presuntos-integrantes-de-la-banda-los-nacion-dedicados-a-comercializar-estupefacientes\/\"},\"wordCount\":411,\"publisher\":{\"@id\":\"https:\/\/www.fiscalia.gov.co\/colombia\/#organization\"},\"keywords\":[\"Apelaci\u00f3n\",\"Base de coca\",\"Capturados\",\"C\u00e1rcel\",\"Clorhidrato de coca\u00edna\",\"concierto para delinquir con fines de narcotr\u00e1fico\",\"domiciliaria\",\"fabricaci\u00f3n o porte de estupefacientes agravado\",\"Fiscal General de Naci\u00f3n\",\"Fiscal\u00eda Colombia\",\"Marihuana\",\"Medida de aseguramiento\",\"orden judicial\",\"Residencia\",\"Tr\u00e1fico\"],\"articleSection\":[\"Noticias\",\"Seccional Popay\u00e1n\",\"Seccionales\",\"Tr\u00e1fico de estupefacientes\"],\"inLanguage\":\"es-CO\"},{\"@type\":\"WebPage\",\"@id\":\"https:\/\/www.fiscalia.gov.co\/colombia\/noticias\/judicializados-10-presuntos-integrantes-de-la-banda-los-nacion-dedicados-a-comercializar-estupefacientes\/\",\"url\":\"https:\/\/www.fiscalia.gov.co\/colombia\/noticias\/judicializados-10-presuntos-integrantes-de-la-banda-los-nacion-dedicados-a-comercializar-estupefacientes\/\",\"name\":\"Fiscal\u00eda General de la Naci\u00f3n\",\"isPartOf\":{\"@id\":\"https:\/\/www.fiscalia.gov.co\/colombia\/#website\"},\"datePublished\":\"2021-12-07T12:43:28+00:00\",\"dateModified\":\"2021-12-07T12:43:28+00:00\",\"description\":\"P\u00e1gina oficial de la Fiscal\u00eda General de la Naci\u00f3n \u2013 Colombia. Garantizamos el acceso efectivo a la justicia, la verdad y la reparaci\u00f3n de las v\u00edctimas de los delitos.\",\"breadcrumb\":{\"@id\":\"https:\/\/www.fiscalia.gov.co\/colombia\/noticias\/judicializados-10-presuntos-integrantes-de-la-banda-los-nacion-dedicados-a-comercializar-estupefacientes\/#breadcrumb\"},\"inLanguage\":\"es-CO\",\"potentialAction\":[{\"@type\":\"ReadAction\",\"target\":[\"https:\/\/www.fiscalia.gov.co\/colombia\/noticias\/judicializados-10-presuntos-integrantes-de-la-banda-los-nacion-dedicados-a-comercializar-estupefacientes\/\"]}]},{\"@type\":\"BreadcrumbList\",\"@id\":\"https:\/\/www.fiscalia.gov.co\/colombia\/noticias\/judicializados-10-presuntos-integrantes-de-la-banda-los-nacion-dedicados-a-comercializar-estupefacientes\/#breadcrumb\",\"itemListElement\":[{\"@type\":\"ListItem\",\"position\":1,\"name\":\"Home\",\"item\":\"https:\/\/www.fiscalia.gov.co\/colombia\/\"},{\"@type\":\"ListItem\",\"position\":2,\"name\":\"Judicializados 10 presuntos integrantes de la banda \u2018Los Naci\u00f3n\u2019, dedicados a comercializar estupefacientes\"}]},{\"@type\":\"WebSite\",\"@id\":\"https:\/\/www.fiscalia.gov.co\/colombia\/#website\",\"url\":\"https:\/\/www.fiscalia.gov.co\/colombia\/\",\"name\":\"Fiscal\u00eda General de la Naci\u00f3n\",\"description\":\"P\u00e1gina oficial de la Fiscal\u00eda General de la Naci\u00f3n \u2013 Colombia. Garantizamos el acceso efectivo a la justicia, la verdad y la reparaci\u00f3n de las v\u00edctimas de los delitos.\",\"publisher\":{\"@id\":\"https:\/\/www.fiscalia.gov.co\/colombia\/#organization\"},\"potentialAction\":[{\"@type\":\"SearchAction\",\"target\":{\"@type\":\"EntryPoint\",\"urlTemplate\":\"https:\/\/www.fiscalia.gov.co\/colombia\/?s={search_term_string}\"},\"query-input\":{\"@type\":\"PropertyValueSpecification\",\"valueRequired\":true,\"valueName\":\"search_term_string\"}}],\"inLanguage\":\"es-CO\"},{\"@type\":\"Organization\",\"@id\":\"https:\/\/www.fiscalia.gov.co\/colombia\/#organization\",\"name\":\"Fiscal\u00eda General de la Naci\u00f3n\",\"url\":\"https:\/\/www.fiscalia.gov.co\/colombia\/\",\"logo\":{\"@type\":\"ImageObject\",\"inLanguage\":\"es-CO\",\"@id\":\"https:\/\/www.fiscalia.gov.co\/colombia\/#\/schema\/logo\/image\/\",\"url\":\"https:\/\/www.fiscalia.gov.co\/colombia\/wp-content\/uploads\/LogoHorizontal_1.jpg\",\"contentUrl\":\"https:\/\/www.fiscalia.gov.co\/colombia\/wp-content\/uploads\/LogoHorizontal_1.jpg\",\"width\":300,\"height\":90,\"caption\":\"Fiscal\u00eda General de la Naci\u00f3n\"},\"image\":{\"@id\":\"https:\/\/www.fiscalia.gov.co\/colombia\/#\/schema\/logo\/image\/\"},\"sameAs\":[\"https:\/\/www.facebook.com\/FiscaliaCol\",\"https:\/\/x.com\/FiscaliaCol\",\"https:\/\/www.instagram.com\/fiscaliacol\",\"https:\/\/www.linkedin.com\/company\/fiscalia-general-de-la-naci-n\/\",\"https:\/\/youtube.com\/@fiscaliageneraldelanacion-4668?si=6nN79nyQICPU5iTh\"]},{\"@type\":\"Person\",\"@id\":\"https:\/\/www.fiscalia.gov.co\/colombia\/#\/schema\/person\/b19b49f26569f91393176a2b3d13a0e5\",\"name\":\"Johanna Black Prieto Pe\u00f1a\",\"image\":{\"@type\":\"ImageObject\",\"inLanguage\":\"es-CO\",\"@id\":\"https:\/\/www.fiscalia.gov.co\/colombia\/#\/schema\/person\/image\/\",\"url\":\"https:\/\/secure.gravatar.com\/avatar\/7f04518e1774335e76d761d76f04003e?s=96&d=mm&r=g\",\"contentUrl\":\"https:\/\/secure.gravatar.com\/avatar\/7f04518e1774335e76d761d76f04003e?s=96&d=mm&r=g\",\"caption\":\"Johanna Black Prieto Pe\u00f1a\"},\"url\":\"https:\/\/www.fiscalia.gov.co\/colombia\/author\/jprieto\/\"}]}<\/script>\n<!-- \/ Yoast SEO plugin. -->","yoast_head_json":{"title":"Fiscal\u00eda General de la Naci\u00f3n","description":"P\u00e1gina oficial de la Fiscal\u00eda General de la Naci\u00f3n \u2013 Colombia. Garantizamos el acceso efectivo a la justicia, la verdad y la reparaci\u00f3n de las v\u00edctimas de los delitos.","robots":{"index":"noindex","follow":"follow"},"og_locale":"es_ES","og_type":"article","og_title":"Fiscal\u00eda General de la Naci\u00f3n","og_description":"P\u00e1gina oficial de la Fiscal\u00eda General de la Naci\u00f3n \u2013 Colombia. Garantizamos el acceso efectivo a la justicia, la verdad y la reparaci\u00f3n de las v\u00edctimas de los delitos.","og_url":"https:\/\/www.fiscalia.gov.co\/colombia\/noticias\/judicializados-10-presuntos-integrantes-de-la-banda-los-nacion-dedicados-a-comercializar-estupefacientes\/","og_site_name":"Fiscal\u00eda General de la Naci\u00f3n","article_publisher":"https:\/\/www.facebook.com\/FiscaliaCol","article_published_time":"2021-12-07T12:43:28+00:00","author":"Johanna Black Prieto Pe\u00f1a","twitter_card":"summary_large_image","twitter_creator":"@FiscaliaCol","twitter_site":"@FiscaliaCol","twitter_misc":{"Escrito por":"Johanna Black Prieto Pe\u00f1a","Tiempo de lectura":"2 minutos"},"schema":{"@context":"https:\/\/schema.org","@graph":[{"@type":"Article","@id":"https:\/\/www.fiscalia.gov.co\/colombia\/noticias\/judicializados-10-presuntos-integrantes-de-la-banda-los-nacion-dedicados-a-comercializar-estupefacientes\/#article","isPartOf":{"@id":"https:\/\/www.fiscalia.gov.co\/colombia\/noticias\/judicializados-10-presuntos-integrantes-de-la-banda-los-nacion-dedicados-a-comercializar-estupefacientes\/"},"author":{"name":"Johanna Black Prieto Pe\u00f1a","@id":"https:\/\/www.fiscalia.gov.co\/colombia\/#\/schema\/person\/b19b49f26569f91393176a2b3d13a0e5"},"headline":"Judicializados 10 presuntos integrantes de la banda \u2018Los Naci\u00f3n\u2019, dedicados a comercializar estupefacientes","datePublished":"2021-12-07T12:43:28+00:00","dateModified":"2021-12-07T12:43:28+00:00","mainEntityOfPage":{"@id":"https:\/\/www.fiscalia.gov.co\/colombia\/noticias\/judicializados-10-presuntos-integrantes-de-la-banda-los-nacion-dedicados-a-comercializar-estupefacientes\/"},"wordCount":411,"publisher":{"@id":"https:\/\/www.fiscalia.gov.co\/colombia\/#organization"},"keywords":["Apelaci\u00f3n","Base de coca","Capturados","C\u00e1rcel","Clorhidrato de coca\u00edna","concierto para delinquir con fines de narcotr\u00e1fico","domiciliaria","fabricaci\u00f3n o porte de estupefacientes agravado","Fiscal General de Naci\u00f3n","Fiscal\u00eda Colombia","Marihuana","Medida de aseguramiento","orden judicial","Residencia","Tr\u00e1fico"],"articleSection":["Noticias","Seccional Popay\u00e1n","Seccionales","Tr\u00e1fico de estupefacientes"],"inLanguage":"es-CO"},{"@type":"WebPage","@id":"https:\/\/www.fiscalia.gov.co\/colombia\/noticias\/judicializados-10-presuntos-integrantes-de-la-banda-los-nacion-dedicados-a-comercializar-estupefacientes\/","url":"https:\/\/www.fiscalia.gov.co\/colombia\/noticias\/judicializados-10-presuntos-integrantes-de-la-banda-los-nacion-dedicados-a-comercializar-estupefacientes\/","name":"Fiscal\u00eda General de la Naci\u00f3n","isPartOf":{"@id":"https:\/\/www.fiscalia.gov.co\/colombia\/#website"},"datePublished":"2021-12-07T12:43:28+00:00","dateModified":"2021-12-07T12:43:28+00:00","description":"P\u00e1gina oficial de la Fiscal\u00eda General de la Naci\u00f3n \u2013 Colombia. Garantizamos el acceso efectivo a la justicia, la verdad y la reparaci\u00f3n de las v\u00edctimas de los delitos.","breadcrumb":{"@id":"https:\/\/www.fiscalia.gov.co\/colombia\/noticias\/judicializados-10-presuntos-integrantes-de-la-banda-los-nacion-dedicados-a-comercializar-estupefacientes\/#breadcrumb"},"inLanguage":"es-CO","potentialAction":[{"@type":"ReadAction","target":["https:\/\/www.fiscalia.gov.co\/colombia\/noticias\/judicializados-10-presuntos-integrantes-de-la-banda-los-nacion-dedicados-a-comercializar-estupefacientes\/"]}]},{"@type":"BreadcrumbList","@id":"https:\/\/www.fiscalia.gov.co\/colombia\/noticias\/judicializados-10-presuntos-integrantes-de-la-banda-los-nacion-dedicados-a-comercializar-estupefacientes\/#breadcrumb","itemListElement":[{"@type":"ListItem","position":1,"name":"Home","item":"https:\/\/www.fiscalia.gov.co\/colombia\/"},{"@type":"ListItem","position":2,"name":"Judicializados 10 presuntos integrantes de la banda \u2018Los Naci\u00f3n\u2019, dedicados a comercializar estupefacientes"}]},{"@type":"WebSite","@id":"https:\/\/www.fiscalia.gov.co\/colombia\/#website","url":"https:\/\/www.fiscalia.gov.co\/colombia\/","name":"Fiscal\u00eda General de la Naci\u00f3n","description":"P\u00e1gina oficial de la Fiscal\u00eda General de la Naci\u00f3n \u2013 Colombia. Garantizamos el acceso efectivo a la justicia, la verdad y la reparaci\u00f3n de las v\u00edctimas de los delitos.","publisher":{"@id":"https:\/\/www.fiscalia.gov.co\/colombia\/#organization"},"potentialAction":[{"@type":"SearchAction","target":{"@type":"EntryPoint","urlTemplate":"https:\/\/www.fiscalia.gov.co\/colombia\/?s={search_term_string}"},"query-input":{"@type":"PropertyValueSpecification","valueRequired":true,"valueName":"search_term_string"}}],"inLanguage":"es-CO"},{"@type":"Organization","@id":"https:\/\/www.fiscalia.gov.co\/colombia\/#organization","name":"Fiscal\u00eda General de la Naci\u00f3n","url":"https:\/\/www.fiscalia.gov.co\/colombia\/","logo":{"@type":"ImageObject","inLanguage":"es-CO","@id":"https:\/\/www.fiscalia.gov.co\/colombia\/#\/schema\/logo\/image\/","url":"https:\/\/www.fiscalia.gov.co\/colombia\/wp-content\/uploads\/LogoHorizontal_1.jpg","contentUrl":"https:\/\/www.fiscalia.gov.co\/colombia\/wp-content\/uploads\/LogoHorizontal_1.jpg","width":300,"height":90,"caption":"Fiscal\u00eda General de la Naci\u00f3n"},"image":{"@id":"https:\/\/www.fiscalia.gov.co\/colombia\/#\/schema\/logo\/image\/"},"sameAs":["https:\/\/www.facebook.com\/FiscaliaCol","https:\/\/x.com\/FiscaliaCol","https:\/\/www.instagram.com\/fiscaliacol","https:\/\/www.linkedin.com\/company\/fiscalia-general-de-la-naci-n\/","https:\/\/youtube.com\/@fiscaliageneraldelanacion-4668?si=6nN79nyQICPU5iTh"]},{"@type":"Person","@id":"https:\/\/www.fiscalia.gov.co\/colombia\/#\/schema\/person\/b19b49f26569f91393176a2b3d13a0e5","name":"Johanna Black Prieto Pe\u00f1a","image":{"@type":"ImageObject","inLanguage":"es-CO","@id":"https:\/\/www.fiscalia.gov.co\/colombia\/#\/schema\/person\/image\/","url":"https:\/\/secure.gravatar.com\/avatar\/7f04518e1774335e76d761d76f04003e?s=96&d=mm&r=g","contentUrl":"https:\/\/secure.gravatar.com\/avatar\/7f04518e1774335e76d761d76f04003e?s=96&d=mm&r=g","caption":"Johanna Black Prieto Pe\u00f1a"},"url":"https:\/\/www.fiscalia.gov.co\/colombia\/author\/jprieto\/"}]}},"_links":{"self":[{"href":"https:\/\/www.fiscalia.gov.co\/colombia\/wp-json\/wp\/v2\/posts\/236487","targetHints":{"allow":["GET"]}}],"collection":[{"href":"https:\/\/www.fiscalia.gov.co\/colombia\/wp-json\/wp\/v2\/posts"}],"about":[{"href":"https:\/\/www.fiscalia.gov.co\/colombia\/wp-json\/wp\/v2\/types\/post"}],"author":[{"embeddable":true,"href":"https:\/\/www.fiscalia.gov.co\/colombia\/wp-json\/wp\/v2\/users\/176"}],"replies":[{"embeddable":true,"href":"https:\/\/www.fiscalia.gov.co\/colombia\/wp-json\/wp\/v2\/comments?post=236487"}],"version-history":[{"count":2,"href":"https:\/\/www.fiscalia.gov.co\/colombia\/wp-json\/wp\/v2\/posts\/236487\/revisions"}],"predecessor-version":[{"id":236492,"href":"https:\/\/www.fiscalia.gov.co\/colombia\/wp-json\/wp\/v2\/posts\/236487\/revisions\/236492"}],"wp:attachment":[{"href":"https:\/\/www.fiscalia.gov.co\/colombia\/wp-json\/wp\/v2\/media?parent=236487"}],"wp:term":[{"taxonomy":"category","embeddable":true,"href":"https:\/\/www.fiscalia.gov.co\/colombia\/wp-json\/wp\/v2\/categories?post=236487"},{"taxonomy":"post_tag","embeddable":true,"href":"https:\/\/www.fiscalia.gov.co\/colombia\/wp-json\/wp\/v2\/tags?post=236487"}],"curies":[{"name":"wp","href":"https:\/\/api.w.org\/{rel}","templated":true}]}}