{"id":236343,"date":"2021-12-05T10:16:16","date_gmt":"2021-12-05T15:16:16","guid":{"rendered":"https:\/\/www.fiscalia.gov.co\/colombia\/?p=236343"},"modified":"2021-12-21T15:03:19","modified_gmt":"2021-12-21T20:03:19","slug":"impactado-grupo-delincuencial-boyacos-tantalos-senalado-de-la-venta-y-distribucion-de-estupefacientes-en-la-localidad-de-suba","status":"publish","type":"post","link":"https:\/\/www.fiscalia.gov.co\/colombia\/noticias\/impactado-grupo-delincuencial-boyacos-tantalos-senalado-de-la-venta-y-distribucion-de-estupefacientes-en-la-localidad-de-suba\/","title":{"rendered":"Impactado grupo delincuencial Boyacos \u2013 T\u00e1ntalos, se\u00f1alado de la venta y distribuci\u00f3n de estupefacientes en la localidad de Suba"},"content":{"rendered":"<h4><strong><em>La Fiscal\u00eda logr\u00f3 la judicializaci\u00f3n de nueve personas dedicabas al parecer, a almacenar, transportar y vender estupefacientes en los barrios Gaitana, Aures, Bilbao, Rinc\u00f3n y Suba Tibabuyes de esta localidad.\u00a0<\/em>\u00a0<\/strong><\/h4>\n<p>&nbsp;<\/p>\n<p>De acuerdo con la investigaci\u00f3n adelantada por un fiscal de la Unidad de Estructura de Apoyo de Bogot\u00e1, en conjunto con la Polic\u00eda Judicial Sij\u00edn, se conoci\u00f3 que este grupo se dedicaba a almacenar, transportar y vender los estupefacientes al menudeo en la localidad de Suba.<\/p>\n<p>Adem\u00e1s, estar\u00edan involucradas en un homicidio ocurrido el 15 de mayo de 2020 en el Humedal Juan Amarillo.<\/p>\n<p>La Fiscal\u00eda estableci\u00f3 que el cabecilla de la organizaci\u00f3n alias Filipo, se encargaba al parecer, de reclutar personas para administrar, recaudar dinero producto de la comercializaci\u00f3n del estupefaciente. Adem\u00e1s, Willigton Matiz, ubicaba zonas y lugares para la distribuci\u00f3n y de inducir a los j\u00f3venes al consumo de sustancias ilegales.<\/p>\n<p>Durante el desarrollo de seis diligencias de allanamiento y registro se hicieron efectivas las \u00f3rdenes de captura en contra de Willigton Matiz, alias Filipo; \u00c1ngel Ram\u00f3n Cogollo Caicedo, alias El Cucho \u00c1ngel; Johan Andr\u00e9s Echeverr\u00eda Osorio, alias Johan; Maicol Steven Cuellar Alvarado, alias Maicol; Stefany Matiz Ospina, alias Estefan\u00eda; Leidy Eugenia Ospina Paque, alias Leidy; Leidy Tatiana Malaver Jimenez, alias Tatiana; Jerson Fabi\u00e1n Zabala Cruz, alias Jerson y el ciudadano extranjero Anderson Jes\u00fas Espinosa Sandoval, alias Jes\u00fas.<\/p>\n<p>En los operativos se logr\u00f3 la incautaci\u00f3n de nueve celulares, un arma de fuego, municiones, estupefacientes y dinero en efectivo.<\/p>\n<p>En audiencias preliminares se legalizaron las capturas y las incautaciones. La Fiscal\u00eda formul\u00f3 imputaci\u00f3n por los delitos de homicidio agravado, concierto para delinquir agravado, porte ilegal de armas de fuego y tr\u00e1fico, fabricaci\u00f3n o porte de estupefacientes.\u00a0 Cargos que no fueron aceptados por ninguno de los procesados.<\/p>\n<p>El Juzgado 34 Penal Municipal con funci\u00f3n de control de garant\u00edas impuso medida de aseguramiento privativa de la libertad en contra de los nueve capturados.<\/p>\n<p>&nbsp;<\/p>\n<p><strong>La Fiscal\u00eda General de la Naci\u00f3n habla con resultados. \u00a0\u00a0\u00a0\u00a0\u00a0\u00a0\u00a0\u00a0\u00a0\u00a0\u00a0\u00a0\u00a0\u00a0\u00a0\u00a0\u00a0\u00a0\u00a0\u00a0\u00a0\u00a0\u00a0\u00a0\u00a0\u00a0\u00a0\u00a0 <\/strong><\/p>\n<p><strong>\u00a0<\/strong><\/p>\n<p>LMFO\/IJAR\/FAGH\/MRC<\/p>\n<div class=\"td-post-content tagdiv-type\">\n<p><em>La informaci\u00f3n contenida en este bolet\u00edn de prensa corresponde a la narraci\u00f3n de los hechos noticiosos objetivos, suministrados por los funcionarios encargados de adelantar las investigaciones penales al interior de la Fiscal\u00eda General de la Naci\u00f3n. Para el momento de la divulgaci\u00f3n de este comunicado, la situaci\u00f3n jur\u00eddica de la(s) persona(s) relacionada(s) se encuentra pendiente de resolver por la autoridad judicial competente, siempre bajo los preceptos de la presunci\u00f3n de inocencia, consagrados en el art\u00edculo 29 de la Constituci\u00f3n Pol\u00edtica y el art\u00edculo 7\u00ba de la Ley 906 de 2004.<\/em><\/p>\n<\/div>\n<footer>\n<div class=\"td-post-source-tags\"><\/div>\n<div class=\"td-post-sharing-bottom\"><\/div>\n<\/footer>\n\n<div class=\"twitter-share\"><a href=\"https:\/\/twitter.com\/intent\/tweet?via=fiscaliacol\" class=\"twitter-share-button\">Tweet<\/a><\/div>\n","protected":false},"excerpt":{"rendered":"<p>La Fiscal\u00eda logr\u00f3 la judicializaci\u00f3n de nueve personas dedicabas al parecer, a almacenar, transportar y vender estupefacientes en los barrios Gaitana, Aures, Bilbao, Rinc\u00f3n y Suba Tibabuyes de esta localidad.\u00a0\u00a0 [&hellip;]<\/p>\n","protected":false},"author":175,"featured_media":0,"comment_status":"closed","ping_status":"open","sticky":false,"template":"","format":"video","meta":{"tdm_status":"","tdm_grid_status":"","footnotes":""},"categories":[1,321],"tags":[24189,24305],"class_list":["post-236343","post","type-post","status-publish","format-video","category-noticias","category-seccional-bogota","tag-fiscal-francisco-barbosa-delgado","tag-fiscal-general-francisco-barbosa","post_format-post-format-video"],"yoast_head":"<!-- This site is optimized with the Yoast SEO plugin v24.3 - https:\/\/yoast.com\/wordpress\/plugins\/seo\/ -->\n<title>Fiscal\u00eda General de la Naci\u00f3n<\/title>\n<meta name=\"description\" content=\"P\u00e1gina oficial de la Fiscal\u00eda General de la Naci\u00f3n \u2013 Colombia. Garantizamos el acceso efectivo a la justicia, la verdad y la reparaci\u00f3n de las v\u00edctimas de los delitos.\" \/>\n<meta name=\"robots\" content=\"noindex, follow\" \/>\n<meta property=\"og:locale\" content=\"es_ES\" \/>\n<meta property=\"og:type\" content=\"article\" \/>\n<meta property=\"og:title\" content=\"Fiscal\u00eda General de la Naci\u00f3n\" \/>\n<meta property=\"og:description\" content=\"P\u00e1gina oficial de la Fiscal\u00eda General de la Naci\u00f3n \u2013 Colombia. Garantizamos el acceso efectivo a la justicia, la verdad y la reparaci\u00f3n de las v\u00edctimas de los delitos.\" \/>\n<meta property=\"og:url\" content=\"https:\/\/www.fiscalia.gov.co\/colombia\/noticias\/impactado-grupo-delincuencial-boyacos-tantalos-senalado-de-la-venta-y-distribucion-de-estupefacientes-en-la-localidad-de-suba\/\" \/>\n<meta property=\"og:site_name\" content=\"Fiscal\u00eda General de la Naci\u00f3n\" \/>\n<meta property=\"article:publisher\" content=\"https:\/\/www.facebook.com\/FiscaliaCol\" \/>\n<meta property=\"article:published_time\" content=\"2021-12-05T15:16:16+00:00\" \/>\n<meta property=\"article:modified_time\" content=\"2021-12-21T20:03:19+00:00\" \/>\n<meta name=\"author\" content=\"Katherine Loaiza Mart\u00ednez\" \/>\n<meta name=\"twitter:card\" content=\"summary_large_image\" \/>\n<meta name=\"twitter:creator\" content=\"@FiscaliaCol\" \/>\n<meta name=\"twitter:site\" content=\"@FiscaliaCol\" \/>\n<meta name=\"twitter:label1\" content=\"Escrito por\" \/>\n\t<meta name=\"twitter:data1\" content=\"Katherine Loaiza Mart\u00ednez\" \/>\n\t<meta name=\"twitter:label2\" content=\"Tiempo de lectura\" \/>\n\t<meta name=\"twitter:data2\" content=\"2 minutos\" \/>\n<script type=\"application\/ld+json\" class=\"yoast-schema-graph\">{\"@context\":\"https:\/\/schema.org\",\"@graph\":[{\"@type\":\"Article\",\"@id\":\"https:\/\/www.fiscalia.gov.co\/colombia\/noticias\/impactado-grupo-delincuencial-boyacos-tantalos-senalado-de-la-venta-y-distribucion-de-estupefacientes-en-la-localidad-de-suba\/#article\",\"isPartOf\":{\"@id\":\"https:\/\/www.fiscalia.gov.co\/colombia\/noticias\/impactado-grupo-delincuencial-boyacos-tantalos-senalado-de-la-venta-y-distribucion-de-estupefacientes-en-la-localidad-de-suba\/\"},\"author\":{\"name\":\"Katherine Loaiza Mart\u00ednez\",\"@id\":\"https:\/\/www.fiscalia.gov.co\/colombia\/#\/schema\/person\/2e76b9aba5ecf875ed565ce4de0e0415\"},\"headline\":\"Impactado grupo delincuencial Boyacos \u2013 T\u00e1ntalos, se\u00f1alado de la venta y distribuci\u00f3n de estupefacientes en la localidad de Suba\",\"datePublished\":\"2021-12-05T15:16:16+00:00\",\"dateModified\":\"2021-12-21T20:03:19+00:00\",\"mainEntityOfPage\":{\"@id\":\"https:\/\/www.fiscalia.gov.co\/colombia\/noticias\/impactado-grupo-delincuencial-boyacos-tantalos-senalado-de-la-venta-y-distribucion-de-estupefacientes-en-la-localidad-de-suba\/\"},\"wordCount\":477,\"publisher\":{\"@id\":\"https:\/\/www.fiscalia.gov.co\/colombia\/#organization\"},\"keywords\":[\"Fiscal Francisco Barbosa Delgado\",\"Fiscal General Francisco Barbosa\"],\"articleSection\":[\"Noticias\",\"Seccional Bogot\u00e1\"],\"inLanguage\":\"es-CO\"},{\"@type\":\"WebPage\",\"@id\":\"https:\/\/www.fiscalia.gov.co\/colombia\/noticias\/impactado-grupo-delincuencial-boyacos-tantalos-senalado-de-la-venta-y-distribucion-de-estupefacientes-en-la-localidad-de-suba\/\",\"url\":\"https:\/\/www.fiscalia.gov.co\/colombia\/noticias\/impactado-grupo-delincuencial-boyacos-tantalos-senalado-de-la-venta-y-distribucion-de-estupefacientes-en-la-localidad-de-suba\/\",\"name\":\"Fiscal\u00eda General de la Naci\u00f3n\",\"isPartOf\":{\"@id\":\"https:\/\/www.fiscalia.gov.co\/colombia\/#website\"},\"datePublished\":\"2021-12-05T15:16:16+00:00\",\"dateModified\":\"2021-12-21T20:03:19+00:00\",\"description\":\"P\u00e1gina oficial de la Fiscal\u00eda General de la Naci\u00f3n \u2013 Colombia. Garantizamos el acceso efectivo a la justicia, la verdad y la reparaci\u00f3n de las v\u00edctimas de los delitos.\",\"breadcrumb\":{\"@id\":\"https:\/\/www.fiscalia.gov.co\/colombia\/noticias\/impactado-grupo-delincuencial-boyacos-tantalos-senalado-de-la-venta-y-distribucion-de-estupefacientes-en-la-localidad-de-suba\/#breadcrumb\"},\"inLanguage\":\"es-CO\",\"potentialAction\":[{\"@type\":\"ReadAction\",\"target\":[\"https:\/\/www.fiscalia.gov.co\/colombia\/noticias\/impactado-grupo-delincuencial-boyacos-tantalos-senalado-de-la-venta-y-distribucion-de-estupefacientes-en-la-localidad-de-suba\/\"]}]},{\"@type\":\"BreadcrumbList\",\"@id\":\"https:\/\/www.fiscalia.gov.co\/colombia\/noticias\/impactado-grupo-delincuencial-boyacos-tantalos-senalado-de-la-venta-y-distribucion-de-estupefacientes-en-la-localidad-de-suba\/#breadcrumb\",\"itemListElement\":[{\"@type\":\"ListItem\",\"position\":1,\"name\":\"Home\",\"item\":\"https:\/\/www.fiscalia.gov.co\/colombia\/\"},{\"@type\":\"ListItem\",\"position\":2,\"name\":\"Impactado grupo delincuencial Boyacos \u2013 T\u00e1ntalos, se\u00f1alado de la venta y distribuci\u00f3n de estupefacientes en la localidad de Suba\"}]},{\"@type\":\"WebSite\",\"@id\":\"https:\/\/www.fiscalia.gov.co\/colombia\/#website\",\"url\":\"https:\/\/www.fiscalia.gov.co\/colombia\/\",\"name\":\"Fiscal\u00eda General de la Naci\u00f3n\",\"description\":\"P\u00e1gina oficial de la Fiscal\u00eda General de la Naci\u00f3n \u2013 Colombia. Garantizamos el acceso efectivo a la justicia, la verdad y la reparaci\u00f3n de las v\u00edctimas de los delitos.\",\"publisher\":{\"@id\":\"https:\/\/www.fiscalia.gov.co\/colombia\/#organization\"},\"potentialAction\":[{\"@type\":\"SearchAction\",\"target\":{\"@type\":\"EntryPoint\",\"urlTemplate\":\"https:\/\/www.fiscalia.gov.co\/colombia\/?s={search_term_string}\"},\"query-input\":{\"@type\":\"PropertyValueSpecification\",\"valueRequired\":true,\"valueName\":\"search_term_string\"}}],\"inLanguage\":\"es-CO\"},{\"@type\":\"Organization\",\"@id\":\"https:\/\/www.fiscalia.gov.co\/colombia\/#organization\",\"name\":\"Fiscal\u00eda General de la Naci\u00f3n\",\"url\":\"https:\/\/www.fiscalia.gov.co\/colombia\/\",\"logo\":{\"@type\":\"ImageObject\",\"inLanguage\":\"es-CO\",\"@id\":\"https:\/\/www.fiscalia.gov.co\/colombia\/#\/schema\/logo\/image\/\",\"url\":\"https:\/\/www.fiscalia.gov.co\/colombia\/wp-content\/uploads\/LogoHorizontal_1.jpg\",\"contentUrl\":\"https:\/\/www.fiscalia.gov.co\/colombia\/wp-content\/uploads\/LogoHorizontal_1.jpg\",\"width\":300,\"height\":90,\"caption\":\"Fiscal\u00eda General de la Naci\u00f3n\"},\"image\":{\"@id\":\"https:\/\/www.fiscalia.gov.co\/colombia\/#\/schema\/logo\/image\/\"},\"sameAs\":[\"https:\/\/www.facebook.com\/FiscaliaCol\",\"https:\/\/x.com\/FiscaliaCol\",\"https:\/\/www.instagram.com\/fiscaliacol\",\"https:\/\/www.linkedin.com\/company\/fiscalia-general-de-la-naci-n\/\",\"https:\/\/youtube.com\/@fiscaliageneraldelanacion-4668?si=6nN79nyQICPU5iTh\"]},{\"@type\":\"Person\",\"@id\":\"https:\/\/www.fiscalia.gov.co\/colombia\/#\/schema\/person\/2e76b9aba5ecf875ed565ce4de0e0415\",\"name\":\"Katherine Loaiza Mart\u00ednez\",\"image\":{\"@type\":\"ImageObject\",\"inLanguage\":\"es-CO\",\"@id\":\"https:\/\/www.fiscalia.gov.co\/colombia\/#\/schema\/person\/image\/\",\"url\":\"https:\/\/secure.gravatar.com\/avatar\/ab775a2f394c1b83b6d6f78680e57b50?s=96&d=mm&r=g\",\"contentUrl\":\"https:\/\/secure.gravatar.com\/avatar\/ab775a2f394c1b83b6d6f78680e57b50?s=96&d=mm&r=g\",\"caption\":\"Katherine Loaiza Mart\u00ednez\"},\"url\":\"https:\/\/www.fiscalia.gov.co\/colombia\/author\/kloaiza\/\"}]}<\/script>\n<!-- \/ Yoast SEO plugin. -->","yoast_head_json":{"title":"Fiscal\u00eda General de la Naci\u00f3n","description":"P\u00e1gina oficial de la Fiscal\u00eda General de la Naci\u00f3n \u2013 Colombia. Garantizamos el acceso efectivo a la justicia, la verdad y la reparaci\u00f3n de las v\u00edctimas de los delitos.","robots":{"index":"noindex","follow":"follow"},"og_locale":"es_ES","og_type":"article","og_title":"Fiscal\u00eda General de la Naci\u00f3n","og_description":"P\u00e1gina oficial de la Fiscal\u00eda General de la Naci\u00f3n \u2013 Colombia. Garantizamos el acceso efectivo a la justicia, la verdad y la reparaci\u00f3n de las v\u00edctimas de los delitos.","og_url":"https:\/\/www.fiscalia.gov.co\/colombia\/noticias\/impactado-grupo-delincuencial-boyacos-tantalos-senalado-de-la-venta-y-distribucion-de-estupefacientes-en-la-localidad-de-suba\/","og_site_name":"Fiscal\u00eda General de la Naci\u00f3n","article_publisher":"https:\/\/www.facebook.com\/FiscaliaCol","article_published_time":"2021-12-05T15:16:16+00:00","article_modified_time":"2021-12-21T20:03:19+00:00","author":"Katherine Loaiza Mart\u00ednez","twitter_card":"summary_large_image","twitter_creator":"@FiscaliaCol","twitter_site":"@FiscaliaCol","twitter_misc":{"Escrito por":"Katherine Loaiza Mart\u00ednez","Tiempo de lectura":"2 minutos"},"schema":{"@context":"https:\/\/schema.org","@graph":[{"@type":"Article","@id":"https:\/\/www.fiscalia.gov.co\/colombia\/noticias\/impactado-grupo-delincuencial-boyacos-tantalos-senalado-de-la-venta-y-distribucion-de-estupefacientes-en-la-localidad-de-suba\/#article","isPartOf":{"@id":"https:\/\/www.fiscalia.gov.co\/colombia\/noticias\/impactado-grupo-delincuencial-boyacos-tantalos-senalado-de-la-venta-y-distribucion-de-estupefacientes-en-la-localidad-de-suba\/"},"author":{"name":"Katherine Loaiza Mart\u00ednez","@id":"https:\/\/www.fiscalia.gov.co\/colombia\/#\/schema\/person\/2e76b9aba5ecf875ed565ce4de0e0415"},"headline":"Impactado grupo delincuencial Boyacos \u2013 T\u00e1ntalos, se\u00f1alado de la venta y distribuci\u00f3n de estupefacientes en la localidad de Suba","datePublished":"2021-12-05T15:16:16+00:00","dateModified":"2021-12-21T20:03:19+00:00","mainEntityOfPage":{"@id":"https:\/\/www.fiscalia.gov.co\/colombia\/noticias\/impactado-grupo-delincuencial-boyacos-tantalos-senalado-de-la-venta-y-distribucion-de-estupefacientes-en-la-localidad-de-suba\/"},"wordCount":477,"publisher":{"@id":"https:\/\/www.fiscalia.gov.co\/colombia\/#organization"},"keywords":["Fiscal Francisco Barbosa Delgado","Fiscal General Francisco Barbosa"],"articleSection":["Noticias","Seccional Bogot\u00e1"],"inLanguage":"es-CO"},{"@type":"WebPage","@id":"https:\/\/www.fiscalia.gov.co\/colombia\/noticias\/impactado-grupo-delincuencial-boyacos-tantalos-senalado-de-la-venta-y-distribucion-de-estupefacientes-en-la-localidad-de-suba\/","url":"https:\/\/www.fiscalia.gov.co\/colombia\/noticias\/impactado-grupo-delincuencial-boyacos-tantalos-senalado-de-la-venta-y-distribucion-de-estupefacientes-en-la-localidad-de-suba\/","name":"Fiscal\u00eda General de la Naci\u00f3n","isPartOf":{"@id":"https:\/\/www.fiscalia.gov.co\/colombia\/#website"},"datePublished":"2021-12-05T15:16:16+00:00","dateModified":"2021-12-21T20:03:19+00:00","description":"P\u00e1gina oficial de la Fiscal\u00eda General de la Naci\u00f3n \u2013 Colombia. Garantizamos el acceso efectivo a la justicia, la verdad y la reparaci\u00f3n de las v\u00edctimas de los delitos.","breadcrumb":{"@id":"https:\/\/www.fiscalia.gov.co\/colombia\/noticias\/impactado-grupo-delincuencial-boyacos-tantalos-senalado-de-la-venta-y-distribucion-de-estupefacientes-en-la-localidad-de-suba\/#breadcrumb"},"inLanguage":"es-CO","potentialAction":[{"@type":"ReadAction","target":["https:\/\/www.fiscalia.gov.co\/colombia\/noticias\/impactado-grupo-delincuencial-boyacos-tantalos-senalado-de-la-venta-y-distribucion-de-estupefacientes-en-la-localidad-de-suba\/"]}]},{"@type":"BreadcrumbList","@id":"https:\/\/www.fiscalia.gov.co\/colombia\/noticias\/impactado-grupo-delincuencial-boyacos-tantalos-senalado-de-la-venta-y-distribucion-de-estupefacientes-en-la-localidad-de-suba\/#breadcrumb","itemListElement":[{"@type":"ListItem","position":1,"name":"Home","item":"https:\/\/www.fiscalia.gov.co\/colombia\/"},{"@type":"ListItem","position":2,"name":"Impactado grupo delincuencial Boyacos \u2013 T\u00e1ntalos, se\u00f1alado de la venta y distribuci\u00f3n de estupefacientes en la localidad de Suba"}]},{"@type":"WebSite","@id":"https:\/\/www.fiscalia.gov.co\/colombia\/#website","url":"https:\/\/www.fiscalia.gov.co\/colombia\/","name":"Fiscal\u00eda General de la Naci\u00f3n","description":"P\u00e1gina oficial de la Fiscal\u00eda General de la Naci\u00f3n \u2013 Colombia. Garantizamos el acceso efectivo a la justicia, la verdad y la reparaci\u00f3n de las v\u00edctimas de los delitos.","publisher":{"@id":"https:\/\/www.fiscalia.gov.co\/colombia\/#organization"},"potentialAction":[{"@type":"SearchAction","target":{"@type":"EntryPoint","urlTemplate":"https:\/\/www.fiscalia.gov.co\/colombia\/?s={search_term_string}"},"query-input":{"@type":"PropertyValueSpecification","valueRequired":true,"valueName":"search_term_string"}}],"inLanguage":"es-CO"},{"@type":"Organization","@id":"https:\/\/www.fiscalia.gov.co\/colombia\/#organization","name":"Fiscal\u00eda General de la Naci\u00f3n","url":"https:\/\/www.fiscalia.gov.co\/colombia\/","logo":{"@type":"ImageObject","inLanguage":"es-CO","@id":"https:\/\/www.fiscalia.gov.co\/colombia\/#\/schema\/logo\/image\/","url":"https:\/\/www.fiscalia.gov.co\/colombia\/wp-content\/uploads\/LogoHorizontal_1.jpg","contentUrl":"https:\/\/www.fiscalia.gov.co\/colombia\/wp-content\/uploads\/LogoHorizontal_1.jpg","width":300,"height":90,"caption":"Fiscal\u00eda General de la Naci\u00f3n"},"image":{"@id":"https:\/\/www.fiscalia.gov.co\/colombia\/#\/schema\/logo\/image\/"},"sameAs":["https:\/\/www.facebook.com\/FiscaliaCol","https:\/\/x.com\/FiscaliaCol","https:\/\/www.instagram.com\/fiscaliacol","https:\/\/www.linkedin.com\/company\/fiscalia-general-de-la-naci-n\/","https:\/\/youtube.com\/@fiscaliageneraldelanacion-4668?si=6nN79nyQICPU5iTh"]},{"@type":"Person","@id":"https:\/\/www.fiscalia.gov.co\/colombia\/#\/schema\/person\/2e76b9aba5ecf875ed565ce4de0e0415","name":"Katherine Loaiza Mart\u00ednez","image":{"@type":"ImageObject","inLanguage":"es-CO","@id":"https:\/\/www.fiscalia.gov.co\/colombia\/#\/schema\/person\/image\/","url":"https:\/\/secure.gravatar.com\/avatar\/ab775a2f394c1b83b6d6f78680e57b50?s=96&d=mm&r=g","contentUrl":"https:\/\/secure.gravatar.com\/avatar\/ab775a2f394c1b83b6d6f78680e57b50?s=96&d=mm&r=g","caption":"Katherine Loaiza Mart\u00ednez"},"url":"https:\/\/www.fiscalia.gov.co\/colombia\/author\/kloaiza\/"}]}},"_links":{"self":[{"href":"https:\/\/www.fiscalia.gov.co\/colombia\/wp-json\/wp\/v2\/posts\/236343","targetHints":{"allow":["GET"]}}],"collection":[{"href":"https:\/\/www.fiscalia.gov.co\/colombia\/wp-json\/wp\/v2\/posts"}],"about":[{"href":"https:\/\/www.fiscalia.gov.co\/colombia\/wp-json\/wp\/v2\/types\/post"}],"author":[{"embeddable":true,"href":"https:\/\/www.fiscalia.gov.co\/colombia\/wp-json\/wp\/v2\/users\/175"}],"replies":[{"embeddable":true,"href":"https:\/\/www.fiscalia.gov.co\/colombia\/wp-json\/wp\/v2\/comments?post=236343"}],"version-history":[{"count":1,"href":"https:\/\/www.fiscalia.gov.co\/colombia\/wp-json\/wp\/v2\/posts\/236343\/revisions"}],"predecessor-version":[{"id":236344,"href":"https:\/\/www.fiscalia.gov.co\/colombia\/wp-json\/wp\/v2\/posts\/236343\/revisions\/236344"}],"wp:attachment":[{"href":"https:\/\/www.fiscalia.gov.co\/colombia\/wp-json\/wp\/v2\/media?parent=236343"}],"wp:term":[{"taxonomy":"category","embeddable":true,"href":"https:\/\/www.fiscalia.gov.co\/colombia\/wp-json\/wp\/v2\/categories?post=236343"},{"taxonomy":"post_tag","embeddable":true,"href":"https:\/\/www.fiscalia.gov.co\/colombia\/wp-json\/wp\/v2\/tags?post=236343"}],"curies":[{"name":"wp","href":"https:\/\/api.w.org\/{rel}","templated":true}]}}