{"id":236339,"date":"2021-12-05T09:15:32","date_gmt":"2021-12-05T14:15:32","guid":{"rendered":"https:\/\/www.fiscalia.gov.co\/colombia\/?p=236339"},"modified":"2021-12-20T16:55:12","modified_gmt":"2021-12-20T21:55:12","slug":"cae-red-narcotraficante-senalada-de-mover-cargamentos-de-cocaina-en-la-modalidad-de-hormigueo-o-mochileros","status":"publish","type":"post","link":"https:\/\/www.fiscalia.gov.co\/colombia\/noticias\/cae-red-narcotraficante-senalada-de-mover-cargamentos-de-cocaina-en-la-modalidad-de-hormigueo-o-mochileros\/","title":{"rendered":"Cae red narcotraficante se\u00f1alada de mover cargamentos de coca\u00edna en la modalidad de \u2018hormigueo\u2019 o \u2018mochileros\u2019\u00a0"},"content":{"rendered":"<p><em><strong>Hay indicios de que la organizaci\u00f3n reclutaba personas para que llevaran el estupefaciente, a pie y de manera masiva, desde los centros de producci\u00f3n ilegal hasta las costas de Urab\u00e1 y la frontera con Panam\u00e1.<\/strong> <\/em><\/p>\n<p>Una investigaci\u00f3n liderada por la Fiscal\u00eda General de la Naci\u00f3n, en coordinaci\u00f3n de la DIJIN de la Polic\u00eda Nacional y las autoridades brit\u00e1nicas, permiti\u00f3 judicializar a 11 presuntos integrantes de una estructura narcotraficante.<\/p>\n<p>La red ilegal, al parecer, reclutaba ciudadanos para trasportar a pie y de manera sistem\u00e1tica la sustancia estupefaciente, desde Santo Domingo y San Roque (Antioquia), donde estar\u00edan ubicados los laboratorios de producci\u00f3n il\u00edcita, hasta las zonas costeras de Bah\u00eda Solano y Bah\u00eda Cupica (Choc\u00f3). Posteriormente, los cargamentos eran camuflados en lanchas r\u00e1pidas y enviados a pa\u00edses de Centroam\u00e9rica.<\/p>\n<p>De igual manera, hay indicios de que, mediante esta modalidad conocida como \u2018hormigueo\u2019 o \u2018mochileros\u2019, algunas personas, supuestamente, caminaron con los alijos hasta la Serran\u00eda del Dari\u00e9n, en zona de frontera con Panam\u00e1, y los entregaron a contactos de la organizaci\u00f3n.<\/p>\n<p>Las evidencias dan cuenta de que la organizaci\u00f3n tendr\u00eda una alianza con el \u2018Clan del Golfo\u2019 para garantizar el paso del estupefaciente, y que mov\u00eda los dineros a trav\u00e9s de empresas de giros.<\/p>\n<p>Los supuestos involucrados en este andamiaje ilegal fueron capturados en diligencias realizadas en Medell\u00edn, Bello, Copacabana, Itag\u00fc\u00ed, Sans\u00f3n, Amalfi, Puerto Berr\u00edo y Chigorod\u00f3 (Antioquia); y Bah\u00eda Solano (Choc\u00f3). En los procedimientos se incautaron 11 celulares, dinero en efectivo y marihuana.<\/p>\n<p>Un fiscal de la Direcci\u00f3n Especializada contra el Narcotr\u00e1fico imput\u00f3 a los detenidos los delitos de tr\u00e1fico fabricaci\u00f3n o porte de estupefacientes, concierto para delinquir y tr\u00e1fico de sustancias para el procesamiento de narc\u00f3ticos. Por decisi\u00f3n de un juez con funci\u00f3n de control de garant\u00edas, todos los procesados deber\u00e1n cumplir medida de aseguramiento en centro penitenciario.<\/p>\n<p>Los procesados son:<\/p>\n<ul>\n<li>Carlos Mario Vel\u00e1squez Mart\u00ednez, alias Monstruo.<\/li>\n<li>Fabi\u00e1n Andr\u00e9s Luna Pineda, alias Mono.<\/li>\n<li>Jhon Jairo Yarce Restrepo, alias Ni\u00f1o Jes\u00fas.<\/li>\n<li>Jos\u00e9 Humberto Gonz\u00e1lez Gonz\u00e1lez, alias Chepe.<\/li>\n<li>Octavio de Jes\u00fas S\u00e1nchez Gonz\u00e1lez, alias Evang\u00e9lico.<\/li>\n<li>Jos\u00e9 Humberto Gonz\u00e1lez Garc\u00eda, alias Junior.<\/li>\n<li>Sergio Andr\u00e9s Laverde Montoya, alias Pelos.<\/li>\n<li>Dar\u00edo Alberto G\u00f3mez Vanegas, alias Mono.<\/li>\n<li>Jes\u00fas Abraham Agudelo Taborda, alias Toreto.<\/li>\n<li>Delio de Jes\u00fas Barrientos Barrientos, alias Pu\u00f1al.<\/li>\n<li>Alverny de Jes\u00fas Machado Isaza, alias Machado.<\/li>\n<\/ul>\n<p>En el curso de la investigaci\u00f3n, a esta red narcotraficante le fueron incautados m\u00e1s de una tonelada de clorhidrato de coca\u00edna, 207 kilogramos de base de coca, 641 kilos de marihuana, 15.283 galones de sustancias qu\u00edmicas l\u00edquidas, 5.300 kilogramos de sustancias qu\u00edmicas s\u00f3lidas, cuatro veh\u00edculos y una embarcaci\u00f3n. De igual manera, le fueron destruidos tres laboratorios y capturados en flagrancia siete de sus posibles transportadores.<\/p>\n<p>Esta informaci\u00f3n se publica por razones de inter\u00e9s general.<\/p>\n<p>LMBG\/JARG\/MRC.<\/p>\n<p><strong>La Fiscal\u00eda habla con resultados<\/strong><\/p>\n<p>&nbsp;<\/p>\n<p><strong>\u00a0<\/strong><\/p>\n\n<div class=\"twitter-share\"><a href=\"https:\/\/twitter.com\/intent\/tweet?via=fiscaliacol\" class=\"twitter-share-button\">Tweet<\/a><\/div>\n","protected":false},"excerpt":{"rendered":"<p>Hay indicios de que la organizaci\u00f3n reclutaba personas para que llevaran el estupefaciente, a pie y de manera masiva, desde los centros de producci\u00f3n ilegal hasta las costas de Urab\u00e1 [&hellip;]<\/p>\n","protected":false},"author":175,"featured_media":237267,"comment_status":"closed","ping_status":"open","sticky":false,"template":"","format":"video","meta":{"tdm_status":"","tdm_grid_status":"","footnotes":""},"categories":[24115,1],"tags":[18672,24189,24526],"class_list":["post-236339","post","type-post","status-publish","format-video","has-post-thumbnail","category-narcotrafico","category-noticias","tag-clan-del-golfo","tag-fiscal-francisco-barbosa-delgado","tag-fiscal-general-francisco-barbosa-delgado","post_format-post-format-video"],"yoast_head":"<!-- This site is optimized with the Yoast SEO plugin v24.3 - https:\/\/yoast.com\/wordpress\/plugins\/seo\/ -->\n<title>Fiscal\u00eda General de la Naci\u00f3n<\/title>\n<meta name=\"description\" content=\"P\u00e1gina oficial de la Fiscal\u00eda General de la Naci\u00f3n \u2013 Colombia. Garantizamos el acceso efectivo a la justicia, la verdad y la reparaci\u00f3n de las v\u00edctimas de los delitos.\" \/>\n<meta name=\"robots\" content=\"noindex, follow\" \/>\n<meta property=\"og:locale\" content=\"es_ES\" \/>\n<meta property=\"og:type\" content=\"article\" \/>\n<meta property=\"og:title\" content=\"Fiscal\u00eda General de la Naci\u00f3n\" \/>\n<meta property=\"og:description\" content=\"P\u00e1gina oficial de la Fiscal\u00eda General de la Naci\u00f3n \u2013 Colombia. Garantizamos el acceso efectivo a la justicia, la verdad y la reparaci\u00f3n de las v\u00edctimas de los delitos.\" \/>\n<meta property=\"og:url\" content=\"https:\/\/www.fiscalia.gov.co\/colombia\/noticias\/cae-red-narcotraficante-senalada-de-mover-cargamentos-de-cocaina-en-la-modalidad-de-hormigueo-o-mochileros\/\" \/>\n<meta property=\"og:site_name\" content=\"Fiscal\u00eda General de la Naci\u00f3n\" \/>\n<meta property=\"article:publisher\" content=\"https:\/\/www.facebook.com\/FiscaliaCol\" \/>\n<meta property=\"article:published_time\" content=\"2021-12-05T14:15:32+00:00\" \/>\n<meta property=\"article:modified_time\" content=\"2021-12-20T21:55:12+00:00\" \/>\n<meta property=\"og:image\" content=\"https:\/\/www.fiscalia.gov.co\/colombia\/wp-content\/uploads\/maxresdefault-267.jpg\" \/>\n\t<meta property=\"og:image:width\" content=\"1280\" \/>\n\t<meta property=\"og:image:height\" content=\"720\" \/>\n\t<meta property=\"og:image:type\" content=\"image\/jpeg\" \/>\n<meta name=\"author\" content=\"Katherine Loaiza Mart\u00ednez\" \/>\n<meta name=\"twitter:card\" content=\"summary_large_image\" \/>\n<meta name=\"twitter:creator\" content=\"@FiscaliaCol\" \/>\n<meta name=\"twitter:site\" content=\"@FiscaliaCol\" \/>\n<meta name=\"twitter:label1\" content=\"Escrito por\" \/>\n\t<meta name=\"twitter:data1\" content=\"Katherine Loaiza Mart\u00ednez\" \/>\n\t<meta name=\"twitter:label2\" content=\"Tiempo de lectura\" \/>\n\t<meta name=\"twitter:data2\" content=\"3 minutos\" \/>\n<script type=\"application\/ld+json\" class=\"yoast-schema-graph\">{\"@context\":\"https:\/\/schema.org\",\"@graph\":[{\"@type\":\"Article\",\"@id\":\"https:\/\/www.fiscalia.gov.co\/colombia\/noticias\/cae-red-narcotraficante-senalada-de-mover-cargamentos-de-cocaina-en-la-modalidad-de-hormigueo-o-mochileros\/#article\",\"isPartOf\":{\"@id\":\"https:\/\/www.fiscalia.gov.co\/colombia\/noticias\/cae-red-narcotraficante-senalada-de-mover-cargamentos-de-cocaina-en-la-modalidad-de-hormigueo-o-mochileros\/\"},\"author\":{\"name\":\"Katherine Loaiza Mart\u00ednez\",\"@id\":\"https:\/\/www.fiscalia.gov.co\/colombia\/#\/schema\/person\/2e76b9aba5ecf875ed565ce4de0e0415\"},\"headline\":\"Cae red narcotraficante se\u00f1alada de mover cargamentos de coca\u00edna en la modalidad de \u2018hormigueo\u2019 o \u2018mochileros\u2019\u00a0\",\"datePublished\":\"2021-12-05T14:15:32+00:00\",\"dateModified\":\"2021-12-20T21:55:12+00:00\",\"mainEntityOfPage\":{\"@id\":\"https:\/\/www.fiscalia.gov.co\/colombia\/noticias\/cae-red-narcotraficante-senalada-de-mover-cargamentos-de-cocaina-en-la-modalidad-de-hormigueo-o-mochileros\/\"},\"wordCount\":535,\"publisher\":{\"@id\":\"https:\/\/www.fiscalia.gov.co\/colombia\/#organization\"},\"image\":{\"@id\":\"https:\/\/www.fiscalia.gov.co\/colombia\/noticias\/cae-red-narcotraficante-senalada-de-mover-cargamentos-de-cocaina-en-la-modalidad-de-hormigueo-o-mochileros\/#primaryimage\"},\"thumbnailUrl\":\"https:\/\/www.fiscalia.gov.co\/colombia\/wp-content\/uploads\/maxresdefault-267.jpg\",\"keywords\":[\"Clan del Golfo\",\"Fiscal Francisco Barbosa Delgado\",\"Fiscal General Francisco Barbosa Delgado\"],\"articleSection\":[\"Narcotr\u00e1fico\",\"Noticias\"],\"inLanguage\":\"es-CO\"},{\"@type\":\"WebPage\",\"@id\":\"https:\/\/www.fiscalia.gov.co\/colombia\/noticias\/cae-red-narcotraficante-senalada-de-mover-cargamentos-de-cocaina-en-la-modalidad-de-hormigueo-o-mochileros\/\",\"url\":\"https:\/\/www.fiscalia.gov.co\/colombia\/noticias\/cae-red-narcotraficante-senalada-de-mover-cargamentos-de-cocaina-en-la-modalidad-de-hormigueo-o-mochileros\/\",\"name\":\"Fiscal\u00eda General de la Naci\u00f3n\",\"isPartOf\":{\"@id\":\"https:\/\/www.fiscalia.gov.co\/colombia\/#website\"},\"primaryImageOfPage\":{\"@id\":\"https:\/\/www.fiscalia.gov.co\/colombia\/noticias\/cae-red-narcotraficante-senalada-de-mover-cargamentos-de-cocaina-en-la-modalidad-de-hormigueo-o-mochileros\/#primaryimage\"},\"image\":{\"@id\":\"https:\/\/www.fiscalia.gov.co\/colombia\/noticias\/cae-red-narcotraficante-senalada-de-mover-cargamentos-de-cocaina-en-la-modalidad-de-hormigueo-o-mochileros\/#primaryimage\"},\"thumbnailUrl\":\"https:\/\/www.fiscalia.gov.co\/colombia\/wp-content\/uploads\/maxresdefault-267.jpg\",\"datePublished\":\"2021-12-05T14:15:32+00:00\",\"dateModified\":\"2021-12-20T21:55:12+00:00\",\"description\":\"P\u00e1gina oficial de la Fiscal\u00eda General de la Naci\u00f3n \u2013 Colombia. Garantizamos el acceso efectivo a la justicia, la verdad y la reparaci\u00f3n de las v\u00edctimas de los delitos.\",\"breadcrumb\":{\"@id\":\"https:\/\/www.fiscalia.gov.co\/colombia\/noticias\/cae-red-narcotraficante-senalada-de-mover-cargamentos-de-cocaina-en-la-modalidad-de-hormigueo-o-mochileros\/#breadcrumb\"},\"inLanguage\":\"es-CO\",\"potentialAction\":[{\"@type\":\"ReadAction\",\"target\":[\"https:\/\/www.fiscalia.gov.co\/colombia\/noticias\/cae-red-narcotraficante-senalada-de-mover-cargamentos-de-cocaina-en-la-modalidad-de-hormigueo-o-mochileros\/\"]}]},{\"@type\":\"ImageObject\",\"inLanguage\":\"es-CO\",\"@id\":\"https:\/\/www.fiscalia.gov.co\/colombia\/noticias\/cae-red-narcotraficante-senalada-de-mover-cargamentos-de-cocaina-en-la-modalidad-de-hormigueo-o-mochileros\/#primaryimage\",\"url\":\"https:\/\/www.fiscalia.gov.co\/colombia\/wp-content\/uploads\/maxresdefault-267.jpg\",\"contentUrl\":\"https:\/\/www.fiscalia.gov.co\/colombia\/wp-content\/uploads\/maxresdefault-267.jpg\",\"width\":1280,\"height\":720},{\"@type\":\"BreadcrumbList\",\"@id\":\"https:\/\/www.fiscalia.gov.co\/colombia\/noticias\/cae-red-narcotraficante-senalada-de-mover-cargamentos-de-cocaina-en-la-modalidad-de-hormigueo-o-mochileros\/#breadcrumb\",\"itemListElement\":[{\"@type\":\"ListItem\",\"position\":1,\"name\":\"Home\",\"item\":\"https:\/\/www.fiscalia.gov.co\/colombia\/\"},{\"@type\":\"ListItem\",\"position\":2,\"name\":\"Cae red narcotraficante se\u00f1alada de mover cargamentos de coca\u00edna en la modalidad de \u2018hormigueo\u2019 o \u2018mochileros\u2019\u00a0\"}]},{\"@type\":\"WebSite\",\"@id\":\"https:\/\/www.fiscalia.gov.co\/colombia\/#website\",\"url\":\"https:\/\/www.fiscalia.gov.co\/colombia\/\",\"name\":\"Fiscal\u00eda General de la Naci\u00f3n\",\"description\":\"P\u00e1gina oficial de la Fiscal\u00eda General de la Naci\u00f3n \u2013 Colombia. Garantizamos el acceso efectivo a la justicia, la verdad y la reparaci\u00f3n de las v\u00edctimas de los delitos.\",\"publisher\":{\"@id\":\"https:\/\/www.fiscalia.gov.co\/colombia\/#organization\"},\"potentialAction\":[{\"@type\":\"SearchAction\",\"target\":{\"@type\":\"EntryPoint\",\"urlTemplate\":\"https:\/\/www.fiscalia.gov.co\/colombia\/?s={search_term_string}\"},\"query-input\":{\"@type\":\"PropertyValueSpecification\",\"valueRequired\":true,\"valueName\":\"search_term_string\"}}],\"inLanguage\":\"es-CO\"},{\"@type\":\"Organization\",\"@id\":\"https:\/\/www.fiscalia.gov.co\/colombia\/#organization\",\"name\":\"Fiscal\u00eda General de la Naci\u00f3n\",\"url\":\"https:\/\/www.fiscalia.gov.co\/colombia\/\",\"logo\":{\"@type\":\"ImageObject\",\"inLanguage\":\"es-CO\",\"@id\":\"https:\/\/www.fiscalia.gov.co\/colombia\/#\/schema\/logo\/image\/\",\"url\":\"https:\/\/www.fiscalia.gov.co\/colombia\/wp-content\/uploads\/LogoHorizontal_1.jpg\",\"contentUrl\":\"https:\/\/www.fiscalia.gov.co\/colombia\/wp-content\/uploads\/LogoHorizontal_1.jpg\",\"width\":300,\"height\":90,\"caption\":\"Fiscal\u00eda General de la Naci\u00f3n\"},\"image\":{\"@id\":\"https:\/\/www.fiscalia.gov.co\/colombia\/#\/schema\/logo\/image\/\"},\"sameAs\":[\"https:\/\/www.facebook.com\/FiscaliaCol\",\"https:\/\/x.com\/FiscaliaCol\",\"https:\/\/www.instagram.com\/fiscaliacol\",\"https:\/\/www.linkedin.com\/company\/fiscalia-general-de-la-naci-n\/\",\"https:\/\/youtube.com\/@fiscaliageneraldelanacion-4668?si=6nN79nyQICPU5iTh\"]},{\"@type\":\"Person\",\"@id\":\"https:\/\/www.fiscalia.gov.co\/colombia\/#\/schema\/person\/2e76b9aba5ecf875ed565ce4de0e0415\",\"name\":\"Katherine Loaiza Mart\u00ednez\",\"image\":{\"@type\":\"ImageObject\",\"inLanguage\":\"es-CO\",\"@id\":\"https:\/\/www.fiscalia.gov.co\/colombia\/#\/schema\/person\/image\/\",\"url\":\"https:\/\/secure.gravatar.com\/avatar\/ab775a2f394c1b83b6d6f78680e57b50?s=96&d=mm&r=g\",\"contentUrl\":\"https:\/\/secure.gravatar.com\/avatar\/ab775a2f394c1b83b6d6f78680e57b50?s=96&d=mm&r=g\",\"caption\":\"Katherine Loaiza Mart\u00ednez\"},\"url\":\"https:\/\/www.fiscalia.gov.co\/colombia\/author\/kloaiza\/\"}]}<\/script>\n<!-- \/ Yoast SEO plugin. -->","yoast_head_json":{"title":"Fiscal\u00eda General de la Naci\u00f3n","description":"P\u00e1gina oficial de la Fiscal\u00eda General de la Naci\u00f3n \u2013 Colombia. Garantizamos el acceso efectivo a la justicia, la verdad y la reparaci\u00f3n de las v\u00edctimas de los delitos.","robots":{"index":"noindex","follow":"follow"},"og_locale":"es_ES","og_type":"article","og_title":"Fiscal\u00eda General de la Naci\u00f3n","og_description":"P\u00e1gina oficial de la Fiscal\u00eda General de la Naci\u00f3n \u2013 Colombia. Garantizamos el acceso efectivo a la justicia, la verdad y la reparaci\u00f3n de las v\u00edctimas de los delitos.","og_url":"https:\/\/www.fiscalia.gov.co\/colombia\/noticias\/cae-red-narcotraficante-senalada-de-mover-cargamentos-de-cocaina-en-la-modalidad-de-hormigueo-o-mochileros\/","og_site_name":"Fiscal\u00eda General de la Naci\u00f3n","article_publisher":"https:\/\/www.facebook.com\/FiscaliaCol","article_published_time":"2021-12-05T14:15:32+00:00","article_modified_time":"2021-12-20T21:55:12+00:00","og_image":[{"width":1280,"height":720,"url":"https:\/\/www.fiscalia.gov.co\/colombia\/wp-content\/uploads\/maxresdefault-267.jpg","type":"image\/jpeg"}],"author":"Katherine Loaiza Mart\u00ednez","twitter_card":"summary_large_image","twitter_creator":"@FiscaliaCol","twitter_site":"@FiscaliaCol","twitter_misc":{"Escrito por":"Katherine Loaiza Mart\u00ednez","Tiempo de lectura":"3 minutos"},"schema":{"@context":"https:\/\/schema.org","@graph":[{"@type":"Article","@id":"https:\/\/www.fiscalia.gov.co\/colombia\/noticias\/cae-red-narcotraficante-senalada-de-mover-cargamentos-de-cocaina-en-la-modalidad-de-hormigueo-o-mochileros\/#article","isPartOf":{"@id":"https:\/\/www.fiscalia.gov.co\/colombia\/noticias\/cae-red-narcotraficante-senalada-de-mover-cargamentos-de-cocaina-en-la-modalidad-de-hormigueo-o-mochileros\/"},"author":{"name":"Katherine Loaiza Mart\u00ednez","@id":"https:\/\/www.fiscalia.gov.co\/colombia\/#\/schema\/person\/2e76b9aba5ecf875ed565ce4de0e0415"},"headline":"Cae red narcotraficante se\u00f1alada de mover cargamentos de coca\u00edna en la modalidad de \u2018hormigueo\u2019 o \u2018mochileros\u2019\u00a0","datePublished":"2021-12-05T14:15:32+00:00","dateModified":"2021-12-20T21:55:12+00:00","mainEntityOfPage":{"@id":"https:\/\/www.fiscalia.gov.co\/colombia\/noticias\/cae-red-narcotraficante-senalada-de-mover-cargamentos-de-cocaina-en-la-modalidad-de-hormigueo-o-mochileros\/"},"wordCount":535,"publisher":{"@id":"https:\/\/www.fiscalia.gov.co\/colombia\/#organization"},"image":{"@id":"https:\/\/www.fiscalia.gov.co\/colombia\/noticias\/cae-red-narcotraficante-senalada-de-mover-cargamentos-de-cocaina-en-la-modalidad-de-hormigueo-o-mochileros\/#primaryimage"},"thumbnailUrl":"https:\/\/www.fiscalia.gov.co\/colombia\/wp-content\/uploads\/maxresdefault-267.jpg","keywords":["Clan del Golfo","Fiscal Francisco Barbosa Delgado","Fiscal General Francisco Barbosa Delgado"],"articleSection":["Narcotr\u00e1fico","Noticias"],"inLanguage":"es-CO"},{"@type":"WebPage","@id":"https:\/\/www.fiscalia.gov.co\/colombia\/noticias\/cae-red-narcotraficante-senalada-de-mover-cargamentos-de-cocaina-en-la-modalidad-de-hormigueo-o-mochileros\/","url":"https:\/\/www.fiscalia.gov.co\/colombia\/noticias\/cae-red-narcotraficante-senalada-de-mover-cargamentos-de-cocaina-en-la-modalidad-de-hormigueo-o-mochileros\/","name":"Fiscal\u00eda General de la Naci\u00f3n","isPartOf":{"@id":"https:\/\/www.fiscalia.gov.co\/colombia\/#website"},"primaryImageOfPage":{"@id":"https:\/\/www.fiscalia.gov.co\/colombia\/noticias\/cae-red-narcotraficante-senalada-de-mover-cargamentos-de-cocaina-en-la-modalidad-de-hormigueo-o-mochileros\/#primaryimage"},"image":{"@id":"https:\/\/www.fiscalia.gov.co\/colombia\/noticias\/cae-red-narcotraficante-senalada-de-mover-cargamentos-de-cocaina-en-la-modalidad-de-hormigueo-o-mochileros\/#primaryimage"},"thumbnailUrl":"https:\/\/www.fiscalia.gov.co\/colombia\/wp-content\/uploads\/maxresdefault-267.jpg","datePublished":"2021-12-05T14:15:32+00:00","dateModified":"2021-12-20T21:55:12+00:00","description":"P\u00e1gina oficial de la Fiscal\u00eda General de la Naci\u00f3n \u2013 Colombia. Garantizamos el acceso efectivo a la justicia, la verdad y la reparaci\u00f3n de las v\u00edctimas de los delitos.","breadcrumb":{"@id":"https:\/\/www.fiscalia.gov.co\/colombia\/noticias\/cae-red-narcotraficante-senalada-de-mover-cargamentos-de-cocaina-en-la-modalidad-de-hormigueo-o-mochileros\/#breadcrumb"},"inLanguage":"es-CO","potentialAction":[{"@type":"ReadAction","target":["https:\/\/www.fiscalia.gov.co\/colombia\/noticias\/cae-red-narcotraficante-senalada-de-mover-cargamentos-de-cocaina-en-la-modalidad-de-hormigueo-o-mochileros\/"]}]},{"@type":"ImageObject","inLanguage":"es-CO","@id":"https:\/\/www.fiscalia.gov.co\/colombia\/noticias\/cae-red-narcotraficante-senalada-de-mover-cargamentos-de-cocaina-en-la-modalidad-de-hormigueo-o-mochileros\/#primaryimage","url":"https:\/\/www.fiscalia.gov.co\/colombia\/wp-content\/uploads\/maxresdefault-267.jpg","contentUrl":"https:\/\/www.fiscalia.gov.co\/colombia\/wp-content\/uploads\/maxresdefault-267.jpg","width":1280,"height":720},{"@type":"BreadcrumbList","@id":"https:\/\/www.fiscalia.gov.co\/colombia\/noticias\/cae-red-narcotraficante-senalada-de-mover-cargamentos-de-cocaina-en-la-modalidad-de-hormigueo-o-mochileros\/#breadcrumb","itemListElement":[{"@type":"ListItem","position":1,"name":"Home","item":"https:\/\/www.fiscalia.gov.co\/colombia\/"},{"@type":"ListItem","position":2,"name":"Cae red narcotraficante se\u00f1alada de mover cargamentos de coca\u00edna en la modalidad de \u2018hormigueo\u2019 o \u2018mochileros\u2019\u00a0"}]},{"@type":"WebSite","@id":"https:\/\/www.fiscalia.gov.co\/colombia\/#website","url":"https:\/\/www.fiscalia.gov.co\/colombia\/","name":"Fiscal\u00eda General de la Naci\u00f3n","description":"P\u00e1gina oficial de la Fiscal\u00eda General de la Naci\u00f3n \u2013 Colombia. Garantizamos el acceso efectivo a la justicia, la verdad y la reparaci\u00f3n de las v\u00edctimas de los delitos.","publisher":{"@id":"https:\/\/www.fiscalia.gov.co\/colombia\/#organization"},"potentialAction":[{"@type":"SearchAction","target":{"@type":"EntryPoint","urlTemplate":"https:\/\/www.fiscalia.gov.co\/colombia\/?s={search_term_string}"},"query-input":{"@type":"PropertyValueSpecification","valueRequired":true,"valueName":"search_term_string"}}],"inLanguage":"es-CO"},{"@type":"Organization","@id":"https:\/\/www.fiscalia.gov.co\/colombia\/#organization","name":"Fiscal\u00eda General de la Naci\u00f3n","url":"https:\/\/www.fiscalia.gov.co\/colombia\/","logo":{"@type":"ImageObject","inLanguage":"es-CO","@id":"https:\/\/www.fiscalia.gov.co\/colombia\/#\/schema\/logo\/image\/","url":"https:\/\/www.fiscalia.gov.co\/colombia\/wp-content\/uploads\/LogoHorizontal_1.jpg","contentUrl":"https:\/\/www.fiscalia.gov.co\/colombia\/wp-content\/uploads\/LogoHorizontal_1.jpg","width":300,"height":90,"caption":"Fiscal\u00eda General de la Naci\u00f3n"},"image":{"@id":"https:\/\/www.fiscalia.gov.co\/colombia\/#\/schema\/logo\/image\/"},"sameAs":["https:\/\/www.facebook.com\/FiscaliaCol","https:\/\/x.com\/FiscaliaCol","https:\/\/www.instagram.com\/fiscaliacol","https:\/\/www.linkedin.com\/company\/fiscalia-general-de-la-naci-n\/","https:\/\/youtube.com\/@fiscaliageneraldelanacion-4668?si=6nN79nyQICPU5iTh"]},{"@type":"Person","@id":"https:\/\/www.fiscalia.gov.co\/colombia\/#\/schema\/person\/2e76b9aba5ecf875ed565ce4de0e0415","name":"Katherine Loaiza Mart\u00ednez","image":{"@type":"ImageObject","inLanguage":"es-CO","@id":"https:\/\/www.fiscalia.gov.co\/colombia\/#\/schema\/person\/image\/","url":"https:\/\/secure.gravatar.com\/avatar\/ab775a2f394c1b83b6d6f78680e57b50?s=96&d=mm&r=g","contentUrl":"https:\/\/secure.gravatar.com\/avatar\/ab775a2f394c1b83b6d6f78680e57b50?s=96&d=mm&r=g","caption":"Katherine Loaiza Mart\u00ednez"},"url":"https:\/\/www.fiscalia.gov.co\/colombia\/author\/kloaiza\/"}]}},"_links":{"self":[{"href":"https:\/\/www.fiscalia.gov.co\/colombia\/wp-json\/wp\/v2\/posts\/236339","targetHints":{"allow":["GET"]}}],"collection":[{"href":"https:\/\/www.fiscalia.gov.co\/colombia\/wp-json\/wp\/v2\/posts"}],"about":[{"href":"https:\/\/www.fiscalia.gov.co\/colombia\/wp-json\/wp\/v2\/types\/post"}],"author":[{"embeddable":true,"href":"https:\/\/www.fiscalia.gov.co\/colombia\/wp-json\/wp\/v2\/users\/175"}],"replies":[{"embeddable":true,"href":"https:\/\/www.fiscalia.gov.co\/colombia\/wp-json\/wp\/v2\/comments?post=236339"}],"version-history":[{"count":1,"href":"https:\/\/www.fiscalia.gov.co\/colombia\/wp-json\/wp\/v2\/posts\/236339\/revisions"}],"predecessor-version":[{"id":236340,"href":"https:\/\/www.fiscalia.gov.co\/colombia\/wp-json\/wp\/v2\/posts\/236339\/revisions\/236340"}],"wp:featuredmedia":[{"embeddable":true,"href":"https:\/\/www.fiscalia.gov.co\/colombia\/wp-json\/wp\/v2\/media\/237267"}],"wp:attachment":[{"href":"https:\/\/www.fiscalia.gov.co\/colombia\/wp-json\/wp\/v2\/media?parent=236339"}],"wp:term":[{"taxonomy":"category","embeddable":true,"href":"https:\/\/www.fiscalia.gov.co\/colombia\/wp-json\/wp\/v2\/categories?post=236339"},{"taxonomy":"post_tag","embeddable":true,"href":"https:\/\/www.fiscalia.gov.co\/colombia\/wp-json\/wp\/v2\/tags?post=236339"}],"curies":[{"name":"wp","href":"https:\/\/api.w.org\/{rel}","templated":true}]}}