{"id":236313,"date":"2021-12-03T16:13:59","date_gmt":"2021-12-03T21:13:59","guid":{"rendered":"https:\/\/www.fiscalia.gov.co\/colombia\/?p=236313"},"modified":"2021-12-03T16:13:59","modified_gmt":"2021-12-03T21:13:59","slug":"privado-de-la-libertad-un-hombre-investigado-por-el-crimen-de-su-companera-sentimental","status":"publish","type":"post","link":"https:\/\/www.fiscalia.gov.co\/colombia\/noticias\/privado-de-la-libertad-un-hombre-investigado-por-el-crimen-de-su-companera-sentimental\/","title":{"rendered":"Privado de la libertad un hombre investigado por el crimen de su compa\u00f1era sentimental\u00a0\u00a0"},"content":{"rendered":"<h4><strong><em>El cuerpo de la v\u00edctima fue hallado en una fosa com\u00fan en inmediaciones de la vivienda de su victimario, con se\u00f1ales de estrangulamiento.\u00a0<\/em>\u00a0<\/strong><\/h4>\n<p style=\"font-weight: 400;\">Al acoger la solicitud de una fiscal de la Unidad de Vida \u2013 Seccional Nari\u00f1o, el juez promiscuo municipal de Buesaco (Nari\u00f1o) con funci\u00f3n de garant\u00edas impuso medida de aseguramiento en centro carcelario a Jefferson Eduardo Urresty, se\u00f1alado como presunto responsable del\u00a0<a href=\"https:\/\/www.fiscalia.gov.co\/colombia\/seccionales\/a-prision-un-hombre-que-no-acepto-cargos-por-el-feminicidio-agravado-de-su-companera-sentimental\/\" data-saferedirecturl=\"https:\/\/www.google.com\/url?q=https:\/\/www.fiscalia.gov.co\/colombia\/seccionales\/a-prision-un-hombre-que-no-acepto-cargos-por-el-feminicidio-agravado-de-su-companera-sentimental\/&amp;source=gmail&amp;ust=1638651420161000&amp;usg=AOvVaw0LmhllW0loRrqBgXK8O6F_\">feminicidio agravado<\/a>\u00a0de su pareja.<\/p>\n<p class=\"mceTemp\">\n<figure id=\"attachment_236314\" aria-describedby=\"caption-attachment-236314\" style=\"width: 1280px\" class=\"wp-caption alignnone\"><img loading=\"lazy\" decoding=\"async\" class=\"size-full wp-image-236314\" src=\"https:\/\/www.fiscalia.gov.co\/colombia\/wp-content\/uploads\/Jefferson-Eduardo-Urresty_feminicidio_Nari\u00f1o.jpeg\" alt=\"\" width=\"1280\" height=\"915\" srcset=\"https:\/\/www.fiscalia.gov.co\/colombia\/wp-content\/uploads\/Jefferson-Eduardo-Urresty_feminicidio_Nari\u00f1o.jpeg 1280w, https:\/\/www.fiscalia.gov.co\/colombia\/wp-content\/uploads\/Jefferson-Eduardo-Urresty_feminicidio_Nari\u00f1o-300x214.jpeg 300w, https:\/\/www.fiscalia.gov.co\/colombia\/wp-content\/uploads\/Jefferson-Eduardo-Urresty_feminicidio_Nari\u00f1o-1024x732.jpeg 1024w, https:\/\/www.fiscalia.gov.co\/colombia\/wp-content\/uploads\/Jefferson-Eduardo-Urresty_feminicidio_Nari\u00f1o-768x549.jpeg 768w, https:\/\/www.fiscalia.gov.co\/colombia\/wp-content\/uploads\/Jefferson-Eduardo-Urresty_feminicidio_Nari\u00f1o-696x498.jpeg 696w, https:\/\/www.fiscalia.gov.co\/colombia\/wp-content\/uploads\/Jefferson-Eduardo-Urresty_feminicidio_Nari\u00f1o-1068x763.jpeg 1068w, https:\/\/www.fiscalia.gov.co\/colombia\/wp-content\/uploads\/Jefferson-Eduardo-Urresty_feminicidio_Nari\u00f1o-588x420.jpeg 588w, https:\/\/www.fiscalia.gov.co\/colombia\/wp-content\/uploads\/Jefferson-Eduardo-Urresty_feminicidio_Nari\u00f1o-100x70.jpeg 100w\" sizes=\"auto, (max-width: 1280px) 100vw, 1280px\" \/><figcaption id=\"caption-attachment-236314\" class=\"wp-caption-text\">Jefferson Eduardo Urresty fue enviado a la c\u00e1rcel por su presunta responsabilidad en la muerte de su compa\u00f1era sentimental, cuyo cuerpo fue hallado en una fosa com\u00fan.<span style=\"color: #222222; font-size: 15px;\">\u00a0\u00a0<\/span><\/figcaption><\/figure>\n<p style=\"font-weight: 400;\">De acuerdo con la investigaci\u00f3n del ente acusador, los hechos ocurrieron en la vereda M\u00e9nese, corregimiento de Villa Moreno, zona rural de\u00a0<strong>Buesaco<\/strong>, el pasado 19 de noviembre, cuando fue reportada la desaparici\u00f3n de Ana Luc\u00eda Mart\u00ednez D\u00edaz, quien habr\u00eda avisado sobre su encuentro con Esteban Urresty.<\/p>\n<p style=\"font-weight: 400;\">Posteriormente, el cuerpo de Mart\u00ednez D\u00edaz fue hallado en una fosa clandestina en inmediaciones de la vivienda que ocupaba el hoy asegurado. Seg\u00fan la inspecci\u00f3n preliminar al cuerpo, practicada por peritos forenses del Cuerpo T\u00e9cnico de Investigaci\u00f3n (CTI), el cad\u00e1ver presentaba\u00a0<a href=\"https:\/\/www.fiscalia.gov.co\/colombia\/noticias\/a-la-carcel-hombre-investigado-por-el-homicidio-de-su-exnovia-menor-de-edad\/\" data-saferedirecturl=\"https:\/\/www.google.com\/url?q=https:\/\/www.fiscalia.gov.co\/colombia\/noticias\/a-la-carcel-hombre-investigado-por-el-homicidio-de-su-exnovia-menor-de-edad\/&amp;source=gmail&amp;ust=1638651420161000&amp;usg=AOvVaw0Vdkh5-mk5vRUMxRBx-kbw\">se\u00f1ales de estrangulamiento<\/a>\u00a0alrededor de su cuello, situaci\u00f3n que fue confirmada por el dictamen de\u00a0<strong>Medicina Legal.<\/strong><\/p>\n<p style=\"font-weight: 400;\">Las evidencias recaudadas por la Fiscal\u00eda permitieron establecer que, desde hac\u00eda varios meses, Ana Luc\u00eda Mart\u00ednez era objeto de\u00a0<strong>maltrato verbal, psicol\u00f3gico y f\u00edsico<\/strong>, presuntamente por parte de su compa\u00f1ero sentimental.<\/p>\n<p style=\"font-weight: 400;\">Al parecer, a trav\u00e9s de mensajes de WhatsApp, el procesado les ped\u00eda dinero a familiares de la v\u00edctima para su sostenimiento, cuando en realidad la mujer ya hab\u00eda sido asesinada.<\/p>\n<p style=\"font-weight: 400;\">Por estos hechos, servidores del\u00a0<strong>CTI<\/strong>\u00a0y agentes de la\u00a0<strong>Polic\u00eda Nacional<\/strong> capturaron mediante orden judicial al hoy investigado.<\/p>\n<p style=\"font-weight: 400;\">La Seccional Nari\u00f1o ha logrado avances importantes en la investigaci\u00f3n de fen\u00f3menos de alto impacto como el feminicidio, a trav\u00e9s de las estrategias de prevenci\u00f3n y judicializaci\u00f3n de los presuntos responsables. Frente a ello, se tiene un avance de esclarecimiento del 100% en los 10 casos ocurridos durante 2021, entre ellos los 5 priorizados.<\/p>\n<p style=\"font-weight: 400;\">La Fiscal\u00eda habla con resultados<\/p>\n<p style=\"font-weight: 400;\">JGPV\/LV\/DLBM.<\/p>\n<p style=\"font-weight: 400;\"><em>La informaci\u00f3n contenida en este bolet\u00edn de prensa corresponde a la narraci\u00f3n de los hechos noticiosos objetivos, suministrados por los funcionarios encargados de adelantar las investigaciones penales al interior de la Fiscal\u00eda General de la Naci\u00f3n. Para el momento de la divulgaci\u00f3n de este comunicado, la situaci\u00f3n jur\u00eddica de la(s) persona(s) relacionada(s) se encuentra pendiente de resolver por la autoridad judicial competente, siempre bajo los preceptos de la presunci\u00f3n de inocencia, consagrados en el art\u00edculo 29 de la Constituci\u00f3n Pol\u00edtica y el art\u00edculo 7\u00ba de la Ley 906 de 2004\u00a0<\/em><strong>\u00a0<\/strong><\/p>\n<p style=\"font-weight: 400;\">Le puede interesar:\u00a0<strong><a href=\"https:\/\/www.fiscalia.gov.co\/colombia\/noticias\/carcel-para-un-hombre-que-habria-asesinado-a-su-companera-sentimental-embarazada-en-sandona-narino\/\" data-saferedirecturl=\"https:\/\/www.google.com\/url?q=https:\/\/www.fiscalia.gov.co\/colombia\/noticias\/carcel-para-un-hombre-que-habria-asesinado-a-su-companera-sentimental-embarazada-en-sandona-narino\/&amp;source=gmail&amp;ust=1638651420161000&amp;usg=AOvVaw2fL2BBHfxgm64q9q5UsnAP\">C\u00e1rcel para un hombre que habr\u00eda asesinado a su compa\u00f1era sentimental embarazada en Sandon\u00e1 (Nari\u00f1o)\u00a0<\/a><\/strong>\u00a0<strong>\u00a0<\/strong><\/p>\n<p style=\"font-weight: 400;\"><strong>\u00a0<\/strong><strong>\u00a0<\/strong><\/p>\n<p style=\"font-weight: 400;\">\n<p style=\"font-weight: 400;\">\n\n<div class=\"twitter-share\"><a href=\"https:\/\/twitter.com\/intent\/tweet?via=fiscaliacol\" class=\"twitter-share-button\">Tweet<\/a><\/div>\n","protected":false},"excerpt":{"rendered":"<p>El cuerpo de la v\u00edctima fue hallado en una fosa com\u00fan en inmediaciones de la vivienda de su victimario, con se\u00f1ales de estrangulamiento.\u00a0\u00a0 Al acoger la solicitud de una fiscal [&hellip;]<\/p>\n","protected":false},"author":176,"featured_media":0,"comment_status":"closed","ping_status":"open","sticky":false,"template":"","format":"standard","meta":{"tdm_status":"","tdm_grid_status":"","footnotes":""},"categories":[1,334,303],"tags":[14729,24526,24481,1047,29768],"class_list":["post-236313","post","type-post","status-publish","format-standard","category-noticias","category-seccional-pasto","category-seccionales","tag-feminicidio-agravado","tag-fiscal-general-francisco-barbosa-delgado","tag-fiscalia-de-colombia","tag-fiscalia-general-de-la-nacion","tag-senales-de-estrangulamiento"],"yoast_head":"<!-- This site is optimized with the Yoast SEO plugin v24.3 - https:\/\/yoast.com\/wordpress\/plugins\/seo\/ -->\n<title>Fiscal\u00eda General de la Naci\u00f3n<\/title>\n<meta name=\"description\" content=\"P\u00e1gina oficial de la Fiscal\u00eda General de la Naci\u00f3n \u2013 Colombia. Garantizamos el acceso efectivo a la justicia, la verdad y la reparaci\u00f3n de las v\u00edctimas de los delitos.\" \/>\n<meta name=\"robots\" content=\"noindex, follow\" \/>\n<meta property=\"og:locale\" content=\"es_ES\" \/>\n<meta property=\"og:type\" content=\"article\" \/>\n<meta property=\"og:title\" content=\"Fiscal\u00eda General de la Naci\u00f3n\" \/>\n<meta property=\"og:description\" content=\"P\u00e1gina oficial de la Fiscal\u00eda General de la Naci\u00f3n \u2013 Colombia. Garantizamos el acceso efectivo a la justicia, la verdad y la reparaci\u00f3n de las v\u00edctimas de los delitos.\" \/>\n<meta property=\"og:url\" content=\"https:\/\/www.fiscalia.gov.co\/colombia\/noticias\/privado-de-la-libertad-un-hombre-investigado-por-el-crimen-de-su-companera-sentimental\/\" \/>\n<meta property=\"og:site_name\" content=\"Fiscal\u00eda General de la Naci\u00f3n\" \/>\n<meta property=\"article:publisher\" content=\"https:\/\/www.facebook.com\/FiscaliaCol\" \/>\n<meta property=\"article:published_time\" content=\"2021-12-03T21:13:59+00:00\" \/>\n<meta name=\"author\" content=\"Johanna Black Prieto Pe\u00f1a\" \/>\n<meta name=\"twitter:card\" content=\"summary_large_image\" \/>\n<meta name=\"twitter:creator\" content=\"@FiscaliaCol\" \/>\n<meta name=\"twitter:site\" content=\"@FiscaliaCol\" \/>\n<meta name=\"twitter:label1\" content=\"Escrito por\" \/>\n\t<meta name=\"twitter:data1\" content=\"Johanna Black Prieto Pe\u00f1a\" \/>\n\t<meta name=\"twitter:label2\" content=\"Tiempo de lectura\" \/>\n\t<meta name=\"twitter:data2\" content=\"3 minutos\" \/>\n<script type=\"application\/ld+json\" class=\"yoast-schema-graph\">{\"@context\":\"https:\/\/schema.org\",\"@graph\":[{\"@type\":\"Article\",\"@id\":\"https:\/\/www.fiscalia.gov.co\/colombia\/noticias\/privado-de-la-libertad-un-hombre-investigado-por-el-crimen-de-su-companera-sentimental\/#article\",\"isPartOf\":{\"@id\":\"https:\/\/www.fiscalia.gov.co\/colombia\/noticias\/privado-de-la-libertad-un-hombre-investigado-por-el-crimen-de-su-companera-sentimental\/\"},\"author\":{\"name\":\"Johanna Black Prieto Pe\u00f1a\",\"@id\":\"https:\/\/www.fiscalia.gov.co\/colombia\/#\/schema\/person\/b19b49f26569f91393176a2b3d13a0e5\"},\"headline\":\"Privado de la libertad un hombre investigado por el crimen de su compa\u00f1era sentimental\u00a0\u00a0\",\"datePublished\":\"2021-12-03T21:13:59+00:00\",\"dateModified\":\"2021-12-03T21:13:59+00:00\",\"mainEntityOfPage\":{\"@id\":\"https:\/\/www.fiscalia.gov.co\/colombia\/noticias\/privado-de-la-libertad-un-hombre-investigado-por-el-crimen-de-su-companera-sentimental\/\"},\"wordCount\":530,\"publisher\":{\"@id\":\"https:\/\/www.fiscalia.gov.co\/colombia\/#organization\"},\"keywords\":[\"Feminicidio agravado\",\"Fiscal General Francisco Barbosa Delgado\",\"Fiscal\u00eda de Colombia\",\"Fiscal\u00eda General de la Naci\u00f3n\",\"se\u00f1ales de estrangulamiento\"],\"articleSection\":[\"Noticias\",\"Seccional Pasto\",\"Seccionales\"],\"inLanguage\":\"es-CO\"},{\"@type\":\"WebPage\",\"@id\":\"https:\/\/www.fiscalia.gov.co\/colombia\/noticias\/privado-de-la-libertad-un-hombre-investigado-por-el-crimen-de-su-companera-sentimental\/\",\"url\":\"https:\/\/www.fiscalia.gov.co\/colombia\/noticias\/privado-de-la-libertad-un-hombre-investigado-por-el-crimen-de-su-companera-sentimental\/\",\"name\":\"Fiscal\u00eda General de la Naci\u00f3n\",\"isPartOf\":{\"@id\":\"https:\/\/www.fiscalia.gov.co\/colombia\/#website\"},\"datePublished\":\"2021-12-03T21:13:59+00:00\",\"dateModified\":\"2021-12-03T21:13:59+00:00\",\"description\":\"P\u00e1gina oficial de la Fiscal\u00eda General de la Naci\u00f3n \u2013 Colombia. Garantizamos el acceso efectivo a la justicia, la verdad y la reparaci\u00f3n de las v\u00edctimas de los delitos.\",\"breadcrumb\":{\"@id\":\"https:\/\/www.fiscalia.gov.co\/colombia\/noticias\/privado-de-la-libertad-un-hombre-investigado-por-el-crimen-de-su-companera-sentimental\/#breadcrumb\"},\"inLanguage\":\"es-CO\",\"potentialAction\":[{\"@type\":\"ReadAction\",\"target\":[\"https:\/\/www.fiscalia.gov.co\/colombia\/noticias\/privado-de-la-libertad-un-hombre-investigado-por-el-crimen-de-su-companera-sentimental\/\"]}]},{\"@type\":\"BreadcrumbList\",\"@id\":\"https:\/\/www.fiscalia.gov.co\/colombia\/noticias\/privado-de-la-libertad-un-hombre-investigado-por-el-crimen-de-su-companera-sentimental\/#breadcrumb\",\"itemListElement\":[{\"@type\":\"ListItem\",\"position\":1,\"name\":\"Home\",\"item\":\"https:\/\/www.fiscalia.gov.co\/colombia\/\"},{\"@type\":\"ListItem\",\"position\":2,\"name\":\"Privado de la libertad un hombre investigado por el crimen de su compa\u00f1era sentimental\u00a0\u00a0\"}]},{\"@type\":\"WebSite\",\"@id\":\"https:\/\/www.fiscalia.gov.co\/colombia\/#website\",\"url\":\"https:\/\/www.fiscalia.gov.co\/colombia\/\",\"name\":\"Fiscal\u00eda General de la Naci\u00f3n\",\"description\":\"P\u00e1gina oficial de la Fiscal\u00eda General de la Naci\u00f3n \u2013 Colombia. Garantizamos el acceso efectivo a la justicia, la verdad y la reparaci\u00f3n de las v\u00edctimas de los delitos.\",\"publisher\":{\"@id\":\"https:\/\/www.fiscalia.gov.co\/colombia\/#organization\"},\"potentialAction\":[{\"@type\":\"SearchAction\",\"target\":{\"@type\":\"EntryPoint\",\"urlTemplate\":\"https:\/\/www.fiscalia.gov.co\/colombia\/?s={search_term_string}\"},\"query-input\":{\"@type\":\"PropertyValueSpecification\",\"valueRequired\":true,\"valueName\":\"search_term_string\"}}],\"inLanguage\":\"es-CO\"},{\"@type\":\"Organization\",\"@id\":\"https:\/\/www.fiscalia.gov.co\/colombia\/#organization\",\"name\":\"Fiscal\u00eda General de la Naci\u00f3n\",\"url\":\"https:\/\/www.fiscalia.gov.co\/colombia\/\",\"logo\":{\"@type\":\"ImageObject\",\"inLanguage\":\"es-CO\",\"@id\":\"https:\/\/www.fiscalia.gov.co\/colombia\/#\/schema\/logo\/image\/\",\"url\":\"https:\/\/www.fiscalia.gov.co\/colombia\/wp-content\/uploads\/LogoHorizontal_1.jpg\",\"contentUrl\":\"https:\/\/www.fiscalia.gov.co\/colombia\/wp-content\/uploads\/LogoHorizontal_1.jpg\",\"width\":300,\"height\":90,\"caption\":\"Fiscal\u00eda General de la Naci\u00f3n\"},\"image\":{\"@id\":\"https:\/\/www.fiscalia.gov.co\/colombia\/#\/schema\/logo\/image\/\"},\"sameAs\":[\"https:\/\/www.facebook.com\/FiscaliaCol\",\"https:\/\/x.com\/FiscaliaCol\",\"https:\/\/www.instagram.com\/fiscaliacol\",\"https:\/\/www.linkedin.com\/company\/fiscalia-general-de-la-naci-n\/\",\"https:\/\/youtube.com\/@fiscaliageneraldelanacion-4668?si=6nN79nyQICPU5iTh\"]},{\"@type\":\"Person\",\"@id\":\"https:\/\/www.fiscalia.gov.co\/colombia\/#\/schema\/person\/b19b49f26569f91393176a2b3d13a0e5\",\"name\":\"Johanna Black Prieto Pe\u00f1a\",\"image\":{\"@type\":\"ImageObject\",\"inLanguage\":\"es-CO\",\"@id\":\"https:\/\/www.fiscalia.gov.co\/colombia\/#\/schema\/person\/image\/\",\"url\":\"https:\/\/secure.gravatar.com\/avatar\/7f04518e1774335e76d761d76f04003e?s=96&d=mm&r=g\",\"contentUrl\":\"https:\/\/secure.gravatar.com\/avatar\/7f04518e1774335e76d761d76f04003e?s=96&d=mm&r=g\",\"caption\":\"Johanna Black Prieto Pe\u00f1a\"},\"url\":\"https:\/\/www.fiscalia.gov.co\/colombia\/author\/jprieto\/\"}]}<\/script>\n<!-- \/ Yoast SEO plugin. -->","yoast_head_json":{"title":"Fiscal\u00eda General de la Naci\u00f3n","description":"P\u00e1gina oficial de la Fiscal\u00eda General de la Naci\u00f3n \u2013 Colombia. Garantizamos el acceso efectivo a la justicia, la verdad y la reparaci\u00f3n de las v\u00edctimas de los delitos.","robots":{"index":"noindex","follow":"follow"},"og_locale":"es_ES","og_type":"article","og_title":"Fiscal\u00eda General de la Naci\u00f3n","og_description":"P\u00e1gina oficial de la Fiscal\u00eda General de la Naci\u00f3n \u2013 Colombia. Garantizamos el acceso efectivo a la justicia, la verdad y la reparaci\u00f3n de las v\u00edctimas de los delitos.","og_url":"https:\/\/www.fiscalia.gov.co\/colombia\/noticias\/privado-de-la-libertad-un-hombre-investigado-por-el-crimen-de-su-companera-sentimental\/","og_site_name":"Fiscal\u00eda General de la Naci\u00f3n","article_publisher":"https:\/\/www.facebook.com\/FiscaliaCol","article_published_time":"2021-12-03T21:13:59+00:00","author":"Johanna Black Prieto Pe\u00f1a","twitter_card":"summary_large_image","twitter_creator":"@FiscaliaCol","twitter_site":"@FiscaliaCol","twitter_misc":{"Escrito por":"Johanna Black Prieto Pe\u00f1a","Tiempo de lectura":"3 minutos"},"schema":{"@context":"https:\/\/schema.org","@graph":[{"@type":"Article","@id":"https:\/\/www.fiscalia.gov.co\/colombia\/noticias\/privado-de-la-libertad-un-hombre-investigado-por-el-crimen-de-su-companera-sentimental\/#article","isPartOf":{"@id":"https:\/\/www.fiscalia.gov.co\/colombia\/noticias\/privado-de-la-libertad-un-hombre-investigado-por-el-crimen-de-su-companera-sentimental\/"},"author":{"name":"Johanna Black Prieto Pe\u00f1a","@id":"https:\/\/www.fiscalia.gov.co\/colombia\/#\/schema\/person\/b19b49f26569f91393176a2b3d13a0e5"},"headline":"Privado de la libertad un hombre investigado por el crimen de su compa\u00f1era sentimental\u00a0\u00a0","datePublished":"2021-12-03T21:13:59+00:00","dateModified":"2021-12-03T21:13:59+00:00","mainEntityOfPage":{"@id":"https:\/\/www.fiscalia.gov.co\/colombia\/noticias\/privado-de-la-libertad-un-hombre-investigado-por-el-crimen-de-su-companera-sentimental\/"},"wordCount":530,"publisher":{"@id":"https:\/\/www.fiscalia.gov.co\/colombia\/#organization"},"keywords":["Feminicidio agravado","Fiscal General Francisco Barbosa Delgado","Fiscal\u00eda de Colombia","Fiscal\u00eda General de la Naci\u00f3n","se\u00f1ales de estrangulamiento"],"articleSection":["Noticias","Seccional Pasto","Seccionales"],"inLanguage":"es-CO"},{"@type":"WebPage","@id":"https:\/\/www.fiscalia.gov.co\/colombia\/noticias\/privado-de-la-libertad-un-hombre-investigado-por-el-crimen-de-su-companera-sentimental\/","url":"https:\/\/www.fiscalia.gov.co\/colombia\/noticias\/privado-de-la-libertad-un-hombre-investigado-por-el-crimen-de-su-companera-sentimental\/","name":"Fiscal\u00eda General de la Naci\u00f3n","isPartOf":{"@id":"https:\/\/www.fiscalia.gov.co\/colombia\/#website"},"datePublished":"2021-12-03T21:13:59+00:00","dateModified":"2021-12-03T21:13:59+00:00","description":"P\u00e1gina oficial de la Fiscal\u00eda General de la Naci\u00f3n \u2013 Colombia. Garantizamos el acceso efectivo a la justicia, la verdad y la reparaci\u00f3n de las v\u00edctimas de los delitos.","breadcrumb":{"@id":"https:\/\/www.fiscalia.gov.co\/colombia\/noticias\/privado-de-la-libertad-un-hombre-investigado-por-el-crimen-de-su-companera-sentimental\/#breadcrumb"},"inLanguage":"es-CO","potentialAction":[{"@type":"ReadAction","target":["https:\/\/www.fiscalia.gov.co\/colombia\/noticias\/privado-de-la-libertad-un-hombre-investigado-por-el-crimen-de-su-companera-sentimental\/"]}]},{"@type":"BreadcrumbList","@id":"https:\/\/www.fiscalia.gov.co\/colombia\/noticias\/privado-de-la-libertad-un-hombre-investigado-por-el-crimen-de-su-companera-sentimental\/#breadcrumb","itemListElement":[{"@type":"ListItem","position":1,"name":"Home","item":"https:\/\/www.fiscalia.gov.co\/colombia\/"},{"@type":"ListItem","position":2,"name":"Privado de la libertad un hombre investigado por el crimen de su compa\u00f1era sentimental\u00a0\u00a0"}]},{"@type":"WebSite","@id":"https:\/\/www.fiscalia.gov.co\/colombia\/#website","url":"https:\/\/www.fiscalia.gov.co\/colombia\/","name":"Fiscal\u00eda General de la Naci\u00f3n","description":"P\u00e1gina oficial de la Fiscal\u00eda General de la Naci\u00f3n \u2013 Colombia. Garantizamos el acceso efectivo a la justicia, la verdad y la reparaci\u00f3n de las v\u00edctimas de los delitos.","publisher":{"@id":"https:\/\/www.fiscalia.gov.co\/colombia\/#organization"},"potentialAction":[{"@type":"SearchAction","target":{"@type":"EntryPoint","urlTemplate":"https:\/\/www.fiscalia.gov.co\/colombia\/?s={search_term_string}"},"query-input":{"@type":"PropertyValueSpecification","valueRequired":true,"valueName":"search_term_string"}}],"inLanguage":"es-CO"},{"@type":"Organization","@id":"https:\/\/www.fiscalia.gov.co\/colombia\/#organization","name":"Fiscal\u00eda General de la Naci\u00f3n","url":"https:\/\/www.fiscalia.gov.co\/colombia\/","logo":{"@type":"ImageObject","inLanguage":"es-CO","@id":"https:\/\/www.fiscalia.gov.co\/colombia\/#\/schema\/logo\/image\/","url":"https:\/\/www.fiscalia.gov.co\/colombia\/wp-content\/uploads\/LogoHorizontal_1.jpg","contentUrl":"https:\/\/www.fiscalia.gov.co\/colombia\/wp-content\/uploads\/LogoHorizontal_1.jpg","width":300,"height":90,"caption":"Fiscal\u00eda General de la Naci\u00f3n"},"image":{"@id":"https:\/\/www.fiscalia.gov.co\/colombia\/#\/schema\/logo\/image\/"},"sameAs":["https:\/\/www.facebook.com\/FiscaliaCol","https:\/\/x.com\/FiscaliaCol","https:\/\/www.instagram.com\/fiscaliacol","https:\/\/www.linkedin.com\/company\/fiscalia-general-de-la-naci-n\/","https:\/\/youtube.com\/@fiscaliageneraldelanacion-4668?si=6nN79nyQICPU5iTh"]},{"@type":"Person","@id":"https:\/\/www.fiscalia.gov.co\/colombia\/#\/schema\/person\/b19b49f26569f91393176a2b3d13a0e5","name":"Johanna Black Prieto Pe\u00f1a","image":{"@type":"ImageObject","inLanguage":"es-CO","@id":"https:\/\/www.fiscalia.gov.co\/colombia\/#\/schema\/person\/image\/","url":"https:\/\/secure.gravatar.com\/avatar\/7f04518e1774335e76d761d76f04003e?s=96&d=mm&r=g","contentUrl":"https:\/\/secure.gravatar.com\/avatar\/7f04518e1774335e76d761d76f04003e?s=96&d=mm&r=g","caption":"Johanna Black Prieto Pe\u00f1a"},"url":"https:\/\/www.fiscalia.gov.co\/colombia\/author\/jprieto\/"}]}},"_links":{"self":[{"href":"https:\/\/www.fiscalia.gov.co\/colombia\/wp-json\/wp\/v2\/posts\/236313","targetHints":{"allow":["GET"]}}],"collection":[{"href":"https:\/\/www.fiscalia.gov.co\/colombia\/wp-json\/wp\/v2\/posts"}],"about":[{"href":"https:\/\/www.fiscalia.gov.co\/colombia\/wp-json\/wp\/v2\/types\/post"}],"author":[{"embeddable":true,"href":"https:\/\/www.fiscalia.gov.co\/colombia\/wp-json\/wp\/v2\/users\/176"}],"replies":[{"embeddable":true,"href":"https:\/\/www.fiscalia.gov.co\/colombia\/wp-json\/wp\/v2\/comments?post=236313"}],"version-history":[{"count":1,"href":"https:\/\/www.fiscalia.gov.co\/colombia\/wp-json\/wp\/v2\/posts\/236313\/revisions"}],"predecessor-version":[{"id":236315,"href":"https:\/\/www.fiscalia.gov.co\/colombia\/wp-json\/wp\/v2\/posts\/236313\/revisions\/236315"}],"wp:attachment":[{"href":"https:\/\/www.fiscalia.gov.co\/colombia\/wp-json\/wp\/v2\/media?parent=236313"}],"wp:term":[{"taxonomy":"category","embeddable":true,"href":"https:\/\/www.fiscalia.gov.co\/colombia\/wp-json\/wp\/v2\/categories?post=236313"},{"taxonomy":"post_tag","embeddable":true,"href":"https:\/\/www.fiscalia.gov.co\/colombia\/wp-json\/wp\/v2\/tags?post=236313"}],"curies":[{"name":"wp","href":"https:\/\/api.w.org\/{rel}","templated":true}]}}