{"id":236225,"date":"2021-12-03T09:46:16","date_gmt":"2021-12-03T14:46:16","guid":{"rendered":"https:\/\/www.fiscalia.gov.co\/colombia\/?p=236225"},"modified":"2021-12-16T16:55:07","modified_gmt":"2021-12-16T21:55:07","slug":"golpe-estructural-a-red-criminal-senalada-de-coordinar-la-salida-de-los-cargamentos-de-estupefacientes-del-clan-del-golfo-en-el-pacifico-chocoano","status":"publish","type":"post","link":"https:\/\/www.fiscalia.gov.co\/colombia\/noticias\/golpe-estructural-a-red-criminal-senalada-de-coordinar-la-salida-de-los-cargamentos-de-estupefacientes-del-clan-del-golfo-en-el-pacifico-chocoano\/","title":{"rendered":"Golpe estructural a red criminal se\u00f1alada de coordinar la salida de los cargamentos de estupefacientes del \u2018Clan del Golfo\u2019 en el Pac\u00edfico chocoano"},"content":{"rendered":"<h4><strong><em>11 personas fueron capturadas y judicializadas. Estar\u00edan involucradas en el env\u00edo de coca\u00edna a Centroam\u00e9rica y Estados Unidos.<\/em><\/strong><\/h4>\n<p>La Fiscal\u00eda General de la Naci\u00f3n logr\u00f3 la judicializaci\u00f3n de 11 supuestos integrantes de una estructura narcotraficante, que tendr\u00eda nexos con el \u2018Clan del Golfo\u2019 y ser\u00eda la encargada de coordinar la salida de los cargamentos de coca\u00edna a Panam\u00e1, Costa Rica y Guatemala.<\/p>\n<p>Las investigaciones permitieron conocer que esta red ilegal, al parecer, contactaba lancheros y les pagaban para que llevaran los alijos camuflados entre v\u00edveres, combustibles o turistas De esta forma, intentaban evadir los controles de las autoridades.<\/p>\n<p>Las personas que estar\u00edan involucradas en esta actividad fueron capturadas en diligencias de registro y allanamiento realizadas, en articulaci\u00f3n con el CTI, la Armada Nacional y la Fuerza A\u00e9rea Colombiana, en Medell\u00edn (Antioquia); Quibd\u00f3, Bah\u00eda Solano y Bah\u00eda Cupica (Choc\u00f3).<\/p>\n<p>Un fiscal de la Direcci\u00f3n Especializada contra el Narcotr\u00e1fico imput\u00f3 a los detenidos los delitos de tr\u00e1fico, fabricaci\u00f3n o porte de estupefacientes; y concierto para delinquir con fines de narcotr\u00e1fico. Los procesado recibieron medida de aseguramiento privativa de la libertad en centro carcelario.<\/p>\n<p><strong><u>Andamiaje criminal<\/u><\/strong><\/p>\n<p>El material de prueba permiti\u00f3 conocer los roles que cumpl\u00edan los presuntos integrantes de esta red narcotraficante. Sobresalen, William Antonio Potes Blanquicet, alias Ingo, quien ser\u00eda el principal financiador y responsable de adquirir la sustancia estupefaciente.<\/p>\n<p>De otra parte, est\u00e1n el hermano y los primos de alias Ingo, entre otros supuestos encargados de la log\u00edstica y la salida del estupefaciente en lanchas r\u00e1pidas, ellos fueron identificados como: \u00d3scar Alberto Potes Blanquiceth, alias Cuco; Freddy Ra\u00fal Blanquiceth Mosquera, alias Venado; \u00d3scar Arroyo Ru\u00edz, alias Gael; Y\u00e9ferson Ortiz Salazar, alias Mello; y Sergio Leandro Vargas L\u00f3pez, alias Cupique\u00f1o.<\/p>\n<p>Los dem\u00e1s procesados, al parecer, se encargaban de la b\u00fasqueda de los lancheros y de mantener los contactos con los cabecillas del \u2018Clan del Golfo\u2019.<\/p>\n<p>A esta organizaci\u00f3n ilegal le han sido incautados dos toneladas de coca\u00edna y capturados cuatro presuntos trasportadores.<\/p>\n<p>Esta informaci\u00f3n se publica por razones de inter\u00e9s general.<\/p>\n<p>LMBG\/JARG\/DECN\/MRC.<\/p>\n<p><strong>La Fiscal\u00eda habla con resultados.<\/strong><\/p>\n\n<div class=\"twitter-share\"><a href=\"https:\/\/twitter.com\/intent\/tweet?via=fiscaliacol\" class=\"twitter-share-button\">Tweet<\/a><\/div>\n","protected":false},"excerpt":{"rendered":"<p>11 personas fueron capturadas y judicializadas. Estar\u00edan involucradas en el env\u00edo de coca\u00edna a Centroam\u00e9rica y Estados Unidos. La Fiscal\u00eda General de la Naci\u00f3n logr\u00f3 la judicializaci\u00f3n de 11 supuestos [&hellip;]<\/p>\n","protected":false},"author":176,"featured_media":237130,"comment_status":"closed","ping_status":"open","sticky":false,"template":"","format":"video","meta":{"tdm_status":"","tdm_grid_status":"","footnotes":""},"categories":[1,321,303],"tags":[24185,24401,24189,78,1047],"class_list":["post-236225","post","type-post","status-publish","format-video","has-post-thumbnail","category-noticias","category-seccional-bogota","category-seccionales","tag-fiscal-barbosa","tag-fiscal-barbosa-delgado","tag-fiscal-francisco-barbosa-delgado","tag-fiscal-general-de-la-nacion","tag-fiscalia-general-de-la-nacion","post_format-post-format-video"],"yoast_head":"<!-- This site is optimized with the Yoast SEO plugin v24.3 - https:\/\/yoast.com\/wordpress\/plugins\/seo\/ -->\n<title>Fiscal\u00eda General de la Naci\u00f3n<\/title>\n<meta name=\"description\" content=\"P\u00e1gina oficial de la Fiscal\u00eda General de la Naci\u00f3n \u2013 Colombia. Garantizamos el acceso efectivo a la justicia, la verdad y la reparaci\u00f3n de las v\u00edctimas de los delitos.\" \/>\n<meta name=\"robots\" content=\"noindex, follow\" \/>\n<meta property=\"og:locale\" content=\"es_ES\" \/>\n<meta property=\"og:type\" content=\"article\" \/>\n<meta property=\"og:title\" content=\"Fiscal\u00eda General de la Naci\u00f3n\" \/>\n<meta property=\"og:description\" content=\"P\u00e1gina oficial de la Fiscal\u00eda General de la Naci\u00f3n \u2013 Colombia. Garantizamos el acceso efectivo a la justicia, la verdad y la reparaci\u00f3n de las v\u00edctimas de los delitos.\" \/>\n<meta property=\"og:url\" content=\"https:\/\/www.fiscalia.gov.co\/colombia\/noticias\/golpe-estructural-a-red-criminal-senalada-de-coordinar-la-salida-de-los-cargamentos-de-estupefacientes-del-clan-del-golfo-en-el-pacifico-chocoano\/\" \/>\n<meta property=\"og:site_name\" content=\"Fiscal\u00eda General de la Naci\u00f3n\" \/>\n<meta property=\"article:publisher\" content=\"https:\/\/www.facebook.com\/FiscaliaCol\" \/>\n<meta property=\"article:published_time\" content=\"2021-12-03T14:46:16+00:00\" \/>\n<meta property=\"article:modified_time\" content=\"2021-12-16T21:55:07+00:00\" \/>\n<meta property=\"og:image\" content=\"https:\/\/www.fiscalia.gov.co\/colombia\/wp-content\/uploads\/maxresdefault-259.jpg\" \/>\n\t<meta property=\"og:image:width\" content=\"1280\" \/>\n\t<meta property=\"og:image:height\" content=\"720\" \/>\n\t<meta property=\"og:image:type\" content=\"image\/jpeg\" \/>\n<meta name=\"author\" content=\"Johanna Black Prieto Pe\u00f1a\" \/>\n<meta name=\"twitter:card\" content=\"summary_large_image\" \/>\n<meta name=\"twitter:creator\" content=\"@FiscaliaCol\" \/>\n<meta name=\"twitter:site\" content=\"@FiscaliaCol\" \/>\n<meta name=\"twitter:label1\" content=\"Escrito por\" \/>\n\t<meta name=\"twitter:data1\" content=\"Johanna Black Prieto Pe\u00f1a\" \/>\n\t<meta name=\"twitter:label2\" content=\"Tiempo de lectura\" \/>\n\t<meta name=\"twitter:data2\" content=\"2 minutos\" \/>\n<script type=\"application\/ld+json\" class=\"yoast-schema-graph\">{\"@context\":\"https:\/\/schema.org\",\"@graph\":[{\"@type\":\"Article\",\"@id\":\"https:\/\/www.fiscalia.gov.co\/colombia\/noticias\/golpe-estructural-a-red-criminal-senalada-de-coordinar-la-salida-de-los-cargamentos-de-estupefacientes-del-clan-del-golfo-en-el-pacifico-chocoano\/#article\",\"isPartOf\":{\"@id\":\"https:\/\/www.fiscalia.gov.co\/colombia\/noticias\/golpe-estructural-a-red-criminal-senalada-de-coordinar-la-salida-de-los-cargamentos-de-estupefacientes-del-clan-del-golfo-en-el-pacifico-chocoano\/\"},\"author\":{\"name\":\"Johanna Black Prieto Pe\u00f1a\",\"@id\":\"https:\/\/www.fiscalia.gov.co\/colombia\/#\/schema\/person\/b19b49f26569f91393176a2b3d13a0e5\"},\"headline\":\"Golpe estructural a red criminal se\u00f1alada de coordinar la salida de los cargamentos de estupefacientes del \u2018Clan del Golfo\u2019 en el Pac\u00edfico chocoano\",\"datePublished\":\"2021-12-03T14:46:16+00:00\",\"dateModified\":\"2021-12-16T21:55:07+00:00\",\"mainEntityOfPage\":{\"@id\":\"https:\/\/www.fiscalia.gov.co\/colombia\/noticias\/golpe-estructural-a-red-criminal-senalada-de-coordinar-la-salida-de-los-cargamentos-de-estupefacientes-del-clan-del-golfo-en-el-pacifico-chocoano\/\"},\"wordCount\":401,\"publisher\":{\"@id\":\"https:\/\/www.fiscalia.gov.co\/colombia\/#organization\"},\"image\":{\"@id\":\"https:\/\/www.fiscalia.gov.co\/colombia\/noticias\/golpe-estructural-a-red-criminal-senalada-de-coordinar-la-salida-de-los-cargamentos-de-estupefacientes-del-clan-del-golfo-en-el-pacifico-chocoano\/#primaryimage\"},\"thumbnailUrl\":\"https:\/\/www.fiscalia.gov.co\/colombia\/wp-content\/uploads\/maxresdefault-259.jpg\",\"keywords\":[\"Fiscal Barbosa\",\"Fiscal Barbosa Delgado\",\"Fiscal Francisco Barbosa Delgado\",\"Fiscal General de la Naci\u00f3n\",\"Fiscal\u00eda General de la Naci\u00f3n\"],\"articleSection\":[\"Noticias\",\"Seccional Bogot\u00e1\",\"Seccionales\"],\"inLanguage\":\"es-CO\"},{\"@type\":\"WebPage\",\"@id\":\"https:\/\/www.fiscalia.gov.co\/colombia\/noticias\/golpe-estructural-a-red-criminal-senalada-de-coordinar-la-salida-de-los-cargamentos-de-estupefacientes-del-clan-del-golfo-en-el-pacifico-chocoano\/\",\"url\":\"https:\/\/www.fiscalia.gov.co\/colombia\/noticias\/golpe-estructural-a-red-criminal-senalada-de-coordinar-la-salida-de-los-cargamentos-de-estupefacientes-del-clan-del-golfo-en-el-pacifico-chocoano\/\",\"name\":\"Fiscal\u00eda General de la Naci\u00f3n\",\"isPartOf\":{\"@id\":\"https:\/\/www.fiscalia.gov.co\/colombia\/#website\"},\"primaryImageOfPage\":{\"@id\":\"https:\/\/www.fiscalia.gov.co\/colombia\/noticias\/golpe-estructural-a-red-criminal-senalada-de-coordinar-la-salida-de-los-cargamentos-de-estupefacientes-del-clan-del-golfo-en-el-pacifico-chocoano\/#primaryimage\"},\"image\":{\"@id\":\"https:\/\/www.fiscalia.gov.co\/colombia\/noticias\/golpe-estructural-a-red-criminal-senalada-de-coordinar-la-salida-de-los-cargamentos-de-estupefacientes-del-clan-del-golfo-en-el-pacifico-chocoano\/#primaryimage\"},\"thumbnailUrl\":\"https:\/\/www.fiscalia.gov.co\/colombia\/wp-content\/uploads\/maxresdefault-259.jpg\",\"datePublished\":\"2021-12-03T14:46:16+00:00\",\"dateModified\":\"2021-12-16T21:55:07+00:00\",\"description\":\"P\u00e1gina oficial de la Fiscal\u00eda General de la Naci\u00f3n \u2013 Colombia. Garantizamos el acceso efectivo a la justicia, la verdad y la reparaci\u00f3n de las v\u00edctimas de los delitos.\",\"breadcrumb\":{\"@id\":\"https:\/\/www.fiscalia.gov.co\/colombia\/noticias\/golpe-estructural-a-red-criminal-senalada-de-coordinar-la-salida-de-los-cargamentos-de-estupefacientes-del-clan-del-golfo-en-el-pacifico-chocoano\/#breadcrumb\"},\"inLanguage\":\"es-CO\",\"potentialAction\":[{\"@type\":\"ReadAction\",\"target\":[\"https:\/\/www.fiscalia.gov.co\/colombia\/noticias\/golpe-estructural-a-red-criminal-senalada-de-coordinar-la-salida-de-los-cargamentos-de-estupefacientes-del-clan-del-golfo-en-el-pacifico-chocoano\/\"]}]},{\"@type\":\"ImageObject\",\"inLanguage\":\"es-CO\",\"@id\":\"https:\/\/www.fiscalia.gov.co\/colombia\/noticias\/golpe-estructural-a-red-criminal-senalada-de-coordinar-la-salida-de-los-cargamentos-de-estupefacientes-del-clan-del-golfo-en-el-pacifico-chocoano\/#primaryimage\",\"url\":\"https:\/\/www.fiscalia.gov.co\/colombia\/wp-content\/uploads\/maxresdefault-259.jpg\",\"contentUrl\":\"https:\/\/www.fiscalia.gov.co\/colombia\/wp-content\/uploads\/maxresdefault-259.jpg\",\"width\":1280,\"height\":720},{\"@type\":\"BreadcrumbList\",\"@id\":\"https:\/\/www.fiscalia.gov.co\/colombia\/noticias\/golpe-estructural-a-red-criminal-senalada-de-coordinar-la-salida-de-los-cargamentos-de-estupefacientes-del-clan-del-golfo-en-el-pacifico-chocoano\/#breadcrumb\",\"itemListElement\":[{\"@type\":\"ListItem\",\"position\":1,\"name\":\"Home\",\"item\":\"https:\/\/www.fiscalia.gov.co\/colombia\/\"},{\"@type\":\"ListItem\",\"position\":2,\"name\":\"Golpe estructural a red criminal se\u00f1alada de coordinar la salida de los cargamentos de estupefacientes del \u2018Clan del Golfo\u2019 en el Pac\u00edfico chocoano\"}]},{\"@type\":\"WebSite\",\"@id\":\"https:\/\/www.fiscalia.gov.co\/colombia\/#website\",\"url\":\"https:\/\/www.fiscalia.gov.co\/colombia\/\",\"name\":\"Fiscal\u00eda General de la Naci\u00f3n\",\"description\":\"P\u00e1gina oficial de la Fiscal\u00eda General de la Naci\u00f3n \u2013 Colombia. Garantizamos el acceso efectivo a la justicia, la verdad y la reparaci\u00f3n de las v\u00edctimas de los delitos.\",\"publisher\":{\"@id\":\"https:\/\/www.fiscalia.gov.co\/colombia\/#organization\"},\"potentialAction\":[{\"@type\":\"SearchAction\",\"target\":{\"@type\":\"EntryPoint\",\"urlTemplate\":\"https:\/\/www.fiscalia.gov.co\/colombia\/?s={search_term_string}\"},\"query-input\":{\"@type\":\"PropertyValueSpecification\",\"valueRequired\":true,\"valueName\":\"search_term_string\"}}],\"inLanguage\":\"es-CO\"},{\"@type\":\"Organization\",\"@id\":\"https:\/\/www.fiscalia.gov.co\/colombia\/#organization\",\"name\":\"Fiscal\u00eda General de la Naci\u00f3n\",\"url\":\"https:\/\/www.fiscalia.gov.co\/colombia\/\",\"logo\":{\"@type\":\"ImageObject\",\"inLanguage\":\"es-CO\",\"@id\":\"https:\/\/www.fiscalia.gov.co\/colombia\/#\/schema\/logo\/image\/\",\"url\":\"https:\/\/www.fiscalia.gov.co\/colombia\/wp-content\/uploads\/LogoHorizontal_1.jpg\",\"contentUrl\":\"https:\/\/www.fiscalia.gov.co\/colombia\/wp-content\/uploads\/LogoHorizontal_1.jpg\",\"width\":300,\"height\":90,\"caption\":\"Fiscal\u00eda General de la Naci\u00f3n\"},\"image\":{\"@id\":\"https:\/\/www.fiscalia.gov.co\/colombia\/#\/schema\/logo\/image\/\"},\"sameAs\":[\"https:\/\/www.facebook.com\/FiscaliaCol\",\"https:\/\/x.com\/FiscaliaCol\",\"https:\/\/www.instagram.com\/fiscaliacol\",\"https:\/\/www.linkedin.com\/company\/fiscalia-general-de-la-naci-n\/\",\"https:\/\/youtube.com\/@fiscaliageneraldelanacion-4668?si=6nN79nyQICPU5iTh\"]},{\"@type\":\"Person\",\"@id\":\"https:\/\/www.fiscalia.gov.co\/colombia\/#\/schema\/person\/b19b49f26569f91393176a2b3d13a0e5\",\"name\":\"Johanna Black Prieto Pe\u00f1a\",\"image\":{\"@type\":\"ImageObject\",\"inLanguage\":\"es-CO\",\"@id\":\"https:\/\/www.fiscalia.gov.co\/colombia\/#\/schema\/person\/image\/\",\"url\":\"https:\/\/secure.gravatar.com\/avatar\/7f04518e1774335e76d761d76f04003e?s=96&d=mm&r=g\",\"contentUrl\":\"https:\/\/secure.gravatar.com\/avatar\/7f04518e1774335e76d761d76f04003e?s=96&d=mm&r=g\",\"caption\":\"Johanna Black Prieto Pe\u00f1a\"},\"url\":\"https:\/\/www.fiscalia.gov.co\/colombia\/author\/jprieto\/\"}]}<\/script>\n<!-- \/ Yoast SEO plugin. -->","yoast_head_json":{"title":"Fiscal\u00eda General de la Naci\u00f3n","description":"P\u00e1gina oficial de la Fiscal\u00eda General de la Naci\u00f3n \u2013 Colombia. Garantizamos el acceso efectivo a la justicia, la verdad y la reparaci\u00f3n de las v\u00edctimas de los delitos.","robots":{"index":"noindex","follow":"follow"},"og_locale":"es_ES","og_type":"article","og_title":"Fiscal\u00eda General de la Naci\u00f3n","og_description":"P\u00e1gina oficial de la Fiscal\u00eda General de la Naci\u00f3n \u2013 Colombia. Garantizamos el acceso efectivo a la justicia, la verdad y la reparaci\u00f3n de las v\u00edctimas de los delitos.","og_url":"https:\/\/www.fiscalia.gov.co\/colombia\/noticias\/golpe-estructural-a-red-criminal-senalada-de-coordinar-la-salida-de-los-cargamentos-de-estupefacientes-del-clan-del-golfo-en-el-pacifico-chocoano\/","og_site_name":"Fiscal\u00eda General de la Naci\u00f3n","article_publisher":"https:\/\/www.facebook.com\/FiscaliaCol","article_published_time":"2021-12-03T14:46:16+00:00","article_modified_time":"2021-12-16T21:55:07+00:00","og_image":[{"width":1280,"height":720,"url":"https:\/\/www.fiscalia.gov.co\/colombia\/wp-content\/uploads\/maxresdefault-259.jpg","type":"image\/jpeg"}],"author":"Johanna Black Prieto Pe\u00f1a","twitter_card":"summary_large_image","twitter_creator":"@FiscaliaCol","twitter_site":"@FiscaliaCol","twitter_misc":{"Escrito por":"Johanna Black Prieto Pe\u00f1a","Tiempo de lectura":"2 minutos"},"schema":{"@context":"https:\/\/schema.org","@graph":[{"@type":"Article","@id":"https:\/\/www.fiscalia.gov.co\/colombia\/noticias\/golpe-estructural-a-red-criminal-senalada-de-coordinar-la-salida-de-los-cargamentos-de-estupefacientes-del-clan-del-golfo-en-el-pacifico-chocoano\/#article","isPartOf":{"@id":"https:\/\/www.fiscalia.gov.co\/colombia\/noticias\/golpe-estructural-a-red-criminal-senalada-de-coordinar-la-salida-de-los-cargamentos-de-estupefacientes-del-clan-del-golfo-en-el-pacifico-chocoano\/"},"author":{"name":"Johanna Black Prieto Pe\u00f1a","@id":"https:\/\/www.fiscalia.gov.co\/colombia\/#\/schema\/person\/b19b49f26569f91393176a2b3d13a0e5"},"headline":"Golpe estructural a red criminal se\u00f1alada de coordinar la salida de los cargamentos de estupefacientes del \u2018Clan del Golfo\u2019 en el Pac\u00edfico chocoano","datePublished":"2021-12-03T14:46:16+00:00","dateModified":"2021-12-16T21:55:07+00:00","mainEntityOfPage":{"@id":"https:\/\/www.fiscalia.gov.co\/colombia\/noticias\/golpe-estructural-a-red-criminal-senalada-de-coordinar-la-salida-de-los-cargamentos-de-estupefacientes-del-clan-del-golfo-en-el-pacifico-chocoano\/"},"wordCount":401,"publisher":{"@id":"https:\/\/www.fiscalia.gov.co\/colombia\/#organization"},"image":{"@id":"https:\/\/www.fiscalia.gov.co\/colombia\/noticias\/golpe-estructural-a-red-criminal-senalada-de-coordinar-la-salida-de-los-cargamentos-de-estupefacientes-del-clan-del-golfo-en-el-pacifico-chocoano\/#primaryimage"},"thumbnailUrl":"https:\/\/www.fiscalia.gov.co\/colombia\/wp-content\/uploads\/maxresdefault-259.jpg","keywords":["Fiscal Barbosa","Fiscal Barbosa Delgado","Fiscal Francisco Barbosa Delgado","Fiscal General de la Naci\u00f3n","Fiscal\u00eda General de la Naci\u00f3n"],"articleSection":["Noticias","Seccional Bogot\u00e1","Seccionales"],"inLanguage":"es-CO"},{"@type":"WebPage","@id":"https:\/\/www.fiscalia.gov.co\/colombia\/noticias\/golpe-estructural-a-red-criminal-senalada-de-coordinar-la-salida-de-los-cargamentos-de-estupefacientes-del-clan-del-golfo-en-el-pacifico-chocoano\/","url":"https:\/\/www.fiscalia.gov.co\/colombia\/noticias\/golpe-estructural-a-red-criminal-senalada-de-coordinar-la-salida-de-los-cargamentos-de-estupefacientes-del-clan-del-golfo-en-el-pacifico-chocoano\/","name":"Fiscal\u00eda General de la Naci\u00f3n","isPartOf":{"@id":"https:\/\/www.fiscalia.gov.co\/colombia\/#website"},"primaryImageOfPage":{"@id":"https:\/\/www.fiscalia.gov.co\/colombia\/noticias\/golpe-estructural-a-red-criminal-senalada-de-coordinar-la-salida-de-los-cargamentos-de-estupefacientes-del-clan-del-golfo-en-el-pacifico-chocoano\/#primaryimage"},"image":{"@id":"https:\/\/www.fiscalia.gov.co\/colombia\/noticias\/golpe-estructural-a-red-criminal-senalada-de-coordinar-la-salida-de-los-cargamentos-de-estupefacientes-del-clan-del-golfo-en-el-pacifico-chocoano\/#primaryimage"},"thumbnailUrl":"https:\/\/www.fiscalia.gov.co\/colombia\/wp-content\/uploads\/maxresdefault-259.jpg","datePublished":"2021-12-03T14:46:16+00:00","dateModified":"2021-12-16T21:55:07+00:00","description":"P\u00e1gina oficial de la Fiscal\u00eda General de la Naci\u00f3n \u2013 Colombia. Garantizamos el acceso efectivo a la justicia, la verdad y la reparaci\u00f3n de las v\u00edctimas de los delitos.","breadcrumb":{"@id":"https:\/\/www.fiscalia.gov.co\/colombia\/noticias\/golpe-estructural-a-red-criminal-senalada-de-coordinar-la-salida-de-los-cargamentos-de-estupefacientes-del-clan-del-golfo-en-el-pacifico-chocoano\/#breadcrumb"},"inLanguage":"es-CO","potentialAction":[{"@type":"ReadAction","target":["https:\/\/www.fiscalia.gov.co\/colombia\/noticias\/golpe-estructural-a-red-criminal-senalada-de-coordinar-la-salida-de-los-cargamentos-de-estupefacientes-del-clan-del-golfo-en-el-pacifico-chocoano\/"]}]},{"@type":"ImageObject","inLanguage":"es-CO","@id":"https:\/\/www.fiscalia.gov.co\/colombia\/noticias\/golpe-estructural-a-red-criminal-senalada-de-coordinar-la-salida-de-los-cargamentos-de-estupefacientes-del-clan-del-golfo-en-el-pacifico-chocoano\/#primaryimage","url":"https:\/\/www.fiscalia.gov.co\/colombia\/wp-content\/uploads\/maxresdefault-259.jpg","contentUrl":"https:\/\/www.fiscalia.gov.co\/colombia\/wp-content\/uploads\/maxresdefault-259.jpg","width":1280,"height":720},{"@type":"BreadcrumbList","@id":"https:\/\/www.fiscalia.gov.co\/colombia\/noticias\/golpe-estructural-a-red-criminal-senalada-de-coordinar-la-salida-de-los-cargamentos-de-estupefacientes-del-clan-del-golfo-en-el-pacifico-chocoano\/#breadcrumb","itemListElement":[{"@type":"ListItem","position":1,"name":"Home","item":"https:\/\/www.fiscalia.gov.co\/colombia\/"},{"@type":"ListItem","position":2,"name":"Golpe estructural a red criminal se\u00f1alada de coordinar la salida de los cargamentos de estupefacientes del \u2018Clan del Golfo\u2019 en el Pac\u00edfico chocoano"}]},{"@type":"WebSite","@id":"https:\/\/www.fiscalia.gov.co\/colombia\/#website","url":"https:\/\/www.fiscalia.gov.co\/colombia\/","name":"Fiscal\u00eda General de la Naci\u00f3n","description":"P\u00e1gina oficial de la Fiscal\u00eda General de la Naci\u00f3n \u2013 Colombia. Garantizamos el acceso efectivo a la justicia, la verdad y la reparaci\u00f3n de las v\u00edctimas de los delitos.","publisher":{"@id":"https:\/\/www.fiscalia.gov.co\/colombia\/#organization"},"potentialAction":[{"@type":"SearchAction","target":{"@type":"EntryPoint","urlTemplate":"https:\/\/www.fiscalia.gov.co\/colombia\/?s={search_term_string}"},"query-input":{"@type":"PropertyValueSpecification","valueRequired":true,"valueName":"search_term_string"}}],"inLanguage":"es-CO"},{"@type":"Organization","@id":"https:\/\/www.fiscalia.gov.co\/colombia\/#organization","name":"Fiscal\u00eda General de la Naci\u00f3n","url":"https:\/\/www.fiscalia.gov.co\/colombia\/","logo":{"@type":"ImageObject","inLanguage":"es-CO","@id":"https:\/\/www.fiscalia.gov.co\/colombia\/#\/schema\/logo\/image\/","url":"https:\/\/www.fiscalia.gov.co\/colombia\/wp-content\/uploads\/LogoHorizontal_1.jpg","contentUrl":"https:\/\/www.fiscalia.gov.co\/colombia\/wp-content\/uploads\/LogoHorizontal_1.jpg","width":300,"height":90,"caption":"Fiscal\u00eda General de la Naci\u00f3n"},"image":{"@id":"https:\/\/www.fiscalia.gov.co\/colombia\/#\/schema\/logo\/image\/"},"sameAs":["https:\/\/www.facebook.com\/FiscaliaCol","https:\/\/x.com\/FiscaliaCol","https:\/\/www.instagram.com\/fiscaliacol","https:\/\/www.linkedin.com\/company\/fiscalia-general-de-la-naci-n\/","https:\/\/youtube.com\/@fiscaliageneraldelanacion-4668?si=6nN79nyQICPU5iTh"]},{"@type":"Person","@id":"https:\/\/www.fiscalia.gov.co\/colombia\/#\/schema\/person\/b19b49f26569f91393176a2b3d13a0e5","name":"Johanna Black Prieto Pe\u00f1a","image":{"@type":"ImageObject","inLanguage":"es-CO","@id":"https:\/\/www.fiscalia.gov.co\/colombia\/#\/schema\/person\/image\/","url":"https:\/\/secure.gravatar.com\/avatar\/7f04518e1774335e76d761d76f04003e?s=96&d=mm&r=g","contentUrl":"https:\/\/secure.gravatar.com\/avatar\/7f04518e1774335e76d761d76f04003e?s=96&d=mm&r=g","caption":"Johanna Black Prieto Pe\u00f1a"},"url":"https:\/\/www.fiscalia.gov.co\/colombia\/author\/jprieto\/"}]}},"_links":{"self":[{"href":"https:\/\/www.fiscalia.gov.co\/colombia\/wp-json\/wp\/v2\/posts\/236225","targetHints":{"allow":["GET"]}}],"collection":[{"href":"https:\/\/www.fiscalia.gov.co\/colombia\/wp-json\/wp\/v2\/posts"}],"about":[{"href":"https:\/\/www.fiscalia.gov.co\/colombia\/wp-json\/wp\/v2\/types\/post"}],"author":[{"embeddable":true,"href":"https:\/\/www.fiscalia.gov.co\/colombia\/wp-json\/wp\/v2\/users\/176"}],"replies":[{"embeddable":true,"href":"https:\/\/www.fiscalia.gov.co\/colombia\/wp-json\/wp\/v2\/comments?post=236225"}],"version-history":[{"count":1,"href":"https:\/\/www.fiscalia.gov.co\/colombia\/wp-json\/wp\/v2\/posts\/236225\/revisions"}],"predecessor-version":[{"id":236226,"href":"https:\/\/www.fiscalia.gov.co\/colombia\/wp-json\/wp\/v2\/posts\/236225\/revisions\/236226"}],"wp:featuredmedia":[{"embeddable":true,"href":"https:\/\/www.fiscalia.gov.co\/colombia\/wp-json\/wp\/v2\/media\/237130"}],"wp:attachment":[{"href":"https:\/\/www.fiscalia.gov.co\/colombia\/wp-json\/wp\/v2\/media?parent=236225"}],"wp:term":[{"taxonomy":"category","embeddable":true,"href":"https:\/\/www.fiscalia.gov.co\/colombia\/wp-json\/wp\/v2\/categories?post=236225"},{"taxonomy":"post_tag","embeddable":true,"href":"https:\/\/www.fiscalia.gov.co\/colombia\/wp-json\/wp\/v2\/tags?post=236225"}],"curies":[{"name":"wp","href":"https:\/\/api.w.org\/{rel}","templated":true}]}}