{"id":236214,"date":"2021-12-03T09:20:21","date_gmt":"2021-12-03T14:20:21","guid":{"rendered":"https:\/\/www.fiscalia.gov.co\/colombia\/?p=236214"},"modified":"2021-12-03T09:20:41","modified_gmt":"2021-12-03T14:20:41","slug":"detencion-intramuros-para-tres-supuestos-integrantes-del-grupo-delincuencial-los-chamos-quienes-estarian-dedicados-al-trafico-de-estupefacientes-en-villanueva-casanare","status":"publish","type":"post","link":"https:\/\/www.fiscalia.gov.co\/colombia\/noticias\/detencion-intramuros-para-tres-supuestos-integrantes-del-grupo-delincuencial-los-chamos-quienes-estarian-dedicados-al-trafico-de-estupefacientes-en-villanueva-casanare\/","title":{"rendered":"Detenci\u00f3n intramuros para tres supuestos integrantes del grupo delincuencial Los Chamos, quienes estar\u00edan dedicados al tr\u00e1fico de estupefacientes en Villanueva (Casanare)\u00a0"},"content":{"rendered":"<p class=\"adM\">Tras varios meses de seguimiento, una fiscal\u00eda de <b>Villanueva (Casanare)<\/b>\u00a0logr\u00f3 que un juez con funci\u00f3n de control de garant\u00edas dictara medida restrictiva de la libertad en contra de tres presuntos integrantes del grupo delincuencial Los Chamos, al parecer dedicados al\u00a0<a href=\"https:\/\/www.fiscalia.gov.co\/colombia\/noticias\/fiscalia-desarticulo-a-los-radulas-banda-dedicada-al-trafico-de-estupefacientes-en-atlantico\/\" target=\"_blank\" rel=\"noopener noreferrer\" data-saferedirecturl=\"https:\/\/www.google.com\/url?q=https:\/\/www.fiscalia.gov.co\/colombia\/noticias\/fiscalia-desarticulo-a-los-radulas-banda-dedicada-al-trafico-de-estupefacientes-en-atlantico\/&amp;source=gmail&amp;ust=1638624062421000&amp;usg=AOvVaw3FhYq2IY5MAF6VO5bfn9nX\"><b><span lang=\"ES-MX\">tr\u00e1fico de estupefacientes<\/span><\/b><\/a><b><span lang=\"ES-MX\">\u00a0<\/span><\/b>en esa poblaci\u00f3n casanare\u00f1a.<\/p>\n<div dir=\"ltr\">\n<figure id=\"attachment_236215\" aria-describedby=\"caption-attachment-236215\" style=\"width: 1280px\" class=\"wp-caption alignnone\"><img loading=\"lazy\" decoding=\"async\" class=\"size-full wp-image-236215\" src=\"https:\/\/www.fiscalia.gov.co\/colombia\/wp-content\/uploads\/Los-Chamos_tr\u00e1fico-estupefacientes-Villanueva-Casanare-1.jpeg\" alt=\"\" width=\"1280\" height=\"878\" srcset=\"https:\/\/www.fiscalia.gov.co\/colombia\/wp-content\/uploads\/Los-Chamos_tr\u00e1fico-estupefacientes-Villanueva-Casanare-1.jpeg 1280w, https:\/\/www.fiscalia.gov.co\/colombia\/wp-content\/uploads\/Los-Chamos_tr\u00e1fico-estupefacientes-Villanueva-Casanare-1-300x206.jpeg 300w, https:\/\/www.fiscalia.gov.co\/colombia\/wp-content\/uploads\/Los-Chamos_tr\u00e1fico-estupefacientes-Villanueva-Casanare-1-1024x702.jpeg 1024w, https:\/\/www.fiscalia.gov.co\/colombia\/wp-content\/uploads\/Los-Chamos_tr\u00e1fico-estupefacientes-Villanueva-Casanare-1-768x527.jpeg 768w, https:\/\/www.fiscalia.gov.co\/colombia\/wp-content\/uploads\/Los-Chamos_tr\u00e1fico-estupefacientes-Villanueva-Casanare-1-218x150.jpeg 218w, https:\/\/www.fiscalia.gov.co\/colombia\/wp-content\/uploads\/Los-Chamos_tr\u00e1fico-estupefacientes-Villanueva-Casanare-1-696x477.jpeg 696w, https:\/\/www.fiscalia.gov.co\/colombia\/wp-content\/uploads\/Los-Chamos_tr\u00e1fico-estupefacientes-Villanueva-Casanare-1-1068x733.jpeg 1068w, https:\/\/www.fiscalia.gov.co\/colombia\/wp-content\/uploads\/Los-Chamos_tr\u00e1fico-estupefacientes-Villanueva-Casanare-1-612x420.jpeg 612w, https:\/\/www.fiscalia.gov.co\/colombia\/wp-content\/uploads\/Los-Chamos_tr\u00e1fico-estupefacientes-Villanueva-Casanare-1-100x70.jpeg 100w\" sizes=\"auto, (max-width: 1280px) 100vw, 1280px\" \/><figcaption id=\"caption-attachment-236215\" class=\"wp-caption-text\">Hemessi Alfonso Mart\u00ednez, Cristian Edoardo Melo Salgado y Jaro Yunior Cayones Iturre\u00a0aceptaron los cargos por concierto para delinquir, tr\u00e1fico y porte de estupefacientes.<\/figcaption><\/figure>\n<p>Se trata de\u00a0<b>Hemessi Alfonso Mart\u00ednez, Cristian Edoardo Melo Salgado y Jaro Yunior Cayones Iturre,<\/b>\u00a0este \u00faltimo de nacionalidad extranjera, quienes fueron capturados el pasado 25 de noviembre, en los barrios El Progreso y El Triunfo de Villanueva.<\/p>\n<p>Las investigaciones permitieron establecer que este grupo delincuencial manejaba el negocio il\u00edcito del\u00a0<b>microtr\u00e1fico de marihuana, clorhidrato de coca\u00edna<\/b>\u00a0y sus derivados, en las modalidades de punto fijo y entregas a domicilio.<\/p>\n<p>Mediante diligencias de allanamiento realizadas en dos viviendas, las autoridades incautaron 4 tel\u00e9fonos celulares \u2014supuestamente utilizados para comercializar las sustancias\u2014 y una cantidad considerable de alucin\u00f3genos.<\/p>\n<p>Este 26 de noviembre, ante el juez de garant\u00edas, el ente acusador les imput\u00f3 a los procesados el delito de\u00a0<a href=\"https:\/\/www.fiscalia.gov.co\/colombia\/noticias\/una-mujer-fue-condenada-por-transporte-de-estupefacientes-en-valle-del-guamuez-putumayo\/\" target=\"_blank\" rel=\"noopener noreferrer\" data-saferedirecturl=\"https:\/\/www.google.com\/url?q=https:\/\/www.fiscalia.gov.co\/colombia\/noticias\/una-mujer-fue-condenada-por-transporte-de-estupefacientes-en-valle-del-guamuez-putumayo\/&amp;source=gmail&amp;ust=1638624062421000&amp;usg=AOvVaw31qvJ4tUBpO6KkC5QnCN1L\"><b><span lang=\"ES-MX\">tr\u00e1fico, fabricaci\u00f3n o porte de estupefacientes<\/span><\/b><\/a><b><span lang=\"ES-MX\">,<\/span><\/b>\u00a0en la modalidad de porte para la venta, al cual estos se allanaron.<\/p>\n<p>Al culminar las audiencias, la Fiscal\u00eda apel\u00f3 la detenci\u00f3n domiciliaria que el juez les concedi\u00f3 a los investigados.<\/p>\n<p>La Fiscal\u00eda habla con resultados.<\/p>\n<p>LAZL\/DLBM\/JMBH<\/p>\n<div>\n<div dir=\"ltr\">\n<div>\n<p><i><span lang=\"ES-MX\">La informaci\u00f3n contenida en este bolet\u00edn de prensa corresponde a la narraci\u00f3n de los hechos noticiosos objetivos, suministrados por los funcionarios encargados de adelantar las investigaciones penales al interior de la Fiscal\u00eda General de la Naci\u00f3n. Para el momento de la divulgaci\u00f3n de este comunicado, la situaci\u00f3n jur\u00eddica de la(s) persona(s) relacionada(s) se encuentra pendiente de resolver por la autoridad judicial competente, siempre bajo los preceptos de la presunci\u00f3n de inocencia, consagrados en el art\u00edculo 29 de la Constituci\u00f3n Pol\u00edtica y el art\u00edculo 7\u00ba de la Ley 906 de 2004<\/span>.<\/i><\/p>\n<\/div>\n<\/div>\n<\/div>\n<p><i><span lang=\"ES-MX\">\u00a0<\/span><\/i><\/p>\n<p>&nbsp;<\/p>\n<p>&nbsp;<\/p>\n<\/div>\n\n<div class=\"twitter-share\"><a href=\"https:\/\/twitter.com\/intent\/tweet?via=fiscaliacol\" class=\"twitter-share-button\">Tweet<\/a><\/div>\n","protected":false},"excerpt":{"rendered":"<p>Tras varios meses de seguimiento, una fiscal\u00eda de Villanueva (Casanare)\u00a0logr\u00f3 que un juez con funci\u00f3n de control de garant\u00edas dictara medida restrictiva de la libertad en contra de tres presuntos integrantes del grupo delincuencial Los Chamos, al parecer dedicados al\u00a0tr\u00e1fico de estupefacientes\u00a0en esa poblaci\u00f3n casanare\u00f1a. Se trata de\u00a0Hemessi Alfonso Mart\u00ednez, Cristian Edoardo Melo Salgado y [&hellip;]<\/p>\n","protected":false},"author":176,"featured_media":0,"comment_status":"closed","ping_status":"open","sticky":false,"template":"","format":"standard","meta":{"_price":"","_stock":"","_tribe_ticket_header":"","_tribe_default_ticket_provider":"","_tribe_ticket_capacity":"0","_ticket_start_date":"","_ticket_end_date":"","_tribe_ticket_show_description":"","_tribe_ticket_show_not_going":false,"_tribe_ticket_use_global_stock":"","_tribe_ticket_global_stock_level":"","_global_stock_mode":"","_global_stock_cap":"","_tribe_rsvp_for_event":"","_tribe_ticket_going_count":"","_tribe_ticket_not_going_count":"","_tribe_tickets_list":"[]","_tribe_ticket_has_attendee_info_fields":false,"tdm_status":"","tdm_grid_status":"","footnotes":""},"categories":[1,16751,303],"tags":[924,14550,83,1047,1185,7358],"class_list":{"0":"post-236214","1":"post","2":"type-post","3":"status-publish","4":"format-standard","6":"category-noticias","7":"category-seccional-casanare","8":"category-seccionales","9":"tag-captura","10":"tag-carcel","11":"tag-concierto-para-delinquir","12":"tag-fiscalia-general-de-la-nacion","13":"tag-medida-de-aseguramiento","14":"tag-trafico-fabricacion-o-porte-de-estupefacientes"},"yoast_head":"<!-- This site is optimized with the Yoast SEO plugin v24.3 - https:\/\/yoast.com\/wordpress\/plugins\/seo\/ -->\n<title>Fiscal\u00eda General de la Naci\u00f3n<\/title>\n<meta name=\"description\" content=\"P\u00e1gina oficial de la Fiscal\u00eda General de la Naci\u00f3n \u2013 Colombia. Garantizamos el acceso efectivo a la justicia, la verdad y la reparaci\u00f3n de las v\u00edctimas de los delitos.\" \/>\n<meta name=\"robots\" content=\"noindex, follow\" \/>\n<meta property=\"og:locale\" content=\"es_ES\" \/>\n<meta property=\"og:type\" content=\"article\" \/>\n<meta property=\"og:title\" content=\"Fiscal\u00eda General de la Naci\u00f3n\" \/>\n<meta property=\"og:description\" content=\"P\u00e1gina oficial de la Fiscal\u00eda General de la Naci\u00f3n \u2013 Colombia. Garantizamos el acceso efectivo a la justicia, la verdad y la reparaci\u00f3n de las v\u00edctimas de los delitos.\" \/>\n<meta property=\"og:url\" content=\"https:\/\/www.fiscalia.gov.co\/colombia\/noticias\/detencion-intramuros-para-tres-supuestos-integrantes-del-grupo-delincuencial-los-chamos-quienes-estarian-dedicados-al-trafico-de-estupefacientes-en-villanueva-casanare\/\" \/>\n<meta property=\"og:site_name\" content=\"Fiscal\u00eda General de la Naci\u00f3n\" \/>\n<meta property=\"article:publisher\" content=\"https:\/\/www.facebook.com\/FiscaliaCol\" \/>\n<meta property=\"article:published_time\" content=\"2021-12-03T14:20:21+00:00\" \/>\n<meta property=\"article:modified_time\" content=\"2021-12-03T14:20:41+00:00\" \/>\n<meta name=\"author\" content=\"Johanna Black Prieto Pe\u00f1a\" \/>\n<meta name=\"twitter:card\" content=\"summary_large_image\" \/>\n<meta name=\"twitter:creator\" content=\"@FiscaliaCol\" \/>\n<meta name=\"twitter:site\" content=\"@FiscaliaCol\" \/>\n<meta name=\"twitter:label1\" content=\"Escrito por\" \/>\n\t<meta name=\"twitter:data1\" content=\"Johanna Black Prieto Pe\u00f1a\" \/>\n\t<meta name=\"twitter:label2\" content=\"Tiempo de lectura\" \/>\n\t<meta name=\"twitter:data2\" content=\"2 minutos\" \/>\n<script type=\"application\/ld+json\" class=\"yoast-schema-graph\">{\"@context\":\"https:\/\/schema.org\",\"@graph\":[{\"@type\":\"Article\",\"@id\":\"https:\/\/www.fiscalia.gov.co\/colombia\/noticias\/detencion-intramuros-para-tres-supuestos-integrantes-del-grupo-delincuencial-los-chamos-quienes-estarian-dedicados-al-trafico-de-estupefacientes-en-villanueva-casanare\/#article\",\"isPartOf\":{\"@id\":\"https:\/\/www.fiscalia.gov.co\/colombia\/noticias\/detencion-intramuros-para-tres-supuestos-integrantes-del-grupo-delincuencial-los-chamos-quienes-estarian-dedicados-al-trafico-de-estupefacientes-en-villanueva-casanare\/\"},\"author\":{\"name\":\"Johanna Black Prieto Pe\u00f1a\",\"@id\":\"https:\/\/www.fiscalia.gov.co\/colombia\/#\/schema\/person\/b19b49f26569f91393176a2b3d13a0e5\"},\"headline\":\"Detenci\u00f3n intramuros para tres supuestos integrantes del grupo delincuencial Los Chamos, quienes estar\u00edan dedicados al tr\u00e1fico de estupefacientes en Villanueva (Casanare)\u00a0\",\"datePublished\":\"2021-12-03T14:20:21+00:00\",\"dateModified\":\"2021-12-03T14:20:41+00:00\",\"mainEntityOfPage\":{\"@id\":\"https:\/\/www.fiscalia.gov.co\/colombia\/noticias\/detencion-intramuros-para-tres-supuestos-integrantes-del-grupo-delincuencial-los-chamos-quienes-estarian-dedicados-al-trafico-de-estupefacientes-en-villanueva-casanare\/\"},\"wordCount\":385,\"publisher\":{\"@id\":\"https:\/\/www.fiscalia.gov.co\/colombia\/#organization\"},\"keywords\":[\"Captura\",\"C\u00e1rcel\",\"Concierto para delinquir\",\"Fiscal\u00eda General de la Naci\u00f3n\",\"Medida de aseguramiento\",\"Tr\u00e1fico fabricaci\u00f3n o porte de estupefacientes\"],\"articleSection\":[\"Noticias\",\"Seccional Casanare\",\"Seccionales\"],\"inLanguage\":\"es-CO\"},{\"@type\":\"WebPage\",\"@id\":\"https:\/\/www.fiscalia.gov.co\/colombia\/noticias\/detencion-intramuros-para-tres-supuestos-integrantes-del-grupo-delincuencial-los-chamos-quienes-estarian-dedicados-al-trafico-de-estupefacientes-en-villanueva-casanare\/\",\"url\":\"https:\/\/www.fiscalia.gov.co\/colombia\/noticias\/detencion-intramuros-para-tres-supuestos-integrantes-del-grupo-delincuencial-los-chamos-quienes-estarian-dedicados-al-trafico-de-estupefacientes-en-villanueva-casanare\/\",\"name\":\"Fiscal\u00eda General de la Naci\u00f3n\",\"isPartOf\":{\"@id\":\"https:\/\/www.fiscalia.gov.co\/colombia\/#website\"},\"datePublished\":\"2021-12-03T14:20:21+00:00\",\"dateModified\":\"2021-12-03T14:20:41+00:00\",\"description\":\"P\u00e1gina oficial de la Fiscal\u00eda General de la Naci\u00f3n \u2013 Colombia. Garantizamos el acceso efectivo a la justicia, la verdad y la reparaci\u00f3n de las v\u00edctimas de los delitos.\",\"breadcrumb\":{\"@id\":\"https:\/\/www.fiscalia.gov.co\/colombia\/noticias\/detencion-intramuros-para-tres-supuestos-integrantes-del-grupo-delincuencial-los-chamos-quienes-estarian-dedicados-al-trafico-de-estupefacientes-en-villanueva-casanare\/#breadcrumb\"},\"inLanguage\":\"es-CO\",\"potentialAction\":[{\"@type\":\"ReadAction\",\"target\":[\"https:\/\/www.fiscalia.gov.co\/colombia\/noticias\/detencion-intramuros-para-tres-supuestos-integrantes-del-grupo-delincuencial-los-chamos-quienes-estarian-dedicados-al-trafico-de-estupefacientes-en-villanueva-casanare\/\"]}]},{\"@type\":\"BreadcrumbList\",\"@id\":\"https:\/\/www.fiscalia.gov.co\/colombia\/noticias\/detencion-intramuros-para-tres-supuestos-integrantes-del-grupo-delincuencial-los-chamos-quienes-estarian-dedicados-al-trafico-de-estupefacientes-en-villanueva-casanare\/#breadcrumb\",\"itemListElement\":[{\"@type\":\"ListItem\",\"position\":1,\"name\":\"Home\",\"item\":\"https:\/\/www.fiscalia.gov.co\/colombia\/\"},{\"@type\":\"ListItem\",\"position\":2,\"name\":\"Detenci\u00f3n intramuros para tres supuestos integrantes del grupo delincuencial Los Chamos, quienes estar\u00edan dedicados al tr\u00e1fico de estupefacientes en Villanueva (Casanare)\u00a0\"}]},{\"@type\":\"WebSite\",\"@id\":\"https:\/\/www.fiscalia.gov.co\/colombia\/#website\",\"url\":\"https:\/\/www.fiscalia.gov.co\/colombia\/\",\"name\":\"Fiscal\u00eda General de la Naci\u00f3n\",\"description\":\"P\u00e1gina oficial de la Fiscal\u00eda General de la Naci\u00f3n \u2013 Colombia. Garantizamos el acceso efectivo a la justicia, la verdad y la reparaci\u00f3n de las v\u00edctimas de los delitos.\",\"publisher\":{\"@id\":\"https:\/\/www.fiscalia.gov.co\/colombia\/#organization\"},\"potentialAction\":[{\"@type\":\"SearchAction\",\"target\":{\"@type\":\"EntryPoint\",\"urlTemplate\":\"https:\/\/www.fiscalia.gov.co\/colombia\/?s={search_term_string}\"},\"query-input\":{\"@type\":\"PropertyValueSpecification\",\"valueRequired\":true,\"valueName\":\"search_term_string\"}}],\"inLanguage\":\"es-CO\"},{\"@type\":\"Organization\",\"@id\":\"https:\/\/www.fiscalia.gov.co\/colombia\/#organization\",\"name\":\"Fiscal\u00eda General de la Naci\u00f3n\",\"url\":\"https:\/\/www.fiscalia.gov.co\/colombia\/\",\"logo\":{\"@type\":\"ImageObject\",\"inLanguage\":\"es-CO\",\"@id\":\"https:\/\/www.fiscalia.gov.co\/colombia\/#\/schema\/logo\/image\/\",\"url\":\"https:\/\/www.fiscalia.gov.co\/colombia\/wp-content\/uploads\/LogoHorizontal_1.jpg\",\"contentUrl\":\"https:\/\/www.fiscalia.gov.co\/colombia\/wp-content\/uploads\/LogoHorizontal_1.jpg\",\"width\":300,\"height\":90,\"caption\":\"Fiscal\u00eda General de la Naci\u00f3n\"},\"image\":{\"@id\":\"https:\/\/www.fiscalia.gov.co\/colombia\/#\/schema\/logo\/image\/\"},\"sameAs\":[\"https:\/\/www.facebook.com\/FiscaliaCol\",\"https:\/\/x.com\/FiscaliaCol\",\"https:\/\/www.instagram.com\/fiscaliacol\",\"https:\/\/www.linkedin.com\/company\/fiscalia-general-de-la-naci-n\/\",\"https:\/\/youtube.com\/@fiscaliageneraldelanacion-4668?si=6nN79nyQICPU5iTh\"]},{\"@type\":\"Person\",\"@id\":\"https:\/\/www.fiscalia.gov.co\/colombia\/#\/schema\/person\/b19b49f26569f91393176a2b3d13a0e5\",\"name\":\"Johanna Black Prieto Pe\u00f1a\",\"image\":{\"@type\":\"ImageObject\",\"inLanguage\":\"es-CO\",\"@id\":\"https:\/\/www.fiscalia.gov.co\/colombia\/#\/schema\/person\/image\/\",\"url\":\"https:\/\/secure.gravatar.com\/avatar\/7f04518e1774335e76d761d76f04003e?s=96&d=mm&r=g\",\"contentUrl\":\"https:\/\/secure.gravatar.com\/avatar\/7f04518e1774335e76d761d76f04003e?s=96&d=mm&r=g\",\"caption\":\"Johanna Black Prieto Pe\u00f1a\"},\"url\":\"https:\/\/www.fiscalia.gov.co\/colombia\/author\/jprieto\/\"}]}<\/script>\n<!-- \/ Yoast SEO plugin. -->","yoast_head_json":{"title":"Fiscal\u00eda General de la Naci\u00f3n","description":"P\u00e1gina oficial de la Fiscal\u00eda General de la Naci\u00f3n \u2013 Colombia. Garantizamos el acceso efectivo a la justicia, la verdad y la reparaci\u00f3n de las v\u00edctimas de los delitos.","robots":{"index":"noindex","follow":"follow"},"og_locale":"es_ES","og_type":"article","og_title":"Fiscal\u00eda General de la Naci\u00f3n","og_description":"P\u00e1gina oficial de la Fiscal\u00eda General de la Naci\u00f3n \u2013 Colombia. Garantizamos el acceso efectivo a la justicia, la verdad y la reparaci\u00f3n de las v\u00edctimas de los delitos.","og_url":"https:\/\/www.fiscalia.gov.co\/colombia\/noticias\/detencion-intramuros-para-tres-supuestos-integrantes-del-grupo-delincuencial-los-chamos-quienes-estarian-dedicados-al-trafico-de-estupefacientes-en-villanueva-casanare\/","og_site_name":"Fiscal\u00eda General de la Naci\u00f3n","article_publisher":"https:\/\/www.facebook.com\/FiscaliaCol","article_published_time":"2021-12-03T14:20:21+00:00","article_modified_time":"2021-12-03T14:20:41+00:00","author":"Johanna Black Prieto Pe\u00f1a","twitter_card":"summary_large_image","twitter_creator":"@FiscaliaCol","twitter_site":"@FiscaliaCol","twitter_misc":{"Escrito por":"Johanna Black Prieto Pe\u00f1a","Tiempo de lectura":"2 minutos"},"schema":{"@context":"https:\/\/schema.org","@graph":[{"@type":"Article","@id":"https:\/\/www.fiscalia.gov.co\/colombia\/noticias\/detencion-intramuros-para-tres-supuestos-integrantes-del-grupo-delincuencial-los-chamos-quienes-estarian-dedicados-al-trafico-de-estupefacientes-en-villanueva-casanare\/#article","isPartOf":{"@id":"https:\/\/www.fiscalia.gov.co\/colombia\/noticias\/detencion-intramuros-para-tres-supuestos-integrantes-del-grupo-delincuencial-los-chamos-quienes-estarian-dedicados-al-trafico-de-estupefacientes-en-villanueva-casanare\/"},"author":{"name":"Johanna Black Prieto Pe\u00f1a","@id":"https:\/\/www.fiscalia.gov.co\/colombia\/#\/schema\/person\/b19b49f26569f91393176a2b3d13a0e5"},"headline":"Detenci\u00f3n intramuros para tres supuestos integrantes del grupo delincuencial Los Chamos, quienes estar\u00edan dedicados al tr\u00e1fico de estupefacientes en Villanueva (Casanare)\u00a0","datePublished":"2021-12-03T14:20:21+00:00","dateModified":"2021-12-03T14:20:41+00:00","mainEntityOfPage":{"@id":"https:\/\/www.fiscalia.gov.co\/colombia\/noticias\/detencion-intramuros-para-tres-supuestos-integrantes-del-grupo-delincuencial-los-chamos-quienes-estarian-dedicados-al-trafico-de-estupefacientes-en-villanueva-casanare\/"},"wordCount":385,"publisher":{"@id":"https:\/\/www.fiscalia.gov.co\/colombia\/#organization"},"keywords":["Captura","C\u00e1rcel","Concierto para delinquir","Fiscal\u00eda General de la Naci\u00f3n","Medida de aseguramiento","Tr\u00e1fico fabricaci\u00f3n o porte de estupefacientes"],"articleSection":["Noticias","Seccional Casanare","Seccionales"],"inLanguage":"es-CO"},{"@type":"WebPage","@id":"https:\/\/www.fiscalia.gov.co\/colombia\/noticias\/detencion-intramuros-para-tres-supuestos-integrantes-del-grupo-delincuencial-los-chamos-quienes-estarian-dedicados-al-trafico-de-estupefacientes-en-villanueva-casanare\/","url":"https:\/\/www.fiscalia.gov.co\/colombia\/noticias\/detencion-intramuros-para-tres-supuestos-integrantes-del-grupo-delincuencial-los-chamos-quienes-estarian-dedicados-al-trafico-de-estupefacientes-en-villanueva-casanare\/","name":"Fiscal\u00eda General de la Naci\u00f3n","isPartOf":{"@id":"https:\/\/www.fiscalia.gov.co\/colombia\/#website"},"datePublished":"2021-12-03T14:20:21+00:00","dateModified":"2021-12-03T14:20:41+00:00","description":"P\u00e1gina oficial de la Fiscal\u00eda General de la Naci\u00f3n \u2013 Colombia. Garantizamos el acceso efectivo a la justicia, la verdad y la reparaci\u00f3n de las v\u00edctimas de los delitos.","breadcrumb":{"@id":"https:\/\/www.fiscalia.gov.co\/colombia\/noticias\/detencion-intramuros-para-tres-supuestos-integrantes-del-grupo-delincuencial-los-chamos-quienes-estarian-dedicados-al-trafico-de-estupefacientes-en-villanueva-casanare\/#breadcrumb"},"inLanguage":"es-CO","potentialAction":[{"@type":"ReadAction","target":["https:\/\/www.fiscalia.gov.co\/colombia\/noticias\/detencion-intramuros-para-tres-supuestos-integrantes-del-grupo-delincuencial-los-chamos-quienes-estarian-dedicados-al-trafico-de-estupefacientes-en-villanueva-casanare\/"]}]},{"@type":"BreadcrumbList","@id":"https:\/\/www.fiscalia.gov.co\/colombia\/noticias\/detencion-intramuros-para-tres-supuestos-integrantes-del-grupo-delincuencial-los-chamos-quienes-estarian-dedicados-al-trafico-de-estupefacientes-en-villanueva-casanare\/#breadcrumb","itemListElement":[{"@type":"ListItem","position":1,"name":"Home","item":"https:\/\/www.fiscalia.gov.co\/colombia\/"},{"@type":"ListItem","position":2,"name":"Detenci\u00f3n intramuros para tres supuestos integrantes del grupo delincuencial Los Chamos, quienes estar\u00edan dedicados al tr\u00e1fico de estupefacientes en Villanueva (Casanare)\u00a0"}]},{"@type":"WebSite","@id":"https:\/\/www.fiscalia.gov.co\/colombia\/#website","url":"https:\/\/www.fiscalia.gov.co\/colombia\/","name":"Fiscal\u00eda General de la Naci\u00f3n","description":"P\u00e1gina oficial de la Fiscal\u00eda General de la Naci\u00f3n \u2013 Colombia. Garantizamos el acceso efectivo a la justicia, la verdad y la reparaci\u00f3n de las v\u00edctimas de los delitos.","publisher":{"@id":"https:\/\/www.fiscalia.gov.co\/colombia\/#organization"},"potentialAction":[{"@type":"SearchAction","target":{"@type":"EntryPoint","urlTemplate":"https:\/\/www.fiscalia.gov.co\/colombia\/?s={search_term_string}"},"query-input":{"@type":"PropertyValueSpecification","valueRequired":true,"valueName":"search_term_string"}}],"inLanguage":"es-CO"},{"@type":"Organization","@id":"https:\/\/www.fiscalia.gov.co\/colombia\/#organization","name":"Fiscal\u00eda General de la Naci\u00f3n","url":"https:\/\/www.fiscalia.gov.co\/colombia\/","logo":{"@type":"ImageObject","inLanguage":"es-CO","@id":"https:\/\/www.fiscalia.gov.co\/colombia\/#\/schema\/logo\/image\/","url":"https:\/\/www.fiscalia.gov.co\/colombia\/wp-content\/uploads\/LogoHorizontal_1.jpg","contentUrl":"https:\/\/www.fiscalia.gov.co\/colombia\/wp-content\/uploads\/LogoHorizontal_1.jpg","width":300,"height":90,"caption":"Fiscal\u00eda General de la Naci\u00f3n"},"image":{"@id":"https:\/\/www.fiscalia.gov.co\/colombia\/#\/schema\/logo\/image\/"},"sameAs":["https:\/\/www.facebook.com\/FiscaliaCol","https:\/\/x.com\/FiscaliaCol","https:\/\/www.instagram.com\/fiscaliacol","https:\/\/www.linkedin.com\/company\/fiscalia-general-de-la-naci-n\/","https:\/\/youtube.com\/@fiscaliageneraldelanacion-4668?si=6nN79nyQICPU5iTh"]},{"@type":"Person","@id":"https:\/\/www.fiscalia.gov.co\/colombia\/#\/schema\/person\/b19b49f26569f91393176a2b3d13a0e5","name":"Johanna Black Prieto Pe\u00f1a","image":{"@type":"ImageObject","inLanguage":"es-CO","@id":"https:\/\/www.fiscalia.gov.co\/colombia\/#\/schema\/person\/image\/","url":"https:\/\/secure.gravatar.com\/avatar\/7f04518e1774335e76d761d76f04003e?s=96&d=mm&r=g","contentUrl":"https:\/\/secure.gravatar.com\/avatar\/7f04518e1774335e76d761d76f04003e?s=96&d=mm&r=g","caption":"Johanna Black Prieto Pe\u00f1a"},"url":"https:\/\/www.fiscalia.gov.co\/colombia\/author\/jprieto\/"}]}},"_links":{"self":[{"href":"https:\/\/www.fiscalia.gov.co\/colombia\/wp-json\/wp\/v2\/posts\/236214","targetHints":{"allow":["GET"]}}],"collection":[{"href":"https:\/\/www.fiscalia.gov.co\/colombia\/wp-json\/wp\/v2\/posts"}],"about":[{"href":"https:\/\/www.fiscalia.gov.co\/colombia\/wp-json\/wp\/v2\/types\/post"}],"author":[{"embeddable":true,"href":"https:\/\/www.fiscalia.gov.co\/colombia\/wp-json\/wp\/v2\/users\/176"}],"replies":[{"embeddable":true,"href":"https:\/\/www.fiscalia.gov.co\/colombia\/wp-json\/wp\/v2\/comments?post=236214"}],"version-history":[{"count":1,"href":"https:\/\/www.fiscalia.gov.co\/colombia\/wp-json\/wp\/v2\/posts\/236214\/revisions"}],"predecessor-version":[{"id":236216,"href":"https:\/\/www.fiscalia.gov.co\/colombia\/wp-json\/wp\/v2\/posts\/236214\/revisions\/236216"}],"wp:attachment":[{"href":"https:\/\/www.fiscalia.gov.co\/colombia\/wp-json\/wp\/v2\/media?parent=236214"}],"wp:term":[{"taxonomy":"category","embeddable":true,"href":"https:\/\/www.fiscalia.gov.co\/colombia\/wp-json\/wp\/v2\/categories?post=236214"},{"taxonomy":"post_tag","embeddable":true,"href":"https:\/\/www.fiscalia.gov.co\/colombia\/wp-json\/wp\/v2\/tags?post=236214"}],"curies":[{"name":"wp","href":"https:\/\/api.w.org\/{rel}","templated":true}]}}