{"id":236082,"date":"2021-12-01T13:10:10","date_gmt":"2021-12-01T18:10:10","guid":{"rendered":"https:\/\/www.fiscalia.gov.co\/colombia\/?p=236082"},"modified":"2021-12-01T13:10:10","modified_gmt":"2021-12-01T18:10:10","slug":"aseguradas-cuatro-personas-dedicadas-al-parecer-a-registrar-y-matricular-vehiculos-hurtados-desde-otros-paises","status":"publish","type":"post","link":"https:\/\/www.fiscalia.gov.co\/colombia\/noticias\/aseguradas-cuatro-personas-dedicadas-al-parecer-a-registrar-y-matricular-vehiculos-hurtados-desde-otros-paises\/","title":{"rendered":"Aseguradas cuatro personas dedicadas, al parecer, a registrar y matricular veh\u00edculos hurtados desde otros pa\u00edses"},"content":{"rendered":"<h4 style=\"font-weight: 400;\"><strong><em>Los hoy procesados har\u00edan parte del grupo delincuencial denominado Twins, que delinqu\u00edan,\u00a0 presuntamente, en los municipios de Barbosa (Santander), Malambo (Atl\u00e1ntico) y Moniquir\u00e1 (Boyac\u00e1)<\/em>.<\/strong><\/h4>\n<p style=\"font-weight: 400;\">Un fiscal de la Estructura de Apoyo de Bogot\u00e1 logr\u00f3 la judicializaci\u00f3n de dos hombres y dos mujeres, presuntos integrantes del grupo delincuencial denominado Twins.<\/p>\n<p style=\"font-weight: 400;\">De acuerdo con la investigaci\u00f3n adelantada con apoyo de la Polic\u00eda Judicial Sij\u00edn, se conoci\u00f3 que, al parecer, estas personas se dedicaban a matricular irregularmente veh\u00edculos hurtados e importados desde Venezuela. Despu\u00e9s de ingresar los autom\u00f3viles al pa\u00eds, el paso a seguir era al parecer, registrarlos con declaraciones de importaci\u00f3n en territorio colombiano adulteradas y con facturas falsas.<\/p>\n<p style=\"font-weight: 400;\">Este grupo delincuencial estaba conformado presuntamente por servidores p\u00fablicos y tramitadores, organizados para cometer estos delitos en los municipios de Barbosa (Santander), Malambo (Atl\u00e1ntico) y Moniquir\u00e1 (Boyac\u00e1).<\/p>\n<p style=\"font-weight: 400;\">El pasado 23 de noviembre, se hicieron efectivas las \u00f3rdenes de captura en contra de Yarelidi Mar\u00eda Garizabalo Guti\u00e9rrez, Jhon \u00c9dison Ariza Pinz\u00f3n, Yolanda Mu\u00f1oz Poveda y Yesid Alberto Jim\u00e9nez Mart\u00ednez.<\/p>\n<p style=\"font-weight: 400;\">En audiencias preliminares la Fiscal\u00eda formul\u00f3 imputaci\u00f3n por los delitos de concierto para delinquir, fraude procesal y uso de documento falso. Estos cargos no fueron aceptados por ninguno de los procesados.<\/p>\n<p style=\"font-weight: 400;\">El Juez 81 Penal Municipal con funci\u00f3n de control de garant\u00edas impuso medida de aseguramiento privativa de la libertad en contra de los cuatro capturados.<\/p>\n<p style=\"font-weight: 400;\">LMFO\/MIJG\/FAGH<\/p>\n<p style=\"font-weight: 400;\"><em style=\"font-weight: 400;\">La informaci\u00f3n contenida en este bolet\u00edn de prensa corresponde a la narraci\u00f3n de los hechos noticiosos objetivos, suministrados por los funcionarios encargados de adelantar las investigaciones penales al interior de la Fiscal\u00eda General de la Naci\u00f3n. Para el momento de la divulgaci\u00f3n de este comunicado, la situaci\u00f3n jur\u00eddica de la(s) persona(s) relacionada(s) se encuentra pendiente de resolver por la autoridad judicial competente, siempre bajo los preceptos de la presunci\u00f3n de inocencia, consagrados en el art\u00edculo 29 de la Constituci\u00f3n Pol\u00edtica y el art\u00edculo 7\u00ba de la Ley 906 de 2004.<\/em><\/p>\n<p><strong>Noticias relacionadas:<\/strong><strong>\u00a0<\/strong><\/p>\n<p><strong><a href=\"https:\/\/www.fiscalia.gov.co\/colombia\/seccionales\/fiscalia-apela-aseguramiento-domiciliario-para-dos-funcionarios-de-la-secretaria-de-transito-de-putumayo\/\" data-saferedirecturl=\"https:\/\/www.google.com\/url?q=https:\/\/www.fiscalia.gov.co\/colombia\/seccionales\/fiscalia-apela-aseguramiento-domiciliario-para-dos-funcionarios-de-la-secretaria-de-transito-de-putumayo\/&amp;source=gmail&amp;ust=1638466538503000&amp;usg=AOvVaw0Y6pbNn-szRBkrtBEL4fsj\">Fiscal\u00eda apela aseguramiento domiciliario para dos funcionarios de la Secretar\u00eda de Tr\u00e1nsito de Putumayo<\/a>\u00a0<\/strong><\/p>\n<p><strong><a href=\"https:\/\/www.fiscalia.gov.co\/colombia\/seccionales\/imputado-el-que-seria-el-ultimo-integrante-de-la-organizacion-delincuencial-los-tramitadores\/\" data-saferedirecturl=\"https:\/\/www.google.com\/url?q=https:\/\/www.fiscalia.gov.co\/colombia\/seccionales\/imputado-el-que-seria-el-ultimo-integrante-de-la-organizacion-delincuencial-los-tramitadores\/&amp;source=gmail&amp;ust=1638466538503000&amp;usg=AOvVaw3OQwzT-3TPebQsl0QDi-A_\">Imputado el que ser\u00eda el \u00faltimo integrante de la organizaci\u00f3n delincuencial Los Tramitadores<\/a>\u00a0<\/strong><\/p>\n\n<div class=\"twitter-share\"><a href=\"https:\/\/twitter.com\/intent\/tweet?via=fiscaliacol\" class=\"twitter-share-button\">Tweet<\/a><\/div>\n","protected":false},"excerpt":{"rendered":"<p>Los hoy procesados har\u00edan parte del grupo delincuencial denominado Twins, que delinqu\u00edan,\u00a0 presuntamente, en los municipios de Barbosa (Santander), Malambo (Atl\u00e1ntico) y Moniquir\u00e1 (Boyac\u00e1). Un fiscal de la Estructura de [&hellip;]<\/p>\n","protected":false},"author":176,"featured_media":0,"comment_status":"closed","ping_status":"open","sticky":false,"template":"","format":"standard","meta":{"tdm_status":"","tdm_grid_status":"","footnotes":""},"categories":[1,321,303],"tags":[729,83,29739,29740,29741,26874,29738,29737],"class_list":["post-236082","post","type-post","status-publish","format-standard","category-noticias","category-seccional-bogota","category-seccionales","tag-barbosa","tag-concierto-para-delinquir","tag-declaraciones-de-importacion-falsas","tag-facturas-falsas","tag-fraude-procesal-y-uso-de-documento-falso","tag-malambo","tag-matricular-irregularmente-vehiculos","tag-moniquira"],"yoast_head":"<!-- This site is optimized with the Yoast SEO plugin v24.3 - https:\/\/yoast.com\/wordpress\/plugins\/seo\/ -->\n<title>Fiscal\u00eda General de la Naci\u00f3n<\/title>\n<meta name=\"description\" content=\"P\u00e1gina oficial de la Fiscal\u00eda General de la Naci\u00f3n \u2013 Colombia. Garantizamos el acceso efectivo a la justicia, la verdad y la reparaci\u00f3n de las v\u00edctimas de los delitos.\" \/>\n<meta name=\"robots\" content=\"noindex, follow\" \/>\n<meta property=\"og:locale\" content=\"es_ES\" \/>\n<meta property=\"og:type\" content=\"article\" \/>\n<meta property=\"og:title\" content=\"Fiscal\u00eda General de la Naci\u00f3n\" \/>\n<meta property=\"og:description\" content=\"P\u00e1gina oficial de la Fiscal\u00eda General de la Naci\u00f3n \u2013 Colombia. Garantizamos el acceso efectivo a la justicia, la verdad y la reparaci\u00f3n de las v\u00edctimas de los delitos.\" \/>\n<meta property=\"og:url\" content=\"https:\/\/www.fiscalia.gov.co\/colombia\/noticias\/aseguradas-cuatro-personas-dedicadas-al-parecer-a-registrar-y-matricular-vehiculos-hurtados-desde-otros-paises\/\" \/>\n<meta property=\"og:site_name\" content=\"Fiscal\u00eda General de la Naci\u00f3n\" \/>\n<meta property=\"article:publisher\" content=\"https:\/\/www.facebook.com\/FiscaliaCol\" \/>\n<meta property=\"article:published_time\" content=\"2021-12-01T18:10:10+00:00\" \/>\n<meta name=\"author\" content=\"Johanna Black Prieto Pe\u00f1a\" \/>\n<meta name=\"twitter:card\" content=\"summary_large_image\" \/>\n<meta name=\"twitter:creator\" content=\"@FiscaliaCol\" \/>\n<meta name=\"twitter:site\" content=\"@FiscaliaCol\" \/>\n<meta name=\"twitter:label1\" content=\"Escrito por\" \/>\n\t<meta name=\"twitter:data1\" content=\"Johanna Black Prieto Pe\u00f1a\" \/>\n\t<meta name=\"twitter:label2\" content=\"Tiempo de lectura\" \/>\n\t<meta name=\"twitter:data2\" content=\"2 minutos\" \/>\n<script type=\"application\/ld+json\" class=\"yoast-schema-graph\">{\"@context\":\"https:\/\/schema.org\",\"@graph\":[{\"@type\":\"Article\",\"@id\":\"https:\/\/www.fiscalia.gov.co\/colombia\/noticias\/aseguradas-cuatro-personas-dedicadas-al-parecer-a-registrar-y-matricular-vehiculos-hurtados-desde-otros-paises\/#article\",\"isPartOf\":{\"@id\":\"https:\/\/www.fiscalia.gov.co\/colombia\/noticias\/aseguradas-cuatro-personas-dedicadas-al-parecer-a-registrar-y-matricular-vehiculos-hurtados-desde-otros-paises\/\"},\"author\":{\"name\":\"Johanna Black Prieto Pe\u00f1a\",\"@id\":\"https:\/\/www.fiscalia.gov.co\/colombia\/#\/schema\/person\/b19b49f26569f91393176a2b3d13a0e5\"},\"headline\":\"Aseguradas cuatro personas dedicadas, al parecer, a registrar y matricular veh\u00edculos hurtados desde otros pa\u00edses\",\"datePublished\":\"2021-12-01T18:10:10+00:00\",\"dateModified\":\"2021-12-01T18:10:10+00:00\",\"mainEntityOfPage\":{\"@id\":\"https:\/\/www.fiscalia.gov.co\/colombia\/noticias\/aseguradas-cuatro-personas-dedicadas-al-parecer-a-registrar-y-matricular-vehiculos-hurtados-desde-otros-paises\/\"},\"wordCount\":399,\"publisher\":{\"@id\":\"https:\/\/www.fiscalia.gov.co\/colombia\/#organization\"},\"keywords\":[\"Barbosa\",\"Concierto para delinquir\",\"declaraciones de importaci\u00f3n falsas\",\"facturas falsas\",\"fraude procesal y uso de documento falso\",\"Malambo.\",\"matricular irregularmente veh\u00edculos\",\"Moniquir\u00e1\"],\"articleSection\":[\"Noticias\",\"Seccional Bogot\u00e1\",\"Seccionales\"],\"inLanguage\":\"es-CO\"},{\"@type\":\"WebPage\",\"@id\":\"https:\/\/www.fiscalia.gov.co\/colombia\/noticias\/aseguradas-cuatro-personas-dedicadas-al-parecer-a-registrar-y-matricular-vehiculos-hurtados-desde-otros-paises\/\",\"url\":\"https:\/\/www.fiscalia.gov.co\/colombia\/noticias\/aseguradas-cuatro-personas-dedicadas-al-parecer-a-registrar-y-matricular-vehiculos-hurtados-desde-otros-paises\/\",\"name\":\"Fiscal\u00eda General de la Naci\u00f3n\",\"isPartOf\":{\"@id\":\"https:\/\/www.fiscalia.gov.co\/colombia\/#website\"},\"datePublished\":\"2021-12-01T18:10:10+00:00\",\"dateModified\":\"2021-12-01T18:10:10+00:00\",\"description\":\"P\u00e1gina oficial de la Fiscal\u00eda General de la Naci\u00f3n \u2013 Colombia. Garantizamos el acceso efectivo a la justicia, la verdad y la reparaci\u00f3n de las v\u00edctimas de los delitos.\",\"breadcrumb\":{\"@id\":\"https:\/\/www.fiscalia.gov.co\/colombia\/noticias\/aseguradas-cuatro-personas-dedicadas-al-parecer-a-registrar-y-matricular-vehiculos-hurtados-desde-otros-paises\/#breadcrumb\"},\"inLanguage\":\"es-CO\",\"potentialAction\":[{\"@type\":\"ReadAction\",\"target\":[\"https:\/\/www.fiscalia.gov.co\/colombia\/noticias\/aseguradas-cuatro-personas-dedicadas-al-parecer-a-registrar-y-matricular-vehiculos-hurtados-desde-otros-paises\/\"]}]},{\"@type\":\"BreadcrumbList\",\"@id\":\"https:\/\/www.fiscalia.gov.co\/colombia\/noticias\/aseguradas-cuatro-personas-dedicadas-al-parecer-a-registrar-y-matricular-vehiculos-hurtados-desde-otros-paises\/#breadcrumb\",\"itemListElement\":[{\"@type\":\"ListItem\",\"position\":1,\"name\":\"Home\",\"item\":\"https:\/\/www.fiscalia.gov.co\/colombia\/\"},{\"@type\":\"ListItem\",\"position\":2,\"name\":\"Aseguradas cuatro personas dedicadas, al parecer, a registrar y matricular veh\u00edculos hurtados desde otros pa\u00edses\"}]},{\"@type\":\"WebSite\",\"@id\":\"https:\/\/www.fiscalia.gov.co\/colombia\/#website\",\"url\":\"https:\/\/www.fiscalia.gov.co\/colombia\/\",\"name\":\"Fiscal\u00eda General de la Naci\u00f3n\",\"description\":\"P\u00e1gina oficial de la Fiscal\u00eda General de la Naci\u00f3n \u2013 Colombia. Garantizamos el acceso efectivo a la justicia, la verdad y la reparaci\u00f3n de las v\u00edctimas de los delitos.\",\"publisher\":{\"@id\":\"https:\/\/www.fiscalia.gov.co\/colombia\/#organization\"},\"potentialAction\":[{\"@type\":\"SearchAction\",\"target\":{\"@type\":\"EntryPoint\",\"urlTemplate\":\"https:\/\/www.fiscalia.gov.co\/colombia\/?s={search_term_string}\"},\"query-input\":{\"@type\":\"PropertyValueSpecification\",\"valueRequired\":true,\"valueName\":\"search_term_string\"}}],\"inLanguage\":\"es-CO\"},{\"@type\":\"Organization\",\"@id\":\"https:\/\/www.fiscalia.gov.co\/colombia\/#organization\",\"name\":\"Fiscal\u00eda General de la Naci\u00f3n\",\"url\":\"https:\/\/www.fiscalia.gov.co\/colombia\/\",\"logo\":{\"@type\":\"ImageObject\",\"inLanguage\":\"es-CO\",\"@id\":\"https:\/\/www.fiscalia.gov.co\/colombia\/#\/schema\/logo\/image\/\",\"url\":\"https:\/\/www.fiscalia.gov.co\/colombia\/wp-content\/uploads\/LogoHorizontal_1.jpg\",\"contentUrl\":\"https:\/\/www.fiscalia.gov.co\/colombia\/wp-content\/uploads\/LogoHorizontal_1.jpg\",\"width\":300,\"height\":90,\"caption\":\"Fiscal\u00eda General de la Naci\u00f3n\"},\"image\":{\"@id\":\"https:\/\/www.fiscalia.gov.co\/colombia\/#\/schema\/logo\/image\/\"},\"sameAs\":[\"https:\/\/www.facebook.com\/FiscaliaCol\",\"https:\/\/x.com\/FiscaliaCol\",\"https:\/\/www.instagram.com\/fiscaliacol\",\"https:\/\/www.linkedin.com\/company\/fiscalia-general-de-la-naci-n\/\",\"https:\/\/youtube.com\/@fiscaliageneraldelanacion-4668?si=6nN79nyQICPU5iTh\"]},{\"@type\":\"Person\",\"@id\":\"https:\/\/www.fiscalia.gov.co\/colombia\/#\/schema\/person\/b19b49f26569f91393176a2b3d13a0e5\",\"name\":\"Johanna Black Prieto Pe\u00f1a\",\"image\":{\"@type\":\"ImageObject\",\"inLanguage\":\"es-CO\",\"@id\":\"https:\/\/www.fiscalia.gov.co\/colombia\/#\/schema\/person\/image\/\",\"url\":\"https:\/\/secure.gravatar.com\/avatar\/7f04518e1774335e76d761d76f04003e?s=96&d=mm&r=g\",\"contentUrl\":\"https:\/\/secure.gravatar.com\/avatar\/7f04518e1774335e76d761d76f04003e?s=96&d=mm&r=g\",\"caption\":\"Johanna Black Prieto Pe\u00f1a\"},\"url\":\"https:\/\/www.fiscalia.gov.co\/colombia\/author\/jprieto\/\"}]}<\/script>\n<!-- \/ Yoast SEO plugin. -->","yoast_head_json":{"title":"Fiscal\u00eda General de la Naci\u00f3n","description":"P\u00e1gina oficial de la Fiscal\u00eda General de la Naci\u00f3n \u2013 Colombia. Garantizamos el acceso efectivo a la justicia, la verdad y la reparaci\u00f3n de las v\u00edctimas de los delitos.","robots":{"index":"noindex","follow":"follow"},"og_locale":"es_ES","og_type":"article","og_title":"Fiscal\u00eda General de la Naci\u00f3n","og_description":"P\u00e1gina oficial de la Fiscal\u00eda General de la Naci\u00f3n \u2013 Colombia. Garantizamos el acceso efectivo a la justicia, la verdad y la reparaci\u00f3n de las v\u00edctimas de los delitos.","og_url":"https:\/\/www.fiscalia.gov.co\/colombia\/noticias\/aseguradas-cuatro-personas-dedicadas-al-parecer-a-registrar-y-matricular-vehiculos-hurtados-desde-otros-paises\/","og_site_name":"Fiscal\u00eda General de la Naci\u00f3n","article_publisher":"https:\/\/www.facebook.com\/FiscaliaCol","article_published_time":"2021-12-01T18:10:10+00:00","author":"Johanna Black Prieto Pe\u00f1a","twitter_card":"summary_large_image","twitter_creator":"@FiscaliaCol","twitter_site":"@FiscaliaCol","twitter_misc":{"Escrito por":"Johanna Black Prieto Pe\u00f1a","Tiempo de lectura":"2 minutos"},"schema":{"@context":"https:\/\/schema.org","@graph":[{"@type":"Article","@id":"https:\/\/www.fiscalia.gov.co\/colombia\/noticias\/aseguradas-cuatro-personas-dedicadas-al-parecer-a-registrar-y-matricular-vehiculos-hurtados-desde-otros-paises\/#article","isPartOf":{"@id":"https:\/\/www.fiscalia.gov.co\/colombia\/noticias\/aseguradas-cuatro-personas-dedicadas-al-parecer-a-registrar-y-matricular-vehiculos-hurtados-desde-otros-paises\/"},"author":{"name":"Johanna Black Prieto Pe\u00f1a","@id":"https:\/\/www.fiscalia.gov.co\/colombia\/#\/schema\/person\/b19b49f26569f91393176a2b3d13a0e5"},"headline":"Aseguradas cuatro personas dedicadas, al parecer, a registrar y matricular veh\u00edculos hurtados desde otros pa\u00edses","datePublished":"2021-12-01T18:10:10+00:00","dateModified":"2021-12-01T18:10:10+00:00","mainEntityOfPage":{"@id":"https:\/\/www.fiscalia.gov.co\/colombia\/noticias\/aseguradas-cuatro-personas-dedicadas-al-parecer-a-registrar-y-matricular-vehiculos-hurtados-desde-otros-paises\/"},"wordCount":399,"publisher":{"@id":"https:\/\/www.fiscalia.gov.co\/colombia\/#organization"},"keywords":["Barbosa","Concierto para delinquir","declaraciones de importaci\u00f3n falsas","facturas falsas","fraude procesal y uso de documento falso","Malambo.","matricular irregularmente veh\u00edculos","Moniquir\u00e1"],"articleSection":["Noticias","Seccional Bogot\u00e1","Seccionales"],"inLanguage":"es-CO"},{"@type":"WebPage","@id":"https:\/\/www.fiscalia.gov.co\/colombia\/noticias\/aseguradas-cuatro-personas-dedicadas-al-parecer-a-registrar-y-matricular-vehiculos-hurtados-desde-otros-paises\/","url":"https:\/\/www.fiscalia.gov.co\/colombia\/noticias\/aseguradas-cuatro-personas-dedicadas-al-parecer-a-registrar-y-matricular-vehiculos-hurtados-desde-otros-paises\/","name":"Fiscal\u00eda General de la Naci\u00f3n","isPartOf":{"@id":"https:\/\/www.fiscalia.gov.co\/colombia\/#website"},"datePublished":"2021-12-01T18:10:10+00:00","dateModified":"2021-12-01T18:10:10+00:00","description":"P\u00e1gina oficial de la Fiscal\u00eda General de la Naci\u00f3n \u2013 Colombia. Garantizamos el acceso efectivo a la justicia, la verdad y la reparaci\u00f3n de las v\u00edctimas de los delitos.","breadcrumb":{"@id":"https:\/\/www.fiscalia.gov.co\/colombia\/noticias\/aseguradas-cuatro-personas-dedicadas-al-parecer-a-registrar-y-matricular-vehiculos-hurtados-desde-otros-paises\/#breadcrumb"},"inLanguage":"es-CO","potentialAction":[{"@type":"ReadAction","target":["https:\/\/www.fiscalia.gov.co\/colombia\/noticias\/aseguradas-cuatro-personas-dedicadas-al-parecer-a-registrar-y-matricular-vehiculos-hurtados-desde-otros-paises\/"]}]},{"@type":"BreadcrumbList","@id":"https:\/\/www.fiscalia.gov.co\/colombia\/noticias\/aseguradas-cuatro-personas-dedicadas-al-parecer-a-registrar-y-matricular-vehiculos-hurtados-desde-otros-paises\/#breadcrumb","itemListElement":[{"@type":"ListItem","position":1,"name":"Home","item":"https:\/\/www.fiscalia.gov.co\/colombia\/"},{"@type":"ListItem","position":2,"name":"Aseguradas cuatro personas dedicadas, al parecer, a registrar y matricular veh\u00edculos hurtados desde otros pa\u00edses"}]},{"@type":"WebSite","@id":"https:\/\/www.fiscalia.gov.co\/colombia\/#website","url":"https:\/\/www.fiscalia.gov.co\/colombia\/","name":"Fiscal\u00eda General de la Naci\u00f3n","description":"P\u00e1gina oficial de la Fiscal\u00eda General de la Naci\u00f3n \u2013 Colombia. Garantizamos el acceso efectivo a la justicia, la verdad y la reparaci\u00f3n de las v\u00edctimas de los delitos.","publisher":{"@id":"https:\/\/www.fiscalia.gov.co\/colombia\/#organization"},"potentialAction":[{"@type":"SearchAction","target":{"@type":"EntryPoint","urlTemplate":"https:\/\/www.fiscalia.gov.co\/colombia\/?s={search_term_string}"},"query-input":{"@type":"PropertyValueSpecification","valueRequired":true,"valueName":"search_term_string"}}],"inLanguage":"es-CO"},{"@type":"Organization","@id":"https:\/\/www.fiscalia.gov.co\/colombia\/#organization","name":"Fiscal\u00eda General de la Naci\u00f3n","url":"https:\/\/www.fiscalia.gov.co\/colombia\/","logo":{"@type":"ImageObject","inLanguage":"es-CO","@id":"https:\/\/www.fiscalia.gov.co\/colombia\/#\/schema\/logo\/image\/","url":"https:\/\/www.fiscalia.gov.co\/colombia\/wp-content\/uploads\/LogoHorizontal_1.jpg","contentUrl":"https:\/\/www.fiscalia.gov.co\/colombia\/wp-content\/uploads\/LogoHorizontal_1.jpg","width":300,"height":90,"caption":"Fiscal\u00eda General de la Naci\u00f3n"},"image":{"@id":"https:\/\/www.fiscalia.gov.co\/colombia\/#\/schema\/logo\/image\/"},"sameAs":["https:\/\/www.facebook.com\/FiscaliaCol","https:\/\/x.com\/FiscaliaCol","https:\/\/www.instagram.com\/fiscaliacol","https:\/\/www.linkedin.com\/company\/fiscalia-general-de-la-naci-n\/","https:\/\/youtube.com\/@fiscaliageneraldelanacion-4668?si=6nN79nyQICPU5iTh"]},{"@type":"Person","@id":"https:\/\/www.fiscalia.gov.co\/colombia\/#\/schema\/person\/b19b49f26569f91393176a2b3d13a0e5","name":"Johanna Black Prieto Pe\u00f1a","image":{"@type":"ImageObject","inLanguage":"es-CO","@id":"https:\/\/www.fiscalia.gov.co\/colombia\/#\/schema\/person\/image\/","url":"https:\/\/secure.gravatar.com\/avatar\/7f04518e1774335e76d761d76f04003e?s=96&d=mm&r=g","contentUrl":"https:\/\/secure.gravatar.com\/avatar\/7f04518e1774335e76d761d76f04003e?s=96&d=mm&r=g","caption":"Johanna Black Prieto Pe\u00f1a"},"url":"https:\/\/www.fiscalia.gov.co\/colombia\/author\/jprieto\/"}]}},"_links":{"self":[{"href":"https:\/\/www.fiscalia.gov.co\/colombia\/wp-json\/wp\/v2\/posts\/236082","targetHints":{"allow":["GET"]}}],"collection":[{"href":"https:\/\/www.fiscalia.gov.co\/colombia\/wp-json\/wp\/v2\/posts"}],"about":[{"href":"https:\/\/www.fiscalia.gov.co\/colombia\/wp-json\/wp\/v2\/types\/post"}],"author":[{"embeddable":true,"href":"https:\/\/www.fiscalia.gov.co\/colombia\/wp-json\/wp\/v2\/users\/176"}],"replies":[{"embeddable":true,"href":"https:\/\/www.fiscalia.gov.co\/colombia\/wp-json\/wp\/v2\/comments?post=236082"}],"version-history":[{"count":1,"href":"https:\/\/www.fiscalia.gov.co\/colombia\/wp-json\/wp\/v2\/posts\/236082\/revisions"}],"predecessor-version":[{"id":236084,"href":"https:\/\/www.fiscalia.gov.co\/colombia\/wp-json\/wp\/v2\/posts\/236082\/revisions\/236084"}],"wp:attachment":[{"href":"https:\/\/www.fiscalia.gov.co\/colombia\/wp-json\/wp\/v2\/media?parent=236082"}],"wp:term":[{"taxonomy":"category","embeddable":true,"href":"https:\/\/www.fiscalia.gov.co\/colombia\/wp-json\/wp\/v2\/categories?post=236082"},{"taxonomy":"post_tag","embeddable":true,"href":"https:\/\/www.fiscalia.gov.co\/colombia\/wp-json\/wp\/v2\/tags?post=236082"}],"curies":[{"name":"wp","href":"https:\/\/api.w.org\/{rel}","templated":true}]}}