{"id":235965,"date":"2021-11-30T15:41:23","date_gmt":"2021-11-30T20:41:23","guid":{"rendered":"https:\/\/www.fiscalia.gov.co\/colombia\/?p=235965"},"modified":"2021-12-13T15:39:23","modified_gmt":"2021-12-13T20:39:23","slug":"desarticulada-la-organizacion-delincuencial-morichal-dedicada-al-abigeato-en-meta","status":"publish","type":"post","link":"https:\/\/www.fiscalia.gov.co\/colombia\/noticias\/desarticulada-la-organizacion-delincuencial-morichal-dedicada-al-abigeato-en-meta\/","title":{"rendered":"Desarticulada la organizaci\u00f3n delincuencial \u2018Morichal\u2019 dedicada al abigeato en Meta"},"content":{"rendered":"<p><span style=\"color: black; font-size: medium;\">Por orden del Juzgado Primero Penal de Acac\u00edas (Meta) fueron asegurados con <\/span><span style=\"color: black; font-size: medium;\"><b>detenci\u00f3n privativa\u00a0<\/b><\/span><span style=\"color: black; font-size: medium;\">de la libertad\u00a0<\/span><span style=\"color: black; font-size: medium;\"><b>siete\u00a0hombres y una mujer,\u00a0<\/b><\/span><span style=\"color: black; font-size: medium;\">presuntamente, implicados en el delito de\u00a0<\/span><span style=\"color: black; font-size: medium;\"><b>abigeato.<\/b><\/span><\/p>\n<div>\n<div id=\"m_-2651240632360575940x_divtagdefaultwrapper\">\n<p align=\"justify\"><span style=\"color: black; font-size: medium;\">Los hechos investigados se habr\u00edan presentado\u00a0<\/span><span style=\"color: black; font-size: medium;\">entre\u00a0<\/span><span style=\"color: black; font-size: medium;\">octubre de 2020 y mayo de 2021 en Acacias, Cubarral, El Castillo y Guamal (Meta).<\/span><\/p>\n<p align=\"justify\"><span style=\"color: black; font-size: medium;\">Labores de polic\u00eda judicial evidencian c\u00f3mo los procesados\u00a0<\/span><a href=\"https:\/\/www.fiscalia.gov.co\/colombia\/noticias\/fiscalia-judicializo-a-15-personas-que-presuntamente-se-dedicaban-al-abigeato-en-huila\/\" target=\"_blank\" rel=\"noopener noreferrer\" data-saferedirecturl=\"https:\/\/www.google.com\/url?q=https:\/\/www.fiscalia.gov.co\/colombia\/noticias\/fiscalia-judicializo-a-15-personas-que-presuntamente-se-dedicaban-al-abigeato-en-huila\/&amp;source=gmail&amp;ust=1638389487314000&amp;usg=AOvVaw3TO7p-XeOJ1eaFwSNmb5L8\"><span style=\"font-size: medium;\"><span style=\"color: blue;\">se habr\u00edan apoderado de ganado en las modalidades de\u00a0arreo<\/span><\/span><\/a><span style=\"color: black; font-size: medium;\">\u00a0adem\u00e1s de haber sacrificado varias reses que luego comercializaban en establecimientos comerciales de Acacias y Meta.<\/span><\/p>\n<p align=\"justify\"><span style=\"color: black; font-size: medium;\">El material de prueba recaudado evidenci\u00f3 c\u00f3mo tres de los implicados se encuentran privados de la libertad en centros carcelarios, por otros delitos.<\/span><\/p>\n<p align=\"justify\"><span style=\"color: black; font-size: medium;\">En los procedimientos de captura de cinco personas participaron investigadores del CTI de la Fiscal\u00eda y la Polic\u00eda Nacional.<\/span><\/p>\n<p align=\"justify\"><span style=\"color: black; font-size: medium;\">Los procesados fueron imputados por los delitos de\u00a0<\/span><span style=\"color: black; font-size: medium;\"><b>concierto para delinquir\u00a0<\/b><\/span><span style=\"color: black; font-size: medium;\">y<\/span><span style=\"color: black; font-size: medium;\"><b>\u00a0abigeato.<\/b><\/span><span style=\"color: black; font-size: medium;\">\u00a0Todos aceptaron los cargos. Cuatro personas fueron privadas de la libertad en centro carcelario y las otras cuatro lo fueron con domiciliaria.<\/span><\/p>\n<p align=\"justify\"><span style=\"color: black; font-size: medium;\">Los procesados son:<\/span><\/p>\n<p align=\"justify\"><span style=\"color: black; font-size: medium;\"><span lang=\"es\">Luis Enrique Bol\u00edvar Vel\u00e1squez\u00a0\u00a0<\/span><\/span><\/p>\n<p align=\"justify\"><span style=\"color: black; font-size: medium;\"><span lang=\"es\">Carlos Augusto Vargas Buitrago\u00a0<\/span><\/span><\/p>\n<p align=\"justify\"><span style=\"color: black; font-size: medium;\"><span lang=\"es\">Fredy Ramiro Rodr\u00edguez Arguello\u00a0\u00a0<\/span><\/span><\/p>\n<p align=\"justify\"><span style=\"color: black; font-size: medium;\"><span lang=\"es\">Luisany Garc\u00eda Carvajal.\u00a0<\/span><\/span><\/p>\n<p align=\"justify\"><span style=\"color: black; font-size: medium;\"><span lang=\"es\">Rigoberto Rodr\u00edguez Arguello\u00a0\u00a0<\/span><\/span><\/p>\n<p align=\"justify\"><span style=\"color: black; font-size: medium;\"><span lang=\"es\">Juan Carlos Chavarro Torres\u00a0<\/span><\/span><\/p>\n<p align=\"justify\"><span style=\"color: black; font-size: medium;\"><span lang=\"es\">Marco Tulio Guzm\u00e1n Ramirez\u00a0<\/span><\/span><\/p>\n<p align=\"justify\"><span style=\"color: black; font-size: medium;\"><span lang=\"es\">Luis Enrique Bol\u00edvar Vel\u00e1squez\u00a0<\/span><\/span><\/p>\n<p align=\"center\"><span style=\"color: black; font-size: medium;\"><b>La Fiscal\u00eda habla con resultados.<\/b><\/span><\/p>\n<p><span style=\"color: black; font-size: medium;\"><b>\u00a0<\/b><\/span><\/p>\n<p><span style=\"color: black; font-size: medium;\"><b>PYMP\/MAGA\/LABB<\/b><\/span><\/p>\n<p>&nbsp;<\/p>\n<p align=\"justify\"><span style=\"color: #222222;\"><span lang=\"es\"><i>La informaci\u00f3n contenida en este bolet\u00edn de prensa corresponde a la narraci\u00f3n de los hechos noticiosos objetivos, suministrados por los funcionarios encargados de adelantar las investigaciones penales al interior de la Fiscal\u00eda General de la Naci\u00f3n. Para el momento de la divulgaci\u00f3n de este comunicado, la situaci\u00f3n jur\u00eddica de la(s) persona(s) relacionada(s) se encuentra pendiente de resolver por la autoridad judicial competente, siempre bajo los preceptos de la presunci\u00f3n de inocencia, consagrados en el art\u00edculo 29 de la Constituci\u00f3n Pol\u00edtica y el art\u00edculo 7\u00ba de la Ley 906 de 2004.<\/i><\/span><\/span><\/p>\n<\/div>\n<\/div>\n<p>&nbsp;<\/p>\n\n<div class=\"twitter-share\"><a href=\"https:\/\/twitter.com\/intent\/tweet?via=fiscaliacol\" class=\"twitter-share-button\">Tweet<\/a><\/div>\n","protected":false},"excerpt":{"rendered":"<p>Por orden del Juzgado Primero Penal de Acac\u00edas (Meta) fueron asegurados con detenci\u00f3n privativa\u00a0de la libertad\u00a0siete\u00a0hombres y una mujer,\u00a0presuntamente, implicados en el delito de\u00a0abigeato. Los hechos investigados se habr\u00edan presentado\u00a0entre\u00a0octubre de 2020 y mayo de 2021 en Acacias, Cubarral, El Castillo y Guamal (Meta). Labores de polic\u00eda judicial evidencian c\u00f3mo los procesados\u00a0se habr\u00edan apoderado de [&hellip;]<\/p>\n","protected":false},"author":176,"featured_media":0,"comment_status":"closed","ping_status":"open","sticky":false,"template":"","format":"video","meta":{"tdm_status":"","tdm_grid_status":"","footnotes":""},"categories":[1,688,303],"tags":[16423,83,29725,24189,29724],"class_list":{"0":"post-235965","1":"post","2":"type-post","3":"status-publish","4":"format-video","6":"category-noticias","7":"category-seccional-villavicencio","8":"category-seccionales","9":"tag-abigeato","10":"tag-concierto-para-delinquir","11":"tag-detencion-privativa","12":"tag-fiscal-francisco-barbosa-delgado","13":"tag-siete-hombres-y-una-mujer","14":"post_format-post-format-video"},"yoast_head":"<!-- This site is optimized with the Yoast SEO plugin v24.3 - https:\/\/yoast.com\/wordpress\/plugins\/seo\/ -->\n<title>Fiscal\u00eda General de la Naci\u00f3n<\/title>\n<meta name=\"description\" content=\"P\u00e1gina oficial de la Fiscal\u00eda General de la Naci\u00f3n \u2013 Colombia. Garantizamos el acceso efectivo a la justicia, la verdad y la reparaci\u00f3n de las v\u00edctimas de los delitos.\" \/>\n<meta name=\"robots\" content=\"noindex, follow\" \/>\n<meta property=\"og:locale\" content=\"es_ES\" \/>\n<meta property=\"og:type\" content=\"article\" \/>\n<meta property=\"og:title\" content=\"Fiscal\u00eda General de la Naci\u00f3n\" \/>\n<meta property=\"og:description\" content=\"P\u00e1gina oficial de la Fiscal\u00eda General de la Naci\u00f3n \u2013 Colombia. Garantizamos el acceso efectivo a la justicia, la verdad y la reparaci\u00f3n de las v\u00edctimas de los delitos.\" \/>\n<meta property=\"og:url\" content=\"https:\/\/www.fiscalia.gov.co\/colombia\/noticias\/desarticulada-la-organizacion-delincuencial-morichal-dedicada-al-abigeato-en-meta\/\" \/>\n<meta property=\"og:site_name\" content=\"Fiscal\u00eda General de la Naci\u00f3n\" \/>\n<meta property=\"article:publisher\" content=\"https:\/\/www.facebook.com\/FiscaliaCol\" \/>\n<meta property=\"article:published_time\" content=\"2021-11-30T20:41:23+00:00\" \/>\n<meta property=\"article:modified_time\" content=\"2021-12-13T20:39:23+00:00\" \/>\n<meta name=\"author\" content=\"Johanna Black Prieto Pe\u00f1a\" \/>\n<meta name=\"twitter:card\" content=\"summary_large_image\" \/>\n<meta name=\"twitter:creator\" content=\"@FiscaliaCol\" \/>\n<meta name=\"twitter:site\" content=\"@FiscaliaCol\" \/>\n<meta name=\"twitter:label1\" content=\"Escrito por\" \/>\n\t<meta name=\"twitter:data1\" content=\"Johanna Black Prieto Pe\u00f1a\" \/>\n\t<meta name=\"twitter:label2\" content=\"Tiempo de lectura\" \/>\n\t<meta name=\"twitter:data2\" content=\"2 minutos\" \/>\n<script type=\"application\/ld+json\" class=\"yoast-schema-graph\">{\"@context\":\"https:\/\/schema.org\",\"@graph\":[{\"@type\":\"Article\",\"@id\":\"https:\/\/www.fiscalia.gov.co\/colombia\/noticias\/desarticulada-la-organizacion-delincuencial-morichal-dedicada-al-abigeato-en-meta\/#article\",\"isPartOf\":{\"@id\":\"https:\/\/www.fiscalia.gov.co\/colombia\/noticias\/desarticulada-la-organizacion-delincuencial-morichal-dedicada-al-abigeato-en-meta\/\"},\"author\":{\"name\":\"Johanna Black Prieto Pe\u00f1a\",\"@id\":\"https:\/\/www.fiscalia.gov.co\/colombia\/#\/schema\/person\/b19b49f26569f91393176a2b3d13a0e5\"},\"headline\":\"Desarticulada la organizaci\u00f3n delincuencial \u2018Morichal\u2019 dedicada al abigeato en Meta\",\"datePublished\":\"2021-11-30T20:41:23+00:00\",\"dateModified\":\"2021-12-13T20:39:23+00:00\",\"mainEntityOfPage\":{\"@id\":\"https:\/\/www.fiscalia.gov.co\/colombia\/noticias\/desarticulada-la-organizacion-delincuencial-morichal-dedicada-al-abigeato-en-meta\/\"},\"wordCount\":335,\"publisher\":{\"@id\":\"https:\/\/www.fiscalia.gov.co\/colombia\/#organization\"},\"keywords\":[\"Abigeato\",\"Concierto para delinquir\",\"detenci\u00f3n privativa\",\"Fiscal Francisco Barbosa Delgado\",\"siete hombres y una mujer\"],\"articleSection\":[\"Noticias\",\"Seccional Villavicencio\",\"Seccionales\"],\"inLanguage\":\"es-CO\"},{\"@type\":\"WebPage\",\"@id\":\"https:\/\/www.fiscalia.gov.co\/colombia\/noticias\/desarticulada-la-organizacion-delincuencial-morichal-dedicada-al-abigeato-en-meta\/\",\"url\":\"https:\/\/www.fiscalia.gov.co\/colombia\/noticias\/desarticulada-la-organizacion-delincuencial-morichal-dedicada-al-abigeato-en-meta\/\",\"name\":\"Fiscal\u00eda General de la Naci\u00f3n\",\"isPartOf\":{\"@id\":\"https:\/\/www.fiscalia.gov.co\/colombia\/#website\"},\"datePublished\":\"2021-11-30T20:41:23+00:00\",\"dateModified\":\"2021-12-13T20:39:23+00:00\",\"description\":\"P\u00e1gina oficial de la Fiscal\u00eda General de la Naci\u00f3n \u2013 Colombia. Garantizamos el acceso efectivo a la justicia, la verdad y la reparaci\u00f3n de las v\u00edctimas de los delitos.\",\"breadcrumb\":{\"@id\":\"https:\/\/www.fiscalia.gov.co\/colombia\/noticias\/desarticulada-la-organizacion-delincuencial-morichal-dedicada-al-abigeato-en-meta\/#breadcrumb\"},\"inLanguage\":\"es-CO\",\"potentialAction\":[{\"@type\":\"ReadAction\",\"target\":[\"https:\/\/www.fiscalia.gov.co\/colombia\/noticias\/desarticulada-la-organizacion-delincuencial-morichal-dedicada-al-abigeato-en-meta\/\"]}]},{\"@type\":\"BreadcrumbList\",\"@id\":\"https:\/\/www.fiscalia.gov.co\/colombia\/noticias\/desarticulada-la-organizacion-delincuencial-morichal-dedicada-al-abigeato-en-meta\/#breadcrumb\",\"itemListElement\":[{\"@type\":\"ListItem\",\"position\":1,\"name\":\"Home\",\"item\":\"https:\/\/www.fiscalia.gov.co\/colombia\/\"},{\"@type\":\"ListItem\",\"position\":2,\"name\":\"Desarticulada la organizaci\u00f3n delincuencial \u2018Morichal\u2019 dedicada al abigeato en Meta\"}]},{\"@type\":\"WebSite\",\"@id\":\"https:\/\/www.fiscalia.gov.co\/colombia\/#website\",\"url\":\"https:\/\/www.fiscalia.gov.co\/colombia\/\",\"name\":\"Fiscal\u00eda General de la Naci\u00f3n\",\"description\":\"P\u00e1gina oficial de la Fiscal\u00eda General de la Naci\u00f3n \u2013 Colombia. Garantizamos el acceso efectivo a la justicia, la verdad y la reparaci\u00f3n de las v\u00edctimas de los delitos.\",\"publisher\":{\"@id\":\"https:\/\/www.fiscalia.gov.co\/colombia\/#organization\"},\"potentialAction\":[{\"@type\":\"SearchAction\",\"target\":{\"@type\":\"EntryPoint\",\"urlTemplate\":\"https:\/\/www.fiscalia.gov.co\/colombia\/?s={search_term_string}\"},\"query-input\":{\"@type\":\"PropertyValueSpecification\",\"valueRequired\":true,\"valueName\":\"search_term_string\"}}],\"inLanguage\":\"es-CO\"},{\"@type\":\"Organization\",\"@id\":\"https:\/\/www.fiscalia.gov.co\/colombia\/#organization\",\"name\":\"Fiscal\u00eda General de la Naci\u00f3n\",\"url\":\"https:\/\/www.fiscalia.gov.co\/colombia\/\",\"logo\":{\"@type\":\"ImageObject\",\"inLanguage\":\"es-CO\",\"@id\":\"https:\/\/www.fiscalia.gov.co\/colombia\/#\/schema\/logo\/image\/\",\"url\":\"https:\/\/www.fiscalia.gov.co\/colombia\/wp-content\/uploads\/LogoHorizontal_1.jpg\",\"contentUrl\":\"https:\/\/www.fiscalia.gov.co\/colombia\/wp-content\/uploads\/LogoHorizontal_1.jpg\",\"width\":300,\"height\":90,\"caption\":\"Fiscal\u00eda General de la Naci\u00f3n\"},\"image\":{\"@id\":\"https:\/\/www.fiscalia.gov.co\/colombia\/#\/schema\/logo\/image\/\"},\"sameAs\":[\"https:\/\/www.facebook.com\/FiscaliaCol\",\"https:\/\/x.com\/FiscaliaCol\",\"https:\/\/www.instagram.com\/fiscaliacol\",\"https:\/\/www.linkedin.com\/company\/fiscalia-general-de-la-naci-n\/\",\"https:\/\/youtube.com\/@fiscaliageneraldelanacion-4668?si=6nN79nyQICPU5iTh\"]},{\"@type\":\"Person\",\"@id\":\"https:\/\/www.fiscalia.gov.co\/colombia\/#\/schema\/person\/b19b49f26569f91393176a2b3d13a0e5\",\"name\":\"Johanna Black Prieto Pe\u00f1a\",\"image\":{\"@type\":\"ImageObject\",\"inLanguage\":\"es-CO\",\"@id\":\"https:\/\/www.fiscalia.gov.co\/colombia\/#\/schema\/person\/image\/\",\"url\":\"https:\/\/secure.gravatar.com\/avatar\/7f04518e1774335e76d761d76f04003e?s=96&d=mm&r=g\",\"contentUrl\":\"https:\/\/secure.gravatar.com\/avatar\/7f04518e1774335e76d761d76f04003e?s=96&d=mm&r=g\",\"caption\":\"Johanna Black Prieto Pe\u00f1a\"},\"url\":\"https:\/\/www.fiscalia.gov.co\/colombia\/author\/jprieto\/\"}]}<\/script>\n<!-- \/ Yoast SEO plugin. -->","yoast_head_json":{"title":"Fiscal\u00eda General de la Naci\u00f3n","description":"P\u00e1gina oficial de la Fiscal\u00eda General de la Naci\u00f3n \u2013 Colombia. Garantizamos el acceso efectivo a la justicia, la verdad y la reparaci\u00f3n de las v\u00edctimas de los delitos.","robots":{"index":"noindex","follow":"follow"},"og_locale":"es_ES","og_type":"article","og_title":"Fiscal\u00eda General de la Naci\u00f3n","og_description":"P\u00e1gina oficial de la Fiscal\u00eda General de la Naci\u00f3n \u2013 Colombia. Garantizamos el acceso efectivo a la justicia, la verdad y la reparaci\u00f3n de las v\u00edctimas de los delitos.","og_url":"https:\/\/www.fiscalia.gov.co\/colombia\/noticias\/desarticulada-la-organizacion-delincuencial-morichal-dedicada-al-abigeato-en-meta\/","og_site_name":"Fiscal\u00eda General de la Naci\u00f3n","article_publisher":"https:\/\/www.facebook.com\/FiscaliaCol","article_published_time":"2021-11-30T20:41:23+00:00","article_modified_time":"2021-12-13T20:39:23+00:00","author":"Johanna Black Prieto Pe\u00f1a","twitter_card":"summary_large_image","twitter_creator":"@FiscaliaCol","twitter_site":"@FiscaliaCol","twitter_misc":{"Escrito por":"Johanna Black Prieto Pe\u00f1a","Tiempo de lectura":"2 minutos"},"schema":{"@context":"https:\/\/schema.org","@graph":[{"@type":"Article","@id":"https:\/\/www.fiscalia.gov.co\/colombia\/noticias\/desarticulada-la-organizacion-delincuencial-morichal-dedicada-al-abigeato-en-meta\/#article","isPartOf":{"@id":"https:\/\/www.fiscalia.gov.co\/colombia\/noticias\/desarticulada-la-organizacion-delincuencial-morichal-dedicada-al-abigeato-en-meta\/"},"author":{"name":"Johanna Black Prieto Pe\u00f1a","@id":"https:\/\/www.fiscalia.gov.co\/colombia\/#\/schema\/person\/b19b49f26569f91393176a2b3d13a0e5"},"headline":"Desarticulada la organizaci\u00f3n delincuencial \u2018Morichal\u2019 dedicada al abigeato en Meta","datePublished":"2021-11-30T20:41:23+00:00","dateModified":"2021-12-13T20:39:23+00:00","mainEntityOfPage":{"@id":"https:\/\/www.fiscalia.gov.co\/colombia\/noticias\/desarticulada-la-organizacion-delincuencial-morichal-dedicada-al-abigeato-en-meta\/"},"wordCount":335,"publisher":{"@id":"https:\/\/www.fiscalia.gov.co\/colombia\/#organization"},"keywords":["Abigeato","Concierto para delinquir","detenci\u00f3n privativa","Fiscal Francisco Barbosa Delgado","siete hombres y una mujer"],"articleSection":["Noticias","Seccional Villavicencio","Seccionales"],"inLanguage":"es-CO"},{"@type":"WebPage","@id":"https:\/\/www.fiscalia.gov.co\/colombia\/noticias\/desarticulada-la-organizacion-delincuencial-morichal-dedicada-al-abigeato-en-meta\/","url":"https:\/\/www.fiscalia.gov.co\/colombia\/noticias\/desarticulada-la-organizacion-delincuencial-morichal-dedicada-al-abigeato-en-meta\/","name":"Fiscal\u00eda General de la Naci\u00f3n","isPartOf":{"@id":"https:\/\/www.fiscalia.gov.co\/colombia\/#website"},"datePublished":"2021-11-30T20:41:23+00:00","dateModified":"2021-12-13T20:39:23+00:00","description":"P\u00e1gina oficial de la Fiscal\u00eda General de la Naci\u00f3n \u2013 Colombia. Garantizamos el acceso efectivo a la justicia, la verdad y la reparaci\u00f3n de las v\u00edctimas de los delitos.","breadcrumb":{"@id":"https:\/\/www.fiscalia.gov.co\/colombia\/noticias\/desarticulada-la-organizacion-delincuencial-morichal-dedicada-al-abigeato-en-meta\/#breadcrumb"},"inLanguage":"es-CO","potentialAction":[{"@type":"ReadAction","target":["https:\/\/www.fiscalia.gov.co\/colombia\/noticias\/desarticulada-la-organizacion-delincuencial-morichal-dedicada-al-abigeato-en-meta\/"]}]},{"@type":"BreadcrumbList","@id":"https:\/\/www.fiscalia.gov.co\/colombia\/noticias\/desarticulada-la-organizacion-delincuencial-morichal-dedicada-al-abigeato-en-meta\/#breadcrumb","itemListElement":[{"@type":"ListItem","position":1,"name":"Home","item":"https:\/\/www.fiscalia.gov.co\/colombia\/"},{"@type":"ListItem","position":2,"name":"Desarticulada la organizaci\u00f3n delincuencial \u2018Morichal\u2019 dedicada al abigeato en Meta"}]},{"@type":"WebSite","@id":"https:\/\/www.fiscalia.gov.co\/colombia\/#website","url":"https:\/\/www.fiscalia.gov.co\/colombia\/","name":"Fiscal\u00eda General de la Naci\u00f3n","description":"P\u00e1gina oficial de la Fiscal\u00eda General de la Naci\u00f3n \u2013 Colombia. Garantizamos el acceso efectivo a la justicia, la verdad y la reparaci\u00f3n de las v\u00edctimas de los delitos.","publisher":{"@id":"https:\/\/www.fiscalia.gov.co\/colombia\/#organization"},"potentialAction":[{"@type":"SearchAction","target":{"@type":"EntryPoint","urlTemplate":"https:\/\/www.fiscalia.gov.co\/colombia\/?s={search_term_string}"},"query-input":{"@type":"PropertyValueSpecification","valueRequired":true,"valueName":"search_term_string"}}],"inLanguage":"es-CO"},{"@type":"Organization","@id":"https:\/\/www.fiscalia.gov.co\/colombia\/#organization","name":"Fiscal\u00eda General de la Naci\u00f3n","url":"https:\/\/www.fiscalia.gov.co\/colombia\/","logo":{"@type":"ImageObject","inLanguage":"es-CO","@id":"https:\/\/www.fiscalia.gov.co\/colombia\/#\/schema\/logo\/image\/","url":"https:\/\/www.fiscalia.gov.co\/colombia\/wp-content\/uploads\/LogoHorizontal_1.jpg","contentUrl":"https:\/\/www.fiscalia.gov.co\/colombia\/wp-content\/uploads\/LogoHorizontal_1.jpg","width":300,"height":90,"caption":"Fiscal\u00eda General de la Naci\u00f3n"},"image":{"@id":"https:\/\/www.fiscalia.gov.co\/colombia\/#\/schema\/logo\/image\/"},"sameAs":["https:\/\/www.facebook.com\/FiscaliaCol","https:\/\/x.com\/FiscaliaCol","https:\/\/www.instagram.com\/fiscaliacol","https:\/\/www.linkedin.com\/company\/fiscalia-general-de-la-naci-n\/","https:\/\/youtube.com\/@fiscaliageneraldelanacion-4668?si=6nN79nyQICPU5iTh"]},{"@type":"Person","@id":"https:\/\/www.fiscalia.gov.co\/colombia\/#\/schema\/person\/b19b49f26569f91393176a2b3d13a0e5","name":"Johanna Black Prieto Pe\u00f1a","image":{"@type":"ImageObject","inLanguage":"es-CO","@id":"https:\/\/www.fiscalia.gov.co\/colombia\/#\/schema\/person\/image\/","url":"https:\/\/secure.gravatar.com\/avatar\/7f04518e1774335e76d761d76f04003e?s=96&d=mm&r=g","contentUrl":"https:\/\/secure.gravatar.com\/avatar\/7f04518e1774335e76d761d76f04003e?s=96&d=mm&r=g","caption":"Johanna Black Prieto Pe\u00f1a"},"url":"https:\/\/www.fiscalia.gov.co\/colombia\/author\/jprieto\/"}]}},"_links":{"self":[{"href":"https:\/\/www.fiscalia.gov.co\/colombia\/wp-json\/wp\/v2\/posts\/235965","targetHints":{"allow":["GET"]}}],"collection":[{"href":"https:\/\/www.fiscalia.gov.co\/colombia\/wp-json\/wp\/v2\/posts"}],"about":[{"href":"https:\/\/www.fiscalia.gov.co\/colombia\/wp-json\/wp\/v2\/types\/post"}],"author":[{"embeddable":true,"href":"https:\/\/www.fiscalia.gov.co\/colombia\/wp-json\/wp\/v2\/users\/176"}],"replies":[{"embeddable":true,"href":"https:\/\/www.fiscalia.gov.co\/colombia\/wp-json\/wp\/v2\/comments?post=235965"}],"version-history":[{"count":2,"href":"https:\/\/www.fiscalia.gov.co\/colombia\/wp-json\/wp\/v2\/posts\/235965\/revisions"}],"predecessor-version":[{"id":236868,"href":"https:\/\/www.fiscalia.gov.co\/colombia\/wp-json\/wp\/v2\/posts\/235965\/revisions\/236868"}],"wp:attachment":[{"href":"https:\/\/www.fiscalia.gov.co\/colombia\/wp-json\/wp\/v2\/media?parent=235965"}],"wp:term":[{"taxonomy":"category","embeddable":true,"href":"https:\/\/www.fiscalia.gov.co\/colombia\/wp-json\/wp\/v2\/categories?post=235965"},{"taxonomy":"post_tag","embeddable":true,"href":"https:\/\/www.fiscalia.gov.co\/colombia\/wp-json\/wp\/v2\/tags?post=235965"}],"curies":[{"name":"wp","href":"https:\/\/api.w.org\/{rel}","templated":true}]}}