{"id":235947,"date":"2021-11-30T13:37:21","date_gmt":"2021-11-30T18:37:21","guid":{"rendered":"https:\/\/www.fiscalia.gov.co\/colombia\/?p=235947"},"modified":"2021-11-30T13:37:21","modified_gmt":"2021-11-30T18:37:21","slug":"acusado-sacerdote-por-el-presunto-abuso-sexual-de-tres-de-sus-feligreses-en-el-tolima","status":"publish","type":"post","link":"https:\/\/www.fiscalia.gov.co\/colombia\/noticias\/acusado-sacerdote-por-el-presunto-abuso-sexual-de-tres-de-sus-feligreses-en-el-tolima\/","title":{"rendered":"Acusado sacerdote por el presunto abuso sexual de tres de sus feligreses en el Tolima"},"content":{"rendered":"<p style=\"font-weight: 400;\">Ante el Juzgado 4\u00b0 Penal del Circuito con funciones de conocimiento, la Fiscal\u00eda General de la Naci\u00f3n acus\u00f3 de manera formal al sacerdote\u00a0<a href=\"https:\/\/www.fiscalia.gov.co\/colombia\/noticias\/confirman-medida-de-aseguramiento-carcelaria-contra-sacerdote-privado-de-la-libertad-por-delitos-sexuales\/\" data-saferedirecturl=\"https:\/\/www.google.com\/url?q=https:\/\/www.fiscalia.gov.co\/colombia\/noticias\/confirman-medida-de-aseguramiento-carcelaria-contra-sacerdote-privado-de-la-libertad-por-delitos-sexuales\/&amp;source=gmail&amp;ust=1638383297139000&amp;usg=AOvVaw2abFkNl4BECNDtmFm8wohd\">Jos\u00e9 Fredy Mart\u00ednez Cruz<\/a>, investigado por presuntamente haber abusado de tres mujeres en Ibagu\u00e9.<\/p>\n<figure id=\"attachment_235948\" aria-describedby=\"caption-attachment-235948\" style=\"width: 1280px\" class=\"wp-caption alignnone\"><img loading=\"lazy\" decoding=\"async\" class=\"size-full wp-image-235948\" src=\"https:\/\/www.fiscalia.gov.co\/colombia\/wp-content\/uploads\/sacertod-jhon-fredy-abuso-villarestrepo-ibague-acusacion.jpeg\" alt=\"\" width=\"1280\" height=\"996\" srcset=\"https:\/\/www.fiscalia.gov.co\/colombia\/wp-content\/uploads\/sacertod-jhon-fredy-abuso-villarestrepo-ibague-acusacion.jpeg 1280w, https:\/\/www.fiscalia.gov.co\/colombia\/wp-content\/uploads\/sacertod-jhon-fredy-abuso-villarestrepo-ibague-acusacion-300x233.jpeg 300w, https:\/\/www.fiscalia.gov.co\/colombia\/wp-content\/uploads\/sacertod-jhon-fredy-abuso-villarestrepo-ibague-acusacion-1024x797.jpeg 1024w, https:\/\/www.fiscalia.gov.co\/colombia\/wp-content\/uploads\/sacertod-jhon-fredy-abuso-villarestrepo-ibague-acusacion-768x598.jpeg 768w, https:\/\/www.fiscalia.gov.co\/colombia\/wp-content\/uploads\/sacertod-jhon-fredy-abuso-villarestrepo-ibague-acusacion-696x542.jpeg 696w, https:\/\/www.fiscalia.gov.co\/colombia\/wp-content\/uploads\/sacertod-jhon-fredy-abuso-villarestrepo-ibague-acusacion-1068x831.jpeg 1068w, https:\/\/www.fiscalia.gov.co\/colombia\/wp-content\/uploads\/sacertod-jhon-fredy-abuso-villarestrepo-ibague-acusacion-540x420.jpeg 540w\" sizes=\"auto, (max-width: 1280px) 100vw, 1280px\" \/><figcaption id=\"caption-attachment-235948\" class=\"wp-caption-text\">El sacerdote fue suspendido de sus funciones y su captura se llev\u00f3 a cabo por ser el presunto responsable de delitos sexuales en contra de tres de sus feligreses.<\/figcaption><\/figure>\n<p style=\"font-weight: 400;\">La diligencia fue adelantada a trav\u00e9s de un despacho delegado ante el Centro de Atenci\u00f3n Integral a V\u00edctimas de Abuso Sexual (Caivas), de la Seccional Tolima,<\/p>\n<p style=\"font-weight: 400;\">Al acusado, que la Iglesia Cat\u00f3lica suspendi\u00f3 de sus funciones,\u00a0le fueron imputados los cargos de acto sexual violento, acto sexual con persona puesta en incapacidad de resistir y acceso carnal con persona puesta en incapacidad de resistir, los cuales fueron ratificados en audiencia de acusaci\u00f3n. Su captura estuvo a cargo de funcionarios del CTI.<\/p>\n<p style=\"font-weight: 400;\">Mart\u00ednez Cruz, reconocido por sus misas de sanaci\u00f3n en una iglesia del corregimiento de Villa Restrepo, ubicada a las afueras de la capital tolimense, lideraba adem\u00e1s un grupo de oraci\u00f3n. Y durante los momentos denominados de unci\u00f3n habr\u00edan sucedido estas agresiones sexuales cuando, al parecer, eran doblegadas las v\u00edctimas por el sacerdote.<\/p>\n<p style=\"font-weight: 400;\">Se trata de mujeres entre 19 y 22 a\u00f1os, en hechos ocurridos entre los a\u00f1os 2007 y 2013.<\/p>\n<p style=\"font-weight: 400;\">La audiencia preparatoria de cara al juicio se fij\u00f3 para el 21 de enero del a\u00f1o 2022.<\/p>\n<p style=\"font-weight: 400;\">La Fiscal\u00eda habla con resultados.<\/p>\n<p style=\"font-weight: 400;\">PAAM\/FGN\/CGP<\/p>\n<p style=\"font-weight: 400;\">\n<p>&nbsp;<\/p>\n<p>&nbsp;<\/p>\n\n<div class=\"twitter-share\"><a href=\"https:\/\/twitter.com\/intent\/tweet?via=fiscaliacol\" class=\"twitter-share-button\">Tweet<\/a><\/div>\n","protected":false},"excerpt":{"rendered":"<p>Ante el Juzgado 4\u00b0 Penal del Circuito con funciones de conocimiento, la Fiscal\u00eda General de la Naci\u00f3n acus\u00f3 de manera formal al sacerdote\u00a0Jos\u00e9 Fredy Mart\u00ednez Cruz, investigado por presuntamente haber abusado de tres mujeres en Ibagu\u00e9. La diligencia fue adelantada a trav\u00e9s de un despacho delegado ante el Centro de Atenci\u00f3n Integral a V\u00edctimas de [&hellip;]<\/p>\n","protected":false},"author":176,"featured_media":0,"comment_status":"closed","ping_status":"open","sticky":false,"template":"","format":"standard","meta":{"tdm_status":"","tdm_grid_status":"","footnotes":""},"categories":[1,329,303],"tags":[1844,2245,2369,29721,1047,29722,23838,2313,26463,29720,862,24211,12189],"class_list":{"0":"post-235947","1":"post","2":"type-post","3":"status-publish","4":"format-standard","6":"category-noticias","7":"category-seccional-ibague","8":"category-seccionales","9":"tag-acusacion","10":"tag-caivas","11":"tag-de4litos-sexuales","12":"tag-fieles","13":"tag-fiscalia-general-de-la-nacion","14":"tag-grupo-de-oracion","15":"tag-ibague","16":"tag-juicio","17":"tag-padre","18":"tag-parroco-iglesia-villa-restrepo","19":"tag-sacerdote","20":"tag-seccional-tolima","21":"tag-tolima"},"yoast_head":"<!-- This site is optimized with the Yoast SEO plugin v24.3 - https:\/\/yoast.com\/wordpress\/plugins\/seo\/ -->\n<title>Fiscal\u00eda General de la Naci\u00f3n<\/title>\n<meta name=\"description\" content=\"P\u00e1gina oficial de la Fiscal\u00eda General de la Naci\u00f3n \u2013 Colombia. Garantizamos el acceso efectivo a la justicia, la verdad y la reparaci\u00f3n de las v\u00edctimas de los delitos.\" \/>\n<meta name=\"robots\" content=\"noindex, follow\" \/>\n<meta property=\"og:locale\" content=\"es_ES\" \/>\n<meta property=\"og:type\" content=\"article\" \/>\n<meta property=\"og:title\" content=\"Fiscal\u00eda General de la Naci\u00f3n\" \/>\n<meta property=\"og:description\" content=\"P\u00e1gina oficial de la Fiscal\u00eda General de la Naci\u00f3n \u2013 Colombia. Garantizamos el acceso efectivo a la justicia, la verdad y la reparaci\u00f3n de las v\u00edctimas de los delitos.\" \/>\n<meta property=\"og:url\" content=\"https:\/\/www.fiscalia.gov.co\/colombia\/noticias\/acusado-sacerdote-por-el-presunto-abuso-sexual-de-tres-de-sus-feligreses-en-el-tolima\/\" \/>\n<meta property=\"og:site_name\" content=\"Fiscal\u00eda General de la Naci\u00f3n\" \/>\n<meta property=\"article:publisher\" content=\"https:\/\/www.facebook.com\/FiscaliaCol\" \/>\n<meta property=\"article:published_time\" content=\"2021-11-30T18:37:21+00:00\" \/>\n<meta property=\"og:image\" content=\"https:\/\/www.fiscalia.gov.co\/colombia\/wp-content\/uploads\/sacertod-jhon-fredy-abuso-villarestrepo-ibague-acusacion.jpeg\" \/>\n<meta name=\"author\" content=\"Johanna Black Prieto Pe\u00f1a\" \/>\n<meta name=\"twitter:card\" content=\"summary_large_image\" \/>\n<meta name=\"twitter:creator\" content=\"@FiscaliaCol\" \/>\n<meta name=\"twitter:site\" content=\"@FiscaliaCol\" \/>\n<meta name=\"twitter:label1\" content=\"Escrito por\" \/>\n\t<meta name=\"twitter:data1\" content=\"Johanna Black Prieto Pe\u00f1a\" \/>\n\t<meta name=\"twitter:label2\" content=\"Tiempo de lectura\" \/>\n\t<meta name=\"twitter:data2\" content=\"1 minuto\" \/>\n<script type=\"application\/ld+json\" class=\"yoast-schema-graph\">{\"@context\":\"https:\/\/schema.org\",\"@graph\":[{\"@type\":\"Article\",\"@id\":\"https:\/\/www.fiscalia.gov.co\/colombia\/noticias\/acusado-sacerdote-por-el-presunto-abuso-sexual-de-tres-de-sus-feligreses-en-el-tolima\/#article\",\"isPartOf\":{\"@id\":\"https:\/\/www.fiscalia.gov.co\/colombia\/noticias\/acusado-sacerdote-por-el-presunto-abuso-sexual-de-tres-de-sus-feligreses-en-el-tolima\/\"},\"author\":{\"name\":\"Johanna Black Prieto Pe\u00f1a\",\"@id\":\"https:\/\/www.fiscalia.gov.co\/colombia\/#\/schema\/person\/b19b49f26569f91393176a2b3d13a0e5\"},\"headline\":\"Acusado sacerdote por el presunto abuso sexual de tres de sus feligreses en el Tolima\",\"datePublished\":\"2021-11-30T18:37:21+00:00\",\"dateModified\":\"2021-11-30T18:37:21+00:00\",\"mainEntityOfPage\":{\"@id\":\"https:\/\/www.fiscalia.gov.co\/colombia\/noticias\/acusado-sacerdote-por-el-presunto-abuso-sexual-de-tres-de-sus-feligreses-en-el-tolima\/\"},\"wordCount\":278,\"publisher\":{\"@id\":\"https:\/\/www.fiscalia.gov.co\/colombia\/#organization\"},\"image\":{\"@id\":\"https:\/\/www.fiscalia.gov.co\/colombia\/noticias\/acusado-sacerdote-por-el-presunto-abuso-sexual-de-tres-de-sus-feligreses-en-el-tolima\/#primaryimage\"},\"thumbnailUrl\":\"https:\/\/www.fiscalia.gov.co\/colombia\/wp-content\/uploads\/sacertod-jhon-fredy-abuso-villarestrepo-ibague-acusacion.jpeg\",\"keywords\":[\"Acusaci\u00f3n\",\"Caivas\",\"Delitos sexuales\",\"fieles\",\"Fiscal\u00eda General de la Naci\u00f3n\",\"grupo de oraci\u00f3n.\",\"Ibagu\u00e9\",\"Juicio\",\"padre\",\"p\u00e1rroco iglesia Villa Restrepo\",\"Sacerdote\",\"Seccional Tolima\",\"Tolima\"],\"articleSection\":[\"Noticias\",\"Seccional Ibagu\u00e9\",\"Seccionales\"],\"inLanguage\":\"es-CO\"},{\"@type\":\"WebPage\",\"@id\":\"https:\/\/www.fiscalia.gov.co\/colombia\/noticias\/acusado-sacerdote-por-el-presunto-abuso-sexual-de-tres-de-sus-feligreses-en-el-tolima\/\",\"url\":\"https:\/\/www.fiscalia.gov.co\/colombia\/noticias\/acusado-sacerdote-por-el-presunto-abuso-sexual-de-tres-de-sus-feligreses-en-el-tolima\/\",\"name\":\"Fiscal\u00eda General de la Naci\u00f3n\",\"isPartOf\":{\"@id\":\"https:\/\/www.fiscalia.gov.co\/colombia\/#website\"},\"primaryImageOfPage\":{\"@id\":\"https:\/\/www.fiscalia.gov.co\/colombia\/noticias\/acusado-sacerdote-por-el-presunto-abuso-sexual-de-tres-de-sus-feligreses-en-el-tolima\/#primaryimage\"},\"image\":{\"@id\":\"https:\/\/www.fiscalia.gov.co\/colombia\/noticias\/acusado-sacerdote-por-el-presunto-abuso-sexual-de-tres-de-sus-feligreses-en-el-tolima\/#primaryimage\"},\"thumbnailUrl\":\"https:\/\/www.fiscalia.gov.co\/colombia\/wp-content\/uploads\/sacertod-jhon-fredy-abuso-villarestrepo-ibague-acusacion.jpeg\",\"datePublished\":\"2021-11-30T18:37:21+00:00\",\"dateModified\":\"2021-11-30T18:37:21+00:00\",\"description\":\"P\u00e1gina oficial de la Fiscal\u00eda General de la Naci\u00f3n \u2013 Colombia. Garantizamos el acceso efectivo a la justicia, la verdad y la reparaci\u00f3n de las v\u00edctimas de los delitos.\",\"breadcrumb\":{\"@id\":\"https:\/\/www.fiscalia.gov.co\/colombia\/noticias\/acusado-sacerdote-por-el-presunto-abuso-sexual-de-tres-de-sus-feligreses-en-el-tolima\/#breadcrumb\"},\"inLanguage\":\"es-CO\",\"potentialAction\":[{\"@type\":\"ReadAction\",\"target\":[\"https:\/\/www.fiscalia.gov.co\/colombia\/noticias\/acusado-sacerdote-por-el-presunto-abuso-sexual-de-tres-de-sus-feligreses-en-el-tolima\/\"]}]},{\"@type\":\"ImageObject\",\"inLanguage\":\"es-CO\",\"@id\":\"https:\/\/www.fiscalia.gov.co\/colombia\/noticias\/acusado-sacerdote-por-el-presunto-abuso-sexual-de-tres-de-sus-feligreses-en-el-tolima\/#primaryimage\",\"url\":\"https:\/\/www.fiscalia.gov.co\/colombia\/wp-content\/uploads\/sacertod-jhon-fredy-abuso-villarestrepo-ibague-acusacion.jpeg\",\"contentUrl\":\"https:\/\/www.fiscalia.gov.co\/colombia\/wp-content\/uploads\/sacertod-jhon-fredy-abuso-villarestrepo-ibague-acusacion.jpeg\",\"width\":1280,\"height\":996,\"caption\":\"El sacerdote fue suspendido de sus funciones y su captura se llev\u00f3 a cabo por ser el presunto responsable de delitos sexuales en contra de tres de sus feligreses.\"},{\"@type\":\"BreadcrumbList\",\"@id\":\"https:\/\/www.fiscalia.gov.co\/colombia\/noticias\/acusado-sacerdote-por-el-presunto-abuso-sexual-de-tres-de-sus-feligreses-en-el-tolima\/#breadcrumb\",\"itemListElement\":[{\"@type\":\"ListItem\",\"position\":1,\"name\":\"Home\",\"item\":\"https:\/\/www.fiscalia.gov.co\/colombia\/\"},{\"@type\":\"ListItem\",\"position\":2,\"name\":\"Acusado sacerdote por el presunto abuso sexual de tres de sus feligreses en el Tolima\"}]},{\"@type\":\"WebSite\",\"@id\":\"https:\/\/www.fiscalia.gov.co\/colombia\/#website\",\"url\":\"https:\/\/www.fiscalia.gov.co\/colombia\/\",\"name\":\"Fiscal\u00eda General de la Naci\u00f3n\",\"description\":\"P\u00e1gina oficial de la Fiscal\u00eda General de la Naci\u00f3n \u2013 Colombia. Garantizamos el acceso efectivo a la justicia, la verdad y la reparaci\u00f3n de las v\u00edctimas de los delitos.\",\"publisher\":{\"@id\":\"https:\/\/www.fiscalia.gov.co\/colombia\/#organization\"},\"potentialAction\":[{\"@type\":\"SearchAction\",\"target\":{\"@type\":\"EntryPoint\",\"urlTemplate\":\"https:\/\/www.fiscalia.gov.co\/colombia\/?s={search_term_string}\"},\"query-input\":{\"@type\":\"PropertyValueSpecification\",\"valueRequired\":true,\"valueName\":\"search_term_string\"}}],\"inLanguage\":\"es-CO\"},{\"@type\":\"Organization\",\"@id\":\"https:\/\/www.fiscalia.gov.co\/colombia\/#organization\",\"name\":\"Fiscal\u00eda General de la Naci\u00f3n\",\"url\":\"https:\/\/www.fiscalia.gov.co\/colombia\/\",\"logo\":{\"@type\":\"ImageObject\",\"inLanguage\":\"es-CO\",\"@id\":\"https:\/\/www.fiscalia.gov.co\/colombia\/#\/schema\/logo\/image\/\",\"url\":\"https:\/\/www.fiscalia.gov.co\/colombia\/wp-content\/uploads\/LogoHorizontal_1.jpg\",\"contentUrl\":\"https:\/\/www.fiscalia.gov.co\/colombia\/wp-content\/uploads\/LogoHorizontal_1.jpg\",\"width\":300,\"height\":90,\"caption\":\"Fiscal\u00eda General de la Naci\u00f3n\"},\"image\":{\"@id\":\"https:\/\/www.fiscalia.gov.co\/colombia\/#\/schema\/logo\/image\/\"},\"sameAs\":[\"https:\/\/www.facebook.com\/FiscaliaCol\",\"https:\/\/x.com\/FiscaliaCol\",\"https:\/\/www.instagram.com\/fiscaliacol\",\"https:\/\/www.linkedin.com\/company\/fiscalia-general-de-la-naci-n\/\",\"https:\/\/youtube.com\/@fiscaliageneraldelanacion-4668?si=6nN79nyQICPU5iTh\"]},{\"@type\":\"Person\",\"@id\":\"https:\/\/www.fiscalia.gov.co\/colombia\/#\/schema\/person\/b19b49f26569f91393176a2b3d13a0e5\",\"name\":\"Johanna Black Prieto Pe\u00f1a\",\"image\":{\"@type\":\"ImageObject\",\"inLanguage\":\"es-CO\",\"@id\":\"https:\/\/www.fiscalia.gov.co\/colombia\/#\/schema\/person\/image\/\",\"url\":\"https:\/\/secure.gravatar.com\/avatar\/7f04518e1774335e76d761d76f04003e?s=96&d=mm&r=g\",\"contentUrl\":\"https:\/\/secure.gravatar.com\/avatar\/7f04518e1774335e76d761d76f04003e?s=96&d=mm&r=g\",\"caption\":\"Johanna Black Prieto Pe\u00f1a\"},\"url\":\"https:\/\/www.fiscalia.gov.co\/colombia\/author\/jprieto\/\"}]}<\/script>\n<!-- \/ Yoast SEO plugin. -->","yoast_head_json":{"title":"Fiscal\u00eda General de la Naci\u00f3n","description":"P\u00e1gina oficial de la Fiscal\u00eda General de la Naci\u00f3n \u2013 Colombia. Garantizamos el acceso efectivo a la justicia, la verdad y la reparaci\u00f3n de las v\u00edctimas de los delitos.","robots":{"index":"noindex","follow":"follow"},"og_locale":"es_ES","og_type":"article","og_title":"Fiscal\u00eda General de la Naci\u00f3n","og_description":"P\u00e1gina oficial de la Fiscal\u00eda General de la Naci\u00f3n \u2013 Colombia. Garantizamos el acceso efectivo a la justicia, la verdad y la reparaci\u00f3n de las v\u00edctimas de los delitos.","og_url":"https:\/\/www.fiscalia.gov.co\/colombia\/noticias\/acusado-sacerdote-por-el-presunto-abuso-sexual-de-tres-de-sus-feligreses-en-el-tolima\/","og_site_name":"Fiscal\u00eda General de la Naci\u00f3n","article_publisher":"https:\/\/www.facebook.com\/FiscaliaCol","article_published_time":"2021-11-30T18:37:21+00:00","og_image":[{"url":"https:\/\/www.fiscalia.gov.co\/colombia\/wp-content\/uploads\/sacertod-jhon-fredy-abuso-villarestrepo-ibague-acusacion.jpeg","type":"","width":"","height":""}],"author":"Johanna Black Prieto Pe\u00f1a","twitter_card":"summary_large_image","twitter_creator":"@FiscaliaCol","twitter_site":"@FiscaliaCol","twitter_misc":{"Escrito por":"Johanna Black Prieto Pe\u00f1a","Tiempo de lectura":"1 minuto"},"schema":{"@context":"https:\/\/schema.org","@graph":[{"@type":"Article","@id":"https:\/\/www.fiscalia.gov.co\/colombia\/noticias\/acusado-sacerdote-por-el-presunto-abuso-sexual-de-tres-de-sus-feligreses-en-el-tolima\/#article","isPartOf":{"@id":"https:\/\/www.fiscalia.gov.co\/colombia\/noticias\/acusado-sacerdote-por-el-presunto-abuso-sexual-de-tres-de-sus-feligreses-en-el-tolima\/"},"author":{"name":"Johanna Black Prieto Pe\u00f1a","@id":"https:\/\/www.fiscalia.gov.co\/colombia\/#\/schema\/person\/b19b49f26569f91393176a2b3d13a0e5"},"headline":"Acusado sacerdote por el presunto abuso sexual de tres de sus feligreses en el Tolima","datePublished":"2021-11-30T18:37:21+00:00","dateModified":"2021-11-30T18:37:21+00:00","mainEntityOfPage":{"@id":"https:\/\/www.fiscalia.gov.co\/colombia\/noticias\/acusado-sacerdote-por-el-presunto-abuso-sexual-de-tres-de-sus-feligreses-en-el-tolima\/"},"wordCount":278,"publisher":{"@id":"https:\/\/www.fiscalia.gov.co\/colombia\/#organization"},"image":{"@id":"https:\/\/www.fiscalia.gov.co\/colombia\/noticias\/acusado-sacerdote-por-el-presunto-abuso-sexual-de-tres-de-sus-feligreses-en-el-tolima\/#primaryimage"},"thumbnailUrl":"https:\/\/www.fiscalia.gov.co\/colombia\/wp-content\/uploads\/sacertod-jhon-fredy-abuso-villarestrepo-ibague-acusacion.jpeg","keywords":["Acusaci\u00f3n","Caivas","Delitos sexuales","fieles","Fiscal\u00eda General de la Naci\u00f3n","grupo de oraci\u00f3n.","Ibagu\u00e9","Juicio","padre","p\u00e1rroco iglesia Villa Restrepo","Sacerdote","Seccional Tolima","Tolima"],"articleSection":["Noticias","Seccional Ibagu\u00e9","Seccionales"],"inLanguage":"es-CO"},{"@type":"WebPage","@id":"https:\/\/www.fiscalia.gov.co\/colombia\/noticias\/acusado-sacerdote-por-el-presunto-abuso-sexual-de-tres-de-sus-feligreses-en-el-tolima\/","url":"https:\/\/www.fiscalia.gov.co\/colombia\/noticias\/acusado-sacerdote-por-el-presunto-abuso-sexual-de-tres-de-sus-feligreses-en-el-tolima\/","name":"Fiscal\u00eda General de la Naci\u00f3n","isPartOf":{"@id":"https:\/\/www.fiscalia.gov.co\/colombia\/#website"},"primaryImageOfPage":{"@id":"https:\/\/www.fiscalia.gov.co\/colombia\/noticias\/acusado-sacerdote-por-el-presunto-abuso-sexual-de-tres-de-sus-feligreses-en-el-tolima\/#primaryimage"},"image":{"@id":"https:\/\/www.fiscalia.gov.co\/colombia\/noticias\/acusado-sacerdote-por-el-presunto-abuso-sexual-de-tres-de-sus-feligreses-en-el-tolima\/#primaryimage"},"thumbnailUrl":"https:\/\/www.fiscalia.gov.co\/colombia\/wp-content\/uploads\/sacertod-jhon-fredy-abuso-villarestrepo-ibague-acusacion.jpeg","datePublished":"2021-11-30T18:37:21+00:00","dateModified":"2021-11-30T18:37:21+00:00","description":"P\u00e1gina oficial de la Fiscal\u00eda General de la Naci\u00f3n \u2013 Colombia. Garantizamos el acceso efectivo a la justicia, la verdad y la reparaci\u00f3n de las v\u00edctimas de los delitos.","breadcrumb":{"@id":"https:\/\/www.fiscalia.gov.co\/colombia\/noticias\/acusado-sacerdote-por-el-presunto-abuso-sexual-de-tres-de-sus-feligreses-en-el-tolima\/#breadcrumb"},"inLanguage":"es-CO","potentialAction":[{"@type":"ReadAction","target":["https:\/\/www.fiscalia.gov.co\/colombia\/noticias\/acusado-sacerdote-por-el-presunto-abuso-sexual-de-tres-de-sus-feligreses-en-el-tolima\/"]}]},{"@type":"ImageObject","inLanguage":"es-CO","@id":"https:\/\/www.fiscalia.gov.co\/colombia\/noticias\/acusado-sacerdote-por-el-presunto-abuso-sexual-de-tres-de-sus-feligreses-en-el-tolima\/#primaryimage","url":"https:\/\/www.fiscalia.gov.co\/colombia\/wp-content\/uploads\/sacertod-jhon-fredy-abuso-villarestrepo-ibague-acusacion.jpeg","contentUrl":"https:\/\/www.fiscalia.gov.co\/colombia\/wp-content\/uploads\/sacertod-jhon-fredy-abuso-villarestrepo-ibague-acusacion.jpeg","width":1280,"height":996,"caption":"El sacerdote fue suspendido de sus funciones y su captura se llev\u00f3 a cabo por ser el presunto responsable de delitos sexuales en contra de tres de sus feligreses."},{"@type":"BreadcrumbList","@id":"https:\/\/www.fiscalia.gov.co\/colombia\/noticias\/acusado-sacerdote-por-el-presunto-abuso-sexual-de-tres-de-sus-feligreses-en-el-tolima\/#breadcrumb","itemListElement":[{"@type":"ListItem","position":1,"name":"Home","item":"https:\/\/www.fiscalia.gov.co\/colombia\/"},{"@type":"ListItem","position":2,"name":"Acusado sacerdote por el presunto abuso sexual de tres de sus feligreses en el Tolima"}]},{"@type":"WebSite","@id":"https:\/\/www.fiscalia.gov.co\/colombia\/#website","url":"https:\/\/www.fiscalia.gov.co\/colombia\/","name":"Fiscal\u00eda General de la Naci\u00f3n","description":"P\u00e1gina oficial de la Fiscal\u00eda General de la Naci\u00f3n \u2013 Colombia. Garantizamos el acceso efectivo a la justicia, la verdad y la reparaci\u00f3n de las v\u00edctimas de los delitos.","publisher":{"@id":"https:\/\/www.fiscalia.gov.co\/colombia\/#organization"},"potentialAction":[{"@type":"SearchAction","target":{"@type":"EntryPoint","urlTemplate":"https:\/\/www.fiscalia.gov.co\/colombia\/?s={search_term_string}"},"query-input":{"@type":"PropertyValueSpecification","valueRequired":true,"valueName":"search_term_string"}}],"inLanguage":"es-CO"},{"@type":"Organization","@id":"https:\/\/www.fiscalia.gov.co\/colombia\/#organization","name":"Fiscal\u00eda General de la Naci\u00f3n","url":"https:\/\/www.fiscalia.gov.co\/colombia\/","logo":{"@type":"ImageObject","inLanguage":"es-CO","@id":"https:\/\/www.fiscalia.gov.co\/colombia\/#\/schema\/logo\/image\/","url":"https:\/\/www.fiscalia.gov.co\/colombia\/wp-content\/uploads\/LogoHorizontal_1.jpg","contentUrl":"https:\/\/www.fiscalia.gov.co\/colombia\/wp-content\/uploads\/LogoHorizontal_1.jpg","width":300,"height":90,"caption":"Fiscal\u00eda General de la Naci\u00f3n"},"image":{"@id":"https:\/\/www.fiscalia.gov.co\/colombia\/#\/schema\/logo\/image\/"},"sameAs":["https:\/\/www.facebook.com\/FiscaliaCol","https:\/\/x.com\/FiscaliaCol","https:\/\/www.instagram.com\/fiscaliacol","https:\/\/www.linkedin.com\/company\/fiscalia-general-de-la-naci-n\/","https:\/\/youtube.com\/@fiscaliageneraldelanacion-4668?si=6nN79nyQICPU5iTh"]},{"@type":"Person","@id":"https:\/\/www.fiscalia.gov.co\/colombia\/#\/schema\/person\/b19b49f26569f91393176a2b3d13a0e5","name":"Johanna Black Prieto Pe\u00f1a","image":{"@type":"ImageObject","inLanguage":"es-CO","@id":"https:\/\/www.fiscalia.gov.co\/colombia\/#\/schema\/person\/image\/","url":"https:\/\/secure.gravatar.com\/avatar\/7f04518e1774335e76d761d76f04003e?s=96&d=mm&r=g","contentUrl":"https:\/\/secure.gravatar.com\/avatar\/7f04518e1774335e76d761d76f04003e?s=96&d=mm&r=g","caption":"Johanna Black Prieto Pe\u00f1a"},"url":"https:\/\/www.fiscalia.gov.co\/colombia\/author\/jprieto\/"}]}},"_links":{"self":[{"href":"https:\/\/www.fiscalia.gov.co\/colombia\/wp-json\/wp\/v2\/posts\/235947","targetHints":{"allow":["GET"]}}],"collection":[{"href":"https:\/\/www.fiscalia.gov.co\/colombia\/wp-json\/wp\/v2\/posts"}],"about":[{"href":"https:\/\/www.fiscalia.gov.co\/colombia\/wp-json\/wp\/v2\/types\/post"}],"author":[{"embeddable":true,"href":"https:\/\/www.fiscalia.gov.co\/colombia\/wp-json\/wp\/v2\/users\/176"}],"replies":[{"embeddable":true,"href":"https:\/\/www.fiscalia.gov.co\/colombia\/wp-json\/wp\/v2\/comments?post=235947"}],"version-history":[{"count":1,"href":"https:\/\/www.fiscalia.gov.co\/colombia\/wp-json\/wp\/v2\/posts\/235947\/revisions"}],"predecessor-version":[{"id":235949,"href":"https:\/\/www.fiscalia.gov.co\/colombia\/wp-json\/wp\/v2\/posts\/235947\/revisions\/235949"}],"wp:attachment":[{"href":"https:\/\/www.fiscalia.gov.co\/colombia\/wp-json\/wp\/v2\/media?parent=235947"}],"wp:term":[{"taxonomy":"category","embeddable":true,"href":"https:\/\/www.fiscalia.gov.co\/colombia\/wp-json\/wp\/v2\/categories?post=235947"},{"taxonomy":"post_tag","embeddable":true,"href":"https:\/\/www.fiscalia.gov.co\/colombia\/wp-json\/wp\/v2\/tags?post=235947"}],"curies":[{"name":"wp","href":"https:\/\/api.w.org\/{rel}","templated":true}]}}