{"id":235755,"date":"2021-11-28T07:08:04","date_gmt":"2021-11-28T12:08:04","guid":{"rendered":"https:\/\/www.fiscalia.gov.co\/colombia\/?p=235755"},"modified":"2021-12-09T16:49:29","modified_gmt":"2021-12-09T21:49:29","slug":"cae-uno-de-los-presuntos-articuladores-de-las-acciones-criminales-del-clan-del-golfo-tras-la-captura-del-maximo-cabecilla-de-esta-estructura-alias-otoniel","status":"publish","type":"post","link":"https:\/\/www.fiscalia.gov.co\/colombia\/noticias\/cae-uno-de-los-presuntos-articuladores-de-las-acciones-criminales-del-clan-del-golfo-tras-la-captura-del-maximo-cabecilla-de-esta-estructura-alias-otoniel\/","title":{"rendered":"Cae uno de los presuntos articuladores de las acciones criminales del \u2018Clan del Golfo\u2019 tras la captura del m\u00e1ximo cabecilla de esta estructura, alias Otoniel"},"content":{"rendered":"<h4><em><strong>Las investigaciones dan cuenta de que estar\u00eda implicado en homicidios colectivos y la muerte de una mujer embarazada.<\/strong> <\/em><\/h4>\n<p>La Fiscal\u00eda General de la Naci\u00f3n, a trav\u00e9s de la Direcci\u00f3n Especializada contra las Organizaciones Criminales y en un trabajo articulado con la Polic\u00eda Nacional, obtuvo abundante material de prueba que da cuenta de que Robinson Antonio Plaza Vega, alias El Loco, ser\u00eda el articulador principal de las muertes violentas y los atentados perpetrados por el \u2018Clan del Golfo\u2019 en el norte y bajo Cauca antioque\u00f1o.<\/p>\n<p>Este hombre, presuntos cabecilla de zona de la subestructura Julio Cesar Vargas, estar\u00eda encargado de mantener una confrontaci\u00f3n armada con distintos grupos ilegales por el control de territorios para el tr\u00e1fico de estupefacientes y otras actividades delictivas.<\/p>\n<p>Las investigaciones permitieron establecer que alias El Loco, supuestamente, orden\u00f3 el homicidio de cuatro j\u00f3venes y un menor de edad, ocurrido el 18 de enero de 2021, en el barrio Santa Elena de Taraz\u00e1 (Antioquia).<\/p>\n<p>Asimismo, hay evidencia de que habr\u00eda sido uno de los mayores auspiciadores de las acciones violentas y ataques contra la poblaci\u00f3n civil y la fuerza p\u00fablica, promovidos en retaliaci\u00f3n por la captura de Dairo Antonio \u00dasuga David, alias Otoniel, m\u00e1ximo cabecilla del \u2018Clan del Golfo\u2019.<\/p>\n<p>Indicios permitieron conocer que, al parecer, dio instrucciones para activar un artefacto explosivo en la \u2018Troncal a la Costa\u2019. En este hecho, sucedido el 30 de octubre del a\u00f1o en curso, muri\u00f3 el conductor de un veh\u00edculo de carga. Tambi\u00e9n se le atribuye un atentado registrado en Valdivia (Antioquia), el 7 de noviembre pasado, que dej\u00f3 una mujer en estado de embarazo muerta y otras cinco personas heridas.<\/p>\n<p>Plaza Vega fue notificado de la orden captura en su contra en un centro asistencial de Monter\u00eda (C\u00f3rdoba), donde permanece por las lesiones que sufri\u00f3 en un accidente de tr\u00e1nsito. Un fiscal de la Direcci\u00f3n Especializada contra las Organizaciones Criminales le imput\u00f3 los delitos de: homicidio, concierto para delinquir; y tr\u00e1fico, fabricaci\u00f3n y porte de armas de fuego.<\/p>\n<p>El procesado no acept\u00f3 los cargos y deber\u00e1 cumplir medida de aseguramiento en centro carcelario.<\/p>\n<p>Esta informaci\u00f3n se publica por razones de inter\u00e9s general.<\/p>\n<p>LMBG\/JARG\/MRC.<\/p>\n<p><strong>La Fiscal\u00eda habla con resultados.<\/strong><\/p>\n<p><i>La informaci\u00f3n contenida en este bolet\u00edn de prensa corresponde a la narraci\u00f3n de los hechos noticiosos objetivos, suministrados por los funcionarios encargados de adelantar las investigaciones penales al interior de la Fiscal\u00eda General de la Naci\u00f3n. Para el momento de la divulgaci\u00f3n de este comunicado, la situaci\u00f3n jur\u00eddica de la(s) persona(s) relacionada(s) se encuentra pendiente de resolver por la autoridad judicial competente, siempre bajo los preceptos de la presunci\u00f3n de inocencia, consagrados en el art\u00edculo 29 de la Constituci\u00f3n Pol\u00edtica y el art\u00edculo 7\u00ba de la Ley 906 de 2004.<\/i><\/p>\n<p><strong>\u00a0<\/strong><\/p>\n\n<div class=\"twitter-share\"><a href=\"https:\/\/twitter.com\/intent\/tweet?via=fiscaliacol\" class=\"twitter-share-button\">Tweet<\/a><\/div>\n","protected":false},"excerpt":{"rendered":"<p>Las investigaciones dan cuenta de que estar\u00eda implicado en homicidios colectivos y la muerte de una mujer embarazada. La Fiscal\u00eda General de la Naci\u00f3n, a trav\u00e9s de la Direcci\u00f3n Especializada [&hellip;]<\/p>\n","protected":false},"author":176,"featured_media":236660,"comment_status":"closed","ping_status":"open","sticky":false,"template":"","format":"video","meta":{"tdm_status":"","tdm_grid_status":"","footnotes":""},"categories":[1,321,303],"tags":[23821,24185,24401,24189,78],"class_list":["post-235755","post","type-post","status-publish","format-video","has-post-thumbnail","category-noticias","category-seccional-bogota","category-seccionales","tag-bogota","tag-fiscal-barbosa","tag-fiscal-barbosa-delgado","tag-fiscal-francisco-barbosa-delgado","tag-fiscal-general-de-la-nacion","post_format-post-format-video"],"yoast_head":"<!-- This site is optimized with the Yoast SEO plugin v24.3 - https:\/\/yoast.com\/wordpress\/plugins\/seo\/ -->\n<title>Fiscal\u00eda General de la Naci\u00f3n<\/title>\n<meta name=\"description\" content=\"P\u00e1gina oficial de la Fiscal\u00eda General de la Naci\u00f3n \u2013 Colombia. Garantizamos el acceso efectivo a la justicia, la verdad y la reparaci\u00f3n de las v\u00edctimas de los delitos.\" \/>\n<meta name=\"robots\" content=\"noindex, follow\" \/>\n<meta property=\"og:locale\" content=\"es_ES\" \/>\n<meta property=\"og:type\" content=\"article\" \/>\n<meta property=\"og:title\" content=\"Fiscal\u00eda General de la Naci\u00f3n\" \/>\n<meta property=\"og:description\" content=\"P\u00e1gina oficial de la Fiscal\u00eda General de la Naci\u00f3n \u2013 Colombia. Garantizamos el acceso efectivo a la justicia, la verdad y la reparaci\u00f3n de las v\u00edctimas de los delitos.\" \/>\n<meta property=\"og:url\" content=\"https:\/\/www.fiscalia.gov.co\/colombia\/noticias\/cae-uno-de-los-presuntos-articuladores-de-las-acciones-criminales-del-clan-del-golfo-tras-la-captura-del-maximo-cabecilla-de-esta-estructura-alias-otoniel\/\" \/>\n<meta property=\"og:site_name\" content=\"Fiscal\u00eda General de la Naci\u00f3n\" \/>\n<meta property=\"article:publisher\" content=\"https:\/\/www.facebook.com\/FiscaliaCol\" \/>\n<meta property=\"article:published_time\" content=\"2021-11-28T12:08:04+00:00\" \/>\n<meta property=\"article:modified_time\" content=\"2021-12-09T21:49:29+00:00\" \/>\n<meta property=\"og:image\" content=\"https:\/\/www.fiscalia.gov.co\/colombia\/wp-content\/uploads\/maxresdefault-241.jpg\" \/>\n\t<meta property=\"og:image:width\" content=\"1280\" \/>\n\t<meta property=\"og:image:height\" content=\"720\" \/>\n\t<meta property=\"og:image:type\" content=\"image\/jpeg\" \/>\n<meta name=\"author\" content=\"Johanna Black Prieto Pe\u00f1a\" \/>\n<meta name=\"twitter:card\" content=\"summary_large_image\" \/>\n<meta name=\"twitter:creator\" content=\"@FiscaliaCol\" \/>\n<meta name=\"twitter:site\" content=\"@FiscaliaCol\" \/>\n<meta name=\"twitter:label1\" content=\"Escrito por\" \/>\n\t<meta name=\"twitter:data1\" content=\"Johanna Black Prieto Pe\u00f1a\" \/>\n\t<meta name=\"twitter:label2\" content=\"Tiempo de lectura\" \/>\n\t<meta name=\"twitter:data2\" content=\"2 minutos\" \/>\n<script type=\"application\/ld+json\" class=\"yoast-schema-graph\">{\"@context\":\"https:\/\/schema.org\",\"@graph\":[{\"@type\":\"Article\",\"@id\":\"https:\/\/www.fiscalia.gov.co\/colombia\/noticias\/cae-uno-de-los-presuntos-articuladores-de-las-acciones-criminales-del-clan-del-golfo-tras-la-captura-del-maximo-cabecilla-de-esta-estructura-alias-otoniel\/#article\",\"isPartOf\":{\"@id\":\"https:\/\/www.fiscalia.gov.co\/colombia\/noticias\/cae-uno-de-los-presuntos-articuladores-de-las-acciones-criminales-del-clan-del-golfo-tras-la-captura-del-maximo-cabecilla-de-esta-estructura-alias-otoniel\/\"},\"author\":{\"name\":\"Johanna Black Prieto Pe\u00f1a\",\"@id\":\"https:\/\/www.fiscalia.gov.co\/colombia\/#\/schema\/person\/b19b49f26569f91393176a2b3d13a0e5\"},\"headline\":\"Cae uno de los presuntos articuladores de las acciones criminales del \u2018Clan del Golfo\u2019 tras la captura del m\u00e1ximo cabecilla de esta estructura, alias Otoniel\",\"datePublished\":\"2021-11-28T12:08:04+00:00\",\"dateModified\":\"2021-12-09T21:49:29+00:00\",\"mainEntityOfPage\":{\"@id\":\"https:\/\/www.fiscalia.gov.co\/colombia\/noticias\/cae-uno-de-los-presuntos-articuladores-de-las-acciones-criminales-del-clan-del-golfo-tras-la-captura-del-maximo-cabecilla-de-esta-estructura-alias-otoniel\/\"},\"wordCount\":512,\"publisher\":{\"@id\":\"https:\/\/www.fiscalia.gov.co\/colombia\/#organization\"},\"image\":{\"@id\":\"https:\/\/www.fiscalia.gov.co\/colombia\/noticias\/cae-uno-de-los-presuntos-articuladores-de-las-acciones-criminales-del-clan-del-golfo-tras-la-captura-del-maximo-cabecilla-de-esta-estructura-alias-otoniel\/#primaryimage\"},\"thumbnailUrl\":\"https:\/\/www.fiscalia.gov.co\/colombia\/wp-content\/uploads\/maxresdefault-241.jpg\",\"keywords\":[\"Bogot\u00e1\",\"Fiscal Barbosa\",\"Fiscal Barbosa Delgado\",\"Fiscal Francisco Barbosa Delgado\",\"Fiscal General de la Naci\u00f3n\"],\"articleSection\":[\"Noticias\",\"Seccional Bogot\u00e1\",\"Seccionales\"],\"inLanguage\":\"es-CO\"},{\"@type\":\"WebPage\",\"@id\":\"https:\/\/www.fiscalia.gov.co\/colombia\/noticias\/cae-uno-de-los-presuntos-articuladores-de-las-acciones-criminales-del-clan-del-golfo-tras-la-captura-del-maximo-cabecilla-de-esta-estructura-alias-otoniel\/\",\"url\":\"https:\/\/www.fiscalia.gov.co\/colombia\/noticias\/cae-uno-de-los-presuntos-articuladores-de-las-acciones-criminales-del-clan-del-golfo-tras-la-captura-del-maximo-cabecilla-de-esta-estructura-alias-otoniel\/\",\"name\":\"Fiscal\u00eda General de la Naci\u00f3n\",\"isPartOf\":{\"@id\":\"https:\/\/www.fiscalia.gov.co\/colombia\/#website\"},\"primaryImageOfPage\":{\"@id\":\"https:\/\/www.fiscalia.gov.co\/colombia\/noticias\/cae-uno-de-los-presuntos-articuladores-de-las-acciones-criminales-del-clan-del-golfo-tras-la-captura-del-maximo-cabecilla-de-esta-estructura-alias-otoniel\/#primaryimage\"},\"image\":{\"@id\":\"https:\/\/www.fiscalia.gov.co\/colombia\/noticias\/cae-uno-de-los-presuntos-articuladores-de-las-acciones-criminales-del-clan-del-golfo-tras-la-captura-del-maximo-cabecilla-de-esta-estructura-alias-otoniel\/#primaryimage\"},\"thumbnailUrl\":\"https:\/\/www.fiscalia.gov.co\/colombia\/wp-content\/uploads\/maxresdefault-241.jpg\",\"datePublished\":\"2021-11-28T12:08:04+00:00\",\"dateModified\":\"2021-12-09T21:49:29+00:00\",\"description\":\"P\u00e1gina oficial de la Fiscal\u00eda General de la Naci\u00f3n \u2013 Colombia. Garantizamos el acceso efectivo a la justicia, la verdad y la reparaci\u00f3n de las v\u00edctimas de los delitos.\",\"breadcrumb\":{\"@id\":\"https:\/\/www.fiscalia.gov.co\/colombia\/noticias\/cae-uno-de-los-presuntos-articuladores-de-las-acciones-criminales-del-clan-del-golfo-tras-la-captura-del-maximo-cabecilla-de-esta-estructura-alias-otoniel\/#breadcrumb\"},\"inLanguage\":\"es-CO\",\"potentialAction\":[{\"@type\":\"ReadAction\",\"target\":[\"https:\/\/www.fiscalia.gov.co\/colombia\/noticias\/cae-uno-de-los-presuntos-articuladores-de-las-acciones-criminales-del-clan-del-golfo-tras-la-captura-del-maximo-cabecilla-de-esta-estructura-alias-otoniel\/\"]}]},{\"@type\":\"ImageObject\",\"inLanguage\":\"es-CO\",\"@id\":\"https:\/\/www.fiscalia.gov.co\/colombia\/noticias\/cae-uno-de-los-presuntos-articuladores-de-las-acciones-criminales-del-clan-del-golfo-tras-la-captura-del-maximo-cabecilla-de-esta-estructura-alias-otoniel\/#primaryimage\",\"url\":\"https:\/\/www.fiscalia.gov.co\/colombia\/wp-content\/uploads\/maxresdefault-241.jpg\",\"contentUrl\":\"https:\/\/www.fiscalia.gov.co\/colombia\/wp-content\/uploads\/maxresdefault-241.jpg\",\"width\":1280,\"height\":720},{\"@type\":\"BreadcrumbList\",\"@id\":\"https:\/\/www.fiscalia.gov.co\/colombia\/noticias\/cae-uno-de-los-presuntos-articuladores-de-las-acciones-criminales-del-clan-del-golfo-tras-la-captura-del-maximo-cabecilla-de-esta-estructura-alias-otoniel\/#breadcrumb\",\"itemListElement\":[{\"@type\":\"ListItem\",\"position\":1,\"name\":\"Home\",\"item\":\"https:\/\/www.fiscalia.gov.co\/colombia\/\"},{\"@type\":\"ListItem\",\"position\":2,\"name\":\"Cae uno de los presuntos articuladores de las acciones criminales del \u2018Clan del Golfo\u2019 tras la captura del m\u00e1ximo cabecilla de esta estructura, alias Otoniel\"}]},{\"@type\":\"WebSite\",\"@id\":\"https:\/\/www.fiscalia.gov.co\/colombia\/#website\",\"url\":\"https:\/\/www.fiscalia.gov.co\/colombia\/\",\"name\":\"Fiscal\u00eda General de la Naci\u00f3n\",\"description\":\"P\u00e1gina oficial de la Fiscal\u00eda General de la Naci\u00f3n \u2013 Colombia. Garantizamos el acceso efectivo a la justicia, la verdad y la reparaci\u00f3n de las v\u00edctimas de los delitos.\",\"publisher\":{\"@id\":\"https:\/\/www.fiscalia.gov.co\/colombia\/#organization\"},\"potentialAction\":[{\"@type\":\"SearchAction\",\"target\":{\"@type\":\"EntryPoint\",\"urlTemplate\":\"https:\/\/www.fiscalia.gov.co\/colombia\/?s={search_term_string}\"},\"query-input\":{\"@type\":\"PropertyValueSpecification\",\"valueRequired\":true,\"valueName\":\"search_term_string\"}}],\"inLanguage\":\"es-CO\"},{\"@type\":\"Organization\",\"@id\":\"https:\/\/www.fiscalia.gov.co\/colombia\/#organization\",\"name\":\"Fiscal\u00eda General de la Naci\u00f3n\",\"url\":\"https:\/\/www.fiscalia.gov.co\/colombia\/\",\"logo\":{\"@type\":\"ImageObject\",\"inLanguage\":\"es-CO\",\"@id\":\"https:\/\/www.fiscalia.gov.co\/colombia\/#\/schema\/logo\/image\/\",\"url\":\"https:\/\/www.fiscalia.gov.co\/colombia\/wp-content\/uploads\/LogoHorizontal_1.jpg\",\"contentUrl\":\"https:\/\/www.fiscalia.gov.co\/colombia\/wp-content\/uploads\/LogoHorizontal_1.jpg\",\"width\":300,\"height\":90,\"caption\":\"Fiscal\u00eda General de la Naci\u00f3n\"},\"image\":{\"@id\":\"https:\/\/www.fiscalia.gov.co\/colombia\/#\/schema\/logo\/image\/\"},\"sameAs\":[\"https:\/\/www.facebook.com\/FiscaliaCol\",\"https:\/\/x.com\/FiscaliaCol\",\"https:\/\/www.instagram.com\/fiscaliacol\",\"https:\/\/www.linkedin.com\/company\/fiscalia-general-de-la-naci-n\/\",\"https:\/\/youtube.com\/@fiscaliageneraldelanacion-4668?si=6nN79nyQICPU5iTh\"]},{\"@type\":\"Person\",\"@id\":\"https:\/\/www.fiscalia.gov.co\/colombia\/#\/schema\/person\/b19b49f26569f91393176a2b3d13a0e5\",\"name\":\"Johanna Black Prieto Pe\u00f1a\",\"image\":{\"@type\":\"ImageObject\",\"inLanguage\":\"es-CO\",\"@id\":\"https:\/\/www.fiscalia.gov.co\/colombia\/#\/schema\/person\/image\/\",\"url\":\"https:\/\/secure.gravatar.com\/avatar\/7f04518e1774335e76d761d76f04003e?s=96&d=mm&r=g\",\"contentUrl\":\"https:\/\/secure.gravatar.com\/avatar\/7f04518e1774335e76d761d76f04003e?s=96&d=mm&r=g\",\"caption\":\"Johanna Black Prieto Pe\u00f1a\"},\"url\":\"https:\/\/www.fiscalia.gov.co\/colombia\/author\/jprieto\/\"}]}<\/script>\n<!-- \/ Yoast SEO plugin. -->","yoast_head_json":{"title":"Fiscal\u00eda General de la Naci\u00f3n","description":"P\u00e1gina oficial de la Fiscal\u00eda General de la Naci\u00f3n \u2013 Colombia. Garantizamos el acceso efectivo a la justicia, la verdad y la reparaci\u00f3n de las v\u00edctimas de los delitos.","robots":{"index":"noindex","follow":"follow"},"og_locale":"es_ES","og_type":"article","og_title":"Fiscal\u00eda General de la Naci\u00f3n","og_description":"P\u00e1gina oficial de la Fiscal\u00eda General de la Naci\u00f3n \u2013 Colombia. Garantizamos el acceso efectivo a la justicia, la verdad y la reparaci\u00f3n de las v\u00edctimas de los delitos.","og_url":"https:\/\/www.fiscalia.gov.co\/colombia\/noticias\/cae-uno-de-los-presuntos-articuladores-de-las-acciones-criminales-del-clan-del-golfo-tras-la-captura-del-maximo-cabecilla-de-esta-estructura-alias-otoniel\/","og_site_name":"Fiscal\u00eda General de la Naci\u00f3n","article_publisher":"https:\/\/www.facebook.com\/FiscaliaCol","article_published_time":"2021-11-28T12:08:04+00:00","article_modified_time":"2021-12-09T21:49:29+00:00","og_image":[{"width":1280,"height":720,"url":"https:\/\/www.fiscalia.gov.co\/colombia\/wp-content\/uploads\/maxresdefault-241.jpg","type":"image\/jpeg"}],"author":"Johanna Black Prieto Pe\u00f1a","twitter_card":"summary_large_image","twitter_creator":"@FiscaliaCol","twitter_site":"@FiscaliaCol","twitter_misc":{"Escrito por":"Johanna Black Prieto Pe\u00f1a","Tiempo de lectura":"2 minutos"},"schema":{"@context":"https:\/\/schema.org","@graph":[{"@type":"Article","@id":"https:\/\/www.fiscalia.gov.co\/colombia\/noticias\/cae-uno-de-los-presuntos-articuladores-de-las-acciones-criminales-del-clan-del-golfo-tras-la-captura-del-maximo-cabecilla-de-esta-estructura-alias-otoniel\/#article","isPartOf":{"@id":"https:\/\/www.fiscalia.gov.co\/colombia\/noticias\/cae-uno-de-los-presuntos-articuladores-de-las-acciones-criminales-del-clan-del-golfo-tras-la-captura-del-maximo-cabecilla-de-esta-estructura-alias-otoniel\/"},"author":{"name":"Johanna Black Prieto Pe\u00f1a","@id":"https:\/\/www.fiscalia.gov.co\/colombia\/#\/schema\/person\/b19b49f26569f91393176a2b3d13a0e5"},"headline":"Cae uno de los presuntos articuladores de las acciones criminales del \u2018Clan del Golfo\u2019 tras la captura del m\u00e1ximo cabecilla de esta estructura, alias Otoniel","datePublished":"2021-11-28T12:08:04+00:00","dateModified":"2021-12-09T21:49:29+00:00","mainEntityOfPage":{"@id":"https:\/\/www.fiscalia.gov.co\/colombia\/noticias\/cae-uno-de-los-presuntos-articuladores-de-las-acciones-criminales-del-clan-del-golfo-tras-la-captura-del-maximo-cabecilla-de-esta-estructura-alias-otoniel\/"},"wordCount":512,"publisher":{"@id":"https:\/\/www.fiscalia.gov.co\/colombia\/#organization"},"image":{"@id":"https:\/\/www.fiscalia.gov.co\/colombia\/noticias\/cae-uno-de-los-presuntos-articuladores-de-las-acciones-criminales-del-clan-del-golfo-tras-la-captura-del-maximo-cabecilla-de-esta-estructura-alias-otoniel\/#primaryimage"},"thumbnailUrl":"https:\/\/www.fiscalia.gov.co\/colombia\/wp-content\/uploads\/maxresdefault-241.jpg","keywords":["Bogot\u00e1","Fiscal Barbosa","Fiscal Barbosa Delgado","Fiscal Francisco Barbosa Delgado","Fiscal General de la Naci\u00f3n"],"articleSection":["Noticias","Seccional Bogot\u00e1","Seccionales"],"inLanguage":"es-CO"},{"@type":"WebPage","@id":"https:\/\/www.fiscalia.gov.co\/colombia\/noticias\/cae-uno-de-los-presuntos-articuladores-de-las-acciones-criminales-del-clan-del-golfo-tras-la-captura-del-maximo-cabecilla-de-esta-estructura-alias-otoniel\/","url":"https:\/\/www.fiscalia.gov.co\/colombia\/noticias\/cae-uno-de-los-presuntos-articuladores-de-las-acciones-criminales-del-clan-del-golfo-tras-la-captura-del-maximo-cabecilla-de-esta-estructura-alias-otoniel\/","name":"Fiscal\u00eda General de la Naci\u00f3n","isPartOf":{"@id":"https:\/\/www.fiscalia.gov.co\/colombia\/#website"},"primaryImageOfPage":{"@id":"https:\/\/www.fiscalia.gov.co\/colombia\/noticias\/cae-uno-de-los-presuntos-articuladores-de-las-acciones-criminales-del-clan-del-golfo-tras-la-captura-del-maximo-cabecilla-de-esta-estructura-alias-otoniel\/#primaryimage"},"image":{"@id":"https:\/\/www.fiscalia.gov.co\/colombia\/noticias\/cae-uno-de-los-presuntos-articuladores-de-las-acciones-criminales-del-clan-del-golfo-tras-la-captura-del-maximo-cabecilla-de-esta-estructura-alias-otoniel\/#primaryimage"},"thumbnailUrl":"https:\/\/www.fiscalia.gov.co\/colombia\/wp-content\/uploads\/maxresdefault-241.jpg","datePublished":"2021-11-28T12:08:04+00:00","dateModified":"2021-12-09T21:49:29+00:00","description":"P\u00e1gina oficial de la Fiscal\u00eda General de la Naci\u00f3n \u2013 Colombia. Garantizamos el acceso efectivo a la justicia, la verdad y la reparaci\u00f3n de las v\u00edctimas de los delitos.","breadcrumb":{"@id":"https:\/\/www.fiscalia.gov.co\/colombia\/noticias\/cae-uno-de-los-presuntos-articuladores-de-las-acciones-criminales-del-clan-del-golfo-tras-la-captura-del-maximo-cabecilla-de-esta-estructura-alias-otoniel\/#breadcrumb"},"inLanguage":"es-CO","potentialAction":[{"@type":"ReadAction","target":["https:\/\/www.fiscalia.gov.co\/colombia\/noticias\/cae-uno-de-los-presuntos-articuladores-de-las-acciones-criminales-del-clan-del-golfo-tras-la-captura-del-maximo-cabecilla-de-esta-estructura-alias-otoniel\/"]}]},{"@type":"ImageObject","inLanguage":"es-CO","@id":"https:\/\/www.fiscalia.gov.co\/colombia\/noticias\/cae-uno-de-los-presuntos-articuladores-de-las-acciones-criminales-del-clan-del-golfo-tras-la-captura-del-maximo-cabecilla-de-esta-estructura-alias-otoniel\/#primaryimage","url":"https:\/\/www.fiscalia.gov.co\/colombia\/wp-content\/uploads\/maxresdefault-241.jpg","contentUrl":"https:\/\/www.fiscalia.gov.co\/colombia\/wp-content\/uploads\/maxresdefault-241.jpg","width":1280,"height":720},{"@type":"BreadcrumbList","@id":"https:\/\/www.fiscalia.gov.co\/colombia\/noticias\/cae-uno-de-los-presuntos-articuladores-de-las-acciones-criminales-del-clan-del-golfo-tras-la-captura-del-maximo-cabecilla-de-esta-estructura-alias-otoniel\/#breadcrumb","itemListElement":[{"@type":"ListItem","position":1,"name":"Home","item":"https:\/\/www.fiscalia.gov.co\/colombia\/"},{"@type":"ListItem","position":2,"name":"Cae uno de los presuntos articuladores de las acciones criminales del \u2018Clan del Golfo\u2019 tras la captura del m\u00e1ximo cabecilla de esta estructura, alias Otoniel"}]},{"@type":"WebSite","@id":"https:\/\/www.fiscalia.gov.co\/colombia\/#website","url":"https:\/\/www.fiscalia.gov.co\/colombia\/","name":"Fiscal\u00eda General de la Naci\u00f3n","description":"P\u00e1gina oficial de la Fiscal\u00eda General de la Naci\u00f3n \u2013 Colombia. Garantizamos el acceso efectivo a la justicia, la verdad y la reparaci\u00f3n de las v\u00edctimas de los delitos.","publisher":{"@id":"https:\/\/www.fiscalia.gov.co\/colombia\/#organization"},"potentialAction":[{"@type":"SearchAction","target":{"@type":"EntryPoint","urlTemplate":"https:\/\/www.fiscalia.gov.co\/colombia\/?s={search_term_string}"},"query-input":{"@type":"PropertyValueSpecification","valueRequired":true,"valueName":"search_term_string"}}],"inLanguage":"es-CO"},{"@type":"Organization","@id":"https:\/\/www.fiscalia.gov.co\/colombia\/#organization","name":"Fiscal\u00eda General de la Naci\u00f3n","url":"https:\/\/www.fiscalia.gov.co\/colombia\/","logo":{"@type":"ImageObject","inLanguage":"es-CO","@id":"https:\/\/www.fiscalia.gov.co\/colombia\/#\/schema\/logo\/image\/","url":"https:\/\/www.fiscalia.gov.co\/colombia\/wp-content\/uploads\/LogoHorizontal_1.jpg","contentUrl":"https:\/\/www.fiscalia.gov.co\/colombia\/wp-content\/uploads\/LogoHorizontal_1.jpg","width":300,"height":90,"caption":"Fiscal\u00eda General de la Naci\u00f3n"},"image":{"@id":"https:\/\/www.fiscalia.gov.co\/colombia\/#\/schema\/logo\/image\/"},"sameAs":["https:\/\/www.facebook.com\/FiscaliaCol","https:\/\/x.com\/FiscaliaCol","https:\/\/www.instagram.com\/fiscaliacol","https:\/\/www.linkedin.com\/company\/fiscalia-general-de-la-naci-n\/","https:\/\/youtube.com\/@fiscaliageneraldelanacion-4668?si=6nN79nyQICPU5iTh"]},{"@type":"Person","@id":"https:\/\/www.fiscalia.gov.co\/colombia\/#\/schema\/person\/b19b49f26569f91393176a2b3d13a0e5","name":"Johanna Black Prieto Pe\u00f1a","image":{"@type":"ImageObject","inLanguage":"es-CO","@id":"https:\/\/www.fiscalia.gov.co\/colombia\/#\/schema\/person\/image\/","url":"https:\/\/secure.gravatar.com\/avatar\/7f04518e1774335e76d761d76f04003e?s=96&d=mm&r=g","contentUrl":"https:\/\/secure.gravatar.com\/avatar\/7f04518e1774335e76d761d76f04003e?s=96&d=mm&r=g","caption":"Johanna Black Prieto Pe\u00f1a"},"url":"https:\/\/www.fiscalia.gov.co\/colombia\/author\/jprieto\/"}]}},"_links":{"self":[{"href":"https:\/\/www.fiscalia.gov.co\/colombia\/wp-json\/wp\/v2\/posts\/235755","targetHints":{"allow":["GET"]}}],"collection":[{"href":"https:\/\/www.fiscalia.gov.co\/colombia\/wp-json\/wp\/v2\/posts"}],"about":[{"href":"https:\/\/www.fiscalia.gov.co\/colombia\/wp-json\/wp\/v2\/types\/post"}],"author":[{"embeddable":true,"href":"https:\/\/www.fiscalia.gov.co\/colombia\/wp-json\/wp\/v2\/users\/176"}],"replies":[{"embeddable":true,"href":"https:\/\/www.fiscalia.gov.co\/colombia\/wp-json\/wp\/v2\/comments?post=235755"}],"version-history":[{"count":2,"href":"https:\/\/www.fiscalia.gov.co\/colombia\/wp-json\/wp\/v2\/posts\/235755\/revisions"}],"predecessor-version":[{"id":235761,"href":"https:\/\/www.fiscalia.gov.co\/colombia\/wp-json\/wp\/v2\/posts\/235755\/revisions\/235761"}],"wp:featuredmedia":[{"embeddable":true,"href":"https:\/\/www.fiscalia.gov.co\/colombia\/wp-json\/wp\/v2\/media\/236660"}],"wp:attachment":[{"href":"https:\/\/www.fiscalia.gov.co\/colombia\/wp-json\/wp\/v2\/media?parent=235755"}],"wp:term":[{"taxonomy":"category","embeddable":true,"href":"https:\/\/www.fiscalia.gov.co\/colombia\/wp-json\/wp\/v2\/categories?post=235755"},{"taxonomy":"post_tag","embeddable":true,"href":"https:\/\/www.fiscalia.gov.co\/colombia\/wp-json\/wp\/v2\/tags?post=235755"}],"curies":[{"name":"wp","href":"https:\/\/api.w.org\/{rel}","templated":true}]}}