{"id":235753,"date":"2021-11-27T14:17:45","date_gmt":"2021-11-27T19:17:45","guid":{"rendered":"https:\/\/www.fiscalia.gov.co\/colombia\/?p=235753"},"modified":"2021-12-09T16:48:15","modified_gmt":"2021-12-09T21:48:15","slug":"11-anos-de-carcel-para-abogada-que-promovio-tutelas-para-desfalcar-a-la-desaparecida-telecom-en-mas-de-1-800-millones-de-pesos","status":"publish","type":"post","link":"https:\/\/www.fiscalia.gov.co\/colombia\/noticias\/11-anos-de-carcel-para-abogada-que-promovio-tutelas-para-desfalcar-a-la-desaparecida-telecom-en-mas-de-1-800-millones-de-pesos\/","title":{"rendered":"11 a\u00f1os de c\u00e1rcel para abogada que promovi\u00f3 tutelas para desfalcar a la desaparecida Telecom en m\u00e1s de 1.800 millones de pesos"},"content":{"rendered":"<h4><em>El fallo dispuso la captura inmediata de la sentenciada para hacer efectiva la pena. <\/em><\/h4>\n<p>La Fiscal\u00eda General de la Naci\u00f3n present\u00f3 en juicio abundante material de prueba contra la abogada Stefanie Luz C\u00f3rdoba Almentero, por promover mediante tutela la reclamaci\u00f3n de beneficios laborales a los que no ten\u00edan derecho trabajadores de la extinta Telecom.<\/p>\n<p>El Juzgado Primero Penal del Circuito de Bogot\u00e1 aval\u00f3 los argumentos y elementos presentados, y conden\u00f3 a la mujer a 11 a\u00f1os de prisi\u00f3n por los delitos de: peculado por apropiaci\u00f3n en favor de terceros, prevaricato por acci\u00f3n y falsedad en documento p\u00fablico agravado.<\/p>\n<p>La decisi\u00f3n dispuso el pago de una multa de 1.849 millones de pesos y orden\u00f3 la captura inmediata de la sentenciada para que cumpla la pena en centro carcelario.<\/p>\n<p>En la investigaci\u00f3n se conoci\u00f3 que la abogada C\u00f3rdoba Almentero determin\u00f3 y ejecut\u00f3 actos delictivos para que fuera autorizado el pago de pensiones a varios exfuncionarios de Telecom. Est\u00e1 documentado que retir\u00f3 tutelas de diferentes despachos judiciales, cuando se enteraba que iban a ser falladas en su contra; y, posteriormente, las present\u00f3 en otros juzgados que resolvieron a favor de sus clientes.<\/p>\n<p>Los indicios evidenciaron que falsific\u00f3 actas de reparto y se concert\u00f3 con un juez civil de Cartagena (Bol\u00edvar) el juez finalmente concedi\u00f3 varias tutelas y orden\u00f3 a Telecom pagar m\u00e1s de 1.800 millones de pesos por asuntos pensionales.<\/p>\n<p>Las personas beneficiadas hab\u00edan sido indemnizadas correctamente o no cumpl\u00edan con los requisitos de fuero sindical y otros aspectos que se requer\u00edan para que les fuera reconocido m\u00e1s dinero.<\/p>\n<p>Esta informaci\u00f3n se publica por razones de inter\u00e9s general.<\/p>\n<p><strong>La Fiscal\u00eda habla con resultados.<\/strong><\/p>\n<p>LAGP\/JARG\/EAC\/MRC\/<\/p>\n\n<div class=\"twitter-share\"><a href=\"https:\/\/twitter.com\/intent\/tweet?via=fiscaliacol\" class=\"twitter-share-button\">Tweet<\/a><\/div>\n","protected":false},"excerpt":{"rendered":"<p>El fallo dispuso la captura inmediata de la sentenciada para hacer efectiva la pena. La Fiscal\u00eda General de la Naci\u00f3n present\u00f3 en juicio abundante material de prueba contra la abogada Stefanie Luz C\u00f3rdoba Almentero, por promover mediante tutela la reclamaci\u00f3n de beneficios laborales a los que no ten\u00edan derecho trabajadores de la extinta Telecom. El [&hellip;]<\/p>\n","protected":false},"author":176,"featured_media":236659,"comment_status":"closed","ping_status":"open","sticky":false,"template":"","format":"video","meta":{"_price":"","_stock":"","_tribe_ticket_header":"","_tribe_default_ticket_provider":"","_tribe_ticket_capacity":"0","_ticket_start_date":"","_ticket_end_date":"","_tribe_ticket_show_description":"","_tribe_ticket_show_not_going":false,"_tribe_ticket_use_global_stock":"","_tribe_ticket_global_stock_level":"","_global_stock_mode":"","_global_stock_cap":"","_tribe_rsvp_for_event":"","_tribe_ticket_going_count":"","_tribe_ticket_not_going_count":"","_tribe_tickets_list":"[]","_tribe_ticket_has_attendee_info_fields":false,"tdm_status":"","tdm_grid_status":"","footnotes":""},"categories":[24174,1,321,303],"tags":[24189,10,78,24526,4614,24187,1047],"class_list":{"0":"post-235753","1":"post","2":"type-post","3":"status-publish","4":"format-video","5":"has-post-thumbnail","7":"category-hay-justicia","8":"category-noticias","9":"category-seccional-bogota","10":"category-seccionales","11":"tag-fiscal-francisco-barbosa-delgado","12":"tag-fiscal-general","13":"tag-fiscal-general-de-la-nacion","14":"tag-fiscal-general-francisco-barbosa-delgado","15":"tag-fiscalia-2","16":"tag-fiscalia-colombia","17":"tag-fiscalia-general-de-la-nacion","18":"post_format-post-format-video"},"yoast_head":"<!-- This site is optimized with the Yoast SEO plugin v24.3 - https:\/\/yoast.com\/wordpress\/plugins\/seo\/ -->\n<title>Fiscal\u00eda General de la Naci\u00f3n<\/title>\n<meta name=\"description\" content=\"P\u00e1gina oficial de la Fiscal\u00eda General de la Naci\u00f3n \u2013 Colombia. Garantizamos el acceso efectivo a la justicia, la verdad y la reparaci\u00f3n de las v\u00edctimas de los delitos.\" \/>\n<meta name=\"robots\" content=\"noindex, follow\" \/>\n<meta property=\"og:locale\" content=\"es_ES\" \/>\n<meta property=\"og:type\" content=\"article\" \/>\n<meta property=\"og:title\" content=\"Fiscal\u00eda General de la Naci\u00f3n\" \/>\n<meta property=\"og:description\" content=\"P\u00e1gina oficial de la Fiscal\u00eda General de la Naci\u00f3n \u2013 Colombia. Garantizamos el acceso efectivo a la justicia, la verdad y la reparaci\u00f3n de las v\u00edctimas de los delitos.\" \/>\n<meta property=\"og:url\" content=\"https:\/\/www.fiscalia.gov.co\/colombia\/noticias\/11-anos-de-carcel-para-abogada-que-promovio-tutelas-para-desfalcar-a-la-desaparecida-telecom-en-mas-de-1-800-millones-de-pesos\/\" \/>\n<meta property=\"og:site_name\" content=\"Fiscal\u00eda General de la Naci\u00f3n\" \/>\n<meta property=\"article:publisher\" content=\"https:\/\/www.facebook.com\/FiscaliaCol\" \/>\n<meta property=\"article:published_time\" content=\"2021-11-27T19:17:45+00:00\" \/>\n<meta property=\"article:modified_time\" content=\"2021-12-09T21:48:15+00:00\" \/>\n<meta property=\"og:image\" content=\"https:\/\/www.fiscalia.gov.co\/colombia\/wp-content\/uploads\/maxresdefault-240.jpg\" \/>\n\t<meta property=\"og:image:width\" content=\"1280\" \/>\n\t<meta property=\"og:image:height\" content=\"720\" \/>\n\t<meta property=\"og:image:type\" content=\"image\/jpeg\" \/>\n<meta name=\"author\" content=\"Johanna Black Prieto Pe\u00f1a\" \/>\n<meta name=\"twitter:card\" content=\"summary_large_image\" \/>\n<meta name=\"twitter:creator\" content=\"@FiscaliaCol\" \/>\n<meta name=\"twitter:site\" content=\"@FiscaliaCol\" \/>\n<meta name=\"twitter:label1\" content=\"Escrito por\" \/>\n\t<meta name=\"twitter:data1\" content=\"Johanna Black Prieto Pe\u00f1a\" \/>\n\t<meta name=\"twitter:label2\" content=\"Tiempo de lectura\" \/>\n\t<meta name=\"twitter:data2\" content=\"1 minuto\" \/>\n<script type=\"application\/ld+json\" class=\"yoast-schema-graph\">{\"@context\":\"https:\/\/schema.org\",\"@graph\":[{\"@type\":\"Article\",\"@id\":\"https:\/\/www.fiscalia.gov.co\/colombia\/noticias\/11-anos-de-carcel-para-abogada-que-promovio-tutelas-para-desfalcar-a-la-desaparecida-telecom-en-mas-de-1-800-millones-de-pesos\/#article\",\"isPartOf\":{\"@id\":\"https:\/\/www.fiscalia.gov.co\/colombia\/noticias\/11-anos-de-carcel-para-abogada-que-promovio-tutelas-para-desfalcar-a-la-desaparecida-telecom-en-mas-de-1-800-millones-de-pesos\/\"},\"author\":{\"name\":\"Johanna Black Prieto Pe\u00f1a\",\"@id\":\"https:\/\/www.fiscalia.gov.co\/colombia\/#\/schema\/person\/b19b49f26569f91393176a2b3d13a0e5\"},\"headline\":\"11 a\u00f1os de c\u00e1rcel para abogada que promovi\u00f3 tutelas para desfalcar a la desaparecida Telecom en m\u00e1s de 1.800 millones de pesos\",\"datePublished\":\"2021-11-27T19:17:45+00:00\",\"dateModified\":\"2021-12-09T21:48:15+00:00\",\"mainEntityOfPage\":{\"@id\":\"https:\/\/www.fiscalia.gov.co\/colombia\/noticias\/11-anos-de-carcel-para-abogada-que-promovio-tutelas-para-desfalcar-a-la-desaparecida-telecom-en-mas-de-1-800-millones-de-pesos\/\"},\"wordCount\":316,\"publisher\":{\"@id\":\"https:\/\/www.fiscalia.gov.co\/colombia\/#organization\"},\"image\":{\"@id\":\"https:\/\/www.fiscalia.gov.co\/colombia\/noticias\/11-anos-de-carcel-para-abogada-que-promovio-tutelas-para-desfalcar-a-la-desaparecida-telecom-en-mas-de-1-800-millones-de-pesos\/#primaryimage\"},\"thumbnailUrl\":\"https:\/\/www.fiscalia.gov.co\/colombia\/wp-content\/uploads\/maxresdefault-240.jpg\",\"keywords\":[\"Fiscal Francisco Barbosa Delgado\",\"Fiscal General\",\"Fiscal General de la Naci\u00f3n\",\"Fiscal General Francisco Barbosa Delgado\",\"Fiscal\u00eda\",\"Fiscal\u00eda Colombia\",\"Fiscal\u00eda General de la Naci\u00f3n\"],\"articleSection\":[\"Hay Justicia\",\"Noticias\",\"Seccional Bogot\u00e1\",\"Seccionales\"],\"inLanguage\":\"es-CO\"},{\"@type\":\"WebPage\",\"@id\":\"https:\/\/www.fiscalia.gov.co\/colombia\/noticias\/11-anos-de-carcel-para-abogada-que-promovio-tutelas-para-desfalcar-a-la-desaparecida-telecom-en-mas-de-1-800-millones-de-pesos\/\",\"url\":\"https:\/\/www.fiscalia.gov.co\/colombia\/noticias\/11-anos-de-carcel-para-abogada-que-promovio-tutelas-para-desfalcar-a-la-desaparecida-telecom-en-mas-de-1-800-millones-de-pesos\/\",\"name\":\"Fiscal\u00eda General de la Naci\u00f3n\",\"isPartOf\":{\"@id\":\"https:\/\/www.fiscalia.gov.co\/colombia\/#website\"},\"primaryImageOfPage\":{\"@id\":\"https:\/\/www.fiscalia.gov.co\/colombia\/noticias\/11-anos-de-carcel-para-abogada-que-promovio-tutelas-para-desfalcar-a-la-desaparecida-telecom-en-mas-de-1-800-millones-de-pesos\/#primaryimage\"},\"image\":{\"@id\":\"https:\/\/www.fiscalia.gov.co\/colombia\/noticias\/11-anos-de-carcel-para-abogada-que-promovio-tutelas-para-desfalcar-a-la-desaparecida-telecom-en-mas-de-1-800-millones-de-pesos\/#primaryimage\"},\"thumbnailUrl\":\"https:\/\/www.fiscalia.gov.co\/colombia\/wp-content\/uploads\/maxresdefault-240.jpg\",\"datePublished\":\"2021-11-27T19:17:45+00:00\",\"dateModified\":\"2021-12-09T21:48:15+00:00\",\"description\":\"P\u00e1gina oficial de la Fiscal\u00eda General de la Naci\u00f3n \u2013 Colombia. Garantizamos el acceso efectivo a la justicia, la verdad y la reparaci\u00f3n de las v\u00edctimas de los delitos.\",\"breadcrumb\":{\"@id\":\"https:\/\/www.fiscalia.gov.co\/colombia\/noticias\/11-anos-de-carcel-para-abogada-que-promovio-tutelas-para-desfalcar-a-la-desaparecida-telecom-en-mas-de-1-800-millones-de-pesos\/#breadcrumb\"},\"inLanguage\":\"es-CO\",\"potentialAction\":[{\"@type\":\"ReadAction\",\"target\":[\"https:\/\/www.fiscalia.gov.co\/colombia\/noticias\/11-anos-de-carcel-para-abogada-que-promovio-tutelas-para-desfalcar-a-la-desaparecida-telecom-en-mas-de-1-800-millones-de-pesos\/\"]}]},{\"@type\":\"ImageObject\",\"inLanguage\":\"es-CO\",\"@id\":\"https:\/\/www.fiscalia.gov.co\/colombia\/noticias\/11-anos-de-carcel-para-abogada-que-promovio-tutelas-para-desfalcar-a-la-desaparecida-telecom-en-mas-de-1-800-millones-de-pesos\/#primaryimage\",\"url\":\"https:\/\/www.fiscalia.gov.co\/colombia\/wp-content\/uploads\/maxresdefault-240.jpg\",\"contentUrl\":\"https:\/\/www.fiscalia.gov.co\/colombia\/wp-content\/uploads\/maxresdefault-240.jpg\",\"width\":1280,\"height\":720},{\"@type\":\"BreadcrumbList\",\"@id\":\"https:\/\/www.fiscalia.gov.co\/colombia\/noticias\/11-anos-de-carcel-para-abogada-que-promovio-tutelas-para-desfalcar-a-la-desaparecida-telecom-en-mas-de-1-800-millones-de-pesos\/#breadcrumb\",\"itemListElement\":[{\"@type\":\"ListItem\",\"position\":1,\"name\":\"Home\",\"item\":\"https:\/\/www.fiscalia.gov.co\/colombia\/\"},{\"@type\":\"ListItem\",\"position\":2,\"name\":\"11 a\u00f1os de c\u00e1rcel para abogada que promovi\u00f3 tutelas para desfalcar a la desaparecida Telecom en m\u00e1s de 1.800 millones de pesos\"}]},{\"@type\":\"WebSite\",\"@id\":\"https:\/\/www.fiscalia.gov.co\/colombia\/#website\",\"url\":\"https:\/\/www.fiscalia.gov.co\/colombia\/\",\"name\":\"Fiscal\u00eda General de la Naci\u00f3n\",\"description\":\"P\u00e1gina oficial de la Fiscal\u00eda General de la Naci\u00f3n \u2013 Colombia. Garantizamos el acceso efectivo a la justicia, la verdad y la reparaci\u00f3n de las v\u00edctimas de los delitos.\",\"publisher\":{\"@id\":\"https:\/\/www.fiscalia.gov.co\/colombia\/#organization\"},\"potentialAction\":[{\"@type\":\"SearchAction\",\"target\":{\"@type\":\"EntryPoint\",\"urlTemplate\":\"https:\/\/www.fiscalia.gov.co\/colombia\/?s={search_term_string}\"},\"query-input\":{\"@type\":\"PropertyValueSpecification\",\"valueRequired\":true,\"valueName\":\"search_term_string\"}}],\"inLanguage\":\"es-CO\"},{\"@type\":\"Organization\",\"@id\":\"https:\/\/www.fiscalia.gov.co\/colombia\/#organization\",\"name\":\"Fiscal\u00eda General de la Naci\u00f3n\",\"url\":\"https:\/\/www.fiscalia.gov.co\/colombia\/\",\"logo\":{\"@type\":\"ImageObject\",\"inLanguage\":\"es-CO\",\"@id\":\"https:\/\/www.fiscalia.gov.co\/colombia\/#\/schema\/logo\/image\/\",\"url\":\"https:\/\/www.fiscalia.gov.co\/colombia\/wp-content\/uploads\/LogoHorizontal_1.jpg\",\"contentUrl\":\"https:\/\/www.fiscalia.gov.co\/colombia\/wp-content\/uploads\/LogoHorizontal_1.jpg\",\"width\":300,\"height\":90,\"caption\":\"Fiscal\u00eda General de la Naci\u00f3n\"},\"image\":{\"@id\":\"https:\/\/www.fiscalia.gov.co\/colombia\/#\/schema\/logo\/image\/\"},\"sameAs\":[\"https:\/\/www.facebook.com\/FiscaliaCol\",\"https:\/\/x.com\/FiscaliaCol\",\"https:\/\/www.instagram.com\/fiscaliacol\",\"https:\/\/www.linkedin.com\/company\/fiscalia-general-de-la-naci-n\/\",\"https:\/\/youtube.com\/@fiscaliageneraldelanacion-4668?si=6nN79nyQICPU5iTh\"]},{\"@type\":\"Person\",\"@id\":\"https:\/\/www.fiscalia.gov.co\/colombia\/#\/schema\/person\/b19b49f26569f91393176a2b3d13a0e5\",\"name\":\"Johanna Black Prieto Pe\u00f1a\",\"image\":{\"@type\":\"ImageObject\",\"inLanguage\":\"es-CO\",\"@id\":\"https:\/\/www.fiscalia.gov.co\/colombia\/#\/schema\/person\/image\/\",\"url\":\"https:\/\/secure.gravatar.com\/avatar\/7f04518e1774335e76d761d76f04003e?s=96&d=mm&r=g\",\"contentUrl\":\"https:\/\/secure.gravatar.com\/avatar\/7f04518e1774335e76d761d76f04003e?s=96&d=mm&r=g\",\"caption\":\"Johanna Black Prieto Pe\u00f1a\"},\"url\":\"https:\/\/www.fiscalia.gov.co\/colombia\/author\/jprieto\/\"}]}<\/script>\n<!-- \/ Yoast SEO plugin. -->","yoast_head_json":{"title":"Fiscal\u00eda General de la Naci\u00f3n","description":"P\u00e1gina oficial de la Fiscal\u00eda General de la Naci\u00f3n \u2013 Colombia. Garantizamos el acceso efectivo a la justicia, la verdad y la reparaci\u00f3n de las v\u00edctimas de los delitos.","robots":{"index":"noindex","follow":"follow"},"og_locale":"es_ES","og_type":"article","og_title":"Fiscal\u00eda General de la Naci\u00f3n","og_description":"P\u00e1gina oficial de la Fiscal\u00eda General de la Naci\u00f3n \u2013 Colombia. Garantizamos el acceso efectivo a la justicia, la verdad y la reparaci\u00f3n de las v\u00edctimas de los delitos.","og_url":"https:\/\/www.fiscalia.gov.co\/colombia\/noticias\/11-anos-de-carcel-para-abogada-que-promovio-tutelas-para-desfalcar-a-la-desaparecida-telecom-en-mas-de-1-800-millones-de-pesos\/","og_site_name":"Fiscal\u00eda General de la Naci\u00f3n","article_publisher":"https:\/\/www.facebook.com\/FiscaliaCol","article_published_time":"2021-11-27T19:17:45+00:00","article_modified_time":"2021-12-09T21:48:15+00:00","og_image":[{"width":1280,"height":720,"url":"https:\/\/www.fiscalia.gov.co\/colombia\/wp-content\/uploads\/maxresdefault-240.jpg","type":"image\/jpeg"}],"author":"Johanna Black Prieto Pe\u00f1a","twitter_card":"summary_large_image","twitter_creator":"@FiscaliaCol","twitter_site":"@FiscaliaCol","twitter_misc":{"Escrito por":"Johanna Black Prieto Pe\u00f1a","Tiempo de lectura":"1 minuto"},"schema":{"@context":"https:\/\/schema.org","@graph":[{"@type":"Article","@id":"https:\/\/www.fiscalia.gov.co\/colombia\/noticias\/11-anos-de-carcel-para-abogada-que-promovio-tutelas-para-desfalcar-a-la-desaparecida-telecom-en-mas-de-1-800-millones-de-pesos\/#article","isPartOf":{"@id":"https:\/\/www.fiscalia.gov.co\/colombia\/noticias\/11-anos-de-carcel-para-abogada-que-promovio-tutelas-para-desfalcar-a-la-desaparecida-telecom-en-mas-de-1-800-millones-de-pesos\/"},"author":{"name":"Johanna Black Prieto Pe\u00f1a","@id":"https:\/\/www.fiscalia.gov.co\/colombia\/#\/schema\/person\/b19b49f26569f91393176a2b3d13a0e5"},"headline":"11 a\u00f1os de c\u00e1rcel para abogada que promovi\u00f3 tutelas para desfalcar a la desaparecida Telecom en m\u00e1s de 1.800 millones de pesos","datePublished":"2021-11-27T19:17:45+00:00","dateModified":"2021-12-09T21:48:15+00:00","mainEntityOfPage":{"@id":"https:\/\/www.fiscalia.gov.co\/colombia\/noticias\/11-anos-de-carcel-para-abogada-que-promovio-tutelas-para-desfalcar-a-la-desaparecida-telecom-en-mas-de-1-800-millones-de-pesos\/"},"wordCount":316,"publisher":{"@id":"https:\/\/www.fiscalia.gov.co\/colombia\/#organization"},"image":{"@id":"https:\/\/www.fiscalia.gov.co\/colombia\/noticias\/11-anos-de-carcel-para-abogada-que-promovio-tutelas-para-desfalcar-a-la-desaparecida-telecom-en-mas-de-1-800-millones-de-pesos\/#primaryimage"},"thumbnailUrl":"https:\/\/www.fiscalia.gov.co\/colombia\/wp-content\/uploads\/maxresdefault-240.jpg","keywords":["Fiscal Francisco Barbosa Delgado","Fiscal General","Fiscal General de la Naci\u00f3n","Fiscal General Francisco Barbosa Delgado","Fiscal\u00eda","Fiscal\u00eda Colombia","Fiscal\u00eda General de la Naci\u00f3n"],"articleSection":["Hay Justicia","Noticias","Seccional Bogot\u00e1","Seccionales"],"inLanguage":"es-CO"},{"@type":"WebPage","@id":"https:\/\/www.fiscalia.gov.co\/colombia\/noticias\/11-anos-de-carcel-para-abogada-que-promovio-tutelas-para-desfalcar-a-la-desaparecida-telecom-en-mas-de-1-800-millones-de-pesos\/","url":"https:\/\/www.fiscalia.gov.co\/colombia\/noticias\/11-anos-de-carcel-para-abogada-que-promovio-tutelas-para-desfalcar-a-la-desaparecida-telecom-en-mas-de-1-800-millones-de-pesos\/","name":"Fiscal\u00eda General de la Naci\u00f3n","isPartOf":{"@id":"https:\/\/www.fiscalia.gov.co\/colombia\/#website"},"primaryImageOfPage":{"@id":"https:\/\/www.fiscalia.gov.co\/colombia\/noticias\/11-anos-de-carcel-para-abogada-que-promovio-tutelas-para-desfalcar-a-la-desaparecida-telecom-en-mas-de-1-800-millones-de-pesos\/#primaryimage"},"image":{"@id":"https:\/\/www.fiscalia.gov.co\/colombia\/noticias\/11-anos-de-carcel-para-abogada-que-promovio-tutelas-para-desfalcar-a-la-desaparecida-telecom-en-mas-de-1-800-millones-de-pesos\/#primaryimage"},"thumbnailUrl":"https:\/\/www.fiscalia.gov.co\/colombia\/wp-content\/uploads\/maxresdefault-240.jpg","datePublished":"2021-11-27T19:17:45+00:00","dateModified":"2021-12-09T21:48:15+00:00","description":"P\u00e1gina oficial de la Fiscal\u00eda General de la Naci\u00f3n \u2013 Colombia. Garantizamos el acceso efectivo a la justicia, la verdad y la reparaci\u00f3n de las v\u00edctimas de los delitos.","breadcrumb":{"@id":"https:\/\/www.fiscalia.gov.co\/colombia\/noticias\/11-anos-de-carcel-para-abogada-que-promovio-tutelas-para-desfalcar-a-la-desaparecida-telecom-en-mas-de-1-800-millones-de-pesos\/#breadcrumb"},"inLanguage":"es-CO","potentialAction":[{"@type":"ReadAction","target":["https:\/\/www.fiscalia.gov.co\/colombia\/noticias\/11-anos-de-carcel-para-abogada-que-promovio-tutelas-para-desfalcar-a-la-desaparecida-telecom-en-mas-de-1-800-millones-de-pesos\/"]}]},{"@type":"ImageObject","inLanguage":"es-CO","@id":"https:\/\/www.fiscalia.gov.co\/colombia\/noticias\/11-anos-de-carcel-para-abogada-que-promovio-tutelas-para-desfalcar-a-la-desaparecida-telecom-en-mas-de-1-800-millones-de-pesos\/#primaryimage","url":"https:\/\/www.fiscalia.gov.co\/colombia\/wp-content\/uploads\/maxresdefault-240.jpg","contentUrl":"https:\/\/www.fiscalia.gov.co\/colombia\/wp-content\/uploads\/maxresdefault-240.jpg","width":1280,"height":720},{"@type":"BreadcrumbList","@id":"https:\/\/www.fiscalia.gov.co\/colombia\/noticias\/11-anos-de-carcel-para-abogada-que-promovio-tutelas-para-desfalcar-a-la-desaparecida-telecom-en-mas-de-1-800-millones-de-pesos\/#breadcrumb","itemListElement":[{"@type":"ListItem","position":1,"name":"Home","item":"https:\/\/www.fiscalia.gov.co\/colombia\/"},{"@type":"ListItem","position":2,"name":"11 a\u00f1os de c\u00e1rcel para abogada que promovi\u00f3 tutelas para desfalcar a la desaparecida Telecom en m\u00e1s de 1.800 millones de pesos"}]},{"@type":"WebSite","@id":"https:\/\/www.fiscalia.gov.co\/colombia\/#website","url":"https:\/\/www.fiscalia.gov.co\/colombia\/","name":"Fiscal\u00eda General de la Naci\u00f3n","description":"P\u00e1gina oficial de la Fiscal\u00eda General de la Naci\u00f3n \u2013 Colombia. Garantizamos el acceso efectivo a la justicia, la verdad y la reparaci\u00f3n de las v\u00edctimas de los delitos.","publisher":{"@id":"https:\/\/www.fiscalia.gov.co\/colombia\/#organization"},"potentialAction":[{"@type":"SearchAction","target":{"@type":"EntryPoint","urlTemplate":"https:\/\/www.fiscalia.gov.co\/colombia\/?s={search_term_string}"},"query-input":{"@type":"PropertyValueSpecification","valueRequired":true,"valueName":"search_term_string"}}],"inLanguage":"es-CO"},{"@type":"Organization","@id":"https:\/\/www.fiscalia.gov.co\/colombia\/#organization","name":"Fiscal\u00eda General de la Naci\u00f3n","url":"https:\/\/www.fiscalia.gov.co\/colombia\/","logo":{"@type":"ImageObject","inLanguage":"es-CO","@id":"https:\/\/www.fiscalia.gov.co\/colombia\/#\/schema\/logo\/image\/","url":"https:\/\/www.fiscalia.gov.co\/colombia\/wp-content\/uploads\/LogoHorizontal_1.jpg","contentUrl":"https:\/\/www.fiscalia.gov.co\/colombia\/wp-content\/uploads\/LogoHorizontal_1.jpg","width":300,"height":90,"caption":"Fiscal\u00eda General de la Naci\u00f3n"},"image":{"@id":"https:\/\/www.fiscalia.gov.co\/colombia\/#\/schema\/logo\/image\/"},"sameAs":["https:\/\/www.facebook.com\/FiscaliaCol","https:\/\/x.com\/FiscaliaCol","https:\/\/www.instagram.com\/fiscaliacol","https:\/\/www.linkedin.com\/company\/fiscalia-general-de-la-naci-n\/","https:\/\/youtube.com\/@fiscaliageneraldelanacion-4668?si=6nN79nyQICPU5iTh"]},{"@type":"Person","@id":"https:\/\/www.fiscalia.gov.co\/colombia\/#\/schema\/person\/b19b49f26569f91393176a2b3d13a0e5","name":"Johanna Black Prieto Pe\u00f1a","image":{"@type":"ImageObject","inLanguage":"es-CO","@id":"https:\/\/www.fiscalia.gov.co\/colombia\/#\/schema\/person\/image\/","url":"https:\/\/secure.gravatar.com\/avatar\/7f04518e1774335e76d761d76f04003e?s=96&d=mm&r=g","contentUrl":"https:\/\/secure.gravatar.com\/avatar\/7f04518e1774335e76d761d76f04003e?s=96&d=mm&r=g","caption":"Johanna Black Prieto Pe\u00f1a"},"url":"https:\/\/www.fiscalia.gov.co\/colombia\/author\/jprieto\/"}]}},"_links":{"self":[{"href":"https:\/\/www.fiscalia.gov.co\/colombia\/wp-json\/wp\/v2\/posts\/235753","targetHints":{"allow":["GET"]}}],"collection":[{"href":"https:\/\/www.fiscalia.gov.co\/colombia\/wp-json\/wp\/v2\/posts"}],"about":[{"href":"https:\/\/www.fiscalia.gov.co\/colombia\/wp-json\/wp\/v2\/types\/post"}],"author":[{"embeddable":true,"href":"https:\/\/www.fiscalia.gov.co\/colombia\/wp-json\/wp\/v2\/users\/176"}],"replies":[{"embeddable":true,"href":"https:\/\/www.fiscalia.gov.co\/colombia\/wp-json\/wp\/v2\/comments?post=235753"}],"version-history":[{"count":1,"href":"https:\/\/www.fiscalia.gov.co\/colombia\/wp-json\/wp\/v2\/posts\/235753\/revisions"}],"predecessor-version":[{"id":235754,"href":"https:\/\/www.fiscalia.gov.co\/colombia\/wp-json\/wp\/v2\/posts\/235753\/revisions\/235754"}],"wp:featuredmedia":[{"embeddable":true,"href":"https:\/\/www.fiscalia.gov.co\/colombia\/wp-json\/wp\/v2\/media\/236659"}],"wp:attachment":[{"href":"https:\/\/www.fiscalia.gov.co\/colombia\/wp-json\/wp\/v2\/media?parent=235753"}],"wp:term":[{"taxonomy":"category","embeddable":true,"href":"https:\/\/www.fiscalia.gov.co\/colombia\/wp-json\/wp\/v2\/categories?post=235753"},{"taxonomy":"post_tag","embeddable":true,"href":"https:\/\/www.fiscalia.gov.co\/colombia\/wp-json\/wp\/v2\/tags?post=235753"}],"curies":[{"name":"wp","href":"https:\/\/api.w.org\/{rel}","templated":true}]}}