{"id":235739,"date":"2021-11-27T07:50:22","date_gmt":"2021-11-27T12:50:22","guid":{"rendered":"https:\/\/www.fiscalia.gov.co\/colombia\/?p=235739"},"modified":"2021-12-07T16:24:57","modified_gmt":"2021-12-07T21:24:57","slug":"fiscalia-impuso-medidas-cautelares-con-fines-de-extincion-de-dominio-a-bienes-avaluados-en-mas-14-000-millones-de-pesos-que-pertenecerian-a-la-organizacion-delictiva-las-chatas","status":"publish","type":"post","link":"https:\/\/www.fiscalia.gov.co\/colombia\/noticias\/fiscalia-impuso-medidas-cautelares-con-fines-de-extincion-de-dominio-a-bienes-avaluados-en-mas-14-000-millones-de-pesos-que-pertenecerian-a-la-organizacion-delictiva-las-chatas\/","title":{"rendered":"Fiscal\u00eda impuso medidas cautelares con fines de extinci\u00f3n de dominio a bienes avaluados en m\u00e1s 14.000 millones de pesos que pertenecer\u00edan a la organizaci\u00f3n delictiva \u2018Las Chatas\u2019"},"content":{"rendered":"<p>En desarrollo de la estrategia Argenta, dispuesta para perseguir las rentas de las organizaciones de crimen organizado y el narcotr\u00e1fico, un fiscal de la Direcci\u00f3n Especializada de Extinci\u00f3n del Derecho de Dominio impuso medidas cautelares sobre 21 bienes, que habr\u00edan sido adquiridos con dineros producto del tr\u00e1fico de estupefacientes, extorsiones y miner\u00eda ilegal.<\/p>\n<p>Los predios afectados con suspensi\u00f3n del poder dispositivo, embargo y secuestro est\u00e1n ubicados en Necocl\u00ed y Medell\u00edn (Antioquia); Monter\u00eda, San Bernardo del Viento y Tierra Alta (C\u00f3rdoba). \u00a0Los c\u00e1lculos preliminares dan cuenta de que su valor podr\u00eda superar los 14.000 millones de pesos.<\/p>\n<p>Se trata de 5 inmuebles rurales, 11 urbanos y 5 cinco veh\u00edculos, que figuran a nombre de varios integrantes de una misma familia que habr\u00edan prestado sus nombres para que les fueran escriturados. Seg\u00fan la investigaci\u00f3n, los activos pertenecer\u00edan a los cabecillas de la organizaci\u00f3n ilegal \u2018Las Chatas\u2019, entre ellos \u00c9dinson Maya R\u00edos, alias Gomelo; y su hermano Juan David R\u00edos Garc\u00eda, alias Willi.<\/p>\n<p>En el desarrollo de la investigaci\u00f3n tambi\u00e9n se logr\u00f3 determinar la participaci\u00f3n del n\u00facleo familiar de Edison Maya R\u00edos, as\u00ed como de Alba Luz Bol\u00edvar Betancourt. Estas personas habr\u00edan prestado sus nombres para dar apariencia de legalidad a bienes adquiridos por la familia Casta\u00f1o Gil.<\/p>\n<p>Dichos activos, al parecer, luego eran entregados como donaci\u00f3n a la fundaci\u00f3n por La Paz de C\u00f3rdoba (Funpazcord), la cual habr\u00eda sido utilizada por los hermanos Casta\u00f1o Gil para legalizar los despojos de tierras y el lavado de activos obtenido producto de sus actividades il\u00edcitas.<\/p>\n<p>La Sociedad de Activos Especiales (SAE) asumir\u00e1 la administraci\u00f3n de los bienes ocupados con fines de extinci\u00f3n de dominio.<\/p>\n<p>La Fiscal\u00eda publica esta informaci\u00f3n por razones de inter\u00e9s general.<\/p>\n<p><strong>La Fiscal\u00eda habla con resultados. \u00a0<\/strong><\/p>\n<p style=\"text-align: left;\">MAGA\/JARG\/LPDS\/MRC<\/p>\n<p><i>La informaci\u00f3n contenida en este bolet\u00edn de prensa corresponde a la narraci\u00f3n de los hechos noticiosos objetivos, suministrados por los funcionarios encargados de adelantar las investigaciones penales al interior de la Fiscal\u00eda General de la Naci\u00f3n. Para el momento de la divulgaci\u00f3n de este comunicado, la situaci\u00f3n jur\u00eddica de la(s) persona(s) relacionada(s) se encuentra pendiente de resolver por la autoridad judicial competente, siempre bajo los preceptos de la presunci\u00f3n de inocencia, consagrados en el art\u00edculo 29 de la Constituci\u00f3n Pol\u00edtica y el art\u00edculo 7\u00ba de la Ley 906 de 2004.<\/i><\/p>\n<p><strong>\u00a0<\/strong><\/p>\n<p style=\"text-align: center;\"><strong>\u00a0\u00a0\u00a0\u00a0\u00a0\u00a0\u00a0\u00a0\u00a0\u00a0\u00a0\u00a0\u00a0\u00a0\u00a0 \u00a0\u00a0\u00a0\u00a0\u00a0\u00a0\u00a0\u00a0\u00a0\u00a0\u00a0\u00a0\u00a0\u00a0\u00a0\u00a0\u00a0\u00a0\u00a0\u00a0\u00a0\u00a0\u00a0\u00a0 \u00a0\u00a0\u00a0\u00a0\u00a0\u00a0\u00a0\u00a0\u00a0\u00a0\u00a0\u00a0\u00a0\u00a0\u00a0\u00a0\u00a0\u00a0\u00a0\u00a0\u00a0\u00a0\u00a0\u00a0\u00a0\u00a0\u00a0\u00a0\u00a0\u00a0\u00a0 <\/strong><\/p>\n\n<div class=\"twitter-share\"><a href=\"https:\/\/twitter.com\/intent\/tweet?via=fiscaliacol\" class=\"twitter-share-button\">Tweet<\/a><\/div>\n","protected":false},"excerpt":{"rendered":"<p>En desarrollo de la estrategia Argenta, dispuesta para perseguir las rentas de las organizaciones de crimen organizado y el narcotr\u00e1fico, un fiscal de la Direcci\u00f3n Especializada de Extinci\u00f3n del Derecho de Dominio impuso medidas cautelares sobre 21 bienes, que habr\u00edan sido adquiridos con dineros producto del tr\u00e1fico de estupefacientes, extorsiones y miner\u00eda ilegal. Los predios [&hellip;]<\/p>\n","protected":false},"author":176,"featured_media":0,"comment_status":"closed","ping_status":"open","sticky":false,"template":"","format":"video","meta":{"tdm_status":"","tdm_grid_status":"","footnotes":""},"categories":[1,321,303],"tags":[23821,24185,24401,24188,24189,10,24187],"class_list":{"0":"post-235739","1":"post","2":"type-post","3":"status-publish","4":"format-video","6":"category-noticias","7":"category-seccional-bogota","8":"category-seccionales","9":"tag-bogota","10":"tag-fiscal-barbosa","11":"tag-fiscal-barbosa-delgado","12":"tag-fiscal-francisco-barbosa","13":"tag-fiscal-francisco-barbosa-delgado","14":"tag-fiscal-general","15":"tag-fiscalia-colombia","16":"post_format-post-format-video"},"yoast_head":"<!-- This site is optimized with the Yoast SEO plugin v24.3 - https:\/\/yoast.com\/wordpress\/plugins\/seo\/ -->\n<title>Fiscal\u00eda General de la Naci\u00f3n<\/title>\n<meta name=\"description\" content=\"P\u00e1gina oficial de la Fiscal\u00eda General de la Naci\u00f3n \u2013 Colombia. Garantizamos el acceso efectivo a la justicia, la verdad y la reparaci\u00f3n de las v\u00edctimas de los delitos.\" \/>\n<meta name=\"robots\" content=\"noindex, follow\" \/>\n<meta property=\"og:locale\" content=\"es_ES\" \/>\n<meta property=\"og:type\" content=\"article\" \/>\n<meta property=\"og:title\" content=\"Fiscal\u00eda General de la Naci\u00f3n\" \/>\n<meta property=\"og:description\" content=\"P\u00e1gina oficial de la Fiscal\u00eda General de la Naci\u00f3n \u2013 Colombia. Garantizamos el acceso efectivo a la justicia, la verdad y la reparaci\u00f3n de las v\u00edctimas de los delitos.\" \/>\n<meta property=\"og:url\" content=\"https:\/\/www.fiscalia.gov.co\/colombia\/noticias\/fiscalia-impuso-medidas-cautelares-con-fines-de-extincion-de-dominio-a-bienes-avaluados-en-mas-14-000-millones-de-pesos-que-pertenecerian-a-la-organizacion-delictiva-las-chatas\/\" \/>\n<meta property=\"og:site_name\" content=\"Fiscal\u00eda General de la Naci\u00f3n\" \/>\n<meta property=\"article:publisher\" content=\"https:\/\/www.facebook.com\/FiscaliaCol\" \/>\n<meta property=\"article:published_time\" content=\"2021-11-27T12:50:22+00:00\" \/>\n<meta property=\"article:modified_time\" content=\"2021-12-07T21:24:57+00:00\" \/>\n<meta name=\"author\" content=\"Johanna Black Prieto Pe\u00f1a\" \/>\n<meta name=\"twitter:card\" content=\"summary_large_image\" \/>\n<meta name=\"twitter:creator\" content=\"@FiscaliaCol\" \/>\n<meta name=\"twitter:site\" content=\"@FiscaliaCol\" \/>\n<meta name=\"twitter:label1\" content=\"Escrito por\" \/>\n\t<meta name=\"twitter:data1\" content=\"Johanna Black Prieto Pe\u00f1a\" \/>\n\t<meta name=\"twitter:label2\" content=\"Tiempo de lectura\" \/>\n\t<meta name=\"twitter:data2\" content=\"2 minutos\" \/>\n<script type=\"application\/ld+json\" class=\"yoast-schema-graph\">{\"@context\":\"https:\/\/schema.org\",\"@graph\":[{\"@type\":\"Article\",\"@id\":\"https:\/\/www.fiscalia.gov.co\/colombia\/noticias\/fiscalia-impuso-medidas-cautelares-con-fines-de-extincion-de-dominio-a-bienes-avaluados-en-mas-14-000-millones-de-pesos-que-pertenecerian-a-la-organizacion-delictiva-las-chatas\/#article\",\"isPartOf\":{\"@id\":\"https:\/\/www.fiscalia.gov.co\/colombia\/noticias\/fiscalia-impuso-medidas-cautelares-con-fines-de-extincion-de-dominio-a-bienes-avaluados-en-mas-14-000-millones-de-pesos-que-pertenecerian-a-la-organizacion-delictiva-las-chatas\/\"},\"author\":{\"name\":\"Johanna Black Prieto Pe\u00f1a\",\"@id\":\"https:\/\/www.fiscalia.gov.co\/colombia\/#\/schema\/person\/b19b49f26569f91393176a2b3d13a0e5\"},\"headline\":\"Fiscal\u00eda impuso medidas cautelares con fines de extinci\u00f3n de dominio a bienes avaluados en m\u00e1s 14.000 millones de pesos que pertenecer\u00edan a la organizaci\u00f3n delictiva \u2018Las Chatas\u2019\",\"datePublished\":\"2021-11-27T12:50:22+00:00\",\"dateModified\":\"2021-12-07T21:24:57+00:00\",\"mainEntityOfPage\":{\"@id\":\"https:\/\/www.fiscalia.gov.co\/colombia\/noticias\/fiscalia-impuso-medidas-cautelares-con-fines-de-extincion-de-dominio-a-bienes-avaluados-en-mas-14-000-millones-de-pesos-que-pertenecerian-a-la-organizacion-delictiva-las-chatas\/\"},\"wordCount\":458,\"publisher\":{\"@id\":\"https:\/\/www.fiscalia.gov.co\/colombia\/#organization\"},\"keywords\":[\"Bogot\u00e1\",\"Fiscal Barbosa\",\"Fiscal Barbosa Delgado\",\"Fiscal Francisco Barbosa\",\"Fiscal Francisco Barbosa Delgado\",\"Fiscal General\",\"Fiscal\u00eda Colombia\"],\"articleSection\":[\"Noticias\",\"Seccional Bogot\u00e1\",\"Seccionales\"],\"inLanguage\":\"es-CO\"},{\"@type\":\"WebPage\",\"@id\":\"https:\/\/www.fiscalia.gov.co\/colombia\/noticias\/fiscalia-impuso-medidas-cautelares-con-fines-de-extincion-de-dominio-a-bienes-avaluados-en-mas-14-000-millones-de-pesos-que-pertenecerian-a-la-organizacion-delictiva-las-chatas\/\",\"url\":\"https:\/\/www.fiscalia.gov.co\/colombia\/noticias\/fiscalia-impuso-medidas-cautelares-con-fines-de-extincion-de-dominio-a-bienes-avaluados-en-mas-14-000-millones-de-pesos-que-pertenecerian-a-la-organizacion-delictiva-las-chatas\/\",\"name\":\"Fiscal\u00eda General de la Naci\u00f3n\",\"isPartOf\":{\"@id\":\"https:\/\/www.fiscalia.gov.co\/colombia\/#website\"},\"datePublished\":\"2021-11-27T12:50:22+00:00\",\"dateModified\":\"2021-12-07T21:24:57+00:00\",\"description\":\"P\u00e1gina oficial de la Fiscal\u00eda General de la Naci\u00f3n \u2013 Colombia. Garantizamos el acceso efectivo a la justicia, la verdad y la reparaci\u00f3n de las v\u00edctimas de los delitos.\",\"breadcrumb\":{\"@id\":\"https:\/\/www.fiscalia.gov.co\/colombia\/noticias\/fiscalia-impuso-medidas-cautelares-con-fines-de-extincion-de-dominio-a-bienes-avaluados-en-mas-14-000-millones-de-pesos-que-pertenecerian-a-la-organizacion-delictiva-las-chatas\/#breadcrumb\"},\"inLanguage\":\"es-CO\",\"potentialAction\":[{\"@type\":\"ReadAction\",\"target\":[\"https:\/\/www.fiscalia.gov.co\/colombia\/noticias\/fiscalia-impuso-medidas-cautelares-con-fines-de-extincion-de-dominio-a-bienes-avaluados-en-mas-14-000-millones-de-pesos-que-pertenecerian-a-la-organizacion-delictiva-las-chatas\/\"]}]},{\"@type\":\"BreadcrumbList\",\"@id\":\"https:\/\/www.fiscalia.gov.co\/colombia\/noticias\/fiscalia-impuso-medidas-cautelares-con-fines-de-extincion-de-dominio-a-bienes-avaluados-en-mas-14-000-millones-de-pesos-que-pertenecerian-a-la-organizacion-delictiva-las-chatas\/#breadcrumb\",\"itemListElement\":[{\"@type\":\"ListItem\",\"position\":1,\"name\":\"Home\",\"item\":\"https:\/\/www.fiscalia.gov.co\/colombia\/\"},{\"@type\":\"ListItem\",\"position\":2,\"name\":\"Fiscal\u00eda impuso medidas cautelares con fines de extinci\u00f3n de dominio a bienes avaluados en m\u00e1s 14.000 millones de pesos que pertenecer\u00edan a la organizaci\u00f3n delictiva \u2018Las Chatas\u2019\"}]},{\"@type\":\"WebSite\",\"@id\":\"https:\/\/www.fiscalia.gov.co\/colombia\/#website\",\"url\":\"https:\/\/www.fiscalia.gov.co\/colombia\/\",\"name\":\"Fiscal\u00eda General de la Naci\u00f3n\",\"description\":\"P\u00e1gina oficial de la Fiscal\u00eda General de la Naci\u00f3n \u2013 Colombia. Garantizamos el acceso efectivo a la justicia, la verdad y la reparaci\u00f3n de las v\u00edctimas de los delitos.\",\"publisher\":{\"@id\":\"https:\/\/www.fiscalia.gov.co\/colombia\/#organization\"},\"potentialAction\":[{\"@type\":\"SearchAction\",\"target\":{\"@type\":\"EntryPoint\",\"urlTemplate\":\"https:\/\/www.fiscalia.gov.co\/colombia\/?s={search_term_string}\"},\"query-input\":{\"@type\":\"PropertyValueSpecification\",\"valueRequired\":true,\"valueName\":\"search_term_string\"}}],\"inLanguage\":\"es-CO\"},{\"@type\":\"Organization\",\"@id\":\"https:\/\/www.fiscalia.gov.co\/colombia\/#organization\",\"name\":\"Fiscal\u00eda General de la Naci\u00f3n\",\"url\":\"https:\/\/www.fiscalia.gov.co\/colombia\/\",\"logo\":{\"@type\":\"ImageObject\",\"inLanguage\":\"es-CO\",\"@id\":\"https:\/\/www.fiscalia.gov.co\/colombia\/#\/schema\/logo\/image\/\",\"url\":\"https:\/\/www.fiscalia.gov.co\/colombia\/wp-content\/uploads\/LogoHorizontal_1.jpg\",\"contentUrl\":\"https:\/\/www.fiscalia.gov.co\/colombia\/wp-content\/uploads\/LogoHorizontal_1.jpg\",\"width\":300,\"height\":90,\"caption\":\"Fiscal\u00eda General de la Naci\u00f3n\"},\"image\":{\"@id\":\"https:\/\/www.fiscalia.gov.co\/colombia\/#\/schema\/logo\/image\/\"},\"sameAs\":[\"https:\/\/www.facebook.com\/FiscaliaCol\",\"https:\/\/x.com\/FiscaliaCol\",\"https:\/\/www.instagram.com\/fiscaliacol\",\"https:\/\/www.linkedin.com\/company\/fiscalia-general-de-la-naci-n\/\",\"https:\/\/youtube.com\/@fiscaliageneraldelanacion-4668?si=6nN79nyQICPU5iTh\"]},{\"@type\":\"Person\",\"@id\":\"https:\/\/www.fiscalia.gov.co\/colombia\/#\/schema\/person\/b19b49f26569f91393176a2b3d13a0e5\",\"name\":\"Johanna Black Prieto Pe\u00f1a\",\"image\":{\"@type\":\"ImageObject\",\"inLanguage\":\"es-CO\",\"@id\":\"https:\/\/www.fiscalia.gov.co\/colombia\/#\/schema\/person\/image\/\",\"url\":\"https:\/\/secure.gravatar.com\/avatar\/7f04518e1774335e76d761d76f04003e?s=96&d=mm&r=g\",\"contentUrl\":\"https:\/\/secure.gravatar.com\/avatar\/7f04518e1774335e76d761d76f04003e?s=96&d=mm&r=g\",\"caption\":\"Johanna Black Prieto Pe\u00f1a\"},\"url\":\"https:\/\/www.fiscalia.gov.co\/colombia\/author\/jprieto\/\"}]}<\/script>\n<!-- \/ Yoast SEO plugin. -->","yoast_head_json":{"title":"Fiscal\u00eda General de la Naci\u00f3n","description":"P\u00e1gina oficial de la Fiscal\u00eda General de la Naci\u00f3n \u2013 Colombia. Garantizamos el acceso efectivo a la justicia, la verdad y la reparaci\u00f3n de las v\u00edctimas de los delitos.","robots":{"index":"noindex","follow":"follow"},"og_locale":"es_ES","og_type":"article","og_title":"Fiscal\u00eda General de la Naci\u00f3n","og_description":"P\u00e1gina oficial de la Fiscal\u00eda General de la Naci\u00f3n \u2013 Colombia. Garantizamos el acceso efectivo a la justicia, la verdad y la reparaci\u00f3n de las v\u00edctimas de los delitos.","og_url":"https:\/\/www.fiscalia.gov.co\/colombia\/noticias\/fiscalia-impuso-medidas-cautelares-con-fines-de-extincion-de-dominio-a-bienes-avaluados-en-mas-14-000-millones-de-pesos-que-pertenecerian-a-la-organizacion-delictiva-las-chatas\/","og_site_name":"Fiscal\u00eda General de la Naci\u00f3n","article_publisher":"https:\/\/www.facebook.com\/FiscaliaCol","article_published_time":"2021-11-27T12:50:22+00:00","article_modified_time":"2021-12-07T21:24:57+00:00","author":"Johanna Black Prieto Pe\u00f1a","twitter_card":"summary_large_image","twitter_creator":"@FiscaliaCol","twitter_site":"@FiscaliaCol","twitter_misc":{"Escrito por":"Johanna Black Prieto Pe\u00f1a","Tiempo de lectura":"2 minutos"},"schema":{"@context":"https:\/\/schema.org","@graph":[{"@type":"Article","@id":"https:\/\/www.fiscalia.gov.co\/colombia\/noticias\/fiscalia-impuso-medidas-cautelares-con-fines-de-extincion-de-dominio-a-bienes-avaluados-en-mas-14-000-millones-de-pesos-que-pertenecerian-a-la-organizacion-delictiva-las-chatas\/#article","isPartOf":{"@id":"https:\/\/www.fiscalia.gov.co\/colombia\/noticias\/fiscalia-impuso-medidas-cautelares-con-fines-de-extincion-de-dominio-a-bienes-avaluados-en-mas-14-000-millones-de-pesos-que-pertenecerian-a-la-organizacion-delictiva-las-chatas\/"},"author":{"name":"Johanna Black Prieto Pe\u00f1a","@id":"https:\/\/www.fiscalia.gov.co\/colombia\/#\/schema\/person\/b19b49f26569f91393176a2b3d13a0e5"},"headline":"Fiscal\u00eda impuso medidas cautelares con fines de extinci\u00f3n de dominio a bienes avaluados en m\u00e1s 14.000 millones de pesos que pertenecer\u00edan a la organizaci\u00f3n delictiva \u2018Las Chatas\u2019","datePublished":"2021-11-27T12:50:22+00:00","dateModified":"2021-12-07T21:24:57+00:00","mainEntityOfPage":{"@id":"https:\/\/www.fiscalia.gov.co\/colombia\/noticias\/fiscalia-impuso-medidas-cautelares-con-fines-de-extincion-de-dominio-a-bienes-avaluados-en-mas-14-000-millones-de-pesos-que-pertenecerian-a-la-organizacion-delictiva-las-chatas\/"},"wordCount":458,"publisher":{"@id":"https:\/\/www.fiscalia.gov.co\/colombia\/#organization"},"keywords":["Bogot\u00e1","Fiscal Barbosa","Fiscal Barbosa Delgado","Fiscal Francisco Barbosa","Fiscal Francisco Barbosa Delgado","Fiscal General","Fiscal\u00eda Colombia"],"articleSection":["Noticias","Seccional Bogot\u00e1","Seccionales"],"inLanguage":"es-CO"},{"@type":"WebPage","@id":"https:\/\/www.fiscalia.gov.co\/colombia\/noticias\/fiscalia-impuso-medidas-cautelares-con-fines-de-extincion-de-dominio-a-bienes-avaluados-en-mas-14-000-millones-de-pesos-que-pertenecerian-a-la-organizacion-delictiva-las-chatas\/","url":"https:\/\/www.fiscalia.gov.co\/colombia\/noticias\/fiscalia-impuso-medidas-cautelares-con-fines-de-extincion-de-dominio-a-bienes-avaluados-en-mas-14-000-millones-de-pesos-que-pertenecerian-a-la-organizacion-delictiva-las-chatas\/","name":"Fiscal\u00eda General de la Naci\u00f3n","isPartOf":{"@id":"https:\/\/www.fiscalia.gov.co\/colombia\/#website"},"datePublished":"2021-11-27T12:50:22+00:00","dateModified":"2021-12-07T21:24:57+00:00","description":"P\u00e1gina oficial de la Fiscal\u00eda General de la Naci\u00f3n \u2013 Colombia. Garantizamos el acceso efectivo a la justicia, la verdad y la reparaci\u00f3n de las v\u00edctimas de los delitos.","breadcrumb":{"@id":"https:\/\/www.fiscalia.gov.co\/colombia\/noticias\/fiscalia-impuso-medidas-cautelares-con-fines-de-extincion-de-dominio-a-bienes-avaluados-en-mas-14-000-millones-de-pesos-que-pertenecerian-a-la-organizacion-delictiva-las-chatas\/#breadcrumb"},"inLanguage":"es-CO","potentialAction":[{"@type":"ReadAction","target":["https:\/\/www.fiscalia.gov.co\/colombia\/noticias\/fiscalia-impuso-medidas-cautelares-con-fines-de-extincion-de-dominio-a-bienes-avaluados-en-mas-14-000-millones-de-pesos-que-pertenecerian-a-la-organizacion-delictiva-las-chatas\/"]}]},{"@type":"BreadcrumbList","@id":"https:\/\/www.fiscalia.gov.co\/colombia\/noticias\/fiscalia-impuso-medidas-cautelares-con-fines-de-extincion-de-dominio-a-bienes-avaluados-en-mas-14-000-millones-de-pesos-que-pertenecerian-a-la-organizacion-delictiva-las-chatas\/#breadcrumb","itemListElement":[{"@type":"ListItem","position":1,"name":"Home","item":"https:\/\/www.fiscalia.gov.co\/colombia\/"},{"@type":"ListItem","position":2,"name":"Fiscal\u00eda impuso medidas cautelares con fines de extinci\u00f3n de dominio a bienes avaluados en m\u00e1s 14.000 millones de pesos que pertenecer\u00edan a la organizaci\u00f3n delictiva \u2018Las Chatas\u2019"}]},{"@type":"WebSite","@id":"https:\/\/www.fiscalia.gov.co\/colombia\/#website","url":"https:\/\/www.fiscalia.gov.co\/colombia\/","name":"Fiscal\u00eda General de la Naci\u00f3n","description":"P\u00e1gina oficial de la Fiscal\u00eda General de la Naci\u00f3n \u2013 Colombia. Garantizamos el acceso efectivo a la justicia, la verdad y la reparaci\u00f3n de las v\u00edctimas de los delitos.","publisher":{"@id":"https:\/\/www.fiscalia.gov.co\/colombia\/#organization"},"potentialAction":[{"@type":"SearchAction","target":{"@type":"EntryPoint","urlTemplate":"https:\/\/www.fiscalia.gov.co\/colombia\/?s={search_term_string}"},"query-input":{"@type":"PropertyValueSpecification","valueRequired":true,"valueName":"search_term_string"}}],"inLanguage":"es-CO"},{"@type":"Organization","@id":"https:\/\/www.fiscalia.gov.co\/colombia\/#organization","name":"Fiscal\u00eda General de la Naci\u00f3n","url":"https:\/\/www.fiscalia.gov.co\/colombia\/","logo":{"@type":"ImageObject","inLanguage":"es-CO","@id":"https:\/\/www.fiscalia.gov.co\/colombia\/#\/schema\/logo\/image\/","url":"https:\/\/www.fiscalia.gov.co\/colombia\/wp-content\/uploads\/LogoHorizontal_1.jpg","contentUrl":"https:\/\/www.fiscalia.gov.co\/colombia\/wp-content\/uploads\/LogoHorizontal_1.jpg","width":300,"height":90,"caption":"Fiscal\u00eda General de la Naci\u00f3n"},"image":{"@id":"https:\/\/www.fiscalia.gov.co\/colombia\/#\/schema\/logo\/image\/"},"sameAs":["https:\/\/www.facebook.com\/FiscaliaCol","https:\/\/x.com\/FiscaliaCol","https:\/\/www.instagram.com\/fiscaliacol","https:\/\/www.linkedin.com\/company\/fiscalia-general-de-la-naci-n\/","https:\/\/youtube.com\/@fiscaliageneraldelanacion-4668?si=6nN79nyQICPU5iTh"]},{"@type":"Person","@id":"https:\/\/www.fiscalia.gov.co\/colombia\/#\/schema\/person\/b19b49f26569f91393176a2b3d13a0e5","name":"Johanna Black Prieto Pe\u00f1a","image":{"@type":"ImageObject","inLanguage":"es-CO","@id":"https:\/\/www.fiscalia.gov.co\/colombia\/#\/schema\/person\/image\/","url":"https:\/\/secure.gravatar.com\/avatar\/7f04518e1774335e76d761d76f04003e?s=96&d=mm&r=g","contentUrl":"https:\/\/secure.gravatar.com\/avatar\/7f04518e1774335e76d761d76f04003e?s=96&d=mm&r=g","caption":"Johanna Black Prieto Pe\u00f1a"},"url":"https:\/\/www.fiscalia.gov.co\/colombia\/author\/jprieto\/"}]}},"_links":{"self":[{"href":"https:\/\/www.fiscalia.gov.co\/colombia\/wp-json\/wp\/v2\/posts\/235739","targetHints":{"allow":["GET"]}}],"collection":[{"href":"https:\/\/www.fiscalia.gov.co\/colombia\/wp-json\/wp\/v2\/posts"}],"about":[{"href":"https:\/\/www.fiscalia.gov.co\/colombia\/wp-json\/wp\/v2\/types\/post"}],"author":[{"embeddable":true,"href":"https:\/\/www.fiscalia.gov.co\/colombia\/wp-json\/wp\/v2\/users\/176"}],"replies":[{"embeddable":true,"href":"https:\/\/www.fiscalia.gov.co\/colombia\/wp-json\/wp\/v2\/comments?post=235739"}],"version-history":[{"count":2,"href":"https:\/\/www.fiscalia.gov.co\/colombia\/wp-json\/wp\/v2\/posts\/235739\/revisions"}],"predecessor-version":[{"id":235749,"href":"https:\/\/www.fiscalia.gov.co\/colombia\/wp-json\/wp\/v2\/posts\/235739\/revisions\/235749"}],"wp:attachment":[{"href":"https:\/\/www.fiscalia.gov.co\/colombia\/wp-json\/wp\/v2\/media?parent=235739"}],"wp:term":[{"taxonomy":"category","embeddable":true,"href":"https:\/\/www.fiscalia.gov.co\/colombia\/wp-json\/wp\/v2\/categories?post=235739"},{"taxonomy":"post_tag","embeddable":true,"href":"https:\/\/www.fiscalia.gov.co\/colombia\/wp-json\/wp\/v2\/tags?post=235739"}],"curies":[{"name":"wp","href":"https:\/\/api.w.org\/{rel}","templated":true}]}}