{"id":235724,"date":"2021-11-26T15:44:02","date_gmt":"2021-11-26T20:44:02","guid":{"rendered":"https:\/\/www.fiscalia.gov.co\/colombia\/?p=235724"},"modified":"2021-11-26T15:44:02","modified_gmt":"2021-11-26T20:44:02","slug":"a-la-carcel-tres-presuntos-integrantes-del-grupo-delincuencial-denominado-los-perilla-dedicado-a-la-venta-de-estupefacientes-en-kennedy","status":"publish","type":"post","link":"https:\/\/www.fiscalia.gov.co\/colombia\/noticias\/a-la-carcel-tres-presuntos-integrantes-del-grupo-delincuencial-denominado-los-perilla-dedicado-a-la-venta-de-estupefacientes-en-kennedy\/","title":{"rendered":"A la c\u00e1rcel tres presuntos integrantes del grupo delincuencial denominado Los Perilla dedicado a la venta de estupefacientes en Kennedy"},"content":{"rendered":"<p style=\"font-weight: 400;\">La Fiscal\u00eda logr\u00f3 la judicializaci\u00f3n de tres hombres, quienes al parecer vend\u00edan estupefacientes en la modalidad de microtr\u00e1fico, adem\u00e1s son presuntos integrantes del grupo delincuencial denominado Los Perilla.<\/p>\n<p style=\"font-weight: 400;\">En la investigaci\u00f3n adelantada por un fiscal de la Unidad de Estructura de Apoyo de Bogot\u00e1, en conjunto con la Polic\u00eda Judicial Sij\u00edn, se conoci\u00f3 que Los Perilla vend\u00edan cigarrillos artesanales en v\u00eda p\u00fablica del barrio Llano Grande de la localidad de Kennedy.<\/p>\n<p style=\"font-weight: 400;\">En un operativo realizado el 22 de noviembre de 2021, durante el desarrollo de una diligencia de allanamiento, se hicieron efectivas las \u00f3rdenes de captura en contra de Luis Eduardo Brochero Valencia y \u00c1ngel Gabriel Acevedo Espinosa. Adem\u00e1s, se present\u00f3 para audiencia de imputaci\u00f3n a Oscarlos Octavio L\u00f3pez Bocanegra, quien ya se encontraba privado de la libertad.<\/p>\n<p style=\"font-weight: 400;\">En audiencias preliminares la Fiscal\u00eda formul\u00f3 imputaci\u00f3n por los delitos de concierto para delinquir agravado y tr\u00e1fico, fabricaci\u00f3n o porte de estupefacientes.<\/p>\n<p style=\"font-weight: 400;\">Cargos que no fueron aceptados por ninguno de los capturados.<\/p>\n<p style=\"font-weight: 400;\">Un juez con funci\u00f3n de control de garant\u00edas impuso medida de aseguramiento en establecimiento carcelario en contra de los procesados.<\/p>\n<p style=\"font-weight: 400;\">La Fiscal\u00eda General de la Naci\u00f3n habla con resultados.<\/p>\n<p style=\"font-weight: 400;\">LMFO\/OSC \/FAGH<\/p>\n<p style=\"font-weight: 400;\"><em>La informaci\u00f3n contenida en este bolet\u00edn de prensa corresponde a la narraci\u00f3n de los hechos noticiosos objetivos, suministrados por los funcionarios encargados de adelantar las investigaciones penales al interior de la Fiscal\u00eda General de la Naci\u00f3n. Para el momento de la divulgaci\u00f3n de este comunicado, la situaci\u00f3n jur\u00eddica de la(s) persona(s) relacionada(s) se encuentra pendiente de resolver por la autoridad judicial competente, siempre bajo los preceptos de la presunci\u00f3n de inocencia, consagrados en el art\u00edculo 29 de la Constituci\u00f3n Pol\u00edtica y el art\u00edculo 7\u00ba de la Ley 906 de 2004.<\/em><\/p>\n<p><strong>Noticias Relacionadas:\u00a0<\/strong><\/p>\n<p><a href=\"https:\/\/www.fiscalia.gov.co\/colombia\/noticias\/asegurados-cuatro-hombres-que-presuntamente-almacenaban-y-comercializaban-estupefacientes-en-la-localidad-de-martires\/\" data-saferedirecturl=\"https:\/\/www.google.com\/url?q=https:\/\/www.fiscalia.gov.co\/colombia\/noticias\/asegurados-cuatro-hombres-que-presuntamente-almacenaban-y-comercializaban-estupefacientes-en-la-localidad-de-martires\/&amp;source=gmail&amp;ust=1638044518829000&amp;usg=AOvVaw0R5f03SWkuMNxziAtntRbo\"><strong>Asegurados cuatro hombres que presuntamente almacenaban y comercializaban estupefacientes en la localidad de M\u00e1rtires<\/strong><\/a><strong>\u00a0<\/strong><\/p>\n<p><a href=\"https:\/\/www.fiscalia.gov.co\/colombia\/noticias\/judicializadas-nueve-personas-presuntamente-dedicadas-al-trafico-de-estupefacientes-en-bogota\/\" data-saferedirecturl=\"https:\/\/www.google.com\/url?q=https:\/\/www.fiscalia.gov.co\/colombia\/noticias\/judicializadas-nueve-personas-presuntamente-dedicadas-al-trafico-de-estupefacientes-en-bogota\/&amp;source=gmail&amp;ust=1638044518829000&amp;usg=AOvVaw1id-hUf16mTafZjf3nmTzI\"><strong>Judicializadas nueve personas presuntamente dedicadas al tr\u00e1fico de estupefacientes en Bogot\u00e1<\/strong><\/a><strong>\u00a0<\/strong><\/p>\n\n<div class=\"twitter-share\"><a href=\"https:\/\/twitter.com\/intent\/tweet?via=fiscaliacol\" class=\"twitter-share-button\">Tweet<\/a><\/div>\n","protected":false},"excerpt":{"rendered":"<p>La Fiscal\u00eda logr\u00f3 la judicializaci\u00f3n de tres hombres, quienes al parecer vend\u00edan estupefacientes en la modalidad de microtr\u00e1fico, adem\u00e1s son presuntos integrantes del grupo delincuencial denominado Los Perilla. En la [&hellip;]<\/p>\n","protected":false},"author":176,"featured_media":0,"comment_status":"closed","ping_status":"open","sticky":false,"template":"","format":"standard","meta":{"tdm_status":"","tdm_grid_status":"","footnotes":""},"categories":[1,321,303],"tags":[29688,29689,25532,11533,27017,1264,674],"class_list":["post-235724","post","type-post","status-publish","format-standard","category-noticias","category-seccional-bogota","category-seccionales","tag-barrio-llano-grande","tag-cigarrillos-artesanales","tag-concierto-para-delinquir-agravado-y-trafico","tag-fabricacion-o-porte-de-estupefacientes","tag-kennedy","tag-marihuana","tag-microtrafico"],"yoast_head":"<!-- This site is optimized with the Yoast SEO plugin v24.3 - https:\/\/yoast.com\/wordpress\/plugins\/seo\/ -->\n<title>Fiscal\u00eda General de la Naci\u00f3n<\/title>\n<meta name=\"description\" content=\"P\u00e1gina oficial de la Fiscal\u00eda General de la Naci\u00f3n \u2013 Colombia. Garantizamos el acceso efectivo a la justicia, la verdad y la reparaci\u00f3n de las v\u00edctimas de los delitos.\" \/>\n<meta name=\"robots\" content=\"noindex, follow\" \/>\n<meta property=\"og:locale\" content=\"es_ES\" \/>\n<meta property=\"og:type\" content=\"article\" \/>\n<meta property=\"og:title\" content=\"Fiscal\u00eda General de la Naci\u00f3n\" \/>\n<meta property=\"og:description\" content=\"P\u00e1gina oficial de la Fiscal\u00eda General de la Naci\u00f3n \u2013 Colombia. Garantizamos el acceso efectivo a la justicia, la verdad y la reparaci\u00f3n de las v\u00edctimas de los delitos.\" \/>\n<meta property=\"og:url\" content=\"https:\/\/www.fiscalia.gov.co\/colombia\/noticias\/a-la-carcel-tres-presuntos-integrantes-del-grupo-delincuencial-denominado-los-perilla-dedicado-a-la-venta-de-estupefacientes-en-kennedy\/\" \/>\n<meta property=\"og:site_name\" content=\"Fiscal\u00eda General de la Naci\u00f3n\" \/>\n<meta property=\"article:publisher\" content=\"https:\/\/www.facebook.com\/FiscaliaCol\" \/>\n<meta property=\"article:published_time\" content=\"2021-11-26T20:44:02+00:00\" \/>\n<meta name=\"author\" content=\"Johanna Black Prieto Pe\u00f1a\" \/>\n<meta name=\"twitter:card\" content=\"summary_large_image\" \/>\n<meta name=\"twitter:creator\" content=\"@FiscaliaCol\" \/>\n<meta name=\"twitter:site\" content=\"@FiscaliaCol\" \/>\n<meta name=\"twitter:label1\" content=\"Escrito por\" \/>\n\t<meta name=\"twitter:data1\" content=\"Johanna Black Prieto Pe\u00f1a\" \/>\n\t<meta name=\"twitter:label2\" content=\"Tiempo de lectura\" \/>\n\t<meta name=\"twitter:data2\" content=\"2 minutos\" \/>\n<script type=\"application\/ld+json\" class=\"yoast-schema-graph\">{\"@context\":\"https:\/\/schema.org\",\"@graph\":[{\"@type\":\"Article\",\"@id\":\"https:\/\/www.fiscalia.gov.co\/colombia\/noticias\/a-la-carcel-tres-presuntos-integrantes-del-grupo-delincuencial-denominado-los-perilla-dedicado-a-la-venta-de-estupefacientes-en-kennedy\/#article\",\"isPartOf\":{\"@id\":\"https:\/\/www.fiscalia.gov.co\/colombia\/noticias\/a-la-carcel-tres-presuntos-integrantes-del-grupo-delincuencial-denominado-los-perilla-dedicado-a-la-venta-de-estupefacientes-en-kennedy\/\"},\"author\":{\"name\":\"Johanna Black Prieto Pe\u00f1a\",\"@id\":\"https:\/\/www.fiscalia.gov.co\/colombia\/#\/schema\/person\/b19b49f26569f91393176a2b3d13a0e5\"},\"headline\":\"A la c\u00e1rcel tres presuntos integrantes del grupo delincuencial denominado Los Perilla dedicado a la venta de estupefacientes en Kennedy\",\"datePublished\":\"2021-11-26T20:44:02+00:00\",\"dateModified\":\"2021-11-26T20:44:02+00:00\",\"mainEntityOfPage\":{\"@id\":\"https:\/\/www.fiscalia.gov.co\/colombia\/noticias\/a-la-carcel-tres-presuntos-integrantes-del-grupo-delincuencial-denominado-los-perilla-dedicado-a-la-venta-de-estupefacientes-en-kennedy\/\"},\"wordCount\":364,\"publisher\":{\"@id\":\"https:\/\/www.fiscalia.gov.co\/colombia\/#organization\"},\"keywords\":[\"barrio Llano Grande\",\"cigarrillos artesanales\",\"concierto para delinquir agravado y tr\u00e1fico\",\"fabricaci\u00f3n o porte de estupefacientes\",\"Kennedy\",\"Marihuana\",\"Microtr\u00e1fico\"],\"articleSection\":[\"Noticias\",\"Seccional Bogot\u00e1\",\"Seccionales\"],\"inLanguage\":\"es-CO\"},{\"@type\":\"WebPage\",\"@id\":\"https:\/\/www.fiscalia.gov.co\/colombia\/noticias\/a-la-carcel-tres-presuntos-integrantes-del-grupo-delincuencial-denominado-los-perilla-dedicado-a-la-venta-de-estupefacientes-en-kennedy\/\",\"url\":\"https:\/\/www.fiscalia.gov.co\/colombia\/noticias\/a-la-carcel-tres-presuntos-integrantes-del-grupo-delincuencial-denominado-los-perilla-dedicado-a-la-venta-de-estupefacientes-en-kennedy\/\",\"name\":\"Fiscal\u00eda General de la Naci\u00f3n\",\"isPartOf\":{\"@id\":\"https:\/\/www.fiscalia.gov.co\/colombia\/#website\"},\"datePublished\":\"2021-11-26T20:44:02+00:00\",\"dateModified\":\"2021-11-26T20:44:02+00:00\",\"description\":\"P\u00e1gina oficial de la Fiscal\u00eda General de la Naci\u00f3n \u2013 Colombia. Garantizamos el acceso efectivo a la justicia, la verdad y la reparaci\u00f3n de las v\u00edctimas de los delitos.\",\"breadcrumb\":{\"@id\":\"https:\/\/www.fiscalia.gov.co\/colombia\/noticias\/a-la-carcel-tres-presuntos-integrantes-del-grupo-delincuencial-denominado-los-perilla-dedicado-a-la-venta-de-estupefacientes-en-kennedy\/#breadcrumb\"},\"inLanguage\":\"es-CO\",\"potentialAction\":[{\"@type\":\"ReadAction\",\"target\":[\"https:\/\/www.fiscalia.gov.co\/colombia\/noticias\/a-la-carcel-tres-presuntos-integrantes-del-grupo-delincuencial-denominado-los-perilla-dedicado-a-la-venta-de-estupefacientes-en-kennedy\/\"]}]},{\"@type\":\"BreadcrumbList\",\"@id\":\"https:\/\/www.fiscalia.gov.co\/colombia\/noticias\/a-la-carcel-tres-presuntos-integrantes-del-grupo-delincuencial-denominado-los-perilla-dedicado-a-la-venta-de-estupefacientes-en-kennedy\/#breadcrumb\",\"itemListElement\":[{\"@type\":\"ListItem\",\"position\":1,\"name\":\"Home\",\"item\":\"https:\/\/www.fiscalia.gov.co\/colombia\/\"},{\"@type\":\"ListItem\",\"position\":2,\"name\":\"A la c\u00e1rcel tres presuntos integrantes del grupo delincuencial denominado Los Perilla dedicado a la venta de estupefacientes en Kennedy\"}]},{\"@type\":\"WebSite\",\"@id\":\"https:\/\/www.fiscalia.gov.co\/colombia\/#website\",\"url\":\"https:\/\/www.fiscalia.gov.co\/colombia\/\",\"name\":\"Fiscal\u00eda General de la Naci\u00f3n\",\"description\":\"P\u00e1gina oficial de la Fiscal\u00eda General de la Naci\u00f3n \u2013 Colombia. Garantizamos el acceso efectivo a la justicia, la verdad y la reparaci\u00f3n de las v\u00edctimas de los delitos.\",\"publisher\":{\"@id\":\"https:\/\/www.fiscalia.gov.co\/colombia\/#organization\"},\"potentialAction\":[{\"@type\":\"SearchAction\",\"target\":{\"@type\":\"EntryPoint\",\"urlTemplate\":\"https:\/\/www.fiscalia.gov.co\/colombia\/?s={search_term_string}\"},\"query-input\":{\"@type\":\"PropertyValueSpecification\",\"valueRequired\":true,\"valueName\":\"search_term_string\"}}],\"inLanguage\":\"es-CO\"},{\"@type\":\"Organization\",\"@id\":\"https:\/\/www.fiscalia.gov.co\/colombia\/#organization\",\"name\":\"Fiscal\u00eda General de la Naci\u00f3n\",\"url\":\"https:\/\/www.fiscalia.gov.co\/colombia\/\",\"logo\":{\"@type\":\"ImageObject\",\"inLanguage\":\"es-CO\",\"@id\":\"https:\/\/www.fiscalia.gov.co\/colombia\/#\/schema\/logo\/image\/\",\"url\":\"https:\/\/www.fiscalia.gov.co\/colombia\/wp-content\/uploads\/LogoHorizontal_1.jpg\",\"contentUrl\":\"https:\/\/www.fiscalia.gov.co\/colombia\/wp-content\/uploads\/LogoHorizontal_1.jpg\",\"width\":300,\"height\":90,\"caption\":\"Fiscal\u00eda General de la Naci\u00f3n\"},\"image\":{\"@id\":\"https:\/\/www.fiscalia.gov.co\/colombia\/#\/schema\/logo\/image\/\"},\"sameAs\":[\"https:\/\/www.facebook.com\/FiscaliaCol\",\"https:\/\/x.com\/FiscaliaCol\",\"https:\/\/www.instagram.com\/fiscaliacol\",\"https:\/\/www.linkedin.com\/company\/fiscalia-general-de-la-naci-n\/\",\"https:\/\/youtube.com\/@fiscaliageneraldelanacion-4668?si=6nN79nyQICPU5iTh\"]},{\"@type\":\"Person\",\"@id\":\"https:\/\/www.fiscalia.gov.co\/colombia\/#\/schema\/person\/b19b49f26569f91393176a2b3d13a0e5\",\"name\":\"Johanna Black Prieto Pe\u00f1a\",\"image\":{\"@type\":\"ImageObject\",\"inLanguage\":\"es-CO\",\"@id\":\"https:\/\/www.fiscalia.gov.co\/colombia\/#\/schema\/person\/image\/\",\"url\":\"https:\/\/secure.gravatar.com\/avatar\/7f04518e1774335e76d761d76f04003e?s=96&d=mm&r=g\",\"contentUrl\":\"https:\/\/secure.gravatar.com\/avatar\/7f04518e1774335e76d761d76f04003e?s=96&d=mm&r=g\",\"caption\":\"Johanna Black Prieto Pe\u00f1a\"},\"url\":\"https:\/\/www.fiscalia.gov.co\/colombia\/author\/jprieto\/\"}]}<\/script>\n<!-- \/ Yoast SEO plugin. -->","yoast_head_json":{"title":"Fiscal\u00eda General de la Naci\u00f3n","description":"P\u00e1gina oficial de la Fiscal\u00eda General de la Naci\u00f3n \u2013 Colombia. Garantizamos el acceso efectivo a la justicia, la verdad y la reparaci\u00f3n de las v\u00edctimas de los delitos.","robots":{"index":"noindex","follow":"follow"},"og_locale":"es_ES","og_type":"article","og_title":"Fiscal\u00eda General de la Naci\u00f3n","og_description":"P\u00e1gina oficial de la Fiscal\u00eda General de la Naci\u00f3n \u2013 Colombia. Garantizamos el acceso efectivo a la justicia, la verdad y la reparaci\u00f3n de las v\u00edctimas de los delitos.","og_url":"https:\/\/www.fiscalia.gov.co\/colombia\/noticias\/a-la-carcel-tres-presuntos-integrantes-del-grupo-delincuencial-denominado-los-perilla-dedicado-a-la-venta-de-estupefacientes-en-kennedy\/","og_site_name":"Fiscal\u00eda General de la Naci\u00f3n","article_publisher":"https:\/\/www.facebook.com\/FiscaliaCol","article_published_time":"2021-11-26T20:44:02+00:00","author":"Johanna Black Prieto Pe\u00f1a","twitter_card":"summary_large_image","twitter_creator":"@FiscaliaCol","twitter_site":"@FiscaliaCol","twitter_misc":{"Escrito por":"Johanna Black Prieto Pe\u00f1a","Tiempo de lectura":"2 minutos"},"schema":{"@context":"https:\/\/schema.org","@graph":[{"@type":"Article","@id":"https:\/\/www.fiscalia.gov.co\/colombia\/noticias\/a-la-carcel-tres-presuntos-integrantes-del-grupo-delincuencial-denominado-los-perilla-dedicado-a-la-venta-de-estupefacientes-en-kennedy\/#article","isPartOf":{"@id":"https:\/\/www.fiscalia.gov.co\/colombia\/noticias\/a-la-carcel-tres-presuntos-integrantes-del-grupo-delincuencial-denominado-los-perilla-dedicado-a-la-venta-de-estupefacientes-en-kennedy\/"},"author":{"name":"Johanna Black Prieto Pe\u00f1a","@id":"https:\/\/www.fiscalia.gov.co\/colombia\/#\/schema\/person\/b19b49f26569f91393176a2b3d13a0e5"},"headline":"A la c\u00e1rcel tres presuntos integrantes del grupo delincuencial denominado Los Perilla dedicado a la venta de estupefacientes en Kennedy","datePublished":"2021-11-26T20:44:02+00:00","dateModified":"2021-11-26T20:44:02+00:00","mainEntityOfPage":{"@id":"https:\/\/www.fiscalia.gov.co\/colombia\/noticias\/a-la-carcel-tres-presuntos-integrantes-del-grupo-delincuencial-denominado-los-perilla-dedicado-a-la-venta-de-estupefacientes-en-kennedy\/"},"wordCount":364,"publisher":{"@id":"https:\/\/www.fiscalia.gov.co\/colombia\/#organization"},"keywords":["barrio Llano Grande","cigarrillos artesanales","concierto para delinquir agravado y tr\u00e1fico","fabricaci\u00f3n o porte de estupefacientes","Kennedy","Marihuana","Microtr\u00e1fico"],"articleSection":["Noticias","Seccional Bogot\u00e1","Seccionales"],"inLanguage":"es-CO"},{"@type":"WebPage","@id":"https:\/\/www.fiscalia.gov.co\/colombia\/noticias\/a-la-carcel-tres-presuntos-integrantes-del-grupo-delincuencial-denominado-los-perilla-dedicado-a-la-venta-de-estupefacientes-en-kennedy\/","url":"https:\/\/www.fiscalia.gov.co\/colombia\/noticias\/a-la-carcel-tres-presuntos-integrantes-del-grupo-delincuencial-denominado-los-perilla-dedicado-a-la-venta-de-estupefacientes-en-kennedy\/","name":"Fiscal\u00eda General de la Naci\u00f3n","isPartOf":{"@id":"https:\/\/www.fiscalia.gov.co\/colombia\/#website"},"datePublished":"2021-11-26T20:44:02+00:00","dateModified":"2021-11-26T20:44:02+00:00","description":"P\u00e1gina oficial de la Fiscal\u00eda General de la Naci\u00f3n \u2013 Colombia. Garantizamos el acceso efectivo a la justicia, la verdad y la reparaci\u00f3n de las v\u00edctimas de los delitos.","breadcrumb":{"@id":"https:\/\/www.fiscalia.gov.co\/colombia\/noticias\/a-la-carcel-tres-presuntos-integrantes-del-grupo-delincuencial-denominado-los-perilla-dedicado-a-la-venta-de-estupefacientes-en-kennedy\/#breadcrumb"},"inLanguage":"es-CO","potentialAction":[{"@type":"ReadAction","target":["https:\/\/www.fiscalia.gov.co\/colombia\/noticias\/a-la-carcel-tres-presuntos-integrantes-del-grupo-delincuencial-denominado-los-perilla-dedicado-a-la-venta-de-estupefacientes-en-kennedy\/"]}]},{"@type":"BreadcrumbList","@id":"https:\/\/www.fiscalia.gov.co\/colombia\/noticias\/a-la-carcel-tres-presuntos-integrantes-del-grupo-delincuencial-denominado-los-perilla-dedicado-a-la-venta-de-estupefacientes-en-kennedy\/#breadcrumb","itemListElement":[{"@type":"ListItem","position":1,"name":"Home","item":"https:\/\/www.fiscalia.gov.co\/colombia\/"},{"@type":"ListItem","position":2,"name":"A la c\u00e1rcel tres presuntos integrantes del grupo delincuencial denominado Los Perilla dedicado a la venta de estupefacientes en Kennedy"}]},{"@type":"WebSite","@id":"https:\/\/www.fiscalia.gov.co\/colombia\/#website","url":"https:\/\/www.fiscalia.gov.co\/colombia\/","name":"Fiscal\u00eda General de la Naci\u00f3n","description":"P\u00e1gina oficial de la Fiscal\u00eda General de la Naci\u00f3n \u2013 Colombia. Garantizamos el acceso efectivo a la justicia, la verdad y la reparaci\u00f3n de las v\u00edctimas de los delitos.","publisher":{"@id":"https:\/\/www.fiscalia.gov.co\/colombia\/#organization"},"potentialAction":[{"@type":"SearchAction","target":{"@type":"EntryPoint","urlTemplate":"https:\/\/www.fiscalia.gov.co\/colombia\/?s={search_term_string}"},"query-input":{"@type":"PropertyValueSpecification","valueRequired":true,"valueName":"search_term_string"}}],"inLanguage":"es-CO"},{"@type":"Organization","@id":"https:\/\/www.fiscalia.gov.co\/colombia\/#organization","name":"Fiscal\u00eda General de la Naci\u00f3n","url":"https:\/\/www.fiscalia.gov.co\/colombia\/","logo":{"@type":"ImageObject","inLanguage":"es-CO","@id":"https:\/\/www.fiscalia.gov.co\/colombia\/#\/schema\/logo\/image\/","url":"https:\/\/www.fiscalia.gov.co\/colombia\/wp-content\/uploads\/LogoHorizontal_1.jpg","contentUrl":"https:\/\/www.fiscalia.gov.co\/colombia\/wp-content\/uploads\/LogoHorizontal_1.jpg","width":300,"height":90,"caption":"Fiscal\u00eda General de la Naci\u00f3n"},"image":{"@id":"https:\/\/www.fiscalia.gov.co\/colombia\/#\/schema\/logo\/image\/"},"sameAs":["https:\/\/www.facebook.com\/FiscaliaCol","https:\/\/x.com\/FiscaliaCol","https:\/\/www.instagram.com\/fiscaliacol","https:\/\/www.linkedin.com\/company\/fiscalia-general-de-la-naci-n\/","https:\/\/youtube.com\/@fiscaliageneraldelanacion-4668?si=6nN79nyQICPU5iTh"]},{"@type":"Person","@id":"https:\/\/www.fiscalia.gov.co\/colombia\/#\/schema\/person\/b19b49f26569f91393176a2b3d13a0e5","name":"Johanna Black Prieto Pe\u00f1a","image":{"@type":"ImageObject","inLanguage":"es-CO","@id":"https:\/\/www.fiscalia.gov.co\/colombia\/#\/schema\/person\/image\/","url":"https:\/\/secure.gravatar.com\/avatar\/7f04518e1774335e76d761d76f04003e?s=96&d=mm&r=g","contentUrl":"https:\/\/secure.gravatar.com\/avatar\/7f04518e1774335e76d761d76f04003e?s=96&d=mm&r=g","caption":"Johanna Black Prieto Pe\u00f1a"},"url":"https:\/\/www.fiscalia.gov.co\/colombia\/author\/jprieto\/"}]}},"_links":{"self":[{"href":"https:\/\/www.fiscalia.gov.co\/colombia\/wp-json\/wp\/v2\/posts\/235724","targetHints":{"allow":["GET"]}}],"collection":[{"href":"https:\/\/www.fiscalia.gov.co\/colombia\/wp-json\/wp\/v2\/posts"}],"about":[{"href":"https:\/\/www.fiscalia.gov.co\/colombia\/wp-json\/wp\/v2\/types\/post"}],"author":[{"embeddable":true,"href":"https:\/\/www.fiscalia.gov.co\/colombia\/wp-json\/wp\/v2\/users\/176"}],"replies":[{"embeddable":true,"href":"https:\/\/www.fiscalia.gov.co\/colombia\/wp-json\/wp\/v2\/comments?post=235724"}],"version-history":[{"count":1,"href":"https:\/\/www.fiscalia.gov.co\/colombia\/wp-json\/wp\/v2\/posts\/235724\/revisions"}],"predecessor-version":[{"id":235725,"href":"https:\/\/www.fiscalia.gov.co\/colombia\/wp-json\/wp\/v2\/posts\/235724\/revisions\/235725"}],"wp:attachment":[{"href":"https:\/\/www.fiscalia.gov.co\/colombia\/wp-json\/wp\/v2\/media?parent=235724"}],"wp:term":[{"taxonomy":"category","embeddable":true,"href":"https:\/\/www.fiscalia.gov.co\/colombia\/wp-json\/wp\/v2\/categories?post=235724"},{"taxonomy":"post_tag","embeddable":true,"href":"https:\/\/www.fiscalia.gov.co\/colombia\/wp-json\/wp\/v2\/tags?post=235724"}],"curies":[{"name":"wp","href":"https:\/\/api.w.org\/{rel}","templated":true}]}}