{"id":235696,"date":"2021-11-26T13:01:22","date_gmt":"2021-11-26T18:01:22","guid":{"rendered":"https:\/\/www.fiscalia.gov.co\/colombia\/?p=235696"},"modified":"2021-11-26T13:01:22","modified_gmt":"2021-11-26T18:01:22","slug":"a-la-carcel-seis-personas-investigadas-por-comercializar-estupefacientes-en-la-localidad-de-ciudad-bolivar","status":"publish","type":"post","link":"https:\/\/www.fiscalia.gov.co\/colombia\/noticias\/a-la-carcel-seis-personas-investigadas-por-comercializar-estupefacientes-en-la-localidad-de-ciudad-bolivar\/","title":{"rendered":"A la c\u00e1rcel seis personas investigadas por comercializar estupefacientes en la localidad de Ciudad Bol\u00edvar"},"content":{"rendered":"<h4 style=\"font-weight: 400;\"><em><strong>Seg\u00fan la investigaci\u00f3n los procesados, har\u00edan parte del grupo delincuencial denominado El Mono dedicados a la venta de estupefaciente en el sur de Bogot\u00e1.<\/strong><\/em><\/h4>\n<p style=\"font-weight: 400;\">De acuerdo con la investigaci\u00f3n adelantada por un fiscal de la Unidad de Estructura de Apoyo, en conjunto de la Polic\u00eda Judicial Sij\u00edn, se conoci\u00f3 que el grupo delincuencial denominado El Mono, al parecer, comercializaba las sustancias en la modalidad de narcomenudeo en el barrio El Pe\u00f1\u00f3n de la localidad Ciudad Bol\u00edvar.<\/p>\n<p style=\"font-weight: 400;\">En un operativo realizado el 19 de noviembre de 2021, se hicieron efectivas las \u00f3rdenes de captura en contra de Lauren Melisa Rodr\u00edguez Eslava, Diana Marcela Vargas Li\u00e9vano, Manuel Alejandro Reyes Buitrago, Manuel Anaya L\u00f3pez y Sara Lorena Rodr\u00edguez Rubiano. Adem\u00e1s, se captur\u00f3 en flagrancia a Martha Janeth Rodr\u00edguez.<\/p>\n<p style=\"font-weight: 400;\">En audiencias preliminares se legalizaron las capturas. La Fiscal\u00eda formul\u00f3 imputaci\u00f3n por los delitos de tr\u00e1fico fabricaci\u00f3n o porte de estupefacientes agravado y concierto para delinquir agravado. Dichos cargos no fueron aceptados por los procesados.<\/p>\n<p style=\"font-weight: 400;\">Los seis capturados fueron cobijados con medida de aseguramiento privativa de la libertad.<\/p>\n<p style=\"font-weight: 400;\">La Fiscal\u00eda General de la Naci\u00f3n habla con resultados.<\/p>\n<p style=\"font-weight: 400;\">LMFO\/CCPH\/FAGH<\/p>\n<p style=\"font-weight: 400;\"><em>La informaci\u00f3n contenida en este bolet\u00edn de prensa corresponde a la narraci\u00f3n de los hechos noticiosos objetivos, suministrados por los funcionarios encargados de adelantar las investigaciones penales al interior de la Fiscal\u00eda General de la Naci\u00f3n. Para el momento de la divulgaci\u00f3n de este comunicado, la situaci\u00f3n jur\u00eddica de la(s) persona(s) relacionada(s) se encuentra pendiente de resolver por la autoridad judicial competente, siempre bajo los preceptos de la presunci\u00f3n de inocencia, consagrados en el art\u00edculo 29 de la Constituci\u00f3n Pol\u00edtica y el art\u00edculo 7\u00ba de la Ley 906 de 2004.<\/em><\/p>\n<p><strong>Noticias Relacionadas:\u00a0<\/strong><\/p>\n<p><a href=\"https:\/\/www.fiscalia.gov.co\/colombia\/noticias\/asegurados-cuatro-hombres-que-presuntamente-almacenaban-y-comercializaban-estupefacientes-en-la-localidad-de-martires\/\" data-saferedirecturl=\"https:\/\/www.google.com\/url?q=https:\/\/www.fiscalia.gov.co\/colombia\/noticias\/asegurados-cuatro-hombres-que-presuntamente-almacenaban-y-comercializaban-estupefacientes-en-la-localidad-de-martires\/&amp;source=gmail&amp;ust=1638034095770000&amp;usg=AOvVaw1JpdXYF4YLwxvrm1ZCU4bO\"><strong>Asegurados cuatro hombres que presuntamente almacenaban y comercializaban estupefacientes en la localidad de M\u00e1rtires<\/strong><\/a><strong>\u00a0<\/strong><\/p>\n<p><a href=\"http:\/\/xn--judicializadas%20nueve%20personas%20presuntamente%20dedicadas%20al%20trfico%20de%20estupefacientes%20en%20bogot-p6i4b\/\" data-saferedirecturl=\"https:\/\/www.google.com\/url?q=http:\/\/Judicializadas%2520nueve%2520personas%2520presuntamente%2520dedicadas%2520al%2520tr%C3%A1fico%2520de%2520estupefacientes%2520en%2520Bogot%C3%A1&amp;source=gmail&amp;ust=1638034095770000&amp;usg=AOvVaw0ICbfuBwui2eICcSqHLhc3\"><strong>Judicializadas nueve personas presuntamente dedicadas al tr\u00e1fico de estupefacientes en Bogot\u00e1<\/strong><\/a><strong>\u00a0<\/strong><\/p>\n<p>&nbsp;<\/p>\n<p>&nbsp;<\/p>\n\n<div class=\"twitter-share\"><a href=\"https:\/\/twitter.com\/intent\/tweet?via=fiscaliacol\" class=\"twitter-share-button\">Tweet<\/a><\/div>\n","protected":false},"excerpt":{"rendered":"<p>Seg\u00fan la investigaci\u00f3n los procesados, har\u00edan parte del grupo delincuencial denominado El Mono dedicados a la venta de estupefaciente en el sur de Bogot\u00e1. De acuerdo con la investigaci\u00f3n adelantada [&hellip;]<\/p>\n","protected":false},"author":176,"featured_media":0,"comment_status":"closed","ping_status":"open","sticky":false,"template":"","format":"standard","meta":{"tdm_status":"","tdm_grid_status":"","footnotes":""},"categories":[1,321,303],"tags":[29683,4998,11563,29684],"class_list":["post-235696","post","type-post","status-publish","format-standard","category-noticias","category-seccional-bogota","category-seccionales","tag-barrio-el-penon","tag-ciudad-bolivar","tag-narcomenudeo","tag-trafico-fabricacion-o-porte-de-estupefacientes-agravado-y-concierto-para-delinquir-agravado"],"yoast_head":"<!-- This site is optimized with the Yoast SEO plugin v24.3 - https:\/\/yoast.com\/wordpress\/plugins\/seo\/ -->\n<title>Fiscal\u00eda General de la Naci\u00f3n<\/title>\n<meta name=\"description\" content=\"P\u00e1gina oficial de la Fiscal\u00eda General de la Naci\u00f3n \u2013 Colombia. Garantizamos el acceso efectivo a la justicia, la verdad y la reparaci\u00f3n de las v\u00edctimas de los delitos.\" \/>\n<meta name=\"robots\" content=\"noindex, follow\" \/>\n<meta property=\"og:locale\" content=\"es_ES\" \/>\n<meta property=\"og:type\" content=\"article\" \/>\n<meta property=\"og:title\" content=\"Fiscal\u00eda General de la Naci\u00f3n\" \/>\n<meta property=\"og:description\" content=\"P\u00e1gina oficial de la Fiscal\u00eda General de la Naci\u00f3n \u2013 Colombia. Garantizamos el acceso efectivo a la justicia, la verdad y la reparaci\u00f3n de las v\u00edctimas de los delitos.\" \/>\n<meta property=\"og:url\" content=\"https:\/\/www.fiscalia.gov.co\/colombia\/noticias\/a-la-carcel-seis-personas-investigadas-por-comercializar-estupefacientes-en-la-localidad-de-ciudad-bolivar\/\" \/>\n<meta property=\"og:site_name\" content=\"Fiscal\u00eda General de la Naci\u00f3n\" \/>\n<meta property=\"article:publisher\" content=\"https:\/\/www.facebook.com\/FiscaliaCol\" \/>\n<meta property=\"article:published_time\" content=\"2021-11-26T18:01:22+00:00\" \/>\n<meta name=\"author\" content=\"Johanna Black Prieto Pe\u00f1a\" \/>\n<meta name=\"twitter:card\" content=\"summary_large_image\" \/>\n<meta name=\"twitter:creator\" content=\"@FiscaliaCol\" \/>\n<meta name=\"twitter:site\" content=\"@FiscaliaCol\" \/>\n<meta name=\"twitter:label1\" content=\"Escrito por\" \/>\n\t<meta name=\"twitter:data1\" content=\"Johanna Black Prieto Pe\u00f1a\" \/>\n\t<meta name=\"twitter:label2\" content=\"Tiempo de lectura\" \/>\n\t<meta name=\"twitter:data2\" content=\"2 minutos\" \/>\n<script type=\"application\/ld+json\" class=\"yoast-schema-graph\">{\"@context\":\"https:\/\/schema.org\",\"@graph\":[{\"@type\":\"Article\",\"@id\":\"https:\/\/www.fiscalia.gov.co\/colombia\/noticias\/a-la-carcel-seis-personas-investigadas-por-comercializar-estupefacientes-en-la-localidad-de-ciudad-bolivar\/#article\",\"isPartOf\":{\"@id\":\"https:\/\/www.fiscalia.gov.co\/colombia\/noticias\/a-la-carcel-seis-personas-investigadas-por-comercializar-estupefacientes-en-la-localidad-de-ciudad-bolivar\/\"},\"author\":{\"name\":\"Johanna Black Prieto Pe\u00f1a\",\"@id\":\"https:\/\/www.fiscalia.gov.co\/colombia\/#\/schema\/person\/b19b49f26569f91393176a2b3d13a0e5\"},\"headline\":\"A la c\u00e1rcel seis personas investigadas por comercializar estupefacientes en la localidad de Ciudad Bol\u00edvar\",\"datePublished\":\"2021-11-26T18:01:22+00:00\",\"dateModified\":\"2021-11-26T18:01:22+00:00\",\"mainEntityOfPage\":{\"@id\":\"https:\/\/www.fiscalia.gov.co\/colombia\/noticias\/a-la-carcel-seis-personas-investigadas-por-comercializar-estupefacientes-en-la-localidad-de-ciudad-bolivar\/\"},\"wordCount\":353,\"publisher\":{\"@id\":\"https:\/\/www.fiscalia.gov.co\/colombia\/#organization\"},\"keywords\":[\"Barrio El Pe\u00f1\u00f3n\",\"Ciudad Bol\u00edvar\",\"Narcomenudeo\",\"tr\u00e1fico fabricaci\u00f3n o porte de estupefacientes agravado y concierto para delinquir agravado\"],\"articleSection\":[\"Noticias\",\"Seccional Bogot\u00e1\",\"Seccionales\"],\"inLanguage\":\"es-CO\"},{\"@type\":\"WebPage\",\"@id\":\"https:\/\/www.fiscalia.gov.co\/colombia\/noticias\/a-la-carcel-seis-personas-investigadas-por-comercializar-estupefacientes-en-la-localidad-de-ciudad-bolivar\/\",\"url\":\"https:\/\/www.fiscalia.gov.co\/colombia\/noticias\/a-la-carcel-seis-personas-investigadas-por-comercializar-estupefacientes-en-la-localidad-de-ciudad-bolivar\/\",\"name\":\"Fiscal\u00eda General de la Naci\u00f3n\",\"isPartOf\":{\"@id\":\"https:\/\/www.fiscalia.gov.co\/colombia\/#website\"},\"datePublished\":\"2021-11-26T18:01:22+00:00\",\"dateModified\":\"2021-11-26T18:01:22+00:00\",\"description\":\"P\u00e1gina oficial de la Fiscal\u00eda General de la Naci\u00f3n \u2013 Colombia. Garantizamos el acceso efectivo a la justicia, la verdad y la reparaci\u00f3n de las v\u00edctimas de los delitos.\",\"breadcrumb\":{\"@id\":\"https:\/\/www.fiscalia.gov.co\/colombia\/noticias\/a-la-carcel-seis-personas-investigadas-por-comercializar-estupefacientes-en-la-localidad-de-ciudad-bolivar\/#breadcrumb\"},\"inLanguage\":\"es-CO\",\"potentialAction\":[{\"@type\":\"ReadAction\",\"target\":[\"https:\/\/www.fiscalia.gov.co\/colombia\/noticias\/a-la-carcel-seis-personas-investigadas-por-comercializar-estupefacientes-en-la-localidad-de-ciudad-bolivar\/\"]}]},{\"@type\":\"BreadcrumbList\",\"@id\":\"https:\/\/www.fiscalia.gov.co\/colombia\/noticias\/a-la-carcel-seis-personas-investigadas-por-comercializar-estupefacientes-en-la-localidad-de-ciudad-bolivar\/#breadcrumb\",\"itemListElement\":[{\"@type\":\"ListItem\",\"position\":1,\"name\":\"Home\",\"item\":\"https:\/\/www.fiscalia.gov.co\/colombia\/\"},{\"@type\":\"ListItem\",\"position\":2,\"name\":\"A la c\u00e1rcel seis personas investigadas por comercializar estupefacientes en la localidad de Ciudad Bol\u00edvar\"}]},{\"@type\":\"WebSite\",\"@id\":\"https:\/\/www.fiscalia.gov.co\/colombia\/#website\",\"url\":\"https:\/\/www.fiscalia.gov.co\/colombia\/\",\"name\":\"Fiscal\u00eda General de la Naci\u00f3n\",\"description\":\"P\u00e1gina oficial de la Fiscal\u00eda General de la Naci\u00f3n \u2013 Colombia. Garantizamos el acceso efectivo a la justicia, la verdad y la reparaci\u00f3n de las v\u00edctimas de los delitos.\",\"publisher\":{\"@id\":\"https:\/\/www.fiscalia.gov.co\/colombia\/#organization\"},\"potentialAction\":[{\"@type\":\"SearchAction\",\"target\":{\"@type\":\"EntryPoint\",\"urlTemplate\":\"https:\/\/www.fiscalia.gov.co\/colombia\/?s={search_term_string}\"},\"query-input\":{\"@type\":\"PropertyValueSpecification\",\"valueRequired\":true,\"valueName\":\"search_term_string\"}}],\"inLanguage\":\"es-CO\"},{\"@type\":\"Organization\",\"@id\":\"https:\/\/www.fiscalia.gov.co\/colombia\/#organization\",\"name\":\"Fiscal\u00eda General de la Naci\u00f3n\",\"url\":\"https:\/\/www.fiscalia.gov.co\/colombia\/\",\"logo\":{\"@type\":\"ImageObject\",\"inLanguage\":\"es-CO\",\"@id\":\"https:\/\/www.fiscalia.gov.co\/colombia\/#\/schema\/logo\/image\/\",\"url\":\"https:\/\/www.fiscalia.gov.co\/colombia\/wp-content\/uploads\/LogoHorizontal_1.jpg\",\"contentUrl\":\"https:\/\/www.fiscalia.gov.co\/colombia\/wp-content\/uploads\/LogoHorizontal_1.jpg\",\"width\":300,\"height\":90,\"caption\":\"Fiscal\u00eda General de la Naci\u00f3n\"},\"image\":{\"@id\":\"https:\/\/www.fiscalia.gov.co\/colombia\/#\/schema\/logo\/image\/\"},\"sameAs\":[\"https:\/\/www.facebook.com\/FiscaliaCol\",\"https:\/\/x.com\/FiscaliaCol\",\"https:\/\/www.instagram.com\/fiscaliacol\",\"https:\/\/www.linkedin.com\/company\/fiscalia-general-de-la-naci-n\/\",\"https:\/\/youtube.com\/@fiscaliageneraldelanacion-4668?si=6nN79nyQICPU5iTh\"]},{\"@type\":\"Person\",\"@id\":\"https:\/\/www.fiscalia.gov.co\/colombia\/#\/schema\/person\/b19b49f26569f91393176a2b3d13a0e5\",\"name\":\"Johanna Black Prieto Pe\u00f1a\",\"image\":{\"@type\":\"ImageObject\",\"inLanguage\":\"es-CO\",\"@id\":\"https:\/\/www.fiscalia.gov.co\/colombia\/#\/schema\/person\/image\/\",\"url\":\"https:\/\/secure.gravatar.com\/avatar\/7f04518e1774335e76d761d76f04003e?s=96&d=mm&r=g\",\"contentUrl\":\"https:\/\/secure.gravatar.com\/avatar\/7f04518e1774335e76d761d76f04003e?s=96&d=mm&r=g\",\"caption\":\"Johanna Black Prieto Pe\u00f1a\"},\"url\":\"https:\/\/www.fiscalia.gov.co\/colombia\/author\/jprieto\/\"}]}<\/script>\n<!-- \/ Yoast SEO plugin. -->","yoast_head_json":{"title":"Fiscal\u00eda General de la Naci\u00f3n","description":"P\u00e1gina oficial de la Fiscal\u00eda General de la Naci\u00f3n \u2013 Colombia. Garantizamos el acceso efectivo a la justicia, la verdad y la reparaci\u00f3n de las v\u00edctimas de los delitos.","robots":{"index":"noindex","follow":"follow"},"og_locale":"es_ES","og_type":"article","og_title":"Fiscal\u00eda General de la Naci\u00f3n","og_description":"P\u00e1gina oficial de la Fiscal\u00eda General de la Naci\u00f3n \u2013 Colombia. Garantizamos el acceso efectivo a la justicia, la verdad y la reparaci\u00f3n de las v\u00edctimas de los delitos.","og_url":"https:\/\/www.fiscalia.gov.co\/colombia\/noticias\/a-la-carcel-seis-personas-investigadas-por-comercializar-estupefacientes-en-la-localidad-de-ciudad-bolivar\/","og_site_name":"Fiscal\u00eda General de la Naci\u00f3n","article_publisher":"https:\/\/www.facebook.com\/FiscaliaCol","article_published_time":"2021-11-26T18:01:22+00:00","author":"Johanna Black Prieto Pe\u00f1a","twitter_card":"summary_large_image","twitter_creator":"@FiscaliaCol","twitter_site":"@FiscaliaCol","twitter_misc":{"Escrito por":"Johanna Black Prieto Pe\u00f1a","Tiempo de lectura":"2 minutos"},"schema":{"@context":"https:\/\/schema.org","@graph":[{"@type":"Article","@id":"https:\/\/www.fiscalia.gov.co\/colombia\/noticias\/a-la-carcel-seis-personas-investigadas-por-comercializar-estupefacientes-en-la-localidad-de-ciudad-bolivar\/#article","isPartOf":{"@id":"https:\/\/www.fiscalia.gov.co\/colombia\/noticias\/a-la-carcel-seis-personas-investigadas-por-comercializar-estupefacientes-en-la-localidad-de-ciudad-bolivar\/"},"author":{"name":"Johanna Black Prieto Pe\u00f1a","@id":"https:\/\/www.fiscalia.gov.co\/colombia\/#\/schema\/person\/b19b49f26569f91393176a2b3d13a0e5"},"headline":"A la c\u00e1rcel seis personas investigadas por comercializar estupefacientes en la localidad de Ciudad Bol\u00edvar","datePublished":"2021-11-26T18:01:22+00:00","dateModified":"2021-11-26T18:01:22+00:00","mainEntityOfPage":{"@id":"https:\/\/www.fiscalia.gov.co\/colombia\/noticias\/a-la-carcel-seis-personas-investigadas-por-comercializar-estupefacientes-en-la-localidad-de-ciudad-bolivar\/"},"wordCount":353,"publisher":{"@id":"https:\/\/www.fiscalia.gov.co\/colombia\/#organization"},"keywords":["Barrio El Pe\u00f1\u00f3n","Ciudad Bol\u00edvar","Narcomenudeo","tr\u00e1fico fabricaci\u00f3n o porte de estupefacientes agravado y concierto para delinquir agravado"],"articleSection":["Noticias","Seccional Bogot\u00e1","Seccionales"],"inLanguage":"es-CO"},{"@type":"WebPage","@id":"https:\/\/www.fiscalia.gov.co\/colombia\/noticias\/a-la-carcel-seis-personas-investigadas-por-comercializar-estupefacientes-en-la-localidad-de-ciudad-bolivar\/","url":"https:\/\/www.fiscalia.gov.co\/colombia\/noticias\/a-la-carcel-seis-personas-investigadas-por-comercializar-estupefacientes-en-la-localidad-de-ciudad-bolivar\/","name":"Fiscal\u00eda General de la Naci\u00f3n","isPartOf":{"@id":"https:\/\/www.fiscalia.gov.co\/colombia\/#website"},"datePublished":"2021-11-26T18:01:22+00:00","dateModified":"2021-11-26T18:01:22+00:00","description":"P\u00e1gina oficial de la Fiscal\u00eda General de la Naci\u00f3n \u2013 Colombia. Garantizamos el acceso efectivo a la justicia, la verdad y la reparaci\u00f3n de las v\u00edctimas de los delitos.","breadcrumb":{"@id":"https:\/\/www.fiscalia.gov.co\/colombia\/noticias\/a-la-carcel-seis-personas-investigadas-por-comercializar-estupefacientes-en-la-localidad-de-ciudad-bolivar\/#breadcrumb"},"inLanguage":"es-CO","potentialAction":[{"@type":"ReadAction","target":["https:\/\/www.fiscalia.gov.co\/colombia\/noticias\/a-la-carcel-seis-personas-investigadas-por-comercializar-estupefacientes-en-la-localidad-de-ciudad-bolivar\/"]}]},{"@type":"BreadcrumbList","@id":"https:\/\/www.fiscalia.gov.co\/colombia\/noticias\/a-la-carcel-seis-personas-investigadas-por-comercializar-estupefacientes-en-la-localidad-de-ciudad-bolivar\/#breadcrumb","itemListElement":[{"@type":"ListItem","position":1,"name":"Home","item":"https:\/\/www.fiscalia.gov.co\/colombia\/"},{"@type":"ListItem","position":2,"name":"A la c\u00e1rcel seis personas investigadas por comercializar estupefacientes en la localidad de Ciudad Bol\u00edvar"}]},{"@type":"WebSite","@id":"https:\/\/www.fiscalia.gov.co\/colombia\/#website","url":"https:\/\/www.fiscalia.gov.co\/colombia\/","name":"Fiscal\u00eda General de la Naci\u00f3n","description":"P\u00e1gina oficial de la Fiscal\u00eda General de la Naci\u00f3n \u2013 Colombia. Garantizamos el acceso efectivo a la justicia, la verdad y la reparaci\u00f3n de las v\u00edctimas de los delitos.","publisher":{"@id":"https:\/\/www.fiscalia.gov.co\/colombia\/#organization"},"potentialAction":[{"@type":"SearchAction","target":{"@type":"EntryPoint","urlTemplate":"https:\/\/www.fiscalia.gov.co\/colombia\/?s={search_term_string}"},"query-input":{"@type":"PropertyValueSpecification","valueRequired":true,"valueName":"search_term_string"}}],"inLanguage":"es-CO"},{"@type":"Organization","@id":"https:\/\/www.fiscalia.gov.co\/colombia\/#organization","name":"Fiscal\u00eda General de la Naci\u00f3n","url":"https:\/\/www.fiscalia.gov.co\/colombia\/","logo":{"@type":"ImageObject","inLanguage":"es-CO","@id":"https:\/\/www.fiscalia.gov.co\/colombia\/#\/schema\/logo\/image\/","url":"https:\/\/www.fiscalia.gov.co\/colombia\/wp-content\/uploads\/LogoHorizontal_1.jpg","contentUrl":"https:\/\/www.fiscalia.gov.co\/colombia\/wp-content\/uploads\/LogoHorizontal_1.jpg","width":300,"height":90,"caption":"Fiscal\u00eda General de la Naci\u00f3n"},"image":{"@id":"https:\/\/www.fiscalia.gov.co\/colombia\/#\/schema\/logo\/image\/"},"sameAs":["https:\/\/www.facebook.com\/FiscaliaCol","https:\/\/x.com\/FiscaliaCol","https:\/\/www.instagram.com\/fiscaliacol","https:\/\/www.linkedin.com\/company\/fiscalia-general-de-la-naci-n\/","https:\/\/youtube.com\/@fiscaliageneraldelanacion-4668?si=6nN79nyQICPU5iTh"]},{"@type":"Person","@id":"https:\/\/www.fiscalia.gov.co\/colombia\/#\/schema\/person\/b19b49f26569f91393176a2b3d13a0e5","name":"Johanna Black Prieto Pe\u00f1a","image":{"@type":"ImageObject","inLanguage":"es-CO","@id":"https:\/\/www.fiscalia.gov.co\/colombia\/#\/schema\/person\/image\/","url":"https:\/\/secure.gravatar.com\/avatar\/7f04518e1774335e76d761d76f04003e?s=96&d=mm&r=g","contentUrl":"https:\/\/secure.gravatar.com\/avatar\/7f04518e1774335e76d761d76f04003e?s=96&d=mm&r=g","caption":"Johanna Black Prieto Pe\u00f1a"},"url":"https:\/\/www.fiscalia.gov.co\/colombia\/author\/jprieto\/"}]}},"_links":{"self":[{"href":"https:\/\/www.fiscalia.gov.co\/colombia\/wp-json\/wp\/v2\/posts\/235696","targetHints":{"allow":["GET"]}}],"collection":[{"href":"https:\/\/www.fiscalia.gov.co\/colombia\/wp-json\/wp\/v2\/posts"}],"about":[{"href":"https:\/\/www.fiscalia.gov.co\/colombia\/wp-json\/wp\/v2\/types\/post"}],"author":[{"embeddable":true,"href":"https:\/\/www.fiscalia.gov.co\/colombia\/wp-json\/wp\/v2\/users\/176"}],"replies":[{"embeddable":true,"href":"https:\/\/www.fiscalia.gov.co\/colombia\/wp-json\/wp\/v2\/comments?post=235696"}],"version-history":[{"count":1,"href":"https:\/\/www.fiscalia.gov.co\/colombia\/wp-json\/wp\/v2\/posts\/235696\/revisions"}],"predecessor-version":[{"id":235697,"href":"https:\/\/www.fiscalia.gov.co\/colombia\/wp-json\/wp\/v2\/posts\/235696\/revisions\/235697"}],"wp:attachment":[{"href":"https:\/\/www.fiscalia.gov.co\/colombia\/wp-json\/wp\/v2\/media?parent=235696"}],"wp:term":[{"taxonomy":"category","embeddable":true,"href":"https:\/\/www.fiscalia.gov.co\/colombia\/wp-json\/wp\/v2\/categories?post=235696"},{"taxonomy":"post_tag","embeddable":true,"href":"https:\/\/www.fiscalia.gov.co\/colombia\/wp-json\/wp\/v2\/tags?post=235696"}],"curies":[{"name":"wp","href":"https:\/\/api.w.org\/{rel}","templated":true}]}}