{"id":235694,"date":"2021-11-26T12:58:19","date_gmt":"2021-11-26T17:58:19","guid":{"rendered":"https:\/\/www.fiscalia.gov.co\/colombia\/?p=235694"},"modified":"2021-12-07T16:23:20","modified_gmt":"2021-12-07T21:23:20","slug":"imputados-dos-funcionarios-de-la-alcaldia-de-florencia-por-su-presunta-participacion-en-el-cartel-de-las-pensiones","status":"publish","type":"post","link":"https:\/\/www.fiscalia.gov.co\/colombia\/noticias\/imputados-dos-funcionarios-de-la-alcaldia-de-florencia-por-su-presunta-participacion-en-el-cartel-de-las-pensiones\/","title":{"rendered":"Imputados dos funcionarios de la Alcald\u00eda de Florencia por su presunta participaci\u00f3n en el &#8216;Cartel de las Pensiones&#8217;"},"content":{"rendered":"<h4><strong><em>Se trata del asesor de la Secretar\u00eda Administrativa y de una auxiliar de la misma \u00e1rea, quienes habr\u00edan falsificado documentaci\u00f3n para expedir certificados de tiempo laborado.<\/em><\/strong><\/h4>\n<p>Un despacho adscrito a la Unidad de Administraci\u00f3n P\u00fablica de la Seccional Caquet\u00e1, imput\u00f3 cargos a Jairo Alex\u00e1nder Horta Dur\u00e1n, asesor de la Secretar\u00eda Administrativa de la Alcald\u00eda de Florencia y a Raquel Carvajal Villa, auxiliar administrativa de la misma \u00e1rea, por su presunta participaci\u00f3n en los delitos de uso en documento falso, falsedad ideol\u00f3gica en documento p\u00fablico, y peculado por apropiaci\u00f3n a favor de terceros, que ninguno acept\u00f3 haber cometido.<\/p>\n<p>El caso, denominado por las autoridades como el &#8216;Cartel de las Pensiones&#8217;, est\u00e1 relacionado con hechos que tuvieron ocurrencia entre enero y mayo del presente a\u00f1o, cuando ambos procesados, en uso de sus funciones, usaron documentos falsos como actas de posesi\u00f3n de tres personas con el fin de extender certificaciones electr\u00f3nicas de tiempos de servicios laborados para\u00a0<a href=\"https:\/\/www.fiscalia.gov.co\/colombia\/noticias\/condenado-falso-abogado-que-tramito-ilegalmente-pensiones-y-ocasiono-millonario-desfalco-al-magisterio\/\" data-saferedirecturl=\"https:\/\/www.google.com\/url?q=https:\/\/www.fiscalia.gov.co\/colombia\/noticias\/condenado-falso-abogado-que-tramito-ilegalmente-pensiones-y-ocasiono-millonario-desfalco-al-magisterio\/&amp;source=gmail&amp;ust=1638034095775000&amp;usg=AOvVaw21E7ghj04lwnmd7fBzSSKw\">conseguir la pensi\u00f3n<\/a>.<\/p>\n<p>Uno de ellos, que jam\u00e1s labor\u00f3 con la entidad, fue certificado como citador. En otro casos, aseguraron que una mujer hab\u00eda sido inspectora de Polic\u00eda por ocho a\u00f1os, cuando en realidad s\u00f3lo hizo un reemplazo de ocho d\u00edas en el \u00e1rea de servicios generales.<\/p>\n<p>En el tercer y \u00faltimo caso, certificaron que el ciudadano hab\u00eda trabajado como secretario de la Alcald\u00eda Municipal por siete a\u00f1os, pero realmente se desempe\u00f1\u00f3 como inspector de impuestos durante dos meses.<\/p>\n<p>Los imputados, seg\u00fan las actividades investigativas de los servidores del CTI, adscritos al Grupo de Administraci\u00f3n P\u00fablica, emitieron documentos p\u00fablicos consignando falsedades que sirvieron de prueba para el reconocimiento y pago de la indemnizaci\u00f3n sustitutiva de pensi\u00f3n de vejez, con el fin de apropiar recursos p\u00fablicos a favor de terceros.<\/p>\n<p>Cabe anotar que s\u00f3lo en uno de los casos se consum\u00f3 el peculado por apropiaci\u00f3n por $14.075.197.<\/p>\n<p>Esta es la primera fase en contra del denominado &#8216;Cartel de las Pensiones&#8217; en la Alcald\u00eda de Florencia.<\/p>\n<p>La pr\u00f3xima audiencia ser\u00e1 de acusaci\u00f3n.<\/p>\n<p>La Fiscal\u00eda habla con resultados.<\/p>\n<p>PAAM\/CFG\/SO<\/p>\n<p>&nbsp;<\/p>\n<p>&nbsp;<\/p>\n<p><strong>\u00a0<\/strong><\/p>\n<p><strong>\u00a0<\/strong><\/p>\n<p>&nbsp;<\/p>\n\n<div class=\"twitter-share\"><a href=\"https:\/\/twitter.com\/intent\/tweet?via=fiscaliacol\" class=\"twitter-share-button\">Tweet<\/a><\/div>\n","protected":false},"excerpt":{"rendered":"<p>Se trata del asesor de la Secretar\u00eda Administrativa y de una auxiliar de la misma \u00e1rea, quienes habr\u00edan falsificado documentaci\u00f3n para expedir certificados de tiempo laborado. Un despacho adscrito a [&hellip;]<\/p>\n","protected":false},"author":176,"featured_media":236548,"comment_status":"closed","ping_status":"open","sticky":false,"template":"","format":"video","meta":{"tdm_status":"","tdm_grid_status":"","footnotes":""},"categories":[1,328,303],"tags":[465,28010,29681,8781,29679,29682,427,1194,1047,23822,464,20167,29680],"class_list":["post-235694","post","type-post","status-publish","format-video","has-post-thumbnail","category-noticias","category-seccional-florencia","category-seccionales","tag-administracion-publica","tag-alcaldia-de-florencia","tag-asesor","tag-auxiliar","tag-cartel-de-la-pension","tag-certificado","tag-corrupcion","tag-falsedad","tag-fiscalia-general-de-la-nacion","tag-florencia","tag-peculado","tag-pension","tag-secretaria-administrativa","post_format-post-format-video"],"yoast_head":"<!-- This site is optimized with the Yoast SEO plugin v24.3 - https:\/\/yoast.com\/wordpress\/plugins\/seo\/ -->\n<title>Fiscal\u00eda General de la Naci\u00f3n<\/title>\n<meta name=\"description\" content=\"P\u00e1gina oficial de la Fiscal\u00eda General de la Naci\u00f3n \u2013 Colombia. Garantizamos el acceso efectivo a la justicia, la verdad y la reparaci\u00f3n de las v\u00edctimas de los delitos.\" \/>\n<meta name=\"robots\" content=\"noindex, follow\" \/>\n<meta property=\"og:locale\" content=\"es_ES\" \/>\n<meta property=\"og:type\" content=\"article\" \/>\n<meta property=\"og:title\" content=\"Fiscal\u00eda General de la Naci\u00f3n\" \/>\n<meta property=\"og:description\" content=\"P\u00e1gina oficial de la Fiscal\u00eda General de la Naci\u00f3n \u2013 Colombia. Garantizamos el acceso efectivo a la justicia, la verdad y la reparaci\u00f3n de las v\u00edctimas de los delitos.\" \/>\n<meta property=\"og:url\" content=\"https:\/\/www.fiscalia.gov.co\/colombia\/noticias\/imputados-dos-funcionarios-de-la-alcaldia-de-florencia-por-su-presunta-participacion-en-el-cartel-de-las-pensiones\/\" \/>\n<meta property=\"og:site_name\" content=\"Fiscal\u00eda General de la Naci\u00f3n\" \/>\n<meta property=\"article:publisher\" content=\"https:\/\/www.facebook.com\/FiscaliaCol\" \/>\n<meta property=\"article:published_time\" content=\"2021-11-26T17:58:19+00:00\" \/>\n<meta property=\"article:modified_time\" content=\"2021-12-07T21:23:20+00:00\" \/>\n<meta property=\"og:image\" content=\"https:\/\/www.fiscalia.gov.co\/colombia\/wp-content\/uploads\/maxresdefault-238.jpg\" \/>\n\t<meta property=\"og:image:width\" content=\"1280\" \/>\n\t<meta property=\"og:image:height\" content=\"720\" \/>\n\t<meta property=\"og:image:type\" content=\"image\/jpeg\" \/>\n<meta name=\"author\" content=\"Johanna Black Prieto Pe\u00f1a\" \/>\n<meta name=\"twitter:card\" content=\"summary_large_image\" \/>\n<meta name=\"twitter:creator\" content=\"@FiscaliaCol\" \/>\n<meta name=\"twitter:site\" content=\"@FiscaliaCol\" \/>\n<meta name=\"twitter:label1\" content=\"Escrito por\" \/>\n\t<meta name=\"twitter:data1\" content=\"Johanna Black Prieto Pe\u00f1a\" \/>\n\t<meta name=\"twitter:label2\" content=\"Tiempo de lectura\" \/>\n\t<meta name=\"twitter:data2\" content=\"2 minutos\" \/>\n<script type=\"application\/ld+json\" class=\"yoast-schema-graph\">{\"@context\":\"https:\/\/schema.org\",\"@graph\":[{\"@type\":\"Article\",\"@id\":\"https:\/\/www.fiscalia.gov.co\/colombia\/noticias\/imputados-dos-funcionarios-de-la-alcaldia-de-florencia-por-su-presunta-participacion-en-el-cartel-de-las-pensiones\/#article\",\"isPartOf\":{\"@id\":\"https:\/\/www.fiscalia.gov.co\/colombia\/noticias\/imputados-dos-funcionarios-de-la-alcaldia-de-florencia-por-su-presunta-participacion-en-el-cartel-de-las-pensiones\/\"},\"author\":{\"name\":\"Johanna Black Prieto Pe\u00f1a\",\"@id\":\"https:\/\/www.fiscalia.gov.co\/colombia\/#\/schema\/person\/b19b49f26569f91393176a2b3d13a0e5\"},\"headline\":\"Imputados dos funcionarios de la Alcald\u00eda de Florencia por su presunta participaci\u00f3n en el &#8216;Cartel de las Pensiones&#8217;\",\"datePublished\":\"2021-11-26T17:58:19+00:00\",\"dateModified\":\"2021-12-07T21:23:20+00:00\",\"mainEntityOfPage\":{\"@id\":\"https:\/\/www.fiscalia.gov.co\/colombia\/noticias\/imputados-dos-funcionarios-de-la-alcaldia-de-florencia-por-su-presunta-participacion-en-el-cartel-de-las-pensiones\/\"},\"wordCount\":393,\"publisher\":{\"@id\":\"https:\/\/www.fiscalia.gov.co\/colombia\/#organization\"},\"image\":{\"@id\":\"https:\/\/www.fiscalia.gov.co\/colombia\/noticias\/imputados-dos-funcionarios-de-la-alcaldia-de-florencia-por-su-presunta-participacion-en-el-cartel-de-las-pensiones\/#primaryimage\"},\"thumbnailUrl\":\"https:\/\/www.fiscalia.gov.co\/colombia\/wp-content\/uploads\/maxresdefault-238.jpg\",\"keywords\":[\"Administraci\u00f3n p\u00fablica\",\"Alcald\u00eda de Florencia.\",\"asesor\",\"Auxiliar\",\"cartel de la pensi\u00f3n\",\"certificado\",\"Corrupci\u00f3n\",\"Falsedad\",\"Fiscal\u00eda General de la Naci\u00f3n\",\"Florencia\",\"Peculado\",\"Pensi\u00f3n\",\"secretar\u00eda administrativa\"],\"articleSection\":[\"Noticias\",\"Seccional Florencia\",\"Seccionales\"],\"inLanguage\":\"es-CO\"},{\"@type\":\"WebPage\",\"@id\":\"https:\/\/www.fiscalia.gov.co\/colombia\/noticias\/imputados-dos-funcionarios-de-la-alcaldia-de-florencia-por-su-presunta-participacion-en-el-cartel-de-las-pensiones\/\",\"url\":\"https:\/\/www.fiscalia.gov.co\/colombia\/noticias\/imputados-dos-funcionarios-de-la-alcaldia-de-florencia-por-su-presunta-participacion-en-el-cartel-de-las-pensiones\/\",\"name\":\"Fiscal\u00eda General de la Naci\u00f3n\",\"isPartOf\":{\"@id\":\"https:\/\/www.fiscalia.gov.co\/colombia\/#website\"},\"primaryImageOfPage\":{\"@id\":\"https:\/\/www.fiscalia.gov.co\/colombia\/noticias\/imputados-dos-funcionarios-de-la-alcaldia-de-florencia-por-su-presunta-participacion-en-el-cartel-de-las-pensiones\/#primaryimage\"},\"image\":{\"@id\":\"https:\/\/www.fiscalia.gov.co\/colombia\/noticias\/imputados-dos-funcionarios-de-la-alcaldia-de-florencia-por-su-presunta-participacion-en-el-cartel-de-las-pensiones\/#primaryimage\"},\"thumbnailUrl\":\"https:\/\/www.fiscalia.gov.co\/colombia\/wp-content\/uploads\/maxresdefault-238.jpg\",\"datePublished\":\"2021-11-26T17:58:19+00:00\",\"dateModified\":\"2021-12-07T21:23:20+00:00\",\"description\":\"P\u00e1gina oficial de la Fiscal\u00eda General de la Naci\u00f3n \u2013 Colombia. Garantizamos el acceso efectivo a la justicia, la verdad y la reparaci\u00f3n de las v\u00edctimas de los delitos.\",\"breadcrumb\":{\"@id\":\"https:\/\/www.fiscalia.gov.co\/colombia\/noticias\/imputados-dos-funcionarios-de-la-alcaldia-de-florencia-por-su-presunta-participacion-en-el-cartel-de-las-pensiones\/#breadcrumb\"},\"inLanguage\":\"es-CO\",\"potentialAction\":[{\"@type\":\"ReadAction\",\"target\":[\"https:\/\/www.fiscalia.gov.co\/colombia\/noticias\/imputados-dos-funcionarios-de-la-alcaldia-de-florencia-por-su-presunta-participacion-en-el-cartel-de-las-pensiones\/\"]}]},{\"@type\":\"ImageObject\",\"inLanguage\":\"es-CO\",\"@id\":\"https:\/\/www.fiscalia.gov.co\/colombia\/noticias\/imputados-dos-funcionarios-de-la-alcaldia-de-florencia-por-su-presunta-participacion-en-el-cartel-de-las-pensiones\/#primaryimage\",\"url\":\"https:\/\/www.fiscalia.gov.co\/colombia\/wp-content\/uploads\/maxresdefault-238.jpg\",\"contentUrl\":\"https:\/\/www.fiscalia.gov.co\/colombia\/wp-content\/uploads\/maxresdefault-238.jpg\",\"width\":1280,\"height\":720},{\"@type\":\"BreadcrumbList\",\"@id\":\"https:\/\/www.fiscalia.gov.co\/colombia\/noticias\/imputados-dos-funcionarios-de-la-alcaldia-de-florencia-por-su-presunta-participacion-en-el-cartel-de-las-pensiones\/#breadcrumb\",\"itemListElement\":[{\"@type\":\"ListItem\",\"position\":1,\"name\":\"Home\",\"item\":\"https:\/\/www.fiscalia.gov.co\/colombia\/\"},{\"@type\":\"ListItem\",\"position\":2,\"name\":\"Imputados dos funcionarios de la Alcald\u00eda de Florencia por su presunta participaci\u00f3n en el &#8216;Cartel de las Pensiones&#8217;\"}]},{\"@type\":\"WebSite\",\"@id\":\"https:\/\/www.fiscalia.gov.co\/colombia\/#website\",\"url\":\"https:\/\/www.fiscalia.gov.co\/colombia\/\",\"name\":\"Fiscal\u00eda General de la Naci\u00f3n\",\"description\":\"P\u00e1gina oficial de la Fiscal\u00eda General de la Naci\u00f3n \u2013 Colombia. Garantizamos el acceso efectivo a la justicia, la verdad y la reparaci\u00f3n de las v\u00edctimas de los delitos.\",\"publisher\":{\"@id\":\"https:\/\/www.fiscalia.gov.co\/colombia\/#organization\"},\"potentialAction\":[{\"@type\":\"SearchAction\",\"target\":{\"@type\":\"EntryPoint\",\"urlTemplate\":\"https:\/\/www.fiscalia.gov.co\/colombia\/?s={search_term_string}\"},\"query-input\":{\"@type\":\"PropertyValueSpecification\",\"valueRequired\":true,\"valueName\":\"search_term_string\"}}],\"inLanguage\":\"es-CO\"},{\"@type\":\"Organization\",\"@id\":\"https:\/\/www.fiscalia.gov.co\/colombia\/#organization\",\"name\":\"Fiscal\u00eda General de la Naci\u00f3n\",\"url\":\"https:\/\/www.fiscalia.gov.co\/colombia\/\",\"logo\":{\"@type\":\"ImageObject\",\"inLanguage\":\"es-CO\",\"@id\":\"https:\/\/www.fiscalia.gov.co\/colombia\/#\/schema\/logo\/image\/\",\"url\":\"https:\/\/www.fiscalia.gov.co\/colombia\/wp-content\/uploads\/LogoHorizontal_1.jpg\",\"contentUrl\":\"https:\/\/www.fiscalia.gov.co\/colombia\/wp-content\/uploads\/LogoHorizontal_1.jpg\",\"width\":300,\"height\":90,\"caption\":\"Fiscal\u00eda General de la Naci\u00f3n\"},\"image\":{\"@id\":\"https:\/\/www.fiscalia.gov.co\/colombia\/#\/schema\/logo\/image\/\"},\"sameAs\":[\"https:\/\/www.facebook.com\/FiscaliaCol\",\"https:\/\/x.com\/FiscaliaCol\",\"https:\/\/www.instagram.com\/fiscaliacol\",\"https:\/\/www.linkedin.com\/company\/fiscalia-general-de-la-naci-n\/\",\"https:\/\/youtube.com\/@fiscaliageneraldelanacion-4668?si=6nN79nyQICPU5iTh\"]},{\"@type\":\"Person\",\"@id\":\"https:\/\/www.fiscalia.gov.co\/colombia\/#\/schema\/person\/b19b49f26569f91393176a2b3d13a0e5\",\"name\":\"Johanna Black Prieto Pe\u00f1a\",\"image\":{\"@type\":\"ImageObject\",\"inLanguage\":\"es-CO\",\"@id\":\"https:\/\/www.fiscalia.gov.co\/colombia\/#\/schema\/person\/image\/\",\"url\":\"https:\/\/secure.gravatar.com\/avatar\/7f04518e1774335e76d761d76f04003e?s=96&d=mm&r=g\",\"contentUrl\":\"https:\/\/secure.gravatar.com\/avatar\/7f04518e1774335e76d761d76f04003e?s=96&d=mm&r=g\",\"caption\":\"Johanna Black Prieto Pe\u00f1a\"},\"url\":\"https:\/\/www.fiscalia.gov.co\/colombia\/author\/jprieto\/\"}]}<\/script>\n<!-- \/ Yoast SEO plugin. -->","yoast_head_json":{"title":"Fiscal\u00eda General de la Naci\u00f3n","description":"P\u00e1gina oficial de la Fiscal\u00eda General de la Naci\u00f3n \u2013 Colombia. Garantizamos el acceso efectivo a la justicia, la verdad y la reparaci\u00f3n de las v\u00edctimas de los delitos.","robots":{"index":"noindex","follow":"follow"},"og_locale":"es_ES","og_type":"article","og_title":"Fiscal\u00eda General de la Naci\u00f3n","og_description":"P\u00e1gina oficial de la Fiscal\u00eda General de la Naci\u00f3n \u2013 Colombia. Garantizamos el acceso efectivo a la justicia, la verdad y la reparaci\u00f3n de las v\u00edctimas de los delitos.","og_url":"https:\/\/www.fiscalia.gov.co\/colombia\/noticias\/imputados-dos-funcionarios-de-la-alcaldia-de-florencia-por-su-presunta-participacion-en-el-cartel-de-las-pensiones\/","og_site_name":"Fiscal\u00eda General de la Naci\u00f3n","article_publisher":"https:\/\/www.facebook.com\/FiscaliaCol","article_published_time":"2021-11-26T17:58:19+00:00","article_modified_time":"2021-12-07T21:23:20+00:00","og_image":[{"width":1280,"height":720,"url":"https:\/\/www.fiscalia.gov.co\/colombia\/wp-content\/uploads\/maxresdefault-238.jpg","type":"image\/jpeg"}],"author":"Johanna Black Prieto Pe\u00f1a","twitter_card":"summary_large_image","twitter_creator":"@FiscaliaCol","twitter_site":"@FiscaliaCol","twitter_misc":{"Escrito por":"Johanna Black Prieto Pe\u00f1a","Tiempo de lectura":"2 minutos"},"schema":{"@context":"https:\/\/schema.org","@graph":[{"@type":"Article","@id":"https:\/\/www.fiscalia.gov.co\/colombia\/noticias\/imputados-dos-funcionarios-de-la-alcaldia-de-florencia-por-su-presunta-participacion-en-el-cartel-de-las-pensiones\/#article","isPartOf":{"@id":"https:\/\/www.fiscalia.gov.co\/colombia\/noticias\/imputados-dos-funcionarios-de-la-alcaldia-de-florencia-por-su-presunta-participacion-en-el-cartel-de-las-pensiones\/"},"author":{"name":"Johanna Black Prieto Pe\u00f1a","@id":"https:\/\/www.fiscalia.gov.co\/colombia\/#\/schema\/person\/b19b49f26569f91393176a2b3d13a0e5"},"headline":"Imputados dos funcionarios de la Alcald\u00eda de Florencia por su presunta participaci\u00f3n en el &#8216;Cartel de las Pensiones&#8217;","datePublished":"2021-11-26T17:58:19+00:00","dateModified":"2021-12-07T21:23:20+00:00","mainEntityOfPage":{"@id":"https:\/\/www.fiscalia.gov.co\/colombia\/noticias\/imputados-dos-funcionarios-de-la-alcaldia-de-florencia-por-su-presunta-participacion-en-el-cartel-de-las-pensiones\/"},"wordCount":393,"publisher":{"@id":"https:\/\/www.fiscalia.gov.co\/colombia\/#organization"},"image":{"@id":"https:\/\/www.fiscalia.gov.co\/colombia\/noticias\/imputados-dos-funcionarios-de-la-alcaldia-de-florencia-por-su-presunta-participacion-en-el-cartel-de-las-pensiones\/#primaryimage"},"thumbnailUrl":"https:\/\/www.fiscalia.gov.co\/colombia\/wp-content\/uploads\/maxresdefault-238.jpg","keywords":["Administraci\u00f3n p\u00fablica","Alcald\u00eda de Florencia.","asesor","Auxiliar","cartel de la pensi\u00f3n","certificado","Corrupci\u00f3n","Falsedad","Fiscal\u00eda General de la Naci\u00f3n","Florencia","Peculado","Pensi\u00f3n","secretar\u00eda administrativa"],"articleSection":["Noticias","Seccional Florencia","Seccionales"],"inLanguage":"es-CO"},{"@type":"WebPage","@id":"https:\/\/www.fiscalia.gov.co\/colombia\/noticias\/imputados-dos-funcionarios-de-la-alcaldia-de-florencia-por-su-presunta-participacion-en-el-cartel-de-las-pensiones\/","url":"https:\/\/www.fiscalia.gov.co\/colombia\/noticias\/imputados-dos-funcionarios-de-la-alcaldia-de-florencia-por-su-presunta-participacion-en-el-cartel-de-las-pensiones\/","name":"Fiscal\u00eda General de la Naci\u00f3n","isPartOf":{"@id":"https:\/\/www.fiscalia.gov.co\/colombia\/#website"},"primaryImageOfPage":{"@id":"https:\/\/www.fiscalia.gov.co\/colombia\/noticias\/imputados-dos-funcionarios-de-la-alcaldia-de-florencia-por-su-presunta-participacion-en-el-cartel-de-las-pensiones\/#primaryimage"},"image":{"@id":"https:\/\/www.fiscalia.gov.co\/colombia\/noticias\/imputados-dos-funcionarios-de-la-alcaldia-de-florencia-por-su-presunta-participacion-en-el-cartel-de-las-pensiones\/#primaryimage"},"thumbnailUrl":"https:\/\/www.fiscalia.gov.co\/colombia\/wp-content\/uploads\/maxresdefault-238.jpg","datePublished":"2021-11-26T17:58:19+00:00","dateModified":"2021-12-07T21:23:20+00:00","description":"P\u00e1gina oficial de la Fiscal\u00eda General de la Naci\u00f3n \u2013 Colombia. Garantizamos el acceso efectivo a la justicia, la verdad y la reparaci\u00f3n de las v\u00edctimas de los delitos.","breadcrumb":{"@id":"https:\/\/www.fiscalia.gov.co\/colombia\/noticias\/imputados-dos-funcionarios-de-la-alcaldia-de-florencia-por-su-presunta-participacion-en-el-cartel-de-las-pensiones\/#breadcrumb"},"inLanguage":"es-CO","potentialAction":[{"@type":"ReadAction","target":["https:\/\/www.fiscalia.gov.co\/colombia\/noticias\/imputados-dos-funcionarios-de-la-alcaldia-de-florencia-por-su-presunta-participacion-en-el-cartel-de-las-pensiones\/"]}]},{"@type":"ImageObject","inLanguage":"es-CO","@id":"https:\/\/www.fiscalia.gov.co\/colombia\/noticias\/imputados-dos-funcionarios-de-la-alcaldia-de-florencia-por-su-presunta-participacion-en-el-cartel-de-las-pensiones\/#primaryimage","url":"https:\/\/www.fiscalia.gov.co\/colombia\/wp-content\/uploads\/maxresdefault-238.jpg","contentUrl":"https:\/\/www.fiscalia.gov.co\/colombia\/wp-content\/uploads\/maxresdefault-238.jpg","width":1280,"height":720},{"@type":"BreadcrumbList","@id":"https:\/\/www.fiscalia.gov.co\/colombia\/noticias\/imputados-dos-funcionarios-de-la-alcaldia-de-florencia-por-su-presunta-participacion-en-el-cartel-de-las-pensiones\/#breadcrumb","itemListElement":[{"@type":"ListItem","position":1,"name":"Home","item":"https:\/\/www.fiscalia.gov.co\/colombia\/"},{"@type":"ListItem","position":2,"name":"Imputados dos funcionarios de la Alcald\u00eda de Florencia por su presunta participaci\u00f3n en el &#8216;Cartel de las Pensiones&#8217;"}]},{"@type":"WebSite","@id":"https:\/\/www.fiscalia.gov.co\/colombia\/#website","url":"https:\/\/www.fiscalia.gov.co\/colombia\/","name":"Fiscal\u00eda General de la Naci\u00f3n","description":"P\u00e1gina oficial de la Fiscal\u00eda General de la Naci\u00f3n \u2013 Colombia. Garantizamos el acceso efectivo a la justicia, la verdad y la reparaci\u00f3n de las v\u00edctimas de los delitos.","publisher":{"@id":"https:\/\/www.fiscalia.gov.co\/colombia\/#organization"},"potentialAction":[{"@type":"SearchAction","target":{"@type":"EntryPoint","urlTemplate":"https:\/\/www.fiscalia.gov.co\/colombia\/?s={search_term_string}"},"query-input":{"@type":"PropertyValueSpecification","valueRequired":true,"valueName":"search_term_string"}}],"inLanguage":"es-CO"},{"@type":"Organization","@id":"https:\/\/www.fiscalia.gov.co\/colombia\/#organization","name":"Fiscal\u00eda General de la Naci\u00f3n","url":"https:\/\/www.fiscalia.gov.co\/colombia\/","logo":{"@type":"ImageObject","inLanguage":"es-CO","@id":"https:\/\/www.fiscalia.gov.co\/colombia\/#\/schema\/logo\/image\/","url":"https:\/\/www.fiscalia.gov.co\/colombia\/wp-content\/uploads\/LogoHorizontal_1.jpg","contentUrl":"https:\/\/www.fiscalia.gov.co\/colombia\/wp-content\/uploads\/LogoHorizontal_1.jpg","width":300,"height":90,"caption":"Fiscal\u00eda General de la Naci\u00f3n"},"image":{"@id":"https:\/\/www.fiscalia.gov.co\/colombia\/#\/schema\/logo\/image\/"},"sameAs":["https:\/\/www.facebook.com\/FiscaliaCol","https:\/\/x.com\/FiscaliaCol","https:\/\/www.instagram.com\/fiscaliacol","https:\/\/www.linkedin.com\/company\/fiscalia-general-de-la-naci-n\/","https:\/\/youtube.com\/@fiscaliageneraldelanacion-4668?si=6nN79nyQICPU5iTh"]},{"@type":"Person","@id":"https:\/\/www.fiscalia.gov.co\/colombia\/#\/schema\/person\/b19b49f26569f91393176a2b3d13a0e5","name":"Johanna Black Prieto Pe\u00f1a","image":{"@type":"ImageObject","inLanguage":"es-CO","@id":"https:\/\/www.fiscalia.gov.co\/colombia\/#\/schema\/person\/image\/","url":"https:\/\/secure.gravatar.com\/avatar\/7f04518e1774335e76d761d76f04003e?s=96&d=mm&r=g","contentUrl":"https:\/\/secure.gravatar.com\/avatar\/7f04518e1774335e76d761d76f04003e?s=96&d=mm&r=g","caption":"Johanna Black Prieto Pe\u00f1a"},"url":"https:\/\/www.fiscalia.gov.co\/colombia\/author\/jprieto\/"}]}},"_links":{"self":[{"href":"https:\/\/www.fiscalia.gov.co\/colombia\/wp-json\/wp\/v2\/posts\/235694","targetHints":{"allow":["GET"]}}],"collection":[{"href":"https:\/\/www.fiscalia.gov.co\/colombia\/wp-json\/wp\/v2\/posts"}],"about":[{"href":"https:\/\/www.fiscalia.gov.co\/colombia\/wp-json\/wp\/v2\/types\/post"}],"author":[{"embeddable":true,"href":"https:\/\/www.fiscalia.gov.co\/colombia\/wp-json\/wp\/v2\/users\/176"}],"replies":[{"embeddable":true,"href":"https:\/\/www.fiscalia.gov.co\/colombia\/wp-json\/wp\/v2\/comments?post=235694"}],"version-history":[{"count":1,"href":"https:\/\/www.fiscalia.gov.co\/colombia\/wp-json\/wp\/v2\/posts\/235694\/revisions"}],"predecessor-version":[{"id":235695,"href":"https:\/\/www.fiscalia.gov.co\/colombia\/wp-json\/wp\/v2\/posts\/235694\/revisions\/235695"}],"wp:featuredmedia":[{"embeddable":true,"href":"https:\/\/www.fiscalia.gov.co\/colombia\/wp-json\/wp\/v2\/media\/236548"}],"wp:attachment":[{"href":"https:\/\/www.fiscalia.gov.co\/colombia\/wp-json\/wp\/v2\/media?parent=235694"}],"wp:term":[{"taxonomy":"category","embeddable":true,"href":"https:\/\/www.fiscalia.gov.co\/colombia\/wp-json\/wp\/v2\/categories?post=235694"},{"taxonomy":"post_tag","embeddable":true,"href":"https:\/\/www.fiscalia.gov.co\/colombia\/wp-json\/wp\/v2\/tags?post=235694"}],"curies":[{"name":"wp","href":"https:\/\/api.w.org\/{rel}","templated":true}]}}