{"id":235684,"date":"2021-11-26T11:03:22","date_gmt":"2021-11-26T16:03:22","guid":{"rendered":"https:\/\/www.fiscalia.gov.co\/colombia\/?p=235684"},"modified":"2021-12-07T15:49:21","modified_gmt":"2021-12-07T20:49:21","slug":"detencion-carcelaria-para-hombre-que-habria-atentado-contra-la-vida-de-su-ex-companera-sentimental-en-estado-de-embarazo","status":"publish","type":"post","link":"https:\/\/www.fiscalia.gov.co\/colombia\/noticias\/detencion-carcelaria-para-hombre-que-habria-atentado-contra-la-vida-de-su-ex-companera-sentimental-en-estado-de-embarazo\/","title":{"rendered":"Detenci\u00f3n carcelaria para hombre que habr\u00eda atentado contra la vida de su ex compa\u00f1era sentimental en estado de embarazo"},"content":{"rendered":"<p>La Fiscal\u00eda General de la Naci\u00f3n en Huila logr\u00f3 que un juez con funci\u00f3n de control de garant\u00edas acogiera el material probatorio expuesto y\u00a0<strong>asegurara en centro carcelario<\/strong>\u00a0a \u00d3scar David Ospina Pastrana, quien el 17 de noviembre pasado presuntamente\u00a0agredi\u00f3 con<strong>\u00a0arma cortopunzante<\/strong>\u00a0a quien fue su pareja sentimental, de 18 a\u00f1os de edad.<\/p>\n<figure id=\"attachment_235685\" aria-describedby=\"caption-attachment-235685\" style=\"width: 1280px\" class=\"wp-caption alignnone\"><img loading=\"lazy\" decoding=\"async\" class=\"size-full wp-image-235685\" src=\"https:\/\/www.fiscalia.gov.co\/colombia\/wp-content\/uploads\/\u00d3scar-David-Ospina-Pastrana.jpeg\" alt=\"\" width=\"1280\" height=\"954\" srcset=\"https:\/\/www.fiscalia.gov.co\/colombia\/wp-content\/uploads\/\u00d3scar-David-Ospina-Pastrana.jpeg 1280w, https:\/\/www.fiscalia.gov.co\/colombia\/wp-content\/uploads\/\u00d3scar-David-Ospina-Pastrana-300x224.jpeg 300w, https:\/\/www.fiscalia.gov.co\/colombia\/wp-content\/uploads\/\u00d3scar-David-Ospina-Pastrana-1024x763.jpeg 1024w, https:\/\/www.fiscalia.gov.co\/colombia\/wp-content\/uploads\/\u00d3scar-David-Ospina-Pastrana-768x572.jpeg 768w, https:\/\/www.fiscalia.gov.co\/colombia\/wp-content\/uploads\/\u00d3scar-David-Ospina-Pastrana-485x360.jpeg 485w, https:\/\/www.fiscalia.gov.co\/colombia\/wp-content\/uploads\/\u00d3scar-David-Ospina-Pastrana-696x519.jpeg 696w, https:\/\/www.fiscalia.gov.co\/colombia\/wp-content\/uploads\/\u00d3scar-David-Ospina-Pastrana-1068x796.jpeg 1068w, https:\/\/www.fiscalia.gov.co\/colombia\/wp-content\/uploads\/\u00d3scar-David-Ospina-Pastrana-564x420.jpeg 564w, https:\/\/www.fiscalia.gov.co\/colombia\/wp-content\/uploads\/\u00d3scar-David-Ospina-Pastrana-80x60.jpeg 80w, https:\/\/www.fiscalia.gov.co\/colombia\/wp-content\/uploads\/\u00d3scar-David-Ospina-Pastrana-265x198.jpeg 265w\" sizes=\"auto, (max-width: 1280px) 100vw, 1280px\" \/><figcaption id=\"caption-attachment-235685\" class=\"wp-caption-text\">Los hechos de muerte se dieron tras una discusi\u00f3n despu\u00e9s de haber ingerido bebidas alcoh\u00f3licas.<\/figcaption><\/figure>\n<p>Los hechos se registraron en el barrio Oro Negro de Neiva (Huila), a donde lleg\u00f3\u00a0el imputado y al parecer de manera violenta ingres\u00f3 a la residencia de la mujer\u00a0<strong>propin\u00e1ndole m\u00faltiples y graves lesiones en el cuerpo\u00a0<\/strong>que ocasionaron el fallecimiento\u00a0<strong>de un nasciturus de 32 semanas de gestaci\u00f3n<\/strong>\u00a0del cual iba a ser padre el hoy investigado.<\/p>\n<p>Ospina Pastrana al parecer sali\u00f3\u00a0huyendo del lugar dejando el arma blanca con el que habr\u00eda cometido el ataque, y por voces de auxilio la v\u00edctima fue remitida a un centro de salud donde le realizaron distintos procedimientos, entre ellos\u00a0<strong>ces\u00e1rea evacuatoria<\/strong>, gracias a los cuales lograron\u00a0salvarle la vida y que le generaron una\u00a0<strong>incapacidad m\u00e9dico legal de 50 d\u00edas. \u00a0<\/strong><\/p>\n<p>Labores investigativas preliminares dan cuenta que la v\u00edctima habr\u00eda\u00a0<strong>sido amenazada por el indiciado<\/strong>, quien afirmaba que si ese hijo que esperaba no lo disfrutaba \u00e9l como pap\u00e1, entonces no lo disfrutar\u00eda nadie y que atentar\u00eda contra su vida si no regresaba con \u00e9l. La afectada hab\u00eda decidido terminar su relaci\u00f3n sentimental dos semanas antes de los hechos, luego de un a\u00f1o de relaci\u00f3n.<\/p>\n<p>Tambi\u00e9n se estableci\u00f3 que previamente habr\u00eda sido sometida a\u00a0<strong>agresiones f\u00edsicas y psicol\u00f3gicas repetitivas<\/strong>\u00a0por parte del hoy judicializado.<\/p>\n<p>Por estos hechos, la Fiscal\u00eda lo imput\u00f3 como presunto responsable en el delito de\u00a0<strong>tentativa de feminicidio agravado<\/strong>, por el cual se\u00a0<strong>declar\u00f3 inocente<\/strong>.<\/p>\n<p>Funcionarios del Grupo de Vida e integridad Personal CTI Neiva en asocio con Sij\u00edn y Sipol hicieron efectiva su captura por orden judicial en el centro de Gigante (Huila).<\/p>\n<p><strong>La Fiscal\u00eda General de La Naci\u00f3n habla con resultados.<\/strong><\/p>\n<p>LMGM\/CFG\/DSPB<\/p>\n<p><em>La informaci\u00f3n contenida en este bolet\u00edn\u00a0de\u00a0prensa corresponde a la narraci\u00f3n\u00a0de\u00a0los hechos noticiosos objetivos, suministrados por los funcionarios encargados\u00a0de\u00a0adelantar las investigaciones penales al interior\u00a0de\u00a0la Fiscal\u00eda General\u00a0de\u00a0la Naci\u00f3n. Para el momento\u00a0de\u00a0la divulgaci\u00f3n\u00a0de\u00a0este comunicado, la situaci\u00f3n jur\u00eddica\u00a0de\u00a0la(s) persona(s) relacionada(s) se encuentra pendiente\u00a0de\u00a0resolver por la autoridad judicial competente, siempre bajo los preceptos\u00a0de\u00a0la presunci\u00f3n\u00a0de\u00a0inocencia, consagrados en el art\u00edculo 29\u00a0de\u00a0la Constituci\u00f3n Pol\u00edtica y el art\u00edculo 7\u00ba\u00a0de\u00a0la Ley 906\u00a0de\u00a02004.<\/em><\/p>\n<p><strong>Tambi\u00e9n le puede interesar:\u00a0<\/strong>\u00a0\u00a0<a href=\"https:\/\/www.fiscalia.gov.co\/colombia\/noticias\/a-prision-un-hombre-presuntamente-implicado-en-el-feminicidio-de-su-excompanera-sentimental\/\" data-saferedirecturl=\"https:\/\/www.google.com\/url?q=https:\/\/www.fiscalia.gov.co\/colombia\/noticias\/a-prision-un-hombre-presuntamente-implicado-en-el-feminicidio-de-su-excompanera-sentimental\/&amp;source=gmail&amp;ust=1638028357981000&amp;usg=AOvVaw06iHc38JXY64lYhWa5lCZT\">A prisi\u00f3n un hombre, presuntamente, implicado en el feminicidio de su excompa\u00f1era sentimental<\/a><\/p>\n<h3><\/h3>\n<p>&nbsp;<\/p>\n\n<div class=\"twitter-share\"><a href=\"https:\/\/twitter.com\/intent\/tweet?via=fiscaliacol\" class=\"twitter-share-button\">Tweet<\/a><\/div>\n","protected":false},"excerpt":{"rendered":"<p>La Fiscal\u00eda General de la Naci\u00f3n en Huila logr\u00f3 que un juez con funci\u00f3n de control de garant\u00edas acogiera el material probatorio expuesto y\u00a0asegurara en centro carcelario\u00a0a \u00d3scar David Ospina Pastrana, quien el 17 de noviembre pasado presuntamente\u00a0agredi\u00f3 con\u00a0arma cortopunzante\u00a0a quien fue su pareja sentimental, de 18 a\u00f1os de edad. Los hechos se registraron en [&hellip;]<\/p>\n","protected":false},"author":176,"featured_media":236546,"comment_status":"closed","ping_status":"open","sticky":false,"template":"","format":"video","meta":{"tdm_status":"","tdm_grid_status":"","footnotes":""},"categories":[1,333,303],"tags":[5180,25432,24369,29641,14729,16,29086],"class_list":{"0":"post-235684","1":"post","2":"type-post","3":"status-publish","4":"format-video","5":"has-post-thumbnail","7":"category-noticias","8":"category-seccional-neiva","9":"category-seccionales","10":"tag-arma-blanca","11":"tag-cuchillo","12":"tag-derechos-mujeres","13":"tag-diez-heridas","14":"tag-feminicidio-agravado","15":"tag-huila","16":"tag-paicol","17":"post_format-post-format-video"},"yoast_head":"<!-- This site is optimized with the Yoast SEO plugin v24.3 - https:\/\/yoast.com\/wordpress\/plugins\/seo\/ -->\n<title>Fiscal\u00eda General de la Naci\u00f3n<\/title>\n<meta name=\"description\" content=\"P\u00e1gina oficial de la Fiscal\u00eda General de la Naci\u00f3n \u2013 Colombia. Garantizamos el acceso efectivo a la justicia, la verdad y la reparaci\u00f3n de las v\u00edctimas de los delitos.\" \/>\n<meta name=\"robots\" content=\"noindex, follow\" \/>\n<meta property=\"og:locale\" content=\"es_ES\" \/>\n<meta property=\"og:type\" content=\"article\" \/>\n<meta property=\"og:title\" content=\"Fiscal\u00eda General de la Naci\u00f3n\" \/>\n<meta property=\"og:description\" content=\"P\u00e1gina oficial de la Fiscal\u00eda General de la Naci\u00f3n \u2013 Colombia. Garantizamos el acceso efectivo a la justicia, la verdad y la reparaci\u00f3n de las v\u00edctimas de los delitos.\" \/>\n<meta property=\"og:url\" content=\"https:\/\/www.fiscalia.gov.co\/colombia\/noticias\/detencion-carcelaria-para-hombre-que-habria-atentado-contra-la-vida-de-su-ex-companera-sentimental-en-estado-de-embarazo\/\" \/>\n<meta property=\"og:site_name\" content=\"Fiscal\u00eda General de la Naci\u00f3n\" \/>\n<meta property=\"article:publisher\" content=\"https:\/\/www.facebook.com\/FiscaliaCol\" \/>\n<meta property=\"article:published_time\" content=\"2021-11-26T16:03:22+00:00\" \/>\n<meta property=\"article:modified_time\" content=\"2021-12-07T20:49:21+00:00\" \/>\n<meta property=\"og:image\" content=\"https:\/\/www.fiscalia.gov.co\/colombia\/wp-content\/uploads\/maxresdefault-236.jpg\" \/>\n\t<meta property=\"og:image:width\" content=\"1280\" \/>\n\t<meta property=\"og:image:height\" content=\"720\" \/>\n\t<meta property=\"og:image:type\" content=\"image\/jpeg\" \/>\n<meta name=\"author\" content=\"Johanna Black Prieto Pe\u00f1a\" \/>\n<meta name=\"twitter:card\" content=\"summary_large_image\" \/>\n<meta name=\"twitter:creator\" content=\"@FiscaliaCol\" \/>\n<meta name=\"twitter:site\" content=\"@FiscaliaCol\" \/>\n<meta name=\"twitter:label1\" content=\"Escrito por\" \/>\n\t<meta name=\"twitter:data1\" content=\"Johanna Black Prieto Pe\u00f1a\" \/>\n\t<meta name=\"twitter:label2\" content=\"Tiempo de lectura\" \/>\n\t<meta name=\"twitter:data2\" content=\"2 minutos\" \/>\n<script type=\"application\/ld+json\" class=\"yoast-schema-graph\">{\"@context\":\"https:\/\/schema.org\",\"@graph\":[{\"@type\":\"Article\",\"@id\":\"https:\/\/www.fiscalia.gov.co\/colombia\/noticias\/detencion-carcelaria-para-hombre-que-habria-atentado-contra-la-vida-de-su-ex-companera-sentimental-en-estado-de-embarazo\/#article\",\"isPartOf\":{\"@id\":\"https:\/\/www.fiscalia.gov.co\/colombia\/noticias\/detencion-carcelaria-para-hombre-que-habria-atentado-contra-la-vida-de-su-ex-companera-sentimental-en-estado-de-embarazo\/\"},\"author\":{\"name\":\"Johanna Black Prieto Pe\u00f1a\",\"@id\":\"https:\/\/www.fiscalia.gov.co\/colombia\/#\/schema\/person\/b19b49f26569f91393176a2b3d13a0e5\"},\"headline\":\"Detenci\u00f3n carcelaria para hombre que habr\u00eda atentado contra la vida de su ex compa\u00f1era sentimental en estado de embarazo\",\"datePublished\":\"2021-11-26T16:03:22+00:00\",\"dateModified\":\"2021-12-07T20:49:21+00:00\",\"mainEntityOfPage\":{\"@id\":\"https:\/\/www.fiscalia.gov.co\/colombia\/noticias\/detencion-carcelaria-para-hombre-que-habria-atentado-contra-la-vida-de-su-ex-companera-sentimental-en-estado-de-embarazo\/\"},\"wordCount\":518,\"publisher\":{\"@id\":\"https:\/\/www.fiscalia.gov.co\/colombia\/#organization\"},\"image\":{\"@id\":\"https:\/\/www.fiscalia.gov.co\/colombia\/noticias\/detencion-carcelaria-para-hombre-que-habria-atentado-contra-la-vida-de-su-ex-companera-sentimental-en-estado-de-embarazo\/#primaryimage\"},\"thumbnailUrl\":\"https:\/\/www.fiscalia.gov.co\/colombia\/wp-content\/uploads\/maxresdefault-236.jpg\",\"keywords\":[\"Arma Blanca\",\"cuchillo\",\"derechos mujeres\",\"diez heridas\",\"Feminicidio agravado\",\"Huila\",\"Paicol\"],\"articleSection\":[\"Noticias\",\"Seccional Neiva\",\"Seccionales\"],\"inLanguage\":\"es-CO\"},{\"@type\":\"WebPage\",\"@id\":\"https:\/\/www.fiscalia.gov.co\/colombia\/noticias\/detencion-carcelaria-para-hombre-que-habria-atentado-contra-la-vida-de-su-ex-companera-sentimental-en-estado-de-embarazo\/\",\"url\":\"https:\/\/www.fiscalia.gov.co\/colombia\/noticias\/detencion-carcelaria-para-hombre-que-habria-atentado-contra-la-vida-de-su-ex-companera-sentimental-en-estado-de-embarazo\/\",\"name\":\"Fiscal\u00eda General de la Naci\u00f3n\",\"isPartOf\":{\"@id\":\"https:\/\/www.fiscalia.gov.co\/colombia\/#website\"},\"primaryImageOfPage\":{\"@id\":\"https:\/\/www.fiscalia.gov.co\/colombia\/noticias\/detencion-carcelaria-para-hombre-que-habria-atentado-contra-la-vida-de-su-ex-companera-sentimental-en-estado-de-embarazo\/#primaryimage\"},\"image\":{\"@id\":\"https:\/\/www.fiscalia.gov.co\/colombia\/noticias\/detencion-carcelaria-para-hombre-que-habria-atentado-contra-la-vida-de-su-ex-companera-sentimental-en-estado-de-embarazo\/#primaryimage\"},\"thumbnailUrl\":\"https:\/\/www.fiscalia.gov.co\/colombia\/wp-content\/uploads\/maxresdefault-236.jpg\",\"datePublished\":\"2021-11-26T16:03:22+00:00\",\"dateModified\":\"2021-12-07T20:49:21+00:00\",\"description\":\"P\u00e1gina oficial de la Fiscal\u00eda General de la Naci\u00f3n \u2013 Colombia. Garantizamos el acceso efectivo a la justicia, la verdad y la reparaci\u00f3n de las v\u00edctimas de los delitos.\",\"breadcrumb\":{\"@id\":\"https:\/\/www.fiscalia.gov.co\/colombia\/noticias\/detencion-carcelaria-para-hombre-que-habria-atentado-contra-la-vida-de-su-ex-companera-sentimental-en-estado-de-embarazo\/#breadcrumb\"},\"inLanguage\":\"es-CO\",\"potentialAction\":[{\"@type\":\"ReadAction\",\"target\":[\"https:\/\/www.fiscalia.gov.co\/colombia\/noticias\/detencion-carcelaria-para-hombre-que-habria-atentado-contra-la-vida-de-su-ex-companera-sentimental-en-estado-de-embarazo\/\"]}]},{\"@type\":\"ImageObject\",\"inLanguage\":\"es-CO\",\"@id\":\"https:\/\/www.fiscalia.gov.co\/colombia\/noticias\/detencion-carcelaria-para-hombre-que-habria-atentado-contra-la-vida-de-su-ex-companera-sentimental-en-estado-de-embarazo\/#primaryimage\",\"url\":\"https:\/\/www.fiscalia.gov.co\/colombia\/wp-content\/uploads\/maxresdefault-236.jpg\",\"contentUrl\":\"https:\/\/www.fiscalia.gov.co\/colombia\/wp-content\/uploads\/maxresdefault-236.jpg\",\"width\":1280,\"height\":720},{\"@type\":\"BreadcrumbList\",\"@id\":\"https:\/\/www.fiscalia.gov.co\/colombia\/noticias\/detencion-carcelaria-para-hombre-que-habria-atentado-contra-la-vida-de-su-ex-companera-sentimental-en-estado-de-embarazo\/#breadcrumb\",\"itemListElement\":[{\"@type\":\"ListItem\",\"position\":1,\"name\":\"Home\",\"item\":\"https:\/\/www.fiscalia.gov.co\/colombia\/\"},{\"@type\":\"ListItem\",\"position\":2,\"name\":\"Detenci\u00f3n carcelaria para hombre que habr\u00eda atentado contra la vida de su ex compa\u00f1era sentimental en estado de embarazo\"}]},{\"@type\":\"WebSite\",\"@id\":\"https:\/\/www.fiscalia.gov.co\/colombia\/#website\",\"url\":\"https:\/\/www.fiscalia.gov.co\/colombia\/\",\"name\":\"Fiscal\u00eda General de la Naci\u00f3n\",\"description\":\"P\u00e1gina oficial de la Fiscal\u00eda General de la Naci\u00f3n \u2013 Colombia. Garantizamos el acceso efectivo a la justicia, la verdad y la reparaci\u00f3n de las v\u00edctimas de los delitos.\",\"publisher\":{\"@id\":\"https:\/\/www.fiscalia.gov.co\/colombia\/#organization\"},\"potentialAction\":[{\"@type\":\"SearchAction\",\"target\":{\"@type\":\"EntryPoint\",\"urlTemplate\":\"https:\/\/www.fiscalia.gov.co\/colombia\/?s={search_term_string}\"},\"query-input\":{\"@type\":\"PropertyValueSpecification\",\"valueRequired\":true,\"valueName\":\"search_term_string\"}}],\"inLanguage\":\"es-CO\"},{\"@type\":\"Organization\",\"@id\":\"https:\/\/www.fiscalia.gov.co\/colombia\/#organization\",\"name\":\"Fiscal\u00eda General de la Naci\u00f3n\",\"url\":\"https:\/\/www.fiscalia.gov.co\/colombia\/\",\"logo\":{\"@type\":\"ImageObject\",\"inLanguage\":\"es-CO\",\"@id\":\"https:\/\/www.fiscalia.gov.co\/colombia\/#\/schema\/logo\/image\/\",\"url\":\"https:\/\/www.fiscalia.gov.co\/colombia\/wp-content\/uploads\/LogoHorizontal_1.jpg\",\"contentUrl\":\"https:\/\/www.fiscalia.gov.co\/colombia\/wp-content\/uploads\/LogoHorizontal_1.jpg\",\"width\":300,\"height\":90,\"caption\":\"Fiscal\u00eda General de la Naci\u00f3n\"},\"image\":{\"@id\":\"https:\/\/www.fiscalia.gov.co\/colombia\/#\/schema\/logo\/image\/\"},\"sameAs\":[\"https:\/\/www.facebook.com\/FiscaliaCol\",\"https:\/\/x.com\/FiscaliaCol\",\"https:\/\/www.instagram.com\/fiscaliacol\",\"https:\/\/www.linkedin.com\/company\/fiscalia-general-de-la-naci-n\/\",\"https:\/\/youtube.com\/@fiscaliageneraldelanacion-4668?si=6nN79nyQICPU5iTh\"]},{\"@type\":\"Person\",\"@id\":\"https:\/\/www.fiscalia.gov.co\/colombia\/#\/schema\/person\/b19b49f26569f91393176a2b3d13a0e5\",\"name\":\"Johanna Black Prieto Pe\u00f1a\",\"image\":{\"@type\":\"ImageObject\",\"inLanguage\":\"es-CO\",\"@id\":\"https:\/\/www.fiscalia.gov.co\/colombia\/#\/schema\/person\/image\/\",\"url\":\"https:\/\/secure.gravatar.com\/avatar\/7f04518e1774335e76d761d76f04003e?s=96&d=mm&r=g\",\"contentUrl\":\"https:\/\/secure.gravatar.com\/avatar\/7f04518e1774335e76d761d76f04003e?s=96&d=mm&r=g\",\"caption\":\"Johanna Black Prieto Pe\u00f1a\"},\"url\":\"https:\/\/www.fiscalia.gov.co\/colombia\/author\/jprieto\/\"}]}<\/script>\n<!-- \/ Yoast SEO plugin. -->","yoast_head_json":{"title":"Fiscal\u00eda General de la Naci\u00f3n","description":"P\u00e1gina oficial de la Fiscal\u00eda General de la Naci\u00f3n \u2013 Colombia. Garantizamos el acceso efectivo a la justicia, la verdad y la reparaci\u00f3n de las v\u00edctimas de los delitos.","robots":{"index":"noindex","follow":"follow"},"og_locale":"es_ES","og_type":"article","og_title":"Fiscal\u00eda General de la Naci\u00f3n","og_description":"P\u00e1gina oficial de la Fiscal\u00eda General de la Naci\u00f3n \u2013 Colombia. Garantizamos el acceso efectivo a la justicia, la verdad y la reparaci\u00f3n de las v\u00edctimas de los delitos.","og_url":"https:\/\/www.fiscalia.gov.co\/colombia\/noticias\/detencion-carcelaria-para-hombre-que-habria-atentado-contra-la-vida-de-su-ex-companera-sentimental-en-estado-de-embarazo\/","og_site_name":"Fiscal\u00eda General de la Naci\u00f3n","article_publisher":"https:\/\/www.facebook.com\/FiscaliaCol","article_published_time":"2021-11-26T16:03:22+00:00","article_modified_time":"2021-12-07T20:49:21+00:00","og_image":[{"width":1280,"height":720,"url":"https:\/\/www.fiscalia.gov.co\/colombia\/wp-content\/uploads\/maxresdefault-236.jpg","type":"image\/jpeg"}],"author":"Johanna Black Prieto Pe\u00f1a","twitter_card":"summary_large_image","twitter_creator":"@FiscaliaCol","twitter_site":"@FiscaliaCol","twitter_misc":{"Escrito por":"Johanna Black Prieto Pe\u00f1a","Tiempo de lectura":"2 minutos"},"schema":{"@context":"https:\/\/schema.org","@graph":[{"@type":"Article","@id":"https:\/\/www.fiscalia.gov.co\/colombia\/noticias\/detencion-carcelaria-para-hombre-que-habria-atentado-contra-la-vida-de-su-ex-companera-sentimental-en-estado-de-embarazo\/#article","isPartOf":{"@id":"https:\/\/www.fiscalia.gov.co\/colombia\/noticias\/detencion-carcelaria-para-hombre-que-habria-atentado-contra-la-vida-de-su-ex-companera-sentimental-en-estado-de-embarazo\/"},"author":{"name":"Johanna Black Prieto Pe\u00f1a","@id":"https:\/\/www.fiscalia.gov.co\/colombia\/#\/schema\/person\/b19b49f26569f91393176a2b3d13a0e5"},"headline":"Detenci\u00f3n carcelaria para hombre que habr\u00eda atentado contra la vida de su ex compa\u00f1era sentimental en estado de embarazo","datePublished":"2021-11-26T16:03:22+00:00","dateModified":"2021-12-07T20:49:21+00:00","mainEntityOfPage":{"@id":"https:\/\/www.fiscalia.gov.co\/colombia\/noticias\/detencion-carcelaria-para-hombre-que-habria-atentado-contra-la-vida-de-su-ex-companera-sentimental-en-estado-de-embarazo\/"},"wordCount":518,"publisher":{"@id":"https:\/\/www.fiscalia.gov.co\/colombia\/#organization"},"image":{"@id":"https:\/\/www.fiscalia.gov.co\/colombia\/noticias\/detencion-carcelaria-para-hombre-que-habria-atentado-contra-la-vida-de-su-ex-companera-sentimental-en-estado-de-embarazo\/#primaryimage"},"thumbnailUrl":"https:\/\/www.fiscalia.gov.co\/colombia\/wp-content\/uploads\/maxresdefault-236.jpg","keywords":["Arma Blanca","cuchillo","derechos mujeres","diez heridas","Feminicidio agravado","Huila","Paicol"],"articleSection":["Noticias","Seccional Neiva","Seccionales"],"inLanguage":"es-CO"},{"@type":"WebPage","@id":"https:\/\/www.fiscalia.gov.co\/colombia\/noticias\/detencion-carcelaria-para-hombre-que-habria-atentado-contra-la-vida-de-su-ex-companera-sentimental-en-estado-de-embarazo\/","url":"https:\/\/www.fiscalia.gov.co\/colombia\/noticias\/detencion-carcelaria-para-hombre-que-habria-atentado-contra-la-vida-de-su-ex-companera-sentimental-en-estado-de-embarazo\/","name":"Fiscal\u00eda General de la Naci\u00f3n","isPartOf":{"@id":"https:\/\/www.fiscalia.gov.co\/colombia\/#website"},"primaryImageOfPage":{"@id":"https:\/\/www.fiscalia.gov.co\/colombia\/noticias\/detencion-carcelaria-para-hombre-que-habria-atentado-contra-la-vida-de-su-ex-companera-sentimental-en-estado-de-embarazo\/#primaryimage"},"image":{"@id":"https:\/\/www.fiscalia.gov.co\/colombia\/noticias\/detencion-carcelaria-para-hombre-que-habria-atentado-contra-la-vida-de-su-ex-companera-sentimental-en-estado-de-embarazo\/#primaryimage"},"thumbnailUrl":"https:\/\/www.fiscalia.gov.co\/colombia\/wp-content\/uploads\/maxresdefault-236.jpg","datePublished":"2021-11-26T16:03:22+00:00","dateModified":"2021-12-07T20:49:21+00:00","description":"P\u00e1gina oficial de la Fiscal\u00eda General de la Naci\u00f3n \u2013 Colombia. Garantizamos el acceso efectivo a la justicia, la verdad y la reparaci\u00f3n de las v\u00edctimas de los delitos.","breadcrumb":{"@id":"https:\/\/www.fiscalia.gov.co\/colombia\/noticias\/detencion-carcelaria-para-hombre-que-habria-atentado-contra-la-vida-de-su-ex-companera-sentimental-en-estado-de-embarazo\/#breadcrumb"},"inLanguage":"es-CO","potentialAction":[{"@type":"ReadAction","target":["https:\/\/www.fiscalia.gov.co\/colombia\/noticias\/detencion-carcelaria-para-hombre-que-habria-atentado-contra-la-vida-de-su-ex-companera-sentimental-en-estado-de-embarazo\/"]}]},{"@type":"ImageObject","inLanguage":"es-CO","@id":"https:\/\/www.fiscalia.gov.co\/colombia\/noticias\/detencion-carcelaria-para-hombre-que-habria-atentado-contra-la-vida-de-su-ex-companera-sentimental-en-estado-de-embarazo\/#primaryimage","url":"https:\/\/www.fiscalia.gov.co\/colombia\/wp-content\/uploads\/maxresdefault-236.jpg","contentUrl":"https:\/\/www.fiscalia.gov.co\/colombia\/wp-content\/uploads\/maxresdefault-236.jpg","width":1280,"height":720},{"@type":"BreadcrumbList","@id":"https:\/\/www.fiscalia.gov.co\/colombia\/noticias\/detencion-carcelaria-para-hombre-que-habria-atentado-contra-la-vida-de-su-ex-companera-sentimental-en-estado-de-embarazo\/#breadcrumb","itemListElement":[{"@type":"ListItem","position":1,"name":"Home","item":"https:\/\/www.fiscalia.gov.co\/colombia\/"},{"@type":"ListItem","position":2,"name":"Detenci\u00f3n carcelaria para hombre que habr\u00eda atentado contra la vida de su ex compa\u00f1era sentimental en estado de embarazo"}]},{"@type":"WebSite","@id":"https:\/\/www.fiscalia.gov.co\/colombia\/#website","url":"https:\/\/www.fiscalia.gov.co\/colombia\/","name":"Fiscal\u00eda General de la Naci\u00f3n","description":"P\u00e1gina oficial de la Fiscal\u00eda General de la Naci\u00f3n \u2013 Colombia. Garantizamos el acceso efectivo a la justicia, la verdad y la reparaci\u00f3n de las v\u00edctimas de los delitos.","publisher":{"@id":"https:\/\/www.fiscalia.gov.co\/colombia\/#organization"},"potentialAction":[{"@type":"SearchAction","target":{"@type":"EntryPoint","urlTemplate":"https:\/\/www.fiscalia.gov.co\/colombia\/?s={search_term_string}"},"query-input":{"@type":"PropertyValueSpecification","valueRequired":true,"valueName":"search_term_string"}}],"inLanguage":"es-CO"},{"@type":"Organization","@id":"https:\/\/www.fiscalia.gov.co\/colombia\/#organization","name":"Fiscal\u00eda General de la Naci\u00f3n","url":"https:\/\/www.fiscalia.gov.co\/colombia\/","logo":{"@type":"ImageObject","inLanguage":"es-CO","@id":"https:\/\/www.fiscalia.gov.co\/colombia\/#\/schema\/logo\/image\/","url":"https:\/\/www.fiscalia.gov.co\/colombia\/wp-content\/uploads\/LogoHorizontal_1.jpg","contentUrl":"https:\/\/www.fiscalia.gov.co\/colombia\/wp-content\/uploads\/LogoHorizontal_1.jpg","width":300,"height":90,"caption":"Fiscal\u00eda General de la Naci\u00f3n"},"image":{"@id":"https:\/\/www.fiscalia.gov.co\/colombia\/#\/schema\/logo\/image\/"},"sameAs":["https:\/\/www.facebook.com\/FiscaliaCol","https:\/\/x.com\/FiscaliaCol","https:\/\/www.instagram.com\/fiscaliacol","https:\/\/www.linkedin.com\/company\/fiscalia-general-de-la-naci-n\/","https:\/\/youtube.com\/@fiscaliageneraldelanacion-4668?si=6nN79nyQICPU5iTh"]},{"@type":"Person","@id":"https:\/\/www.fiscalia.gov.co\/colombia\/#\/schema\/person\/b19b49f26569f91393176a2b3d13a0e5","name":"Johanna Black Prieto Pe\u00f1a","image":{"@type":"ImageObject","inLanguage":"es-CO","@id":"https:\/\/www.fiscalia.gov.co\/colombia\/#\/schema\/person\/image\/","url":"https:\/\/secure.gravatar.com\/avatar\/7f04518e1774335e76d761d76f04003e?s=96&d=mm&r=g","contentUrl":"https:\/\/secure.gravatar.com\/avatar\/7f04518e1774335e76d761d76f04003e?s=96&d=mm&r=g","caption":"Johanna Black Prieto Pe\u00f1a"},"url":"https:\/\/www.fiscalia.gov.co\/colombia\/author\/jprieto\/"}]}},"_links":{"self":[{"href":"https:\/\/www.fiscalia.gov.co\/colombia\/wp-json\/wp\/v2\/posts\/235684","targetHints":{"allow":["GET"]}}],"collection":[{"href":"https:\/\/www.fiscalia.gov.co\/colombia\/wp-json\/wp\/v2\/posts"}],"about":[{"href":"https:\/\/www.fiscalia.gov.co\/colombia\/wp-json\/wp\/v2\/types\/post"}],"author":[{"embeddable":true,"href":"https:\/\/www.fiscalia.gov.co\/colombia\/wp-json\/wp\/v2\/users\/176"}],"replies":[{"embeddable":true,"href":"https:\/\/www.fiscalia.gov.co\/colombia\/wp-json\/wp\/v2\/comments?post=235684"}],"version-history":[{"count":1,"href":"https:\/\/www.fiscalia.gov.co\/colombia\/wp-json\/wp\/v2\/posts\/235684\/revisions"}],"predecessor-version":[{"id":235686,"href":"https:\/\/www.fiscalia.gov.co\/colombia\/wp-json\/wp\/v2\/posts\/235684\/revisions\/235686"}],"wp:featuredmedia":[{"embeddable":true,"href":"https:\/\/www.fiscalia.gov.co\/colombia\/wp-json\/wp\/v2\/media\/236546"}],"wp:attachment":[{"href":"https:\/\/www.fiscalia.gov.co\/colombia\/wp-json\/wp\/v2\/media?parent=235684"}],"wp:term":[{"taxonomy":"category","embeddable":true,"href":"https:\/\/www.fiscalia.gov.co\/colombia\/wp-json\/wp\/v2\/categories?post=235684"},{"taxonomy":"post_tag","embeddable":true,"href":"https:\/\/www.fiscalia.gov.co\/colombia\/wp-json\/wp\/v2\/tags?post=235684"}],"curies":[{"name":"wp","href":"https:\/\/api.w.org\/{rel}","templated":true}]}}