{"id":235489,"date":"2021-11-24T11:06:54","date_gmt":"2021-11-24T16:06:54","guid":{"rendered":"https:\/\/www.fiscalia.gov.co\/colombia\/?p=235489"},"modified":"2021-11-24T11:06:54","modified_gmt":"2021-11-24T16:06:54","slug":"la-fiscalia-en-cordoba-avanza-en-el-esclarecimiento-de-delitos-y-acerca-la-justicia-a-la-ciudadania","status":"publish","type":"post","link":"https:\/\/www.fiscalia.gov.co\/colombia\/noticias\/la-fiscalia-en-cordoba-avanza-en-el-esclarecimiento-de-delitos-y-acerca-la-justicia-a-la-ciudadania\/","title":{"rendered":"La Fiscal\u00eda en C\u00f3rdoba avanza en el esclarecimiento de delitos y acerca la justicia a la ciudadan\u00eda"},"content":{"rendered":"<p style=\"font-weight: 400;\">La Ruta de Esclarecimiento Itinerante, los\u00a0Puntos de Atenci\u00f3n de la Fiscal\u00eda (PAF) y la presencia de Futuro Colombia en C\u00f3rdoba, como en el resto del pa\u00eds, ha permitido acercar la justicia a los ciudadanos en la calle y en los territorios.<\/p>\n<figure id=\"attachment_235490\" aria-describedby=\"caption-attachment-235490\" style=\"width: 1280px\" class=\"wp-caption alignnone\"><img loading=\"lazy\" decoding=\"async\" class=\"size-full wp-image-235490\" src=\"https:\/\/www.fiscalia.gov.co\/colombia\/wp-content\/uploads\/Fotos-bolet\u00edn-24-noviembre-rueda-de-prensa.jpg\" alt=\"\" width=\"1280\" height=\"960\" srcset=\"https:\/\/www.fiscalia.gov.co\/colombia\/wp-content\/uploads\/Fotos-bolet\u00edn-24-noviembre-rueda-de-prensa.jpg 1280w, https:\/\/www.fiscalia.gov.co\/colombia\/wp-content\/uploads\/Fotos-bolet\u00edn-24-noviembre-rueda-de-prensa-300x225.jpg 300w, https:\/\/www.fiscalia.gov.co\/colombia\/wp-content\/uploads\/Fotos-bolet\u00edn-24-noviembre-rueda-de-prensa-1024x768.jpg 1024w, https:\/\/www.fiscalia.gov.co\/colombia\/wp-content\/uploads\/Fotos-bolet\u00edn-24-noviembre-rueda-de-prensa-768x576.jpg 768w, https:\/\/www.fiscalia.gov.co\/colombia\/wp-content\/uploads\/Fotos-bolet\u00edn-24-noviembre-rueda-de-prensa-696x522.jpg 696w, https:\/\/www.fiscalia.gov.co\/colombia\/wp-content\/uploads\/Fotos-bolet\u00edn-24-noviembre-rueda-de-prensa-1068x801.jpg 1068w, https:\/\/www.fiscalia.gov.co\/colombia\/wp-content\/uploads\/Fotos-bolet\u00edn-24-noviembre-rueda-de-prensa-560x420.jpg 560w, https:\/\/www.fiscalia.gov.co\/colombia\/wp-content\/uploads\/Fotos-bolet\u00edn-24-noviembre-rueda-de-prensa-80x60.jpg 80w, https:\/\/www.fiscalia.gov.co\/colombia\/wp-content\/uploads\/Fotos-bolet\u00edn-24-noviembre-rueda-de-prensa-265x198.jpg 265w\" sizes=\"auto, (max-width: 1280px) 100vw, 1280px\" \/><figcaption id=\"caption-attachment-235490\" class=\"wp-caption-text\">La directora seccional de Fiscal\u00eda en C\u00f3rdoba, Cindy Vargas socializ\u00f3 resultados de esclarecimientos de delitos a medios de comunicaci\u00f3n del departamento.<\/figcaption><\/figure>\n<p style=\"font-weight: 400;\">En C\u00f3rdoba la Ruta\u00a0de Esclarecimiento Itinerante\u00a0ha estado presente en los municipios de Chin\u00fa, Sahag\u00fan, Tierra Alta, Planeta Rica, L\u00f3rica, Mo\u00f1ito, San Antero, Montel\u00edbano, Ci\u00e9naga de Oro, Ceret\u00e9, Canalete Puerto Escondido, Los C\u00f3rdobas, Pur\u00edsima, San Andr\u00e9s de Sotavento, Tuch\u00edn, San Pelayo, San Antero y Monter\u00eda.<\/p>\n<p style=\"font-weight: 400;\">Las cifras hablan por s\u00ed solas. La implementaci\u00f3n de esta estrategia ha permitido que la totalidad de los feminicidio ocurridos en 2021 hayan sido esclarecidos. Los buenos resultados tambi\u00e9n se han presentado de cara al delito de homicidio doloso cuyos niveles de esclarecimiento hoy est\u00e1n en 32,11 por ciento, superando por el 18% que registrado en 2019.<\/p>\n<p style=\"font-weight: 400;\">En cuando a delitos sexuales el 2021 cerrar\u00e1 con un nivel de esclarecimiento superior al 13,21%. Los casos por violencia intrafamiliar terminar el presente a\u00f1o en niveles cercanos al 30%, superando el 12,10% con que cerr\u00f3 el 2019.<\/p>\n<p style=\"font-weight: 400;\"><strong>Puntos de Atenci\u00f3n de Fiscal\u00edas<\/strong><\/p>\n<p style=\"font-weight: 400;\">Con el \u00e1nimo de acercar la justicia a los ciudadanos, objetivo trazado por el Fiscal General de la Naci\u00f3n, Francisco Barbosa Delgado, el pasado 12 de noviembre la Fiscal\u00eda y 10 alcaldes municipales de C\u00f3rdoba firmaron un memorando de entendimiento para la puesta en funcionamiento de los Puntos de Atenci\u00f3n de Fiscal\u00edas (PAF).<\/p>\n<p style=\"font-weight: 400;\">Los PAF estar\u00e1n ubicados en las poblaciones de\u00a0Puerto Escondido, Cotorra, San Bernardo del Viento, Canalete, Valencia, Pueblo Nuevo, Chim\u00e1, San Pelayo, San Carlos y San Andr\u00e9s de Sotavento y contar\u00e1n con la presencia de un abogado o estudiante de \u00faltimo a\u00f1o de derecho, quien se encargar\u00e1 orientar a las personas en sus denuncias, peticiones, quejas o reclamos.<\/p>\n<p style=\"font-weight: 400;\">El programa de prevenci\u00f3n de la Fiscal\u00eda General \u2018Futuro Colombia\u2019, estuvo en diferentes poblaciones para hablar con ni\u00f1os, ni\u00f1as y adolescentes con el \u00e1nimo de prevenir la comisi\u00f3n de delitos y fomentar una cultura de legalidad.<\/p>\n<p style=\"font-weight: 400;\">La Seccional C\u00f3rdoba de la Fiscal\u00eda General de la Naci\u00f3n ratifica\u00a0 su compromiso institucional de garantizar el acceso a la justicia, combatir las distintas modalidades de criminalidad y garantizar la seguridad de los ciudadanos.<\/p>\n<p style=\"font-weight: 400;\">La Fiscal\u00eda General de la Naci\u00f3n le habla a los cordobeses con resultados.<\/p>\n<p style=\"font-weight: 400;\">MEVA\/MAGA\/CV<\/p>\n<p style=\"font-weight: 400;\">\n<p style=\"font-weight: 400;\"><em>La informaci\u00f3n contenida en este bolet\u00edn de prensa corresponde a la narraci\u00f3n de los hechos noticiosos objetivos, suministrados por los funcionarios encargados de adelantar las investigaciones penales al interior de la Fiscal\u00eda General de la Naci\u00f3n. Para el momento de la divulgaci\u00f3n de este comunicado, la situaci\u00f3n jur\u00eddica de la(s) persona(s) relacionada(s) se encuentra pendiente de resolver por la autoridad judicial competente, siempre bajo los preceptos de la presunci\u00f3n de inocencia, consagrados en el art\u00edculo 29 de la Constituci\u00f3n Pol\u00edtica y el art\u00edculo 7\u00ba de la Ley 906 de 2004.<\/em><\/p>\n<p style=\"font-weight: 400;\"><em><strong>Le puede interesar:<\/strong><\/em><\/p>\n<p style=\"font-weight: 400;\"><a href=\"https:\/\/www.fiscalia.gov.co\/colombia\/noticias\/fiscal-general-francisco-barbosa-instalo-ruta-de-esclarecimiento-itinerante-en-narino\/\" data-saferedirecturl=\"https:\/\/www.google.com\/url?q=https:\/\/www.fiscalia.gov.co\/colombia\/noticias\/fiscal-general-francisco-barbosa-instalo-ruta-de-esclarecimiento-itinerante-en-narino\/&amp;source=gmail&amp;ust=1637856045661000&amp;usg=AOvVaw1zEbCNqYvefi4yKH20yCEn\">Fiscal General, Francisco Barbosa, instal\u00f3 Ruta de Esclarecimiento Itinerante en Nari\u00f1o<\/a><\/p>\n<p style=\"font-weight: 400;\"><a href=\"https:\/\/www.fiscalia.gov.co\/colombia\/noticias\/narino-proxima-parada-de-la-ruta-de-esclarecimiento-itinerante-de-la-fiscalia\/\" data-saferedirecturl=\"https:\/\/www.google.com\/url?q=https:\/\/www.fiscalia.gov.co\/colombia\/noticias\/narino-proxima-parada-de-la-ruta-de-esclarecimiento-itinerante-de-la-fiscalia\/&amp;source=gmail&amp;ust=1637856045661000&amp;usg=AOvVaw19_ts-fn0QYN2CSxq189lR\">Nari\u00f1o, pr\u00f3xima parada de la Ruta de Esclarecimiento Itinerante de la Fiscal\u00eda<\/a><\/p>\n<p style=\"font-weight: 400;\">\n\n<div class=\"twitter-share\"><a href=\"https:\/\/twitter.com\/intent\/tweet?via=fiscaliacol\" class=\"twitter-share-button\">Tweet<\/a><\/div>\n","protected":false},"excerpt":{"rendered":"<p>La Ruta de Esclarecimiento Itinerante, los\u00a0Puntos de Atenci\u00f3n de la Fiscal\u00eda (PAF) y la presencia de Futuro Colombia en C\u00f3rdoba, como en el resto del pa\u00eds, ha permitido acercar la justicia a los ciudadanos en la calle y en los territorios. En C\u00f3rdoba la Ruta\u00a0de Esclarecimiento Itinerante\u00a0ha estado presente en los municipios de Chin\u00fa, Sahag\u00fan, [&hellip;]<\/p>\n","protected":false},"author":176,"featured_media":0,"comment_status":"closed","ping_status":"open","sticky":false,"template":"","format":"standard","meta":{"tdm_status":"","tdm_grid_status":"","footnotes":""},"categories":[1,332,303],"tags":[13193,13531,24186,24187,1047,8446],"class_list":{"0":"post-235489","1":"post","2":"type-post","3":"status-publish","4":"format-standard","6":"category-noticias","7":"category-seccional-monteria","8":"category-seccionales","9":"tag-avances","10":"tag-cordoba","11":"tag-esclarecimiento","12":"tag-fiscalia-colombia","13":"tag-fiscalia-general-de-la-nacion","14":"tag-resultados"},"yoast_head":"<!-- This site is optimized with the Yoast SEO plugin v24.3 - https:\/\/yoast.com\/wordpress\/plugins\/seo\/ -->\n<title>Fiscal\u00eda General de la Naci\u00f3n<\/title>\n<meta name=\"description\" content=\"P\u00e1gina oficial de la Fiscal\u00eda General de la Naci\u00f3n \u2013 Colombia. Garantizamos el acceso efectivo a la justicia, la verdad y la reparaci\u00f3n de las v\u00edctimas de los delitos.\" \/>\n<meta name=\"robots\" content=\"noindex, follow\" \/>\n<meta property=\"og:locale\" content=\"es_ES\" \/>\n<meta property=\"og:type\" content=\"article\" \/>\n<meta property=\"og:title\" content=\"Fiscal\u00eda General de la Naci\u00f3n\" \/>\n<meta property=\"og:description\" content=\"P\u00e1gina oficial de la Fiscal\u00eda General de la Naci\u00f3n \u2013 Colombia. Garantizamos el acceso efectivo a la justicia, la verdad y la reparaci\u00f3n de las v\u00edctimas de los delitos.\" \/>\n<meta property=\"og:url\" content=\"https:\/\/www.fiscalia.gov.co\/colombia\/noticias\/la-fiscalia-en-cordoba-avanza-en-el-esclarecimiento-de-delitos-y-acerca-la-justicia-a-la-ciudadania\/\" \/>\n<meta property=\"og:site_name\" content=\"Fiscal\u00eda General de la Naci\u00f3n\" \/>\n<meta property=\"article:publisher\" content=\"https:\/\/www.facebook.com\/FiscaliaCol\" \/>\n<meta property=\"article:published_time\" content=\"2021-11-24T16:06:54+00:00\" \/>\n<meta name=\"author\" content=\"Johanna Black Prieto Pe\u00f1a\" \/>\n<meta name=\"twitter:card\" content=\"summary_large_image\" \/>\n<meta name=\"twitter:creator\" content=\"@FiscaliaCol\" \/>\n<meta name=\"twitter:site\" content=\"@FiscaliaCol\" \/>\n<meta name=\"twitter:label1\" content=\"Escrito por\" \/>\n\t<meta name=\"twitter:data1\" content=\"Johanna Black Prieto Pe\u00f1a\" \/>\n\t<meta name=\"twitter:label2\" content=\"Tiempo de lectura\" \/>\n\t<meta name=\"twitter:data2\" content=\"3 minutos\" \/>\n<script type=\"application\/ld+json\" class=\"yoast-schema-graph\">{\"@context\":\"https:\/\/schema.org\",\"@graph\":[{\"@type\":\"Article\",\"@id\":\"https:\/\/www.fiscalia.gov.co\/colombia\/noticias\/la-fiscalia-en-cordoba-avanza-en-el-esclarecimiento-de-delitos-y-acerca-la-justicia-a-la-ciudadania\/#article\",\"isPartOf\":{\"@id\":\"https:\/\/www.fiscalia.gov.co\/colombia\/noticias\/la-fiscalia-en-cordoba-avanza-en-el-esclarecimiento-de-delitos-y-acerca-la-justicia-a-la-ciudadania\/\"},\"author\":{\"name\":\"Johanna Black Prieto Pe\u00f1a\",\"@id\":\"https:\/\/www.fiscalia.gov.co\/colombia\/#\/schema\/person\/b19b49f26569f91393176a2b3d13a0e5\"},\"headline\":\"La Fiscal\u00eda en C\u00f3rdoba avanza en el esclarecimiento de delitos y acerca la justicia a la ciudadan\u00eda\",\"datePublished\":\"2021-11-24T16:06:54+00:00\",\"dateModified\":\"2021-11-24T16:06:54+00:00\",\"mainEntityOfPage\":{\"@id\":\"https:\/\/www.fiscalia.gov.co\/colombia\/noticias\/la-fiscalia-en-cordoba-avanza-en-el-esclarecimiento-de-delitos-y-acerca-la-justicia-a-la-ciudadania\/\"},\"wordCount\":597,\"publisher\":{\"@id\":\"https:\/\/www.fiscalia.gov.co\/colombia\/#organization\"},\"keywords\":[\"Avances\",\"C\u00f3rdoba\",\"Esclarecimiento\",\"Fiscal\u00eda Colombia\",\"Fiscal\u00eda General de la Naci\u00f3n\",\"Resultados\"],\"articleSection\":[\"Noticias\",\"Seccional Monter\u00eda\",\"Seccionales\"],\"inLanguage\":\"es-CO\"},{\"@type\":\"WebPage\",\"@id\":\"https:\/\/www.fiscalia.gov.co\/colombia\/noticias\/la-fiscalia-en-cordoba-avanza-en-el-esclarecimiento-de-delitos-y-acerca-la-justicia-a-la-ciudadania\/\",\"url\":\"https:\/\/www.fiscalia.gov.co\/colombia\/noticias\/la-fiscalia-en-cordoba-avanza-en-el-esclarecimiento-de-delitos-y-acerca-la-justicia-a-la-ciudadania\/\",\"name\":\"Fiscal\u00eda General de la Naci\u00f3n\",\"isPartOf\":{\"@id\":\"https:\/\/www.fiscalia.gov.co\/colombia\/#website\"},\"datePublished\":\"2021-11-24T16:06:54+00:00\",\"dateModified\":\"2021-11-24T16:06:54+00:00\",\"description\":\"P\u00e1gina oficial de la Fiscal\u00eda General de la Naci\u00f3n \u2013 Colombia. Garantizamos el acceso efectivo a la justicia, la verdad y la reparaci\u00f3n de las v\u00edctimas de los delitos.\",\"breadcrumb\":{\"@id\":\"https:\/\/www.fiscalia.gov.co\/colombia\/noticias\/la-fiscalia-en-cordoba-avanza-en-el-esclarecimiento-de-delitos-y-acerca-la-justicia-a-la-ciudadania\/#breadcrumb\"},\"inLanguage\":\"es-CO\",\"potentialAction\":[{\"@type\":\"ReadAction\",\"target\":[\"https:\/\/www.fiscalia.gov.co\/colombia\/noticias\/la-fiscalia-en-cordoba-avanza-en-el-esclarecimiento-de-delitos-y-acerca-la-justicia-a-la-ciudadania\/\"]}]},{\"@type\":\"BreadcrumbList\",\"@id\":\"https:\/\/www.fiscalia.gov.co\/colombia\/noticias\/la-fiscalia-en-cordoba-avanza-en-el-esclarecimiento-de-delitos-y-acerca-la-justicia-a-la-ciudadania\/#breadcrumb\",\"itemListElement\":[{\"@type\":\"ListItem\",\"position\":1,\"name\":\"Home\",\"item\":\"https:\/\/www.fiscalia.gov.co\/colombia\/\"},{\"@type\":\"ListItem\",\"position\":2,\"name\":\"La Fiscal\u00eda en C\u00f3rdoba avanza en el esclarecimiento de delitos y acerca la justicia a la ciudadan\u00eda\"}]},{\"@type\":\"WebSite\",\"@id\":\"https:\/\/www.fiscalia.gov.co\/colombia\/#website\",\"url\":\"https:\/\/www.fiscalia.gov.co\/colombia\/\",\"name\":\"Fiscal\u00eda General de la Naci\u00f3n\",\"description\":\"P\u00e1gina oficial de la Fiscal\u00eda General de la Naci\u00f3n \u2013 Colombia. Garantizamos el acceso efectivo a la justicia, la verdad y la reparaci\u00f3n de las v\u00edctimas de los delitos.\",\"publisher\":{\"@id\":\"https:\/\/www.fiscalia.gov.co\/colombia\/#organization\"},\"potentialAction\":[{\"@type\":\"SearchAction\",\"target\":{\"@type\":\"EntryPoint\",\"urlTemplate\":\"https:\/\/www.fiscalia.gov.co\/colombia\/?s={search_term_string}\"},\"query-input\":{\"@type\":\"PropertyValueSpecification\",\"valueRequired\":true,\"valueName\":\"search_term_string\"}}],\"inLanguage\":\"es-CO\"},{\"@type\":\"Organization\",\"@id\":\"https:\/\/www.fiscalia.gov.co\/colombia\/#organization\",\"name\":\"Fiscal\u00eda General de la Naci\u00f3n\",\"url\":\"https:\/\/www.fiscalia.gov.co\/colombia\/\",\"logo\":{\"@type\":\"ImageObject\",\"inLanguage\":\"es-CO\",\"@id\":\"https:\/\/www.fiscalia.gov.co\/colombia\/#\/schema\/logo\/image\/\",\"url\":\"https:\/\/www.fiscalia.gov.co\/colombia\/wp-content\/uploads\/LogoHorizontal_1.jpg\",\"contentUrl\":\"https:\/\/www.fiscalia.gov.co\/colombia\/wp-content\/uploads\/LogoHorizontal_1.jpg\",\"width\":300,\"height\":90,\"caption\":\"Fiscal\u00eda General de la Naci\u00f3n\"},\"image\":{\"@id\":\"https:\/\/www.fiscalia.gov.co\/colombia\/#\/schema\/logo\/image\/\"},\"sameAs\":[\"https:\/\/www.facebook.com\/FiscaliaCol\",\"https:\/\/x.com\/FiscaliaCol\",\"https:\/\/www.instagram.com\/fiscaliacol\",\"https:\/\/www.linkedin.com\/company\/fiscalia-general-de-la-naci-n\/\",\"https:\/\/youtube.com\/@fiscaliageneraldelanacion-4668?si=6nN79nyQICPU5iTh\"]},{\"@type\":\"Person\",\"@id\":\"https:\/\/www.fiscalia.gov.co\/colombia\/#\/schema\/person\/b19b49f26569f91393176a2b3d13a0e5\",\"name\":\"Johanna Black Prieto Pe\u00f1a\",\"image\":{\"@type\":\"ImageObject\",\"inLanguage\":\"es-CO\",\"@id\":\"https:\/\/www.fiscalia.gov.co\/colombia\/#\/schema\/person\/image\/\",\"url\":\"https:\/\/secure.gravatar.com\/avatar\/7f04518e1774335e76d761d76f04003e?s=96&d=mm&r=g\",\"contentUrl\":\"https:\/\/secure.gravatar.com\/avatar\/7f04518e1774335e76d761d76f04003e?s=96&d=mm&r=g\",\"caption\":\"Johanna Black Prieto Pe\u00f1a\"},\"url\":\"https:\/\/www.fiscalia.gov.co\/colombia\/author\/jprieto\/\"}]}<\/script>\n<!-- \/ Yoast SEO plugin. -->","yoast_head_json":{"title":"Fiscal\u00eda General de la Naci\u00f3n","description":"P\u00e1gina oficial de la Fiscal\u00eda General de la Naci\u00f3n \u2013 Colombia. Garantizamos el acceso efectivo a la justicia, la verdad y la reparaci\u00f3n de las v\u00edctimas de los delitos.","robots":{"index":"noindex","follow":"follow"},"og_locale":"es_ES","og_type":"article","og_title":"Fiscal\u00eda General de la Naci\u00f3n","og_description":"P\u00e1gina oficial de la Fiscal\u00eda General de la Naci\u00f3n \u2013 Colombia. Garantizamos el acceso efectivo a la justicia, la verdad y la reparaci\u00f3n de las v\u00edctimas de los delitos.","og_url":"https:\/\/www.fiscalia.gov.co\/colombia\/noticias\/la-fiscalia-en-cordoba-avanza-en-el-esclarecimiento-de-delitos-y-acerca-la-justicia-a-la-ciudadania\/","og_site_name":"Fiscal\u00eda General de la Naci\u00f3n","article_publisher":"https:\/\/www.facebook.com\/FiscaliaCol","article_published_time":"2021-11-24T16:06:54+00:00","author":"Johanna Black Prieto Pe\u00f1a","twitter_card":"summary_large_image","twitter_creator":"@FiscaliaCol","twitter_site":"@FiscaliaCol","twitter_misc":{"Escrito por":"Johanna Black Prieto Pe\u00f1a","Tiempo de lectura":"3 minutos"},"schema":{"@context":"https:\/\/schema.org","@graph":[{"@type":"Article","@id":"https:\/\/www.fiscalia.gov.co\/colombia\/noticias\/la-fiscalia-en-cordoba-avanza-en-el-esclarecimiento-de-delitos-y-acerca-la-justicia-a-la-ciudadania\/#article","isPartOf":{"@id":"https:\/\/www.fiscalia.gov.co\/colombia\/noticias\/la-fiscalia-en-cordoba-avanza-en-el-esclarecimiento-de-delitos-y-acerca-la-justicia-a-la-ciudadania\/"},"author":{"name":"Johanna Black Prieto Pe\u00f1a","@id":"https:\/\/www.fiscalia.gov.co\/colombia\/#\/schema\/person\/b19b49f26569f91393176a2b3d13a0e5"},"headline":"La Fiscal\u00eda en C\u00f3rdoba avanza en el esclarecimiento de delitos y acerca la justicia a la ciudadan\u00eda","datePublished":"2021-11-24T16:06:54+00:00","dateModified":"2021-11-24T16:06:54+00:00","mainEntityOfPage":{"@id":"https:\/\/www.fiscalia.gov.co\/colombia\/noticias\/la-fiscalia-en-cordoba-avanza-en-el-esclarecimiento-de-delitos-y-acerca-la-justicia-a-la-ciudadania\/"},"wordCount":597,"publisher":{"@id":"https:\/\/www.fiscalia.gov.co\/colombia\/#organization"},"keywords":["Avances","C\u00f3rdoba","Esclarecimiento","Fiscal\u00eda Colombia","Fiscal\u00eda General de la Naci\u00f3n","Resultados"],"articleSection":["Noticias","Seccional Monter\u00eda","Seccionales"],"inLanguage":"es-CO"},{"@type":"WebPage","@id":"https:\/\/www.fiscalia.gov.co\/colombia\/noticias\/la-fiscalia-en-cordoba-avanza-en-el-esclarecimiento-de-delitos-y-acerca-la-justicia-a-la-ciudadania\/","url":"https:\/\/www.fiscalia.gov.co\/colombia\/noticias\/la-fiscalia-en-cordoba-avanza-en-el-esclarecimiento-de-delitos-y-acerca-la-justicia-a-la-ciudadania\/","name":"Fiscal\u00eda General de la Naci\u00f3n","isPartOf":{"@id":"https:\/\/www.fiscalia.gov.co\/colombia\/#website"},"datePublished":"2021-11-24T16:06:54+00:00","dateModified":"2021-11-24T16:06:54+00:00","description":"P\u00e1gina oficial de la Fiscal\u00eda General de la Naci\u00f3n \u2013 Colombia. Garantizamos el acceso efectivo a la justicia, la verdad y la reparaci\u00f3n de las v\u00edctimas de los delitos.","breadcrumb":{"@id":"https:\/\/www.fiscalia.gov.co\/colombia\/noticias\/la-fiscalia-en-cordoba-avanza-en-el-esclarecimiento-de-delitos-y-acerca-la-justicia-a-la-ciudadania\/#breadcrumb"},"inLanguage":"es-CO","potentialAction":[{"@type":"ReadAction","target":["https:\/\/www.fiscalia.gov.co\/colombia\/noticias\/la-fiscalia-en-cordoba-avanza-en-el-esclarecimiento-de-delitos-y-acerca-la-justicia-a-la-ciudadania\/"]}]},{"@type":"BreadcrumbList","@id":"https:\/\/www.fiscalia.gov.co\/colombia\/noticias\/la-fiscalia-en-cordoba-avanza-en-el-esclarecimiento-de-delitos-y-acerca-la-justicia-a-la-ciudadania\/#breadcrumb","itemListElement":[{"@type":"ListItem","position":1,"name":"Home","item":"https:\/\/www.fiscalia.gov.co\/colombia\/"},{"@type":"ListItem","position":2,"name":"La Fiscal\u00eda en C\u00f3rdoba avanza en el esclarecimiento de delitos y acerca la justicia a la ciudadan\u00eda"}]},{"@type":"WebSite","@id":"https:\/\/www.fiscalia.gov.co\/colombia\/#website","url":"https:\/\/www.fiscalia.gov.co\/colombia\/","name":"Fiscal\u00eda General de la Naci\u00f3n","description":"P\u00e1gina oficial de la Fiscal\u00eda General de la Naci\u00f3n \u2013 Colombia. Garantizamos el acceso efectivo a la justicia, la verdad y la reparaci\u00f3n de las v\u00edctimas de los delitos.","publisher":{"@id":"https:\/\/www.fiscalia.gov.co\/colombia\/#organization"},"potentialAction":[{"@type":"SearchAction","target":{"@type":"EntryPoint","urlTemplate":"https:\/\/www.fiscalia.gov.co\/colombia\/?s={search_term_string}"},"query-input":{"@type":"PropertyValueSpecification","valueRequired":true,"valueName":"search_term_string"}}],"inLanguage":"es-CO"},{"@type":"Organization","@id":"https:\/\/www.fiscalia.gov.co\/colombia\/#organization","name":"Fiscal\u00eda General de la Naci\u00f3n","url":"https:\/\/www.fiscalia.gov.co\/colombia\/","logo":{"@type":"ImageObject","inLanguage":"es-CO","@id":"https:\/\/www.fiscalia.gov.co\/colombia\/#\/schema\/logo\/image\/","url":"https:\/\/www.fiscalia.gov.co\/colombia\/wp-content\/uploads\/LogoHorizontal_1.jpg","contentUrl":"https:\/\/www.fiscalia.gov.co\/colombia\/wp-content\/uploads\/LogoHorizontal_1.jpg","width":300,"height":90,"caption":"Fiscal\u00eda General de la Naci\u00f3n"},"image":{"@id":"https:\/\/www.fiscalia.gov.co\/colombia\/#\/schema\/logo\/image\/"},"sameAs":["https:\/\/www.facebook.com\/FiscaliaCol","https:\/\/x.com\/FiscaliaCol","https:\/\/www.instagram.com\/fiscaliacol","https:\/\/www.linkedin.com\/company\/fiscalia-general-de-la-naci-n\/","https:\/\/youtube.com\/@fiscaliageneraldelanacion-4668?si=6nN79nyQICPU5iTh"]},{"@type":"Person","@id":"https:\/\/www.fiscalia.gov.co\/colombia\/#\/schema\/person\/b19b49f26569f91393176a2b3d13a0e5","name":"Johanna Black Prieto Pe\u00f1a","image":{"@type":"ImageObject","inLanguage":"es-CO","@id":"https:\/\/www.fiscalia.gov.co\/colombia\/#\/schema\/person\/image\/","url":"https:\/\/secure.gravatar.com\/avatar\/7f04518e1774335e76d761d76f04003e?s=96&d=mm&r=g","contentUrl":"https:\/\/secure.gravatar.com\/avatar\/7f04518e1774335e76d761d76f04003e?s=96&d=mm&r=g","caption":"Johanna Black Prieto Pe\u00f1a"},"url":"https:\/\/www.fiscalia.gov.co\/colombia\/author\/jprieto\/"}]}},"_links":{"self":[{"href":"https:\/\/www.fiscalia.gov.co\/colombia\/wp-json\/wp\/v2\/posts\/235489","targetHints":{"allow":["GET"]}}],"collection":[{"href":"https:\/\/www.fiscalia.gov.co\/colombia\/wp-json\/wp\/v2\/posts"}],"about":[{"href":"https:\/\/www.fiscalia.gov.co\/colombia\/wp-json\/wp\/v2\/types\/post"}],"author":[{"embeddable":true,"href":"https:\/\/www.fiscalia.gov.co\/colombia\/wp-json\/wp\/v2\/users\/176"}],"replies":[{"embeddable":true,"href":"https:\/\/www.fiscalia.gov.co\/colombia\/wp-json\/wp\/v2\/comments?post=235489"}],"version-history":[{"count":1,"href":"https:\/\/www.fiscalia.gov.co\/colombia\/wp-json\/wp\/v2\/posts\/235489\/revisions"}],"predecessor-version":[{"id":235491,"href":"https:\/\/www.fiscalia.gov.co\/colombia\/wp-json\/wp\/v2\/posts\/235489\/revisions\/235491"}],"wp:attachment":[{"href":"https:\/\/www.fiscalia.gov.co\/colombia\/wp-json\/wp\/v2\/media?parent=235489"}],"wp:term":[{"taxonomy":"category","embeddable":true,"href":"https:\/\/www.fiscalia.gov.co\/colombia\/wp-json\/wp\/v2\/categories?post=235489"},{"taxonomy":"post_tag","embeddable":true,"href":"https:\/\/www.fiscalia.gov.co\/colombia\/wp-json\/wp\/v2\/tags?post=235489"}],"curies":[{"name":"wp","href":"https:\/\/api.w.org\/{rel}","templated":true}]}}