{"id":235423,"date":"2021-11-23T16:00:00","date_gmt":"2021-11-23T21:00:00","guid":{"rendered":"https:\/\/www.fiscalia.gov.co\/colombia\/?p=235423"},"modified":"2021-11-23T16:05:07","modified_gmt":"2021-11-23T21:05:07","slug":"fiscal-general-ratifica-compromiso-con-la-proteccion-de-las-comunidades-indigenas-y-el-esclarecimiento-de-los-delitos-que-las-afectan","status":"publish","type":"post","link":"https:\/\/www.fiscalia.gov.co\/colombia\/noticias\/fiscal-general-ratifica-compromiso-con-la-proteccion-de-las-comunidades-indigenas-y-el-esclarecimiento-de-los-delitos-que-las-afectan\/","title":{"rendered":"Fiscal General ratifica compromiso con la protecci\u00f3n de las comunidades ind\u00edgenas y el esclarecimiento de los delitos que las afectan"},"content":{"rendered":"<ul>\n<li>\n<h4><strong><em>Como parte de la Ruta de Esclarecimiento Itinerante que visita esta semana el departamento de Nari\u00f1o, el jefe del ente investigativo present\u00f3 un balance de la lucha contra organizaciones criminales como ELN, Clan del Golfo y disidencias con injerencia en este territorio, as\u00ed como grupos delincuenciales.<\/em><\/strong><\/h4>\n<\/li>\n<\/ul>\n<p>Ratificando su compromiso con las comunidades ind\u00edgenas, el Fiscal General de la Naci\u00f3n, Francisco Barbosa Delgado, firm\u00f3 una nueva directiva que establece lineamientos para la atenci\u00f3n diferencial y con enfoque \u00e9tnico a esta poblaci\u00f3n, por parte de los fiscales en todo el pa\u00eds, con el fin de implementar acciones que permitan esclarecer los delitos que la las afectan.<\/p>\n<p>Resaltando la diversidad \u00e9tnica del pa\u00eds, y especialmente en el departamento de Nari\u00f1o, este documento permitir\u00e1 a los funcionarios construir gu\u00edas de entendimiento y trabajo articulado, entre otros, \u00a0con cada comunidad de acuerdo a su cosmovisi\u00f3n y tradiciones ancestrales.<\/p>\n<p>\u201cLos fiscales delegados, los investigadores de polic\u00eda judicial y dem\u00e1s servidores de la entidad deben mantener un contacto constante con las autoridades tradicionales de las comunidades ind\u00edgenas, con el fin de coordinar aspectos relacionados con la determinaci\u00f3n de la competencia y el desarrollo de actividades investigativas en casos que involucren miembros de pueblos \u00e9tnicos de colombia y requieran de la participaci\u00f3n de integrantes de las comunidades e investigadores de polic\u00eda judicial\u201d, se\u00f1al\u00f3 el Fiscal General de la Naci\u00f3n, Francisco Barbosa Delgado.<\/p>\n<p>Esta hoja de ruta tambi\u00e9n permitir\u00e1 consolidar un canal arm\u00f3nico entre las dos jurisdicciones, basado en el reconocimiento, respeto y la protecci\u00f3n ind\u00edgena, que en esta regi\u00f3n est\u00e1 representada por siete comunidades asentadas: los Quillacinga, los Pastos, los Aw\u00e1, los Inga, los Eperara Siapidara, los Cof\u00e1n y los Nasa.<\/p>\n<p>\u201cNo existe una regla general que asigne la competencia a una u otra jurisdicci\u00f3n, ante el cumplimiento de uno o varios de los elementos que habilitan la competencia de la Jurisdicci\u00f3n Especial Ind\u00edgena de los cuales est\u00e1n orientados a maximizar el respeto de la autonom\u00eda de estos pueblos ancestrales, por esta raz\u00f3n los fiscales delegados deber\u00e1n\u00a0 resolver la jurisdicci\u00f3n competente en cada caso, teniendo en cuenta la especial cosmovisi\u00f3n de cada comunidad ind\u00edgena\u201d, recalc\u00f3 el jefe del ente investigador.<\/p>\n<p>Adem\u00e1s, da instrucciones precisas para que las decisiones que se tomen cuenten con un enfoque diferencial, que busque un equilibrio entre la protecci\u00f3n del debido proceso, los derechos de las v\u00edctimas, de la persona acusada y la integridad de la comunidad ind\u00edgena.<\/p>\n<p>Todo esto basado en un intercambio de saberes y apoyo entre jurisdicciones, para que los fiscales delegados e investigadores de polic\u00eda judicial, mantengan un contacto constante con las autoridades tradicionales de las comunidades ind\u00edgenas.<\/p>\n<p>Este anuncio fue hecho en el marco del Primer Foro de Intercambio de Saberes entre Jurisdicciones para el Abordaje de Violencia Sexual e Intrafamiliar, \u00a0que cont\u00f3 con la participaci\u00f3n de gobernadoras y consejeras ind\u00edgenas, as\u00ed como magistrados de la Corte Suprema de Justicia, Consejo Seccional de la Judicatura y Tribunal Superior de Pasto.<\/p>\n<p>\u201cMuchas gracias por visibilizarnos, con estos encuentros se van a dar cuenta que nosotros existimos, que nosotros conservamos nuestra lengua, usos, costumbres y estamos trabajando para seguir\u201d, destac\u00f3 Sandra Patricia Chasoy, liderada del pueblo Inga.<\/p>\n<p><strong><u>Lucha contra la criminalidad organizada <\/u><\/strong><strong><u>\u00a0<\/u><\/strong><\/p>\n<p>Como parte de este intercambio arm\u00f3nico entre las dos jurisdicciones, el Fiscal General de la Naci\u00f3n entreg\u00f3 un balance de las acciones adelantadas en este departamento, para combatir a las estructuras criminales con injerencia en la regi\u00f3n.<\/p>\n<p>Esto ha permitido\u00a0 impactar a grupos al margen de la ley como el ELN, Clan del Golfo y disidencias FARC,\u00a0 con la captura y judicializaci\u00f3n de 498 presuntos integrantes en lo corrido de 2021, de los cuales 464 recibieron medida de aseguramiento, con una tasa de efectividad del 93%.<\/p>\n<p>As\u00ed mismo, en materia de homicidios m\u00faltiples registrados en el departamento en 2021, se han esclarecido 7 \u00a0de los 8 casos conocidos, con un avance de esclarecimiento del 88,37%.<\/p>\n<p>Por otra parte en lo relacionado con homicidios dolosos se alcanz\u00f3 un avance de esclarecimiento del 40,37% en el sector urbano y 35,51% en el rural.<\/p>\n<p>En materia de narcotr\u00e1fico y microtr\u00e1fico se logr\u00f3 la afectaci\u00f3n de 18 estructuras, con 158 capturas, la incautaci\u00f3n de m\u00e1s de 54 toneladas de estupefacientes, 82 toneladas de insumos y 48 laboratorios destruidos.<\/p>\n<p><strong><u>Esclarecimiento de delitos contra mujeres<\/u><\/strong><\/p>\n<p>En el marco\u00a0 de la Ruta de Esclarecimiento Itinerante de la Mujer Ind\u00edgena y Rural que lleg\u00f3 al departamento, el Fiscal General de la Naci\u00f3n, visit\u00f3 tambi\u00e9n el municipio de Cuaspud- Carlosama, donde entreg\u00f3 un balance de las acciones del ente investigador para esclarecer \u00a0fen\u00f3menos de alto impacto como el feminicidio, los delitos sexuales y la violencia intrafamiliar.<\/p>\n<p>En materia de feminicidio se ha logrado un 100% de esclarecimiento de los 12 casos registrados entre 2020 y 2021.<\/p>\n<p>De otro lado, en delitos sexuales, se ha alcanzado un importante incremento en el \u00edndice de esclarecimiento, pasando del 7,6% en 2020 al 25.6% en 2021 y en violencia intrafamiliar, se pas\u00f3 del 12,7% al 33,3% en avance de esclarecimiento.<\/p>\n<p>Como resultado de esta estrategia diferencial para combatir estos delitos, fue enviado a la c\u00e1rcel Luber Jamilton Noguera Palacios, por su presunta responsabilidad en el abuso sexual de 14 mujeres en Pasto (Nari\u00f1o).<\/p>\n<p>De acuerdo con la investigaci\u00f3n, que se adelant\u00f3 a trav\u00e9s del sistema de inteligencia artificial Watson, el hombre al parecer utilizaba su trabajo como transportador informal para abordar mujeres, especialmente enfermeras y abogadas, para llevarlas a zonas despobladas y somerterlas a vej\u00e1menes sexuales y hurtarles sus pertenencias, bajo amenazas de muerte.<\/p>\n<p>La Fiscal\u00eda le imput\u00f3 al procesado los delitos de acceso carnal violento agravado, hurto calificado agravado, y fabricaci\u00f3n, tr\u00e1fico, y porte de armas de fuego, accesorios, partes y municiones.<\/p>\n<p><strong><u>Ruta de Esclarecimiento Itinerante por Nari\u00f1o<\/u><\/strong><\/p>\n<p>Con esta iniciativa de la Fiscal\u00eda General de la Naci\u00f3n se busca impulsar los casos priorizados de violencia intrafamiliar y sexual en este departamento, a trav\u00e9s de actividades investigativas que incluyen entrevistas a testigos, entrevistas forenses, traslados de escritos de acusaci\u00f3n, entre otras acciones que permitan esclarecer r\u00e1pidamente los hechos delictivos.<\/p>\n<p>Durante estos dos d\u00edas se han adelantando 120 actividades de esclarecimiento y avance de esclarecimiento y 134 acciones investigativas. Adem\u00e1s se han atendido a m\u00e1s de 700 personas durante las ferias de servicio del programa Futuro Colombia.<\/p>\n<p>La Ruta Itinerante que ha recorrido en este segundo semestre departamentos como Boyac\u00e1, Santander, Valle, Magdalena, Atl\u00e1ntico, Quind\u00edo, Risaralda, Cesar, Meta, San Andr\u00e9s y Bol\u00edvar, busca priorizar los delitos que m\u00e1s afectan a los ni\u00f1os, ni\u00f1as, adolescentes y mujeres.<\/p>\n<p>En desarrollo de esta estrategia se realiza de manera transversal una feria de servicios liderada por el Programa de Prevenci\u00f3n del delito Futuro Colombia, para orientar a la ciudadan\u00eda y gestionar acciones de protecci\u00f3n a las v\u00edctimas que lo requieran, con el acompa\u00f1amiento de Medicina Legal, Ministerio del Trabajo, Defensor\u00eda del Pueblo, ICBF, Polic\u00eda Nacional, Ej\u00e9rcito, Gaula Militar, Personer\u00eda, Migraci\u00f3n Colombia, Naciones Unidas, Alcald\u00edas Municipales y el Instituto Departamental de Salud de Nari\u00f1o.<\/p>\n<p>AMCJ\/DLBM\/MCRC\/LFOG\/<\/p>\n<p><strong>La Fiscal\u00eda habla con resultados<\/strong><\/p>\n\n<div class=\"twitter-share\"><a href=\"https:\/\/twitter.com\/intent\/tweet?via=fiscaliacol\" class=\"twitter-share-button\">Tweet<\/a><\/div>\n","protected":false},"excerpt":{"rendered":"<p>Como parte de la Ruta de Esclarecimiento Itinerante que visita esta semana el departamento de Nari\u00f1o, el jefe del ente investigativo present\u00f3 un balance de la lucha contra organizaciones criminales [&hellip;]<\/p>\n","protected":false},"author":176,"featured_media":235427,"comment_status":"closed","ping_status":"open","sticky":false,"template":"","format":"video","meta":{"tdm_status":"","tdm_grid_status":"","footnotes":""},"categories":[25128,24096,1,334,303],"tags":[24185,24188,24189,78,29631,29630],"class_list":["post-235423","post","type-post","status-publish","format-video","has-post-thumbnail","category-el-fiscal-en-los-territorios","category-fiscal-general-de-la-nacion","category-noticias","category-seccional-pasto","category-seccionales","tag-fiscal-barbosa","tag-fiscal-francisco-barbosa","tag-fiscal-francisco-barbosa-delgado","tag-fiscal-general-de-la-nacion","tag-indigenas-narino","tag-indigenas-pasto","post_format-post-format-video"],"yoast_head":"<!-- This site is optimized with the Yoast SEO plugin v24.3 - https:\/\/yoast.com\/wordpress\/plugins\/seo\/ -->\n<title>Fiscal\u00eda General de la Naci\u00f3n<\/title>\n<meta name=\"description\" content=\"P\u00e1gina oficial de la Fiscal\u00eda General de la Naci\u00f3n \u2013 Colombia. Garantizamos el acceso efectivo a la justicia, la verdad y la reparaci\u00f3n de las v\u00edctimas de los delitos.\" \/>\n<meta name=\"robots\" content=\"noindex, follow\" \/>\n<meta property=\"og:locale\" content=\"es_ES\" \/>\n<meta property=\"og:type\" content=\"article\" \/>\n<meta property=\"og:title\" content=\"Fiscal\u00eda General de la Naci\u00f3n\" \/>\n<meta property=\"og:description\" content=\"P\u00e1gina oficial de la Fiscal\u00eda General de la Naci\u00f3n \u2013 Colombia. Garantizamos el acceso efectivo a la justicia, la verdad y la reparaci\u00f3n de las v\u00edctimas de los delitos.\" \/>\n<meta property=\"og:url\" content=\"https:\/\/www.fiscalia.gov.co\/colombia\/noticias\/fiscal-general-ratifica-compromiso-con-la-proteccion-de-las-comunidades-indigenas-y-el-esclarecimiento-de-los-delitos-que-las-afectan\/\" \/>\n<meta property=\"og:site_name\" content=\"Fiscal\u00eda General de la Naci\u00f3n\" \/>\n<meta property=\"article:publisher\" content=\"https:\/\/www.facebook.com\/FiscaliaCol\" \/>\n<meta property=\"article:published_time\" content=\"2021-11-23T21:00:00+00:00\" \/>\n<meta property=\"article:modified_time\" content=\"2021-11-23T21:05:07+00:00\" \/>\n<meta property=\"og:image\" content=\"https:\/\/www.fiscalia.gov.co\/colombia\/wp-content\/uploads\/maxresdefault-196.jpg\" \/>\n\t<meta property=\"og:image:width\" content=\"1280\" \/>\n\t<meta property=\"og:image:height\" content=\"720\" \/>\n\t<meta property=\"og:image:type\" content=\"image\/jpeg\" \/>\n<meta name=\"author\" content=\"Johanna Black Prieto Pe\u00f1a\" \/>\n<meta name=\"twitter:card\" content=\"summary_large_image\" \/>\n<meta name=\"twitter:creator\" content=\"@FiscaliaCol\" \/>\n<meta name=\"twitter:site\" content=\"@FiscaliaCol\" \/>\n<meta name=\"twitter:label1\" content=\"Escrito por\" \/>\n\t<meta name=\"twitter:data1\" content=\"Johanna Black Prieto Pe\u00f1a\" \/>\n\t<meta name=\"twitter:label2\" content=\"Tiempo de lectura\" \/>\n\t<meta name=\"twitter:data2\" content=\"6 minutos\" \/>\n<script type=\"application\/ld+json\" class=\"yoast-schema-graph\">{\"@context\":\"https:\/\/schema.org\",\"@graph\":[{\"@type\":\"Article\",\"@id\":\"https:\/\/www.fiscalia.gov.co\/colombia\/noticias\/fiscal-general-ratifica-compromiso-con-la-proteccion-de-las-comunidades-indigenas-y-el-esclarecimiento-de-los-delitos-que-las-afectan\/#article\",\"isPartOf\":{\"@id\":\"https:\/\/www.fiscalia.gov.co\/colombia\/noticias\/fiscal-general-ratifica-compromiso-con-la-proteccion-de-las-comunidades-indigenas-y-el-esclarecimiento-de-los-delitos-que-las-afectan\/\"},\"author\":{\"name\":\"Johanna Black Prieto Pe\u00f1a\",\"@id\":\"https:\/\/www.fiscalia.gov.co\/colombia\/#\/schema\/person\/b19b49f26569f91393176a2b3d13a0e5\"},\"headline\":\"Fiscal General ratifica compromiso con la protecci\u00f3n de las comunidades ind\u00edgenas y el esclarecimiento de los delitos que las afectan\",\"datePublished\":\"2021-11-23T21:00:00+00:00\",\"dateModified\":\"2021-11-23T21:05:07+00:00\",\"mainEntityOfPage\":{\"@id\":\"https:\/\/www.fiscalia.gov.co\/colombia\/noticias\/fiscal-general-ratifica-compromiso-con-la-proteccion-de-las-comunidades-indigenas-y-el-esclarecimiento-de-los-delitos-que-las-afectan\/\"},\"wordCount\":1232,\"publisher\":{\"@id\":\"https:\/\/www.fiscalia.gov.co\/colombia\/#organization\"},\"image\":{\"@id\":\"https:\/\/www.fiscalia.gov.co\/colombia\/noticias\/fiscal-general-ratifica-compromiso-con-la-proteccion-de-las-comunidades-indigenas-y-el-esclarecimiento-de-los-delitos-que-las-afectan\/#primaryimage\"},\"thumbnailUrl\":\"https:\/\/www.fiscalia.gov.co\/colombia\/wp-content\/uploads\/maxresdefault-196.jpg\",\"keywords\":[\"Fiscal Barbosa\",\"Fiscal Francisco Barbosa\",\"Fiscal Francisco Barbosa Delgado\",\"Fiscal General de la Naci\u00f3n\",\"Ind\u00edgenas Nari\u00f1o\",\"Ind\u00edgenas pasto\"],\"articleSection\":[\"El Fiscal en los territorios\",\"Fiscal General de la Naci\u00f3n\",\"Noticias\",\"Seccional Pasto\",\"Seccionales\"],\"inLanguage\":\"es-CO\"},{\"@type\":\"WebPage\",\"@id\":\"https:\/\/www.fiscalia.gov.co\/colombia\/noticias\/fiscal-general-ratifica-compromiso-con-la-proteccion-de-las-comunidades-indigenas-y-el-esclarecimiento-de-los-delitos-que-las-afectan\/\",\"url\":\"https:\/\/www.fiscalia.gov.co\/colombia\/noticias\/fiscal-general-ratifica-compromiso-con-la-proteccion-de-las-comunidades-indigenas-y-el-esclarecimiento-de-los-delitos-que-las-afectan\/\",\"name\":\"Fiscal\u00eda General de la Naci\u00f3n\",\"isPartOf\":{\"@id\":\"https:\/\/www.fiscalia.gov.co\/colombia\/#website\"},\"primaryImageOfPage\":{\"@id\":\"https:\/\/www.fiscalia.gov.co\/colombia\/noticias\/fiscal-general-ratifica-compromiso-con-la-proteccion-de-las-comunidades-indigenas-y-el-esclarecimiento-de-los-delitos-que-las-afectan\/#primaryimage\"},\"image\":{\"@id\":\"https:\/\/www.fiscalia.gov.co\/colombia\/noticias\/fiscal-general-ratifica-compromiso-con-la-proteccion-de-las-comunidades-indigenas-y-el-esclarecimiento-de-los-delitos-que-las-afectan\/#primaryimage\"},\"thumbnailUrl\":\"https:\/\/www.fiscalia.gov.co\/colombia\/wp-content\/uploads\/maxresdefault-196.jpg\",\"datePublished\":\"2021-11-23T21:00:00+00:00\",\"dateModified\":\"2021-11-23T21:05:07+00:00\",\"description\":\"P\u00e1gina oficial de la Fiscal\u00eda General de la Naci\u00f3n \u2013 Colombia. Garantizamos el acceso efectivo a la justicia, la verdad y la reparaci\u00f3n de las v\u00edctimas de los delitos.\",\"breadcrumb\":{\"@id\":\"https:\/\/www.fiscalia.gov.co\/colombia\/noticias\/fiscal-general-ratifica-compromiso-con-la-proteccion-de-las-comunidades-indigenas-y-el-esclarecimiento-de-los-delitos-que-las-afectan\/#breadcrumb\"},\"inLanguage\":\"es-CO\",\"potentialAction\":[{\"@type\":\"ReadAction\",\"target\":[\"https:\/\/www.fiscalia.gov.co\/colombia\/noticias\/fiscal-general-ratifica-compromiso-con-la-proteccion-de-las-comunidades-indigenas-y-el-esclarecimiento-de-los-delitos-que-las-afectan\/\"]}]},{\"@type\":\"ImageObject\",\"inLanguage\":\"es-CO\",\"@id\":\"https:\/\/www.fiscalia.gov.co\/colombia\/noticias\/fiscal-general-ratifica-compromiso-con-la-proteccion-de-las-comunidades-indigenas-y-el-esclarecimiento-de-los-delitos-que-las-afectan\/#primaryimage\",\"url\":\"https:\/\/www.fiscalia.gov.co\/colombia\/wp-content\/uploads\/maxresdefault-196.jpg\",\"contentUrl\":\"https:\/\/www.fiscalia.gov.co\/colombia\/wp-content\/uploads\/maxresdefault-196.jpg\",\"width\":1280,\"height\":720},{\"@type\":\"BreadcrumbList\",\"@id\":\"https:\/\/www.fiscalia.gov.co\/colombia\/noticias\/fiscal-general-ratifica-compromiso-con-la-proteccion-de-las-comunidades-indigenas-y-el-esclarecimiento-de-los-delitos-que-las-afectan\/#breadcrumb\",\"itemListElement\":[{\"@type\":\"ListItem\",\"position\":1,\"name\":\"Home\",\"item\":\"https:\/\/www.fiscalia.gov.co\/colombia\/\"},{\"@type\":\"ListItem\",\"position\":2,\"name\":\"Fiscal General ratifica compromiso con la protecci\u00f3n de las comunidades ind\u00edgenas y el esclarecimiento de los delitos que las afectan\"}]},{\"@type\":\"WebSite\",\"@id\":\"https:\/\/www.fiscalia.gov.co\/colombia\/#website\",\"url\":\"https:\/\/www.fiscalia.gov.co\/colombia\/\",\"name\":\"Fiscal\u00eda General de la Naci\u00f3n\",\"description\":\"P\u00e1gina oficial de la Fiscal\u00eda General de la Naci\u00f3n \u2013 Colombia. Garantizamos el acceso efectivo a la justicia, la verdad y la reparaci\u00f3n de las v\u00edctimas de los delitos.\",\"publisher\":{\"@id\":\"https:\/\/www.fiscalia.gov.co\/colombia\/#organization\"},\"potentialAction\":[{\"@type\":\"SearchAction\",\"target\":{\"@type\":\"EntryPoint\",\"urlTemplate\":\"https:\/\/www.fiscalia.gov.co\/colombia\/?s={search_term_string}\"},\"query-input\":{\"@type\":\"PropertyValueSpecification\",\"valueRequired\":true,\"valueName\":\"search_term_string\"}}],\"inLanguage\":\"es-CO\"},{\"@type\":\"Organization\",\"@id\":\"https:\/\/www.fiscalia.gov.co\/colombia\/#organization\",\"name\":\"Fiscal\u00eda General de la Naci\u00f3n\",\"url\":\"https:\/\/www.fiscalia.gov.co\/colombia\/\",\"logo\":{\"@type\":\"ImageObject\",\"inLanguage\":\"es-CO\",\"@id\":\"https:\/\/www.fiscalia.gov.co\/colombia\/#\/schema\/logo\/image\/\",\"url\":\"https:\/\/www.fiscalia.gov.co\/colombia\/wp-content\/uploads\/LogoHorizontal_1.jpg\",\"contentUrl\":\"https:\/\/www.fiscalia.gov.co\/colombia\/wp-content\/uploads\/LogoHorizontal_1.jpg\",\"width\":300,\"height\":90,\"caption\":\"Fiscal\u00eda General de la Naci\u00f3n\"},\"image\":{\"@id\":\"https:\/\/www.fiscalia.gov.co\/colombia\/#\/schema\/logo\/image\/\"},\"sameAs\":[\"https:\/\/www.facebook.com\/FiscaliaCol\",\"https:\/\/x.com\/FiscaliaCol\",\"https:\/\/www.instagram.com\/fiscaliacol\",\"https:\/\/www.linkedin.com\/company\/fiscalia-general-de-la-naci-n\/\",\"https:\/\/youtube.com\/@fiscaliageneraldelanacion-4668?si=6nN79nyQICPU5iTh\"]},{\"@type\":\"Person\",\"@id\":\"https:\/\/www.fiscalia.gov.co\/colombia\/#\/schema\/person\/b19b49f26569f91393176a2b3d13a0e5\",\"name\":\"Johanna Black Prieto Pe\u00f1a\",\"image\":{\"@type\":\"ImageObject\",\"inLanguage\":\"es-CO\",\"@id\":\"https:\/\/www.fiscalia.gov.co\/colombia\/#\/schema\/person\/image\/\",\"url\":\"https:\/\/secure.gravatar.com\/avatar\/7f04518e1774335e76d761d76f04003e?s=96&d=mm&r=g\",\"contentUrl\":\"https:\/\/secure.gravatar.com\/avatar\/7f04518e1774335e76d761d76f04003e?s=96&d=mm&r=g\",\"caption\":\"Johanna Black Prieto Pe\u00f1a\"},\"url\":\"https:\/\/www.fiscalia.gov.co\/colombia\/author\/jprieto\/\"}]}<\/script>\n<!-- \/ Yoast SEO plugin. -->","yoast_head_json":{"title":"Fiscal\u00eda General de la Naci\u00f3n","description":"P\u00e1gina oficial de la Fiscal\u00eda General de la Naci\u00f3n \u2013 Colombia. Garantizamos el acceso efectivo a la justicia, la verdad y la reparaci\u00f3n de las v\u00edctimas de los delitos.","robots":{"index":"noindex","follow":"follow"},"og_locale":"es_ES","og_type":"article","og_title":"Fiscal\u00eda General de la Naci\u00f3n","og_description":"P\u00e1gina oficial de la Fiscal\u00eda General de la Naci\u00f3n \u2013 Colombia. Garantizamos el acceso efectivo a la justicia, la verdad y la reparaci\u00f3n de las v\u00edctimas de los delitos.","og_url":"https:\/\/www.fiscalia.gov.co\/colombia\/noticias\/fiscal-general-ratifica-compromiso-con-la-proteccion-de-las-comunidades-indigenas-y-el-esclarecimiento-de-los-delitos-que-las-afectan\/","og_site_name":"Fiscal\u00eda General de la Naci\u00f3n","article_publisher":"https:\/\/www.facebook.com\/FiscaliaCol","article_published_time":"2021-11-23T21:00:00+00:00","article_modified_time":"2021-11-23T21:05:07+00:00","og_image":[{"width":1280,"height":720,"url":"https:\/\/www.fiscalia.gov.co\/colombia\/wp-content\/uploads\/maxresdefault-196.jpg","type":"image\/jpeg"}],"author":"Johanna Black Prieto Pe\u00f1a","twitter_card":"summary_large_image","twitter_creator":"@FiscaliaCol","twitter_site":"@FiscaliaCol","twitter_misc":{"Escrito por":"Johanna Black Prieto Pe\u00f1a","Tiempo de lectura":"6 minutos"},"schema":{"@context":"https:\/\/schema.org","@graph":[{"@type":"Article","@id":"https:\/\/www.fiscalia.gov.co\/colombia\/noticias\/fiscal-general-ratifica-compromiso-con-la-proteccion-de-las-comunidades-indigenas-y-el-esclarecimiento-de-los-delitos-que-las-afectan\/#article","isPartOf":{"@id":"https:\/\/www.fiscalia.gov.co\/colombia\/noticias\/fiscal-general-ratifica-compromiso-con-la-proteccion-de-las-comunidades-indigenas-y-el-esclarecimiento-de-los-delitos-que-las-afectan\/"},"author":{"name":"Johanna Black Prieto Pe\u00f1a","@id":"https:\/\/www.fiscalia.gov.co\/colombia\/#\/schema\/person\/b19b49f26569f91393176a2b3d13a0e5"},"headline":"Fiscal General ratifica compromiso con la protecci\u00f3n de las comunidades ind\u00edgenas y el esclarecimiento de los delitos que las afectan","datePublished":"2021-11-23T21:00:00+00:00","dateModified":"2021-11-23T21:05:07+00:00","mainEntityOfPage":{"@id":"https:\/\/www.fiscalia.gov.co\/colombia\/noticias\/fiscal-general-ratifica-compromiso-con-la-proteccion-de-las-comunidades-indigenas-y-el-esclarecimiento-de-los-delitos-que-las-afectan\/"},"wordCount":1232,"publisher":{"@id":"https:\/\/www.fiscalia.gov.co\/colombia\/#organization"},"image":{"@id":"https:\/\/www.fiscalia.gov.co\/colombia\/noticias\/fiscal-general-ratifica-compromiso-con-la-proteccion-de-las-comunidades-indigenas-y-el-esclarecimiento-de-los-delitos-que-las-afectan\/#primaryimage"},"thumbnailUrl":"https:\/\/www.fiscalia.gov.co\/colombia\/wp-content\/uploads\/maxresdefault-196.jpg","keywords":["Fiscal Barbosa","Fiscal Francisco Barbosa","Fiscal Francisco Barbosa Delgado","Fiscal General de la Naci\u00f3n","Ind\u00edgenas Nari\u00f1o","Ind\u00edgenas pasto"],"articleSection":["El Fiscal en los territorios","Fiscal General de la Naci\u00f3n","Noticias","Seccional Pasto","Seccionales"],"inLanguage":"es-CO"},{"@type":"WebPage","@id":"https:\/\/www.fiscalia.gov.co\/colombia\/noticias\/fiscal-general-ratifica-compromiso-con-la-proteccion-de-las-comunidades-indigenas-y-el-esclarecimiento-de-los-delitos-que-las-afectan\/","url":"https:\/\/www.fiscalia.gov.co\/colombia\/noticias\/fiscal-general-ratifica-compromiso-con-la-proteccion-de-las-comunidades-indigenas-y-el-esclarecimiento-de-los-delitos-que-las-afectan\/","name":"Fiscal\u00eda General de la Naci\u00f3n","isPartOf":{"@id":"https:\/\/www.fiscalia.gov.co\/colombia\/#website"},"primaryImageOfPage":{"@id":"https:\/\/www.fiscalia.gov.co\/colombia\/noticias\/fiscal-general-ratifica-compromiso-con-la-proteccion-de-las-comunidades-indigenas-y-el-esclarecimiento-de-los-delitos-que-las-afectan\/#primaryimage"},"image":{"@id":"https:\/\/www.fiscalia.gov.co\/colombia\/noticias\/fiscal-general-ratifica-compromiso-con-la-proteccion-de-las-comunidades-indigenas-y-el-esclarecimiento-de-los-delitos-que-las-afectan\/#primaryimage"},"thumbnailUrl":"https:\/\/www.fiscalia.gov.co\/colombia\/wp-content\/uploads\/maxresdefault-196.jpg","datePublished":"2021-11-23T21:00:00+00:00","dateModified":"2021-11-23T21:05:07+00:00","description":"P\u00e1gina oficial de la Fiscal\u00eda General de la Naci\u00f3n \u2013 Colombia. Garantizamos el acceso efectivo a la justicia, la verdad y la reparaci\u00f3n de las v\u00edctimas de los delitos.","breadcrumb":{"@id":"https:\/\/www.fiscalia.gov.co\/colombia\/noticias\/fiscal-general-ratifica-compromiso-con-la-proteccion-de-las-comunidades-indigenas-y-el-esclarecimiento-de-los-delitos-que-las-afectan\/#breadcrumb"},"inLanguage":"es-CO","potentialAction":[{"@type":"ReadAction","target":["https:\/\/www.fiscalia.gov.co\/colombia\/noticias\/fiscal-general-ratifica-compromiso-con-la-proteccion-de-las-comunidades-indigenas-y-el-esclarecimiento-de-los-delitos-que-las-afectan\/"]}]},{"@type":"ImageObject","inLanguage":"es-CO","@id":"https:\/\/www.fiscalia.gov.co\/colombia\/noticias\/fiscal-general-ratifica-compromiso-con-la-proteccion-de-las-comunidades-indigenas-y-el-esclarecimiento-de-los-delitos-que-las-afectan\/#primaryimage","url":"https:\/\/www.fiscalia.gov.co\/colombia\/wp-content\/uploads\/maxresdefault-196.jpg","contentUrl":"https:\/\/www.fiscalia.gov.co\/colombia\/wp-content\/uploads\/maxresdefault-196.jpg","width":1280,"height":720},{"@type":"BreadcrumbList","@id":"https:\/\/www.fiscalia.gov.co\/colombia\/noticias\/fiscal-general-ratifica-compromiso-con-la-proteccion-de-las-comunidades-indigenas-y-el-esclarecimiento-de-los-delitos-que-las-afectan\/#breadcrumb","itemListElement":[{"@type":"ListItem","position":1,"name":"Home","item":"https:\/\/www.fiscalia.gov.co\/colombia\/"},{"@type":"ListItem","position":2,"name":"Fiscal General ratifica compromiso con la protecci\u00f3n de las comunidades ind\u00edgenas y el esclarecimiento de los delitos que las afectan"}]},{"@type":"WebSite","@id":"https:\/\/www.fiscalia.gov.co\/colombia\/#website","url":"https:\/\/www.fiscalia.gov.co\/colombia\/","name":"Fiscal\u00eda General de la Naci\u00f3n","description":"P\u00e1gina oficial de la Fiscal\u00eda General de la Naci\u00f3n \u2013 Colombia. Garantizamos el acceso efectivo a la justicia, la verdad y la reparaci\u00f3n de las v\u00edctimas de los delitos.","publisher":{"@id":"https:\/\/www.fiscalia.gov.co\/colombia\/#organization"},"potentialAction":[{"@type":"SearchAction","target":{"@type":"EntryPoint","urlTemplate":"https:\/\/www.fiscalia.gov.co\/colombia\/?s={search_term_string}"},"query-input":{"@type":"PropertyValueSpecification","valueRequired":true,"valueName":"search_term_string"}}],"inLanguage":"es-CO"},{"@type":"Organization","@id":"https:\/\/www.fiscalia.gov.co\/colombia\/#organization","name":"Fiscal\u00eda General de la Naci\u00f3n","url":"https:\/\/www.fiscalia.gov.co\/colombia\/","logo":{"@type":"ImageObject","inLanguage":"es-CO","@id":"https:\/\/www.fiscalia.gov.co\/colombia\/#\/schema\/logo\/image\/","url":"https:\/\/www.fiscalia.gov.co\/colombia\/wp-content\/uploads\/LogoHorizontal_1.jpg","contentUrl":"https:\/\/www.fiscalia.gov.co\/colombia\/wp-content\/uploads\/LogoHorizontal_1.jpg","width":300,"height":90,"caption":"Fiscal\u00eda General de la Naci\u00f3n"},"image":{"@id":"https:\/\/www.fiscalia.gov.co\/colombia\/#\/schema\/logo\/image\/"},"sameAs":["https:\/\/www.facebook.com\/FiscaliaCol","https:\/\/x.com\/FiscaliaCol","https:\/\/www.instagram.com\/fiscaliacol","https:\/\/www.linkedin.com\/company\/fiscalia-general-de-la-naci-n\/","https:\/\/youtube.com\/@fiscaliageneraldelanacion-4668?si=6nN79nyQICPU5iTh"]},{"@type":"Person","@id":"https:\/\/www.fiscalia.gov.co\/colombia\/#\/schema\/person\/b19b49f26569f91393176a2b3d13a0e5","name":"Johanna Black Prieto Pe\u00f1a","image":{"@type":"ImageObject","inLanguage":"es-CO","@id":"https:\/\/www.fiscalia.gov.co\/colombia\/#\/schema\/person\/image\/","url":"https:\/\/secure.gravatar.com\/avatar\/7f04518e1774335e76d761d76f04003e?s=96&d=mm&r=g","contentUrl":"https:\/\/secure.gravatar.com\/avatar\/7f04518e1774335e76d761d76f04003e?s=96&d=mm&r=g","caption":"Johanna Black Prieto Pe\u00f1a"},"url":"https:\/\/www.fiscalia.gov.co\/colombia\/author\/jprieto\/"}]}},"_links":{"self":[{"href":"https:\/\/www.fiscalia.gov.co\/colombia\/wp-json\/wp\/v2\/posts\/235423","targetHints":{"allow":["GET"]}}],"collection":[{"href":"https:\/\/www.fiscalia.gov.co\/colombia\/wp-json\/wp\/v2\/posts"}],"about":[{"href":"https:\/\/www.fiscalia.gov.co\/colombia\/wp-json\/wp\/v2\/types\/post"}],"author":[{"embeddable":true,"href":"https:\/\/www.fiscalia.gov.co\/colombia\/wp-json\/wp\/v2\/users\/176"}],"replies":[{"embeddable":true,"href":"https:\/\/www.fiscalia.gov.co\/colombia\/wp-json\/wp\/v2\/comments?post=235423"}],"version-history":[{"count":1,"href":"https:\/\/www.fiscalia.gov.co\/colombia\/wp-json\/wp\/v2\/posts\/235423\/revisions"}],"predecessor-version":[{"id":235424,"href":"https:\/\/www.fiscalia.gov.co\/colombia\/wp-json\/wp\/v2\/posts\/235423\/revisions\/235424"}],"wp:featuredmedia":[{"embeddable":true,"href":"https:\/\/www.fiscalia.gov.co\/colombia\/wp-json\/wp\/v2\/media\/235427"}],"wp:attachment":[{"href":"https:\/\/www.fiscalia.gov.co\/colombia\/wp-json\/wp\/v2\/media?parent=235423"}],"wp:term":[{"taxonomy":"category","embeddable":true,"href":"https:\/\/www.fiscalia.gov.co\/colombia\/wp-json\/wp\/v2\/categories?post=235423"},{"taxonomy":"post_tag","embeddable":true,"href":"https:\/\/www.fiscalia.gov.co\/colombia\/wp-json\/wp\/v2\/tags?post=235423"}],"curies":[{"name":"wp","href":"https:\/\/api.w.org\/{rel}","templated":true}]}}