{"id":235279,"date":"2021-11-22T10:31:16","date_gmt":"2021-11-22T15:31:16","guid":{"rendered":"https:\/\/www.fiscalia.gov.co\/colombia\/?p=235279"},"modified":"2021-11-22T10:31:16","modified_gmt":"2021-11-22T15:31:16","slug":"dos-presuntos-responsables-de-portar-municion-de-uso-privativo-y-estupefacientes-fueron-enviados-a-prision","status":"publish","type":"post","link":"https:\/\/www.fiscalia.gov.co\/colombia\/noticias\/dos-presuntos-responsables-de-portar-municion-de-uso-privativo-y-estupefacientes-fueron-enviados-a-prision\/","title":{"rendered":"Dos presuntos responsables de portar munici\u00f3n de uso privativo y estupefacientes fueron enviados a prisi\u00f3n"},"content":{"rendered":"<p style=\"font-weight: 400;\">Con medida de aseguramiento en centro carcelario fueron cobijados Francisco Javier Obando Ortiz y Diego Fernando Perlaza Cuero, de 19 y 18 a\u00f1os de edad, presuntamente responsables de portar\u00a030 cartuchos\u00a0munici\u00f3n calibre 7,62 para fusil y una bolsa pl\u00e1stica con estupefacientes.<\/p>\n<figure id=\"attachment_235280\" aria-describedby=\"caption-attachment-235280\" style=\"width: 1280px\" class=\"wp-caption alignnone\"><img loading=\"lazy\" decoding=\"async\" class=\"size-full wp-image-235280\" src=\"https:\/\/www.fiscalia.gov.co\/colombia\/wp-content\/uploads\/Francisco-Javier-Obando-Ortiz-y-Diego-Fernando-Perlaza-Cuero.-Munici\u00f3n-de-uso-privativo-y-estupefacientes.-Tulu\u00e1-Valle..jpg\" alt=\"\" width=\"1280\" height=\"1034\" srcset=\"https:\/\/www.fiscalia.gov.co\/colombia\/wp-content\/uploads\/Francisco-Javier-Obando-Ortiz-y-Diego-Fernando-Perlaza-Cuero.-Munici\u00f3n-de-uso-privativo-y-estupefacientes.-Tulu\u00e1-Valle..jpg 1280w, https:\/\/www.fiscalia.gov.co\/colombia\/wp-content\/uploads\/Francisco-Javier-Obando-Ortiz-y-Diego-Fernando-Perlaza-Cuero.-Munici\u00f3n-de-uso-privativo-y-estupefacientes.-Tulu\u00e1-Valle.-300x242.jpg 300w, https:\/\/www.fiscalia.gov.co\/colombia\/wp-content\/uploads\/Francisco-Javier-Obando-Ortiz-y-Diego-Fernando-Perlaza-Cuero.-Munici\u00f3n-de-uso-privativo-y-estupefacientes.-Tulu\u00e1-Valle.-1024x827.jpg 1024w, https:\/\/www.fiscalia.gov.co\/colombia\/wp-content\/uploads\/Francisco-Javier-Obando-Ortiz-y-Diego-Fernando-Perlaza-Cuero.-Munici\u00f3n-de-uso-privativo-y-estupefacientes.-Tulu\u00e1-Valle.-768x620.jpg 768w, https:\/\/www.fiscalia.gov.co\/colombia\/wp-content\/uploads\/Francisco-Javier-Obando-Ortiz-y-Diego-Fernando-Perlaza-Cuero.-Munici\u00f3n-de-uso-privativo-y-estupefacientes.-Tulu\u00e1-Valle.-696x562.jpg 696w, https:\/\/www.fiscalia.gov.co\/colombia\/wp-content\/uploads\/Francisco-Javier-Obando-Ortiz-y-Diego-Fernando-Perlaza-Cuero.-Munici\u00f3n-de-uso-privativo-y-estupefacientes.-Tulu\u00e1-Valle.-1068x863.jpg 1068w, https:\/\/www.fiscalia.gov.co\/colombia\/wp-content\/uploads\/Francisco-Javier-Obando-Ortiz-y-Diego-Fernando-Perlaza-Cuero.-Munici\u00f3n-de-uso-privativo-y-estupefacientes.-Tulu\u00e1-Valle.-520x420.jpg 520w\" sizes=\"auto, (max-width: 1280px) 100vw, 1280px\" \/><figcaption id=\"caption-attachment-235280\" class=\"wp-caption-text\">Francisco Javier Obando Ortiz y Diego Fernando Perlaza Cuero, asegurados como presuntos responsables de portar munici\u00f3n para fusil y una bolsa pl\u00e1stica con coca\u00edna, en Tulu\u00e1 (Valle).<\/figcaption><\/figure>\n<p style=\"font-weight: 400;\">Los hechos ocurrieron en\u00a0v\u00eda p\u00fablica del barrio Portales de Riopaila en\u00a0el municipio de Tulu\u00e1 (Valle del Cauca). Labores de polic\u00eda judicial evidenciaron c\u00f3mo las dos personas, ante la presencia de la Polic\u00eda, decidieron arrojar una\u00a0bolsa pl\u00e1stica en la que, al aparecer, portaban los referidos elementos. Luego de intentar huir fueron capturados en flagrancia.<\/p>\n<p style=\"font-weight: 400;\">La Fiscal\u00eda imput\u00f3 a los procesados los delitos de\u00a0<a href=\"https:\/\/www.fiscalia.gov.co\/colombia\/seccionales\/asegurados-dos-hombres-por-porte-ilegal-de-armas-de-fuego-de-uso-privativo\/\" data-saferedirecturl=\"https:\/\/www.google.com\/url?q=https:\/\/www.fiscalia.gov.co\/colombia\/seccionales\/asegurados-dos-hombres-por-porte-ilegal-de-armas-de-fuego-de-uso-privativo\/&amp;source=gmail&amp;ust=1637680517467000&amp;usg=AOvVaw0WEqPw_uqhTqJf0MbddKpM\">fabricaci\u00f3n, tr\u00e1fico y porte de armas, municiones de uso restringido, de uso privativo de las Fuerzas\u00a0Armadas o explosivos agravado<\/a>; as\u00ed como tr\u00e1fico, fabricaci\u00f3n o porte de estupefacientes.<\/p>\n<p style=\"font-weight: 400;\"><strong>La Fiscal\u00eda habla con resultados<\/strong><\/p>\n<p style=\"font-weight: 400;\">MAP\/MAGA\/SMLR<\/p>\n<p style=\"font-weight: 400;\">\n<p style=\"font-weight: 400;\"><em>La informaci\u00f3n contenida en este bolet\u00edn de prensa corresponde a la narraci\u00f3n de los hechos noticiosos objetivos, suministrados por los funcionarios encargados de adelantar las investigaciones penales al interior de la Fiscal\u00eda General de la Naci\u00f3n. Para el momento de la divulgaci\u00f3n de este comunicado, la situaci\u00f3n jur\u00eddica de la(s) persona(s) relacionada(s) se encuentra pendiente de resolver por la autoridad judicial competente, siempre bajo los preceptos de la presunci\u00f3n de inocencia, consagrados en el art\u00edculo 29 de la Constituci\u00f3n Pol\u00edtica y el art\u00edculo 7\u00ba de la Ley 906 de 2004.<\/em><\/p>\n\n<div class=\"twitter-share\"><a href=\"https:\/\/twitter.com\/intent\/tweet?via=fiscaliacol\" class=\"twitter-share-button\">Tweet<\/a><\/div>\n","protected":false},"excerpt":{"rendered":"<p>Con medida de aseguramiento en centro carcelario fueron cobijados Francisco Javier Obando Ortiz y Diego Fernando Perlaza Cuero, de 19 y 18 a\u00f1os de edad, presuntamente responsables de portar\u00a030 cartuchos\u00a0munici\u00f3n [&hellip;]<\/p>\n","protected":false},"author":176,"featured_media":0,"comment_status":"closed","ping_status":"open","sticky":false,"template":"","format":"standard","meta":{"tdm_status":"","tdm_grid_status":"","footnotes":""},"categories":[1,324,303],"tags":[8010,14550,29604,4140,11533,25230,24187,7169,1185,25069,24584,961],"class_list":["post-235279","post","type-post","status-publish","format-standard","category-noticias","category-seccional-cali","category-seccionales","tag-capturados","tag-carcel","tag-de-uso-privativo-de-las-fuerzas-armadas-o-explosivos-agravado-asi-como-trafico","tag-fabricacion","tag-fabricacion-o-porte-de-estupefacientes","tag-fiscal-general-de-nacion","tag-fiscalia-colombia","tag-flagrancia","tag-medida-de-aseguramiento","tag-municiones-de-uso-restringido","tag-privativa-de-la-libertad","tag-trafico-y-porte-de-armas"],"yoast_head":"<!-- This site is optimized with the Yoast SEO plugin v24.3 - https:\/\/yoast.com\/wordpress\/plugins\/seo\/ -->\n<title>Fiscal\u00eda General de la Naci\u00f3n<\/title>\n<meta name=\"description\" content=\"P\u00e1gina oficial de la Fiscal\u00eda General de la Naci\u00f3n \u2013 Colombia. Garantizamos el acceso efectivo a la justicia, la verdad y la reparaci\u00f3n de las v\u00edctimas de los delitos.\" \/>\n<meta name=\"robots\" content=\"noindex, follow\" \/>\n<meta property=\"og:locale\" content=\"es_ES\" \/>\n<meta property=\"og:type\" content=\"article\" \/>\n<meta property=\"og:title\" content=\"Fiscal\u00eda General de la Naci\u00f3n\" \/>\n<meta property=\"og:description\" content=\"P\u00e1gina oficial de la Fiscal\u00eda General de la Naci\u00f3n \u2013 Colombia. Garantizamos el acceso efectivo a la justicia, la verdad y la reparaci\u00f3n de las v\u00edctimas de los delitos.\" \/>\n<meta property=\"og:url\" content=\"https:\/\/www.fiscalia.gov.co\/colombia\/noticias\/dos-presuntos-responsables-de-portar-municion-de-uso-privativo-y-estupefacientes-fueron-enviados-a-prision\/\" \/>\n<meta property=\"og:site_name\" content=\"Fiscal\u00eda General de la Naci\u00f3n\" \/>\n<meta property=\"article:publisher\" content=\"https:\/\/www.facebook.com\/FiscaliaCol\" \/>\n<meta property=\"article:published_time\" content=\"2021-11-22T15:31:16+00:00\" \/>\n<meta name=\"author\" content=\"Johanna Black Prieto Pe\u00f1a\" \/>\n<meta name=\"twitter:card\" content=\"summary_large_image\" \/>\n<meta name=\"twitter:creator\" content=\"@FiscaliaCol\" \/>\n<meta name=\"twitter:site\" content=\"@FiscaliaCol\" \/>\n<meta name=\"twitter:label1\" content=\"Escrito por\" \/>\n\t<meta name=\"twitter:data1\" content=\"Johanna Black Prieto Pe\u00f1a\" \/>\n\t<meta name=\"twitter:label2\" content=\"Tiempo de lectura\" \/>\n\t<meta name=\"twitter:data2\" content=\"1 minuto\" \/>\n<script type=\"application\/ld+json\" class=\"yoast-schema-graph\">{\"@context\":\"https:\/\/schema.org\",\"@graph\":[{\"@type\":\"Article\",\"@id\":\"https:\/\/www.fiscalia.gov.co\/colombia\/noticias\/dos-presuntos-responsables-de-portar-municion-de-uso-privativo-y-estupefacientes-fueron-enviados-a-prision\/#article\",\"isPartOf\":{\"@id\":\"https:\/\/www.fiscalia.gov.co\/colombia\/noticias\/dos-presuntos-responsables-de-portar-municion-de-uso-privativo-y-estupefacientes-fueron-enviados-a-prision\/\"},\"author\":{\"name\":\"Johanna Black Prieto Pe\u00f1a\",\"@id\":\"https:\/\/www.fiscalia.gov.co\/colombia\/#\/schema\/person\/b19b49f26569f91393176a2b3d13a0e5\"},\"headline\":\"Dos presuntos responsables de portar munici\u00f3n de uso privativo y estupefacientes fueron enviados a prisi\u00f3n\",\"datePublished\":\"2021-11-22T15:31:16+00:00\",\"dateModified\":\"2021-11-22T15:31:16+00:00\",\"mainEntityOfPage\":{\"@id\":\"https:\/\/www.fiscalia.gov.co\/colombia\/noticias\/dos-presuntos-responsables-de-portar-municion-de-uso-privativo-y-estupefacientes-fueron-enviados-a-prision\/\"},\"wordCount\":310,\"publisher\":{\"@id\":\"https:\/\/www.fiscalia.gov.co\/colombia\/#organization\"},\"keywords\":[\"Capturados\",\"C\u00e1rcel\",\"de uso privativo de las Fuerzas\u00a0Armadas o explosivos agravado; as\u00ed como tr\u00e1fico\",\"Fabricaci\u00f3n\",\"fabricaci\u00f3n o porte de estupefacientes\",\"Fiscal General de Naci\u00f3n\",\"Fiscal\u00eda Colombia\",\"Flagrancia\",\"Medida de aseguramiento\",\"municiones de uso restringido\",\"privativa de la libertad.\",\"Tr\u00e1fico y porte de armas\"],\"articleSection\":[\"Noticias\",\"Seccional Cali\",\"Seccionales\"],\"inLanguage\":\"es-CO\"},{\"@type\":\"WebPage\",\"@id\":\"https:\/\/www.fiscalia.gov.co\/colombia\/noticias\/dos-presuntos-responsables-de-portar-municion-de-uso-privativo-y-estupefacientes-fueron-enviados-a-prision\/\",\"url\":\"https:\/\/www.fiscalia.gov.co\/colombia\/noticias\/dos-presuntos-responsables-de-portar-municion-de-uso-privativo-y-estupefacientes-fueron-enviados-a-prision\/\",\"name\":\"Fiscal\u00eda General de la Naci\u00f3n\",\"isPartOf\":{\"@id\":\"https:\/\/www.fiscalia.gov.co\/colombia\/#website\"},\"datePublished\":\"2021-11-22T15:31:16+00:00\",\"dateModified\":\"2021-11-22T15:31:16+00:00\",\"description\":\"P\u00e1gina oficial de la Fiscal\u00eda General de la Naci\u00f3n \u2013 Colombia. Garantizamos el acceso efectivo a la justicia, la verdad y la reparaci\u00f3n de las v\u00edctimas de los delitos.\",\"breadcrumb\":{\"@id\":\"https:\/\/www.fiscalia.gov.co\/colombia\/noticias\/dos-presuntos-responsables-de-portar-municion-de-uso-privativo-y-estupefacientes-fueron-enviados-a-prision\/#breadcrumb\"},\"inLanguage\":\"es-CO\",\"potentialAction\":[{\"@type\":\"ReadAction\",\"target\":[\"https:\/\/www.fiscalia.gov.co\/colombia\/noticias\/dos-presuntos-responsables-de-portar-municion-de-uso-privativo-y-estupefacientes-fueron-enviados-a-prision\/\"]}]},{\"@type\":\"BreadcrumbList\",\"@id\":\"https:\/\/www.fiscalia.gov.co\/colombia\/noticias\/dos-presuntos-responsables-de-portar-municion-de-uso-privativo-y-estupefacientes-fueron-enviados-a-prision\/#breadcrumb\",\"itemListElement\":[{\"@type\":\"ListItem\",\"position\":1,\"name\":\"Home\",\"item\":\"https:\/\/www.fiscalia.gov.co\/colombia\/\"},{\"@type\":\"ListItem\",\"position\":2,\"name\":\"Dos presuntos responsables de portar munici\u00f3n de uso privativo y estupefacientes fueron enviados a prisi\u00f3n\"}]},{\"@type\":\"WebSite\",\"@id\":\"https:\/\/www.fiscalia.gov.co\/colombia\/#website\",\"url\":\"https:\/\/www.fiscalia.gov.co\/colombia\/\",\"name\":\"Fiscal\u00eda General de la Naci\u00f3n\",\"description\":\"P\u00e1gina oficial de la Fiscal\u00eda General de la Naci\u00f3n \u2013 Colombia. Garantizamos el acceso efectivo a la justicia, la verdad y la reparaci\u00f3n de las v\u00edctimas de los delitos.\",\"publisher\":{\"@id\":\"https:\/\/www.fiscalia.gov.co\/colombia\/#organization\"},\"potentialAction\":[{\"@type\":\"SearchAction\",\"target\":{\"@type\":\"EntryPoint\",\"urlTemplate\":\"https:\/\/www.fiscalia.gov.co\/colombia\/?s={search_term_string}\"},\"query-input\":{\"@type\":\"PropertyValueSpecification\",\"valueRequired\":true,\"valueName\":\"search_term_string\"}}],\"inLanguage\":\"es-CO\"},{\"@type\":\"Organization\",\"@id\":\"https:\/\/www.fiscalia.gov.co\/colombia\/#organization\",\"name\":\"Fiscal\u00eda General de la Naci\u00f3n\",\"url\":\"https:\/\/www.fiscalia.gov.co\/colombia\/\",\"logo\":{\"@type\":\"ImageObject\",\"inLanguage\":\"es-CO\",\"@id\":\"https:\/\/www.fiscalia.gov.co\/colombia\/#\/schema\/logo\/image\/\",\"url\":\"https:\/\/www.fiscalia.gov.co\/colombia\/wp-content\/uploads\/LogoHorizontal_1.jpg\",\"contentUrl\":\"https:\/\/www.fiscalia.gov.co\/colombia\/wp-content\/uploads\/LogoHorizontal_1.jpg\",\"width\":300,\"height\":90,\"caption\":\"Fiscal\u00eda General de la Naci\u00f3n\"},\"image\":{\"@id\":\"https:\/\/www.fiscalia.gov.co\/colombia\/#\/schema\/logo\/image\/\"},\"sameAs\":[\"https:\/\/www.facebook.com\/FiscaliaCol\",\"https:\/\/x.com\/FiscaliaCol\",\"https:\/\/www.instagram.com\/fiscaliacol\",\"https:\/\/www.linkedin.com\/company\/fiscalia-general-de-la-naci-n\/\",\"https:\/\/youtube.com\/@fiscaliageneraldelanacion-4668?si=6nN79nyQICPU5iTh\"]},{\"@type\":\"Person\",\"@id\":\"https:\/\/www.fiscalia.gov.co\/colombia\/#\/schema\/person\/b19b49f26569f91393176a2b3d13a0e5\",\"name\":\"Johanna Black Prieto Pe\u00f1a\",\"image\":{\"@type\":\"ImageObject\",\"inLanguage\":\"es-CO\",\"@id\":\"https:\/\/www.fiscalia.gov.co\/colombia\/#\/schema\/person\/image\/\",\"url\":\"https:\/\/secure.gravatar.com\/avatar\/7f04518e1774335e76d761d76f04003e?s=96&d=mm&r=g\",\"contentUrl\":\"https:\/\/secure.gravatar.com\/avatar\/7f04518e1774335e76d761d76f04003e?s=96&d=mm&r=g\",\"caption\":\"Johanna Black Prieto Pe\u00f1a\"},\"url\":\"https:\/\/www.fiscalia.gov.co\/colombia\/author\/jprieto\/\"}]}<\/script>\n<!-- \/ Yoast SEO plugin. -->","yoast_head_json":{"title":"Fiscal\u00eda General de la Naci\u00f3n","description":"P\u00e1gina oficial de la Fiscal\u00eda General de la Naci\u00f3n \u2013 Colombia. Garantizamos el acceso efectivo a la justicia, la verdad y la reparaci\u00f3n de las v\u00edctimas de los delitos.","robots":{"index":"noindex","follow":"follow"},"og_locale":"es_ES","og_type":"article","og_title":"Fiscal\u00eda General de la Naci\u00f3n","og_description":"P\u00e1gina oficial de la Fiscal\u00eda General de la Naci\u00f3n \u2013 Colombia. Garantizamos el acceso efectivo a la justicia, la verdad y la reparaci\u00f3n de las v\u00edctimas de los delitos.","og_url":"https:\/\/www.fiscalia.gov.co\/colombia\/noticias\/dos-presuntos-responsables-de-portar-municion-de-uso-privativo-y-estupefacientes-fueron-enviados-a-prision\/","og_site_name":"Fiscal\u00eda General de la Naci\u00f3n","article_publisher":"https:\/\/www.facebook.com\/FiscaliaCol","article_published_time":"2021-11-22T15:31:16+00:00","author":"Johanna Black Prieto Pe\u00f1a","twitter_card":"summary_large_image","twitter_creator":"@FiscaliaCol","twitter_site":"@FiscaliaCol","twitter_misc":{"Escrito por":"Johanna Black Prieto Pe\u00f1a","Tiempo de lectura":"1 minuto"},"schema":{"@context":"https:\/\/schema.org","@graph":[{"@type":"Article","@id":"https:\/\/www.fiscalia.gov.co\/colombia\/noticias\/dos-presuntos-responsables-de-portar-municion-de-uso-privativo-y-estupefacientes-fueron-enviados-a-prision\/#article","isPartOf":{"@id":"https:\/\/www.fiscalia.gov.co\/colombia\/noticias\/dos-presuntos-responsables-de-portar-municion-de-uso-privativo-y-estupefacientes-fueron-enviados-a-prision\/"},"author":{"name":"Johanna Black Prieto Pe\u00f1a","@id":"https:\/\/www.fiscalia.gov.co\/colombia\/#\/schema\/person\/b19b49f26569f91393176a2b3d13a0e5"},"headline":"Dos presuntos responsables de portar munici\u00f3n de uso privativo y estupefacientes fueron enviados a prisi\u00f3n","datePublished":"2021-11-22T15:31:16+00:00","dateModified":"2021-11-22T15:31:16+00:00","mainEntityOfPage":{"@id":"https:\/\/www.fiscalia.gov.co\/colombia\/noticias\/dos-presuntos-responsables-de-portar-municion-de-uso-privativo-y-estupefacientes-fueron-enviados-a-prision\/"},"wordCount":310,"publisher":{"@id":"https:\/\/www.fiscalia.gov.co\/colombia\/#organization"},"keywords":["Capturados","C\u00e1rcel","de uso privativo de las Fuerzas\u00a0Armadas o explosivos agravado; as\u00ed como tr\u00e1fico","Fabricaci\u00f3n","fabricaci\u00f3n o porte de estupefacientes","Fiscal General de Naci\u00f3n","Fiscal\u00eda Colombia","Flagrancia","Medida de aseguramiento","municiones de uso restringido","privativa de la libertad.","Tr\u00e1fico y porte de armas"],"articleSection":["Noticias","Seccional Cali","Seccionales"],"inLanguage":"es-CO"},{"@type":"WebPage","@id":"https:\/\/www.fiscalia.gov.co\/colombia\/noticias\/dos-presuntos-responsables-de-portar-municion-de-uso-privativo-y-estupefacientes-fueron-enviados-a-prision\/","url":"https:\/\/www.fiscalia.gov.co\/colombia\/noticias\/dos-presuntos-responsables-de-portar-municion-de-uso-privativo-y-estupefacientes-fueron-enviados-a-prision\/","name":"Fiscal\u00eda General de la Naci\u00f3n","isPartOf":{"@id":"https:\/\/www.fiscalia.gov.co\/colombia\/#website"},"datePublished":"2021-11-22T15:31:16+00:00","dateModified":"2021-11-22T15:31:16+00:00","description":"P\u00e1gina oficial de la Fiscal\u00eda General de la Naci\u00f3n \u2013 Colombia. Garantizamos el acceso efectivo a la justicia, la verdad y la reparaci\u00f3n de las v\u00edctimas de los delitos.","breadcrumb":{"@id":"https:\/\/www.fiscalia.gov.co\/colombia\/noticias\/dos-presuntos-responsables-de-portar-municion-de-uso-privativo-y-estupefacientes-fueron-enviados-a-prision\/#breadcrumb"},"inLanguage":"es-CO","potentialAction":[{"@type":"ReadAction","target":["https:\/\/www.fiscalia.gov.co\/colombia\/noticias\/dos-presuntos-responsables-de-portar-municion-de-uso-privativo-y-estupefacientes-fueron-enviados-a-prision\/"]}]},{"@type":"BreadcrumbList","@id":"https:\/\/www.fiscalia.gov.co\/colombia\/noticias\/dos-presuntos-responsables-de-portar-municion-de-uso-privativo-y-estupefacientes-fueron-enviados-a-prision\/#breadcrumb","itemListElement":[{"@type":"ListItem","position":1,"name":"Home","item":"https:\/\/www.fiscalia.gov.co\/colombia\/"},{"@type":"ListItem","position":2,"name":"Dos presuntos responsables de portar munici\u00f3n de uso privativo y estupefacientes fueron enviados a prisi\u00f3n"}]},{"@type":"WebSite","@id":"https:\/\/www.fiscalia.gov.co\/colombia\/#website","url":"https:\/\/www.fiscalia.gov.co\/colombia\/","name":"Fiscal\u00eda General de la Naci\u00f3n","description":"P\u00e1gina oficial de la Fiscal\u00eda General de la Naci\u00f3n \u2013 Colombia. Garantizamos el acceso efectivo a la justicia, la verdad y la reparaci\u00f3n de las v\u00edctimas de los delitos.","publisher":{"@id":"https:\/\/www.fiscalia.gov.co\/colombia\/#organization"},"potentialAction":[{"@type":"SearchAction","target":{"@type":"EntryPoint","urlTemplate":"https:\/\/www.fiscalia.gov.co\/colombia\/?s={search_term_string}"},"query-input":{"@type":"PropertyValueSpecification","valueRequired":true,"valueName":"search_term_string"}}],"inLanguage":"es-CO"},{"@type":"Organization","@id":"https:\/\/www.fiscalia.gov.co\/colombia\/#organization","name":"Fiscal\u00eda General de la Naci\u00f3n","url":"https:\/\/www.fiscalia.gov.co\/colombia\/","logo":{"@type":"ImageObject","inLanguage":"es-CO","@id":"https:\/\/www.fiscalia.gov.co\/colombia\/#\/schema\/logo\/image\/","url":"https:\/\/www.fiscalia.gov.co\/colombia\/wp-content\/uploads\/LogoHorizontal_1.jpg","contentUrl":"https:\/\/www.fiscalia.gov.co\/colombia\/wp-content\/uploads\/LogoHorizontal_1.jpg","width":300,"height":90,"caption":"Fiscal\u00eda General de la Naci\u00f3n"},"image":{"@id":"https:\/\/www.fiscalia.gov.co\/colombia\/#\/schema\/logo\/image\/"},"sameAs":["https:\/\/www.facebook.com\/FiscaliaCol","https:\/\/x.com\/FiscaliaCol","https:\/\/www.instagram.com\/fiscaliacol","https:\/\/www.linkedin.com\/company\/fiscalia-general-de-la-naci-n\/","https:\/\/youtube.com\/@fiscaliageneraldelanacion-4668?si=6nN79nyQICPU5iTh"]},{"@type":"Person","@id":"https:\/\/www.fiscalia.gov.co\/colombia\/#\/schema\/person\/b19b49f26569f91393176a2b3d13a0e5","name":"Johanna Black Prieto Pe\u00f1a","image":{"@type":"ImageObject","inLanguage":"es-CO","@id":"https:\/\/www.fiscalia.gov.co\/colombia\/#\/schema\/person\/image\/","url":"https:\/\/secure.gravatar.com\/avatar\/7f04518e1774335e76d761d76f04003e?s=96&d=mm&r=g","contentUrl":"https:\/\/secure.gravatar.com\/avatar\/7f04518e1774335e76d761d76f04003e?s=96&d=mm&r=g","caption":"Johanna Black Prieto Pe\u00f1a"},"url":"https:\/\/www.fiscalia.gov.co\/colombia\/author\/jprieto\/"}]}},"_links":{"self":[{"href":"https:\/\/www.fiscalia.gov.co\/colombia\/wp-json\/wp\/v2\/posts\/235279","targetHints":{"allow":["GET"]}}],"collection":[{"href":"https:\/\/www.fiscalia.gov.co\/colombia\/wp-json\/wp\/v2\/posts"}],"about":[{"href":"https:\/\/www.fiscalia.gov.co\/colombia\/wp-json\/wp\/v2\/types\/post"}],"author":[{"embeddable":true,"href":"https:\/\/www.fiscalia.gov.co\/colombia\/wp-json\/wp\/v2\/users\/176"}],"replies":[{"embeddable":true,"href":"https:\/\/www.fiscalia.gov.co\/colombia\/wp-json\/wp\/v2\/comments?post=235279"}],"version-history":[{"count":1,"href":"https:\/\/www.fiscalia.gov.co\/colombia\/wp-json\/wp\/v2\/posts\/235279\/revisions"}],"predecessor-version":[{"id":235281,"href":"https:\/\/www.fiscalia.gov.co\/colombia\/wp-json\/wp\/v2\/posts\/235279\/revisions\/235281"}],"wp:attachment":[{"href":"https:\/\/www.fiscalia.gov.co\/colombia\/wp-json\/wp\/v2\/media?parent=235279"}],"wp:term":[{"taxonomy":"category","embeddable":true,"href":"https:\/\/www.fiscalia.gov.co\/colombia\/wp-json\/wp\/v2\/categories?post=235279"},{"taxonomy":"post_tag","embeddable":true,"href":"https:\/\/www.fiscalia.gov.co\/colombia\/wp-json\/wp\/v2\/tags?post=235279"}],"curies":[{"name":"wp","href":"https:\/\/api.w.org\/{rel}","templated":true}]}}