{"id":235256,"date":"2021-11-21T14:06:36","date_gmt":"2021-11-21T19:06:36","guid":{"rendered":"https:\/\/www.fiscalia.gov.co\/colombia\/?p=235256"},"modified":"2021-12-01T16:29:26","modified_gmt":"2021-12-01T21:29:26","slug":"imputados-alcalde-de-san-vicente-del-caguan-su-secretaria-administrativa-y-una-contratista-por-presuntas-irregularidades-en-contrato-para-mitigar-la-pandemia-del-covid-19","status":"publish","type":"post","link":"https:\/\/www.fiscalia.gov.co\/colombia\/noticias\/imputados-alcalde-de-san-vicente-del-caguan-su-secretaria-administrativa-y-una-contratista-por-presuntas-irregularidades-en-contrato-para-mitigar-la-pandemia-del-covid-19\/","title":{"rendered":"Imputados alcalde de San Vicente del Cagu\u00e1n, su secretaria administrativa y una contratista por presuntas irregularidades en contrato para mitigar la pandemia del Covid-19"},"content":{"rendered":"<p class=\"p1\"><span class=\"s1\">Juli\u00e1n Alfredo Perdomo Losada, alcalde de San Vicente del Cagu\u00e1n (Caquet\u00e1), su secretaria administrativa, Katherin Chica Floriano y la contratista, Blanca Omaira Hern\u00e1ndez Ladino, fueron imputados por la Fiscal\u00eda General de la Naci\u00f3n por presuntas irregularidades detectadas en la contrataci\u00f3n para mitigar la pandemia del Covid -19 en 2020 en esa municipalidad.<\/span><\/p>\n<p class=\"p1\"><span class=\"s1\">Una fiscal adscrita a la Unidad de Administraci\u00f3n P\u00fablica de la Seccional Caquet\u00e1 les imput\u00f3, seg\u00fan sus responsabilidades individuales, los delitos de inter\u00e9s indebido en la celebraci\u00f3n de contratos, peculado por apropiaci\u00f3n a favor de terceros y uso de documento falso. En el caso de Hern\u00e1ndez Ladino, le fue imputado el delito de peculado por apropiaci\u00f3n en calidad de interviniente.<\/span><\/p>\n<p class=\"p1\"><span class=\"s1\">Los hechos materia de investigaci\u00f3n ocurrieron entre noviembre y diciembre del 2020, cuando Juli\u00e1n Alfredo Perdomo Losada, en calidad de alcalde municipal, y Katherin Chica Floriano, como secretaria administrativa, se interesaron indebidamente en provecho de Blanca Omaira Hern\u00e1ndez Ladino, quien era la representante legal de la Empresa HYM Soluciones Empresariales Zomac.<\/span><\/p>\n<p class=\"p1\">Al parecer, lo actuado ten\u00eda como finalidad que se le adjudicara a Hern\u00e1ndez Ladino el contrato de compraventa N. 366 de 2020, cuyo objeto era la compra de insumos destinados para el desarrollo de acciones en salud p\u00fablica y el talento humano de la Administraci\u00f3n Municipal en el marco de la emergencia sanitaria por el Covid-19, por $85.748.540.<\/p>\n<p class=\"p1\">Seg\u00fan los investigadores del Grupo de Administraci\u00f3n P\u00fablica del CTI, los procesados utilizaron cotizaciones falsas que sirvieron de soporte en los estudios previos, favoreciendo as\u00ed a la contratista.<\/p>\n<p class=\"p1\"><span class=\"s1\">De esta manera habr\u00edan vulnerado los principios de selecci\u00f3n objetiva y transparencia. Igualmente se estableci\u00f3 que en la ejecuci\u00f3n del contrato de compraventa hubo un sobrecosto por $35.052.754.<\/span><\/p>\n<p class=\"p1\"><span class=\"s1\">Ninguno de los procesados acept\u00f3 responsabilidad alguna. La pr\u00f3xima audiencia ser\u00e1 de acusaci\u00f3n.\u00a0<\/span><\/p>\n<p class=\"p1\"><span class=\"s1\">La Fiscal\u00eda habla con resultados.<\/span><\/p>\n<p class=\"p1\"><span class=\"s1\">\u00a0<\/span><\/p>\n<p class=\"p1\"><span class=\"s1\">PAAM\/CFG\/SPOC<\/span><\/p>\n<p><em><span lang=\"ES\">La informaci\u00f3n contenida en este bolet\u00edn de prensa corresponde a la narraci\u00f3n de los hechos noticiosos objetivos, suministrados por los funcionarios encargados de adelantar las investigaciones penales al interior de la Fiscal\u00eda General de la Naci\u00f3n. Para el momento de la divulgaci\u00f3n de este comunicado, la situaci\u00f3n jur\u00eddica de la(s) persona(s) relacionada(s) se encuentra pendiente de resolver por la autoridad judicial competente, siempre bajo los preceptos de la presunci\u00f3n de inocencia, consagrados en el art\u00edculo 29 de la Constituci\u00f3n Pol\u00edtica y el art\u00edculo 7\u00ba de la Ley 906 de 2004.<\/span><\/em><b><\/b><\/p>\n\n<div class=\"twitter-share\"><a href=\"https:\/\/twitter.com\/intent\/tweet?via=fiscaliacol\" class=\"twitter-share-button\">Tweet<\/a><\/div>\n","protected":false},"excerpt":{"rendered":"<p>Juli\u00e1n Alfredo Perdomo Losada, alcalde de San Vicente del Cagu\u00e1n (Caquet\u00e1), su secretaria administrativa, Katherin Chica Floriano y la contratista, Blanca Omaira Hern\u00e1ndez Ladino, fueron imputados por la Fiscal\u00eda General [&hellip;]<\/p>\n","protected":false},"author":162,"featured_media":0,"comment_status":"closed","ping_status":"open","sticky":false,"template":"","format":"video","meta":{"tdm_status":"","tdm_grid_status":"","footnotes":""},"categories":[24097,24107,1,328,303],"tags":[],"class_list":["post-235256","post","type-post","status-publish","format-video","category-corrupcion","category-lucha-contra-corrupcion","category-noticias","category-seccional-florencia","category-seccionales","post_format-post-format-video"],"yoast_head":"<!-- This site is optimized with the Yoast SEO plugin v24.3 - https:\/\/yoast.com\/wordpress\/plugins\/seo\/ -->\n<title>Fiscal\u00eda General de la Naci\u00f3n<\/title>\n<meta name=\"description\" content=\"P\u00e1gina oficial de la Fiscal\u00eda General de la Naci\u00f3n \u2013 Colombia. Garantizamos el acceso efectivo a la justicia, la verdad y la reparaci\u00f3n de las v\u00edctimas de los delitos.\" \/>\n<meta name=\"robots\" content=\"noindex, follow\" \/>\n<meta property=\"og:locale\" content=\"es_ES\" \/>\n<meta property=\"og:type\" content=\"article\" \/>\n<meta property=\"og:title\" content=\"Fiscal\u00eda General de la Naci\u00f3n\" \/>\n<meta property=\"og:description\" content=\"P\u00e1gina oficial de la Fiscal\u00eda General de la Naci\u00f3n \u2013 Colombia. Garantizamos el acceso efectivo a la justicia, la verdad y la reparaci\u00f3n de las v\u00edctimas de los delitos.\" \/>\n<meta property=\"og:url\" content=\"https:\/\/www.fiscalia.gov.co\/colombia\/noticias\/imputados-alcalde-de-san-vicente-del-caguan-su-secretaria-administrativa-y-una-contratista-por-presuntas-irregularidades-en-contrato-para-mitigar-la-pandemia-del-covid-19\/\" \/>\n<meta property=\"og:site_name\" content=\"Fiscal\u00eda General de la Naci\u00f3n\" \/>\n<meta property=\"article:publisher\" content=\"https:\/\/www.facebook.com\/FiscaliaCol\" \/>\n<meta property=\"article:published_time\" content=\"2021-11-21T19:06:36+00:00\" \/>\n<meta property=\"article:modified_time\" content=\"2021-12-01T21:29:26+00:00\" \/>\n<meta name=\"author\" content=\"Direcci\u00f3n de Comunicaciones Fiscal\u00eda General de la Naci\u00f3n\" \/>\n<meta name=\"twitter:card\" content=\"summary_large_image\" \/>\n<meta name=\"twitter:creator\" content=\"@FiscaliaCol\" \/>\n<meta name=\"twitter:site\" content=\"@FiscaliaCol\" \/>\n<meta name=\"twitter:label1\" content=\"Escrito por\" \/>\n\t<meta name=\"twitter:data1\" content=\"Direcci\u00f3n de Comunicaciones Fiscal\u00eda General de la Naci\u00f3n\" \/>\n\t<meta name=\"twitter:label2\" content=\"Tiempo de lectura\" \/>\n\t<meta name=\"twitter:data2\" content=\"2 minutos\" \/>\n<script type=\"application\/ld+json\" class=\"yoast-schema-graph\">{\"@context\":\"https:\/\/schema.org\",\"@graph\":[{\"@type\":\"Article\",\"@id\":\"https:\/\/www.fiscalia.gov.co\/colombia\/noticias\/imputados-alcalde-de-san-vicente-del-caguan-su-secretaria-administrativa-y-una-contratista-por-presuntas-irregularidades-en-contrato-para-mitigar-la-pandemia-del-covid-19\/#article\",\"isPartOf\":{\"@id\":\"https:\/\/www.fiscalia.gov.co\/colombia\/noticias\/imputados-alcalde-de-san-vicente-del-caguan-su-secretaria-administrativa-y-una-contratista-por-presuntas-irregularidades-en-contrato-para-mitigar-la-pandemia-del-covid-19\/\"},\"author\":{\"name\":\"Direcci\u00f3n de Comunicaciones Fiscal\u00eda General de la Naci\u00f3n\",\"@id\":\"https:\/\/www.fiscalia.gov.co\/colombia\/#\/schema\/person\/bf28d8ae7f1b287bbe3af484b04f43ea\"},\"headline\":\"Imputados alcalde de San Vicente del Cagu\u00e1n, su secretaria administrativa y una contratista por presuntas irregularidades en contrato para mitigar la pandemia del Covid-19\",\"datePublished\":\"2021-11-21T19:06:36+00:00\",\"dateModified\":\"2021-12-01T21:29:26+00:00\",\"mainEntityOfPage\":{\"@id\":\"https:\/\/www.fiscalia.gov.co\/colombia\/noticias\/imputados-alcalde-de-san-vicente-del-caguan-su-secretaria-administrativa-y-una-contratista-por-presuntas-irregularidades-en-contrato-para-mitigar-la-pandemia-del-covid-19\/\"},\"wordCount\":449,\"publisher\":{\"@id\":\"https:\/\/www.fiscalia.gov.co\/colombia\/#organization\"},\"articleSection\":[\"Corrupci\u00f3n\",\"Corrupci\u00f3n\",\"Noticias\",\"Seccional Florencia\",\"Seccionales\"],\"inLanguage\":\"es-CO\"},{\"@type\":\"WebPage\",\"@id\":\"https:\/\/www.fiscalia.gov.co\/colombia\/noticias\/imputados-alcalde-de-san-vicente-del-caguan-su-secretaria-administrativa-y-una-contratista-por-presuntas-irregularidades-en-contrato-para-mitigar-la-pandemia-del-covid-19\/\",\"url\":\"https:\/\/www.fiscalia.gov.co\/colombia\/noticias\/imputados-alcalde-de-san-vicente-del-caguan-su-secretaria-administrativa-y-una-contratista-por-presuntas-irregularidades-en-contrato-para-mitigar-la-pandemia-del-covid-19\/\",\"name\":\"Fiscal\u00eda General de la Naci\u00f3n\",\"isPartOf\":{\"@id\":\"https:\/\/www.fiscalia.gov.co\/colombia\/#website\"},\"datePublished\":\"2021-11-21T19:06:36+00:00\",\"dateModified\":\"2021-12-01T21:29:26+00:00\",\"description\":\"P\u00e1gina oficial de la Fiscal\u00eda General de la Naci\u00f3n \u2013 Colombia. Garantizamos el acceso efectivo a la justicia, la verdad y la reparaci\u00f3n de las v\u00edctimas de los delitos.\",\"breadcrumb\":{\"@id\":\"https:\/\/www.fiscalia.gov.co\/colombia\/noticias\/imputados-alcalde-de-san-vicente-del-caguan-su-secretaria-administrativa-y-una-contratista-por-presuntas-irregularidades-en-contrato-para-mitigar-la-pandemia-del-covid-19\/#breadcrumb\"},\"inLanguage\":\"es-CO\",\"potentialAction\":[{\"@type\":\"ReadAction\",\"target\":[\"https:\/\/www.fiscalia.gov.co\/colombia\/noticias\/imputados-alcalde-de-san-vicente-del-caguan-su-secretaria-administrativa-y-una-contratista-por-presuntas-irregularidades-en-contrato-para-mitigar-la-pandemia-del-covid-19\/\"]}]},{\"@type\":\"BreadcrumbList\",\"@id\":\"https:\/\/www.fiscalia.gov.co\/colombia\/noticias\/imputados-alcalde-de-san-vicente-del-caguan-su-secretaria-administrativa-y-una-contratista-por-presuntas-irregularidades-en-contrato-para-mitigar-la-pandemia-del-covid-19\/#breadcrumb\",\"itemListElement\":[{\"@type\":\"ListItem\",\"position\":1,\"name\":\"Home\",\"item\":\"https:\/\/www.fiscalia.gov.co\/colombia\/\"},{\"@type\":\"ListItem\",\"position\":2,\"name\":\"Imputados alcalde de San Vicente del Cagu\u00e1n, su secretaria administrativa y una contratista por presuntas irregularidades en contrato para mitigar la pandemia del Covid-19\"}]},{\"@type\":\"WebSite\",\"@id\":\"https:\/\/www.fiscalia.gov.co\/colombia\/#website\",\"url\":\"https:\/\/www.fiscalia.gov.co\/colombia\/\",\"name\":\"Fiscal\u00eda General de la Naci\u00f3n\",\"description\":\"P\u00e1gina oficial de la Fiscal\u00eda General de la Naci\u00f3n \u2013 Colombia. Garantizamos el acceso efectivo a la justicia, la verdad y la reparaci\u00f3n de las v\u00edctimas de los delitos.\",\"publisher\":{\"@id\":\"https:\/\/www.fiscalia.gov.co\/colombia\/#organization\"},\"potentialAction\":[{\"@type\":\"SearchAction\",\"target\":{\"@type\":\"EntryPoint\",\"urlTemplate\":\"https:\/\/www.fiscalia.gov.co\/colombia\/?s={search_term_string}\"},\"query-input\":{\"@type\":\"PropertyValueSpecification\",\"valueRequired\":true,\"valueName\":\"search_term_string\"}}],\"inLanguage\":\"es-CO\"},{\"@type\":\"Organization\",\"@id\":\"https:\/\/www.fiscalia.gov.co\/colombia\/#organization\",\"name\":\"Fiscal\u00eda General de la Naci\u00f3n\",\"url\":\"https:\/\/www.fiscalia.gov.co\/colombia\/\",\"logo\":{\"@type\":\"ImageObject\",\"inLanguage\":\"es-CO\",\"@id\":\"https:\/\/www.fiscalia.gov.co\/colombia\/#\/schema\/logo\/image\/\",\"url\":\"https:\/\/www.fiscalia.gov.co\/colombia\/wp-content\/uploads\/LogoHorizontal_1.jpg\",\"contentUrl\":\"https:\/\/www.fiscalia.gov.co\/colombia\/wp-content\/uploads\/LogoHorizontal_1.jpg\",\"width\":300,\"height\":90,\"caption\":\"Fiscal\u00eda General de la Naci\u00f3n\"},\"image\":{\"@id\":\"https:\/\/www.fiscalia.gov.co\/colombia\/#\/schema\/logo\/image\/\"},\"sameAs\":[\"https:\/\/www.facebook.com\/FiscaliaCol\",\"https:\/\/x.com\/FiscaliaCol\",\"https:\/\/www.instagram.com\/fiscaliacol\",\"https:\/\/www.linkedin.com\/company\/fiscalia-general-de-la-naci-n\/\",\"https:\/\/youtube.com\/@fiscaliageneraldelanacion-4668?si=6nN79nyQICPU5iTh\"]},{\"@type\":\"Person\",\"@id\":\"https:\/\/www.fiscalia.gov.co\/colombia\/#\/schema\/person\/bf28d8ae7f1b287bbe3af484b04f43ea\",\"name\":\"Direcci\u00f3n de Comunicaciones Fiscal\u00eda General de la Naci\u00f3n\",\"image\":{\"@type\":\"ImageObject\",\"inLanguage\":\"es-CO\",\"@id\":\"https:\/\/www.fiscalia.gov.co\/colombia\/#\/schema\/person\/image\/\",\"url\":\"https:\/\/secure.gravatar.com\/avatar\/9d55ae161d32da16dbdd0b380c080a5f?s=96&d=mm&r=g\",\"contentUrl\":\"https:\/\/secure.gravatar.com\/avatar\/9d55ae161d32da16dbdd0b380c080a5f?s=96&d=mm&r=g\",\"caption\":\"Direcci\u00f3n de Comunicaciones Fiscal\u00eda General de la Naci\u00f3n\"},\"url\":\"https:\/\/www.fiscalia.gov.co\/colombia\/author\/kbonilla\/\"}]}<\/script>\n<!-- \/ Yoast SEO plugin. -->","yoast_head_json":{"title":"Fiscal\u00eda General de la Naci\u00f3n","description":"P\u00e1gina oficial de la Fiscal\u00eda General de la Naci\u00f3n \u2013 Colombia. Garantizamos el acceso efectivo a la justicia, la verdad y la reparaci\u00f3n de las v\u00edctimas de los delitos.","robots":{"index":"noindex","follow":"follow"},"og_locale":"es_ES","og_type":"article","og_title":"Fiscal\u00eda General de la Naci\u00f3n","og_description":"P\u00e1gina oficial de la Fiscal\u00eda General de la Naci\u00f3n \u2013 Colombia. Garantizamos el acceso efectivo a la justicia, la verdad y la reparaci\u00f3n de las v\u00edctimas de los delitos.","og_url":"https:\/\/www.fiscalia.gov.co\/colombia\/noticias\/imputados-alcalde-de-san-vicente-del-caguan-su-secretaria-administrativa-y-una-contratista-por-presuntas-irregularidades-en-contrato-para-mitigar-la-pandemia-del-covid-19\/","og_site_name":"Fiscal\u00eda General de la Naci\u00f3n","article_publisher":"https:\/\/www.facebook.com\/FiscaliaCol","article_published_time":"2021-11-21T19:06:36+00:00","article_modified_time":"2021-12-01T21:29:26+00:00","author":"Direcci\u00f3n de Comunicaciones Fiscal\u00eda General de la Naci\u00f3n","twitter_card":"summary_large_image","twitter_creator":"@FiscaliaCol","twitter_site":"@FiscaliaCol","twitter_misc":{"Escrito por":"Direcci\u00f3n de Comunicaciones Fiscal\u00eda General de la Naci\u00f3n","Tiempo de lectura":"2 minutos"},"schema":{"@context":"https:\/\/schema.org","@graph":[{"@type":"Article","@id":"https:\/\/www.fiscalia.gov.co\/colombia\/noticias\/imputados-alcalde-de-san-vicente-del-caguan-su-secretaria-administrativa-y-una-contratista-por-presuntas-irregularidades-en-contrato-para-mitigar-la-pandemia-del-covid-19\/#article","isPartOf":{"@id":"https:\/\/www.fiscalia.gov.co\/colombia\/noticias\/imputados-alcalde-de-san-vicente-del-caguan-su-secretaria-administrativa-y-una-contratista-por-presuntas-irregularidades-en-contrato-para-mitigar-la-pandemia-del-covid-19\/"},"author":{"name":"Direcci\u00f3n de Comunicaciones Fiscal\u00eda General de la Naci\u00f3n","@id":"https:\/\/www.fiscalia.gov.co\/colombia\/#\/schema\/person\/bf28d8ae7f1b287bbe3af484b04f43ea"},"headline":"Imputados alcalde de San Vicente del Cagu\u00e1n, su secretaria administrativa y una contratista por presuntas irregularidades en contrato para mitigar la pandemia del Covid-19","datePublished":"2021-11-21T19:06:36+00:00","dateModified":"2021-12-01T21:29:26+00:00","mainEntityOfPage":{"@id":"https:\/\/www.fiscalia.gov.co\/colombia\/noticias\/imputados-alcalde-de-san-vicente-del-caguan-su-secretaria-administrativa-y-una-contratista-por-presuntas-irregularidades-en-contrato-para-mitigar-la-pandemia-del-covid-19\/"},"wordCount":449,"publisher":{"@id":"https:\/\/www.fiscalia.gov.co\/colombia\/#organization"},"articleSection":["Corrupci\u00f3n","Corrupci\u00f3n","Noticias","Seccional Florencia","Seccionales"],"inLanguage":"es-CO"},{"@type":"WebPage","@id":"https:\/\/www.fiscalia.gov.co\/colombia\/noticias\/imputados-alcalde-de-san-vicente-del-caguan-su-secretaria-administrativa-y-una-contratista-por-presuntas-irregularidades-en-contrato-para-mitigar-la-pandemia-del-covid-19\/","url":"https:\/\/www.fiscalia.gov.co\/colombia\/noticias\/imputados-alcalde-de-san-vicente-del-caguan-su-secretaria-administrativa-y-una-contratista-por-presuntas-irregularidades-en-contrato-para-mitigar-la-pandemia-del-covid-19\/","name":"Fiscal\u00eda General de la Naci\u00f3n","isPartOf":{"@id":"https:\/\/www.fiscalia.gov.co\/colombia\/#website"},"datePublished":"2021-11-21T19:06:36+00:00","dateModified":"2021-12-01T21:29:26+00:00","description":"P\u00e1gina oficial de la Fiscal\u00eda General de la Naci\u00f3n \u2013 Colombia. Garantizamos el acceso efectivo a la justicia, la verdad y la reparaci\u00f3n de las v\u00edctimas de los delitos.","breadcrumb":{"@id":"https:\/\/www.fiscalia.gov.co\/colombia\/noticias\/imputados-alcalde-de-san-vicente-del-caguan-su-secretaria-administrativa-y-una-contratista-por-presuntas-irregularidades-en-contrato-para-mitigar-la-pandemia-del-covid-19\/#breadcrumb"},"inLanguage":"es-CO","potentialAction":[{"@type":"ReadAction","target":["https:\/\/www.fiscalia.gov.co\/colombia\/noticias\/imputados-alcalde-de-san-vicente-del-caguan-su-secretaria-administrativa-y-una-contratista-por-presuntas-irregularidades-en-contrato-para-mitigar-la-pandemia-del-covid-19\/"]}]},{"@type":"BreadcrumbList","@id":"https:\/\/www.fiscalia.gov.co\/colombia\/noticias\/imputados-alcalde-de-san-vicente-del-caguan-su-secretaria-administrativa-y-una-contratista-por-presuntas-irregularidades-en-contrato-para-mitigar-la-pandemia-del-covid-19\/#breadcrumb","itemListElement":[{"@type":"ListItem","position":1,"name":"Home","item":"https:\/\/www.fiscalia.gov.co\/colombia\/"},{"@type":"ListItem","position":2,"name":"Imputados alcalde de San Vicente del Cagu\u00e1n, su secretaria administrativa y una contratista por presuntas irregularidades en contrato para mitigar la pandemia del Covid-19"}]},{"@type":"WebSite","@id":"https:\/\/www.fiscalia.gov.co\/colombia\/#website","url":"https:\/\/www.fiscalia.gov.co\/colombia\/","name":"Fiscal\u00eda General de la Naci\u00f3n","description":"P\u00e1gina oficial de la Fiscal\u00eda General de la Naci\u00f3n \u2013 Colombia. Garantizamos el acceso efectivo a la justicia, la verdad y la reparaci\u00f3n de las v\u00edctimas de los delitos.","publisher":{"@id":"https:\/\/www.fiscalia.gov.co\/colombia\/#organization"},"potentialAction":[{"@type":"SearchAction","target":{"@type":"EntryPoint","urlTemplate":"https:\/\/www.fiscalia.gov.co\/colombia\/?s={search_term_string}"},"query-input":{"@type":"PropertyValueSpecification","valueRequired":true,"valueName":"search_term_string"}}],"inLanguage":"es-CO"},{"@type":"Organization","@id":"https:\/\/www.fiscalia.gov.co\/colombia\/#organization","name":"Fiscal\u00eda General de la Naci\u00f3n","url":"https:\/\/www.fiscalia.gov.co\/colombia\/","logo":{"@type":"ImageObject","inLanguage":"es-CO","@id":"https:\/\/www.fiscalia.gov.co\/colombia\/#\/schema\/logo\/image\/","url":"https:\/\/www.fiscalia.gov.co\/colombia\/wp-content\/uploads\/LogoHorizontal_1.jpg","contentUrl":"https:\/\/www.fiscalia.gov.co\/colombia\/wp-content\/uploads\/LogoHorizontal_1.jpg","width":300,"height":90,"caption":"Fiscal\u00eda General de la Naci\u00f3n"},"image":{"@id":"https:\/\/www.fiscalia.gov.co\/colombia\/#\/schema\/logo\/image\/"},"sameAs":["https:\/\/www.facebook.com\/FiscaliaCol","https:\/\/x.com\/FiscaliaCol","https:\/\/www.instagram.com\/fiscaliacol","https:\/\/www.linkedin.com\/company\/fiscalia-general-de-la-naci-n\/","https:\/\/youtube.com\/@fiscaliageneraldelanacion-4668?si=6nN79nyQICPU5iTh"]},{"@type":"Person","@id":"https:\/\/www.fiscalia.gov.co\/colombia\/#\/schema\/person\/bf28d8ae7f1b287bbe3af484b04f43ea","name":"Direcci\u00f3n de Comunicaciones Fiscal\u00eda General de la Naci\u00f3n","image":{"@type":"ImageObject","inLanguage":"es-CO","@id":"https:\/\/www.fiscalia.gov.co\/colombia\/#\/schema\/person\/image\/","url":"https:\/\/secure.gravatar.com\/avatar\/9d55ae161d32da16dbdd0b380c080a5f?s=96&d=mm&r=g","contentUrl":"https:\/\/secure.gravatar.com\/avatar\/9d55ae161d32da16dbdd0b380c080a5f?s=96&d=mm&r=g","caption":"Direcci\u00f3n de Comunicaciones Fiscal\u00eda General de la Naci\u00f3n"},"url":"https:\/\/www.fiscalia.gov.co\/colombia\/author\/kbonilla\/"}]}},"_links":{"self":[{"href":"https:\/\/www.fiscalia.gov.co\/colombia\/wp-json\/wp\/v2\/posts\/235256","targetHints":{"allow":["GET"]}}],"collection":[{"href":"https:\/\/www.fiscalia.gov.co\/colombia\/wp-json\/wp\/v2\/posts"}],"about":[{"href":"https:\/\/www.fiscalia.gov.co\/colombia\/wp-json\/wp\/v2\/types\/post"}],"author":[{"embeddable":true,"href":"https:\/\/www.fiscalia.gov.co\/colombia\/wp-json\/wp\/v2\/users\/162"}],"replies":[{"embeddable":true,"href":"https:\/\/www.fiscalia.gov.co\/colombia\/wp-json\/wp\/v2\/comments?post=235256"}],"version-history":[{"count":2,"href":"https:\/\/www.fiscalia.gov.co\/colombia\/wp-json\/wp\/v2\/posts\/235256\/revisions"}],"predecessor-version":[{"id":235258,"href":"https:\/\/www.fiscalia.gov.co\/colombia\/wp-json\/wp\/v2\/posts\/235256\/revisions\/235258"}],"wp:attachment":[{"href":"https:\/\/www.fiscalia.gov.co\/colombia\/wp-json\/wp\/v2\/media?parent=235256"}],"wp:term":[{"taxonomy":"category","embeddable":true,"href":"https:\/\/www.fiscalia.gov.co\/colombia\/wp-json\/wp\/v2\/categories?post=235256"},{"taxonomy":"post_tag","embeddable":true,"href":"https:\/\/www.fiscalia.gov.co\/colombia\/wp-json\/wp\/v2\/tags?post=235256"}],"curies":[{"name":"wp","href":"https:\/\/api.w.org\/{rel}","templated":true}]}}