{"id":235248,"date":"2021-11-21T10:06:17","date_gmt":"2021-11-21T15:06:17","guid":{"rendered":"https:\/\/www.fiscalia.gov.co\/colombia\/?p=235248"},"modified":"2021-12-01T16:26:51","modified_gmt":"2021-12-01T21:26:51","slug":"desarticulada-organizacion-delincuencial-denominada-recaudadores-dedicada-que-presuntamente-a-apoderarse-del-dinero-de-las-recargas-de-tarjetas-tu-llave-en-bogota","status":"publish","type":"post","link":"https:\/\/www.fiscalia.gov.co\/colombia\/noticias\/desarticulada-organizacion-delincuencial-denominada-recaudadores-dedicada-que-presuntamente-a-apoderarse-del-dinero-de-las-recargas-de-tarjetas-tu-llave-en-bogota\/","title":{"rendered":"Desarticulada organizaci\u00f3n delincuencial denominada recaudadores, dedicada que presuntamente a apoderarse del dinero de las recargas de tarjetas \u2018Tu Llave\u2019 en Bogot\u00e1"},"content":{"rendered":"<blockquote class=\"td_quote_box td_box_center\">\n<h4 style=\"text-align: left;\"><strong><em>Los diez capturados fueron enviados a la c\u00e1rcel por los delitos de hurto por medios inform\u00e1ticos y semejantes agravado y concierto para delinquir.<\/em><\/strong><\/h4>\n<\/blockquote>\n<p>La Fiscal\u00eda logr\u00f3 que un juez con funci\u00f3n de control de garant\u00edas impusiera medida de aseguramiento en centro carcelario en contra de 10 presuntos integrantes del grupo delincuencial denominado &#8216;Recaudadores\u2019.<\/p>\n<p><img loading=\"lazy\" decoding=\"async\" class=\"alignnone size-large wp-image-235249\" src=\"https:\/\/www.fiscalia.gov.co\/colombia\/wp-content\/uploads\/los-recaudadores-1024x687.jpeg\" alt=\"\" width=\"696\" height=\"467\" srcset=\"https:\/\/www.fiscalia.gov.co\/colombia\/wp-content\/uploads\/los-recaudadores-1024x687.jpeg 1024w, https:\/\/www.fiscalia.gov.co\/colombia\/wp-content\/uploads\/los-recaudadores-300x201.jpeg 300w, https:\/\/www.fiscalia.gov.co\/colombia\/wp-content\/uploads\/los-recaudadores-768x515.jpeg 768w, https:\/\/www.fiscalia.gov.co\/colombia\/wp-content\/uploads\/los-recaudadores-696x467.jpeg 696w, https:\/\/www.fiscalia.gov.co\/colombia\/wp-content\/uploads\/los-recaudadores-1068x717.jpeg 1068w, https:\/\/www.fiscalia.gov.co\/colombia\/wp-content\/uploads\/los-recaudadores-626x420.jpeg 626w, https:\/\/www.fiscalia.gov.co\/colombia\/wp-content\/uploads\/los-recaudadores.jpeg 1280w\" sizes=\"auto, (max-width: 696px) 100vw, 696px\" \/><\/p>\n<p>De acuerdo con la investigaci\u00f3n adelantada por un fiscal de la Unidad de Investigaci\u00f3n y Judicializaci\u00f3n de Bogot\u00e1, con apoyo de la Polic\u00eda Judicial DITRA de la MEBOG, se conoci\u00f3 que para el a\u00f1o 2019, durante revisi\u00f3n de estad\u00edsticas de la empresa recaudadora, se presentaron usos inusuales en tarjetas de recargas de pasajes \u2018Tu llave\u2019.<\/p>\n<p>En un primer caso, se conoci\u00f3 que, presuntamente, el operador de la taquilla recib\u00eda por parte del usuario la tarjeta y el dinero para la recarga, pero, de manera premeditada la Terminal de Carga Asistida (TCA) era desconectada de forma manual, lo que imped\u00eda\u00a0la transmisi\u00f3n del dato inform\u00e1tico y la realizaci\u00f3n de la transacci\u00f3n y as\u00ed el dinero no quedaba registrado en la base de la empresa de recaudos, apoder\u00e1ndose el empleado de taquilla de dicho dinero.<\/p>\n<p>Una segunda modalidad consist\u00eda en que el operador realizaba presuntamente, el mismo procedimiento, con la diferencia que la tarjeta que era recargada pertenec\u00eda a un c\u00f3mplice del empleado.<\/p>\n<p>En un operativo realizado en 10 de noviembre de 2021 se hicieron efectivas las \u00f3rdenes de captura en contra de\u00a0Yeimy Kathein Gallego, Licet Tatiana Rinc\u00f3n, Vilma Liliana Ocampo Garc\u00eda, Lina Paola Ortiz Cifuentes, Xiomara Ginnet Guti\u00e9rrez, Jhon Freddy Ortiz Cifuentes, Nury Migdonia Buitrago Giraldo, Joan Camilo Cruz Cifuentes, Yobana Tovar Gonz\u00e1lez y Diana Carolina Ram\u00edrez Casta\u00f1eda.<\/p>\n<p>En audiencias preliminares se legalizaron las capturas. La Fiscal\u00eda formul\u00f3 imputaci\u00f3n por los delitos de hurto por medios inform\u00e1ticos y semejantes agravado y concierto para delinquir. Dichos cargos no fueron aceptados por ninguno de los procesados.<\/p>\n<p>&nbsp;<\/p>\n<p><strong>La Fiscal\u00eda General de la Naci\u00f3n habla con resultados.<\/strong><\/p>\n<p>&nbsp;<\/p>\n<p>LMFO\/SLES\/FAGH<\/p>\n<p><i><span lang=\"es\">La informaci\u00f3n contenida en este bolet\u00edn de prensa corresponde a la narraci\u00f3n de los hechos noticiosos objetivos, suministrados por los funcionarios encargados de adelantar las investigaciones penales al interior de la Fiscal\u00eda General de la Naci\u00f3n. Para el momento de la divulgaci\u00f3n de este comunicado, la situaci\u00f3n jur\u00eddica de la(s) persona(s) relacionada(s) se encuentra pendiente de resolver por la autoridad judicial competente, siempre bajo los preceptos de la presunci\u00f3n de inocencia, consagrados en el art\u00edculo 29 de la Constituci\u00f3n Pol\u00edtica y el art\u00edculo 7\u00ba de la Ley 906 de 2004.<\/span><\/i><\/p>\n<p>&nbsp;<\/p>\n<p>&nbsp;<\/p>\n\n<div class=\"twitter-share\"><a href=\"https:\/\/twitter.com\/intent\/tweet?via=fiscaliacol\" class=\"twitter-share-button\">Tweet<\/a><\/div>\n","protected":false},"excerpt":{"rendered":"<p>Los diez capturados fueron enviados a la c\u00e1rcel por los delitos de hurto por medios inform\u00e1ticos y semejantes agravado y concierto para delinquir. La Fiscal\u00eda logr\u00f3 que un juez con [&hellip;]<\/p>\n","protected":false},"author":162,"featured_media":236114,"comment_status":"closed","ping_status":"open","sticky":false,"template":"","format":"video","meta":{"tdm_status":"","tdm_grid_status":"","footnotes":""},"categories":[1,321,303,24099],"tags":[29599,11101],"class_list":["post-235248","post","type-post","status-publish","format-video","has-post-thumbnail","category-noticias","category-seccional-bogota","category-seccionales","category-seguridad-territorial","tag-los-recaudadores","tag-seguridad-ciudadana","post_format-post-format-video"],"yoast_head":"<!-- This site is optimized with the Yoast SEO plugin v24.3 - https:\/\/yoast.com\/wordpress\/plugins\/seo\/ -->\n<title>Fiscal\u00eda General de la Naci\u00f3n<\/title>\n<meta name=\"description\" content=\"P\u00e1gina oficial de la Fiscal\u00eda General de la Naci\u00f3n \u2013 Colombia. Garantizamos el acceso efectivo a la justicia, la verdad y la reparaci\u00f3n de las v\u00edctimas de los delitos.\" \/>\n<meta name=\"robots\" content=\"noindex, follow\" \/>\n<meta property=\"og:locale\" content=\"es_ES\" \/>\n<meta property=\"og:type\" content=\"article\" \/>\n<meta property=\"og:title\" content=\"Fiscal\u00eda General de la Naci\u00f3n\" \/>\n<meta property=\"og:description\" content=\"P\u00e1gina oficial de la Fiscal\u00eda General de la Naci\u00f3n \u2013 Colombia. Garantizamos el acceso efectivo a la justicia, la verdad y la reparaci\u00f3n de las v\u00edctimas de los delitos.\" \/>\n<meta property=\"og:url\" content=\"https:\/\/www.fiscalia.gov.co\/colombia\/noticias\/desarticulada-organizacion-delincuencial-denominada-recaudadores-dedicada-que-presuntamente-a-apoderarse-del-dinero-de-las-recargas-de-tarjetas-tu-llave-en-bogota\/\" \/>\n<meta property=\"og:site_name\" content=\"Fiscal\u00eda General de la Naci\u00f3n\" \/>\n<meta property=\"article:publisher\" content=\"https:\/\/www.facebook.com\/FiscaliaCol\" \/>\n<meta property=\"article:published_time\" content=\"2021-11-21T15:06:17+00:00\" \/>\n<meta property=\"article:modified_time\" content=\"2021-12-01T21:26:51+00:00\" \/>\n<meta property=\"og:image\" content=\"https:\/\/www.fiscalia.gov.co\/colombia\/wp-content\/uploads\/maxresdefault-217.jpg\" \/>\n\t<meta property=\"og:image:width\" content=\"1280\" \/>\n\t<meta property=\"og:image:height\" content=\"720\" \/>\n\t<meta property=\"og:image:type\" content=\"image\/jpeg\" \/>\n<meta name=\"author\" content=\"Direcci\u00f3n de Comunicaciones Fiscal\u00eda General de la Naci\u00f3n\" \/>\n<meta name=\"twitter:card\" content=\"summary_large_image\" \/>\n<meta name=\"twitter:creator\" content=\"@FiscaliaCol\" \/>\n<meta name=\"twitter:site\" content=\"@FiscaliaCol\" \/>\n<meta name=\"twitter:label1\" content=\"Escrito por\" \/>\n\t<meta name=\"twitter:data1\" content=\"Direcci\u00f3n de Comunicaciones Fiscal\u00eda General de la Naci\u00f3n\" \/>\n\t<meta name=\"twitter:label2\" content=\"Tiempo de lectura\" \/>\n\t<meta name=\"twitter:data2\" content=\"2 minutos\" \/>\n<script type=\"application\/ld+json\" class=\"yoast-schema-graph\">{\"@context\":\"https:\/\/schema.org\",\"@graph\":[{\"@type\":\"Article\",\"@id\":\"https:\/\/www.fiscalia.gov.co\/colombia\/noticias\/desarticulada-organizacion-delincuencial-denominada-recaudadores-dedicada-que-presuntamente-a-apoderarse-del-dinero-de-las-recargas-de-tarjetas-tu-llave-en-bogota\/#article\",\"isPartOf\":{\"@id\":\"https:\/\/www.fiscalia.gov.co\/colombia\/noticias\/desarticulada-organizacion-delincuencial-denominada-recaudadores-dedicada-que-presuntamente-a-apoderarse-del-dinero-de-las-recargas-de-tarjetas-tu-llave-en-bogota\/\"},\"author\":{\"name\":\"Direcci\u00f3n de Comunicaciones Fiscal\u00eda General de la Naci\u00f3n\",\"@id\":\"https:\/\/www.fiscalia.gov.co\/colombia\/#\/schema\/person\/bf28d8ae7f1b287bbe3af484b04f43ea\"},\"headline\":\"Desarticulada organizaci\u00f3n delincuencial denominada recaudadores, dedicada que presuntamente a apoderarse del dinero de las recargas de tarjetas \u2018Tu Llave\u2019 en Bogot\u00e1\",\"datePublished\":\"2021-11-21T15:06:17+00:00\",\"dateModified\":\"2021-12-01T21:26:51+00:00\",\"mainEntityOfPage\":{\"@id\":\"https:\/\/www.fiscalia.gov.co\/colombia\/noticias\/desarticulada-organizacion-delincuencial-denominada-recaudadores-dedicada-que-presuntamente-a-apoderarse-del-dinero-de-las-recargas-de-tarjetas-tu-llave-en-bogota\/\"},\"wordCount\":476,\"publisher\":{\"@id\":\"https:\/\/www.fiscalia.gov.co\/colombia\/#organization\"},\"image\":{\"@id\":\"https:\/\/www.fiscalia.gov.co\/colombia\/noticias\/desarticulada-organizacion-delincuencial-denominada-recaudadores-dedicada-que-presuntamente-a-apoderarse-del-dinero-de-las-recargas-de-tarjetas-tu-llave-en-bogota\/#primaryimage\"},\"thumbnailUrl\":\"https:\/\/www.fiscalia.gov.co\/colombia\/wp-content\/uploads\/maxresdefault-217.jpg\",\"keywords\":[\"Los Recaudadores\",\"Seguridad ciudadana\"],\"articleSection\":[\"Noticias\",\"Seccional Bogot\u00e1\",\"Seccionales\",\"Seguridad territorial\"],\"inLanguage\":\"es-CO\"},{\"@type\":\"WebPage\",\"@id\":\"https:\/\/www.fiscalia.gov.co\/colombia\/noticias\/desarticulada-organizacion-delincuencial-denominada-recaudadores-dedicada-que-presuntamente-a-apoderarse-del-dinero-de-las-recargas-de-tarjetas-tu-llave-en-bogota\/\",\"url\":\"https:\/\/www.fiscalia.gov.co\/colombia\/noticias\/desarticulada-organizacion-delincuencial-denominada-recaudadores-dedicada-que-presuntamente-a-apoderarse-del-dinero-de-las-recargas-de-tarjetas-tu-llave-en-bogota\/\",\"name\":\"Fiscal\u00eda General de la Naci\u00f3n\",\"isPartOf\":{\"@id\":\"https:\/\/www.fiscalia.gov.co\/colombia\/#website\"},\"primaryImageOfPage\":{\"@id\":\"https:\/\/www.fiscalia.gov.co\/colombia\/noticias\/desarticulada-organizacion-delincuencial-denominada-recaudadores-dedicada-que-presuntamente-a-apoderarse-del-dinero-de-las-recargas-de-tarjetas-tu-llave-en-bogota\/#primaryimage\"},\"image\":{\"@id\":\"https:\/\/www.fiscalia.gov.co\/colombia\/noticias\/desarticulada-organizacion-delincuencial-denominada-recaudadores-dedicada-que-presuntamente-a-apoderarse-del-dinero-de-las-recargas-de-tarjetas-tu-llave-en-bogota\/#primaryimage\"},\"thumbnailUrl\":\"https:\/\/www.fiscalia.gov.co\/colombia\/wp-content\/uploads\/maxresdefault-217.jpg\",\"datePublished\":\"2021-11-21T15:06:17+00:00\",\"dateModified\":\"2021-12-01T21:26:51+00:00\",\"description\":\"P\u00e1gina oficial de la Fiscal\u00eda General de la Naci\u00f3n \u2013 Colombia. Garantizamos el acceso efectivo a la justicia, la verdad y la reparaci\u00f3n de las v\u00edctimas de los delitos.\",\"breadcrumb\":{\"@id\":\"https:\/\/www.fiscalia.gov.co\/colombia\/noticias\/desarticulada-organizacion-delincuencial-denominada-recaudadores-dedicada-que-presuntamente-a-apoderarse-del-dinero-de-las-recargas-de-tarjetas-tu-llave-en-bogota\/#breadcrumb\"},\"inLanguage\":\"es-CO\",\"potentialAction\":[{\"@type\":\"ReadAction\",\"target\":[\"https:\/\/www.fiscalia.gov.co\/colombia\/noticias\/desarticulada-organizacion-delincuencial-denominada-recaudadores-dedicada-que-presuntamente-a-apoderarse-del-dinero-de-las-recargas-de-tarjetas-tu-llave-en-bogota\/\"]}]},{\"@type\":\"ImageObject\",\"inLanguage\":\"es-CO\",\"@id\":\"https:\/\/www.fiscalia.gov.co\/colombia\/noticias\/desarticulada-organizacion-delincuencial-denominada-recaudadores-dedicada-que-presuntamente-a-apoderarse-del-dinero-de-las-recargas-de-tarjetas-tu-llave-en-bogota\/#primaryimage\",\"url\":\"https:\/\/www.fiscalia.gov.co\/colombia\/wp-content\/uploads\/maxresdefault-217.jpg\",\"contentUrl\":\"https:\/\/www.fiscalia.gov.co\/colombia\/wp-content\/uploads\/maxresdefault-217.jpg\",\"width\":1280,\"height\":720},{\"@type\":\"BreadcrumbList\",\"@id\":\"https:\/\/www.fiscalia.gov.co\/colombia\/noticias\/desarticulada-organizacion-delincuencial-denominada-recaudadores-dedicada-que-presuntamente-a-apoderarse-del-dinero-de-las-recargas-de-tarjetas-tu-llave-en-bogota\/#breadcrumb\",\"itemListElement\":[{\"@type\":\"ListItem\",\"position\":1,\"name\":\"Home\",\"item\":\"https:\/\/www.fiscalia.gov.co\/colombia\/\"},{\"@type\":\"ListItem\",\"position\":2,\"name\":\"Desarticulada organizaci\u00f3n delincuencial denominada recaudadores, dedicada que presuntamente a apoderarse del dinero de las recargas de tarjetas \u2018Tu Llave\u2019 en Bogot\u00e1\"}]},{\"@type\":\"WebSite\",\"@id\":\"https:\/\/www.fiscalia.gov.co\/colombia\/#website\",\"url\":\"https:\/\/www.fiscalia.gov.co\/colombia\/\",\"name\":\"Fiscal\u00eda General de la Naci\u00f3n\",\"description\":\"P\u00e1gina oficial de la Fiscal\u00eda General de la Naci\u00f3n \u2013 Colombia. Garantizamos el acceso efectivo a la justicia, la verdad y la reparaci\u00f3n de las v\u00edctimas de los delitos.\",\"publisher\":{\"@id\":\"https:\/\/www.fiscalia.gov.co\/colombia\/#organization\"},\"potentialAction\":[{\"@type\":\"SearchAction\",\"target\":{\"@type\":\"EntryPoint\",\"urlTemplate\":\"https:\/\/www.fiscalia.gov.co\/colombia\/?s={search_term_string}\"},\"query-input\":{\"@type\":\"PropertyValueSpecification\",\"valueRequired\":true,\"valueName\":\"search_term_string\"}}],\"inLanguage\":\"es-CO\"},{\"@type\":\"Organization\",\"@id\":\"https:\/\/www.fiscalia.gov.co\/colombia\/#organization\",\"name\":\"Fiscal\u00eda General de la Naci\u00f3n\",\"url\":\"https:\/\/www.fiscalia.gov.co\/colombia\/\",\"logo\":{\"@type\":\"ImageObject\",\"inLanguage\":\"es-CO\",\"@id\":\"https:\/\/www.fiscalia.gov.co\/colombia\/#\/schema\/logo\/image\/\",\"url\":\"https:\/\/www.fiscalia.gov.co\/colombia\/wp-content\/uploads\/LogoHorizontal_1.jpg\",\"contentUrl\":\"https:\/\/www.fiscalia.gov.co\/colombia\/wp-content\/uploads\/LogoHorizontal_1.jpg\",\"width\":300,\"height\":90,\"caption\":\"Fiscal\u00eda General de la Naci\u00f3n\"},\"image\":{\"@id\":\"https:\/\/www.fiscalia.gov.co\/colombia\/#\/schema\/logo\/image\/\"},\"sameAs\":[\"https:\/\/www.facebook.com\/FiscaliaCol\",\"https:\/\/x.com\/FiscaliaCol\",\"https:\/\/www.instagram.com\/fiscaliacol\",\"https:\/\/www.linkedin.com\/company\/fiscalia-general-de-la-naci-n\/\",\"https:\/\/youtube.com\/@fiscaliageneraldelanacion-4668?si=6nN79nyQICPU5iTh\"]},{\"@type\":\"Person\",\"@id\":\"https:\/\/www.fiscalia.gov.co\/colombia\/#\/schema\/person\/bf28d8ae7f1b287bbe3af484b04f43ea\",\"name\":\"Direcci\u00f3n de Comunicaciones Fiscal\u00eda General de la Naci\u00f3n\",\"image\":{\"@type\":\"ImageObject\",\"inLanguage\":\"es-CO\",\"@id\":\"https:\/\/www.fiscalia.gov.co\/colombia\/#\/schema\/person\/image\/\",\"url\":\"https:\/\/secure.gravatar.com\/avatar\/9d55ae161d32da16dbdd0b380c080a5f?s=96&d=mm&r=g\",\"contentUrl\":\"https:\/\/secure.gravatar.com\/avatar\/9d55ae161d32da16dbdd0b380c080a5f?s=96&d=mm&r=g\",\"caption\":\"Direcci\u00f3n de Comunicaciones Fiscal\u00eda General de la Naci\u00f3n\"},\"url\":\"https:\/\/www.fiscalia.gov.co\/colombia\/author\/kbonilla\/\"}]}<\/script>\n<!-- \/ Yoast SEO plugin. -->","yoast_head_json":{"title":"Fiscal\u00eda General de la Naci\u00f3n","description":"P\u00e1gina oficial de la Fiscal\u00eda General de la Naci\u00f3n \u2013 Colombia. Garantizamos el acceso efectivo a la justicia, la verdad y la reparaci\u00f3n de las v\u00edctimas de los delitos.","robots":{"index":"noindex","follow":"follow"},"og_locale":"es_ES","og_type":"article","og_title":"Fiscal\u00eda General de la Naci\u00f3n","og_description":"P\u00e1gina oficial de la Fiscal\u00eda General de la Naci\u00f3n \u2013 Colombia. Garantizamos el acceso efectivo a la justicia, la verdad y la reparaci\u00f3n de las v\u00edctimas de los delitos.","og_url":"https:\/\/www.fiscalia.gov.co\/colombia\/noticias\/desarticulada-organizacion-delincuencial-denominada-recaudadores-dedicada-que-presuntamente-a-apoderarse-del-dinero-de-las-recargas-de-tarjetas-tu-llave-en-bogota\/","og_site_name":"Fiscal\u00eda General de la Naci\u00f3n","article_publisher":"https:\/\/www.facebook.com\/FiscaliaCol","article_published_time":"2021-11-21T15:06:17+00:00","article_modified_time":"2021-12-01T21:26:51+00:00","og_image":[{"width":1280,"height":720,"url":"https:\/\/www.fiscalia.gov.co\/colombia\/wp-content\/uploads\/maxresdefault-217.jpg","type":"image\/jpeg"}],"author":"Direcci\u00f3n de Comunicaciones Fiscal\u00eda General de la Naci\u00f3n","twitter_card":"summary_large_image","twitter_creator":"@FiscaliaCol","twitter_site":"@FiscaliaCol","twitter_misc":{"Escrito por":"Direcci\u00f3n de Comunicaciones Fiscal\u00eda General de la Naci\u00f3n","Tiempo de lectura":"2 minutos"},"schema":{"@context":"https:\/\/schema.org","@graph":[{"@type":"Article","@id":"https:\/\/www.fiscalia.gov.co\/colombia\/noticias\/desarticulada-organizacion-delincuencial-denominada-recaudadores-dedicada-que-presuntamente-a-apoderarse-del-dinero-de-las-recargas-de-tarjetas-tu-llave-en-bogota\/#article","isPartOf":{"@id":"https:\/\/www.fiscalia.gov.co\/colombia\/noticias\/desarticulada-organizacion-delincuencial-denominada-recaudadores-dedicada-que-presuntamente-a-apoderarse-del-dinero-de-las-recargas-de-tarjetas-tu-llave-en-bogota\/"},"author":{"name":"Direcci\u00f3n de Comunicaciones Fiscal\u00eda General de la Naci\u00f3n","@id":"https:\/\/www.fiscalia.gov.co\/colombia\/#\/schema\/person\/bf28d8ae7f1b287bbe3af484b04f43ea"},"headline":"Desarticulada organizaci\u00f3n delincuencial denominada recaudadores, dedicada que presuntamente a apoderarse del dinero de las recargas de tarjetas \u2018Tu Llave\u2019 en Bogot\u00e1","datePublished":"2021-11-21T15:06:17+00:00","dateModified":"2021-12-01T21:26:51+00:00","mainEntityOfPage":{"@id":"https:\/\/www.fiscalia.gov.co\/colombia\/noticias\/desarticulada-organizacion-delincuencial-denominada-recaudadores-dedicada-que-presuntamente-a-apoderarse-del-dinero-de-las-recargas-de-tarjetas-tu-llave-en-bogota\/"},"wordCount":476,"publisher":{"@id":"https:\/\/www.fiscalia.gov.co\/colombia\/#organization"},"image":{"@id":"https:\/\/www.fiscalia.gov.co\/colombia\/noticias\/desarticulada-organizacion-delincuencial-denominada-recaudadores-dedicada-que-presuntamente-a-apoderarse-del-dinero-de-las-recargas-de-tarjetas-tu-llave-en-bogota\/#primaryimage"},"thumbnailUrl":"https:\/\/www.fiscalia.gov.co\/colombia\/wp-content\/uploads\/maxresdefault-217.jpg","keywords":["Los Recaudadores","Seguridad ciudadana"],"articleSection":["Noticias","Seccional Bogot\u00e1","Seccionales","Seguridad territorial"],"inLanguage":"es-CO"},{"@type":"WebPage","@id":"https:\/\/www.fiscalia.gov.co\/colombia\/noticias\/desarticulada-organizacion-delincuencial-denominada-recaudadores-dedicada-que-presuntamente-a-apoderarse-del-dinero-de-las-recargas-de-tarjetas-tu-llave-en-bogota\/","url":"https:\/\/www.fiscalia.gov.co\/colombia\/noticias\/desarticulada-organizacion-delincuencial-denominada-recaudadores-dedicada-que-presuntamente-a-apoderarse-del-dinero-de-las-recargas-de-tarjetas-tu-llave-en-bogota\/","name":"Fiscal\u00eda General de la Naci\u00f3n","isPartOf":{"@id":"https:\/\/www.fiscalia.gov.co\/colombia\/#website"},"primaryImageOfPage":{"@id":"https:\/\/www.fiscalia.gov.co\/colombia\/noticias\/desarticulada-organizacion-delincuencial-denominada-recaudadores-dedicada-que-presuntamente-a-apoderarse-del-dinero-de-las-recargas-de-tarjetas-tu-llave-en-bogota\/#primaryimage"},"image":{"@id":"https:\/\/www.fiscalia.gov.co\/colombia\/noticias\/desarticulada-organizacion-delincuencial-denominada-recaudadores-dedicada-que-presuntamente-a-apoderarse-del-dinero-de-las-recargas-de-tarjetas-tu-llave-en-bogota\/#primaryimage"},"thumbnailUrl":"https:\/\/www.fiscalia.gov.co\/colombia\/wp-content\/uploads\/maxresdefault-217.jpg","datePublished":"2021-11-21T15:06:17+00:00","dateModified":"2021-12-01T21:26:51+00:00","description":"P\u00e1gina oficial de la Fiscal\u00eda General de la Naci\u00f3n \u2013 Colombia. Garantizamos el acceso efectivo a la justicia, la verdad y la reparaci\u00f3n de las v\u00edctimas de los delitos.","breadcrumb":{"@id":"https:\/\/www.fiscalia.gov.co\/colombia\/noticias\/desarticulada-organizacion-delincuencial-denominada-recaudadores-dedicada-que-presuntamente-a-apoderarse-del-dinero-de-las-recargas-de-tarjetas-tu-llave-en-bogota\/#breadcrumb"},"inLanguage":"es-CO","potentialAction":[{"@type":"ReadAction","target":["https:\/\/www.fiscalia.gov.co\/colombia\/noticias\/desarticulada-organizacion-delincuencial-denominada-recaudadores-dedicada-que-presuntamente-a-apoderarse-del-dinero-de-las-recargas-de-tarjetas-tu-llave-en-bogota\/"]}]},{"@type":"ImageObject","inLanguage":"es-CO","@id":"https:\/\/www.fiscalia.gov.co\/colombia\/noticias\/desarticulada-organizacion-delincuencial-denominada-recaudadores-dedicada-que-presuntamente-a-apoderarse-del-dinero-de-las-recargas-de-tarjetas-tu-llave-en-bogota\/#primaryimage","url":"https:\/\/www.fiscalia.gov.co\/colombia\/wp-content\/uploads\/maxresdefault-217.jpg","contentUrl":"https:\/\/www.fiscalia.gov.co\/colombia\/wp-content\/uploads\/maxresdefault-217.jpg","width":1280,"height":720},{"@type":"BreadcrumbList","@id":"https:\/\/www.fiscalia.gov.co\/colombia\/noticias\/desarticulada-organizacion-delincuencial-denominada-recaudadores-dedicada-que-presuntamente-a-apoderarse-del-dinero-de-las-recargas-de-tarjetas-tu-llave-en-bogota\/#breadcrumb","itemListElement":[{"@type":"ListItem","position":1,"name":"Home","item":"https:\/\/www.fiscalia.gov.co\/colombia\/"},{"@type":"ListItem","position":2,"name":"Desarticulada organizaci\u00f3n delincuencial denominada recaudadores, dedicada que presuntamente a apoderarse del dinero de las recargas de tarjetas \u2018Tu Llave\u2019 en Bogot\u00e1"}]},{"@type":"WebSite","@id":"https:\/\/www.fiscalia.gov.co\/colombia\/#website","url":"https:\/\/www.fiscalia.gov.co\/colombia\/","name":"Fiscal\u00eda General de la Naci\u00f3n","description":"P\u00e1gina oficial de la Fiscal\u00eda General de la Naci\u00f3n \u2013 Colombia. Garantizamos el acceso efectivo a la justicia, la verdad y la reparaci\u00f3n de las v\u00edctimas de los delitos.","publisher":{"@id":"https:\/\/www.fiscalia.gov.co\/colombia\/#organization"},"potentialAction":[{"@type":"SearchAction","target":{"@type":"EntryPoint","urlTemplate":"https:\/\/www.fiscalia.gov.co\/colombia\/?s={search_term_string}"},"query-input":{"@type":"PropertyValueSpecification","valueRequired":true,"valueName":"search_term_string"}}],"inLanguage":"es-CO"},{"@type":"Organization","@id":"https:\/\/www.fiscalia.gov.co\/colombia\/#organization","name":"Fiscal\u00eda General de la Naci\u00f3n","url":"https:\/\/www.fiscalia.gov.co\/colombia\/","logo":{"@type":"ImageObject","inLanguage":"es-CO","@id":"https:\/\/www.fiscalia.gov.co\/colombia\/#\/schema\/logo\/image\/","url":"https:\/\/www.fiscalia.gov.co\/colombia\/wp-content\/uploads\/LogoHorizontal_1.jpg","contentUrl":"https:\/\/www.fiscalia.gov.co\/colombia\/wp-content\/uploads\/LogoHorizontal_1.jpg","width":300,"height":90,"caption":"Fiscal\u00eda General de la Naci\u00f3n"},"image":{"@id":"https:\/\/www.fiscalia.gov.co\/colombia\/#\/schema\/logo\/image\/"},"sameAs":["https:\/\/www.facebook.com\/FiscaliaCol","https:\/\/x.com\/FiscaliaCol","https:\/\/www.instagram.com\/fiscaliacol","https:\/\/www.linkedin.com\/company\/fiscalia-general-de-la-naci-n\/","https:\/\/youtube.com\/@fiscaliageneraldelanacion-4668?si=6nN79nyQICPU5iTh"]},{"@type":"Person","@id":"https:\/\/www.fiscalia.gov.co\/colombia\/#\/schema\/person\/bf28d8ae7f1b287bbe3af484b04f43ea","name":"Direcci\u00f3n de Comunicaciones Fiscal\u00eda General de la Naci\u00f3n","image":{"@type":"ImageObject","inLanguage":"es-CO","@id":"https:\/\/www.fiscalia.gov.co\/colombia\/#\/schema\/person\/image\/","url":"https:\/\/secure.gravatar.com\/avatar\/9d55ae161d32da16dbdd0b380c080a5f?s=96&d=mm&r=g","contentUrl":"https:\/\/secure.gravatar.com\/avatar\/9d55ae161d32da16dbdd0b380c080a5f?s=96&d=mm&r=g","caption":"Direcci\u00f3n de Comunicaciones Fiscal\u00eda General de la Naci\u00f3n"},"url":"https:\/\/www.fiscalia.gov.co\/colombia\/author\/kbonilla\/"}]}},"_links":{"self":[{"href":"https:\/\/www.fiscalia.gov.co\/colombia\/wp-json\/wp\/v2\/posts\/235248","targetHints":{"allow":["GET"]}}],"collection":[{"href":"https:\/\/www.fiscalia.gov.co\/colombia\/wp-json\/wp\/v2\/posts"}],"about":[{"href":"https:\/\/www.fiscalia.gov.co\/colombia\/wp-json\/wp\/v2\/types\/post"}],"author":[{"embeddable":true,"href":"https:\/\/www.fiscalia.gov.co\/colombia\/wp-json\/wp\/v2\/users\/162"}],"replies":[{"embeddable":true,"href":"https:\/\/www.fiscalia.gov.co\/colombia\/wp-json\/wp\/v2\/comments?post=235248"}],"version-history":[{"count":2,"href":"https:\/\/www.fiscalia.gov.co\/colombia\/wp-json\/wp\/v2\/posts\/235248\/revisions"}],"predecessor-version":[{"id":235251,"href":"https:\/\/www.fiscalia.gov.co\/colombia\/wp-json\/wp\/v2\/posts\/235248\/revisions\/235251"}],"wp:featuredmedia":[{"embeddable":true,"href":"https:\/\/www.fiscalia.gov.co\/colombia\/wp-json\/wp\/v2\/media\/236114"}],"wp:attachment":[{"href":"https:\/\/www.fiscalia.gov.co\/colombia\/wp-json\/wp\/v2\/media?parent=235248"}],"wp:term":[{"taxonomy":"category","embeddable":true,"href":"https:\/\/www.fiscalia.gov.co\/colombia\/wp-json\/wp\/v2\/categories?post=235248"},{"taxonomy":"post_tag","embeddable":true,"href":"https:\/\/www.fiscalia.gov.co\/colombia\/wp-json\/wp\/v2\/tags?post=235248"}],"curies":[{"name":"wp","href":"https:\/\/api.w.org\/{rel}","templated":true}]}}