{"id":235211,"date":"2021-11-20T10:06:29","date_gmt":"2021-11-20T15:06:29","guid":{"rendered":"https:\/\/www.fiscalia.gov.co\/colombia\/?p=235211"},"modified":"2021-11-20T10:18:49","modified_gmt":"2021-11-20T15:18:49","slug":"a-la-carcel-un-teniente-y-dos-patrulleros-de-la-policia-investigados-por-la-muerte-de-un-cabildante-indigena-en-cumbal-narino","status":"publish","type":"post","link":"https:\/\/www.fiscalia.gov.co\/colombia\/noticias\/a-la-carcel-un-teniente-y-dos-patrulleros-de-la-policia-investigados-por-la-muerte-de-un-cabildante-indigena-en-cumbal-narino\/","title":{"rendered":"A la c\u00e1rcel un teniente y dos patrulleros de la Polic\u00eda investigados por la muerte de un cabildante ind\u00edgena en Cumbal (Nari\u00f1o)"},"content":{"rendered":"<blockquote class=\"td_quote_box td_box_center\">\n<h4 class=\"x_MsoNormal\" style=\"text-align: left;\"><strong><i>La v\u00edctima falleci\u00f3 por un trauma craneoencef\u00e1lico provocado al parecer por las golpizas que le habr\u00edan propinado los uniformados en la Estaci\u00f3n de Polic\u00eda de esa poblaci\u00f3n.\u00a0<\/i>\u00a0<\/strong><\/h4>\n<\/blockquote>\n<p class=\"x_MsoNormal\">El juez segundo penal de Pasto (Nari\u00f1o), con funci\u00f3n de control de garant\u00edas, dict\u00f3 medida de aseguramiento en centro carcelario en contra del teniente de la Polic\u00eda Nacional, Carlos Jos\u00e9 Salcedo Pe\u00f1aloza, de 26 a\u00f1os; as\u00ed como de los patrulleros Jaime Alberto Alba Zuleta, de 32 a\u00f1os; y \u00d3mar Eduardo Galindres Cortez, de 23 a\u00f1os, como presuntos coautores de\u00a0<a href=\"https:\/\/www.fiscalia.gov.co\/colombia\/noticias\/tribunal-confirma-condena-contra-dos-hombres-por-homicidio-agravado\/\" target=\"_blank\" rel=\"noopener noreferrer\" data-auth=\"NotApplicable\" data-linkindex=\"0\"><b>homicidio agravado<\/b><\/a><b>\u00a0<\/b>en concurso heterog\u00e9neo y sucesivo,\u00a0<b>y\u00a0<\/b><a href=\"https:\/\/www.fiscalia.gov.co\/colombia\/noticias\/privados-de-la-libertad-dos-agentes-de-la-policia-por-supuesta-tortura-y-amenazas-a-un-ciudadano\/\" target=\"_blank\" rel=\"noopener noreferrer\" data-auth=\"NotApplicable\" data-linkindex=\"1\"><b>privaci\u00f3n il\u00edcita de la libertad<\/b><\/a>, a los cuales no se allanaron.<\/p>\n<p class=\"x_MsoNormal\">La investigaci\u00f3n se relaciona con lo ocurrido el 20 de junio de 2020 en el barrio Pueblo Viejo del municipio de\u00a0<b>Cumbal (Nari\u00f1o),<\/b>\u00a0donde los hoy procesados supuestamente retuvieron a dos personas porque al parecer estaban infringiendo la norma de aislamiento obligatorio por el Covid-19.<\/p>\n<p class=\"x_MsoNormal\">Seg\u00fan lo establecido, uno de los retenidos, identificado como\u00a0\u00c1ngel Daniel Revelo\u00a0Regino, cabildante del resguardo ind\u00edgena del Gran Cumbal, opuso resistencia al arresto, por lo que\u00a0<b>habr\u00eda sido reducido a golpes<\/b>, esposado y subido a la radiopatrulla por los polic\u00edas. La v\u00edctima y el otro hombre con el que estaba fueron conducidos a la Estaci\u00f3n de Polic\u00eda de Cumbal.<\/p>\n<p class=\"x_MsoNormal\">En las instalaciones, se presume que\u00a0Revelo\u00a0Regino\u00a0fue agredido f\u00edsicamente en diferentes partes del cuerpo por el teniente Salcedo, lo que le provoc\u00f3 una ca\u00edda y un golpe en la cabeza. Posteriormente, la v\u00edctima fue llevada a una sala de reflexi\u00f3n en la que permaneci\u00f3 en delicado estado de salud hasta que su amigo solicit\u00f3 atenci\u00f3n m\u00e9dica urgente.<\/p>\n<p class=\"x_MsoNormal\">Al d\u00eda siguiente, el 21 de junio de 2020, el hombre lesionado fue dejado en libertad, pero previamente le impusieron un comparendo por infracci\u00f3n a las medidas sanitarias. Sin embargo, se evidenci\u00f3 que la v\u00edctima no pod\u00eda ponerse de pie y estuvo inconsciente, por ello fue trasladada al centro de salud de Cumbal y luego a<\/p>\n<p class=\"x_MsoNormal\">la Cl\u00ednica de Las Lajas del municipio de Ipiales, donde fue intervenido quir\u00fargicamente, permaneciendo en cuidados intensivos hasta el 29 de junio.<\/p>\n<p class=\"x_MsoNormal\">Ese d\u00eda, debido a las lesiones recibidas\u00a0\u00c1ngel Daniel Revelo\u00a0Regino<b>\u00a0muri\u00f3 debido a un trauma craneoencef\u00e1lico<\/b>, de acuerdo con el reporte del Instituto Nacional de Medicina Legal.<\/p>\n<p class=\"x_MsoNormal\">Por estos hechos, el pasado 16 de noviembre, servidores del\u00a0<b>Cuerpo T\u00e9cnico de Investigaci\u00f3n (CTI)\u00a0<\/b>capturaron en el\u00a0<b>Comando de la Polic\u00eda Pasto<\/b>\u00a0al oficial y, de manera simult\u00e1nea, en el\u00a0<b>Comando de la Polic\u00eda Ipiales<\/b>\u00a0detuvieron a los patrulleros.<\/p>\n<p class=\"x_MsoNormal\">Por decisi\u00f3n del juez, los investigados cumplir\u00e1n la medida en la c\u00e1rcel de Ipiales.<\/p>\n<p class=\"x_MsoNormal\">Esta informaci\u00f3n se publica por razones de inter\u00e9s general.<\/p>\n<p class=\"x_MsoNormal\">La Fiscal\u00eda habla con resultados.<\/p>\n<p class=\"x_MsoNormal\">JGPV\/LV\/DLBM.<\/p>\n<p class=\"x_MsoNormal\">Le puede interesar:\u00a0<a href=\"https:\/\/www.fiscalia.gov.co\/colombia\/hechos-concretos\/a-la-carcel-presuntos-responsables-del-homicidio-de-dos-policias-en-san-andres\/\" target=\"_blank\" rel=\"noopener noreferrer\" data-auth=\"NotApplicable\" data-linkindex=\"2\">A la c\u00e1rcel presuntos responsables del homicidio de dos polic\u00edas en San Andr\u00e9s<\/a><\/p>\n<p class=\"x_MsoNormal\"><i><span lang=\"ES\">La informaci\u00f3n contenida en este bolet\u00edn de prensa corresponde a la narraci\u00f3n de los hechos noticiosos objetivos, suministrados por los funcionarios encargados de adelantar las investigaciones penales al interior de la Fiscal\u00eda General de la Naci\u00f3n. Para el momento de la divulgaci\u00f3n de este comunicado, la situaci\u00f3n jur\u00eddica de la(s) persona(s) relacionada(s) se encuentra pendiente de resolver por la autoridad judicial competente, siempre bajo los preceptos de la presunci\u00f3n de inocencia, consagrados en el art\u00edculo 29 de la Constituci\u00f3n Pol\u00edtica y el art\u00edculo 7\u00ba de la Ley 906 de 2004<\/span><\/i><i><span lang=\"ES\">.\u00a0<\/span><\/i><b>\u00a0<\/b><\/p>\n\n<div class=\"twitter-share\"><a href=\"https:\/\/twitter.com\/intent\/tweet?via=fiscaliacol\" class=\"twitter-share-button\">Tweet<\/a><\/div>\n","protected":false},"excerpt":{"rendered":"<p>La v\u00edctima falleci\u00f3 por un trauma craneoencef\u00e1lico provocado al parecer por las golpizas que le habr\u00edan propinado los uniformados en la Estaci\u00f3n de Polic\u00eda de esa poblaci\u00f3n.\u00a0\u00a0 El juez segundo [&hellip;]<\/p>\n","protected":false},"author":162,"featured_media":0,"comment_status":"closed","ping_status":"open","sticky":false,"template":"","format":"standard","meta":{"tdm_status":"","tdm_grid_status":"","footnotes":""},"categories":[1,334,303,24099],"tags":[],"class_list":["post-235211","post","type-post","status-publish","format-standard","category-noticias","category-seccional-pasto","category-seccionales","category-seguridad-territorial"],"yoast_head":"<!-- This site is optimized with the Yoast SEO plugin v24.3 - https:\/\/yoast.com\/wordpress\/plugins\/seo\/ -->\n<title>Fiscal\u00eda General de la Naci\u00f3n<\/title>\n<meta name=\"description\" content=\"P\u00e1gina oficial de la Fiscal\u00eda General de la Naci\u00f3n \u2013 Colombia. Garantizamos el acceso efectivo a la justicia, la verdad y la reparaci\u00f3n de las v\u00edctimas de los delitos.\" \/>\n<meta name=\"robots\" content=\"noindex, follow\" \/>\n<meta property=\"og:locale\" content=\"es_ES\" \/>\n<meta property=\"og:type\" content=\"article\" \/>\n<meta property=\"og:title\" content=\"Fiscal\u00eda General de la Naci\u00f3n\" \/>\n<meta property=\"og:description\" content=\"P\u00e1gina oficial de la Fiscal\u00eda General de la Naci\u00f3n \u2013 Colombia. Garantizamos el acceso efectivo a la justicia, la verdad y la reparaci\u00f3n de las v\u00edctimas de los delitos.\" \/>\n<meta property=\"og:url\" content=\"https:\/\/www.fiscalia.gov.co\/colombia\/noticias\/a-la-carcel-un-teniente-y-dos-patrulleros-de-la-policia-investigados-por-la-muerte-de-un-cabildante-indigena-en-cumbal-narino\/\" \/>\n<meta property=\"og:site_name\" content=\"Fiscal\u00eda General de la Naci\u00f3n\" \/>\n<meta property=\"article:publisher\" content=\"https:\/\/www.facebook.com\/FiscaliaCol\" \/>\n<meta property=\"article:published_time\" content=\"2021-11-20T15:06:29+00:00\" \/>\n<meta property=\"article:modified_time\" content=\"2021-11-20T15:18:49+00:00\" \/>\n<meta name=\"author\" content=\"Direcci\u00f3n de Comunicaciones Fiscal\u00eda General de la Naci\u00f3n\" \/>\n<meta name=\"twitter:card\" content=\"summary_large_image\" \/>\n<meta name=\"twitter:creator\" content=\"@FiscaliaCol\" \/>\n<meta name=\"twitter:site\" content=\"@FiscaliaCol\" \/>\n<meta name=\"twitter:label1\" content=\"Escrito por\" \/>\n\t<meta name=\"twitter:data1\" content=\"Direcci\u00f3n de Comunicaciones Fiscal\u00eda General de la Naci\u00f3n\" \/>\n\t<meta name=\"twitter:label2\" content=\"Tiempo de lectura\" \/>\n\t<meta name=\"twitter:data2\" content=\"3 minutos\" \/>\n<script type=\"application\/ld+json\" class=\"yoast-schema-graph\">{\"@context\":\"https:\/\/schema.org\",\"@graph\":[{\"@type\":\"Article\",\"@id\":\"https:\/\/www.fiscalia.gov.co\/colombia\/noticias\/a-la-carcel-un-teniente-y-dos-patrulleros-de-la-policia-investigados-por-la-muerte-de-un-cabildante-indigena-en-cumbal-narino\/#article\",\"isPartOf\":{\"@id\":\"https:\/\/www.fiscalia.gov.co\/colombia\/noticias\/a-la-carcel-un-teniente-y-dos-patrulleros-de-la-policia-investigados-por-la-muerte-de-un-cabildante-indigena-en-cumbal-narino\/\"},\"author\":{\"name\":\"Direcci\u00f3n de Comunicaciones Fiscal\u00eda General de la Naci\u00f3n\",\"@id\":\"https:\/\/www.fiscalia.gov.co\/colombia\/#\/schema\/person\/bf28d8ae7f1b287bbe3af484b04f43ea\"},\"headline\":\"A la c\u00e1rcel un teniente y dos patrulleros de la Polic\u00eda investigados por la muerte de un cabildante ind\u00edgena en Cumbal (Nari\u00f1o)\",\"datePublished\":\"2021-11-20T15:06:29+00:00\",\"dateModified\":\"2021-11-20T15:18:49+00:00\",\"mainEntityOfPage\":{\"@id\":\"https:\/\/www.fiscalia.gov.co\/colombia\/noticias\/a-la-carcel-un-teniente-y-dos-patrulleros-de-la-policia-investigados-por-la-muerte-de-un-cabildante-indigena-en-cumbal-narino\/\"},\"wordCount\":635,\"publisher\":{\"@id\":\"https:\/\/www.fiscalia.gov.co\/colombia\/#organization\"},\"articleSection\":[\"Noticias\",\"Seccional Pasto\",\"Seccionales\",\"Seguridad territorial\"],\"inLanguage\":\"es-CO\"},{\"@type\":\"WebPage\",\"@id\":\"https:\/\/www.fiscalia.gov.co\/colombia\/noticias\/a-la-carcel-un-teniente-y-dos-patrulleros-de-la-policia-investigados-por-la-muerte-de-un-cabildante-indigena-en-cumbal-narino\/\",\"url\":\"https:\/\/www.fiscalia.gov.co\/colombia\/noticias\/a-la-carcel-un-teniente-y-dos-patrulleros-de-la-policia-investigados-por-la-muerte-de-un-cabildante-indigena-en-cumbal-narino\/\",\"name\":\"Fiscal\u00eda General de la Naci\u00f3n\",\"isPartOf\":{\"@id\":\"https:\/\/www.fiscalia.gov.co\/colombia\/#website\"},\"datePublished\":\"2021-11-20T15:06:29+00:00\",\"dateModified\":\"2021-11-20T15:18:49+00:00\",\"description\":\"P\u00e1gina oficial de la Fiscal\u00eda General de la Naci\u00f3n \u2013 Colombia. Garantizamos el acceso efectivo a la justicia, la verdad y la reparaci\u00f3n de las v\u00edctimas de los delitos.\",\"breadcrumb\":{\"@id\":\"https:\/\/www.fiscalia.gov.co\/colombia\/noticias\/a-la-carcel-un-teniente-y-dos-patrulleros-de-la-policia-investigados-por-la-muerte-de-un-cabildante-indigena-en-cumbal-narino\/#breadcrumb\"},\"inLanguage\":\"es-CO\",\"potentialAction\":[{\"@type\":\"ReadAction\",\"target\":[\"https:\/\/www.fiscalia.gov.co\/colombia\/noticias\/a-la-carcel-un-teniente-y-dos-patrulleros-de-la-policia-investigados-por-la-muerte-de-un-cabildante-indigena-en-cumbal-narino\/\"]}]},{\"@type\":\"BreadcrumbList\",\"@id\":\"https:\/\/www.fiscalia.gov.co\/colombia\/noticias\/a-la-carcel-un-teniente-y-dos-patrulleros-de-la-policia-investigados-por-la-muerte-de-un-cabildante-indigena-en-cumbal-narino\/#breadcrumb\",\"itemListElement\":[{\"@type\":\"ListItem\",\"position\":1,\"name\":\"Home\",\"item\":\"https:\/\/www.fiscalia.gov.co\/colombia\/\"},{\"@type\":\"ListItem\",\"position\":2,\"name\":\"A la c\u00e1rcel un teniente y dos patrulleros de la Polic\u00eda investigados por la muerte de un cabildante ind\u00edgena en Cumbal (Nari\u00f1o)\"}]},{\"@type\":\"WebSite\",\"@id\":\"https:\/\/www.fiscalia.gov.co\/colombia\/#website\",\"url\":\"https:\/\/www.fiscalia.gov.co\/colombia\/\",\"name\":\"Fiscal\u00eda General de la Naci\u00f3n\",\"description\":\"P\u00e1gina oficial de la Fiscal\u00eda General de la Naci\u00f3n \u2013 Colombia. Garantizamos el acceso efectivo a la justicia, la verdad y la reparaci\u00f3n de las v\u00edctimas de los delitos.\",\"publisher\":{\"@id\":\"https:\/\/www.fiscalia.gov.co\/colombia\/#organization\"},\"potentialAction\":[{\"@type\":\"SearchAction\",\"target\":{\"@type\":\"EntryPoint\",\"urlTemplate\":\"https:\/\/www.fiscalia.gov.co\/colombia\/?s={search_term_string}\"},\"query-input\":{\"@type\":\"PropertyValueSpecification\",\"valueRequired\":true,\"valueName\":\"search_term_string\"}}],\"inLanguage\":\"es-CO\"},{\"@type\":\"Organization\",\"@id\":\"https:\/\/www.fiscalia.gov.co\/colombia\/#organization\",\"name\":\"Fiscal\u00eda General de la Naci\u00f3n\",\"url\":\"https:\/\/www.fiscalia.gov.co\/colombia\/\",\"logo\":{\"@type\":\"ImageObject\",\"inLanguage\":\"es-CO\",\"@id\":\"https:\/\/www.fiscalia.gov.co\/colombia\/#\/schema\/logo\/image\/\",\"url\":\"https:\/\/www.fiscalia.gov.co\/colombia\/wp-content\/uploads\/LogoHorizontal_1.jpg\",\"contentUrl\":\"https:\/\/www.fiscalia.gov.co\/colombia\/wp-content\/uploads\/LogoHorizontal_1.jpg\",\"width\":300,\"height\":90,\"caption\":\"Fiscal\u00eda General de la Naci\u00f3n\"},\"image\":{\"@id\":\"https:\/\/www.fiscalia.gov.co\/colombia\/#\/schema\/logo\/image\/\"},\"sameAs\":[\"https:\/\/www.facebook.com\/FiscaliaCol\",\"https:\/\/x.com\/FiscaliaCol\",\"https:\/\/www.instagram.com\/fiscaliacol\",\"https:\/\/www.linkedin.com\/company\/fiscalia-general-de-la-naci-n\/\",\"https:\/\/youtube.com\/@fiscaliageneraldelanacion-4668?si=6nN79nyQICPU5iTh\"]},{\"@type\":\"Person\",\"@id\":\"https:\/\/www.fiscalia.gov.co\/colombia\/#\/schema\/person\/bf28d8ae7f1b287bbe3af484b04f43ea\",\"name\":\"Direcci\u00f3n de Comunicaciones Fiscal\u00eda General de la Naci\u00f3n\",\"image\":{\"@type\":\"ImageObject\",\"inLanguage\":\"es-CO\",\"@id\":\"https:\/\/www.fiscalia.gov.co\/colombia\/#\/schema\/person\/image\/\",\"url\":\"https:\/\/secure.gravatar.com\/avatar\/9d55ae161d32da16dbdd0b380c080a5f?s=96&d=mm&r=g\",\"contentUrl\":\"https:\/\/secure.gravatar.com\/avatar\/9d55ae161d32da16dbdd0b380c080a5f?s=96&d=mm&r=g\",\"caption\":\"Direcci\u00f3n de Comunicaciones Fiscal\u00eda General de la Naci\u00f3n\"},\"url\":\"https:\/\/www.fiscalia.gov.co\/colombia\/author\/kbonilla\/\"}]}<\/script>\n<!-- \/ Yoast SEO plugin. -->","yoast_head_json":{"title":"Fiscal\u00eda General de la Naci\u00f3n","description":"P\u00e1gina oficial de la Fiscal\u00eda General de la Naci\u00f3n \u2013 Colombia. Garantizamos el acceso efectivo a la justicia, la verdad y la reparaci\u00f3n de las v\u00edctimas de los delitos.","robots":{"index":"noindex","follow":"follow"},"og_locale":"es_ES","og_type":"article","og_title":"Fiscal\u00eda General de la Naci\u00f3n","og_description":"P\u00e1gina oficial de la Fiscal\u00eda General de la Naci\u00f3n \u2013 Colombia. Garantizamos el acceso efectivo a la justicia, la verdad y la reparaci\u00f3n de las v\u00edctimas de los delitos.","og_url":"https:\/\/www.fiscalia.gov.co\/colombia\/noticias\/a-la-carcel-un-teniente-y-dos-patrulleros-de-la-policia-investigados-por-la-muerte-de-un-cabildante-indigena-en-cumbal-narino\/","og_site_name":"Fiscal\u00eda General de la Naci\u00f3n","article_publisher":"https:\/\/www.facebook.com\/FiscaliaCol","article_published_time":"2021-11-20T15:06:29+00:00","article_modified_time":"2021-11-20T15:18:49+00:00","author":"Direcci\u00f3n de Comunicaciones Fiscal\u00eda General de la Naci\u00f3n","twitter_card":"summary_large_image","twitter_creator":"@FiscaliaCol","twitter_site":"@FiscaliaCol","twitter_misc":{"Escrito por":"Direcci\u00f3n de Comunicaciones Fiscal\u00eda General de la Naci\u00f3n","Tiempo de lectura":"3 minutos"},"schema":{"@context":"https:\/\/schema.org","@graph":[{"@type":"Article","@id":"https:\/\/www.fiscalia.gov.co\/colombia\/noticias\/a-la-carcel-un-teniente-y-dos-patrulleros-de-la-policia-investigados-por-la-muerte-de-un-cabildante-indigena-en-cumbal-narino\/#article","isPartOf":{"@id":"https:\/\/www.fiscalia.gov.co\/colombia\/noticias\/a-la-carcel-un-teniente-y-dos-patrulleros-de-la-policia-investigados-por-la-muerte-de-un-cabildante-indigena-en-cumbal-narino\/"},"author":{"name":"Direcci\u00f3n de Comunicaciones Fiscal\u00eda General de la Naci\u00f3n","@id":"https:\/\/www.fiscalia.gov.co\/colombia\/#\/schema\/person\/bf28d8ae7f1b287bbe3af484b04f43ea"},"headline":"A la c\u00e1rcel un teniente y dos patrulleros de la Polic\u00eda investigados por la muerte de un cabildante ind\u00edgena en Cumbal (Nari\u00f1o)","datePublished":"2021-11-20T15:06:29+00:00","dateModified":"2021-11-20T15:18:49+00:00","mainEntityOfPage":{"@id":"https:\/\/www.fiscalia.gov.co\/colombia\/noticias\/a-la-carcel-un-teniente-y-dos-patrulleros-de-la-policia-investigados-por-la-muerte-de-un-cabildante-indigena-en-cumbal-narino\/"},"wordCount":635,"publisher":{"@id":"https:\/\/www.fiscalia.gov.co\/colombia\/#organization"},"articleSection":["Noticias","Seccional Pasto","Seccionales","Seguridad territorial"],"inLanguage":"es-CO"},{"@type":"WebPage","@id":"https:\/\/www.fiscalia.gov.co\/colombia\/noticias\/a-la-carcel-un-teniente-y-dos-patrulleros-de-la-policia-investigados-por-la-muerte-de-un-cabildante-indigena-en-cumbal-narino\/","url":"https:\/\/www.fiscalia.gov.co\/colombia\/noticias\/a-la-carcel-un-teniente-y-dos-patrulleros-de-la-policia-investigados-por-la-muerte-de-un-cabildante-indigena-en-cumbal-narino\/","name":"Fiscal\u00eda General de la Naci\u00f3n","isPartOf":{"@id":"https:\/\/www.fiscalia.gov.co\/colombia\/#website"},"datePublished":"2021-11-20T15:06:29+00:00","dateModified":"2021-11-20T15:18:49+00:00","description":"P\u00e1gina oficial de la Fiscal\u00eda General de la Naci\u00f3n \u2013 Colombia. Garantizamos el acceso efectivo a la justicia, la verdad y la reparaci\u00f3n de las v\u00edctimas de los delitos.","breadcrumb":{"@id":"https:\/\/www.fiscalia.gov.co\/colombia\/noticias\/a-la-carcel-un-teniente-y-dos-patrulleros-de-la-policia-investigados-por-la-muerte-de-un-cabildante-indigena-en-cumbal-narino\/#breadcrumb"},"inLanguage":"es-CO","potentialAction":[{"@type":"ReadAction","target":["https:\/\/www.fiscalia.gov.co\/colombia\/noticias\/a-la-carcel-un-teniente-y-dos-patrulleros-de-la-policia-investigados-por-la-muerte-de-un-cabildante-indigena-en-cumbal-narino\/"]}]},{"@type":"BreadcrumbList","@id":"https:\/\/www.fiscalia.gov.co\/colombia\/noticias\/a-la-carcel-un-teniente-y-dos-patrulleros-de-la-policia-investigados-por-la-muerte-de-un-cabildante-indigena-en-cumbal-narino\/#breadcrumb","itemListElement":[{"@type":"ListItem","position":1,"name":"Home","item":"https:\/\/www.fiscalia.gov.co\/colombia\/"},{"@type":"ListItem","position":2,"name":"A la c\u00e1rcel un teniente y dos patrulleros de la Polic\u00eda investigados por la muerte de un cabildante ind\u00edgena en Cumbal (Nari\u00f1o)"}]},{"@type":"WebSite","@id":"https:\/\/www.fiscalia.gov.co\/colombia\/#website","url":"https:\/\/www.fiscalia.gov.co\/colombia\/","name":"Fiscal\u00eda General de la Naci\u00f3n","description":"P\u00e1gina oficial de la Fiscal\u00eda General de la Naci\u00f3n \u2013 Colombia. Garantizamos el acceso efectivo a la justicia, la verdad y la reparaci\u00f3n de las v\u00edctimas de los delitos.","publisher":{"@id":"https:\/\/www.fiscalia.gov.co\/colombia\/#organization"},"potentialAction":[{"@type":"SearchAction","target":{"@type":"EntryPoint","urlTemplate":"https:\/\/www.fiscalia.gov.co\/colombia\/?s={search_term_string}"},"query-input":{"@type":"PropertyValueSpecification","valueRequired":true,"valueName":"search_term_string"}}],"inLanguage":"es-CO"},{"@type":"Organization","@id":"https:\/\/www.fiscalia.gov.co\/colombia\/#organization","name":"Fiscal\u00eda General de la Naci\u00f3n","url":"https:\/\/www.fiscalia.gov.co\/colombia\/","logo":{"@type":"ImageObject","inLanguage":"es-CO","@id":"https:\/\/www.fiscalia.gov.co\/colombia\/#\/schema\/logo\/image\/","url":"https:\/\/www.fiscalia.gov.co\/colombia\/wp-content\/uploads\/LogoHorizontal_1.jpg","contentUrl":"https:\/\/www.fiscalia.gov.co\/colombia\/wp-content\/uploads\/LogoHorizontal_1.jpg","width":300,"height":90,"caption":"Fiscal\u00eda General de la Naci\u00f3n"},"image":{"@id":"https:\/\/www.fiscalia.gov.co\/colombia\/#\/schema\/logo\/image\/"},"sameAs":["https:\/\/www.facebook.com\/FiscaliaCol","https:\/\/x.com\/FiscaliaCol","https:\/\/www.instagram.com\/fiscaliacol","https:\/\/www.linkedin.com\/company\/fiscalia-general-de-la-naci-n\/","https:\/\/youtube.com\/@fiscaliageneraldelanacion-4668?si=6nN79nyQICPU5iTh"]},{"@type":"Person","@id":"https:\/\/www.fiscalia.gov.co\/colombia\/#\/schema\/person\/bf28d8ae7f1b287bbe3af484b04f43ea","name":"Direcci\u00f3n de Comunicaciones Fiscal\u00eda General de la Naci\u00f3n","image":{"@type":"ImageObject","inLanguage":"es-CO","@id":"https:\/\/www.fiscalia.gov.co\/colombia\/#\/schema\/person\/image\/","url":"https:\/\/secure.gravatar.com\/avatar\/9d55ae161d32da16dbdd0b380c080a5f?s=96&d=mm&r=g","contentUrl":"https:\/\/secure.gravatar.com\/avatar\/9d55ae161d32da16dbdd0b380c080a5f?s=96&d=mm&r=g","caption":"Direcci\u00f3n de Comunicaciones Fiscal\u00eda General de la Naci\u00f3n"},"url":"https:\/\/www.fiscalia.gov.co\/colombia\/author\/kbonilla\/"}]}},"_links":{"self":[{"href":"https:\/\/www.fiscalia.gov.co\/colombia\/wp-json\/wp\/v2\/posts\/235211","targetHints":{"allow":["GET"]}}],"collection":[{"href":"https:\/\/www.fiscalia.gov.co\/colombia\/wp-json\/wp\/v2\/posts"}],"about":[{"href":"https:\/\/www.fiscalia.gov.co\/colombia\/wp-json\/wp\/v2\/types\/post"}],"author":[{"embeddable":true,"href":"https:\/\/www.fiscalia.gov.co\/colombia\/wp-json\/wp\/v2\/users\/162"}],"replies":[{"embeddable":true,"href":"https:\/\/www.fiscalia.gov.co\/colombia\/wp-json\/wp\/v2\/comments?post=235211"}],"version-history":[{"count":3,"href":"https:\/\/www.fiscalia.gov.co\/colombia\/wp-json\/wp\/v2\/posts\/235211\/revisions"}],"predecessor-version":[{"id":235226,"href":"https:\/\/www.fiscalia.gov.co\/colombia\/wp-json\/wp\/v2\/posts\/235211\/revisions\/235226"}],"wp:attachment":[{"href":"https:\/\/www.fiscalia.gov.co\/colombia\/wp-json\/wp\/v2\/media?parent=235211"}],"wp:term":[{"taxonomy":"category","embeddable":true,"href":"https:\/\/www.fiscalia.gov.co\/colombia\/wp-json\/wp\/v2\/categories?post=235211"},{"taxonomy":"post_tag","embeddable":true,"href":"https:\/\/www.fiscalia.gov.co\/colombia\/wp-json\/wp\/v2\/tags?post=235211"}],"curies":[{"name":"wp","href":"https:\/\/api.w.org\/{rel}","templated":true}]}}