{"id":235115,"date":"2021-11-19T11:19:23","date_gmt":"2021-11-19T16:19:23","guid":{"rendered":"https:\/\/www.fiscalia.gov.co\/colombia\/?p=235115"},"modified":"2021-11-19T11:20:32","modified_gmt":"2021-11-19T16:20:32","slug":"aseguradas-tres-personas-investigadas-por-concierto-para-delinquir-con-fines-de-secuestro-extorsivo","status":"publish","type":"post","link":"https:\/\/www.fiscalia.gov.co\/colombia\/noticias\/aseguradas-tres-personas-investigadas-por-concierto-para-delinquir-con-fines-de-secuestro-extorsivo\/","title":{"rendered":"Aseguradas tres personas investigadas por concierto para delinquir con fines de secuestro extorsivo"},"content":{"rendered":"<div class=\"gs\">\n<div class=\"\">\n<div id=\":sg\" class=\"ii gt\">\n<p id=\":oh\" class=\"a3s aiL msg1201756539634980219\">\u00a0<strong style=\"color: #111111; font-family: Roboto, sans-serif; font-size: 19px;\"><em>Al parecer, planeaban secuestrar al hijo de un comerciante en Riohacha (Guajira).<\/em><\/strong><\/p>\n<p class=\"a3s aiL msg1201756539634980219\">El juzgado segundo penal municipal penal con funciones de control de garant\u00edas ambulante Riohacha (La Guajira),\u00a0<strong>dict\u00f3 medida de aseguramiento en centro carcelario<\/strong>\u00a0en contra de tres personas \u00a0a quienes la Fiscal\u00eda \u00a0imput\u00f3 como presuntos responsables de los delitos de\u00a0<a href=\"https:\/\/www.fiscalia.gov.co\/colombia\/noticias\/asegurados-tres-extranjeros-y-un-colombiano-que-al-parecer-iban-a-secuestrar-a-dos-menores-de-la-guajira\/\" data-saferedirecturl=\"https:\/\/www.google.com\/url?q=https:\/\/www.fiscalia.gov.co\/colombia\/noticias\/asegurados-tres-extranjeros-y-un-colombiano-que-al-parecer-iban-a-secuestrar-a-dos-menores-de-la-guajira\/&amp;source=gmail&amp;ust=1637421998081000&amp;usg=AOvVaw0UuFbhhfdS1doHR2xQ9TZA\">concierto para delinquir con fines de secuestro extorsivo.\u00a0\u00a0<\/a><\/p>\n<div><\/div>\n<\/div>\n<div id=\":oe\" class=\"hq gt a10\">\n<div class=\"a3I\">\n<figure id=\"attachment_235116\" aria-describedby=\"caption-attachment-235116\" style=\"width: 827px\" class=\"wp-caption alignnone\"><img loading=\"lazy\" decoding=\"async\" class=\"size-full wp-image-235116\" src=\"https:\/\/www.fiscalia.gov.co\/colombia\/wp-content\/uploads\/La-captura-de-los-implicados-se-produjo-en-un-sector-del-barrio-las-Marias-de-Riohacha-La-Guajira.jpg\" alt=\"\" width=\"827\" height=\"602\" srcset=\"https:\/\/www.fiscalia.gov.co\/colombia\/wp-content\/uploads\/La-captura-de-los-implicados-se-produjo-en-un-sector-del-barrio-las-Marias-de-Riohacha-La-Guajira.jpg 827w, https:\/\/www.fiscalia.gov.co\/colombia\/wp-content\/uploads\/La-captura-de-los-implicados-se-produjo-en-un-sector-del-barrio-las-Marias-de-Riohacha-La-Guajira-300x218.jpg 300w, https:\/\/www.fiscalia.gov.co\/colombia\/wp-content\/uploads\/La-captura-de-los-implicados-se-produjo-en-un-sector-del-barrio-las-Marias-de-Riohacha-La-Guajira-768x559.jpg 768w, https:\/\/www.fiscalia.gov.co\/colombia\/wp-content\/uploads\/La-captura-de-los-implicados-se-produjo-en-un-sector-del-barrio-las-Marias-de-Riohacha-La-Guajira-696x507.jpg 696w, https:\/\/www.fiscalia.gov.co\/colombia\/wp-content\/uploads\/La-captura-de-los-implicados-se-produjo-en-un-sector-del-barrio-las-Marias-de-Riohacha-La-Guajira-577x420.jpg 577w, https:\/\/www.fiscalia.gov.co\/colombia\/wp-content\/uploads\/La-captura-de-los-implicados-se-produjo-en-un-sector-del-barrio-las-Marias-de-Riohacha-La-Guajira-324x235.jpg 324w\" sizes=\"auto, (max-width: 827px) 100vw, 827px\" \/><figcaption id=\"caption-attachment-235116\" class=\"wp-caption-text\">La\u00a0 captura de los implicados se produjo en un sector del barrio las Mar\u00edas de Riohacha (La Guajira).<\/figcaption><\/figure>\n<p>Labores de polic\u00eda judicial, el monitoreo de l\u00edneas telef\u00f3nicas, trabajo de campo entre otras actividades, permitieron establecer que los hoy procesados,\u00a0<strong>al parecer, planeaban secuestrar al hijo de un comerciante de la ciudad<\/strong>\u00a0al que le har\u00edan hecho seguimientos y pensaban cumplir su cometido cuando saliera de un sal\u00f3n de billar que visitaba con frecuencia.<\/p>\n<p>Dos de los procesados fueron capturados por unidades del Ej\u00e9rcito en el barrio las Mar\u00edas, y otro en v\u00eda p\u00fablica cerca al cementerio los Olivos\u00a0de la capital guajira. En los procedimientos, se les incautaron dos tel\u00e9fonos celulares.<\/p>\n<p>Despu\u00e9s de escuchar los argumentos de la Fiscal\u00eda, el juez de garant\u00edas dict\u00f3 medida de aseguramiento en centro carcelario en contra de: Francisco Palacio Uriana, Luis Dar\u00edo P\u00e9rez Polanco y Maikel Edrowar Berm\u00fadez Paredes, quienes no se allanaron a cargos.<\/p>\n<p>La Fiscal\u00eda hace p\u00fablica esta informaci\u00f3n por razones de inter\u00e9s general.<\/p>\n<p>EDH\/FAGH\/DFHI<\/p>\n<p><em>La informaci\u00f3n contenida en este bolet\u00edn de prensa corresponde a la narraci\u00f3n de los hechos noticiosos objetivos, suministrados por los funcionarios encargados de adelantar las investigaciones penales al interior de la Fiscal\u00eda General de la Naci\u00f3n. Para el momento de la divulgaci\u00f3n de este comunicado, la situaci\u00f3n jur\u00eddica de la(s) persona(s) relacionada(s) se encuentra pendiente de resolver por la autoridad judicial competente, siempre bajo los preceptos de la presunci\u00f3n de inocencia, consagrados en el art\u00edculo 29 de la Constituci\u00f3n Pol\u00edtica y el art\u00edculo 7\u00ba de la Ley 906 de 2004.<\/em><\/p>\n<p>&nbsp;<\/p>\n<p>&nbsp;<\/p>\n<\/div>\n<div id=\":tb\"><\/div>\n<div id=\":oj\" class=\"aQH\">\n<div class=\"aZK\"><\/div>\n<\/div>\n<\/div>\n<div class=\"hi\"><\/div>\n<\/div>\n<\/div>\n\n<div class=\"twitter-share\"><a href=\"https:\/\/twitter.com\/intent\/tweet?via=fiscaliacol\" class=\"twitter-share-button\">Tweet<\/a><\/div>\n","protected":false},"excerpt":{"rendered":"<p>\u00a0Al parecer, planeaban secuestrar al hijo de un comerciante en Riohacha (Guajira). El juzgado segundo penal municipal penal con funciones de control de garant\u00edas ambulante Riohacha (La Guajira),\u00a0dict\u00f3 medida de aseguramiento en centro carcelario\u00a0en contra de tres personas \u00a0a quienes la Fiscal\u00eda \u00a0imput\u00f3 como presuntos responsables de los delitos de\u00a0concierto para delinquir con fines de [&hellip;]<\/p>\n","protected":false},"author":176,"featured_media":0,"comment_status":"closed","ping_status":"open","sticky":false,"template":"","format":"standard","meta":{"_price":"","_stock":"","_tribe_ticket_header":"","_tribe_default_ticket_provider":"","_tribe_ticket_capacity":"0","_ticket_start_date":"","_ticket_end_date":"","_tribe_ticket_show_description":"","_tribe_ticket_show_not_going":false,"_tribe_ticket_use_global_stock":"","_tribe_ticket_global_stock_level":"","_global_stock_mode":"","_global_stock_cap":"","_tribe_rsvp_for_event":"","_tribe_ticket_going_count":"","_tribe_ticket_not_going_count":"","_tribe_tickets_list":"[]","_tribe_ticket_has_attendee_info_fields":false,"tdm_status":"","tdm_grid_status":"","footnotes":""},"categories":[1,797,303],"tags":[28780,80],"class_list":{"0":"post-235115","1":"post","2":"type-post","3":"status-publish","4":"format-standard","6":"category-noticias","7":"category-seccional-riohacha","8":"category-seccionales","9":"tag-riohacha-la-guajira","10":"tag-secuestro-extorsivo"},"yoast_head":"<!-- This site is optimized with the Yoast SEO plugin v24.3 - https:\/\/yoast.com\/wordpress\/plugins\/seo\/ -->\n<title>Fiscal\u00eda General de la Naci\u00f3n<\/title>\n<meta name=\"description\" content=\"P\u00e1gina oficial de la Fiscal\u00eda General de la Naci\u00f3n \u2013 Colombia. Garantizamos el acceso efectivo a la justicia, la verdad y la reparaci\u00f3n de las v\u00edctimas de los delitos.\" \/>\n<meta name=\"robots\" content=\"noindex, follow\" \/>\n<meta property=\"og:locale\" content=\"es_ES\" \/>\n<meta property=\"og:type\" content=\"article\" \/>\n<meta property=\"og:title\" content=\"Fiscal\u00eda General de la Naci\u00f3n\" \/>\n<meta property=\"og:description\" content=\"P\u00e1gina oficial de la Fiscal\u00eda General de la Naci\u00f3n \u2013 Colombia. Garantizamos el acceso efectivo a la justicia, la verdad y la reparaci\u00f3n de las v\u00edctimas de los delitos.\" \/>\n<meta property=\"og:url\" content=\"https:\/\/www.fiscalia.gov.co\/colombia\/noticias\/aseguradas-tres-personas-investigadas-por-concierto-para-delinquir-con-fines-de-secuestro-extorsivo\/\" \/>\n<meta property=\"og:site_name\" content=\"Fiscal\u00eda General de la Naci\u00f3n\" \/>\n<meta property=\"article:publisher\" content=\"https:\/\/www.facebook.com\/FiscaliaCol\" \/>\n<meta property=\"article:published_time\" content=\"2021-11-19T16:19:23+00:00\" \/>\n<meta property=\"article:modified_time\" content=\"2021-11-19T16:20:32+00:00\" \/>\n<meta property=\"og:image\" content=\"https:\/\/www.fiscalia.gov.co\/colombia\/wp-content\/uploads\/La-captura-de-los-implicados-se-produjo-en-un-sector-del-barrio-las-Marias-de-Riohacha-La-Guajira.jpg\" \/>\n<meta name=\"author\" content=\"Johanna Black Prieto Pe\u00f1a\" \/>\n<meta name=\"twitter:card\" content=\"summary_large_image\" \/>\n<meta name=\"twitter:creator\" content=\"@FiscaliaCol\" \/>\n<meta name=\"twitter:site\" content=\"@FiscaliaCol\" \/>\n<meta name=\"twitter:label1\" content=\"Escrito por\" \/>\n\t<meta name=\"twitter:data1\" content=\"Johanna Black Prieto Pe\u00f1a\" \/>\n\t<meta name=\"twitter:label2\" content=\"Tiempo de lectura\" \/>\n\t<meta name=\"twitter:data2\" content=\"2 minutos\" \/>\n<script type=\"application\/ld+json\" class=\"yoast-schema-graph\">{\"@context\":\"https:\/\/schema.org\",\"@graph\":[{\"@type\":\"Article\",\"@id\":\"https:\/\/www.fiscalia.gov.co\/colombia\/noticias\/aseguradas-tres-personas-investigadas-por-concierto-para-delinquir-con-fines-de-secuestro-extorsivo\/#article\",\"isPartOf\":{\"@id\":\"https:\/\/www.fiscalia.gov.co\/colombia\/noticias\/aseguradas-tres-personas-investigadas-por-concierto-para-delinquir-con-fines-de-secuestro-extorsivo\/\"},\"author\":{\"name\":\"Johanna Black Prieto Pe\u00f1a\",\"@id\":\"https:\/\/www.fiscalia.gov.co\/colombia\/#\/schema\/person\/b19b49f26569f91393176a2b3d13a0e5\"},\"headline\":\"Aseguradas tres personas investigadas por concierto para delinquir con fines de secuestro extorsivo\",\"datePublished\":\"2021-11-19T16:19:23+00:00\",\"dateModified\":\"2021-11-19T16:20:32+00:00\",\"mainEntityOfPage\":{\"@id\":\"https:\/\/www.fiscalia.gov.co\/colombia\/noticias\/aseguradas-tres-personas-investigadas-por-concierto-para-delinquir-con-fines-de-secuestro-extorsivo\/\"},\"wordCount\":372,\"publisher\":{\"@id\":\"https:\/\/www.fiscalia.gov.co\/colombia\/#organization\"},\"image\":{\"@id\":\"https:\/\/www.fiscalia.gov.co\/colombia\/noticias\/aseguradas-tres-personas-investigadas-por-concierto-para-delinquir-con-fines-de-secuestro-extorsivo\/#primaryimage\"},\"thumbnailUrl\":\"https:\/\/www.fiscalia.gov.co\/colombia\/wp-content\/uploads\/La-captura-de-los-implicados-se-produjo-en-un-sector-del-barrio-las-Marias-de-Riohacha-La-Guajira.jpg\",\"keywords\":[\"Riohacha (La Guajira)\",\"Secuestro extorsivo\"],\"articleSection\":[\"Noticias\",\"Seccional Riohacha\",\"Seccionales\"],\"inLanguage\":\"es-CO\"},{\"@type\":\"WebPage\",\"@id\":\"https:\/\/www.fiscalia.gov.co\/colombia\/noticias\/aseguradas-tres-personas-investigadas-por-concierto-para-delinquir-con-fines-de-secuestro-extorsivo\/\",\"url\":\"https:\/\/www.fiscalia.gov.co\/colombia\/noticias\/aseguradas-tres-personas-investigadas-por-concierto-para-delinquir-con-fines-de-secuestro-extorsivo\/\",\"name\":\"Fiscal\u00eda General de la Naci\u00f3n\",\"isPartOf\":{\"@id\":\"https:\/\/www.fiscalia.gov.co\/colombia\/#website\"},\"primaryImageOfPage\":{\"@id\":\"https:\/\/www.fiscalia.gov.co\/colombia\/noticias\/aseguradas-tres-personas-investigadas-por-concierto-para-delinquir-con-fines-de-secuestro-extorsivo\/#primaryimage\"},\"image\":{\"@id\":\"https:\/\/www.fiscalia.gov.co\/colombia\/noticias\/aseguradas-tres-personas-investigadas-por-concierto-para-delinquir-con-fines-de-secuestro-extorsivo\/#primaryimage\"},\"thumbnailUrl\":\"https:\/\/www.fiscalia.gov.co\/colombia\/wp-content\/uploads\/La-captura-de-los-implicados-se-produjo-en-un-sector-del-barrio-las-Marias-de-Riohacha-La-Guajira.jpg\",\"datePublished\":\"2021-11-19T16:19:23+00:00\",\"dateModified\":\"2021-11-19T16:20:32+00:00\",\"description\":\"P\u00e1gina oficial de la Fiscal\u00eda General de la Naci\u00f3n \u2013 Colombia. Garantizamos el acceso efectivo a la justicia, la verdad y la reparaci\u00f3n de las v\u00edctimas de los delitos.\",\"breadcrumb\":{\"@id\":\"https:\/\/www.fiscalia.gov.co\/colombia\/noticias\/aseguradas-tres-personas-investigadas-por-concierto-para-delinquir-con-fines-de-secuestro-extorsivo\/#breadcrumb\"},\"inLanguage\":\"es-CO\",\"potentialAction\":[{\"@type\":\"ReadAction\",\"target\":[\"https:\/\/www.fiscalia.gov.co\/colombia\/noticias\/aseguradas-tres-personas-investigadas-por-concierto-para-delinquir-con-fines-de-secuestro-extorsivo\/\"]}]},{\"@type\":\"ImageObject\",\"inLanguage\":\"es-CO\",\"@id\":\"https:\/\/www.fiscalia.gov.co\/colombia\/noticias\/aseguradas-tres-personas-investigadas-por-concierto-para-delinquir-con-fines-de-secuestro-extorsivo\/#primaryimage\",\"url\":\"https:\/\/www.fiscalia.gov.co\/colombia\/wp-content\/uploads\/La-captura-de-los-implicados-se-produjo-en-un-sector-del-barrio-las-Marias-de-Riohacha-La-Guajira.jpg\",\"contentUrl\":\"https:\/\/www.fiscalia.gov.co\/colombia\/wp-content\/uploads\/La-captura-de-los-implicados-se-produjo-en-un-sector-del-barrio-las-Marias-de-Riohacha-La-Guajira.jpg\",\"width\":827,\"height\":602,\"caption\":\"La\u00a0 captura de los implicados se produjo en un sector del barrio las Mar\u00edas de Riohacha (La Guajira).\"},{\"@type\":\"BreadcrumbList\",\"@id\":\"https:\/\/www.fiscalia.gov.co\/colombia\/noticias\/aseguradas-tres-personas-investigadas-por-concierto-para-delinquir-con-fines-de-secuestro-extorsivo\/#breadcrumb\",\"itemListElement\":[{\"@type\":\"ListItem\",\"position\":1,\"name\":\"Home\",\"item\":\"https:\/\/www.fiscalia.gov.co\/colombia\/\"},{\"@type\":\"ListItem\",\"position\":2,\"name\":\"Aseguradas tres personas investigadas por concierto para delinquir con fines de secuestro extorsivo\"}]},{\"@type\":\"WebSite\",\"@id\":\"https:\/\/www.fiscalia.gov.co\/colombia\/#website\",\"url\":\"https:\/\/www.fiscalia.gov.co\/colombia\/\",\"name\":\"Fiscal\u00eda General de la Naci\u00f3n\",\"description\":\"P\u00e1gina oficial de la Fiscal\u00eda General de la Naci\u00f3n \u2013 Colombia. Garantizamos el acceso efectivo a la justicia, la verdad y la reparaci\u00f3n de las v\u00edctimas de los delitos.\",\"publisher\":{\"@id\":\"https:\/\/www.fiscalia.gov.co\/colombia\/#organization\"},\"potentialAction\":[{\"@type\":\"SearchAction\",\"target\":{\"@type\":\"EntryPoint\",\"urlTemplate\":\"https:\/\/www.fiscalia.gov.co\/colombia\/?s={search_term_string}\"},\"query-input\":{\"@type\":\"PropertyValueSpecification\",\"valueRequired\":true,\"valueName\":\"search_term_string\"}}],\"inLanguage\":\"es-CO\"},{\"@type\":\"Organization\",\"@id\":\"https:\/\/www.fiscalia.gov.co\/colombia\/#organization\",\"name\":\"Fiscal\u00eda General de la Naci\u00f3n\",\"url\":\"https:\/\/www.fiscalia.gov.co\/colombia\/\",\"logo\":{\"@type\":\"ImageObject\",\"inLanguage\":\"es-CO\",\"@id\":\"https:\/\/www.fiscalia.gov.co\/colombia\/#\/schema\/logo\/image\/\",\"url\":\"https:\/\/www.fiscalia.gov.co\/colombia\/wp-content\/uploads\/LogoHorizontal_1.jpg\",\"contentUrl\":\"https:\/\/www.fiscalia.gov.co\/colombia\/wp-content\/uploads\/LogoHorizontal_1.jpg\",\"width\":300,\"height\":90,\"caption\":\"Fiscal\u00eda General de la Naci\u00f3n\"},\"image\":{\"@id\":\"https:\/\/www.fiscalia.gov.co\/colombia\/#\/schema\/logo\/image\/\"},\"sameAs\":[\"https:\/\/www.facebook.com\/FiscaliaCol\",\"https:\/\/x.com\/FiscaliaCol\",\"https:\/\/www.instagram.com\/fiscaliacol\",\"https:\/\/www.linkedin.com\/company\/fiscalia-general-de-la-naci-n\/\",\"https:\/\/youtube.com\/@fiscaliageneraldelanacion-4668?si=6nN79nyQICPU5iTh\"]},{\"@type\":\"Person\",\"@id\":\"https:\/\/www.fiscalia.gov.co\/colombia\/#\/schema\/person\/b19b49f26569f91393176a2b3d13a0e5\",\"name\":\"Johanna Black Prieto Pe\u00f1a\",\"image\":{\"@type\":\"ImageObject\",\"inLanguage\":\"es-CO\",\"@id\":\"https:\/\/www.fiscalia.gov.co\/colombia\/#\/schema\/person\/image\/\",\"url\":\"https:\/\/secure.gravatar.com\/avatar\/7f04518e1774335e76d761d76f04003e?s=96&d=mm&r=g\",\"contentUrl\":\"https:\/\/secure.gravatar.com\/avatar\/7f04518e1774335e76d761d76f04003e?s=96&d=mm&r=g\",\"caption\":\"Johanna Black Prieto Pe\u00f1a\"},\"url\":\"https:\/\/www.fiscalia.gov.co\/colombia\/author\/jprieto\/\"}]}<\/script>\n<!-- \/ Yoast SEO plugin. -->","yoast_head_json":{"title":"Fiscal\u00eda General de la Naci\u00f3n","description":"P\u00e1gina oficial de la Fiscal\u00eda General de la Naci\u00f3n \u2013 Colombia. Garantizamos el acceso efectivo a la justicia, la verdad y la reparaci\u00f3n de las v\u00edctimas de los delitos.","robots":{"index":"noindex","follow":"follow"},"og_locale":"es_ES","og_type":"article","og_title":"Fiscal\u00eda General de la Naci\u00f3n","og_description":"P\u00e1gina oficial de la Fiscal\u00eda General de la Naci\u00f3n \u2013 Colombia. Garantizamos el acceso efectivo a la justicia, la verdad y la reparaci\u00f3n de las v\u00edctimas de los delitos.","og_url":"https:\/\/www.fiscalia.gov.co\/colombia\/noticias\/aseguradas-tres-personas-investigadas-por-concierto-para-delinquir-con-fines-de-secuestro-extorsivo\/","og_site_name":"Fiscal\u00eda General de la Naci\u00f3n","article_publisher":"https:\/\/www.facebook.com\/FiscaliaCol","article_published_time":"2021-11-19T16:19:23+00:00","article_modified_time":"2021-11-19T16:20:32+00:00","og_image":[{"url":"https:\/\/www.fiscalia.gov.co\/colombia\/wp-content\/uploads\/La-captura-de-los-implicados-se-produjo-en-un-sector-del-barrio-las-Marias-de-Riohacha-La-Guajira.jpg","type":"","width":"","height":""}],"author":"Johanna Black Prieto Pe\u00f1a","twitter_card":"summary_large_image","twitter_creator":"@FiscaliaCol","twitter_site":"@FiscaliaCol","twitter_misc":{"Escrito por":"Johanna Black Prieto Pe\u00f1a","Tiempo de lectura":"2 minutos"},"schema":{"@context":"https:\/\/schema.org","@graph":[{"@type":"Article","@id":"https:\/\/www.fiscalia.gov.co\/colombia\/noticias\/aseguradas-tres-personas-investigadas-por-concierto-para-delinquir-con-fines-de-secuestro-extorsivo\/#article","isPartOf":{"@id":"https:\/\/www.fiscalia.gov.co\/colombia\/noticias\/aseguradas-tres-personas-investigadas-por-concierto-para-delinquir-con-fines-de-secuestro-extorsivo\/"},"author":{"name":"Johanna Black Prieto Pe\u00f1a","@id":"https:\/\/www.fiscalia.gov.co\/colombia\/#\/schema\/person\/b19b49f26569f91393176a2b3d13a0e5"},"headline":"Aseguradas tres personas investigadas por concierto para delinquir con fines de secuestro extorsivo","datePublished":"2021-11-19T16:19:23+00:00","dateModified":"2021-11-19T16:20:32+00:00","mainEntityOfPage":{"@id":"https:\/\/www.fiscalia.gov.co\/colombia\/noticias\/aseguradas-tres-personas-investigadas-por-concierto-para-delinquir-con-fines-de-secuestro-extorsivo\/"},"wordCount":372,"publisher":{"@id":"https:\/\/www.fiscalia.gov.co\/colombia\/#organization"},"image":{"@id":"https:\/\/www.fiscalia.gov.co\/colombia\/noticias\/aseguradas-tres-personas-investigadas-por-concierto-para-delinquir-con-fines-de-secuestro-extorsivo\/#primaryimage"},"thumbnailUrl":"https:\/\/www.fiscalia.gov.co\/colombia\/wp-content\/uploads\/La-captura-de-los-implicados-se-produjo-en-un-sector-del-barrio-las-Marias-de-Riohacha-La-Guajira.jpg","keywords":["Riohacha (La Guajira)","Secuestro extorsivo"],"articleSection":["Noticias","Seccional Riohacha","Seccionales"],"inLanguage":"es-CO"},{"@type":"WebPage","@id":"https:\/\/www.fiscalia.gov.co\/colombia\/noticias\/aseguradas-tres-personas-investigadas-por-concierto-para-delinquir-con-fines-de-secuestro-extorsivo\/","url":"https:\/\/www.fiscalia.gov.co\/colombia\/noticias\/aseguradas-tres-personas-investigadas-por-concierto-para-delinquir-con-fines-de-secuestro-extorsivo\/","name":"Fiscal\u00eda General de la Naci\u00f3n","isPartOf":{"@id":"https:\/\/www.fiscalia.gov.co\/colombia\/#website"},"primaryImageOfPage":{"@id":"https:\/\/www.fiscalia.gov.co\/colombia\/noticias\/aseguradas-tres-personas-investigadas-por-concierto-para-delinquir-con-fines-de-secuestro-extorsivo\/#primaryimage"},"image":{"@id":"https:\/\/www.fiscalia.gov.co\/colombia\/noticias\/aseguradas-tres-personas-investigadas-por-concierto-para-delinquir-con-fines-de-secuestro-extorsivo\/#primaryimage"},"thumbnailUrl":"https:\/\/www.fiscalia.gov.co\/colombia\/wp-content\/uploads\/La-captura-de-los-implicados-se-produjo-en-un-sector-del-barrio-las-Marias-de-Riohacha-La-Guajira.jpg","datePublished":"2021-11-19T16:19:23+00:00","dateModified":"2021-11-19T16:20:32+00:00","description":"P\u00e1gina oficial de la Fiscal\u00eda General de la Naci\u00f3n \u2013 Colombia. Garantizamos el acceso efectivo a la justicia, la verdad y la reparaci\u00f3n de las v\u00edctimas de los delitos.","breadcrumb":{"@id":"https:\/\/www.fiscalia.gov.co\/colombia\/noticias\/aseguradas-tres-personas-investigadas-por-concierto-para-delinquir-con-fines-de-secuestro-extorsivo\/#breadcrumb"},"inLanguage":"es-CO","potentialAction":[{"@type":"ReadAction","target":["https:\/\/www.fiscalia.gov.co\/colombia\/noticias\/aseguradas-tres-personas-investigadas-por-concierto-para-delinquir-con-fines-de-secuestro-extorsivo\/"]}]},{"@type":"ImageObject","inLanguage":"es-CO","@id":"https:\/\/www.fiscalia.gov.co\/colombia\/noticias\/aseguradas-tres-personas-investigadas-por-concierto-para-delinquir-con-fines-de-secuestro-extorsivo\/#primaryimage","url":"https:\/\/www.fiscalia.gov.co\/colombia\/wp-content\/uploads\/La-captura-de-los-implicados-se-produjo-en-un-sector-del-barrio-las-Marias-de-Riohacha-La-Guajira.jpg","contentUrl":"https:\/\/www.fiscalia.gov.co\/colombia\/wp-content\/uploads\/La-captura-de-los-implicados-se-produjo-en-un-sector-del-barrio-las-Marias-de-Riohacha-La-Guajira.jpg","width":827,"height":602,"caption":"La\u00a0 captura de los implicados se produjo en un sector del barrio las Mar\u00edas de Riohacha (La Guajira)."},{"@type":"BreadcrumbList","@id":"https:\/\/www.fiscalia.gov.co\/colombia\/noticias\/aseguradas-tres-personas-investigadas-por-concierto-para-delinquir-con-fines-de-secuestro-extorsivo\/#breadcrumb","itemListElement":[{"@type":"ListItem","position":1,"name":"Home","item":"https:\/\/www.fiscalia.gov.co\/colombia\/"},{"@type":"ListItem","position":2,"name":"Aseguradas tres personas investigadas por concierto para delinquir con fines de secuestro extorsivo"}]},{"@type":"WebSite","@id":"https:\/\/www.fiscalia.gov.co\/colombia\/#website","url":"https:\/\/www.fiscalia.gov.co\/colombia\/","name":"Fiscal\u00eda General de la Naci\u00f3n","description":"P\u00e1gina oficial de la Fiscal\u00eda General de la Naci\u00f3n \u2013 Colombia. Garantizamos el acceso efectivo a la justicia, la verdad y la reparaci\u00f3n de las v\u00edctimas de los delitos.","publisher":{"@id":"https:\/\/www.fiscalia.gov.co\/colombia\/#organization"},"potentialAction":[{"@type":"SearchAction","target":{"@type":"EntryPoint","urlTemplate":"https:\/\/www.fiscalia.gov.co\/colombia\/?s={search_term_string}"},"query-input":{"@type":"PropertyValueSpecification","valueRequired":true,"valueName":"search_term_string"}}],"inLanguage":"es-CO"},{"@type":"Organization","@id":"https:\/\/www.fiscalia.gov.co\/colombia\/#organization","name":"Fiscal\u00eda General de la Naci\u00f3n","url":"https:\/\/www.fiscalia.gov.co\/colombia\/","logo":{"@type":"ImageObject","inLanguage":"es-CO","@id":"https:\/\/www.fiscalia.gov.co\/colombia\/#\/schema\/logo\/image\/","url":"https:\/\/www.fiscalia.gov.co\/colombia\/wp-content\/uploads\/LogoHorizontal_1.jpg","contentUrl":"https:\/\/www.fiscalia.gov.co\/colombia\/wp-content\/uploads\/LogoHorizontal_1.jpg","width":300,"height":90,"caption":"Fiscal\u00eda General de la Naci\u00f3n"},"image":{"@id":"https:\/\/www.fiscalia.gov.co\/colombia\/#\/schema\/logo\/image\/"},"sameAs":["https:\/\/www.facebook.com\/FiscaliaCol","https:\/\/x.com\/FiscaliaCol","https:\/\/www.instagram.com\/fiscaliacol","https:\/\/www.linkedin.com\/company\/fiscalia-general-de-la-naci-n\/","https:\/\/youtube.com\/@fiscaliageneraldelanacion-4668?si=6nN79nyQICPU5iTh"]},{"@type":"Person","@id":"https:\/\/www.fiscalia.gov.co\/colombia\/#\/schema\/person\/b19b49f26569f91393176a2b3d13a0e5","name":"Johanna Black Prieto Pe\u00f1a","image":{"@type":"ImageObject","inLanguage":"es-CO","@id":"https:\/\/www.fiscalia.gov.co\/colombia\/#\/schema\/person\/image\/","url":"https:\/\/secure.gravatar.com\/avatar\/7f04518e1774335e76d761d76f04003e?s=96&d=mm&r=g","contentUrl":"https:\/\/secure.gravatar.com\/avatar\/7f04518e1774335e76d761d76f04003e?s=96&d=mm&r=g","caption":"Johanna Black Prieto Pe\u00f1a"},"url":"https:\/\/www.fiscalia.gov.co\/colombia\/author\/jprieto\/"}]}},"_links":{"self":[{"href":"https:\/\/www.fiscalia.gov.co\/colombia\/wp-json\/wp\/v2\/posts\/235115","targetHints":{"allow":["GET"]}}],"collection":[{"href":"https:\/\/www.fiscalia.gov.co\/colombia\/wp-json\/wp\/v2\/posts"}],"about":[{"href":"https:\/\/www.fiscalia.gov.co\/colombia\/wp-json\/wp\/v2\/types\/post"}],"author":[{"embeddable":true,"href":"https:\/\/www.fiscalia.gov.co\/colombia\/wp-json\/wp\/v2\/users\/176"}],"replies":[{"embeddable":true,"href":"https:\/\/www.fiscalia.gov.co\/colombia\/wp-json\/wp\/v2\/comments?post=235115"}],"version-history":[{"count":2,"href":"https:\/\/www.fiscalia.gov.co\/colombia\/wp-json\/wp\/v2\/posts\/235115\/revisions"}],"predecessor-version":[{"id":235118,"href":"https:\/\/www.fiscalia.gov.co\/colombia\/wp-json\/wp\/v2\/posts\/235115\/revisions\/235118"}],"wp:attachment":[{"href":"https:\/\/www.fiscalia.gov.co\/colombia\/wp-json\/wp\/v2\/media?parent=235115"}],"wp:term":[{"taxonomy":"category","embeddable":true,"href":"https:\/\/www.fiscalia.gov.co\/colombia\/wp-json\/wp\/v2\/categories?post=235115"},{"taxonomy":"post_tag","embeddable":true,"href":"https:\/\/www.fiscalia.gov.co\/colombia\/wp-json\/wp\/v2\/tags?post=235115"}],"curies":[{"name":"wp","href":"https:\/\/api.w.org\/{rel}","templated":true}]}}