{"id":235031,"date":"2021-11-18T10:43:48","date_gmt":"2021-11-18T15:43:48","guid":{"rendered":"https:\/\/www.fiscalia.gov.co\/colombia\/?p=235031"},"modified":"2021-11-26T16:23:23","modified_gmt":"2021-11-26T21:23:23","slug":"fiscalia-y-10-alcaldes-de-cordoba-acordaron-poner-en-funcionamientos-los-paf-para-acercar-la-justicia-a-los-ciudadanos","status":"publish","type":"post","link":"https:\/\/www.fiscalia.gov.co\/colombia\/noticias\/fiscalia-y-10-alcaldes-de-cordoba-acordaron-poner-en-funcionamientos-los-paf-para-acercar-la-justicia-a-los-ciudadanos\/","title":{"rendered":"Fiscal\u00eda y 10 alcaldes de C\u00f3rdoba acordaron poner en funcionamientos los PAF para acercar la justicia a los ciudadanos"},"content":{"rendered":"<p>Este mi\u00e9rcoles en Monter\u00eda (Cordoba), la Fiscal\u00eda General\u00a0 de la Naci\u00f3n y 10 alcaldes locales suscribieron un memorando de entendimiento que permitir\u00e1 articular acciones para poner en funcionamiento de los Puntos de Atenci\u00f3n de la Fiscal\u00eda (PAF).<u><\/u><u><\/u><\/p>\n<p>Se trata de una estrategia dispuesta por el Fiscal General de la Naci\u00f3n, Francisco Barbosa Delgado, para quien es fundamental llevar la justicia a los territorios donde la entidad no tiene presencia f\u00edsica.<u><\/u><u><\/u><\/p>\n<p>Con esta acci\u00f3n se busca facilitar el avance en las investigaciones y la judicializaci\u00f3n de quienes infrinjan la ley.<u><\/u><u><\/u><\/p>\n<p>Los firmantes del memorando fueron los mandatarios de Puerto Escondido, Cotorra, San Bernardo del Viento, Canalete, Valencia, Pueblo Nuevo, Chim\u00e1, San Pelayo, San Carlos y San Andr\u00e9s de Sotavento (C\u00f3rdoba).<u><\/u><u><\/u><\/p>\n<p>Gracias al apoyo de la gobernaci\u00f3n de C\u00f3rdoba y a las diferentes alcald\u00edas,\u00a0los Puntos de Atenci\u00f3n de la Fiscal\u00eda estar\u00e1n ubicados en las subregiones del Alto, Bajo, Medio y Centro Sin\u00fa, en el sector de la Costanera, S\u00e1bana y San Jorge.<u><\/u><u><\/u><\/p>\n<p>Cada PAF contar\u00e1 con un abogado o estudiante de \u00faltimo a\u00f1o de Derecho quien se encargar\u00e1 de recibir denuncias y clasificarlas seg\u00fan su gravedad; adem\u00e1s de dirigirlas a los fiscales competentes.\u00a0Igualmente, deber\u00e1 direccionar y orientar a los usuarios en casos que no sean competencia del ente investigador.\u00a0<u><\/u><u><\/u><\/p>\n<p>As\u00ed la Fiscal General de la Naci\u00f3n avanza en el prop\u00f3sito de incrementar de 460 a 700 los lugares en los que la entidad tiene presencia en el territorio nacional.<u><\/u><u><\/u><\/p>\n<p>La Fiscal\u00eda habla con resultados.<u><\/u><u><\/u><u><\/u>\u00a0<u><\/u><\/p>\n<p>&nbsp;<\/p>\n<p>MEVA\/MAGA\/CV<u><\/u><u><\/u><\/p>\n<p><em><b><span lang=\"ES\">Le puede interesar:<u><\/u><u><\/u><\/span><\/b><\/em><\/p>\n<p><a href=\"https:\/\/www.fiscalia.gov.co\/colombia\/noticias\/mas-de-mil-personas-llegaron-a-la-ruta-de-esclarecimiento-itinerante-en-el-departamento-del-meta\/\" target=\"_blank\" rel=\"noopener noreferrer\" data-saferedirecturl=\"https:\/\/www.google.com\/url?q=https:\/\/www.fiscalia.gov.co\/colombia\/noticias\/mas-de-mil-personas-llegaron-a-la-ruta-de-esclarecimiento-itinerante-en-el-departamento-del-meta\/&amp;source=gmail&amp;ust=1637336361394000&amp;usg=AOvVaw3CJnTlaxF7Nqb1RJc4kxCC\">M\u00e1s de mil personas llegaron a la Ruta de Esclarecimiento Itinerante en el departamento del Meta\u00a0<\/a><\/p>\n<p>&nbsp;<\/p>\n<p><a title=\"Fiscal\u00eda General de la Naci\u00f3n inici\u00f3 nueva ruta de esclarecimiento itinerante en Magdalena\" href=\"https:\/\/www.fiscalia.gov.co\/colombia\/noticias\/fiscalia-general-de-la-nacion-inicio-nueva-ruta-de-esclarecimiento-itinerante-en-magdalena\/\" target=\"_blank\" rel=\"noopener noreferrer\" data-saferedirecturl=\"https:\/\/www.google.com\/url?q=https:\/\/www.fiscalia.gov.co\/colombia\/noticias\/fiscalia-general-de-la-nacion-inicio-nueva-ruta-de-esclarecimiento-itinerante-en-magdalena\/&amp;source=gmail&amp;ust=1637336361394000&amp;usg=AOvVaw2SxbfQr6hCXcU96dJLc3uq\">Fiscal\u00eda General de la Naci\u00f3n inici\u00f3 nueva ruta de esclarecimiento itinerante en Magdalena<\/a><u><\/u><u><\/u><\/p>\n<p>&nbsp;<\/p>\n<p>&nbsp;<\/p>\n\n<div class=\"twitter-share\"><a href=\"https:\/\/twitter.com\/intent\/tweet?via=fiscaliacol\" class=\"twitter-share-button\">Tweet<\/a><\/div>\n","protected":false},"excerpt":{"rendered":"<p>Este mi\u00e9rcoles en Monter\u00eda (Cordoba), la Fiscal\u00eda General\u00a0 de la Naci\u00f3n y 10 alcaldes locales suscribieron un memorando de entendimiento que permitir\u00e1 articular acciones para poner en funcionamiento de los Puntos de Atenci\u00f3n de la Fiscal\u00eda (PAF). Se trata de una estrategia dispuesta por el Fiscal General de la Naci\u00f3n, Francisco Barbosa Delgado, para quien [&hellip;]<\/p>\n","protected":false},"author":176,"featured_media":235731,"comment_status":"closed","ping_status":"open","sticky":false,"template":"","format":"video","meta":{"_price":"","_stock":"","_tribe_ticket_header":"","_tribe_default_ticket_provider":"","_tribe_ticket_capacity":"0","_ticket_start_date":"","_ticket_end_date":"","_tribe_ticket_show_description":"","_tribe_ticket_show_not_going":false,"_tribe_ticket_use_global_stock":"","_tribe_ticket_global_stock_level":"","_global_stock_mode":"","_global_stock_cap":"","_tribe_rsvp_for_event":"","_tribe_ticket_going_count":"","_tribe_ticket_not_going_count":"","_tribe_tickets_list":"[]","_tribe_ticket_has_attendee_info_fields":false,"tdm_status":"","tdm_grid_status":"","footnotes":""},"categories":[1,332,303],"tags":[26012,13531,24187,1047,29558],"class_list":{"0":"post-235031","1":"post","2":"type-post","3":"status-publish","4":"format-video","5":"has-post-thumbnail","7":"category-noticias","8":"category-seccional-monteria","9":"category-seccionales","10":"tag-acceso-a-la-justicia","11":"tag-cordoba","12":"tag-fiscalia-colombia","13":"tag-fiscalia-general-de-la-nacion","14":"tag-puntos-de-atencion-fiscalia","15":"post_format-post-format-video"},"yoast_head":"<!-- This site is optimized with the Yoast SEO plugin v24.3 - https:\/\/yoast.com\/wordpress\/plugins\/seo\/ -->\n<title>Fiscal\u00eda General de la Naci\u00f3n<\/title>\n<meta name=\"description\" content=\"P\u00e1gina oficial de la Fiscal\u00eda General de la Naci\u00f3n \u2013 Colombia. Garantizamos el acceso efectivo a la justicia, la verdad y la reparaci\u00f3n de las v\u00edctimas de los delitos.\" \/>\n<meta name=\"robots\" content=\"noindex, follow\" \/>\n<meta property=\"og:locale\" content=\"es_ES\" \/>\n<meta property=\"og:type\" content=\"article\" \/>\n<meta property=\"og:title\" content=\"Fiscal\u00eda General de la Naci\u00f3n\" \/>\n<meta property=\"og:description\" content=\"P\u00e1gina oficial de la Fiscal\u00eda General de la Naci\u00f3n \u2013 Colombia. Garantizamos el acceso efectivo a la justicia, la verdad y la reparaci\u00f3n de las v\u00edctimas de los delitos.\" \/>\n<meta property=\"og:url\" content=\"https:\/\/www.fiscalia.gov.co\/colombia\/noticias\/fiscalia-y-10-alcaldes-de-cordoba-acordaron-poner-en-funcionamientos-los-paf-para-acercar-la-justicia-a-los-ciudadanos\/\" \/>\n<meta property=\"og:site_name\" content=\"Fiscal\u00eda General de la Naci\u00f3n\" \/>\n<meta property=\"article:publisher\" content=\"https:\/\/www.facebook.com\/FiscaliaCol\" \/>\n<meta property=\"article:published_time\" content=\"2021-11-18T15:43:48+00:00\" \/>\n<meta property=\"article:modified_time\" content=\"2021-11-26T21:23:23+00:00\" \/>\n<meta property=\"og:image\" content=\"https:\/\/www.fiscalia.gov.co\/colombia\/wp-content\/uploads\/maxresdefault-206.jpg\" \/>\n\t<meta property=\"og:image:width\" content=\"1280\" \/>\n\t<meta property=\"og:image:height\" content=\"720\" \/>\n\t<meta property=\"og:image:type\" content=\"image\/jpeg\" \/>\n<meta name=\"author\" content=\"Johanna Black Prieto Pe\u00f1a\" \/>\n<meta name=\"twitter:card\" content=\"summary_large_image\" \/>\n<meta name=\"twitter:creator\" content=\"@FiscaliaCol\" \/>\n<meta name=\"twitter:site\" content=\"@FiscaliaCol\" \/>\n<meta name=\"twitter:label1\" content=\"Escrito por\" \/>\n\t<meta name=\"twitter:data1\" content=\"Johanna Black Prieto Pe\u00f1a\" \/>\n\t<meta name=\"twitter:label2\" content=\"Tiempo de lectura\" \/>\n\t<meta name=\"twitter:data2\" content=\"2 minutos\" \/>\n<script type=\"application\/ld+json\" class=\"yoast-schema-graph\">{\"@context\":\"https:\/\/schema.org\",\"@graph\":[{\"@type\":\"Article\",\"@id\":\"https:\/\/www.fiscalia.gov.co\/colombia\/noticias\/fiscalia-y-10-alcaldes-de-cordoba-acordaron-poner-en-funcionamientos-los-paf-para-acercar-la-justicia-a-los-ciudadanos\/#article\",\"isPartOf\":{\"@id\":\"https:\/\/www.fiscalia.gov.co\/colombia\/noticias\/fiscalia-y-10-alcaldes-de-cordoba-acordaron-poner-en-funcionamientos-los-paf-para-acercar-la-justicia-a-los-ciudadanos\/\"},\"author\":{\"name\":\"Johanna Black Prieto Pe\u00f1a\",\"@id\":\"https:\/\/www.fiscalia.gov.co\/colombia\/#\/schema\/person\/b19b49f26569f91393176a2b3d13a0e5\"},\"headline\":\"Fiscal\u00eda y 10 alcaldes de C\u00f3rdoba acordaron poner en funcionamientos los PAF para acercar la justicia a los ciudadanos\",\"datePublished\":\"2021-11-18T15:43:48+00:00\",\"dateModified\":\"2021-11-26T21:23:23+00:00\",\"mainEntityOfPage\":{\"@id\":\"https:\/\/www.fiscalia.gov.co\/colombia\/noticias\/fiscalia-y-10-alcaldes-de-cordoba-acordaron-poner-en-funcionamientos-los-paf-para-acercar-la-justicia-a-los-ciudadanos\/\"},\"wordCount\":328,\"publisher\":{\"@id\":\"https:\/\/www.fiscalia.gov.co\/colombia\/#organization\"},\"image\":{\"@id\":\"https:\/\/www.fiscalia.gov.co\/colombia\/noticias\/fiscalia-y-10-alcaldes-de-cordoba-acordaron-poner-en-funcionamientos-los-paf-para-acercar-la-justicia-a-los-ciudadanos\/#primaryimage\"},\"thumbnailUrl\":\"https:\/\/www.fiscalia.gov.co\/colombia\/wp-content\/uploads\/maxresdefault-206.jpg\",\"keywords\":[\"acceso a la justicia\",\"C\u00f3rdoba\",\"Fiscal\u00eda Colombia\",\"Fiscal\u00eda General de la Naci\u00f3n\",\"Puntos de Atenci\u00f3n Fiscal\u00eda\"],\"articleSection\":[\"Noticias\",\"Seccional Monter\u00eda\",\"Seccionales\"],\"inLanguage\":\"es-CO\"},{\"@type\":\"WebPage\",\"@id\":\"https:\/\/www.fiscalia.gov.co\/colombia\/noticias\/fiscalia-y-10-alcaldes-de-cordoba-acordaron-poner-en-funcionamientos-los-paf-para-acercar-la-justicia-a-los-ciudadanos\/\",\"url\":\"https:\/\/www.fiscalia.gov.co\/colombia\/noticias\/fiscalia-y-10-alcaldes-de-cordoba-acordaron-poner-en-funcionamientos-los-paf-para-acercar-la-justicia-a-los-ciudadanos\/\",\"name\":\"Fiscal\u00eda General de la Naci\u00f3n\",\"isPartOf\":{\"@id\":\"https:\/\/www.fiscalia.gov.co\/colombia\/#website\"},\"primaryImageOfPage\":{\"@id\":\"https:\/\/www.fiscalia.gov.co\/colombia\/noticias\/fiscalia-y-10-alcaldes-de-cordoba-acordaron-poner-en-funcionamientos-los-paf-para-acercar-la-justicia-a-los-ciudadanos\/#primaryimage\"},\"image\":{\"@id\":\"https:\/\/www.fiscalia.gov.co\/colombia\/noticias\/fiscalia-y-10-alcaldes-de-cordoba-acordaron-poner-en-funcionamientos-los-paf-para-acercar-la-justicia-a-los-ciudadanos\/#primaryimage\"},\"thumbnailUrl\":\"https:\/\/www.fiscalia.gov.co\/colombia\/wp-content\/uploads\/maxresdefault-206.jpg\",\"datePublished\":\"2021-11-18T15:43:48+00:00\",\"dateModified\":\"2021-11-26T21:23:23+00:00\",\"description\":\"P\u00e1gina oficial de la Fiscal\u00eda General de la Naci\u00f3n \u2013 Colombia. Garantizamos el acceso efectivo a la justicia, la verdad y la reparaci\u00f3n de las v\u00edctimas de los delitos.\",\"breadcrumb\":{\"@id\":\"https:\/\/www.fiscalia.gov.co\/colombia\/noticias\/fiscalia-y-10-alcaldes-de-cordoba-acordaron-poner-en-funcionamientos-los-paf-para-acercar-la-justicia-a-los-ciudadanos\/#breadcrumb\"},\"inLanguage\":\"es-CO\",\"potentialAction\":[{\"@type\":\"ReadAction\",\"target\":[\"https:\/\/www.fiscalia.gov.co\/colombia\/noticias\/fiscalia-y-10-alcaldes-de-cordoba-acordaron-poner-en-funcionamientos-los-paf-para-acercar-la-justicia-a-los-ciudadanos\/\"]}]},{\"@type\":\"ImageObject\",\"inLanguage\":\"es-CO\",\"@id\":\"https:\/\/www.fiscalia.gov.co\/colombia\/noticias\/fiscalia-y-10-alcaldes-de-cordoba-acordaron-poner-en-funcionamientos-los-paf-para-acercar-la-justicia-a-los-ciudadanos\/#primaryimage\",\"url\":\"https:\/\/www.fiscalia.gov.co\/colombia\/wp-content\/uploads\/maxresdefault-206.jpg\",\"contentUrl\":\"https:\/\/www.fiscalia.gov.co\/colombia\/wp-content\/uploads\/maxresdefault-206.jpg\",\"width\":1280,\"height\":720},{\"@type\":\"BreadcrumbList\",\"@id\":\"https:\/\/www.fiscalia.gov.co\/colombia\/noticias\/fiscalia-y-10-alcaldes-de-cordoba-acordaron-poner-en-funcionamientos-los-paf-para-acercar-la-justicia-a-los-ciudadanos\/#breadcrumb\",\"itemListElement\":[{\"@type\":\"ListItem\",\"position\":1,\"name\":\"Home\",\"item\":\"https:\/\/www.fiscalia.gov.co\/colombia\/\"},{\"@type\":\"ListItem\",\"position\":2,\"name\":\"Fiscal\u00eda y 10 alcaldes de C\u00f3rdoba acordaron poner en funcionamientos los PAF para acercar la justicia a los ciudadanos\"}]},{\"@type\":\"WebSite\",\"@id\":\"https:\/\/www.fiscalia.gov.co\/colombia\/#website\",\"url\":\"https:\/\/www.fiscalia.gov.co\/colombia\/\",\"name\":\"Fiscal\u00eda General de la Naci\u00f3n\",\"description\":\"P\u00e1gina oficial de la Fiscal\u00eda General de la Naci\u00f3n \u2013 Colombia. Garantizamos el acceso efectivo a la justicia, la verdad y la reparaci\u00f3n de las v\u00edctimas de los delitos.\",\"publisher\":{\"@id\":\"https:\/\/www.fiscalia.gov.co\/colombia\/#organization\"},\"potentialAction\":[{\"@type\":\"SearchAction\",\"target\":{\"@type\":\"EntryPoint\",\"urlTemplate\":\"https:\/\/www.fiscalia.gov.co\/colombia\/?s={search_term_string}\"},\"query-input\":{\"@type\":\"PropertyValueSpecification\",\"valueRequired\":true,\"valueName\":\"search_term_string\"}}],\"inLanguage\":\"es-CO\"},{\"@type\":\"Organization\",\"@id\":\"https:\/\/www.fiscalia.gov.co\/colombia\/#organization\",\"name\":\"Fiscal\u00eda General de la Naci\u00f3n\",\"url\":\"https:\/\/www.fiscalia.gov.co\/colombia\/\",\"logo\":{\"@type\":\"ImageObject\",\"inLanguage\":\"es-CO\",\"@id\":\"https:\/\/www.fiscalia.gov.co\/colombia\/#\/schema\/logo\/image\/\",\"url\":\"https:\/\/www.fiscalia.gov.co\/colombia\/wp-content\/uploads\/LogoHorizontal_1.jpg\",\"contentUrl\":\"https:\/\/www.fiscalia.gov.co\/colombia\/wp-content\/uploads\/LogoHorizontal_1.jpg\",\"width\":300,\"height\":90,\"caption\":\"Fiscal\u00eda General de la Naci\u00f3n\"},\"image\":{\"@id\":\"https:\/\/www.fiscalia.gov.co\/colombia\/#\/schema\/logo\/image\/\"},\"sameAs\":[\"https:\/\/www.facebook.com\/FiscaliaCol\",\"https:\/\/x.com\/FiscaliaCol\",\"https:\/\/www.instagram.com\/fiscaliacol\",\"https:\/\/www.linkedin.com\/company\/fiscalia-general-de-la-naci-n\/\",\"https:\/\/youtube.com\/@fiscaliageneraldelanacion-4668?si=6nN79nyQICPU5iTh\"]},{\"@type\":\"Person\",\"@id\":\"https:\/\/www.fiscalia.gov.co\/colombia\/#\/schema\/person\/b19b49f26569f91393176a2b3d13a0e5\",\"name\":\"Johanna Black Prieto Pe\u00f1a\",\"image\":{\"@type\":\"ImageObject\",\"inLanguage\":\"es-CO\",\"@id\":\"https:\/\/www.fiscalia.gov.co\/colombia\/#\/schema\/person\/image\/\",\"url\":\"https:\/\/secure.gravatar.com\/avatar\/7f04518e1774335e76d761d76f04003e?s=96&d=mm&r=g\",\"contentUrl\":\"https:\/\/secure.gravatar.com\/avatar\/7f04518e1774335e76d761d76f04003e?s=96&d=mm&r=g\",\"caption\":\"Johanna Black Prieto Pe\u00f1a\"},\"url\":\"https:\/\/www.fiscalia.gov.co\/colombia\/author\/jprieto\/\"}]}<\/script>\n<!-- \/ Yoast SEO plugin. -->","yoast_head_json":{"title":"Fiscal\u00eda General de la Naci\u00f3n","description":"P\u00e1gina oficial de la Fiscal\u00eda General de la Naci\u00f3n \u2013 Colombia. Garantizamos el acceso efectivo a la justicia, la verdad y la reparaci\u00f3n de las v\u00edctimas de los delitos.","robots":{"index":"noindex","follow":"follow"},"og_locale":"es_ES","og_type":"article","og_title":"Fiscal\u00eda General de la Naci\u00f3n","og_description":"P\u00e1gina oficial de la Fiscal\u00eda General de la Naci\u00f3n \u2013 Colombia. Garantizamos el acceso efectivo a la justicia, la verdad y la reparaci\u00f3n de las v\u00edctimas de los delitos.","og_url":"https:\/\/www.fiscalia.gov.co\/colombia\/noticias\/fiscalia-y-10-alcaldes-de-cordoba-acordaron-poner-en-funcionamientos-los-paf-para-acercar-la-justicia-a-los-ciudadanos\/","og_site_name":"Fiscal\u00eda General de la Naci\u00f3n","article_publisher":"https:\/\/www.facebook.com\/FiscaliaCol","article_published_time":"2021-11-18T15:43:48+00:00","article_modified_time":"2021-11-26T21:23:23+00:00","og_image":[{"width":1280,"height":720,"url":"https:\/\/www.fiscalia.gov.co\/colombia\/wp-content\/uploads\/maxresdefault-206.jpg","type":"image\/jpeg"}],"author":"Johanna Black Prieto Pe\u00f1a","twitter_card":"summary_large_image","twitter_creator":"@FiscaliaCol","twitter_site":"@FiscaliaCol","twitter_misc":{"Escrito por":"Johanna Black Prieto Pe\u00f1a","Tiempo de lectura":"2 minutos"},"schema":{"@context":"https:\/\/schema.org","@graph":[{"@type":"Article","@id":"https:\/\/www.fiscalia.gov.co\/colombia\/noticias\/fiscalia-y-10-alcaldes-de-cordoba-acordaron-poner-en-funcionamientos-los-paf-para-acercar-la-justicia-a-los-ciudadanos\/#article","isPartOf":{"@id":"https:\/\/www.fiscalia.gov.co\/colombia\/noticias\/fiscalia-y-10-alcaldes-de-cordoba-acordaron-poner-en-funcionamientos-los-paf-para-acercar-la-justicia-a-los-ciudadanos\/"},"author":{"name":"Johanna Black Prieto Pe\u00f1a","@id":"https:\/\/www.fiscalia.gov.co\/colombia\/#\/schema\/person\/b19b49f26569f91393176a2b3d13a0e5"},"headline":"Fiscal\u00eda y 10 alcaldes de C\u00f3rdoba acordaron poner en funcionamientos los PAF para acercar la justicia a los ciudadanos","datePublished":"2021-11-18T15:43:48+00:00","dateModified":"2021-11-26T21:23:23+00:00","mainEntityOfPage":{"@id":"https:\/\/www.fiscalia.gov.co\/colombia\/noticias\/fiscalia-y-10-alcaldes-de-cordoba-acordaron-poner-en-funcionamientos-los-paf-para-acercar-la-justicia-a-los-ciudadanos\/"},"wordCount":328,"publisher":{"@id":"https:\/\/www.fiscalia.gov.co\/colombia\/#organization"},"image":{"@id":"https:\/\/www.fiscalia.gov.co\/colombia\/noticias\/fiscalia-y-10-alcaldes-de-cordoba-acordaron-poner-en-funcionamientos-los-paf-para-acercar-la-justicia-a-los-ciudadanos\/#primaryimage"},"thumbnailUrl":"https:\/\/www.fiscalia.gov.co\/colombia\/wp-content\/uploads\/maxresdefault-206.jpg","keywords":["acceso a la justicia","C\u00f3rdoba","Fiscal\u00eda Colombia","Fiscal\u00eda General de la Naci\u00f3n","Puntos de Atenci\u00f3n Fiscal\u00eda"],"articleSection":["Noticias","Seccional Monter\u00eda","Seccionales"],"inLanguage":"es-CO"},{"@type":"WebPage","@id":"https:\/\/www.fiscalia.gov.co\/colombia\/noticias\/fiscalia-y-10-alcaldes-de-cordoba-acordaron-poner-en-funcionamientos-los-paf-para-acercar-la-justicia-a-los-ciudadanos\/","url":"https:\/\/www.fiscalia.gov.co\/colombia\/noticias\/fiscalia-y-10-alcaldes-de-cordoba-acordaron-poner-en-funcionamientos-los-paf-para-acercar-la-justicia-a-los-ciudadanos\/","name":"Fiscal\u00eda General de la Naci\u00f3n","isPartOf":{"@id":"https:\/\/www.fiscalia.gov.co\/colombia\/#website"},"primaryImageOfPage":{"@id":"https:\/\/www.fiscalia.gov.co\/colombia\/noticias\/fiscalia-y-10-alcaldes-de-cordoba-acordaron-poner-en-funcionamientos-los-paf-para-acercar-la-justicia-a-los-ciudadanos\/#primaryimage"},"image":{"@id":"https:\/\/www.fiscalia.gov.co\/colombia\/noticias\/fiscalia-y-10-alcaldes-de-cordoba-acordaron-poner-en-funcionamientos-los-paf-para-acercar-la-justicia-a-los-ciudadanos\/#primaryimage"},"thumbnailUrl":"https:\/\/www.fiscalia.gov.co\/colombia\/wp-content\/uploads\/maxresdefault-206.jpg","datePublished":"2021-11-18T15:43:48+00:00","dateModified":"2021-11-26T21:23:23+00:00","description":"P\u00e1gina oficial de la Fiscal\u00eda General de la Naci\u00f3n \u2013 Colombia. Garantizamos el acceso efectivo a la justicia, la verdad y la reparaci\u00f3n de las v\u00edctimas de los delitos.","breadcrumb":{"@id":"https:\/\/www.fiscalia.gov.co\/colombia\/noticias\/fiscalia-y-10-alcaldes-de-cordoba-acordaron-poner-en-funcionamientos-los-paf-para-acercar-la-justicia-a-los-ciudadanos\/#breadcrumb"},"inLanguage":"es-CO","potentialAction":[{"@type":"ReadAction","target":["https:\/\/www.fiscalia.gov.co\/colombia\/noticias\/fiscalia-y-10-alcaldes-de-cordoba-acordaron-poner-en-funcionamientos-los-paf-para-acercar-la-justicia-a-los-ciudadanos\/"]}]},{"@type":"ImageObject","inLanguage":"es-CO","@id":"https:\/\/www.fiscalia.gov.co\/colombia\/noticias\/fiscalia-y-10-alcaldes-de-cordoba-acordaron-poner-en-funcionamientos-los-paf-para-acercar-la-justicia-a-los-ciudadanos\/#primaryimage","url":"https:\/\/www.fiscalia.gov.co\/colombia\/wp-content\/uploads\/maxresdefault-206.jpg","contentUrl":"https:\/\/www.fiscalia.gov.co\/colombia\/wp-content\/uploads\/maxresdefault-206.jpg","width":1280,"height":720},{"@type":"BreadcrumbList","@id":"https:\/\/www.fiscalia.gov.co\/colombia\/noticias\/fiscalia-y-10-alcaldes-de-cordoba-acordaron-poner-en-funcionamientos-los-paf-para-acercar-la-justicia-a-los-ciudadanos\/#breadcrumb","itemListElement":[{"@type":"ListItem","position":1,"name":"Home","item":"https:\/\/www.fiscalia.gov.co\/colombia\/"},{"@type":"ListItem","position":2,"name":"Fiscal\u00eda y 10 alcaldes de C\u00f3rdoba acordaron poner en funcionamientos los PAF para acercar la justicia a los ciudadanos"}]},{"@type":"WebSite","@id":"https:\/\/www.fiscalia.gov.co\/colombia\/#website","url":"https:\/\/www.fiscalia.gov.co\/colombia\/","name":"Fiscal\u00eda General de la Naci\u00f3n","description":"P\u00e1gina oficial de la Fiscal\u00eda General de la Naci\u00f3n \u2013 Colombia. Garantizamos el acceso efectivo a la justicia, la verdad y la reparaci\u00f3n de las v\u00edctimas de los delitos.","publisher":{"@id":"https:\/\/www.fiscalia.gov.co\/colombia\/#organization"},"potentialAction":[{"@type":"SearchAction","target":{"@type":"EntryPoint","urlTemplate":"https:\/\/www.fiscalia.gov.co\/colombia\/?s={search_term_string}"},"query-input":{"@type":"PropertyValueSpecification","valueRequired":true,"valueName":"search_term_string"}}],"inLanguage":"es-CO"},{"@type":"Organization","@id":"https:\/\/www.fiscalia.gov.co\/colombia\/#organization","name":"Fiscal\u00eda General de la Naci\u00f3n","url":"https:\/\/www.fiscalia.gov.co\/colombia\/","logo":{"@type":"ImageObject","inLanguage":"es-CO","@id":"https:\/\/www.fiscalia.gov.co\/colombia\/#\/schema\/logo\/image\/","url":"https:\/\/www.fiscalia.gov.co\/colombia\/wp-content\/uploads\/LogoHorizontal_1.jpg","contentUrl":"https:\/\/www.fiscalia.gov.co\/colombia\/wp-content\/uploads\/LogoHorizontal_1.jpg","width":300,"height":90,"caption":"Fiscal\u00eda General de la Naci\u00f3n"},"image":{"@id":"https:\/\/www.fiscalia.gov.co\/colombia\/#\/schema\/logo\/image\/"},"sameAs":["https:\/\/www.facebook.com\/FiscaliaCol","https:\/\/x.com\/FiscaliaCol","https:\/\/www.instagram.com\/fiscaliacol","https:\/\/www.linkedin.com\/company\/fiscalia-general-de-la-naci-n\/","https:\/\/youtube.com\/@fiscaliageneraldelanacion-4668?si=6nN79nyQICPU5iTh"]},{"@type":"Person","@id":"https:\/\/www.fiscalia.gov.co\/colombia\/#\/schema\/person\/b19b49f26569f91393176a2b3d13a0e5","name":"Johanna Black Prieto Pe\u00f1a","image":{"@type":"ImageObject","inLanguage":"es-CO","@id":"https:\/\/www.fiscalia.gov.co\/colombia\/#\/schema\/person\/image\/","url":"https:\/\/secure.gravatar.com\/avatar\/7f04518e1774335e76d761d76f04003e?s=96&d=mm&r=g","contentUrl":"https:\/\/secure.gravatar.com\/avatar\/7f04518e1774335e76d761d76f04003e?s=96&d=mm&r=g","caption":"Johanna Black Prieto Pe\u00f1a"},"url":"https:\/\/www.fiscalia.gov.co\/colombia\/author\/jprieto\/"}]}},"_links":{"self":[{"href":"https:\/\/www.fiscalia.gov.co\/colombia\/wp-json\/wp\/v2\/posts\/235031","targetHints":{"allow":["GET"]}}],"collection":[{"href":"https:\/\/www.fiscalia.gov.co\/colombia\/wp-json\/wp\/v2\/posts"}],"about":[{"href":"https:\/\/www.fiscalia.gov.co\/colombia\/wp-json\/wp\/v2\/types\/post"}],"author":[{"embeddable":true,"href":"https:\/\/www.fiscalia.gov.co\/colombia\/wp-json\/wp\/v2\/users\/176"}],"replies":[{"embeddable":true,"href":"https:\/\/www.fiscalia.gov.co\/colombia\/wp-json\/wp\/v2\/comments?post=235031"}],"version-history":[{"count":2,"href":"https:\/\/www.fiscalia.gov.co\/colombia\/wp-json\/wp\/v2\/posts\/235031\/revisions"}],"predecessor-version":[{"id":235170,"href":"https:\/\/www.fiscalia.gov.co\/colombia\/wp-json\/wp\/v2\/posts\/235031\/revisions\/235170"}],"wp:featuredmedia":[{"embeddable":true,"href":"https:\/\/www.fiscalia.gov.co\/colombia\/wp-json\/wp\/v2\/media\/235731"}],"wp:attachment":[{"href":"https:\/\/www.fiscalia.gov.co\/colombia\/wp-json\/wp\/v2\/media?parent=235031"}],"wp:term":[{"taxonomy":"category","embeddable":true,"href":"https:\/\/www.fiscalia.gov.co\/colombia\/wp-json\/wp\/v2\/categories?post=235031"},{"taxonomy":"post_tag","embeddable":true,"href":"https:\/\/www.fiscalia.gov.co\/colombia\/wp-json\/wp\/v2\/tags?post=235031"}],"curies":[{"name":"wp","href":"https:\/\/api.w.org\/{rel}","templated":true}]}}