{"id":234936,"date":"2021-11-17T11:48:24","date_gmt":"2021-11-17T16:48:24","guid":{"rendered":"https:\/\/www.fiscalia.gov.co\/colombia\/?p=234936"},"modified":"2021-11-25T14:00:31","modified_gmt":"2021-11-25T19:00:31","slug":"privados-de-la-libertad-9-presuntos-integrantes-de-la-banda-gelada-dedicada-al-trafico-de-estupefacientes-en-pasto-narino","status":"publish","type":"post","link":"https:\/\/www.fiscalia.gov.co\/colombia\/noticias\/privados-de-la-libertad-9-presuntos-integrantes-de-la-banda-gelada-dedicada-al-trafico-de-estupefacientes-en-pasto-narino\/","title":{"rendered":"Privados de la libertad 9 presuntos integrantes de la banda Gelada, dedicada al tr\u00e1fico de estupefacientes en Pasto (Nari\u00f1o)\u00a0"},"content":{"rendered":"<div dir=\"ltr\">\n<p><i>La Fiscal\u00eda apel\u00f3 la libertad concedida a otras dos personas capturadas en flagrancia y que pertenecer\u00edan a la estructura delictiva. Menores de edad eran instrumentalizados para la comercializaci\u00f3n de las sustancias il\u00edcitas.\u00a0<\/i><\/p>\n<p>La Fiscal\u00eda General de la Naci\u00f3n obtuvo medida de aseguramiento en establecimiento carcelario en contra de 9 presuntos integrantes de la banda delincuencial\u00a0<b>Gelada<\/b>, dedicada al tr\u00e1fico y venta de estupefacientes en cuatro barrios de\u00a0<b>Pasto (Nari\u00f1o).<\/b><\/p>\n<p>En operativos simult\u00e1neos de\u00a0<b>allanamiento y registro a 6 viviendas<\/b>, realizados el pasado 13 de noviembre en los barrios\u00a0Fray Ezequiel Moreno, Anganoy, El Arroyo, Juan Pablo II, y el corregimiento de Jamondino, de la capital nari\u00f1ense,\u00a0la Sij\u00edn de la Polic\u00eda Nacional captur\u00f3 a 11 personas, 9 de ellas por orden judicial y dos m\u00e1s en flagrancia.<\/p>\n<p>Durante las diligencias judiciales les fueron incautadas dosis de base de coca, bazuco, una gramera, dinero efectivo y una motocicleta con la que al parecer realizaban entregas a domicilio de las sustancias il\u00edcitas.<\/p>\n<p>El ente acusador les formul\u00f3 cargos a los detenidos por delitos de\u00a0<b>fabricaci\u00f3n, tr\u00e1fico y\u00a0<\/b><b><a href=\"https:\/\/www.fiscalia.gov.co\/colombia\/noticias\/aseguran-capturados-en-flagrancia-por-presunto-transporte-de-estupefacientes\/\" target=\"_blank\" rel=\"noopener noreferrer\" data-saferedirecturl=\"https:\/\/www.google.com\/url?q=https:\/\/www.fiscalia.gov.co\/colombia\/noticias\/aseguran-capturados-en-flagrancia-por-presunto-transporte-de-estupefacientes\/&amp;source=gmail&amp;ust=1637253656877000&amp;usg=AOvVaw3w__Jt_9a1p93qRgUGgjQu\">porte de estupefacientes<\/a>;\u00a0<\/b>destinaci\u00f3n il\u00edcita de bien inmueble y\u00a0<b><a href=\"https:\/\/www.fiscalia.gov.co\/colombia\/seccionales\/seccional-cali\/carcel-para-un-hombre-por-uso-de-menores-de-edad-para-la-comision-de-delitos\/\" target=\"_blank\" rel=\"noopener noreferrer\" data-saferedirecturl=\"https:\/\/www.google.com\/url?q=https:\/\/www.fiscalia.gov.co\/colombia\/seccionales\/seccional-cali\/carcel-para-un-hombre-por-uso-de-menores-de-edad-para-la-comision-de-delitos\/&amp;source=gmail&amp;ust=1637253656877000&amp;usg=AOvVaw2sKD2agMahoo-EP4e4t9zn\">uso de menores de edad<\/a>\u00a0para comisi\u00f3n de delitos.\u00a0\u00a0<\/b><\/p>\n<p>Los procesados, a quienes el juez de garant\u00edas les impuso\u00a0<b>medida de aseguramiento en establecimiento carcelari<\/b>o, son:\u00a0Carlos Steven Narv\u00e1ez Rosero, Natalia Hu\u00e9rfano S\u00e1nchez, Jhony Alex\u00e1nder Garc\u00eda Cuadros, Yeni Andrea Andrade Narv\u00e1ez, Brayan David Cabrera, Carlos Esteven Narv\u00e1ez Rosero, Tr\u00e1nsito Rosario Botina Gamauca, Zoila Esperanza Huelgas Chapuel y Ana Milena Guerrero Pantoja.<\/p>\n<p>Por su parte,\u00a0James Esteban Garc\u00eda Villegas y Jhon Alex\u00e1nder Chamac\u00e1n Estrada, capturados en flagrancia, fueron dejados en libertad por el juez, pero siguen vinculados a la investigaci\u00f3n. La decisi\u00f3n fue apelada por una fiscal de la Seccional Nari\u00f1o a cargo del proceso.<\/p>\n<p>El material probatorio recopilado da cuenta de que la estructura almacenaba los alucin\u00f3genos en las viviendas allanadas y que adem\u00e1s instrumentalizaba a menores de edad para la comercializaci\u00f3n de los mismos, mediante la modalidad de\u00a0<b>entregas a domicilio.<\/b><\/p>\n<p>La Fiscal\u00eda habla con resultados.<\/p>\n<p>JGPV\/LV\/DLBM<\/p>\n<p><b>Le puede interesar:<\/b>\u00a0<a href=\"https:\/\/www.fiscalia.gov.co\/colombia\/noticias\/fiscalia-desmantelo-la-banda-los-lisos-dedicada-al-trafico-y-porte-de-estupefacientes-en-4-sectores-de-palmira\/\" target=\"_blank\" rel=\"noopener noreferrer\" data-saferedirecturl=\"https:\/\/www.google.com\/url?q=https:\/\/www.fiscalia.gov.co\/colombia\/noticias\/fiscalia-desmantelo-la-banda-los-lisos-dedicada-al-trafico-y-porte-de-estupefacientes-en-4-sectores-de-palmira\/&amp;source=gmail&amp;ust=1637253656877000&amp;usg=AOvVaw2VEGdrJ471UdBYU6adYhPl\">Fiscal\u00eda desmantel\u00f3 la banda Los Lisos, dedicada al tr\u00e1fico y porte de estupefacientes en 4 sectores de Palmira<\/a><\/p>\n<p><i>La informaci\u00f3n contenida en este bolet\u00edn de prensa corresponde a la narraci\u00f3n de los hechos noticiosos objetivos, suministrados por los funcionarios encargados de adelantar las investigaciones penales al interior de la Fiscal\u00eda General de la Naci\u00f3n. Para el momento de la divulgaci\u00f3n de este comunicado, la situaci\u00f3n jur\u00eddica de la(s) persona(s) relacionada(s) se encuentra pendiente de resolver por la autoridad judicial competente, siempre bajo los preceptos de la presunci\u00f3n de inocencia, consagrados en el art\u00edculo 29 de la Constituci\u00f3n Pol\u00edtica y el art\u00edculo 7\u00ba de la Ley 906 de 2004.<\/i><\/p>\n<\/div>\n\n<div class=\"twitter-share\"><a href=\"https:\/\/twitter.com\/intent\/tweet?via=fiscaliacol\" class=\"twitter-share-button\">Tweet<\/a><\/div>\n","protected":false},"excerpt":{"rendered":"<p>La Fiscal\u00eda apel\u00f3 la libertad concedida a otras dos personas capturadas en flagrancia y que pertenecer\u00edan a la estructura delictiva. Menores de edad eran instrumentalizados para la comercializaci\u00f3n de las [&hellip;]<\/p>\n","protected":false},"author":176,"featured_media":235625,"comment_status":"closed","ping_status":"open","sticky":false,"template":"","format":"video","meta":{"tdm_status":"","tdm_grid_status":"","footnotes":""},"categories":[1,334,303],"tags":[24526,24481,1047,12161,24491],"class_list":["post-234936","post","type-post","status-publish","format-video","has-post-thumbnail","category-noticias","category-seccional-pasto","category-seccionales","tag-fiscal-general-francisco-barbosa-delgado","tag-fiscalia-de-colombia","tag-fiscalia-general-de-la-nacion","tag-porte-de-estupefacientes","tag-uso-de-menores-de-edad","post_format-post-format-video"],"yoast_head":"<!-- This site is optimized with the Yoast SEO plugin v24.3 - https:\/\/yoast.com\/wordpress\/plugins\/seo\/ -->\n<title>Fiscal\u00eda General de la Naci\u00f3n<\/title>\n<meta name=\"description\" content=\"P\u00e1gina oficial de la Fiscal\u00eda General de la Naci\u00f3n \u2013 Colombia. Garantizamos el acceso efectivo a la justicia, la verdad y la reparaci\u00f3n de las v\u00edctimas de los delitos.\" \/>\n<meta name=\"robots\" content=\"noindex, follow\" \/>\n<meta property=\"og:locale\" content=\"es_ES\" \/>\n<meta property=\"og:type\" content=\"article\" \/>\n<meta property=\"og:title\" content=\"Fiscal\u00eda General de la Naci\u00f3n\" \/>\n<meta property=\"og:description\" content=\"P\u00e1gina oficial de la Fiscal\u00eda General de la Naci\u00f3n \u2013 Colombia. Garantizamos el acceso efectivo a la justicia, la verdad y la reparaci\u00f3n de las v\u00edctimas de los delitos.\" \/>\n<meta property=\"og:url\" content=\"https:\/\/www.fiscalia.gov.co\/colombia\/noticias\/privados-de-la-libertad-9-presuntos-integrantes-de-la-banda-gelada-dedicada-al-trafico-de-estupefacientes-en-pasto-narino\/\" \/>\n<meta property=\"og:site_name\" content=\"Fiscal\u00eda General de la Naci\u00f3n\" \/>\n<meta property=\"article:publisher\" content=\"https:\/\/www.facebook.com\/FiscaliaCol\" \/>\n<meta property=\"article:published_time\" content=\"2021-11-17T16:48:24+00:00\" \/>\n<meta property=\"article:modified_time\" content=\"2021-11-25T19:00:31+00:00\" \/>\n<meta property=\"og:image\" content=\"https:\/\/www.fiscalia.gov.co\/colombia\/wp-content\/uploads\/maxresdefault-204.jpg\" \/>\n\t<meta property=\"og:image:width\" content=\"1280\" \/>\n\t<meta property=\"og:image:height\" content=\"720\" \/>\n\t<meta property=\"og:image:type\" content=\"image\/jpeg\" \/>\n<meta name=\"author\" content=\"Johanna Black Prieto Pe\u00f1a\" \/>\n<meta name=\"twitter:card\" content=\"summary_large_image\" \/>\n<meta name=\"twitter:creator\" content=\"@FiscaliaCol\" \/>\n<meta name=\"twitter:site\" content=\"@FiscaliaCol\" \/>\n<meta name=\"twitter:label1\" content=\"Escrito por\" \/>\n\t<meta name=\"twitter:data1\" content=\"Johanna Black Prieto Pe\u00f1a\" \/>\n\t<meta name=\"twitter:label2\" content=\"Tiempo de lectura\" \/>\n\t<meta name=\"twitter:data2\" content=\"2 minutos\" \/>\n<script type=\"application\/ld+json\" class=\"yoast-schema-graph\">{\"@context\":\"https:\/\/schema.org\",\"@graph\":[{\"@type\":\"Article\",\"@id\":\"https:\/\/www.fiscalia.gov.co\/colombia\/noticias\/privados-de-la-libertad-9-presuntos-integrantes-de-la-banda-gelada-dedicada-al-trafico-de-estupefacientes-en-pasto-narino\/#article\",\"isPartOf\":{\"@id\":\"https:\/\/www.fiscalia.gov.co\/colombia\/noticias\/privados-de-la-libertad-9-presuntos-integrantes-de-la-banda-gelada-dedicada-al-trafico-de-estupefacientes-en-pasto-narino\/\"},\"author\":{\"name\":\"Johanna Black Prieto Pe\u00f1a\",\"@id\":\"https:\/\/www.fiscalia.gov.co\/colombia\/#\/schema\/person\/b19b49f26569f91393176a2b3d13a0e5\"},\"headline\":\"Privados de la libertad 9 presuntos integrantes de la banda Gelada, dedicada al tr\u00e1fico de estupefacientes en Pasto (Nari\u00f1o)\u00a0\",\"datePublished\":\"2021-11-17T16:48:24+00:00\",\"dateModified\":\"2021-11-25T19:00:31+00:00\",\"mainEntityOfPage\":{\"@id\":\"https:\/\/www.fiscalia.gov.co\/colombia\/noticias\/privados-de-la-libertad-9-presuntos-integrantes-de-la-banda-gelada-dedicada-al-trafico-de-estupefacientes-en-pasto-narino\/\"},\"wordCount\":511,\"publisher\":{\"@id\":\"https:\/\/www.fiscalia.gov.co\/colombia\/#organization\"},\"image\":{\"@id\":\"https:\/\/www.fiscalia.gov.co\/colombia\/noticias\/privados-de-la-libertad-9-presuntos-integrantes-de-la-banda-gelada-dedicada-al-trafico-de-estupefacientes-en-pasto-narino\/#primaryimage\"},\"thumbnailUrl\":\"https:\/\/www.fiscalia.gov.co\/colombia\/wp-content\/uploads\/maxresdefault-204.jpg\",\"keywords\":[\"Fiscal General Francisco Barbosa Delgado\",\"Fiscal\u00eda de Colombia\",\"Fiscal\u00eda General de la Naci\u00f3n\",\"Porte de estupefacientes\",\"uso de menores de edad\"],\"articleSection\":[\"Noticias\",\"Seccional Pasto\",\"Seccionales\"],\"inLanguage\":\"es-CO\"},{\"@type\":\"WebPage\",\"@id\":\"https:\/\/www.fiscalia.gov.co\/colombia\/noticias\/privados-de-la-libertad-9-presuntos-integrantes-de-la-banda-gelada-dedicada-al-trafico-de-estupefacientes-en-pasto-narino\/\",\"url\":\"https:\/\/www.fiscalia.gov.co\/colombia\/noticias\/privados-de-la-libertad-9-presuntos-integrantes-de-la-banda-gelada-dedicada-al-trafico-de-estupefacientes-en-pasto-narino\/\",\"name\":\"Fiscal\u00eda General de la Naci\u00f3n\",\"isPartOf\":{\"@id\":\"https:\/\/www.fiscalia.gov.co\/colombia\/#website\"},\"primaryImageOfPage\":{\"@id\":\"https:\/\/www.fiscalia.gov.co\/colombia\/noticias\/privados-de-la-libertad-9-presuntos-integrantes-de-la-banda-gelada-dedicada-al-trafico-de-estupefacientes-en-pasto-narino\/#primaryimage\"},\"image\":{\"@id\":\"https:\/\/www.fiscalia.gov.co\/colombia\/noticias\/privados-de-la-libertad-9-presuntos-integrantes-de-la-banda-gelada-dedicada-al-trafico-de-estupefacientes-en-pasto-narino\/#primaryimage\"},\"thumbnailUrl\":\"https:\/\/www.fiscalia.gov.co\/colombia\/wp-content\/uploads\/maxresdefault-204.jpg\",\"datePublished\":\"2021-11-17T16:48:24+00:00\",\"dateModified\":\"2021-11-25T19:00:31+00:00\",\"description\":\"P\u00e1gina oficial de la Fiscal\u00eda General de la Naci\u00f3n \u2013 Colombia. Garantizamos el acceso efectivo a la justicia, la verdad y la reparaci\u00f3n de las v\u00edctimas de los delitos.\",\"breadcrumb\":{\"@id\":\"https:\/\/www.fiscalia.gov.co\/colombia\/noticias\/privados-de-la-libertad-9-presuntos-integrantes-de-la-banda-gelada-dedicada-al-trafico-de-estupefacientes-en-pasto-narino\/#breadcrumb\"},\"inLanguage\":\"es-CO\",\"potentialAction\":[{\"@type\":\"ReadAction\",\"target\":[\"https:\/\/www.fiscalia.gov.co\/colombia\/noticias\/privados-de-la-libertad-9-presuntos-integrantes-de-la-banda-gelada-dedicada-al-trafico-de-estupefacientes-en-pasto-narino\/\"]}]},{\"@type\":\"ImageObject\",\"inLanguage\":\"es-CO\",\"@id\":\"https:\/\/www.fiscalia.gov.co\/colombia\/noticias\/privados-de-la-libertad-9-presuntos-integrantes-de-la-banda-gelada-dedicada-al-trafico-de-estupefacientes-en-pasto-narino\/#primaryimage\",\"url\":\"https:\/\/www.fiscalia.gov.co\/colombia\/wp-content\/uploads\/maxresdefault-204.jpg\",\"contentUrl\":\"https:\/\/www.fiscalia.gov.co\/colombia\/wp-content\/uploads\/maxresdefault-204.jpg\",\"width\":1280,\"height\":720},{\"@type\":\"BreadcrumbList\",\"@id\":\"https:\/\/www.fiscalia.gov.co\/colombia\/noticias\/privados-de-la-libertad-9-presuntos-integrantes-de-la-banda-gelada-dedicada-al-trafico-de-estupefacientes-en-pasto-narino\/#breadcrumb\",\"itemListElement\":[{\"@type\":\"ListItem\",\"position\":1,\"name\":\"Home\",\"item\":\"https:\/\/www.fiscalia.gov.co\/colombia\/\"},{\"@type\":\"ListItem\",\"position\":2,\"name\":\"Privados de la libertad 9 presuntos integrantes de la banda Gelada, dedicada al tr\u00e1fico de estupefacientes en Pasto (Nari\u00f1o)\u00a0\"}]},{\"@type\":\"WebSite\",\"@id\":\"https:\/\/www.fiscalia.gov.co\/colombia\/#website\",\"url\":\"https:\/\/www.fiscalia.gov.co\/colombia\/\",\"name\":\"Fiscal\u00eda General de la Naci\u00f3n\",\"description\":\"P\u00e1gina oficial de la Fiscal\u00eda General de la Naci\u00f3n \u2013 Colombia. Garantizamos el acceso efectivo a la justicia, la verdad y la reparaci\u00f3n de las v\u00edctimas de los delitos.\",\"publisher\":{\"@id\":\"https:\/\/www.fiscalia.gov.co\/colombia\/#organization\"},\"potentialAction\":[{\"@type\":\"SearchAction\",\"target\":{\"@type\":\"EntryPoint\",\"urlTemplate\":\"https:\/\/www.fiscalia.gov.co\/colombia\/?s={search_term_string}\"},\"query-input\":{\"@type\":\"PropertyValueSpecification\",\"valueRequired\":true,\"valueName\":\"search_term_string\"}}],\"inLanguage\":\"es-CO\"},{\"@type\":\"Organization\",\"@id\":\"https:\/\/www.fiscalia.gov.co\/colombia\/#organization\",\"name\":\"Fiscal\u00eda General de la Naci\u00f3n\",\"url\":\"https:\/\/www.fiscalia.gov.co\/colombia\/\",\"logo\":{\"@type\":\"ImageObject\",\"inLanguage\":\"es-CO\",\"@id\":\"https:\/\/www.fiscalia.gov.co\/colombia\/#\/schema\/logo\/image\/\",\"url\":\"https:\/\/www.fiscalia.gov.co\/colombia\/wp-content\/uploads\/LogoHorizontal_1.jpg\",\"contentUrl\":\"https:\/\/www.fiscalia.gov.co\/colombia\/wp-content\/uploads\/LogoHorizontal_1.jpg\",\"width\":300,\"height\":90,\"caption\":\"Fiscal\u00eda General de la Naci\u00f3n\"},\"image\":{\"@id\":\"https:\/\/www.fiscalia.gov.co\/colombia\/#\/schema\/logo\/image\/\"},\"sameAs\":[\"https:\/\/www.facebook.com\/FiscaliaCol\",\"https:\/\/x.com\/FiscaliaCol\",\"https:\/\/www.instagram.com\/fiscaliacol\",\"https:\/\/www.linkedin.com\/company\/fiscalia-general-de-la-naci-n\/\",\"https:\/\/youtube.com\/@fiscaliageneraldelanacion-4668?si=6nN79nyQICPU5iTh\"]},{\"@type\":\"Person\",\"@id\":\"https:\/\/www.fiscalia.gov.co\/colombia\/#\/schema\/person\/b19b49f26569f91393176a2b3d13a0e5\",\"name\":\"Johanna Black Prieto Pe\u00f1a\",\"image\":{\"@type\":\"ImageObject\",\"inLanguage\":\"es-CO\",\"@id\":\"https:\/\/www.fiscalia.gov.co\/colombia\/#\/schema\/person\/image\/\",\"url\":\"https:\/\/secure.gravatar.com\/avatar\/7f04518e1774335e76d761d76f04003e?s=96&d=mm&r=g\",\"contentUrl\":\"https:\/\/secure.gravatar.com\/avatar\/7f04518e1774335e76d761d76f04003e?s=96&d=mm&r=g\",\"caption\":\"Johanna Black Prieto Pe\u00f1a\"},\"url\":\"https:\/\/www.fiscalia.gov.co\/colombia\/author\/jprieto\/\"}]}<\/script>\n<!-- \/ Yoast SEO plugin. -->","yoast_head_json":{"title":"Fiscal\u00eda General de la Naci\u00f3n","description":"P\u00e1gina oficial de la Fiscal\u00eda General de la Naci\u00f3n \u2013 Colombia. Garantizamos el acceso efectivo a la justicia, la verdad y la reparaci\u00f3n de las v\u00edctimas de los delitos.","robots":{"index":"noindex","follow":"follow"},"og_locale":"es_ES","og_type":"article","og_title":"Fiscal\u00eda General de la Naci\u00f3n","og_description":"P\u00e1gina oficial de la Fiscal\u00eda General de la Naci\u00f3n \u2013 Colombia. Garantizamos el acceso efectivo a la justicia, la verdad y la reparaci\u00f3n de las v\u00edctimas de los delitos.","og_url":"https:\/\/www.fiscalia.gov.co\/colombia\/noticias\/privados-de-la-libertad-9-presuntos-integrantes-de-la-banda-gelada-dedicada-al-trafico-de-estupefacientes-en-pasto-narino\/","og_site_name":"Fiscal\u00eda General de la Naci\u00f3n","article_publisher":"https:\/\/www.facebook.com\/FiscaliaCol","article_published_time":"2021-11-17T16:48:24+00:00","article_modified_time":"2021-11-25T19:00:31+00:00","og_image":[{"width":1280,"height":720,"url":"https:\/\/www.fiscalia.gov.co\/colombia\/wp-content\/uploads\/maxresdefault-204.jpg","type":"image\/jpeg"}],"author":"Johanna Black Prieto Pe\u00f1a","twitter_card":"summary_large_image","twitter_creator":"@FiscaliaCol","twitter_site":"@FiscaliaCol","twitter_misc":{"Escrito por":"Johanna Black Prieto Pe\u00f1a","Tiempo de lectura":"2 minutos"},"schema":{"@context":"https:\/\/schema.org","@graph":[{"@type":"Article","@id":"https:\/\/www.fiscalia.gov.co\/colombia\/noticias\/privados-de-la-libertad-9-presuntos-integrantes-de-la-banda-gelada-dedicada-al-trafico-de-estupefacientes-en-pasto-narino\/#article","isPartOf":{"@id":"https:\/\/www.fiscalia.gov.co\/colombia\/noticias\/privados-de-la-libertad-9-presuntos-integrantes-de-la-banda-gelada-dedicada-al-trafico-de-estupefacientes-en-pasto-narino\/"},"author":{"name":"Johanna Black Prieto Pe\u00f1a","@id":"https:\/\/www.fiscalia.gov.co\/colombia\/#\/schema\/person\/b19b49f26569f91393176a2b3d13a0e5"},"headline":"Privados de la libertad 9 presuntos integrantes de la banda Gelada, dedicada al tr\u00e1fico de estupefacientes en Pasto (Nari\u00f1o)\u00a0","datePublished":"2021-11-17T16:48:24+00:00","dateModified":"2021-11-25T19:00:31+00:00","mainEntityOfPage":{"@id":"https:\/\/www.fiscalia.gov.co\/colombia\/noticias\/privados-de-la-libertad-9-presuntos-integrantes-de-la-banda-gelada-dedicada-al-trafico-de-estupefacientes-en-pasto-narino\/"},"wordCount":511,"publisher":{"@id":"https:\/\/www.fiscalia.gov.co\/colombia\/#organization"},"image":{"@id":"https:\/\/www.fiscalia.gov.co\/colombia\/noticias\/privados-de-la-libertad-9-presuntos-integrantes-de-la-banda-gelada-dedicada-al-trafico-de-estupefacientes-en-pasto-narino\/#primaryimage"},"thumbnailUrl":"https:\/\/www.fiscalia.gov.co\/colombia\/wp-content\/uploads\/maxresdefault-204.jpg","keywords":["Fiscal General Francisco Barbosa Delgado","Fiscal\u00eda de Colombia","Fiscal\u00eda General de la Naci\u00f3n","Porte de estupefacientes","uso de menores de edad"],"articleSection":["Noticias","Seccional Pasto","Seccionales"],"inLanguage":"es-CO"},{"@type":"WebPage","@id":"https:\/\/www.fiscalia.gov.co\/colombia\/noticias\/privados-de-la-libertad-9-presuntos-integrantes-de-la-banda-gelada-dedicada-al-trafico-de-estupefacientes-en-pasto-narino\/","url":"https:\/\/www.fiscalia.gov.co\/colombia\/noticias\/privados-de-la-libertad-9-presuntos-integrantes-de-la-banda-gelada-dedicada-al-trafico-de-estupefacientes-en-pasto-narino\/","name":"Fiscal\u00eda General de la Naci\u00f3n","isPartOf":{"@id":"https:\/\/www.fiscalia.gov.co\/colombia\/#website"},"primaryImageOfPage":{"@id":"https:\/\/www.fiscalia.gov.co\/colombia\/noticias\/privados-de-la-libertad-9-presuntos-integrantes-de-la-banda-gelada-dedicada-al-trafico-de-estupefacientes-en-pasto-narino\/#primaryimage"},"image":{"@id":"https:\/\/www.fiscalia.gov.co\/colombia\/noticias\/privados-de-la-libertad-9-presuntos-integrantes-de-la-banda-gelada-dedicada-al-trafico-de-estupefacientes-en-pasto-narino\/#primaryimage"},"thumbnailUrl":"https:\/\/www.fiscalia.gov.co\/colombia\/wp-content\/uploads\/maxresdefault-204.jpg","datePublished":"2021-11-17T16:48:24+00:00","dateModified":"2021-11-25T19:00:31+00:00","description":"P\u00e1gina oficial de la Fiscal\u00eda General de la Naci\u00f3n \u2013 Colombia. Garantizamos el acceso efectivo a la justicia, la verdad y la reparaci\u00f3n de las v\u00edctimas de los delitos.","breadcrumb":{"@id":"https:\/\/www.fiscalia.gov.co\/colombia\/noticias\/privados-de-la-libertad-9-presuntos-integrantes-de-la-banda-gelada-dedicada-al-trafico-de-estupefacientes-en-pasto-narino\/#breadcrumb"},"inLanguage":"es-CO","potentialAction":[{"@type":"ReadAction","target":["https:\/\/www.fiscalia.gov.co\/colombia\/noticias\/privados-de-la-libertad-9-presuntos-integrantes-de-la-banda-gelada-dedicada-al-trafico-de-estupefacientes-en-pasto-narino\/"]}]},{"@type":"ImageObject","inLanguage":"es-CO","@id":"https:\/\/www.fiscalia.gov.co\/colombia\/noticias\/privados-de-la-libertad-9-presuntos-integrantes-de-la-banda-gelada-dedicada-al-trafico-de-estupefacientes-en-pasto-narino\/#primaryimage","url":"https:\/\/www.fiscalia.gov.co\/colombia\/wp-content\/uploads\/maxresdefault-204.jpg","contentUrl":"https:\/\/www.fiscalia.gov.co\/colombia\/wp-content\/uploads\/maxresdefault-204.jpg","width":1280,"height":720},{"@type":"BreadcrumbList","@id":"https:\/\/www.fiscalia.gov.co\/colombia\/noticias\/privados-de-la-libertad-9-presuntos-integrantes-de-la-banda-gelada-dedicada-al-trafico-de-estupefacientes-en-pasto-narino\/#breadcrumb","itemListElement":[{"@type":"ListItem","position":1,"name":"Home","item":"https:\/\/www.fiscalia.gov.co\/colombia\/"},{"@type":"ListItem","position":2,"name":"Privados de la libertad 9 presuntos integrantes de la banda Gelada, dedicada al tr\u00e1fico de estupefacientes en Pasto (Nari\u00f1o)\u00a0"}]},{"@type":"WebSite","@id":"https:\/\/www.fiscalia.gov.co\/colombia\/#website","url":"https:\/\/www.fiscalia.gov.co\/colombia\/","name":"Fiscal\u00eda General de la Naci\u00f3n","description":"P\u00e1gina oficial de la Fiscal\u00eda General de la Naci\u00f3n \u2013 Colombia. Garantizamos el acceso efectivo a la justicia, la verdad y la reparaci\u00f3n de las v\u00edctimas de los delitos.","publisher":{"@id":"https:\/\/www.fiscalia.gov.co\/colombia\/#organization"},"potentialAction":[{"@type":"SearchAction","target":{"@type":"EntryPoint","urlTemplate":"https:\/\/www.fiscalia.gov.co\/colombia\/?s={search_term_string}"},"query-input":{"@type":"PropertyValueSpecification","valueRequired":true,"valueName":"search_term_string"}}],"inLanguage":"es-CO"},{"@type":"Organization","@id":"https:\/\/www.fiscalia.gov.co\/colombia\/#organization","name":"Fiscal\u00eda General de la Naci\u00f3n","url":"https:\/\/www.fiscalia.gov.co\/colombia\/","logo":{"@type":"ImageObject","inLanguage":"es-CO","@id":"https:\/\/www.fiscalia.gov.co\/colombia\/#\/schema\/logo\/image\/","url":"https:\/\/www.fiscalia.gov.co\/colombia\/wp-content\/uploads\/LogoHorizontal_1.jpg","contentUrl":"https:\/\/www.fiscalia.gov.co\/colombia\/wp-content\/uploads\/LogoHorizontal_1.jpg","width":300,"height":90,"caption":"Fiscal\u00eda General de la Naci\u00f3n"},"image":{"@id":"https:\/\/www.fiscalia.gov.co\/colombia\/#\/schema\/logo\/image\/"},"sameAs":["https:\/\/www.facebook.com\/FiscaliaCol","https:\/\/x.com\/FiscaliaCol","https:\/\/www.instagram.com\/fiscaliacol","https:\/\/www.linkedin.com\/company\/fiscalia-general-de-la-naci-n\/","https:\/\/youtube.com\/@fiscaliageneraldelanacion-4668?si=6nN79nyQICPU5iTh"]},{"@type":"Person","@id":"https:\/\/www.fiscalia.gov.co\/colombia\/#\/schema\/person\/b19b49f26569f91393176a2b3d13a0e5","name":"Johanna Black Prieto Pe\u00f1a","image":{"@type":"ImageObject","inLanguage":"es-CO","@id":"https:\/\/www.fiscalia.gov.co\/colombia\/#\/schema\/person\/image\/","url":"https:\/\/secure.gravatar.com\/avatar\/7f04518e1774335e76d761d76f04003e?s=96&d=mm&r=g","contentUrl":"https:\/\/secure.gravatar.com\/avatar\/7f04518e1774335e76d761d76f04003e?s=96&d=mm&r=g","caption":"Johanna Black Prieto Pe\u00f1a"},"url":"https:\/\/www.fiscalia.gov.co\/colombia\/author\/jprieto\/"}]}},"_links":{"self":[{"href":"https:\/\/www.fiscalia.gov.co\/colombia\/wp-json\/wp\/v2\/posts\/234936","targetHints":{"allow":["GET"]}}],"collection":[{"href":"https:\/\/www.fiscalia.gov.co\/colombia\/wp-json\/wp\/v2\/posts"}],"about":[{"href":"https:\/\/www.fiscalia.gov.co\/colombia\/wp-json\/wp\/v2\/types\/post"}],"author":[{"embeddable":true,"href":"https:\/\/www.fiscalia.gov.co\/colombia\/wp-json\/wp\/v2\/users\/176"}],"replies":[{"embeddable":true,"href":"https:\/\/www.fiscalia.gov.co\/colombia\/wp-json\/wp\/v2\/comments?post=234936"}],"version-history":[{"count":1,"href":"https:\/\/www.fiscalia.gov.co\/colombia\/wp-json\/wp\/v2\/posts\/234936\/revisions"}],"predecessor-version":[{"id":234937,"href":"https:\/\/www.fiscalia.gov.co\/colombia\/wp-json\/wp\/v2\/posts\/234936\/revisions\/234937"}],"wp:featuredmedia":[{"embeddable":true,"href":"https:\/\/www.fiscalia.gov.co\/colombia\/wp-json\/wp\/v2\/media\/235625"}],"wp:attachment":[{"href":"https:\/\/www.fiscalia.gov.co\/colombia\/wp-json\/wp\/v2\/media?parent=234936"}],"wp:term":[{"taxonomy":"category","embeddable":true,"href":"https:\/\/www.fiscalia.gov.co\/colombia\/wp-json\/wp\/v2\/categories?post=234936"},{"taxonomy":"post_tag","embeddable":true,"href":"https:\/\/www.fiscalia.gov.co\/colombia\/wp-json\/wp\/v2\/tags?post=234936"}],"curies":[{"name":"wp","href":"https:\/\/api.w.org\/{rel}","templated":true}]}}