{"id":234798,"date":"2021-11-16T08:22:24","date_gmt":"2021-11-16T13:22:24","guid":{"rendered":"https:\/\/www.fiscalia.gov.co\/colombia\/?p=234798"},"modified":"2021-11-23T15:21:00","modified_gmt":"2021-11-23T20:21:00","slug":"judicializados-cuatro-integrantes-de-la-policia-nacional-que-habrian-facilitado-la-salida-de-cargamentos-de-cocaina-por-el-puerto-de-santa-marta","status":"publish","type":"post","link":"https:\/\/www.fiscalia.gov.co\/colombia\/noticias\/judicializados-cuatro-integrantes-de-la-policia-nacional-que-habrian-facilitado-la-salida-de-cargamentos-de-cocaina-por-el-puerto-de-santa-marta\/","title":{"rendered":"Judicializados cuatro integrantes de la Polic\u00eda Nacional que habr\u00edan facilitado la salida de cargamentos de coca\u00edna por el puerto de Santa Marta"},"content":{"rendered":"<h4><strong><em>Uno de los procesados es un gu\u00eda canino que, al parecer, alter\u00f3 el entrenamiento de su perro para que no alertara sobre la presencia del estupefaciente en contenedores que sal\u00edan a Centroam\u00e9rica y Europa.<\/em><\/strong><\/h4>\n<p>La Fiscal\u00eda General de la Naci\u00f3n, en una labor investigativa y operativa articulada con la Polic\u00eda Nacional, identific\u00f3 y logr\u00f3 la captura de cuatro integrantes de la Polic\u00eda, quienes estar\u00edan al servicio de una red trasnacional narcotraficante.<\/p>\n<p>Las detenciones se cumplieron en diligencias de registro y allanamiento realizadas de manera simult\u00e1nea en Puerto Giraldo (Atl\u00e1ntico), C\u00facuta (Norte de Santander) y Girardot (Cundinamarca).<\/p>\n<p>El material de prueba da cuenta que los funcionarios, al parecer, permitieron el ocultamiento de coca\u00edna entre contenedores que sal\u00edan con mercanc\u00eda desde el puerto de Santa Marta (Magdalena) hacia Guatemala, M\u00e9xico, B\u00e9lgica y Espa\u00f1a.<\/p>\n<p>En las investigaciones se constat\u00f3 que los uniformados, encargados de las labores de inspecci\u00f3n en la plataforma de la terminal mar\u00edtima, habr\u00edan recibido sumas de dinero para no cumplir con sus funciones y facilitar el paso de las cargas contaminadas con estupefacientes.<\/p>\n<p><strong><u>Judicializaciones<\/u><\/strong><\/p>\n<p>Un fiscal de la Direcci\u00f3n Especializada contra el Narcotr\u00e1fico present\u00f3 a los uniformados ante un juez de control de garant\u00edas y les imput\u00f3 el delito de tr\u00e1fico, fabricaci\u00f3n o porte de estupefacientes agravado. El cargo no fue aceptado por los procesados, que recibieron medida privativa de la libertad en centro carcelario.<\/p>\n<p>Los afectados con la decisi\u00f3n son:<\/p>\n<ul>\n<li>(Intendente) Luis Fernando Ram\u00edrez Algarra, supuesto responsable de contactar y convencer a trabajadores del puerto para que permitieran el ingreso de la coca\u00edna camuflada. Asimismo, hay indicios de que, presuntamente, recib\u00eda y repart\u00eda los dineros que la red narcotraficante entregaba a los polic\u00edas.<\/li>\n<li>Patrullero Jes\u00fas Armando Bermeo Medina, un gu\u00eda canino que, al parecer, alter\u00f3 el entrenamiento de su canino para que no hiciera la se\u00f1al de alerta cuando detectaba la presencia de sustancias il\u00edcitas en los contendores.<\/li>\n<li>Patrulleros John Jairo Su\u00e1rez Rueda y \u00d3scar Javier Romero, a quienes se les atribuye permitir el acceso, estad\u00eda y tr\u00e1nsito en la terminal mar\u00edtima de las cargas contaminadas.<\/li>\n<\/ul>\n<p>En desarrollo de la investigaci\u00f3n, a la estructura narcotraficante le fueron incautadas nueve toneladas de clorhidrato de coca\u00edna en Colombia y cinco toneladas en otros pa\u00edses; adem\u00e1s de 640.066 d\u00f3lares y 254\u2019850.000 pesos colombianos.<\/p>\n<p>Esta informaci\u00f3n se publica por razones de inter\u00e9s general.<\/p>\n<p>LMBG\/JARG\/DECN\/MRC.<\/p>\n<p><strong>La Fiscal\u00eda habla con resultados<\/strong><\/p>\n\n<div class=\"twitter-share\"><a href=\"https:\/\/twitter.com\/intent\/tweet?via=fiscaliacol\" class=\"twitter-share-button\">Tweet<\/a><\/div>\n","protected":false},"excerpt":{"rendered":"<p>Uno de los procesados es un gu\u00eda canino que, al parecer, alter\u00f3 el entrenamiento de su perro para que no alertara sobre la presencia del estupefaciente en contenedores que sal\u00edan a Centroam\u00e9rica y Europa. La Fiscal\u00eda General de la Naci\u00f3n, en una labor investigativa y operativa articulada con la Polic\u00eda Nacional, identific\u00f3 y logr\u00f3 la [&hellip;]<\/p>\n","protected":false},"author":176,"featured_media":235422,"comment_status":"closed","ping_status":"open","sticky":false,"template":"","format":"video","meta":{"tdm_status":"","tdm_grid_status":"","footnotes":""},"categories":[1,321,303],"tags":[19,24185,24188,760],"class_list":{"0":"post-234798","1":"post","2":"type-post","3":"status-publish","4":"format-video","5":"has-post-thumbnail","7":"category-noticias","8":"category-seccional-bogota","9":"category-seccionales","10":"tag-cocaina","11":"tag-fiscal-barbosa","12":"tag-fiscal-francisco-barbosa","13":"tag-policias","14":"post_format-post-format-video"},"yoast_head":"<!-- This site is optimized with the Yoast SEO plugin v24.3 - https:\/\/yoast.com\/wordpress\/plugins\/seo\/ -->\n<title>Fiscal\u00eda General de la Naci\u00f3n<\/title>\n<meta name=\"description\" content=\"P\u00e1gina oficial de la Fiscal\u00eda General de la Naci\u00f3n \u2013 Colombia. Garantizamos el acceso efectivo a la justicia, la verdad y la reparaci\u00f3n de las v\u00edctimas de los delitos.\" \/>\n<meta name=\"robots\" content=\"noindex, follow\" \/>\n<meta property=\"og:locale\" content=\"es_ES\" \/>\n<meta property=\"og:type\" content=\"article\" \/>\n<meta property=\"og:title\" content=\"Fiscal\u00eda General de la Naci\u00f3n\" \/>\n<meta property=\"og:description\" content=\"P\u00e1gina oficial de la Fiscal\u00eda General de la Naci\u00f3n \u2013 Colombia. Garantizamos el acceso efectivo a la justicia, la verdad y la reparaci\u00f3n de las v\u00edctimas de los delitos.\" \/>\n<meta property=\"og:url\" content=\"https:\/\/www.fiscalia.gov.co\/colombia\/noticias\/judicializados-cuatro-integrantes-de-la-policia-nacional-que-habrian-facilitado-la-salida-de-cargamentos-de-cocaina-por-el-puerto-de-santa-marta\/\" \/>\n<meta property=\"og:site_name\" content=\"Fiscal\u00eda General de la Naci\u00f3n\" \/>\n<meta property=\"article:publisher\" content=\"https:\/\/www.facebook.com\/FiscaliaCol\" \/>\n<meta property=\"article:published_time\" content=\"2021-11-16T13:22:24+00:00\" \/>\n<meta property=\"article:modified_time\" content=\"2021-11-23T20:21:00+00:00\" \/>\n<meta property=\"og:image\" content=\"https:\/\/www.fiscalia.gov.co\/colombia\/wp-content\/uploads\/maxresdefault-195.jpg\" \/>\n\t<meta property=\"og:image:width\" content=\"1280\" \/>\n\t<meta property=\"og:image:height\" content=\"720\" \/>\n\t<meta property=\"og:image:type\" content=\"image\/jpeg\" \/>\n<meta name=\"author\" content=\"Johanna Black Prieto Pe\u00f1a\" \/>\n<meta name=\"twitter:card\" content=\"summary_large_image\" \/>\n<meta name=\"twitter:creator\" content=\"@FiscaliaCol\" \/>\n<meta name=\"twitter:site\" content=\"@FiscaliaCol\" \/>\n<meta name=\"twitter:label1\" content=\"Escrito por\" \/>\n\t<meta name=\"twitter:data1\" content=\"Johanna Black Prieto Pe\u00f1a\" \/>\n\t<meta name=\"twitter:label2\" content=\"Tiempo de lectura\" \/>\n\t<meta name=\"twitter:data2\" content=\"2 minutos\" \/>\n<script type=\"application\/ld+json\" class=\"yoast-schema-graph\">{\"@context\":\"https:\/\/schema.org\",\"@graph\":[{\"@type\":\"Article\",\"@id\":\"https:\/\/www.fiscalia.gov.co\/colombia\/noticias\/judicializados-cuatro-integrantes-de-la-policia-nacional-que-habrian-facilitado-la-salida-de-cargamentos-de-cocaina-por-el-puerto-de-santa-marta\/#article\",\"isPartOf\":{\"@id\":\"https:\/\/www.fiscalia.gov.co\/colombia\/noticias\/judicializados-cuatro-integrantes-de-la-policia-nacional-que-habrian-facilitado-la-salida-de-cargamentos-de-cocaina-por-el-puerto-de-santa-marta\/\"},\"author\":{\"name\":\"Johanna Black Prieto Pe\u00f1a\",\"@id\":\"https:\/\/www.fiscalia.gov.co\/colombia\/#\/schema\/person\/b19b49f26569f91393176a2b3d13a0e5\"},\"headline\":\"Judicializados cuatro integrantes de la Polic\u00eda Nacional que habr\u00edan facilitado la salida de cargamentos de coca\u00edna por el puerto de Santa Marta\",\"datePublished\":\"2021-11-16T13:22:24+00:00\",\"dateModified\":\"2021-11-23T20:21:00+00:00\",\"mainEntityOfPage\":{\"@id\":\"https:\/\/www.fiscalia.gov.co\/colombia\/noticias\/judicializados-cuatro-integrantes-de-la-policia-nacional-que-habrian-facilitado-la-salida-de-cargamentos-de-cocaina-por-el-puerto-de-santa-marta\/\"},\"wordCount\":459,\"publisher\":{\"@id\":\"https:\/\/www.fiscalia.gov.co\/colombia\/#organization\"},\"image\":{\"@id\":\"https:\/\/www.fiscalia.gov.co\/colombia\/noticias\/judicializados-cuatro-integrantes-de-la-policia-nacional-que-habrian-facilitado-la-salida-de-cargamentos-de-cocaina-por-el-puerto-de-santa-marta\/#primaryimage\"},\"thumbnailUrl\":\"https:\/\/www.fiscalia.gov.co\/colombia\/wp-content\/uploads\/maxresdefault-195.jpg\",\"keywords\":[\"Coca\u00edna\",\"Fiscal Barbosa\",\"Fiscal Francisco Barbosa\",\"Polic\u00edas\"],\"articleSection\":[\"Noticias\",\"Seccional Bogot\u00e1\",\"Seccionales\"],\"inLanguage\":\"es-CO\"},{\"@type\":\"WebPage\",\"@id\":\"https:\/\/www.fiscalia.gov.co\/colombia\/noticias\/judicializados-cuatro-integrantes-de-la-policia-nacional-que-habrian-facilitado-la-salida-de-cargamentos-de-cocaina-por-el-puerto-de-santa-marta\/\",\"url\":\"https:\/\/www.fiscalia.gov.co\/colombia\/noticias\/judicializados-cuatro-integrantes-de-la-policia-nacional-que-habrian-facilitado-la-salida-de-cargamentos-de-cocaina-por-el-puerto-de-santa-marta\/\",\"name\":\"Fiscal\u00eda General de la Naci\u00f3n\",\"isPartOf\":{\"@id\":\"https:\/\/www.fiscalia.gov.co\/colombia\/#website\"},\"primaryImageOfPage\":{\"@id\":\"https:\/\/www.fiscalia.gov.co\/colombia\/noticias\/judicializados-cuatro-integrantes-de-la-policia-nacional-que-habrian-facilitado-la-salida-de-cargamentos-de-cocaina-por-el-puerto-de-santa-marta\/#primaryimage\"},\"image\":{\"@id\":\"https:\/\/www.fiscalia.gov.co\/colombia\/noticias\/judicializados-cuatro-integrantes-de-la-policia-nacional-que-habrian-facilitado-la-salida-de-cargamentos-de-cocaina-por-el-puerto-de-santa-marta\/#primaryimage\"},\"thumbnailUrl\":\"https:\/\/www.fiscalia.gov.co\/colombia\/wp-content\/uploads\/maxresdefault-195.jpg\",\"datePublished\":\"2021-11-16T13:22:24+00:00\",\"dateModified\":\"2021-11-23T20:21:00+00:00\",\"description\":\"P\u00e1gina oficial de la Fiscal\u00eda General de la Naci\u00f3n \u2013 Colombia. Garantizamos el acceso efectivo a la justicia, la verdad y la reparaci\u00f3n de las v\u00edctimas de los delitos.\",\"breadcrumb\":{\"@id\":\"https:\/\/www.fiscalia.gov.co\/colombia\/noticias\/judicializados-cuatro-integrantes-de-la-policia-nacional-que-habrian-facilitado-la-salida-de-cargamentos-de-cocaina-por-el-puerto-de-santa-marta\/#breadcrumb\"},\"inLanguage\":\"es-CO\",\"potentialAction\":[{\"@type\":\"ReadAction\",\"target\":[\"https:\/\/www.fiscalia.gov.co\/colombia\/noticias\/judicializados-cuatro-integrantes-de-la-policia-nacional-que-habrian-facilitado-la-salida-de-cargamentos-de-cocaina-por-el-puerto-de-santa-marta\/\"]}]},{\"@type\":\"ImageObject\",\"inLanguage\":\"es-CO\",\"@id\":\"https:\/\/www.fiscalia.gov.co\/colombia\/noticias\/judicializados-cuatro-integrantes-de-la-policia-nacional-que-habrian-facilitado-la-salida-de-cargamentos-de-cocaina-por-el-puerto-de-santa-marta\/#primaryimage\",\"url\":\"https:\/\/www.fiscalia.gov.co\/colombia\/wp-content\/uploads\/maxresdefault-195.jpg\",\"contentUrl\":\"https:\/\/www.fiscalia.gov.co\/colombia\/wp-content\/uploads\/maxresdefault-195.jpg\",\"width\":1280,\"height\":720},{\"@type\":\"BreadcrumbList\",\"@id\":\"https:\/\/www.fiscalia.gov.co\/colombia\/noticias\/judicializados-cuatro-integrantes-de-la-policia-nacional-que-habrian-facilitado-la-salida-de-cargamentos-de-cocaina-por-el-puerto-de-santa-marta\/#breadcrumb\",\"itemListElement\":[{\"@type\":\"ListItem\",\"position\":1,\"name\":\"Home\",\"item\":\"https:\/\/www.fiscalia.gov.co\/colombia\/\"},{\"@type\":\"ListItem\",\"position\":2,\"name\":\"Judicializados cuatro integrantes de la Polic\u00eda Nacional que habr\u00edan facilitado la salida de cargamentos de coca\u00edna por el puerto de Santa Marta\"}]},{\"@type\":\"WebSite\",\"@id\":\"https:\/\/www.fiscalia.gov.co\/colombia\/#website\",\"url\":\"https:\/\/www.fiscalia.gov.co\/colombia\/\",\"name\":\"Fiscal\u00eda General de la Naci\u00f3n\",\"description\":\"P\u00e1gina oficial de la Fiscal\u00eda General de la Naci\u00f3n \u2013 Colombia. Garantizamos el acceso efectivo a la justicia, la verdad y la reparaci\u00f3n de las v\u00edctimas de los delitos.\",\"publisher\":{\"@id\":\"https:\/\/www.fiscalia.gov.co\/colombia\/#organization\"},\"potentialAction\":[{\"@type\":\"SearchAction\",\"target\":{\"@type\":\"EntryPoint\",\"urlTemplate\":\"https:\/\/www.fiscalia.gov.co\/colombia\/?s={search_term_string}\"},\"query-input\":{\"@type\":\"PropertyValueSpecification\",\"valueRequired\":true,\"valueName\":\"search_term_string\"}}],\"inLanguage\":\"es-CO\"},{\"@type\":\"Organization\",\"@id\":\"https:\/\/www.fiscalia.gov.co\/colombia\/#organization\",\"name\":\"Fiscal\u00eda General de la Naci\u00f3n\",\"url\":\"https:\/\/www.fiscalia.gov.co\/colombia\/\",\"logo\":{\"@type\":\"ImageObject\",\"inLanguage\":\"es-CO\",\"@id\":\"https:\/\/www.fiscalia.gov.co\/colombia\/#\/schema\/logo\/image\/\",\"url\":\"https:\/\/www.fiscalia.gov.co\/colombia\/wp-content\/uploads\/LogoHorizontal_1.jpg\",\"contentUrl\":\"https:\/\/www.fiscalia.gov.co\/colombia\/wp-content\/uploads\/LogoHorizontal_1.jpg\",\"width\":300,\"height\":90,\"caption\":\"Fiscal\u00eda General de la Naci\u00f3n\"},\"image\":{\"@id\":\"https:\/\/www.fiscalia.gov.co\/colombia\/#\/schema\/logo\/image\/\"},\"sameAs\":[\"https:\/\/www.facebook.com\/FiscaliaCol\",\"https:\/\/x.com\/FiscaliaCol\",\"https:\/\/www.instagram.com\/fiscaliacol\",\"https:\/\/www.linkedin.com\/company\/fiscalia-general-de-la-naci-n\/\",\"https:\/\/youtube.com\/@fiscaliageneraldelanacion-4668?si=6nN79nyQICPU5iTh\"]},{\"@type\":\"Person\",\"@id\":\"https:\/\/www.fiscalia.gov.co\/colombia\/#\/schema\/person\/b19b49f26569f91393176a2b3d13a0e5\",\"name\":\"Johanna Black Prieto Pe\u00f1a\",\"image\":{\"@type\":\"ImageObject\",\"inLanguage\":\"es-CO\",\"@id\":\"https:\/\/www.fiscalia.gov.co\/colombia\/#\/schema\/person\/image\/\",\"url\":\"https:\/\/secure.gravatar.com\/avatar\/7f04518e1774335e76d761d76f04003e?s=96&d=mm&r=g\",\"contentUrl\":\"https:\/\/secure.gravatar.com\/avatar\/7f04518e1774335e76d761d76f04003e?s=96&d=mm&r=g\",\"caption\":\"Johanna Black Prieto Pe\u00f1a\"},\"url\":\"https:\/\/www.fiscalia.gov.co\/colombia\/author\/jprieto\/\"}]}<\/script>\n<!-- \/ Yoast SEO plugin. -->","yoast_head_json":{"title":"Fiscal\u00eda General de la Naci\u00f3n","description":"P\u00e1gina oficial de la Fiscal\u00eda General de la Naci\u00f3n \u2013 Colombia. Garantizamos el acceso efectivo a la justicia, la verdad y la reparaci\u00f3n de las v\u00edctimas de los delitos.","robots":{"index":"noindex","follow":"follow"},"og_locale":"es_ES","og_type":"article","og_title":"Fiscal\u00eda General de la Naci\u00f3n","og_description":"P\u00e1gina oficial de la Fiscal\u00eda General de la Naci\u00f3n \u2013 Colombia. Garantizamos el acceso efectivo a la justicia, la verdad y la reparaci\u00f3n de las v\u00edctimas de los delitos.","og_url":"https:\/\/www.fiscalia.gov.co\/colombia\/noticias\/judicializados-cuatro-integrantes-de-la-policia-nacional-que-habrian-facilitado-la-salida-de-cargamentos-de-cocaina-por-el-puerto-de-santa-marta\/","og_site_name":"Fiscal\u00eda General de la Naci\u00f3n","article_publisher":"https:\/\/www.facebook.com\/FiscaliaCol","article_published_time":"2021-11-16T13:22:24+00:00","article_modified_time":"2021-11-23T20:21:00+00:00","og_image":[{"width":1280,"height":720,"url":"https:\/\/www.fiscalia.gov.co\/colombia\/wp-content\/uploads\/maxresdefault-195.jpg","type":"image\/jpeg"}],"author":"Johanna Black Prieto Pe\u00f1a","twitter_card":"summary_large_image","twitter_creator":"@FiscaliaCol","twitter_site":"@FiscaliaCol","twitter_misc":{"Escrito por":"Johanna Black Prieto Pe\u00f1a","Tiempo de lectura":"2 minutos"},"schema":{"@context":"https:\/\/schema.org","@graph":[{"@type":"Article","@id":"https:\/\/www.fiscalia.gov.co\/colombia\/noticias\/judicializados-cuatro-integrantes-de-la-policia-nacional-que-habrian-facilitado-la-salida-de-cargamentos-de-cocaina-por-el-puerto-de-santa-marta\/#article","isPartOf":{"@id":"https:\/\/www.fiscalia.gov.co\/colombia\/noticias\/judicializados-cuatro-integrantes-de-la-policia-nacional-que-habrian-facilitado-la-salida-de-cargamentos-de-cocaina-por-el-puerto-de-santa-marta\/"},"author":{"name":"Johanna Black Prieto Pe\u00f1a","@id":"https:\/\/www.fiscalia.gov.co\/colombia\/#\/schema\/person\/b19b49f26569f91393176a2b3d13a0e5"},"headline":"Judicializados cuatro integrantes de la Polic\u00eda Nacional que habr\u00edan facilitado la salida de cargamentos de coca\u00edna por el puerto de Santa Marta","datePublished":"2021-11-16T13:22:24+00:00","dateModified":"2021-11-23T20:21:00+00:00","mainEntityOfPage":{"@id":"https:\/\/www.fiscalia.gov.co\/colombia\/noticias\/judicializados-cuatro-integrantes-de-la-policia-nacional-que-habrian-facilitado-la-salida-de-cargamentos-de-cocaina-por-el-puerto-de-santa-marta\/"},"wordCount":459,"publisher":{"@id":"https:\/\/www.fiscalia.gov.co\/colombia\/#organization"},"image":{"@id":"https:\/\/www.fiscalia.gov.co\/colombia\/noticias\/judicializados-cuatro-integrantes-de-la-policia-nacional-que-habrian-facilitado-la-salida-de-cargamentos-de-cocaina-por-el-puerto-de-santa-marta\/#primaryimage"},"thumbnailUrl":"https:\/\/www.fiscalia.gov.co\/colombia\/wp-content\/uploads\/maxresdefault-195.jpg","keywords":["Coca\u00edna","Fiscal Barbosa","Fiscal Francisco Barbosa","Polic\u00edas"],"articleSection":["Noticias","Seccional Bogot\u00e1","Seccionales"],"inLanguage":"es-CO"},{"@type":"WebPage","@id":"https:\/\/www.fiscalia.gov.co\/colombia\/noticias\/judicializados-cuatro-integrantes-de-la-policia-nacional-que-habrian-facilitado-la-salida-de-cargamentos-de-cocaina-por-el-puerto-de-santa-marta\/","url":"https:\/\/www.fiscalia.gov.co\/colombia\/noticias\/judicializados-cuatro-integrantes-de-la-policia-nacional-que-habrian-facilitado-la-salida-de-cargamentos-de-cocaina-por-el-puerto-de-santa-marta\/","name":"Fiscal\u00eda General de la Naci\u00f3n","isPartOf":{"@id":"https:\/\/www.fiscalia.gov.co\/colombia\/#website"},"primaryImageOfPage":{"@id":"https:\/\/www.fiscalia.gov.co\/colombia\/noticias\/judicializados-cuatro-integrantes-de-la-policia-nacional-que-habrian-facilitado-la-salida-de-cargamentos-de-cocaina-por-el-puerto-de-santa-marta\/#primaryimage"},"image":{"@id":"https:\/\/www.fiscalia.gov.co\/colombia\/noticias\/judicializados-cuatro-integrantes-de-la-policia-nacional-que-habrian-facilitado-la-salida-de-cargamentos-de-cocaina-por-el-puerto-de-santa-marta\/#primaryimage"},"thumbnailUrl":"https:\/\/www.fiscalia.gov.co\/colombia\/wp-content\/uploads\/maxresdefault-195.jpg","datePublished":"2021-11-16T13:22:24+00:00","dateModified":"2021-11-23T20:21:00+00:00","description":"P\u00e1gina oficial de la Fiscal\u00eda General de la Naci\u00f3n \u2013 Colombia. Garantizamos el acceso efectivo a la justicia, la verdad y la reparaci\u00f3n de las v\u00edctimas de los delitos.","breadcrumb":{"@id":"https:\/\/www.fiscalia.gov.co\/colombia\/noticias\/judicializados-cuatro-integrantes-de-la-policia-nacional-que-habrian-facilitado-la-salida-de-cargamentos-de-cocaina-por-el-puerto-de-santa-marta\/#breadcrumb"},"inLanguage":"es-CO","potentialAction":[{"@type":"ReadAction","target":["https:\/\/www.fiscalia.gov.co\/colombia\/noticias\/judicializados-cuatro-integrantes-de-la-policia-nacional-que-habrian-facilitado-la-salida-de-cargamentos-de-cocaina-por-el-puerto-de-santa-marta\/"]}]},{"@type":"ImageObject","inLanguage":"es-CO","@id":"https:\/\/www.fiscalia.gov.co\/colombia\/noticias\/judicializados-cuatro-integrantes-de-la-policia-nacional-que-habrian-facilitado-la-salida-de-cargamentos-de-cocaina-por-el-puerto-de-santa-marta\/#primaryimage","url":"https:\/\/www.fiscalia.gov.co\/colombia\/wp-content\/uploads\/maxresdefault-195.jpg","contentUrl":"https:\/\/www.fiscalia.gov.co\/colombia\/wp-content\/uploads\/maxresdefault-195.jpg","width":1280,"height":720},{"@type":"BreadcrumbList","@id":"https:\/\/www.fiscalia.gov.co\/colombia\/noticias\/judicializados-cuatro-integrantes-de-la-policia-nacional-que-habrian-facilitado-la-salida-de-cargamentos-de-cocaina-por-el-puerto-de-santa-marta\/#breadcrumb","itemListElement":[{"@type":"ListItem","position":1,"name":"Home","item":"https:\/\/www.fiscalia.gov.co\/colombia\/"},{"@type":"ListItem","position":2,"name":"Judicializados cuatro integrantes de la Polic\u00eda Nacional que habr\u00edan facilitado la salida de cargamentos de coca\u00edna por el puerto de Santa Marta"}]},{"@type":"WebSite","@id":"https:\/\/www.fiscalia.gov.co\/colombia\/#website","url":"https:\/\/www.fiscalia.gov.co\/colombia\/","name":"Fiscal\u00eda General de la Naci\u00f3n","description":"P\u00e1gina oficial de la Fiscal\u00eda General de la Naci\u00f3n \u2013 Colombia. Garantizamos el acceso efectivo a la justicia, la verdad y la reparaci\u00f3n de las v\u00edctimas de los delitos.","publisher":{"@id":"https:\/\/www.fiscalia.gov.co\/colombia\/#organization"},"potentialAction":[{"@type":"SearchAction","target":{"@type":"EntryPoint","urlTemplate":"https:\/\/www.fiscalia.gov.co\/colombia\/?s={search_term_string}"},"query-input":{"@type":"PropertyValueSpecification","valueRequired":true,"valueName":"search_term_string"}}],"inLanguage":"es-CO"},{"@type":"Organization","@id":"https:\/\/www.fiscalia.gov.co\/colombia\/#organization","name":"Fiscal\u00eda General de la Naci\u00f3n","url":"https:\/\/www.fiscalia.gov.co\/colombia\/","logo":{"@type":"ImageObject","inLanguage":"es-CO","@id":"https:\/\/www.fiscalia.gov.co\/colombia\/#\/schema\/logo\/image\/","url":"https:\/\/www.fiscalia.gov.co\/colombia\/wp-content\/uploads\/LogoHorizontal_1.jpg","contentUrl":"https:\/\/www.fiscalia.gov.co\/colombia\/wp-content\/uploads\/LogoHorizontal_1.jpg","width":300,"height":90,"caption":"Fiscal\u00eda General de la Naci\u00f3n"},"image":{"@id":"https:\/\/www.fiscalia.gov.co\/colombia\/#\/schema\/logo\/image\/"},"sameAs":["https:\/\/www.facebook.com\/FiscaliaCol","https:\/\/x.com\/FiscaliaCol","https:\/\/www.instagram.com\/fiscaliacol","https:\/\/www.linkedin.com\/company\/fiscalia-general-de-la-naci-n\/","https:\/\/youtube.com\/@fiscaliageneraldelanacion-4668?si=6nN79nyQICPU5iTh"]},{"@type":"Person","@id":"https:\/\/www.fiscalia.gov.co\/colombia\/#\/schema\/person\/b19b49f26569f91393176a2b3d13a0e5","name":"Johanna Black Prieto Pe\u00f1a","image":{"@type":"ImageObject","inLanguage":"es-CO","@id":"https:\/\/www.fiscalia.gov.co\/colombia\/#\/schema\/person\/image\/","url":"https:\/\/secure.gravatar.com\/avatar\/7f04518e1774335e76d761d76f04003e?s=96&d=mm&r=g","contentUrl":"https:\/\/secure.gravatar.com\/avatar\/7f04518e1774335e76d761d76f04003e?s=96&d=mm&r=g","caption":"Johanna Black Prieto Pe\u00f1a"},"url":"https:\/\/www.fiscalia.gov.co\/colombia\/author\/jprieto\/"}]}},"_links":{"self":[{"href":"https:\/\/www.fiscalia.gov.co\/colombia\/wp-json\/wp\/v2\/posts\/234798","targetHints":{"allow":["GET"]}}],"collection":[{"href":"https:\/\/www.fiscalia.gov.co\/colombia\/wp-json\/wp\/v2\/posts"}],"about":[{"href":"https:\/\/www.fiscalia.gov.co\/colombia\/wp-json\/wp\/v2\/types\/post"}],"author":[{"embeddable":true,"href":"https:\/\/www.fiscalia.gov.co\/colombia\/wp-json\/wp\/v2\/users\/176"}],"replies":[{"embeddable":true,"href":"https:\/\/www.fiscalia.gov.co\/colombia\/wp-json\/wp\/v2\/comments?post=234798"}],"version-history":[{"count":1,"href":"https:\/\/www.fiscalia.gov.co\/colombia\/wp-json\/wp\/v2\/posts\/234798\/revisions"}],"predecessor-version":[{"id":234799,"href":"https:\/\/www.fiscalia.gov.co\/colombia\/wp-json\/wp\/v2\/posts\/234798\/revisions\/234799"}],"wp:featuredmedia":[{"embeddable":true,"href":"https:\/\/www.fiscalia.gov.co\/colombia\/wp-json\/wp\/v2\/media\/235422"}],"wp:attachment":[{"href":"https:\/\/www.fiscalia.gov.co\/colombia\/wp-json\/wp\/v2\/media?parent=234798"}],"wp:term":[{"taxonomy":"category","embeddable":true,"href":"https:\/\/www.fiscalia.gov.co\/colombia\/wp-json\/wp\/v2\/categories?post=234798"},{"taxonomy":"post_tag","embeddable":true,"href":"https:\/\/www.fiscalia.gov.co\/colombia\/wp-json\/wp\/v2\/tags?post=234798"}],"curies":[{"name":"wp","href":"https:\/\/api.w.org\/{rel}","templated":true}]}}