{"id":234785,"date":"2021-11-15T19:37:21","date_gmt":"2021-11-16T00:37:21","guid":{"rendered":"https:\/\/www.fiscalia.gov.co\/colombia\/?p=234785"},"modified":"2021-11-15T19:42:48","modified_gmt":"2021-11-16T00:42:48","slug":"asegurado-alias-la-moto-negra-o-el-viaje-del-terror-presunto-abusador-sexual-en-serie-que-asechaba-a-sus-victimas-en-atlantico","status":"publish","type":"post","link":"https:\/\/www.fiscalia.gov.co\/colombia\/noticias\/asegurado-alias-la-moto-negra-o-el-viaje-del-terror-presunto-abusador-sexual-en-serie-que-asechaba-a-sus-victimas-en-atlantico\/","title":{"rendered":"Asegurado alias La Moto Negra o El viaje del Terror, presunto abusador sexual en serie que asechaba a sus v\u00edctimas en Atl\u00e1ntico\u00a0\u00a0\u00a0\u00a0\u00a0"},"content":{"rendered":"<p>Luego de un mes de investigaci\u00f3n, adelantada bajo la coordinaci\u00f3n de una fiscal itinerante de la Unidad de Delitos Sexuales de la Fiscal\u00eda General de la Naci\u00f3n, funcionarios del Cuerpo T\u00e9cnico de Investigaci\u00f3n (CTI) capturaron a\u00a0<strong>Gerson Enrique Salcedo Arias<\/strong>, como presunto responsable de agredir sexualmente a m\u00e1s de 9 mujeres en el departamento de Atl\u00e1ntico.<\/p>\n<p>De acuerdo con lo establecido mediante labores de polic\u00eda judicial, los hechos vendr\u00edan ocurriendo desde junio de este a\u00f1o, cuando alias la Moto Negra, quien se desempa\u00f1aba como mototaxista, ofrec\u00eda sus servicios a mujeres. Al parecer, luego de recogerlas, desviaba su recorrido con el argumento de que hab\u00eda retenes de tr\u00e1nsito y las conduc\u00eda hacia trochas o lugares despoblados, donde se presume que las acced\u00eda carnalmente y les hurtaba sus pertenencias.<\/p>\n<p>En el operativo de captura que se realiz\u00f3 el pasado 8 de noviembre, le fueron incautadas al imputado una motocicleta y un arma blanca.<\/p>\n<p>La Fiscal\u00eda le imput\u00f3 a\u00a0Salcedo Arias los delitos de acceso carnal violento en concurso heterog\u00e9neo con hurto calificado y agravado, cargos que este no acept\u00f3 en desarrollo de las audiencias preliminares.<\/p>\n<p>Por su parte, el juez segundo promiscuo municipal con funciones de control de garant\u00edas de Malambo (Atl\u00e1ntico) aval\u00f3 los contundentes argumentos de la fiscal y dict\u00f3 medida de aseguramiento en centro carcelario contra el procesado.<\/p>\n<p><strong>La Fiscal\u00eda General de la Naci\u00f3n habla con resultados.\u00a0<\/strong><\/p>\n<p>&nbsp;<\/p>\n<p>SKCR\/MG\/DLBM\/MRC<\/p>\n<p><i>La informaci\u00f3n contenida en este bolet\u00edn de prensa corresponde a la narraci\u00f3n de los hechos noticiosos objetivos, suministrados por los funcionarios encargados de adelantar las investigaciones penales al interior de la Fiscal\u00eda General de la Naci\u00f3n. Para el momento de la divulgaci\u00f3n de este comunicado, la situaci\u00f3n jur\u00eddica de la(s) persona(s) relacionada(s) se encuentra pendiente de resolver por la autoridad judicial competente, siempre bajo los preceptos de la presunci\u00f3n de inocencia, consagrados en el art\u00edculo 29 de la Constituci\u00f3n Pol\u00edtica y el art\u00edculo 7\u00ba de la Ley 906 de 2004.<\/i><\/p>\n<p>&nbsp;<\/p>\n\n<div class=\"twitter-share\"><a href=\"https:\/\/twitter.com\/intent\/tweet?via=fiscaliacol\" class=\"twitter-share-button\">Tweet<\/a><\/div>\n","protected":false},"excerpt":{"rendered":"<p>Luego de un mes de investigaci\u00f3n, adelantada bajo la coordinaci\u00f3n de una fiscal itinerante de la Unidad de Delitos Sexuales de la Fiscal\u00eda General de la Naci\u00f3n, funcionarios del Cuerpo T\u00e9cnico de Investigaci\u00f3n (CTI) capturaron a\u00a0Gerson Enrique Salcedo Arias, como presunto responsable de agredir sexualmente a m\u00e1s de 9 mujeres en el departamento de Atl\u00e1ntico. [&hellip;]<\/p>\n","protected":false},"author":176,"featured_media":0,"comment_status":"closed","ping_status":"open","sticky":false,"template":"","format":"standard","meta":{"_price":"","_stock":"","_tribe_ticket_header":"","_tribe_default_ticket_provider":"","_tribe_ticket_capacity":"0","_ticket_start_date":"","_ticket_end_date":"","_tribe_ticket_show_description":"","_tribe_ticket_show_not_going":false,"_tribe_ticket_use_global_stock":"","_tribe_ticket_global_stock_level":"","_global_stock_mode":"","_global_stock_cap":"","_tribe_rsvp_for_event":"","_tribe_ticket_going_count":"","_tribe_ticket_not_going_count":"","_tribe_tickets_list":"[]","_tribe_ticket_has_attendee_info_fields":false,"tdm_status":"","tdm_grid_status":"","footnotes":""},"categories":[1,320,303],"tags":[29513,24185,24401],"class_list":{"0":"post-234785","1":"post","2":"type-post","3":"status-publish","4":"format-standard","6":"category-noticias","7":"category-seccional-barranquilla","8":"category-seccionales","9":"tag-abusador-serial","10":"tag-fiscal-barbosa","11":"tag-fiscal-barbosa-delgado"},"yoast_head":"<!-- This site is optimized with the Yoast SEO plugin v24.3 - https:\/\/yoast.com\/wordpress\/plugins\/seo\/ -->\n<title>Fiscal\u00eda General de la Naci\u00f3n<\/title>\n<meta name=\"description\" content=\"P\u00e1gina oficial de la Fiscal\u00eda General de la Naci\u00f3n \u2013 Colombia. Garantizamos el acceso efectivo a la justicia, la verdad y la reparaci\u00f3n de las v\u00edctimas de los delitos.\" \/>\n<meta name=\"robots\" content=\"noindex, follow\" \/>\n<meta property=\"og:locale\" content=\"es_ES\" \/>\n<meta property=\"og:type\" content=\"article\" \/>\n<meta property=\"og:title\" content=\"Fiscal\u00eda General de la Naci\u00f3n\" \/>\n<meta property=\"og:description\" content=\"P\u00e1gina oficial de la Fiscal\u00eda General de la Naci\u00f3n \u2013 Colombia. Garantizamos el acceso efectivo a la justicia, la verdad y la reparaci\u00f3n de las v\u00edctimas de los delitos.\" \/>\n<meta property=\"og:url\" content=\"https:\/\/www.fiscalia.gov.co\/colombia\/noticias\/asegurado-alias-la-moto-negra-o-el-viaje-del-terror-presunto-abusador-sexual-en-serie-que-asechaba-a-sus-victimas-en-atlantico\/\" \/>\n<meta property=\"og:site_name\" content=\"Fiscal\u00eda General de la Naci\u00f3n\" \/>\n<meta property=\"article:publisher\" content=\"https:\/\/www.facebook.com\/FiscaliaCol\" \/>\n<meta property=\"article:published_time\" content=\"2021-11-16T00:37:21+00:00\" \/>\n<meta property=\"article:modified_time\" content=\"2021-11-16T00:42:48+00:00\" \/>\n<meta name=\"author\" content=\"Johanna Black Prieto Pe\u00f1a\" \/>\n<meta name=\"twitter:card\" content=\"summary_large_image\" \/>\n<meta name=\"twitter:creator\" content=\"@FiscaliaCol\" \/>\n<meta name=\"twitter:site\" content=\"@FiscaliaCol\" \/>\n<meta name=\"twitter:label1\" content=\"Escrito por\" \/>\n\t<meta name=\"twitter:data1\" content=\"Johanna Black Prieto Pe\u00f1a\" \/>\n\t<meta name=\"twitter:label2\" content=\"Tiempo de lectura\" \/>\n\t<meta name=\"twitter:data2\" content=\"2 minutos\" \/>\n<script type=\"application\/ld+json\" class=\"yoast-schema-graph\">{\"@context\":\"https:\/\/schema.org\",\"@graph\":[{\"@type\":\"Article\",\"@id\":\"https:\/\/www.fiscalia.gov.co\/colombia\/noticias\/asegurado-alias-la-moto-negra-o-el-viaje-del-terror-presunto-abusador-sexual-en-serie-que-asechaba-a-sus-victimas-en-atlantico\/#article\",\"isPartOf\":{\"@id\":\"https:\/\/www.fiscalia.gov.co\/colombia\/noticias\/asegurado-alias-la-moto-negra-o-el-viaje-del-terror-presunto-abusador-sexual-en-serie-que-asechaba-a-sus-victimas-en-atlantico\/\"},\"author\":{\"name\":\"Johanna Black Prieto Pe\u00f1a\",\"@id\":\"https:\/\/www.fiscalia.gov.co\/colombia\/#\/schema\/person\/b19b49f26569f91393176a2b3d13a0e5\"},\"headline\":\"Asegurado alias La Moto Negra o El viaje del Terror, presunto abusador sexual en serie que asechaba a sus v\u00edctimas en Atl\u00e1ntico\u00a0\u00a0\u00a0\u00a0\u00a0\",\"datePublished\":\"2021-11-16T00:37:21+00:00\",\"dateModified\":\"2021-11-16T00:42:48+00:00\",\"mainEntityOfPage\":{\"@id\":\"https:\/\/www.fiscalia.gov.co\/colombia\/noticias\/asegurado-alias-la-moto-negra-o-el-viaje-del-terror-presunto-abusador-sexual-en-serie-que-asechaba-a-sus-victimas-en-atlantico\/\"},\"wordCount\":380,\"publisher\":{\"@id\":\"https:\/\/www.fiscalia.gov.co\/colombia\/#organization\"},\"keywords\":[\"Abusador serial\",\"Fiscal Barbosa\",\"Fiscal Barbosa Delgado\"],\"articleSection\":[\"Noticias\",\"Seccional Barranquilla\",\"Seccionales\"],\"inLanguage\":\"es-CO\"},{\"@type\":\"WebPage\",\"@id\":\"https:\/\/www.fiscalia.gov.co\/colombia\/noticias\/asegurado-alias-la-moto-negra-o-el-viaje-del-terror-presunto-abusador-sexual-en-serie-que-asechaba-a-sus-victimas-en-atlantico\/\",\"url\":\"https:\/\/www.fiscalia.gov.co\/colombia\/noticias\/asegurado-alias-la-moto-negra-o-el-viaje-del-terror-presunto-abusador-sexual-en-serie-que-asechaba-a-sus-victimas-en-atlantico\/\",\"name\":\"Fiscal\u00eda General de la Naci\u00f3n\",\"isPartOf\":{\"@id\":\"https:\/\/www.fiscalia.gov.co\/colombia\/#website\"},\"datePublished\":\"2021-11-16T00:37:21+00:00\",\"dateModified\":\"2021-11-16T00:42:48+00:00\",\"description\":\"P\u00e1gina oficial de la Fiscal\u00eda General de la Naci\u00f3n \u2013 Colombia. Garantizamos el acceso efectivo a la justicia, la verdad y la reparaci\u00f3n de las v\u00edctimas de los delitos.\",\"breadcrumb\":{\"@id\":\"https:\/\/www.fiscalia.gov.co\/colombia\/noticias\/asegurado-alias-la-moto-negra-o-el-viaje-del-terror-presunto-abusador-sexual-en-serie-que-asechaba-a-sus-victimas-en-atlantico\/#breadcrumb\"},\"inLanguage\":\"es-CO\",\"potentialAction\":[{\"@type\":\"ReadAction\",\"target\":[\"https:\/\/www.fiscalia.gov.co\/colombia\/noticias\/asegurado-alias-la-moto-negra-o-el-viaje-del-terror-presunto-abusador-sexual-en-serie-que-asechaba-a-sus-victimas-en-atlantico\/\"]}]},{\"@type\":\"BreadcrumbList\",\"@id\":\"https:\/\/www.fiscalia.gov.co\/colombia\/noticias\/asegurado-alias-la-moto-negra-o-el-viaje-del-terror-presunto-abusador-sexual-en-serie-que-asechaba-a-sus-victimas-en-atlantico\/#breadcrumb\",\"itemListElement\":[{\"@type\":\"ListItem\",\"position\":1,\"name\":\"Home\",\"item\":\"https:\/\/www.fiscalia.gov.co\/colombia\/\"},{\"@type\":\"ListItem\",\"position\":2,\"name\":\"Asegurado alias La Moto Negra o El viaje del Terror, presunto abusador sexual en serie que asechaba a sus v\u00edctimas en Atl\u00e1ntico\u00a0\u00a0\u00a0\u00a0\u00a0\"}]},{\"@type\":\"WebSite\",\"@id\":\"https:\/\/www.fiscalia.gov.co\/colombia\/#website\",\"url\":\"https:\/\/www.fiscalia.gov.co\/colombia\/\",\"name\":\"Fiscal\u00eda General de la Naci\u00f3n\",\"description\":\"P\u00e1gina oficial de la Fiscal\u00eda General de la Naci\u00f3n \u2013 Colombia. Garantizamos el acceso efectivo a la justicia, la verdad y la reparaci\u00f3n de las v\u00edctimas de los delitos.\",\"publisher\":{\"@id\":\"https:\/\/www.fiscalia.gov.co\/colombia\/#organization\"},\"potentialAction\":[{\"@type\":\"SearchAction\",\"target\":{\"@type\":\"EntryPoint\",\"urlTemplate\":\"https:\/\/www.fiscalia.gov.co\/colombia\/?s={search_term_string}\"},\"query-input\":{\"@type\":\"PropertyValueSpecification\",\"valueRequired\":true,\"valueName\":\"search_term_string\"}}],\"inLanguage\":\"es-CO\"},{\"@type\":\"Organization\",\"@id\":\"https:\/\/www.fiscalia.gov.co\/colombia\/#organization\",\"name\":\"Fiscal\u00eda General de la Naci\u00f3n\",\"url\":\"https:\/\/www.fiscalia.gov.co\/colombia\/\",\"logo\":{\"@type\":\"ImageObject\",\"inLanguage\":\"es-CO\",\"@id\":\"https:\/\/www.fiscalia.gov.co\/colombia\/#\/schema\/logo\/image\/\",\"url\":\"https:\/\/www.fiscalia.gov.co\/colombia\/wp-content\/uploads\/LogoHorizontal_1.jpg\",\"contentUrl\":\"https:\/\/www.fiscalia.gov.co\/colombia\/wp-content\/uploads\/LogoHorizontal_1.jpg\",\"width\":300,\"height\":90,\"caption\":\"Fiscal\u00eda General de la Naci\u00f3n\"},\"image\":{\"@id\":\"https:\/\/www.fiscalia.gov.co\/colombia\/#\/schema\/logo\/image\/\"},\"sameAs\":[\"https:\/\/www.facebook.com\/FiscaliaCol\",\"https:\/\/x.com\/FiscaliaCol\",\"https:\/\/www.instagram.com\/fiscaliacol\",\"https:\/\/www.linkedin.com\/company\/fiscalia-general-de-la-naci-n\/\",\"https:\/\/youtube.com\/@fiscaliageneraldelanacion-4668?si=6nN79nyQICPU5iTh\"]},{\"@type\":\"Person\",\"@id\":\"https:\/\/www.fiscalia.gov.co\/colombia\/#\/schema\/person\/b19b49f26569f91393176a2b3d13a0e5\",\"name\":\"Johanna Black Prieto Pe\u00f1a\",\"image\":{\"@type\":\"ImageObject\",\"inLanguage\":\"es-CO\",\"@id\":\"https:\/\/www.fiscalia.gov.co\/colombia\/#\/schema\/person\/image\/\",\"url\":\"https:\/\/secure.gravatar.com\/avatar\/7f04518e1774335e76d761d76f04003e?s=96&d=mm&r=g\",\"contentUrl\":\"https:\/\/secure.gravatar.com\/avatar\/7f04518e1774335e76d761d76f04003e?s=96&d=mm&r=g\",\"caption\":\"Johanna Black Prieto Pe\u00f1a\"},\"url\":\"https:\/\/www.fiscalia.gov.co\/colombia\/author\/jprieto\/\"}]}<\/script>\n<!-- \/ Yoast SEO plugin. -->","yoast_head_json":{"title":"Fiscal\u00eda General de la Naci\u00f3n","description":"P\u00e1gina oficial de la Fiscal\u00eda General de la Naci\u00f3n \u2013 Colombia. Garantizamos el acceso efectivo a la justicia, la verdad y la reparaci\u00f3n de las v\u00edctimas de los delitos.","robots":{"index":"noindex","follow":"follow"},"og_locale":"es_ES","og_type":"article","og_title":"Fiscal\u00eda General de la Naci\u00f3n","og_description":"P\u00e1gina oficial de la Fiscal\u00eda General de la Naci\u00f3n \u2013 Colombia. Garantizamos el acceso efectivo a la justicia, la verdad y la reparaci\u00f3n de las v\u00edctimas de los delitos.","og_url":"https:\/\/www.fiscalia.gov.co\/colombia\/noticias\/asegurado-alias-la-moto-negra-o-el-viaje-del-terror-presunto-abusador-sexual-en-serie-que-asechaba-a-sus-victimas-en-atlantico\/","og_site_name":"Fiscal\u00eda General de la Naci\u00f3n","article_publisher":"https:\/\/www.facebook.com\/FiscaliaCol","article_published_time":"2021-11-16T00:37:21+00:00","article_modified_time":"2021-11-16T00:42:48+00:00","author":"Johanna Black Prieto Pe\u00f1a","twitter_card":"summary_large_image","twitter_creator":"@FiscaliaCol","twitter_site":"@FiscaliaCol","twitter_misc":{"Escrito por":"Johanna Black Prieto Pe\u00f1a","Tiempo de lectura":"2 minutos"},"schema":{"@context":"https:\/\/schema.org","@graph":[{"@type":"Article","@id":"https:\/\/www.fiscalia.gov.co\/colombia\/noticias\/asegurado-alias-la-moto-negra-o-el-viaje-del-terror-presunto-abusador-sexual-en-serie-que-asechaba-a-sus-victimas-en-atlantico\/#article","isPartOf":{"@id":"https:\/\/www.fiscalia.gov.co\/colombia\/noticias\/asegurado-alias-la-moto-negra-o-el-viaje-del-terror-presunto-abusador-sexual-en-serie-que-asechaba-a-sus-victimas-en-atlantico\/"},"author":{"name":"Johanna Black Prieto Pe\u00f1a","@id":"https:\/\/www.fiscalia.gov.co\/colombia\/#\/schema\/person\/b19b49f26569f91393176a2b3d13a0e5"},"headline":"Asegurado alias La Moto Negra o El viaje del Terror, presunto abusador sexual en serie que asechaba a sus v\u00edctimas en Atl\u00e1ntico\u00a0\u00a0\u00a0\u00a0\u00a0","datePublished":"2021-11-16T00:37:21+00:00","dateModified":"2021-11-16T00:42:48+00:00","mainEntityOfPage":{"@id":"https:\/\/www.fiscalia.gov.co\/colombia\/noticias\/asegurado-alias-la-moto-negra-o-el-viaje-del-terror-presunto-abusador-sexual-en-serie-que-asechaba-a-sus-victimas-en-atlantico\/"},"wordCount":380,"publisher":{"@id":"https:\/\/www.fiscalia.gov.co\/colombia\/#organization"},"keywords":["Abusador serial","Fiscal Barbosa","Fiscal Barbosa Delgado"],"articleSection":["Noticias","Seccional Barranquilla","Seccionales"],"inLanguage":"es-CO"},{"@type":"WebPage","@id":"https:\/\/www.fiscalia.gov.co\/colombia\/noticias\/asegurado-alias-la-moto-negra-o-el-viaje-del-terror-presunto-abusador-sexual-en-serie-que-asechaba-a-sus-victimas-en-atlantico\/","url":"https:\/\/www.fiscalia.gov.co\/colombia\/noticias\/asegurado-alias-la-moto-negra-o-el-viaje-del-terror-presunto-abusador-sexual-en-serie-que-asechaba-a-sus-victimas-en-atlantico\/","name":"Fiscal\u00eda General de la Naci\u00f3n","isPartOf":{"@id":"https:\/\/www.fiscalia.gov.co\/colombia\/#website"},"datePublished":"2021-11-16T00:37:21+00:00","dateModified":"2021-11-16T00:42:48+00:00","description":"P\u00e1gina oficial de la Fiscal\u00eda General de la Naci\u00f3n \u2013 Colombia. Garantizamos el acceso efectivo a la justicia, la verdad y la reparaci\u00f3n de las v\u00edctimas de los delitos.","breadcrumb":{"@id":"https:\/\/www.fiscalia.gov.co\/colombia\/noticias\/asegurado-alias-la-moto-negra-o-el-viaje-del-terror-presunto-abusador-sexual-en-serie-que-asechaba-a-sus-victimas-en-atlantico\/#breadcrumb"},"inLanguage":"es-CO","potentialAction":[{"@type":"ReadAction","target":["https:\/\/www.fiscalia.gov.co\/colombia\/noticias\/asegurado-alias-la-moto-negra-o-el-viaje-del-terror-presunto-abusador-sexual-en-serie-que-asechaba-a-sus-victimas-en-atlantico\/"]}]},{"@type":"BreadcrumbList","@id":"https:\/\/www.fiscalia.gov.co\/colombia\/noticias\/asegurado-alias-la-moto-negra-o-el-viaje-del-terror-presunto-abusador-sexual-en-serie-que-asechaba-a-sus-victimas-en-atlantico\/#breadcrumb","itemListElement":[{"@type":"ListItem","position":1,"name":"Home","item":"https:\/\/www.fiscalia.gov.co\/colombia\/"},{"@type":"ListItem","position":2,"name":"Asegurado alias La Moto Negra o El viaje del Terror, presunto abusador sexual en serie que asechaba a sus v\u00edctimas en Atl\u00e1ntico\u00a0\u00a0\u00a0\u00a0\u00a0"}]},{"@type":"WebSite","@id":"https:\/\/www.fiscalia.gov.co\/colombia\/#website","url":"https:\/\/www.fiscalia.gov.co\/colombia\/","name":"Fiscal\u00eda General de la Naci\u00f3n","description":"P\u00e1gina oficial de la Fiscal\u00eda General de la Naci\u00f3n \u2013 Colombia. Garantizamos el acceso efectivo a la justicia, la verdad y la reparaci\u00f3n de las v\u00edctimas de los delitos.","publisher":{"@id":"https:\/\/www.fiscalia.gov.co\/colombia\/#organization"},"potentialAction":[{"@type":"SearchAction","target":{"@type":"EntryPoint","urlTemplate":"https:\/\/www.fiscalia.gov.co\/colombia\/?s={search_term_string}"},"query-input":{"@type":"PropertyValueSpecification","valueRequired":true,"valueName":"search_term_string"}}],"inLanguage":"es-CO"},{"@type":"Organization","@id":"https:\/\/www.fiscalia.gov.co\/colombia\/#organization","name":"Fiscal\u00eda General de la Naci\u00f3n","url":"https:\/\/www.fiscalia.gov.co\/colombia\/","logo":{"@type":"ImageObject","inLanguage":"es-CO","@id":"https:\/\/www.fiscalia.gov.co\/colombia\/#\/schema\/logo\/image\/","url":"https:\/\/www.fiscalia.gov.co\/colombia\/wp-content\/uploads\/LogoHorizontal_1.jpg","contentUrl":"https:\/\/www.fiscalia.gov.co\/colombia\/wp-content\/uploads\/LogoHorizontal_1.jpg","width":300,"height":90,"caption":"Fiscal\u00eda General de la Naci\u00f3n"},"image":{"@id":"https:\/\/www.fiscalia.gov.co\/colombia\/#\/schema\/logo\/image\/"},"sameAs":["https:\/\/www.facebook.com\/FiscaliaCol","https:\/\/x.com\/FiscaliaCol","https:\/\/www.instagram.com\/fiscaliacol","https:\/\/www.linkedin.com\/company\/fiscalia-general-de-la-naci-n\/","https:\/\/youtube.com\/@fiscaliageneraldelanacion-4668?si=6nN79nyQICPU5iTh"]},{"@type":"Person","@id":"https:\/\/www.fiscalia.gov.co\/colombia\/#\/schema\/person\/b19b49f26569f91393176a2b3d13a0e5","name":"Johanna Black Prieto Pe\u00f1a","image":{"@type":"ImageObject","inLanguage":"es-CO","@id":"https:\/\/www.fiscalia.gov.co\/colombia\/#\/schema\/person\/image\/","url":"https:\/\/secure.gravatar.com\/avatar\/7f04518e1774335e76d761d76f04003e?s=96&d=mm&r=g","contentUrl":"https:\/\/secure.gravatar.com\/avatar\/7f04518e1774335e76d761d76f04003e?s=96&d=mm&r=g","caption":"Johanna Black Prieto Pe\u00f1a"},"url":"https:\/\/www.fiscalia.gov.co\/colombia\/author\/jprieto\/"}]}},"_links":{"self":[{"href":"https:\/\/www.fiscalia.gov.co\/colombia\/wp-json\/wp\/v2\/posts\/234785","targetHints":{"allow":["GET"]}}],"collection":[{"href":"https:\/\/www.fiscalia.gov.co\/colombia\/wp-json\/wp\/v2\/posts"}],"about":[{"href":"https:\/\/www.fiscalia.gov.co\/colombia\/wp-json\/wp\/v2\/types\/post"}],"author":[{"embeddable":true,"href":"https:\/\/www.fiscalia.gov.co\/colombia\/wp-json\/wp\/v2\/users\/176"}],"replies":[{"embeddable":true,"href":"https:\/\/www.fiscalia.gov.co\/colombia\/wp-json\/wp\/v2\/comments?post=234785"}],"version-history":[{"count":2,"href":"https:\/\/www.fiscalia.gov.co\/colombia\/wp-json\/wp\/v2\/posts\/234785\/revisions"}],"predecessor-version":[{"id":234787,"href":"https:\/\/www.fiscalia.gov.co\/colombia\/wp-json\/wp\/v2\/posts\/234785\/revisions\/234787"}],"wp:attachment":[{"href":"https:\/\/www.fiscalia.gov.co\/colombia\/wp-json\/wp\/v2\/media?parent=234785"}],"wp:term":[{"taxonomy":"category","embeddable":true,"href":"https:\/\/www.fiscalia.gov.co\/colombia\/wp-json\/wp\/v2\/categories?post=234785"},{"taxonomy":"post_tag","embeddable":true,"href":"https:\/\/www.fiscalia.gov.co\/colombia\/wp-json\/wp\/v2\/tags?post=234785"}],"curies":[{"name":"wp","href":"https:\/\/api.w.org\/{rel}","templated":true}]}}