{"id":234726,"date":"2021-11-12T22:42:31","date_gmt":"2021-11-13T03:42:31","guid":{"rendered":"https:\/\/www.fiscalia.gov.co\/colombia\/?p=234726"},"modified":"2021-11-12T22:48:49","modified_gmt":"2021-11-13T03:48:49","slug":"fiscalia-judicializo-a-tres-personas-senaladas-de-someter-a-vejamenes-sexuales-a-menores-de-edad-internos-en-un-hogar-de-paso","status":"publish","type":"post","link":"https:\/\/www.fiscalia.gov.co\/colombia\/seccionales\/fiscalia-judicializo-a-tres-personas-senaladas-de-someter-a-vejamenes-sexuales-a-menores-de-edad-internos-en-un-hogar-de-paso\/","title":{"rendered":"Fiscal\u00eda judicializ\u00f3 a tres personas se\u00f1aladas de someter a vej\u00e1menes sexuales a menores de edad internos en un hogar de paso"},"content":{"rendered":"<h4><em>Se trata del representante legal, el director y el coordinador de una entidad que ten\u00eda convenio con el Instituto Colombiano de Bienestar Familiar (ICBF), para la atenci\u00f3n de menores v\u00edctimas de abuso sexual en Valledupar.<\/em><\/h4>\n<p>Servidores del\u00a0<strong>Cuerpo T\u00e9cnico de Investigaci\u00f3n (CTI)<\/strong>\u00a0hicieron efectiva la orden de captura de tres personas en la ciudad de Valledupar (Cesar), por ser presuntas responsables de cometer delitos sexuales contra una menor de edad.<\/p>\n<figure id=\"attachment_234727\" aria-describedby=\"caption-attachment-234727\" style=\"width: 970px\" class=\"wp-caption alignnone\"><img loading=\"lazy\" decoding=\"async\" class=\"size-full wp-image-234727\" src=\"https:\/\/www.fiscalia.gov.co\/colombia\/wp-content\/uploads\/directivos-Fundaci\u00f3n-hogar-de-pago-Valledupar.jpeg\" alt=\"\" width=\"970\" height=\"720\" srcset=\"https:\/\/www.fiscalia.gov.co\/colombia\/wp-content\/uploads\/directivos-Fundaci\u00f3n-hogar-de-pago-Valledupar.jpeg 970w, https:\/\/www.fiscalia.gov.co\/colombia\/wp-content\/uploads\/directivos-Fundaci\u00f3n-hogar-de-pago-Valledupar-300x223.jpeg 300w, https:\/\/www.fiscalia.gov.co\/colombia\/wp-content\/uploads\/directivos-Fundaci\u00f3n-hogar-de-pago-Valledupar-768x570.jpeg 768w, https:\/\/www.fiscalia.gov.co\/colombia\/wp-content\/uploads\/directivos-Fundaci\u00f3n-hogar-de-pago-Valledupar-485x360.jpeg 485w, https:\/\/www.fiscalia.gov.co\/colombia\/wp-content\/uploads\/directivos-Fundaci\u00f3n-hogar-de-pago-Valledupar-696x517.jpeg 696w, https:\/\/www.fiscalia.gov.co\/colombia\/wp-content\/uploads\/directivos-Fundaci\u00f3n-hogar-de-pago-Valledupar-566x420.jpeg 566w, https:\/\/www.fiscalia.gov.co\/colombia\/wp-content\/uploads\/directivos-Fundaci\u00f3n-hogar-de-pago-Valledupar-80x60.jpeg 80w, https:\/\/www.fiscalia.gov.co\/colombia\/wp-content\/uploads\/directivos-Fundaci\u00f3n-hogar-de-pago-Valledupar-265x198.jpeg 265w\" sizes=\"auto, (max-width: 970px) 100vw, 970px\" \/><figcaption id=\"caption-attachment-234727\" class=\"wp-caption-text\">Los detenidos, representante legal, director y coordinador, habr\u00edan obligado a una menor a presenciar sus relaciones sexuales y luego la habr\u00edan accedido carnalmente.<\/figcaption><\/figure>\n<p>Los procesados son\u00a0Rosa Virginia Laguna, su esposo Rober Emilio Fern\u00e1ndez Tovar y el hermano de este Len\u00edn Jos\u00e9 Fern\u00e1ndez Tovar,\u00a0quienes fungen como representante legal, director y coordinador, respectivamente, de una fundaci\u00f3n habilitada como hogar de paso que ten\u00eda convenio con el<strong>\u00a0ICBF,<\/strong>\u00a0encargada de brindar protecci\u00f3n y acompa\u00f1amiento psicosocial a ni\u00f1os, ni\u00f1as y adolescentes v\u00edctimas de abuso sexual.<\/p>\n<p>Estas personas\u00a0<strong>habr\u00edan obligado a una menor a presenciar sus relaciones sexuales\u00a0<\/strong>y luego se presume que la accedieron carnalmente.<\/p>\n<p>Seg\u00fan las investigaciones adelantadas por el ente acusador, existen m\u00e1s v\u00edctimas de los vej\u00e1menes, pues el material probatorio y los testimonios recopilados indicar\u00edan que los procesados al parecer sacaban a algunas ni\u00f1as del hogar de paso para inducirlas, mediante\u00a0<strong>videos pornogr\u00e1ficos<\/strong>, a pr\u00e1cticas sexuales y a sostener encuentros \u00edntimos con ellos.<\/p>\n<p>En audiencias concentradas, luego de la legalizaci\u00f3n de las diligencias de allanamiento y el procedimiento de captura por parte del juez, un fiscal local del\u00a0<strong>Centro de Atenci\u00f3n Integral a V\u00edctimas de Abuso Sexual (C<\/strong><strong>aivas<\/strong><strong>) de Valledupar<\/strong>\u00a0les imput\u00f3 cargos\u00a0a\u00a0los\u00a0detenidos, seg\u00fan su grado de participaci\u00f3n, por los\u00a0delitos de acceso carnal violento\u00a0y acto sexual violento agravado en concurso homog\u00e9neo y sucesivo. La medida de aseguramiento ser\u00e1 definida el pr\u00f3ximo martes, 16 de noviembre.<\/p>\n<p>Cabe anotar que el trabajo articulado con el Instituto Colombiano de Bienestar Familiar (Icbf) permiti\u00f3 que, en los operativos desarrollados, fueran evacuados los menores de edad que estaban internos en la fundaci\u00f3n, para el restablecimiento de sus derechos.<\/p>\n<p><strong>La Fiscal\u00eda habla con resultados.\u00a0<\/strong><\/p>\n<p>&nbsp;<\/p>\n<p>EDH\/MG\/LAGP\/DLBM\/MRC<\/p>\n<p style=\"font-weight: 400;\"><strong>Le puede interesar:\u00a0<\/strong>\u00a0<a href=\"https:\/\/www.fiscalia.gov.co\/colombia\/seccionales\/medida-de-aseguramiento-para-hombre-que-habria-abusado-de-tres-menores-en-hogar-de-paso-de-bienestar-familiar\/\" data-saferedirecturl=\"https:\/\/www.google.com\/url?q=https:\/\/www.fiscalia.gov.co\/colombia\/seccionales\/medida-de-aseguramiento-para-hombre-que-habria-abusado-de-tres-menores-en-hogar-de-paso-de-bienestar-familiar\/&amp;source=gmail&amp;ust=1636857549839000&amp;usg=AOvVaw1IlyDw9cXSXSLiOJHnYpKw\">Medida de aseguramiento para hombre que habr\u00eda abusado de tres menores en hogar de paso de Bienestar Familiar<\/a><\/p>\n<p style=\"font-weight: 400;\"><em>La informaci\u00f3n contenida en este bolet\u00edn de prensa corresponde a la narraci\u00f3n de los hechos noticiosos objetivos, suministrados por los funcionarios encargados de adelantar las investigaciones penales al interior de la Fiscal\u00eda General de la Naci\u00f3n. Para el momento de la divulgaci\u00f3n de este comunicado, la situaci\u00f3n jur\u00eddica de la(s) persona(s) relacionada(s) se encuentra pendiente de resolver por la autoridad\u00a0<\/em>judicial competente, siempre bajo los preceptos de la presunci\u00f3n de inocencia,<em>\u00a0consagrados en el art\u00edculo 29 de la Constituci\u00f3n Pol\u00edtica y el art\u00edculo 7\u00ba de la Ley 906 de 2004.<\/em><\/p>\n\n<div class=\"twitter-share\"><a href=\"https:\/\/twitter.com\/intent\/tweet?via=fiscaliacol\" class=\"twitter-share-button\">Tweet<\/a><\/div>\n","protected":false},"excerpt":{"rendered":"<p>Se trata del representante legal, el director y el coordinador de una entidad que ten\u00eda convenio con el Instituto Colombiano de Bienestar Familiar (ICBF), para la atenci\u00f3n de menores v\u00edctimas [&hellip;]<\/p>\n","protected":false},"author":176,"featured_media":234731,"comment_status":"closed","ping_status":"open","sticky":false,"template":"","format":"video","meta":{"tdm_status":"","tdm_grid_status":"","footnotes":""},"categories":[24096,321,303],"tags":[366,24187,1047,29506,3049,23836,2299],"class_list":["post-234726","post","type-post","status-publish","format-video","has-post-thumbnail","category-fiscal-general-de-la-nacion","category-seccional-bogota","category-seccionales","tag-acceso-carnal","tag-fiscalia-colombia","tag-fiscalia-general-de-la-nacion","tag-hogar-de-paso","tag-icbf","tag-valledupar","tag-violencia-sexual","post_format-post-format-video"],"yoast_head":"<!-- This site is optimized with the Yoast SEO plugin v24.3 - https:\/\/yoast.com\/wordpress\/plugins\/seo\/ -->\n<title>Fiscal\u00eda General de la Naci\u00f3n<\/title>\n<meta name=\"description\" content=\"P\u00e1gina oficial de la Fiscal\u00eda General de la Naci\u00f3n \u2013 Colombia. Garantizamos el acceso efectivo a la justicia, la verdad y la reparaci\u00f3n de las v\u00edctimas de los delitos.\" \/>\n<meta name=\"robots\" content=\"noindex, follow\" \/>\n<meta property=\"og:locale\" content=\"es_ES\" \/>\n<meta property=\"og:type\" content=\"article\" \/>\n<meta property=\"og:title\" content=\"Fiscal\u00eda General de la Naci\u00f3n\" \/>\n<meta property=\"og:description\" content=\"P\u00e1gina oficial de la Fiscal\u00eda General de la Naci\u00f3n \u2013 Colombia. Garantizamos el acceso efectivo a la justicia, la verdad y la reparaci\u00f3n de las v\u00edctimas de los delitos.\" \/>\n<meta property=\"og:url\" content=\"https:\/\/www.fiscalia.gov.co\/colombia\/seccionales\/fiscalia-judicializo-a-tres-personas-senaladas-de-someter-a-vejamenes-sexuales-a-menores-de-edad-internos-en-un-hogar-de-paso\/\" \/>\n<meta property=\"og:site_name\" content=\"Fiscal\u00eda General de la Naci\u00f3n\" \/>\n<meta property=\"article:publisher\" content=\"https:\/\/www.facebook.com\/FiscaliaCol\" \/>\n<meta property=\"article:published_time\" content=\"2021-11-13T03:42:31+00:00\" \/>\n<meta property=\"article:modified_time\" content=\"2021-11-13T03:48:49+00:00\" \/>\n<meta property=\"og:image\" content=\"https:\/\/www.fiscalia.gov.co\/colombia\/wp-content\/uploads\/maxresdefault-169.jpg\" \/>\n\t<meta property=\"og:image:width\" content=\"1280\" \/>\n\t<meta property=\"og:image:height\" content=\"720\" \/>\n\t<meta property=\"og:image:type\" content=\"image\/jpeg\" \/>\n<meta name=\"author\" content=\"Johanna Black Prieto Pe\u00f1a\" \/>\n<meta name=\"twitter:card\" content=\"summary_large_image\" \/>\n<meta name=\"twitter:creator\" content=\"@FiscaliaCol\" \/>\n<meta name=\"twitter:site\" content=\"@FiscaliaCol\" \/>\n<meta name=\"twitter:label1\" content=\"Escrito por\" \/>\n\t<meta name=\"twitter:data1\" content=\"Johanna Black Prieto Pe\u00f1a\" \/>\n\t<meta name=\"twitter:label2\" content=\"Tiempo de lectura\" \/>\n\t<meta name=\"twitter:data2\" content=\"3 minutos\" \/>\n<script type=\"application\/ld+json\" class=\"yoast-schema-graph\">{\"@context\":\"https:\/\/schema.org\",\"@graph\":[{\"@type\":\"Article\",\"@id\":\"https:\/\/www.fiscalia.gov.co\/colombia\/seccionales\/fiscalia-judicializo-a-tres-personas-senaladas-de-someter-a-vejamenes-sexuales-a-menores-de-edad-internos-en-un-hogar-de-paso\/#article\",\"isPartOf\":{\"@id\":\"https:\/\/www.fiscalia.gov.co\/colombia\/seccionales\/fiscalia-judicializo-a-tres-personas-senaladas-de-someter-a-vejamenes-sexuales-a-menores-de-edad-internos-en-un-hogar-de-paso\/\"},\"author\":{\"name\":\"Johanna Black Prieto Pe\u00f1a\",\"@id\":\"https:\/\/www.fiscalia.gov.co\/colombia\/#\/schema\/person\/b19b49f26569f91393176a2b3d13a0e5\"},\"headline\":\"Fiscal\u00eda judicializ\u00f3 a tres personas se\u00f1aladas de someter a vej\u00e1menes sexuales a menores de edad internos en un hogar de paso\",\"datePublished\":\"2021-11-13T03:42:31+00:00\",\"dateModified\":\"2021-11-13T03:48:49+00:00\",\"mainEntityOfPage\":{\"@id\":\"https:\/\/www.fiscalia.gov.co\/colombia\/seccionales\/fiscalia-judicializo-a-tres-personas-senaladas-de-someter-a-vejamenes-sexuales-a-menores-de-edad-internos-en-un-hogar-de-paso\/\"},\"wordCount\":540,\"publisher\":{\"@id\":\"https:\/\/www.fiscalia.gov.co\/colombia\/#organization\"},\"image\":{\"@id\":\"https:\/\/www.fiscalia.gov.co\/colombia\/seccionales\/fiscalia-judicializo-a-tres-personas-senaladas-de-someter-a-vejamenes-sexuales-a-menores-de-edad-internos-en-un-hogar-de-paso\/#primaryimage\"},\"thumbnailUrl\":\"https:\/\/www.fiscalia.gov.co\/colombia\/wp-content\/uploads\/maxresdefault-169.jpg\",\"keywords\":[\"Acceso carnal\",\"Fiscal\u00eda Colombia\",\"Fiscal\u00eda General de la Naci\u00f3n\",\"hogar de paso\",\"ICBF\",\"Valledupar\",\"Violencia sexual\"],\"articleSection\":[\"Fiscal General de la Naci\u00f3n\",\"Seccional Bogot\u00e1\",\"Seccionales\"],\"inLanguage\":\"es-CO\"},{\"@type\":\"WebPage\",\"@id\":\"https:\/\/www.fiscalia.gov.co\/colombia\/seccionales\/fiscalia-judicializo-a-tres-personas-senaladas-de-someter-a-vejamenes-sexuales-a-menores-de-edad-internos-en-un-hogar-de-paso\/\",\"url\":\"https:\/\/www.fiscalia.gov.co\/colombia\/seccionales\/fiscalia-judicializo-a-tres-personas-senaladas-de-someter-a-vejamenes-sexuales-a-menores-de-edad-internos-en-un-hogar-de-paso\/\",\"name\":\"Fiscal\u00eda General de la Naci\u00f3n\",\"isPartOf\":{\"@id\":\"https:\/\/www.fiscalia.gov.co\/colombia\/#website\"},\"primaryImageOfPage\":{\"@id\":\"https:\/\/www.fiscalia.gov.co\/colombia\/seccionales\/fiscalia-judicializo-a-tres-personas-senaladas-de-someter-a-vejamenes-sexuales-a-menores-de-edad-internos-en-un-hogar-de-paso\/#primaryimage\"},\"image\":{\"@id\":\"https:\/\/www.fiscalia.gov.co\/colombia\/seccionales\/fiscalia-judicializo-a-tres-personas-senaladas-de-someter-a-vejamenes-sexuales-a-menores-de-edad-internos-en-un-hogar-de-paso\/#primaryimage\"},\"thumbnailUrl\":\"https:\/\/www.fiscalia.gov.co\/colombia\/wp-content\/uploads\/maxresdefault-169.jpg\",\"datePublished\":\"2021-11-13T03:42:31+00:00\",\"dateModified\":\"2021-11-13T03:48:49+00:00\",\"description\":\"P\u00e1gina oficial de la Fiscal\u00eda General de la Naci\u00f3n \u2013 Colombia. Garantizamos el acceso efectivo a la justicia, la verdad y la reparaci\u00f3n de las v\u00edctimas de los delitos.\",\"breadcrumb\":{\"@id\":\"https:\/\/www.fiscalia.gov.co\/colombia\/seccionales\/fiscalia-judicializo-a-tres-personas-senaladas-de-someter-a-vejamenes-sexuales-a-menores-de-edad-internos-en-un-hogar-de-paso\/#breadcrumb\"},\"inLanguage\":\"es-CO\",\"potentialAction\":[{\"@type\":\"ReadAction\",\"target\":[\"https:\/\/www.fiscalia.gov.co\/colombia\/seccionales\/fiscalia-judicializo-a-tres-personas-senaladas-de-someter-a-vejamenes-sexuales-a-menores-de-edad-internos-en-un-hogar-de-paso\/\"]}]},{\"@type\":\"ImageObject\",\"inLanguage\":\"es-CO\",\"@id\":\"https:\/\/www.fiscalia.gov.co\/colombia\/seccionales\/fiscalia-judicializo-a-tres-personas-senaladas-de-someter-a-vejamenes-sexuales-a-menores-de-edad-internos-en-un-hogar-de-paso\/#primaryimage\",\"url\":\"https:\/\/www.fiscalia.gov.co\/colombia\/wp-content\/uploads\/maxresdefault-169.jpg\",\"contentUrl\":\"https:\/\/www.fiscalia.gov.co\/colombia\/wp-content\/uploads\/maxresdefault-169.jpg\",\"width\":1280,\"height\":720},{\"@type\":\"BreadcrumbList\",\"@id\":\"https:\/\/www.fiscalia.gov.co\/colombia\/seccionales\/fiscalia-judicializo-a-tres-personas-senaladas-de-someter-a-vejamenes-sexuales-a-menores-de-edad-internos-en-un-hogar-de-paso\/#breadcrumb\",\"itemListElement\":[{\"@type\":\"ListItem\",\"position\":1,\"name\":\"Home\",\"item\":\"https:\/\/www.fiscalia.gov.co\/colombia\/\"},{\"@type\":\"ListItem\",\"position\":2,\"name\":\"Fiscal\u00eda judicializ\u00f3 a tres personas se\u00f1aladas de someter a vej\u00e1menes sexuales a menores de edad internos en un hogar de paso\"}]},{\"@type\":\"WebSite\",\"@id\":\"https:\/\/www.fiscalia.gov.co\/colombia\/#website\",\"url\":\"https:\/\/www.fiscalia.gov.co\/colombia\/\",\"name\":\"Fiscal\u00eda General de la Naci\u00f3n\",\"description\":\"P\u00e1gina oficial de la Fiscal\u00eda General de la Naci\u00f3n \u2013 Colombia. Garantizamos el acceso efectivo a la justicia, la verdad y la reparaci\u00f3n de las v\u00edctimas de los delitos.\",\"publisher\":{\"@id\":\"https:\/\/www.fiscalia.gov.co\/colombia\/#organization\"},\"potentialAction\":[{\"@type\":\"SearchAction\",\"target\":{\"@type\":\"EntryPoint\",\"urlTemplate\":\"https:\/\/www.fiscalia.gov.co\/colombia\/?s={search_term_string}\"},\"query-input\":{\"@type\":\"PropertyValueSpecification\",\"valueRequired\":true,\"valueName\":\"search_term_string\"}}],\"inLanguage\":\"es-CO\"},{\"@type\":\"Organization\",\"@id\":\"https:\/\/www.fiscalia.gov.co\/colombia\/#organization\",\"name\":\"Fiscal\u00eda General de la Naci\u00f3n\",\"url\":\"https:\/\/www.fiscalia.gov.co\/colombia\/\",\"logo\":{\"@type\":\"ImageObject\",\"inLanguage\":\"es-CO\",\"@id\":\"https:\/\/www.fiscalia.gov.co\/colombia\/#\/schema\/logo\/image\/\",\"url\":\"https:\/\/www.fiscalia.gov.co\/colombia\/wp-content\/uploads\/LogoHorizontal_1.jpg\",\"contentUrl\":\"https:\/\/www.fiscalia.gov.co\/colombia\/wp-content\/uploads\/LogoHorizontal_1.jpg\",\"width\":300,\"height\":90,\"caption\":\"Fiscal\u00eda General de la Naci\u00f3n\"},\"image\":{\"@id\":\"https:\/\/www.fiscalia.gov.co\/colombia\/#\/schema\/logo\/image\/\"},\"sameAs\":[\"https:\/\/www.facebook.com\/FiscaliaCol\",\"https:\/\/x.com\/FiscaliaCol\",\"https:\/\/www.instagram.com\/fiscaliacol\",\"https:\/\/www.linkedin.com\/company\/fiscalia-general-de-la-naci-n\/\",\"https:\/\/youtube.com\/@fiscaliageneraldelanacion-4668?si=6nN79nyQICPU5iTh\"]},{\"@type\":\"Person\",\"@id\":\"https:\/\/www.fiscalia.gov.co\/colombia\/#\/schema\/person\/b19b49f26569f91393176a2b3d13a0e5\",\"name\":\"Johanna Black Prieto Pe\u00f1a\",\"image\":{\"@type\":\"ImageObject\",\"inLanguage\":\"es-CO\",\"@id\":\"https:\/\/www.fiscalia.gov.co\/colombia\/#\/schema\/person\/image\/\",\"url\":\"https:\/\/secure.gravatar.com\/avatar\/7f04518e1774335e76d761d76f04003e?s=96&d=mm&r=g\",\"contentUrl\":\"https:\/\/secure.gravatar.com\/avatar\/7f04518e1774335e76d761d76f04003e?s=96&d=mm&r=g\",\"caption\":\"Johanna Black Prieto Pe\u00f1a\"},\"url\":\"https:\/\/www.fiscalia.gov.co\/colombia\/author\/jprieto\/\"}]}<\/script>\n<!-- \/ Yoast SEO plugin. -->","yoast_head_json":{"title":"Fiscal\u00eda General de la Naci\u00f3n","description":"P\u00e1gina oficial de la Fiscal\u00eda General de la Naci\u00f3n \u2013 Colombia. Garantizamos el acceso efectivo a la justicia, la verdad y la reparaci\u00f3n de las v\u00edctimas de los delitos.","robots":{"index":"noindex","follow":"follow"},"og_locale":"es_ES","og_type":"article","og_title":"Fiscal\u00eda General de la Naci\u00f3n","og_description":"P\u00e1gina oficial de la Fiscal\u00eda General de la Naci\u00f3n \u2013 Colombia. Garantizamos el acceso efectivo a la justicia, la verdad y la reparaci\u00f3n de las v\u00edctimas de los delitos.","og_url":"https:\/\/www.fiscalia.gov.co\/colombia\/seccionales\/fiscalia-judicializo-a-tres-personas-senaladas-de-someter-a-vejamenes-sexuales-a-menores-de-edad-internos-en-un-hogar-de-paso\/","og_site_name":"Fiscal\u00eda General de la Naci\u00f3n","article_publisher":"https:\/\/www.facebook.com\/FiscaliaCol","article_published_time":"2021-11-13T03:42:31+00:00","article_modified_time":"2021-11-13T03:48:49+00:00","og_image":[{"width":1280,"height":720,"url":"https:\/\/www.fiscalia.gov.co\/colombia\/wp-content\/uploads\/maxresdefault-169.jpg","type":"image\/jpeg"}],"author":"Johanna Black Prieto Pe\u00f1a","twitter_card":"summary_large_image","twitter_creator":"@FiscaliaCol","twitter_site":"@FiscaliaCol","twitter_misc":{"Escrito por":"Johanna Black Prieto Pe\u00f1a","Tiempo de lectura":"3 minutos"},"schema":{"@context":"https:\/\/schema.org","@graph":[{"@type":"Article","@id":"https:\/\/www.fiscalia.gov.co\/colombia\/seccionales\/fiscalia-judicializo-a-tres-personas-senaladas-de-someter-a-vejamenes-sexuales-a-menores-de-edad-internos-en-un-hogar-de-paso\/#article","isPartOf":{"@id":"https:\/\/www.fiscalia.gov.co\/colombia\/seccionales\/fiscalia-judicializo-a-tres-personas-senaladas-de-someter-a-vejamenes-sexuales-a-menores-de-edad-internos-en-un-hogar-de-paso\/"},"author":{"name":"Johanna Black Prieto Pe\u00f1a","@id":"https:\/\/www.fiscalia.gov.co\/colombia\/#\/schema\/person\/b19b49f26569f91393176a2b3d13a0e5"},"headline":"Fiscal\u00eda judicializ\u00f3 a tres personas se\u00f1aladas de someter a vej\u00e1menes sexuales a menores de edad internos en un hogar de paso","datePublished":"2021-11-13T03:42:31+00:00","dateModified":"2021-11-13T03:48:49+00:00","mainEntityOfPage":{"@id":"https:\/\/www.fiscalia.gov.co\/colombia\/seccionales\/fiscalia-judicializo-a-tres-personas-senaladas-de-someter-a-vejamenes-sexuales-a-menores-de-edad-internos-en-un-hogar-de-paso\/"},"wordCount":540,"publisher":{"@id":"https:\/\/www.fiscalia.gov.co\/colombia\/#organization"},"image":{"@id":"https:\/\/www.fiscalia.gov.co\/colombia\/seccionales\/fiscalia-judicializo-a-tres-personas-senaladas-de-someter-a-vejamenes-sexuales-a-menores-de-edad-internos-en-un-hogar-de-paso\/#primaryimage"},"thumbnailUrl":"https:\/\/www.fiscalia.gov.co\/colombia\/wp-content\/uploads\/maxresdefault-169.jpg","keywords":["Acceso carnal","Fiscal\u00eda Colombia","Fiscal\u00eda General de la Naci\u00f3n","hogar de paso","ICBF","Valledupar","Violencia sexual"],"articleSection":["Fiscal General de la Naci\u00f3n","Seccional Bogot\u00e1","Seccionales"],"inLanguage":"es-CO"},{"@type":"WebPage","@id":"https:\/\/www.fiscalia.gov.co\/colombia\/seccionales\/fiscalia-judicializo-a-tres-personas-senaladas-de-someter-a-vejamenes-sexuales-a-menores-de-edad-internos-en-un-hogar-de-paso\/","url":"https:\/\/www.fiscalia.gov.co\/colombia\/seccionales\/fiscalia-judicializo-a-tres-personas-senaladas-de-someter-a-vejamenes-sexuales-a-menores-de-edad-internos-en-un-hogar-de-paso\/","name":"Fiscal\u00eda General de la Naci\u00f3n","isPartOf":{"@id":"https:\/\/www.fiscalia.gov.co\/colombia\/#website"},"primaryImageOfPage":{"@id":"https:\/\/www.fiscalia.gov.co\/colombia\/seccionales\/fiscalia-judicializo-a-tres-personas-senaladas-de-someter-a-vejamenes-sexuales-a-menores-de-edad-internos-en-un-hogar-de-paso\/#primaryimage"},"image":{"@id":"https:\/\/www.fiscalia.gov.co\/colombia\/seccionales\/fiscalia-judicializo-a-tres-personas-senaladas-de-someter-a-vejamenes-sexuales-a-menores-de-edad-internos-en-un-hogar-de-paso\/#primaryimage"},"thumbnailUrl":"https:\/\/www.fiscalia.gov.co\/colombia\/wp-content\/uploads\/maxresdefault-169.jpg","datePublished":"2021-11-13T03:42:31+00:00","dateModified":"2021-11-13T03:48:49+00:00","description":"P\u00e1gina oficial de la Fiscal\u00eda General de la Naci\u00f3n \u2013 Colombia. Garantizamos el acceso efectivo a la justicia, la verdad y la reparaci\u00f3n de las v\u00edctimas de los delitos.","breadcrumb":{"@id":"https:\/\/www.fiscalia.gov.co\/colombia\/seccionales\/fiscalia-judicializo-a-tres-personas-senaladas-de-someter-a-vejamenes-sexuales-a-menores-de-edad-internos-en-un-hogar-de-paso\/#breadcrumb"},"inLanguage":"es-CO","potentialAction":[{"@type":"ReadAction","target":["https:\/\/www.fiscalia.gov.co\/colombia\/seccionales\/fiscalia-judicializo-a-tres-personas-senaladas-de-someter-a-vejamenes-sexuales-a-menores-de-edad-internos-en-un-hogar-de-paso\/"]}]},{"@type":"ImageObject","inLanguage":"es-CO","@id":"https:\/\/www.fiscalia.gov.co\/colombia\/seccionales\/fiscalia-judicializo-a-tres-personas-senaladas-de-someter-a-vejamenes-sexuales-a-menores-de-edad-internos-en-un-hogar-de-paso\/#primaryimage","url":"https:\/\/www.fiscalia.gov.co\/colombia\/wp-content\/uploads\/maxresdefault-169.jpg","contentUrl":"https:\/\/www.fiscalia.gov.co\/colombia\/wp-content\/uploads\/maxresdefault-169.jpg","width":1280,"height":720},{"@type":"BreadcrumbList","@id":"https:\/\/www.fiscalia.gov.co\/colombia\/seccionales\/fiscalia-judicializo-a-tres-personas-senaladas-de-someter-a-vejamenes-sexuales-a-menores-de-edad-internos-en-un-hogar-de-paso\/#breadcrumb","itemListElement":[{"@type":"ListItem","position":1,"name":"Home","item":"https:\/\/www.fiscalia.gov.co\/colombia\/"},{"@type":"ListItem","position":2,"name":"Fiscal\u00eda judicializ\u00f3 a tres personas se\u00f1aladas de someter a vej\u00e1menes sexuales a menores de edad internos en un hogar de paso"}]},{"@type":"WebSite","@id":"https:\/\/www.fiscalia.gov.co\/colombia\/#website","url":"https:\/\/www.fiscalia.gov.co\/colombia\/","name":"Fiscal\u00eda General de la Naci\u00f3n","description":"P\u00e1gina oficial de la Fiscal\u00eda General de la Naci\u00f3n \u2013 Colombia. Garantizamos el acceso efectivo a la justicia, la verdad y la reparaci\u00f3n de las v\u00edctimas de los delitos.","publisher":{"@id":"https:\/\/www.fiscalia.gov.co\/colombia\/#organization"},"potentialAction":[{"@type":"SearchAction","target":{"@type":"EntryPoint","urlTemplate":"https:\/\/www.fiscalia.gov.co\/colombia\/?s={search_term_string}"},"query-input":{"@type":"PropertyValueSpecification","valueRequired":true,"valueName":"search_term_string"}}],"inLanguage":"es-CO"},{"@type":"Organization","@id":"https:\/\/www.fiscalia.gov.co\/colombia\/#organization","name":"Fiscal\u00eda General de la Naci\u00f3n","url":"https:\/\/www.fiscalia.gov.co\/colombia\/","logo":{"@type":"ImageObject","inLanguage":"es-CO","@id":"https:\/\/www.fiscalia.gov.co\/colombia\/#\/schema\/logo\/image\/","url":"https:\/\/www.fiscalia.gov.co\/colombia\/wp-content\/uploads\/LogoHorizontal_1.jpg","contentUrl":"https:\/\/www.fiscalia.gov.co\/colombia\/wp-content\/uploads\/LogoHorizontal_1.jpg","width":300,"height":90,"caption":"Fiscal\u00eda General de la Naci\u00f3n"},"image":{"@id":"https:\/\/www.fiscalia.gov.co\/colombia\/#\/schema\/logo\/image\/"},"sameAs":["https:\/\/www.facebook.com\/FiscaliaCol","https:\/\/x.com\/FiscaliaCol","https:\/\/www.instagram.com\/fiscaliacol","https:\/\/www.linkedin.com\/company\/fiscalia-general-de-la-naci-n\/","https:\/\/youtube.com\/@fiscaliageneraldelanacion-4668?si=6nN79nyQICPU5iTh"]},{"@type":"Person","@id":"https:\/\/www.fiscalia.gov.co\/colombia\/#\/schema\/person\/b19b49f26569f91393176a2b3d13a0e5","name":"Johanna Black Prieto Pe\u00f1a","image":{"@type":"ImageObject","inLanguage":"es-CO","@id":"https:\/\/www.fiscalia.gov.co\/colombia\/#\/schema\/person\/image\/","url":"https:\/\/secure.gravatar.com\/avatar\/7f04518e1774335e76d761d76f04003e?s=96&d=mm&r=g","contentUrl":"https:\/\/secure.gravatar.com\/avatar\/7f04518e1774335e76d761d76f04003e?s=96&d=mm&r=g","caption":"Johanna Black Prieto Pe\u00f1a"},"url":"https:\/\/www.fiscalia.gov.co\/colombia\/author\/jprieto\/"}]}},"_links":{"self":[{"href":"https:\/\/www.fiscalia.gov.co\/colombia\/wp-json\/wp\/v2\/posts\/234726","targetHints":{"allow":["GET"]}}],"collection":[{"href":"https:\/\/www.fiscalia.gov.co\/colombia\/wp-json\/wp\/v2\/posts"}],"about":[{"href":"https:\/\/www.fiscalia.gov.co\/colombia\/wp-json\/wp\/v2\/types\/post"}],"author":[{"embeddable":true,"href":"https:\/\/www.fiscalia.gov.co\/colombia\/wp-json\/wp\/v2\/users\/176"}],"replies":[{"embeddable":true,"href":"https:\/\/www.fiscalia.gov.co\/colombia\/wp-json\/wp\/v2\/comments?post=234726"}],"version-history":[{"count":1,"href":"https:\/\/www.fiscalia.gov.co\/colombia\/wp-json\/wp\/v2\/posts\/234726\/revisions"}],"predecessor-version":[{"id":234728,"href":"https:\/\/www.fiscalia.gov.co\/colombia\/wp-json\/wp\/v2\/posts\/234726\/revisions\/234728"}],"wp:featuredmedia":[{"embeddable":true,"href":"https:\/\/www.fiscalia.gov.co\/colombia\/wp-json\/wp\/v2\/media\/234731"}],"wp:attachment":[{"href":"https:\/\/www.fiscalia.gov.co\/colombia\/wp-json\/wp\/v2\/media?parent=234726"}],"wp:term":[{"taxonomy":"category","embeddable":true,"href":"https:\/\/www.fiscalia.gov.co\/colombia\/wp-json\/wp\/v2\/categories?post=234726"},{"taxonomy":"post_tag","embeddable":true,"href":"https:\/\/www.fiscalia.gov.co\/colombia\/wp-json\/wp\/v2\/tags?post=234726"}],"curies":[{"name":"wp","href":"https:\/\/api.w.org\/{rel}","templated":true}]}}